{"id":17258,"date":"2014-11-10T08:00:42","date_gmt":"2014-11-10T04:00:42","guid":{"rendered":"http:\/\/www.zerdab.com\/?p=17258"},"modified":"2014-11-09T23:10:03","modified_gmt":"2014-11-09T19:10:03","slug":"prezidentin-z%c9%99rdaba-qaygisi-fransa-t%c9%99crub%c9%99si-v%c9%99-gorul%c9%99c%c9%99k-isl%c9%99r","status":"publish","type":"post","link":"https:\/\/www.zerdab.com\/?p=17258","title":{"rendered":"Prezidentin Z\u0259rdaba qay\u011f\u0131s\u0131, Fransa t\u0259cr\u00fcb\u0259si v\u0259 g\u00f6r\u00fcl\u0259c\u0259k i\u015fl\u0259r"},"content":{"rendered":"<p><a href=\"http:\/\/www.zerdab.com\/wp-content\/uploads\/2014\/11\/Z\u0259rdab-rayonu31.jpg\"><img loading=\"lazy\" decoding=\"async\" class=\"aligncenter size-large wp-image-17263\" alt=\"Z\u0259rdab rayonu\" src=\"http:\/\/www.zerdab.com\/wp-content\/uploads\/2014\/11\/Z\u0259rdab-rayonu31-550x383.jpg\" width=\"550\" height=\"383\" \/><\/a>X\u0259b\u0259r verdiyimiz kimi, Az\u0259rbaycan Prezidenti \u0130lham \u018fliyevin g\u00f6st\u0259ri\u015fi il\u0259 bir m\u00fcdd\u0259tdir 14 rayonun icra hakimiyy\u0259tl\u0259rinin ba\u015f\u00e7\u0131lar\u0131 Fransada s\u0259f\u0259rd\u0259dir. Z\u0259rdab Rayon \u0130cra Hakimiyy\u0259tinin ba\u015f\u00e7\u0131s\u0131 L\u00fctv\u0259li Babayevin d\u0259 Fransada oldu\u011fu bar\u0259d\u0259 Zerdab.com sayt\u0131nda m\u0259lumat vermi\u015fdik. Bildirmi\u015fdik ki, L\u00fctv\u0259li Babayev d\u0259 Fransan\u0131n m\u00fcxt\u0259lif \u015f\u0259h\u0259rl\u0259rind\u0259 olub yerli t\u0259cr\u00fcb\u0259ni \u00f6yr\u0259n\u0259c\u0259k. M\u0259qs\u0259d Avropa \u015f\u0259h\u0259rl\u0259rinin inzibati idar\u0259etm\u0259sini, \u015f\u0259h\u0259r infrastrukturunu, m\u00fcasir \u015f\u0259h\u0259rsalma m\u0259d\u0259niyy\u0259tini \u00f6yr\u0259nm\u0259kdir.<\/p>\n<p><strong>\u00a0&#8220;M\u0259n\u0259 el\u0259 g\u0259lir ki, bu s\u0259f\u0259rin faydas\u0131 \u00e7ox olacaq&#8221;<\/strong><\/p>\n<p>H\u0259l\u0259 bir m\u00fcdd\u0259t \u00f6nc\u0259 icra hakimiyy\u0259tl\u0259ri ba\u015f\u00e7\u0131lar\u0131n\u0131n s\u0259f\u0259rin\u0259 m\u00fcnasib\u0259t bildir\u0259n iqtisad\u00e7\u0131 alim \u018fli \u018flirzayev demi\u015fdi ki, t\u0259cr\u00fcb\u0259 m\u00fcbadil\u0259si bax\u0131m\u0131ndan bu kimi s\u0259f\u0259rl\u0259rin m\u00fcsb\u0259t \u0259h\u0259miyy\u0259ti var. Onun s\u00f6zl\u0259rin\u0259 g\u00f6r\u0259, icra ba\u015f\u00e7\u0131lar\u0131 xarici \u00f6lk\u0259l\u0259rd\u0259 inki\u015faf\u0131 g\u00f6r\u00fcr v\u0259 buna hans\u0131 metodlardan istifad\u0259 etm\u0259kl\u0259 nail olduqlar\u0131n\u0131 \u00f6yr\u0259nir: t\u0259s\u0259rr\u00fcfat\u00e7\u0131l\u0131q, \u015f\u0259h\u0259r\u0259 olan m\u00fcnasib\u0259t nec\u0259dir, daxild\u0259n olan idar\u0259etm\u0259 nec\u0259 t\u0259\u015fkil olunub v\u0259 s. Bu kimi i\u015fg\u00fczar s\u0259f\u0259rl\u0259r \u0259m\u0259kda\u015fl\u0131\u011f\u0131 geni\u015fl\u0259ndirir. Bu da, \u00f6z n\u00f6vb\u0259sind\u0259, n\u0259yis\u0259 \u00f6yr\u0259nm\u0259y\u0259 \u015f\u0259rait yarad\u0131r: &#8220;D\u00fcnya g\u00f6r-g\u00f6t\u00fcr d\u00fcnyas\u0131d\u0131r. Ona g\u00f6r\u0259 d\u0259 \u00e7al\u0131\u015fmaq laz\u0131md\u0131r ki, bu c\u00fcr s\u0259f\u0259rl\u0259r s\u0259m\u0259r\u0259li n\u0259tic\u0259 versin. M\u0259n\u0259 el\u0259 g\u0259lir ki, bunun faydas\u0131 olacaq&#8221;.<\/p>\n<p><a href=\"http:\/\/www.zerdab.com\/wp-content\/uploads\/2014\/11\/Foto-.jpg\"><img loading=\"lazy\" decoding=\"async\" class=\"size-large wp-image-17259\" alt=\"Foto\" src=\"http:\/\/www.zerdab.com\/wp-content\/uploads\/2014\/11\/Foto--550x360.jpg\" width=\"550\" height=\"360\" \/><\/a><\/p>\n<dl class=\"wp-caption aligncenter\" id=\"attachment_17259\" style=\"width: 560px;\">\n<dd class=\"wp-caption-dd\"><span style=\"color: #0000ff;\"><strong>\u015e\u0259h\u0259r v\u0259 rayon icra hakimiyy\u0259ti ba\u015f\u00e7\u0131lar\u0131ndan ibar\u0259t n\u00fcmay\u0259nd\u0259 hey\u0259ti Fransaya i\u015fg\u00fczar s\u0259f\u0259r \u00e7\u0259r\u00e7iv\u0259sind\u0259 Fransan\u0131n Merl\u0259r Assosiasiyas\u0131n\u0131n s\u0259dri Jak Pelisarla g\u00f6r\u00fc\u015f\u00fcb<\/strong><\/span><\/dd>\n<\/dl>\n<p><strong>&#8220;G\u0259l\u0259c\u0259kd\u0259 \u015f\u0259h\u0259rsalma m\u0259s\u0259l\u0259sind\u0259 birg\u0259 \u0259m\u0259kda\u015fl\u0131q davam etdiril\u0259c\u0259k&#8221;<\/strong><\/p>\n<p>Bu g\u00fcnl\u0259rd\u0259 is\u0259 rayon icra hakimiyy\u0259tl\u0259rinin ba\u015f\u00e7\u0131lar\u0131 il\u0259 g\u00f6r\u00fc\u015fd\u0259 Fransan\u0131n Merl\u0259r Assosiasiyas\u0131n\u0131n s\u0259dri Jak Pelisar r\u0259hb\u0259rlik etdiyi qurumun m\u00fcst\u0259qil f\u0259aliyy\u0259t g\u00f6st\u0259rdiyini, \u00f6lk\u0259nin b\u00fct\u00fcn icmalar\u0131n\u0131 \u00f6z\u00fcnd\u0259 birl\u0259\u015fdirdiyini, t\u0259\u015fkilat\u0131n f\u0259aliyy\u0259tinin t\u0259hsil, ekologiya, maliyy\u0259 kimi sah\u0259l\u0259ri \u0259hat\u0259 etdiyini diqq\u0259t\u0259 \u00e7atd\u0131r\u0131b. Assosiasiyada \u00e7al\u0131\u015fan 70 n\u0259f\u0259rin \u015f\u0259h\u0259rl\u0259rin idar\u0259 edilm\u0259si sah\u0259sind\u0259 b\u00f6y\u00fck t\u0259cr\u00fcb\u0259y\u0259 malik olduqlar\u0131n\u0131, onlar\u0131n \u015f\u0259h\u0259rsalma il\u0259 ba\u011fl\u0131 qanunvericiliyin elmi m\u00fcdd\u0259alar\u0131n\u0131 yax\u015f\u0131 m\u0259nims\u0259dikl\u0259rini vur\u011fulayan J. Pelisar ilk d\u0259f\u0259 Az\u0259rbaycan\u0131n bir s\u0131ra \u015f\u0259h\u0259r v\u0259 rayonlar\u0131n\u0131n icra ba\u015f\u00e7\u0131lar\u0131 il\u0259 g\u00f6r\u00fc\u015fd\u00fcy\u00fcn\u00fc, g\u0259l\u0259c\u0259kd\u0259 \u015f\u0259h\u0259rsalma m\u0259s\u0259l\u0259sind\u0259 birg\u0259 \u0259m\u0259kda\u015fl\u0131\u011f\u0131n davam etdiril\u0259c\u0259yin\u0259 v\u0259 \u0259ld\u0259 olunan t\u0259cr\u00fcb\u0259l\u0259rin b\u00f6l\u00fc\u015fd\u00fcr\u00fcl\u0259c\u0259yin\u0259 \u00fcmidvar oldu\u011funu bildirib.<\/p>\n<p>Az\u0259rbaycan n\u00fcmay\u0259nd\u0259 hey\u0259tinin Milli Assambleyada Alenson \u015f\u0259h\u0259rinin meri, Orn vilay\u0259tinin deputat\u0131 Yoakim P\u00f6yo il\u0259 g\u00f6r\u00fc\u015f\u00fcnd\u0259 mer Alenson \u015f\u0259h\u0259ri bar\u0259d\u0259 m\u0259lumat verib. Alenson \u015f\u0259h\u0259rind\u0259 Orn departamentinin Ali \u015euras\u0131n\u0131n s\u0259dri v\u0259 Vimutye \u015f\u0259h\u0259rinin meri Qi Romanla g\u00f6r\u00fc\u015fd\u0259 is\u0259 iqtisadi sah\u0259d\u0259 \u0259m\u0259kda\u015fl\u0131\u011f\u0131n inki\u015faf etdirilm\u0259sinin v\u0259 \u015f\u0259h\u0259r quruculu\u011fu il\u0259 ba\u011fl\u0131 t\u0259cr\u00fcb\u0259 m\u00fcbadil\u0259si apar\u0131lmas\u0131n\u0131n vacibliyi vur\u011fulan\u0131b.<a href=\"http:\/\/www.zerdab.com\/wp-content\/uploads\/2014\/11\/Z\u0259rdab-rayonu4.jpg\"><img loading=\"lazy\" decoding=\"async\" class=\"aligncenter size-large wp-image-17260\" alt=\"Z\u0259rdab rayonu\" src=\"http:\/\/www.zerdab.com\/wp-content\/uploads\/2014\/11\/Z\u0259rdab-rayonu4-550x429.jpg\" width=\"550\" height=\"429\" \/><\/a><strong>Prezident Administrasiyas\u0131n\u0131n ba\u015f m\u0259sl\u0259h\u0259t\u00e7isi: &#8220;Regionlar\u0131m\u0131z inki\u015faf edir&#8221;<\/strong><\/p>\n<p>Az\u0259rbaycan Respublikas\u0131 Prezidenti Administrasiyas\u0131n\u0131n regional idar\u0259etm\u0259 v\u0259 yerli \u00f6z\u00fcn\u00fcidar\u0259etm\u0259 orqanlar\u0131 il\u0259 i\u015f \u015f\u00f6b\u0259sinin ba\u015f m\u0259sl\u0259h\u0259t\u00e7isi V\u0259fadar Ba\u011f\u0131rov ke\u00e7iril\u0259n g\u00f6r\u00fc\u015fl\u0259rd\u0259 Az\u0259rbaycan\u0131n \u0259ld\u0259 etdiyi nailiyy\u0259tl\u0259rd\u0259n dan\u0131\u015f\u0131b, son ill\u0259r iqtisadi c\u0259h\u0259td\u0259n s\u00fcr\u0259tl\u0259 inki\u015faf ed\u0259n \u00f6lk\u0259l\u0259rd\u0259n biri oldu\u011funu s\u00f6yl\u0259yib. O, Az\u0259rbaycan\u0131n m\u00fcst\u0259qilliyini tan\u0131yan ilk \u00f6lk\u0259l\u0259rd\u0259n biri olan Fransa il\u0259 iqtisadi v\u0259 m\u0259d\u0259ni sah\u0259l\u0259rd\u0259 y\u00fcks\u0259k s\u0259viyy\u0259d\u0259 \u0259laq\u0259l\u0259rin m\u00f6vcudlu\u011funu qeyd edib. Paytaxt Bak\u0131 \u015f\u0259h\u0259ri il\u0259 yana\u015f\u0131, regionlar\u0131n da inki\u015faf etdiyini bildir\u0259n V. Ba\u011f\u0131rov bu inki\u015faf\u0131 daha da s\u00fcr\u0259tl\u0259ndirm\u0259k m\u0259qs\u0259dil\u0259 iri layih\u0259l\u0259rin h\u0259yata ke\u00e7irildiyini s\u00f6yl\u0259yib. O, Az\u0259rbaycan\u0131n b\u0259zi \u015f\u0259h\u0259r v\u0259 rayonlar\u0131 il\u0259 Fransan\u0131n ayr\u0131-ayr\u0131 \u015f\u0259h\u0259r v\u0259 rayonlar\u0131n\u0131n qarda\u015fla\u015fmas\u0131n\u0131n \u00f6lk\u0259l\u0259rimiz aras\u0131nda dostluq \u0259laq\u0259l\u0259rinin inki\u015faf\u0131n\u0131n bariz n\u00fcmun\u0259si oldu\u011funu diqq\u0259t\u0259 \u00e7atd\u0131r\u0131b. S\u0259f\u0259rin \u015f\u0259h\u0259rsalma, n\u0259qliyyat\u0131n, kommunal sah\u0259l\u0259rin v\u0259 \u00fcmumilikd\u0259 \u015f\u0259h\u0259r t\u0259s\u0259rr\u00fcfat\u0131n\u0131n v\u0259 infrastrukturunun inki\u015faf etdirilm\u0259si sah\u0259sind\u0259 Fransan\u0131n t\u0259cr\u00fcb\u0259si il\u0259 yax\u0131ndan tan\u0131\u015fl\u0131q m\u0259qs\u0259di da\u015f\u0131d\u0131\u011f\u0131 diqq\u0259t\u0259 \u00e7atd\u0131r\u0131l\u0131b.<\/p>\n<p><strong><a href=\"http:\/\/www.zerdab.com\/wp-content\/uploads\/2014\/11\/Z\u0259rdab-rayonu21.jpg\"><img loading=\"lazy\" decoding=\"async\" class=\"aligncenter size-large wp-image-17262\" alt=\"Z\u0259rdab rayonu\" src=\"http:\/\/www.zerdab.com\/wp-content\/uploads\/2014\/11\/Z\u0259rdab-rayonu21-550x349.jpg\" width=\"550\" height=\"349\" \/><\/a>Prezident \u0130lham \u018fliyev: &#8220;M\u0259n \u00e7ox \u015fadam ki, Z\u0259rdabda i\u015fl\u0259r yax\u015f\u0131 gedir&#8221;<\/strong><\/p>\n<p>Qeyd ed\u0259k ki, Prezident \u0130lham \u018fliyev 2011-ci ilin may ay\u0131nda Z\u0259rdab rayonuna s\u0259f\u0259r ed\u0259rk\u0259n bir s\u0131ra a\u00e7\u0131l\u0131\u015flar etmi\u015f, g\u00f6r\u00fcl\u0259n i\u015fl\u0259rl\u0259 tan\u0131\u015f olmu\u015f v\u0259 Z\u0259rdab rayonu ictimaiyy\u0259tinin n\u00fcmay\u0259nd\u0259l\u0259ri il\u0259 g\u00f6r\u00fc\u015f\u00fcnd\u0259: &#8220;M\u0259n \u00e7ox \u015fadam ki, burada i\u015fl\u0259r yax\u015f\u0131 gedir&#8221;,-dey\u0259 qeyd etmi\u015fdi. D\u00f6vl\u0259t ba\u015f\u00e7\u0131s\u0131n\u0131n Z\u0259rdab rayonu ictimaiyy\u0259tinin n\u00fcmay\u0259nd\u0259l\u0259ri il\u0259 g\u00f6r\u00fc\u015f\u00fc zaman\u0131 \u00e7\u0131x\u0131\u015f\u0131n\u0131n m\u00fc\u0259yy\u0259n hiss\u0259sini xat\u0131rlatma \u00fc\u00e7\u00fcn oxucular\u0131m\u0131za t\u0259qdim edirik. Bu dialoq h\u0259min g\u00f6r\u00fc\u015f \u0259r\u0259f\u0259sind\u0259 r\u0259smi d\u00f6vl\u0259t q\u0259zetl\u0259rind\u0259 yay\u0131nlanm\u0131\u015fd\u0131:<\/p>\n<p>Z\u0259rdabl\u0131lar d\u00f6vl\u0259timizin ba\u015f\u00e7\u0131s\u0131n\u0131 h\u0259rar\u0259tl\u0259 qar\u015f\u0131lad\u0131lar.<\/p>\n<p>Prezident \u0130lham \u018fL\u0130YEV ictimaiyy\u0259t n\u00fcmay\u0259nd\u0259l\u0259rini salamlayaraq soru\u015fdu:<\/p>\n<p>&#8211; Z\u0259rdab rayonunda i\u015fl\u0259r nec\u0259 gedir?<\/p>\n<p>SAK\u0130N: \u018fla, y\u00fcks\u0259k s\u0259viyy\u0259d\u0259.<\/p>\n<p>Prezident \u0130lham \u018fL\u0130YEV: \u00c7ox yax\u015f\u0131.<\/p>\n<p>SAK\u0130N: Allah Siz\u0259 \u00f6m\u00fcr versin! Allah Sizi qorusun! C\u0259nab Ali Ba\u015f Komandan, biz Sizd\u0259n \u00e7ox raz\u0131y\u0131q. Biz Sizi \u00fcr\u0259kd\u0259n sevirik. H\u0259s\u0259n b\u0259y Z\u0259rdabi yurdu h\u0259mi\u015f\u0259 Sizi d\u0259st\u0259kl\u0259mi\u015fdir. Siz ulu \u00f6nd\u0259rin siyas\u0259tini u\u011furla davam etdirirsiniz. Bu m\u00f6ht\u0259\u015f\u0259m i\u015fl\u0259r\u0259 g\u00f6r\u0259 Siz\u0259 \u00e7ox minn\u0259tdar\u0131q. Rayonumuza t\u0259yin etdiyiniz ba\u015f\u00e7\u0131 da biz\u0259 \u00e7ox yax\u015f\u0131 bax\u0131r. Rayonumuz \u00e7ox abadla\u015f\u0131b. Bu, bizi \u00e7ox sevindirir. Z\u0259rdabda \u00e7ox g\u00f6z\u0259l i\u015fl\u0259r g\u00f6r\u00fcl\u00fcr. \u00dcmumiyy\u0259tl\u0259, Siz \u00e7ox g\u00f6z\u0259l insans\u0131n\u0131z.<\/p>\n<p>Prezident \u0130lham \u018fL\u0130YEV: \u00c7ox sa\u011f olun, t\u0259\u015f\u0259kk\u00fcr edir\u0259m.<\/p>\n<p>SAK\u0130N: Allah Sizi Az\u0259rbaycan xalq\u0131na \u00e7ox g\u00f6rm\u0259sin. Siz Az\u0259rbaycan \u00fc\u00e7\u00fcn b\u00f6y\u00fck i\u015fl\u0259r g\u00f6r\u00fcrs\u00fcn\u00fcz.<\/p>\n<p>Prezident \u0130lham \u018fL\u0130YEV: Sa\u011f olun.<\/p>\n<p>SAK\u0130N: H\u00f6rm\u0259tli Prezident, m\u0259n \u00e7ox \u015fadam ki, Sizin atan\u0131zla, ulu \u00f6nd\u0259rimizl\u0259 d\u0259 g\u00f6r\u00fc\u015fm\u00fc\u015f\u0259m. \u00c7ox xo\u015fb\u0259xt\u0259m ki, indi Sizinl\u0259 g\u00f6r\u00fc\u015f\u00fcr\u0259m.<\/p>\n<p><a href=\"http:\/\/www.zerdab.com\/wp-content\/uploads\/2014\/11\/Z\u0259rdab-rayonu11.jpg\"><img loading=\"lazy\" decoding=\"async\" class=\"aligncenter size-large wp-image-17261\" alt=\"Z\u0259rdab rayonu\" src=\"http:\/\/www.zerdab.com\/wp-content\/uploads\/2014\/11\/Z\u0259rdab-rayonu11-550x356.jpg\" width=\"550\" height=\"356\" \/><\/a>Prezident \u0130lham \u018fL\u0130YEV: \u00c7ox sa\u011f olun. M\u0259n \u00e7ox \u015fadam ki, burada i\u015fl\u0259r yax\u015f\u0131 gedir, burada b\u00f6y\u00fck planlar vard\u0131r. H\u0259r bir rayon \u00fczr\u0259 konkret proqramlar var, t\u0259klifl\u0259r vard\u0131r. \u0130ndi yerl\u0259rd\u0259n g\u0259l\u0259n t\u0259klifl\u0259r\u0259 bax\u0131r\u0131q. H\u0259r bir rayon \u00fczr\u0259 konkret proqram icra olunmal\u0131d\u0131r. O c\u00fcml\u0259d\u0259n Z\u0259rdab rayonunda b\u00fct\u00fcn i\u015fl\u0259r y\u00fcks\u0259k s\u0259viyy\u0259d\u0259 g\u00f6r\u00fclm\u0259lidir. Rayonlar\u0131n inki\u015faf\u0131, abadl\u0131q, quruculuq i\u015fl\u0259ri, yollar\u0131n, su, qaz x\u0259tl\u0259rinin \u00e7\u0259kili\u015fi, b\u00fct\u00fcn bu m\u0259s\u0259l\u0259l\u0259r \u00e7ox vacibdir. H\u0259r bir rayon \u00fczr\u0259 konkret proqram icra olunur. Ona g\u00f6r\u0259 m\u0259n ist\u0259yir\u0259m Sizd\u0259n soru\u015fum, hans\u0131 m\u0259s\u0259l\u0259l\u0259r \u00f6z h\u0259llini g\u00f6zl\u0259yir, hans\u0131 m\u0259s\u0259l\u0259l\u0259r\u0259 daha da b\u00f6y\u00fck diqq\u0259t g\u00f6st\u0259rilm\u0259lidir? Harada biz daha da \u00e7evik siyas\u0259t aparmal\u0131y\u0131q?! M\u0259nim b\u00f6lg\u0259l\u0259r\u0259 s\u0259f\u0259rl\u0259rimin s\u0259b\u0259bi bundan ibar\u0259tdir. H\u0259m v\u0259ziyy\u0259tl\u0259 tan\u0131\u015f olmaq, h\u0259m d\u0259 Sizd\u0259n e\u015fitm\u0259k ki, \u0259lav\u0259 hans\u0131 i\u015fl\u0259r g\u00f6r\u00fclm\u0259lidir?<\/p>\n<p>SAK\u0130N: H\u00f6rm\u0259tli c\u0259nab Prezident, bu g\u00fcn rayonumuzun camaat\u0131 \u00e7ox sevinir ki, Siz Z\u0259rdaba ikinci d\u0259f\u0259 t\u0259\u015frif buyurmusunuz. Bu s\u0259f\u0259r insanlar\u0131n q\u0259lbind\u0259 \u00e7ox b\u00f6y\u00fck q\u00fcrur, sevinc hissi yarad\u0131r. Siz\u0259 &#8220;Xo\u015f g\u0259lmisiniz&#8221; deyirik.<\/p>\n<p>Rayondak\u0131 abadl\u0131q, quruculuq i\u015fl\u0259rind\u0259n dan\u0131\u015fan m\u00fc\u0259llim\u0259 V\u00fcsal\u0259 K\u018fR\u0130MOVA bir \u00e7ox sosial obyektl\u0259rin, xidm\u0259t m\u00fc\u0259ssis\u0259l\u0259rinin, Qaraba\u011f \u0259lill\u0259ri \u00fc\u00e7\u00fcn m\u0259nzill\u0259rin in\u015fa edildiyini, yollar\u0131n abadla\u015fd\u0131r\u0131lmas\u0131n\u0131n geni\u015f v\u00fcs\u0259t ald\u0131\u011f\u0131n\u0131 diqq\u0259t\u0259 \u00e7atd\u0131rd\u0131. O, son ill\u0259r rayonda yeni m\u0259kt\u0259bl\u0259rin tikilm\u0259sin\u0259, onlar\u0131n maddi-texniki bazas\u0131n\u0131n g\u00fccl\u0259nm\u0259sin\u0259 d\u00f6vl\u0259t d\u0259st\u0259yi il\u0259 yana\u015f\u0131, Az\u0259rbaycan\u0131n birinci xan\u0131m\u0131, Heyd\u0259r \u018fliyev Fondunun prezidenti, YUNESKO-nun v\u0259 \u0130SESKO-nun xo\u015fm\u0259raml\u0131 s\u0259firi, Milli M\u0259clisin deputat\u0131 Mehriban xan\u0131m \u018fliyevan\u0131n da xidm\u0259tl\u0259rini x\u00fcsusi qeyd etdi.<\/p>\n<p>Prezident \u0130lham \u018fL\u0130YEV: Sizd\u0259 qazla\u015fd\u0131rma il\u0259 ba\u011fl\u0131 v\u0259ziyy\u0259t nec\u0259dir?<\/p>\n<p>SAK\u0130N: Yax\u015f\u0131d\u0131r. Bu i\u015f\u0259 k\u0259ndl\u0259rd\u0259 d\u0259 ba\u015flay\u0131blar.<\/p>\n<p>Prezident \u0130lham \u018fL\u0130YEV: Ba\u015flay\u0131blarm\u0131?<\/p>\n<p>SAK\u0130N: B\u0259li, ba\u015flay\u0131blar.<\/p>\n<p>Prezident \u0130lham \u018fL\u0130YEV: B\u0259s rayon m\u0259rk\u0259zi nec\u0259, qazla\u015fd\u0131r\u0131l\u0131rm\u0131?<\/p>\n<p>Rayon icra hakimiyy\u0259tinin ba\u015f\u00e7\u0131s\u0131 L\u00fctv\u0259li BABAYEV: C\u0259nab Prezident, rayonun m\u0259rk\u0259zi tamamil\u0259 qazla\u015fd\u0131r\u0131l\u0131b. Haz\u0131rda Sizin diqq\u0259t v\u0259 qay\u011f\u0131n\u0131z say\u0259sind\u0259 D\u00f6vl\u0259t Proqram\u0131na uy\u011fun olaraq 41 k\u0259ndd\u0259 qazla\u015fd\u0131rma i\u015fl\u0259rin\u0259 ba\u015flan\u0131l\u0131b v\u0259 haz\u0131rda i\u015fl\u0259r s\u00fcr\u0259tl\u0259 gedir. Bayaq qeyd olundu\u011fu kimi, t\u0259bii f\u0259lak\u0259tin rayonumuza vurdu\u011fu ziyan\u0131n n\u0259tic\u0259l\u0259ri Sizin diqq\u0259t v\u0259 qay\u011f\u0131n\u0131z say\u0259sind\u0259 tez bir zamanda aradan qald\u0131r\u0131l\u0131b. 60,6 kilometr uzunlu\u011funda, 8 metr enind\u0259 b\u0259nd i\u015fl\u0259ri g\u00f6r\u00fcl\u00fcb.<\/p>\n<p>Prezident \u0130lham \u018fL\u0130YEV: \u00c7ox yax\u015f\u0131. Elektrik enerjisi il\u0259 t\u0259chizat sar\u0131dan v\u0259ziyy\u0259t nec\u0259dir? Qaydas\u0131ndad\u0131rm\u0131?<\/p>\n<p>SAK\u0130NL\u018fR: \u00c7ox yax\u015f\u0131d\u0131r. Qaydas\u0131ndad\u0131r.<\/p>\n<p><a href=\"http:\/\/www.zerdab.com\/wp-content\/uploads\/2014\/11\/Z\u0259rdab-rayonu5.jpg\"><img loading=\"lazy\" decoding=\"async\" class=\"aligncenter size-large wp-image-17265\" alt=\"Z\u0259rdab rayonu\" src=\"http:\/\/www.zerdab.com\/wp-content\/uploads\/2014\/11\/Z\u0259rdab-rayonu5-550x381.jpg\" width=\"550\" height=\"381\" \/><\/a>Prezident \u0130lham \u018fL\u0130YEV: Rayon \u00fc\u00e7\u00fcn \u0259lav\u0259 n\u0259 i\u015fl\u0259r g\u00f6r\u00fclm\u0259lidir? Hans\u0131 t\u0259klifl\u0259riniz, t\u0259\u015f\u0259bb\u00fcsl\u0259riniz var? Hans\u0131 m\u0259s\u0259l\u0259l\u0259r tezlikl\u0259 \u00f6z h\u0259llini tapmal\u0131d\u0131r?<\/p>\n<p>SAK\u0130N: Sizin tap\u015f\u0131r\u0131\u011f\u0131n\u0131za \u0259sas\u0259n haz\u0131rda rayonumuzda kanalizasiya v\u0259 i\u00e7m\u0259li su m\u0259s\u0259l\u0259l\u0259ri h\u0259ll olunur.<\/p>\n<p>Prezident \u0130lham \u018fL\u0130YEV: Z\u0259rdab rayonunda da k\u0259nd yollar\u0131, \u0259ks\u0259r yollar torpaq yollar\u0131d\u0131r. Onlara da asfalt vurulmal\u0131d\u0131r. Konkret t\u0259klifl\u0259r verin. B\u0259zi rayonlarda m\u00fc\u0259yy\u0259n i\u015fl\u0259r g\u00f6r\u00fcl\u00fcb, yollar \u00e7\u0259kilib, burada da \u00e7\u0259kilm\u0259lidir. Rayonda ne\u00e7\u0259 k\u0259nd vard\u0131r?<\/p>\n<p>L\u00fctv\u0259li BABAYEV: 41 k\u0259ndimiz vard\u0131r.<\/p>\n<p>Prezident \u0130lham \u018fL\u0130YEV: \u018fhali n\u0259 q\u0259d\u0259rdir?<\/p>\n<p>L\u00fctv\u0259li BABAYEV: Haz\u0131rda rayonumuzun 54 min \u0259halisi vard\u0131r. Sizin tap\u015f\u0131r\u0131\u011f\u0131n\u0131za \u0259sas\u0259n art\u0131q 41 k\u0259ndd\u0259 119 kilometr k\u0259ndaras\u0131 yollar \u00e7\u0259kilm\u0259lidir.<\/p>\n<p>Prezident \u0130lham \u018fL\u0130YEV: T\u0259klifl\u0259rinizi vermisiniz?<\/p>\n<p>L\u00fctv\u0259li BABAYEV: B\u0259li, c\u0259nab Prezident vermi\u015fik.<\/p>\n<p>SAK\u0130N: C\u0259nab Prezident, veteranlar\u0131m\u0131z da, g\u0259ncl\u0259rimiz d\u0259 Sizi h\u0259dd\u0259n art\u0131q \u00e7ox ist\u0259yirl\u0259r.<\/p>\n<p>Prezident \u0130lham \u018fL\u0130YEV: Sa\u011f olun, m\u0259n d\u0259 sizi \u00e7ox ist\u0259yir\u0259m. Veteranlara h\u0259mi\u015f\u0259 qay\u011f\u0131 g\u00f6st\u0259rilibdir v\u0259 g\u00f6st\u0259ril\u0259c\u0259kdir.<\/p>\n<p><a href=\"http:\/\/www.zerdab.com\/wp-content\/uploads\/2014\/11\/Z\u0259rdab-rayonu11.jpg\"><img loading=\"lazy\" decoding=\"async\" class=\"aligncenter size-large wp-image-17261\" alt=\"Z\u0259rdab rayonu\" src=\"http:\/\/www.zerdab.com\/wp-content\/uploads\/2014\/11\/Z\u0259rdab-rayonu11-550x356.jpg\" width=\"550\" height=\"356\" \/><\/a>SAK\u0130N: C\u0259nab Prezident, veteranlar\u0131m\u0131z\u0131n, g\u0259ncl\u0259rimizin bir arzusu vard\u0131r: Ancaq v\u0259 ancaq Qaraba\u011f m\u0259s\u0259l\u0259si h\u0259ll olunsun. \u018fminik ki, Sizin s\u0259yl\u0259riniz n\u0259tic\u0259sind\u0259 bu m\u0259s\u0259l\u0259 h\u0259llini tapacaqd\u0131r. Biz bunu s\u0259birsizlikl\u0259 g\u00f6zl\u0259yirik. Sa\u011f olun.<\/p>\n<p>Sonda Rayon ictimaiyy\u0259tinin n\u00fcmay\u0259nd\u0259l\u0259ri Prezident \u0130lham \u018fliyev il\u0259 xatir\u0259 \u015f\u0259kli \u00e7\u0259kdirdil\u0259r.<\/p>\n<p><strong>Prezidentin Z\u0259rdab rayonuna qay\u011f\u0131s\u0131<\/strong><\/p>\n<p>B\u0259s bu ilin 9 ay\u0131nda rayonumuzda hans\u0131 \u0259h\u0259miyy\u0259tli layih\u0259l\u0259r icra olunub? Faktlara diqq\u0259t yetir\u0259k. Bu ilin 9 ay\u0131nda Prezidentin diqq\u0259t v\u0259 qay\u011f\u0131s\u0131 il\u0259 Z\u0259rdab rayonunda da sosial-infrastruktur layih\u0259l\u0259ri icra olunub. H\u0259yata ke\u00e7iril\u0259n t\u0259dbirl\u0259r n\u0259tic\u0259sind\u0259 Z\u0259rdabda 246 daimi i\u015f yeri yarad\u0131l\u0131b. Otmanoba v\u0259 K\u00f6rp\u00fck\u0259nd ya\u015fay\u0131\u015f m\u0259nt\u0259q\u0259l\u0259rind\u0259ki m\u0259kt\u0259b binalar\u0131, B\u00f6y\u00fck D\u0259kk\u0259 v\u0259 D\u0259kk\u0259oba k\u0259ndl\u0259rind\u0259ki u\u015faq ba\u011f\u00e7alar\u0131 \u0259sasl\u0131 \u015f\u0259kild\u0259 t\u0259mir edilib. Heyd\u0259r \u018fliyev Fondunun m\u0259kt\u0259b\u0259q\u0259d\u0259r t\u0259rbiy\u0259 m\u00fc\u0259ssis\u0259l\u0259rinin inki\u015faf\u0131 proqram\u0131 \u00e7\u0259r\u00e7iv\u0259sind\u0259 h\u0259r biri 50 yerlik olmaqla 2 k\u00f6rp\u0259l\u0259r evinin tikintisi davam etdirilib. Rayon M\u0259rk\u0259zi X\u0259st\u0259xanas\u0131n\u0131n yenid\u0259n qurulmas\u0131nda l\u0259ngim\u0259l\u0259r\u0259 yol verilm\u0259yib. Rayonun m\u0259rk\u0259zi k\u00fc\u00e7\u0259l\u0259rind\u0259, Heyd\u0259r \u018fliyev park\u0131nda v\u0259 prospektind\u0259 quruculuq, abadl\u0131q, t\u0259mir-b\u0259rpa t\u0259dbirl\u0259ri apar\u0131l\u0131b. Yollara asfalt \u00f6rt\u00fcy\u00fc d\u00f6\u015f\u0259nib. Uzunlu\u011fu 2 kilometr\u0259 q\u0259d\u0259r olan R\u0259him B\u0259y M\u0259likov k\u00fc\u00e7\u0259sind\u0259 yol asfaltlan\u0131b. Milli T\u0259hl\u00fck\u0259sizlik Nazirliyinin Z\u0259rdab rayon \u015f\u00f6b\u0259sinin inzibati binas\u0131nda son tamamlama i\u015fl\u0259ri apar\u0131l\u0131r. Vergil\u0259r Nazirliyinin Vergi \u00d6d\u0259yicil\u0259rin\u0259 Regional Xidm\u0259t M\u0259rk\u0259zinin v\u0259 K\u0259nd T\u0259s\u0259rr\u00fcfat\u0131 Nazirliyinin Z\u0259rdabda yarad\u0131lacaq idar\u0259si \u00fc\u00e7\u00fcn yeni inzibati binan\u0131n in\u015fas\u0131na ba\u015flan\u0131l\u0131b. Rayon \u0259halisinin i\u00e7m\u0259li suya olan t\u0259l\u0259bat\u0131n\u0131 \u00f6d\u0259m\u0259k \u00fc\u00e7\u00fcn 17 \u0259d\u0259d modul tipli sut\u0259mizl\u0259yici qur\u011fu, 194 \u0259d\u0259d bulaq istifad\u0259y\u0259 verilib. Bununla bel\u0259 528 abonent mavi yanacaqla t\u0259min olunub. Bu, g\u00f6r\u00fcl\u0259n i\u015fl\u0259rin yaln\u0131z bir hiss\u0259sidir.<a href=\"http:\/\/www.zerdab.com\/wp-content\/uploads\/2014\/11\/Z\u0259rdab-rayonu41.jpg\"><img loading=\"lazy\" decoding=\"async\" class=\"aligncenter size-large wp-image-17264\" alt=\"Z\u0259rdab rayonu\" src=\"http:\/\/www.zerdab.com\/wp-content\/uploads\/2014\/11\/Z\u0259rdab-rayonu41-550x383.jpg\" width=\"550\" height=\"383\" \/><\/a><\/p>\n<p><strong>Biz inan\u0131r\u0131q ki, Prezident \u0130lham \u018fliyevin b\u00fct\u00fcn b\u00f6lg\u0259l\u0259r\u0259, o c\u00fcml\u0259d\u0259n Z\u0259rdab rayonuna g\u00f6st\u0259rdiyi diqq\u0259t v\u0259 qay\u011f\u0131 n\u0259tic\u0259mizd\u0259 rayonumuzda bundan sonra da b\u00f6y\u00fck i\u015fl\u0259r g\u00f6r\u00fcl\u0259c\u0259k. Az\u0259rbaycan\u0131n inki\u015faf\u0131, \u0259ld\u0259 olunan u\u011furlar, g\u00f6r\u00fcl\u0259n i\u015fl\u0259r bundan x\u0259b\u0259r verir.<\/strong><\/p>\n<p><span style=\"color: #0000ff;\"><strong>Sevinc Vaqifq\u0131z\u0131, Zerdab.com<\/strong><\/span><\/p>\n","protected":false},"excerpt":{"rendered":"<p>X\u0259b\u0259r verdiyimiz kimi, Az\u0259rbaycan Prezidenti \u0130lham \u018fliyevin g\u00f6st\u0259ri\u015fi il\u0259 bir m\u00fcdd\u0259tdir 14 rayonun icra hakimiyy\u0259tl\u0259rinin ba\u015f\u00e7\u0131lar\u0131 Fransada s\u0259f\u0259rd\u0259dir. Z\u0259rdab Rayon \u0130cra Hakimiyy\u0259tinin ba\u015f\u00e7\u0131s\u0131 L\u00fctv\u0259li Babayevin d\u0259 Fransada oldu\u011fu bar\u0259d\u0259 Zerdab.com sayt\u0131nda m\u0259lumat vermi\u015fdik. Bildirmi\u015fdik ki, L\u00fctv\u0259li Babayev d\u0259 Fransan\u0131n m\u00fcxt\u0259lif \u015f\u0259h\u0259rl\u0259rind\u0259 olub yerli t\u0259cr\u00fcb\u0259ni \u00f6yr\u0259n\u0259c\u0259k. M\u0259qs\u0259d Avropa \u015f\u0259h\u0259rl\u0259rinin inzibati idar\u0259etm\u0259sini, \u015f\u0259h\u0259r infrastrukturunu, m\u00fcasir \u015f\u0259h\u0259rsalma m\u0259d\u0259niyy\u0259tini [&hellip;]<\/p>\n","protected":false},"author":1,"featured_media":0,"comment_status":"open","ping_status":"open","sticky":false,"template":"","format":"standard","meta":{"footnotes":""},"categories":[21],"tags":[],"class_list":{"0":"post-17258","1":"post","2":"type-post","3":"status-publish","4":"format-standard","6":"category-zrdab"},"yoast_head":"<!-- This site is optimized with the Yoast SEO plugin v27.0 - https:\/\/yoast.com\/product\/yoast-seo-wordpress\/ -->\n<title>Prezidentin Z\u0259rdaba qay\u011f\u0131s\u0131, Fransa t\u0259cr\u00fcb\u0259si v\u0259 g\u00f6r\u00fcl\u0259c\u0259k i\u015fl\u0259r - Z\u0259rdab.com<\/title>\n<meta name=\"robots\" content=\"index, follow, max-snippet:-1, max-image-preview:large, max-video-preview:-1\" \/>\n<link rel=\"canonical\" href=\"https:\/\/www.zerdab.com\/?p=17258\" \/>\n<meta property=\"og:locale\" content=\"az_AZ\" \/>\n<meta property=\"og:type\" content=\"article\" \/>\n<meta property=\"og:title\" content=\"Prezidentin Z\u0259rdaba qay\u011f\u0131s\u0131, Fransa t\u0259cr\u00fcb\u0259si v\u0259 g\u00f6r\u00fcl\u0259c\u0259k i\u015fl\u0259r - Z\u0259rdab.com\" \/>\n<meta property=\"og:description\" content=\"X\u0259b\u0259r verdiyimiz kimi, Az\u0259rbaycan Prezidenti \u0130lham \u018fliyevin g\u00f6st\u0259ri\u015fi il\u0259 bir m\u00fcdd\u0259tdir 14 rayonun icra hakimiyy\u0259tl\u0259rinin ba\u015f\u00e7\u0131lar\u0131 Fransada s\u0259f\u0259rd\u0259dir. Z\u0259rdab Rayon \u0130cra Hakimiyy\u0259tinin ba\u015f\u00e7\u0131s\u0131 L\u00fctv\u0259li Babayevin d\u0259 Fransada oldu\u011fu bar\u0259d\u0259 Zerdab.com sayt\u0131nda m\u0259lumat vermi\u015fdik. Bildirmi\u015fdik ki, L\u00fctv\u0259li Babayev d\u0259 Fransan\u0131n m\u00fcxt\u0259lif \u015f\u0259h\u0259rl\u0259rind\u0259 olub yerli t\u0259cr\u00fcb\u0259ni \u00f6yr\u0259n\u0259c\u0259k. M\u0259qs\u0259d Avropa \u015f\u0259h\u0259rl\u0259rinin inzibati idar\u0259etm\u0259sini, \u015f\u0259h\u0259r infrastrukturunu, m\u00fcasir \u015f\u0259h\u0259rsalma m\u0259d\u0259niyy\u0259tini [&hellip;]\" \/>\n<meta property=\"og:url\" content=\"https:\/\/www.zerdab.com\/?p=17258\" \/>\n<meta property=\"og:site_name\" content=\"Z\u0259rdab.com\" \/>\n<meta property=\"article:published_time\" content=\"2014-11-10T04:00:42+00:00\" \/>\n<meta property=\"og:image\" content=\"http:\/\/www.zerdab.com\/wp-content\/uploads\/2014\/11\/Foto--550x360.jpg\" \/>\n<meta name=\"author\" content=\"admin\" \/>\n<meta name=\"twitter:card\" content=\"summary_large_image\" \/>\n<meta name=\"twitter:label1\" content=\"Written by\" \/>\n\t<meta name=\"twitter:data1\" content=\"admin\" \/>\n\t<meta name=\"twitter:label2\" content=\"Est. reading time\" \/>\n\t<meta name=\"twitter:data2\" content=\"13 minutes\" \/>\n<script type=\"application\/ld+json\" class=\"yoast-schema-graph\">{\"@context\":\"https:\/\/schema.org\",\"@graph\":[{\"@type\":\"Article\",\"@id\":\"https:\/\/www.zerdab.com\/?p=17258#article\",\"isPartOf\":{\"@id\":\"https:\/\/www.zerdab.com\/?p=17258\"},\"author\":{\"name\":\"admin\",\"@id\":\"https:\/\/www.zerdab.com\/#\/schema\/person\/97079b7570c1e89ec0d9e138c3672136\"},\"headline\":\"Prezidentin Z\u0259rdaba qay\u011f\u0131s\u0131, Fransa t\u0259cr\u00fcb\u0259si v\u0259 g\u00f6r\u00fcl\u0259c\u0259k i\u015fl\u0259r\",\"datePublished\":\"2014-11-10T04:00:42+00:00\",\"mainEntityOfPage\":{\"@id\":\"https:\/\/www.zerdab.com\/?p=17258\"},\"wordCount\":2595,\"commentCount\":0,\"image\":{\"@id\":\"https:\/\/www.zerdab.com\/?p=17258#primaryimage\"},\"thumbnailUrl\":\"http:\/\/www.zerdab.com\/wp-content\/uploads\/2014\/11\/Foto--550x360.jpg\",\"articleSection\":[\"C\u018fM\u0130YY\u018fT\"],\"inLanguage\":\"az\",\"potentialAction\":[{\"@type\":\"CommentAction\",\"name\":\"Comment\",\"target\":[\"https:\/\/www.zerdab.com\/?p=17258#respond\"]}]},{\"@type\":\"WebPage\",\"@id\":\"https:\/\/www.zerdab.com\/?p=17258\",\"url\":\"https:\/\/www.zerdab.com\/?p=17258\",\"name\":\"Prezidentin Z\u0259rdaba qay\u011f\u0131s\u0131, Fransa t\u0259cr\u00fcb\u0259si v\u0259 g\u00f6r\u00fcl\u0259c\u0259k i\u015fl\u0259r - Z\u0259rdab.com\",\"isPartOf\":{\"@id\":\"https:\/\/www.zerdab.com\/#website\"},\"primaryImageOfPage\":{\"@id\":\"https:\/\/www.zerdab.com\/?p=17258#primaryimage\"},\"image\":{\"@id\":\"https:\/\/www.zerdab.com\/?p=17258#primaryimage\"},\"thumbnailUrl\":\"http:\/\/www.zerdab.com\/wp-content\/uploads\/2014\/11\/Foto--550x360.jpg\",\"datePublished\":\"2014-11-10T04:00:42+00:00\",\"author\":{\"@id\":\"https:\/\/www.zerdab.com\/#\/schema\/person\/97079b7570c1e89ec0d9e138c3672136\"},\"breadcrumb\":{\"@id\":\"https:\/\/www.zerdab.com\/?p=17258#breadcrumb\"},\"inLanguage\":\"az\",\"potentialAction\":[{\"@type\":\"ReadAction\",\"target\":[\"https:\/\/www.zerdab.com\/?p=17258\"]}]},{\"@type\":\"ImageObject\",\"inLanguage\":\"az\",\"@id\":\"https:\/\/www.zerdab.com\/?p=17258#primaryimage\",\"url\":\"\",\"contentUrl\":\"\"},{\"@type\":\"BreadcrumbList\",\"@id\":\"https:\/\/www.zerdab.com\/?p=17258#breadcrumb\",\"itemListElement\":[{\"@type\":\"ListItem\",\"position\":1,\"name\":\"Home\",\"item\":\"https:\/\/www.zerdab.com\/\"},{\"@type\":\"ListItem\",\"position\":2,\"name\":\"Prezidentin Z\u0259rdaba qay\u011f\u0131s\u0131, Fransa t\u0259cr\u00fcb\u0259si v\u0259 g\u00f6r\u00fcl\u0259c\u0259k i\u015fl\u0259r\"}]},{\"@type\":\"WebSite\",\"@id\":\"https:\/\/www.zerdab.com\/#website\",\"url\":\"https:\/\/www.zerdab.com\/\",\"name\":\"Z\u0259rdab.com\",\"description\":\"\",\"potentialAction\":[{\"@type\":\"SearchAction\",\"target\":{\"@type\":\"EntryPoint\",\"urlTemplate\":\"https:\/\/www.zerdab.com\/?s={search_term_string}\"},\"query-input\":{\"@type\":\"PropertyValueSpecification\",\"valueRequired\":true,\"valueName\":\"search_term_string\"}}],\"inLanguage\":\"az\"},{\"@type\":\"Person\",\"@id\":\"https:\/\/www.zerdab.com\/#\/schema\/person\/97079b7570c1e89ec0d9e138c3672136\",\"name\":\"admin\",\"image\":{\"@type\":\"ImageObject\",\"inLanguage\":\"az\",\"@id\":\"https:\/\/www.zerdab.com\/#\/schema\/person\/image\/\",\"url\":\"https:\/\/secure.gravatar.com\/avatar\/d9c52a9a27c32119cb6679a077fa3e2779e5f822c451cbf01098004361d466ec?s=96&d=mm&r=g\",\"contentUrl\":\"https:\/\/secure.gravatar.com\/avatar\/d9c52a9a27c32119cb6679a077fa3e2779e5f822c451cbf01098004361d466ec?s=96&d=mm&r=g\",\"caption\":\"admin\"},\"url\":\"https:\/\/www.zerdab.com\/?author=1\"}]}<\/script>\n<!-- \/ Yoast SEO plugin. -->","yoast_head_json":{"title":"Prezidentin Z\u0259rdaba qay\u011f\u0131s\u0131, Fransa t\u0259cr\u00fcb\u0259si v\u0259 g\u00f6r\u00fcl\u0259c\u0259k i\u015fl\u0259r - Z\u0259rdab.com","robots":{"index":"index","follow":"follow","max-snippet":"max-snippet:-1","max-image-preview":"max-image-preview:large","max-video-preview":"max-video-preview:-1"},"canonical":"https:\/\/www.zerdab.com\/?p=17258","og_locale":"az_AZ","og_type":"article","og_title":"Prezidentin Z\u0259rdaba qay\u011f\u0131s\u0131, Fransa t\u0259cr\u00fcb\u0259si v\u0259 g\u00f6r\u00fcl\u0259c\u0259k i\u015fl\u0259r - Z\u0259rdab.com","og_description":"X\u0259b\u0259r verdiyimiz kimi, Az\u0259rbaycan Prezidenti \u0130lham \u018fliyevin g\u00f6st\u0259ri\u015fi il\u0259 bir m\u00fcdd\u0259tdir 14 rayonun icra hakimiyy\u0259tl\u0259rinin ba\u015f\u00e7\u0131lar\u0131 Fransada s\u0259f\u0259rd\u0259dir. Z\u0259rdab Rayon \u0130cra Hakimiyy\u0259tinin ba\u015f\u00e7\u0131s\u0131 L\u00fctv\u0259li Babayevin d\u0259 Fransada oldu\u011fu bar\u0259d\u0259 Zerdab.com sayt\u0131nda m\u0259lumat vermi\u015fdik. Bildirmi\u015fdik ki, L\u00fctv\u0259li Babayev d\u0259 Fransan\u0131n m\u00fcxt\u0259lif \u015f\u0259h\u0259rl\u0259rind\u0259 olub yerli t\u0259cr\u00fcb\u0259ni \u00f6yr\u0259n\u0259c\u0259k. M\u0259qs\u0259d Avropa \u015f\u0259h\u0259rl\u0259rinin inzibati idar\u0259etm\u0259sini, \u015f\u0259h\u0259r infrastrukturunu, m\u00fcasir \u015f\u0259h\u0259rsalma m\u0259d\u0259niyy\u0259tini [&hellip;]","og_url":"https:\/\/www.zerdab.com\/?p=17258","og_site_name":"Z\u0259rdab.com","article_published_time":"2014-11-10T04:00:42+00:00","og_image":[{"url":"http:\/\/www.zerdab.com\/wp-content\/uploads\/2014\/11\/Foto--550x360.jpg","type":"","width":"","height":""}],"author":"admin","twitter_card":"summary_large_image","twitter_misc":{"Written by":"admin","Est. reading time":"13 minutes"},"schema":{"@context":"https:\/\/schema.org","@graph":[{"@type":"Article","@id":"https:\/\/www.zerdab.com\/?p=17258#article","isPartOf":{"@id":"https:\/\/www.zerdab.com\/?p=17258"},"author":{"name":"admin","@id":"https:\/\/www.zerdab.com\/#\/schema\/person\/97079b7570c1e89ec0d9e138c3672136"},"headline":"Prezidentin Z\u0259rdaba qay\u011f\u0131s\u0131, Fransa t\u0259cr\u00fcb\u0259si v\u0259 g\u00f6r\u00fcl\u0259c\u0259k i\u015fl\u0259r","datePublished":"2014-11-10T04:00:42+00:00","mainEntityOfPage":{"@id":"https:\/\/www.zerdab.com\/?p=17258"},"wordCount":2595,"commentCount":0,"image":{"@id":"https:\/\/www.zerdab.com\/?p=17258#primaryimage"},"thumbnailUrl":"http:\/\/www.zerdab.com\/wp-content\/uploads\/2014\/11\/Foto--550x360.jpg","articleSection":["C\u018fM\u0130YY\u018fT"],"inLanguage":"az","potentialAction":[{"@type":"CommentAction","name":"Comment","target":["https:\/\/www.zerdab.com\/?p=17258#respond"]}]},{"@type":"WebPage","@id":"https:\/\/www.zerdab.com\/?p=17258","url":"https:\/\/www.zerdab.com\/?p=17258","name":"Prezidentin Z\u0259rdaba qay\u011f\u0131s\u0131, Fransa t\u0259cr\u00fcb\u0259si v\u0259 g\u00f6r\u00fcl\u0259c\u0259k i\u015fl\u0259r - Z\u0259rdab.com","isPartOf":{"@id":"https:\/\/www.zerdab.com\/#website"},"primaryImageOfPage":{"@id":"https:\/\/www.zerdab.com\/?p=17258#primaryimage"},"image":{"@id":"https:\/\/www.zerdab.com\/?p=17258#primaryimage"},"thumbnailUrl":"http:\/\/www.zerdab.com\/wp-content\/uploads\/2014\/11\/Foto--550x360.jpg","datePublished":"2014-11-10T04:00:42+00:00","author":{"@id":"https:\/\/www.zerdab.com\/#\/schema\/person\/97079b7570c1e89ec0d9e138c3672136"},"breadcrumb":{"@id":"https:\/\/www.zerdab.com\/?p=17258#breadcrumb"},"inLanguage":"az","potentialAction":[{"@type":"ReadAction","target":["https:\/\/www.zerdab.com\/?p=17258"]}]},{"@type":"ImageObject","inLanguage":"az","@id":"https:\/\/www.zerdab.com\/?p=17258#primaryimage","url":"","contentUrl":""},{"@type":"BreadcrumbList","@id":"https:\/\/www.zerdab.com\/?p=17258#breadcrumb","itemListElement":[{"@type":"ListItem","position":1,"name":"Home","item":"https:\/\/www.zerdab.com\/"},{"@type":"ListItem","position":2,"name":"Prezidentin Z\u0259rdaba qay\u011f\u0131s\u0131, Fransa t\u0259cr\u00fcb\u0259si v\u0259 g\u00f6r\u00fcl\u0259c\u0259k i\u015fl\u0259r"}]},{"@type":"WebSite","@id":"https:\/\/www.zerdab.com\/#website","url":"https:\/\/www.zerdab.com\/","name":"Z\u0259rdab.com","description":"","potentialAction":[{"@type":"SearchAction","target":{"@type":"EntryPoint","urlTemplate":"https:\/\/www.zerdab.com\/?s={search_term_string}"},"query-input":{"@type":"PropertyValueSpecification","valueRequired":true,"valueName":"search_term_string"}}],"inLanguage":"az"},{"@type":"Person","@id":"https:\/\/www.zerdab.com\/#\/schema\/person\/97079b7570c1e89ec0d9e138c3672136","name":"admin","image":{"@type":"ImageObject","inLanguage":"az","@id":"https:\/\/www.zerdab.com\/#\/schema\/person\/image\/","url":"https:\/\/secure.gravatar.com\/avatar\/d9c52a9a27c32119cb6679a077fa3e2779e5f822c451cbf01098004361d466ec?s=96&d=mm&r=g","contentUrl":"https:\/\/secure.gravatar.com\/avatar\/d9c52a9a27c32119cb6679a077fa3e2779e5f822c451cbf01098004361d466ec?s=96&d=mm&r=g","caption":"admin"},"url":"https:\/\/www.zerdab.com\/?author=1"}]}},"_links":{"self":[{"href":"https:\/\/www.zerdab.com\/index.php?rest_route=\/wp\/v2\/posts\/17258","targetHints":{"allow":["GET"]}}],"collection":[{"href":"https:\/\/www.zerdab.com\/index.php?rest_route=\/wp\/v2\/posts"}],"about":[{"href":"https:\/\/www.zerdab.com\/index.php?rest_route=\/wp\/v2\/types\/post"}],"author":[{"embeddable":true,"href":"https:\/\/www.zerdab.com\/index.php?rest_route=\/wp\/v2\/users\/1"}],"replies":[{"embeddable":true,"href":"https:\/\/www.zerdab.com\/index.php?rest_route=%2Fwp%2Fv2%2Fcomments&post=17258"}],"version-history":[{"count":5,"href":"https:\/\/www.zerdab.com\/index.php?rest_route=\/wp\/v2\/posts\/17258\/revisions"}],"predecessor-version":[{"id":17280,"href":"https:\/\/www.zerdab.com\/index.php?rest_route=\/wp\/v2\/posts\/17258\/revisions\/17280"}],"wp:attachment":[{"href":"https:\/\/www.zerdab.com\/index.php?rest_route=%2Fwp%2Fv2%2Fmedia&parent=17258"}],"wp:term":[{"taxonomy":"category","embeddable":true,"href":"https:\/\/www.zerdab.com\/index.php?rest_route=%2Fwp%2Fv2%2Fcategories&post=17258"},{"taxonomy":"post_tag","embeddable":true,"href":"https:\/\/www.zerdab.com\/index.php?rest_route=%2Fwp%2Fv2%2Ftags&post=17258"}],"curies":[{"name":"wp","href":"https:\/\/api.w.org\/{rel}","templated":true}]}}