{"id":17393,"date":"2014-11-21T14:46:05","date_gmt":"2014-11-21T10:46:05","guid":{"rendered":"http:\/\/www.zerdab.com\/?p=17393"},"modified":"2014-11-21T22:32:28","modified_gmt":"2014-11-21T18:32:28","slug":"ramiz-mehdiyevin-qaldirdigi-m%c9%99s%c9%99l%c9%99-il%c9%99-bagli-z%c9%99rdabda-konfrans-kecirildi","status":"publish","type":"post","link":"https:\/\/www.zerdab.com\/?p=17393","title":{"rendered":"Ramiz Mehdiyevin qald\u0131rd\u0131\u011f\u0131 m\u0259s\u0259l\u0259 il\u0259 ba\u011fl\u0131 Z\u0259rdabda konfrans"},"content":{"rendered":"<p align=\"center\"><span style=\"color: #0000ff;\"><b><a href=\"http:\/\/www.zerdab.com\/wp-content\/uploads\/2014\/11\/Z\u0259rdab-Rayon-\u0130cra-Hakimiyy\u0259ti2.jpg\"><img loading=\"lazy\" decoding=\"async\" class=\"aligncenter size-large wp-image-17395\" alt=\"Z\u0259rdab Rayon \u0130cra Hakimiyy\u0259ti\" src=\"http:\/\/www.zerdab.com\/wp-content\/uploads\/2014\/11\/Z\u0259rdab-Rayon-\u0130cra-Hakimiyy\u0259ti2-550x396.jpg\" width=\"550\" height=\"396\" \/><\/a>Z\u0259rdabda \u201cYetkinlik ya\u015f\u0131na \u00e7atmayanlar aras\u0131nda h\u00fcquqpozmalara\u00a0<\/b><b>v\u0259 cinay\u0259t hallar\u0131na qar\u015f\u0131 apar\u0131lan profilaktiki t\u0259dbirl\u0259rin daha da\u00a0<\/b><b>g\u00fccl\u0259ndirilm\u0259sinin aktual probleml\u0259ri\u201d m\u00f6vzusunda konfrans ke\u00e7irilib<\/b><\/span><\/p>\n<p>\u00a0Az\u0259rbaycan Respublikas\u0131 Prezidenti yan\u0131nda D\u00f6vl\u0259t \u0130dar\u0259\u00e7ilik Akademiyas\u0131nda t\u0259\u015fkil edilmi\u015f seminar m\u00fc\u015favir\u0259d\u0259 \u00e7\u0131x\u0131\u015f ed\u0259n Prezident Administrasiyas\u0131n\u0131n r\u0259hb\u0259ri, akademik c\u0259nab Ramiz Mehdiyev humanitar sah\u0259d\u0259 Rayon \u0130cra Hakimiyy\u0259tl\u0259rinin qar\u015f\u0131s\u0131nda duran v\u0259zif\u0259l\u0259rd\u0259n dan\u0131\u015fm\u0131\u015f v\u0259 bu sah\u0259d\u0259 apar\u0131lan i\u015fl\u0259rin daha da g\u00fccl\u0259ndirilm\u0259si \u00fc\u00e7\u00fcn konkret tap\u015f\u0131r\u0131qlar vermi\u015fdir. H\u0259min tap\u015f\u0131r\u0131qlardan biri d\u0259 yetkinlik ya\u015f\u0131na \u00e7atmayanlar aras\u0131nda cinay\u0259tkarl\u0131q hallar\u0131na qar\u015f\u0131 t\u0259dbirl\u0259rin g\u00fccl\u0259ndirilm\u0259si olmu\u015fdur.<\/p>\n<p>Bu m\u0259qs\u0259dl\u0259 Z\u0259rdab rayon \u0130cra Hakimiyy\u0259ti v\u0259 Rayon Polis \u015e\u00f6b\u0259si rayon \u0259razisind\u0259 yetkinlik ya\u015f\u0131na \u00e7atmayanlar aras\u0131nda h\u00fcquqpozmalar\u0131n v\u0259 cinay\u0259t hallar\u0131n\u0131n v\u0259ziyy\u0259tini \u0259trafl\u0131 ara\u015fd\u0131raraq m\u00f6vcud n\u00f6qsanlar\u0131 aradan qald\u0131rmaq \u00fc\u00e7\u00fcn m\u00fcxt\u0259lif silsil\u0259 t\u0259dbirl\u0259r h\u0259yata ke\u00e7irirl\u0259r. H\u0259min t\u0259dbirl\u0259rd\u0259n biri d\u0259 Rayon M\u0259d\u0259niyy\u0259t Evind\u0259 ke\u00e7irilmi\u015fdir.<\/p>\n<p>Birl\u0259\u015fmi\u015f Mill\u0259tl\u0259r T\u0259\u015fkilat\u0131n\u0131n Ba\u015f M\u0259clisinin 1989-cu il tarixli q\u0259rar\u0131 il\u0259 h\u0259r ilin 20 noyabr tarixind\u0259 qeyd olunan \u00dcmumd\u00fcnya U\u015faq H\u00fcquqlar\u0131 Konvensiyas\u0131 g\u00fcn\u00fc \u0259r\u0259f\u0259sind\u0259 ke\u00e7iril\u0259n \u201cYetkinlik ya\u015f\u0131na \u00e7atmayanlar aras\u0131nda h\u00fcquq pozmalara v\u0259 cinay\u0259t hallar\u0131na qar\u015f\u0131 apar\u0131lan profilaktiki t\u0259dbirl\u0259rin daha da g\u00fccl\u0259ndirilm\u0259sinin aktual probleml\u0259ri\u201d m\u00f6vzusunda konfrans\u0131 giri\u015f s\u00f6z\u00fc il\u0259 Z\u0259rdab rayon \u0130cra Hakimiyy\u0259tinin ba\u015f\u00e7\u0131s\u0131, iqtisadiyyat \u00fczr\u0259 f\u0259ls\u0259f\u0259 doktoru c\u0259nab L\u00fctv\u0259li Babayev a\u00e7araq bu sah\u0259d\u0259 g\u00f6r\u00fcl\u0259n i\u015fl\u0259rd\u0259n v\u0259 qar\u015f\u0131da duran v\u0259zif\u0259l\u0259rd\u0259n dan\u0131\u015fm\u0131\u015fd\u0131r.<\/p>\n<p>\u0130cra ba\u015f\u00e7\u0131s\u0131 d\u00f6vl\u0259timizin g\u0259ncl\u0259r siyas\u0259tinin rayonumuzda da u\u011furla h\u0259yata ke\u00e7irildiyini bildirm\u0259kl\u0259 yana\u015f\u0131 bu sah\u0259d\u0259 g\u00f6r\u00fcl\u0259n i\u015fl\u0259rin daha da t\u0259kmill\u0259\u015fdirilm\u0259sinin vacibliyini konfrans i\u015ftirak\u00e7\u0131lar\u0131n\u0131n diqq\u0259tin\u0259 \u00e7atd\u0131rm\u0131\u015fd\u0131r. Erk\u0259n nikah\u0131n, narkomaniyaya meylliliyin v\u0259 dig\u0259r z\u0259r\u0259rli v\u0259rdi\u015fl\u0259rin f\u0259sadlar\u0131ndan dan\u0131\u015fan natiq yeniyetm\u0259l\u0259ri h\u00fcquqazidd \u0259m\u0259ll\u0259rd\u0259n \u00e7\u0259kindirm\u0259k m\u0259qs\u0259dil\u0259 m\u0259d\u0259ni-k\u00fctl\u0259vi t\u0259dbirl\u0259rin say\u0131n\u0131n v\u0259 k\u00fctl\u0259viliyinin art\u0131r\u0131lmas\u0131n\u0131n, ayr\u0131-ayr\u0131 idman n\u00f6vl\u0259ri \u00fczr\u0259 \u00e7oxsayl\u0131 rayon birincilikl\u0259rinin ke\u00e7irilm\u0259sinin, g\u0259ncl\u0259r aras\u0131nda bilik yar\u0131\u015flar\u0131n\u0131n, m\u00fcsabiq\u0259l\u0259rin t\u0259\u015fkilinin z\u0259ruriliyini qeyd etm\u0259kl\u0259,\u00a0 yetkinlik ya\u015f\u0131na \u00e7atmayanlar aras\u0131nda h\u00fcquqpozmalara qar\u015f\u0131 m\u00fcbariz\u0259d\u0259 m\u0259kt\u0259b, pedaqoji kollektiv, ictimai t\u0259\u015fkilatlar, h\u00fcquq-m\u00fchafiz\u0259 orqanlar\u0131 il\u0259 yana\u015f\u0131 a\u011fsaqqallar\u0131n, ail\u0259nin v\u0259 valideynl\u0259rin d\u0259 rolunun art\u0131r\u0131lmas\u0131n\u0131n \u0259h\u0259miyy\u0259tini vur\u011fulam\u0131\u015fd\u0131r.<\/p>\n<p>Konfransda Rayon Polis \u015e\u00f6b\u0259sinin r\u0259is m\u00fcavini Adil \u018fs\u0259dov \u201cRayon \u0259razisind\u0259 yetkinlik ya\u015f\u0131na \u00e7atmayanlar aras\u0131nda h\u00fcquqpozmalar\u0131n v\u0259 cinay\u0259t hallar\u0131n\u0131n v\u0259ziyy\u0259ti v\u0259 buna qar\u015f\u0131 profilaktiki t\u0259dbirl\u0259rin g\u00fccl\u0259ndirilm\u0259si bar\u0259d\u0259\u201d \u0259trafl\u0131 m\u0259ruz\u0259 etmi\u015fdir.<\/p>\n<p>Rayon prokuroru, T\u0259hsil \u015e\u00f6b\u0259sinin m\u00fcdiri, G\u0259ncl\u0259r v\u0259 \u0130dman \u0130dar\u0259sinin r\u0259isi, VVADQ rayon \u015f\u00f6b\u0259sinin m\u00fcdiri, A\u011fsaqqallar \u015euras\u0131n\u0131n s\u0259dri \u00e7\u0131x\u0131\u015f ed\u0259r\u0259k m\u00fczakir\u0259 olunan m\u0259s\u0259l\u0259 il\u0259 ba\u011fl\u0131 \u00f6z fikirl\u0259rini s\u00f6yl\u0259mi\u015f v\u0259 m\u00fcvafiq t\u0259klifl\u0259r ir\u0259li s\u00fcrm\u00fc\u015fl\u0259r.<\/p>\n<p>Konfrans\u0131n sonunda i\u015ftirak\u00e7\u0131lar\u0131 maraqland\u0131ran suallar cavabland\u0131r\u0131lm\u0131\u015fd\u0131r.<\/p>\n<p>Konfransa Rayon \u0130cra Hakimiyy\u0259tinin ba\u015f\u00e7\u0131s\u0131 c\u0259nab L\u00fctv\u0259li Babayev yekun vurmu\u015fdur.<\/p>\n<p><span style=\"color: #0000ff;\"><b>Z\u0259rdab Rayon \u0130cra Hakimiyy\u0259ti<a href=\"http:\/\/www.zerdab.com\/wp-content\/uploads\/2014\/11\/Z\u0259rdab-Rayon-\u0130cra-Hakimiyy\u0259ti.jpg\"><img loading=\"lazy\" decoding=\"async\" class=\"aligncenter size-large wp-image-17397\" alt=\"Z\u0259rdab Rayon \u0130cra Hakimiyy\u0259ti\" src=\"http:\/\/www.zerdab.com\/wp-content\/uploads\/2014\/11\/Z\u0259rdab-Rayon-\u0130cra-Hakimiyy\u0259ti-550x365.jpg\" width=\"550\" height=\"365\" \/><\/a><a href=\"http:\/\/www.zerdab.com\/wp-content\/uploads\/2014\/11\/Z\u0259rdab-Rayon-\u0130cra-Hakimiyy\u0259ti3.jpg\"><img loading=\"lazy\" decoding=\"async\" class=\"aligncenter size-large wp-image-17396\" alt=\"Z\u0259rdab Rayon \u0130cra Hakimiyy\u0259ti\" src=\"http:\/\/www.zerdab.com\/wp-content\/uploads\/2014\/11\/Z\u0259rdab-Rayon-\u0130cra-Hakimiyy\u0259ti3-550x365.jpg\" width=\"550\" height=\"365\" \/><\/a><\/b><\/span><\/p>\n","protected":false},"excerpt":{"rendered":"<p>Z\u0259rdabda \u201cYetkinlik ya\u015f\u0131na \u00e7atmayanlar aras\u0131nda h\u00fcquqpozmalara\u00a0v\u0259 cinay\u0259t hallar\u0131na qar\u015f\u0131 apar\u0131lan profilaktiki t\u0259dbirl\u0259rin daha da\u00a0g\u00fccl\u0259ndirilm\u0259sinin aktual probleml\u0259ri\u201d m\u00f6vzusunda konfrans ke\u00e7irilib \u00a0Az\u0259rbaycan Respublikas\u0131 Prezidenti yan\u0131nda D\u00f6vl\u0259t \u0130dar\u0259\u00e7ilik Akademiyas\u0131nda t\u0259\u015fkil edilmi\u015f seminar m\u00fc\u015favir\u0259d\u0259 \u00e7\u0131x\u0131\u015f ed\u0259n Prezident Administrasiyas\u0131n\u0131n r\u0259hb\u0259ri, akademik c\u0259nab Ramiz Mehdiyev humanitar sah\u0259d\u0259 Rayon \u0130cra Hakimiyy\u0259tl\u0259rinin qar\u015f\u0131s\u0131nda duran v\u0259zif\u0259l\u0259rd\u0259n dan\u0131\u015fm\u0131\u015f v\u0259 bu sah\u0259d\u0259 apar\u0131lan i\u015fl\u0259rin daha da [&hellip;]<\/p>\n","protected":false},"author":1,"featured_media":0,"comment_status":"open","ping_status":"open","sticky":false,"template":"","format":"standard","meta":{"footnotes":""},"categories":[21],"tags":[],"class_list":{"0":"post-17393","1":"post","2":"type-post","3":"status-publish","4":"format-standard","6":"category-zrdab"},"yoast_head":"<!-- This site is optimized with the Yoast SEO plugin v27.0 - https:\/\/yoast.com\/product\/yoast-seo-wordpress\/ -->\n<title>Ramiz Mehdiyevin qald\u0131rd\u0131\u011f\u0131 m\u0259s\u0259l\u0259 il\u0259 ba\u011fl\u0131 Z\u0259rdabda konfrans - Z\u0259rdab.com<\/title>\n<meta name=\"robots\" content=\"index, follow, max-snippet:-1, max-image-preview:large, max-video-preview:-1\" \/>\n<link rel=\"canonical\" href=\"https:\/\/www.zerdab.com\/?p=17393\" \/>\n<meta property=\"og:locale\" content=\"az_AZ\" \/>\n<meta property=\"og:type\" content=\"article\" \/>\n<meta property=\"og:title\" content=\"Ramiz Mehdiyevin qald\u0131rd\u0131\u011f\u0131 m\u0259s\u0259l\u0259 il\u0259 ba\u011fl\u0131 Z\u0259rdabda konfrans - Z\u0259rdab.com\" \/>\n<meta property=\"og:description\" content=\"Z\u0259rdabda \u201cYetkinlik ya\u015f\u0131na \u00e7atmayanlar aras\u0131nda h\u00fcquqpozmalara\u00a0v\u0259 cinay\u0259t hallar\u0131na qar\u015f\u0131 apar\u0131lan profilaktiki t\u0259dbirl\u0259rin daha da\u00a0g\u00fccl\u0259ndirilm\u0259sinin aktual probleml\u0259ri\u201d m\u00f6vzusunda konfrans ke\u00e7irilib \u00a0Az\u0259rbaycan Respublikas\u0131 Prezidenti yan\u0131nda D\u00f6vl\u0259t \u0130dar\u0259\u00e7ilik Akademiyas\u0131nda t\u0259\u015fkil edilmi\u015f seminar m\u00fc\u015favir\u0259d\u0259 \u00e7\u0131x\u0131\u015f ed\u0259n Prezident Administrasiyas\u0131n\u0131n r\u0259hb\u0259ri, akademik c\u0259nab Ramiz Mehdiyev humanitar sah\u0259d\u0259 Rayon \u0130cra Hakimiyy\u0259tl\u0259rinin qar\u015f\u0131s\u0131nda duran v\u0259zif\u0259l\u0259rd\u0259n dan\u0131\u015fm\u0131\u015f v\u0259 bu sah\u0259d\u0259 apar\u0131lan i\u015fl\u0259rin daha da [&hellip;]\" \/>\n<meta property=\"og:url\" content=\"https:\/\/www.zerdab.com\/?p=17393\" \/>\n<meta property=\"og:site_name\" content=\"Z\u0259rdab.com\" \/>\n<meta property=\"article:published_time\" content=\"2014-11-21T10:46:05+00:00\" \/>\n<meta property=\"article:modified_time\" content=\"2014-11-21T18:32:28+00:00\" \/>\n<meta name=\"author\" content=\"admin\" \/>\n<meta name=\"twitter:card\" content=\"summary_large_image\" \/>\n<meta name=\"twitter:label1\" content=\"Written by\" \/>\n\t<meta name=\"twitter:data1\" content=\"admin\" \/>\n\t<meta name=\"twitter:label2\" content=\"Est. reading time\" \/>\n\t<meta name=\"twitter:data2\" content=\"3 minutes\" \/>\n<script type=\"application\/ld+json\" class=\"yoast-schema-graph\">{\"@context\":\"https:\/\/schema.org\",\"@graph\":[{\"@type\":\"Article\",\"@id\":\"https:\/\/www.zerdab.com\/?p=17393#article\",\"isPartOf\":{\"@id\":\"https:\/\/www.zerdab.com\/?p=17393\"},\"author\":{\"name\":\"admin\",\"@id\":\"https:\/\/www.zerdab.com\/#\/schema\/person\/97079b7570c1e89ec0d9e138c3672136\"},\"headline\":\"Ramiz Mehdiyevin qald\u0131rd\u0131\u011f\u0131 m\u0259s\u0259l\u0259 il\u0259 ba\u011fl\u0131 Z\u0259rdabda konfrans\",\"datePublished\":\"2014-11-21T10:46:05+00:00\",\"dateModified\":\"2014-11-21T18:32:28+00:00\",\"mainEntityOfPage\":{\"@id\":\"https:\/\/www.zerdab.com\/?p=17393\"},\"wordCount\":689,\"commentCount\":1,\"articleSection\":[\"C\u018fM\u0130YY\u018fT\"],\"inLanguage\":\"az\",\"potentialAction\":[{\"@type\":\"CommentAction\",\"name\":\"Comment\",\"target\":[\"https:\/\/www.zerdab.com\/?p=17393#respond\"]}]},{\"@type\":\"WebPage\",\"@id\":\"https:\/\/www.zerdab.com\/?p=17393\",\"url\":\"https:\/\/www.zerdab.com\/?p=17393\",\"name\":\"Ramiz Mehdiyevin qald\u0131rd\u0131\u011f\u0131 m\u0259s\u0259l\u0259 il\u0259 ba\u011fl\u0131 Z\u0259rdabda konfrans - Z\u0259rdab.com\",\"isPartOf\":{\"@id\":\"https:\/\/www.zerdab.com\/#website\"},\"datePublished\":\"2014-11-21T10:46:05+00:00\",\"dateModified\":\"2014-11-21T18:32:28+00:00\",\"author\":{\"@id\":\"https:\/\/www.zerdab.com\/#\/schema\/person\/97079b7570c1e89ec0d9e138c3672136\"},\"breadcrumb\":{\"@id\":\"https:\/\/www.zerdab.com\/?p=17393#breadcrumb\"},\"inLanguage\":\"az\",\"potentialAction\":[{\"@type\":\"ReadAction\",\"target\":[\"https:\/\/www.zerdab.com\/?p=17393\"]}]},{\"@type\":\"BreadcrumbList\",\"@id\":\"https:\/\/www.zerdab.com\/?p=17393#breadcrumb\",\"itemListElement\":[{\"@type\":\"ListItem\",\"position\":1,\"name\":\"Home\",\"item\":\"https:\/\/www.zerdab.com\/\"},{\"@type\":\"ListItem\",\"position\":2,\"name\":\"Ramiz Mehdiyevin qald\u0131rd\u0131\u011f\u0131 m\u0259s\u0259l\u0259 il\u0259 ba\u011fl\u0131 Z\u0259rdabda konfrans\"}]},{\"@type\":\"WebSite\",\"@id\":\"https:\/\/www.zerdab.com\/#website\",\"url\":\"https:\/\/www.zerdab.com\/\",\"name\":\"Z\u0259rdab.com\",\"description\":\"\",\"potentialAction\":[{\"@type\":\"SearchAction\",\"target\":{\"@type\":\"EntryPoint\",\"urlTemplate\":\"https:\/\/www.zerdab.com\/?s={search_term_string}\"},\"query-input\":{\"@type\":\"PropertyValueSpecification\",\"valueRequired\":true,\"valueName\":\"search_term_string\"}}],\"inLanguage\":\"az\"},{\"@type\":\"Person\",\"@id\":\"https:\/\/www.zerdab.com\/#\/schema\/person\/97079b7570c1e89ec0d9e138c3672136\",\"name\":\"admin\",\"image\":{\"@type\":\"ImageObject\",\"inLanguage\":\"az\",\"@id\":\"https:\/\/www.zerdab.com\/#\/schema\/person\/image\/\",\"url\":\"https:\/\/secure.gravatar.com\/avatar\/d9c52a9a27c32119cb6679a077fa3e2779e5f822c451cbf01098004361d466ec?s=96&d=mm&r=g\",\"contentUrl\":\"https:\/\/secure.gravatar.com\/avatar\/d9c52a9a27c32119cb6679a077fa3e2779e5f822c451cbf01098004361d466ec?s=96&d=mm&r=g\",\"caption\":\"admin\"},\"url\":\"https:\/\/www.zerdab.com\/?author=1\"}]}<\/script>\n<!-- \/ Yoast SEO plugin. -->","yoast_head_json":{"title":"Ramiz Mehdiyevin qald\u0131rd\u0131\u011f\u0131 m\u0259s\u0259l\u0259 il\u0259 ba\u011fl\u0131 Z\u0259rdabda konfrans - Z\u0259rdab.com","robots":{"index":"index","follow":"follow","max-snippet":"max-snippet:-1","max-image-preview":"max-image-preview:large","max-video-preview":"max-video-preview:-1"},"canonical":"https:\/\/www.zerdab.com\/?p=17393","og_locale":"az_AZ","og_type":"article","og_title":"Ramiz Mehdiyevin qald\u0131rd\u0131\u011f\u0131 m\u0259s\u0259l\u0259 il\u0259 ba\u011fl\u0131 Z\u0259rdabda konfrans - Z\u0259rdab.com","og_description":"Z\u0259rdabda \u201cYetkinlik ya\u015f\u0131na \u00e7atmayanlar aras\u0131nda h\u00fcquqpozmalara\u00a0v\u0259 cinay\u0259t hallar\u0131na qar\u015f\u0131 apar\u0131lan profilaktiki t\u0259dbirl\u0259rin daha da\u00a0g\u00fccl\u0259ndirilm\u0259sinin aktual probleml\u0259ri\u201d m\u00f6vzusunda konfrans ke\u00e7irilib \u00a0Az\u0259rbaycan Respublikas\u0131 Prezidenti yan\u0131nda D\u00f6vl\u0259t \u0130dar\u0259\u00e7ilik Akademiyas\u0131nda t\u0259\u015fkil edilmi\u015f seminar m\u00fc\u015favir\u0259d\u0259 \u00e7\u0131x\u0131\u015f ed\u0259n Prezident Administrasiyas\u0131n\u0131n r\u0259hb\u0259ri, akademik c\u0259nab Ramiz Mehdiyev humanitar sah\u0259d\u0259 Rayon \u0130cra Hakimiyy\u0259tl\u0259rinin qar\u015f\u0131s\u0131nda duran v\u0259zif\u0259l\u0259rd\u0259n dan\u0131\u015fm\u0131\u015f v\u0259 bu sah\u0259d\u0259 apar\u0131lan i\u015fl\u0259rin daha da [&hellip;]","og_url":"https:\/\/www.zerdab.com\/?p=17393","og_site_name":"Z\u0259rdab.com","article_published_time":"2014-11-21T10:46:05+00:00","article_modified_time":"2014-11-21T18:32:28+00:00","author":"admin","twitter_card":"summary_large_image","twitter_misc":{"Written by":"admin","Est. reading time":"3 minutes"},"schema":{"@context":"https:\/\/schema.org","@graph":[{"@type":"Article","@id":"https:\/\/www.zerdab.com\/?p=17393#article","isPartOf":{"@id":"https:\/\/www.zerdab.com\/?p=17393"},"author":{"name":"admin","@id":"https:\/\/www.zerdab.com\/#\/schema\/person\/97079b7570c1e89ec0d9e138c3672136"},"headline":"Ramiz Mehdiyevin qald\u0131rd\u0131\u011f\u0131 m\u0259s\u0259l\u0259 il\u0259 ba\u011fl\u0131 Z\u0259rdabda konfrans","datePublished":"2014-11-21T10:46:05+00:00","dateModified":"2014-11-21T18:32:28+00:00","mainEntityOfPage":{"@id":"https:\/\/www.zerdab.com\/?p=17393"},"wordCount":689,"commentCount":1,"articleSection":["C\u018fM\u0130YY\u018fT"],"inLanguage":"az","potentialAction":[{"@type":"CommentAction","name":"Comment","target":["https:\/\/www.zerdab.com\/?p=17393#respond"]}]},{"@type":"WebPage","@id":"https:\/\/www.zerdab.com\/?p=17393","url":"https:\/\/www.zerdab.com\/?p=17393","name":"Ramiz Mehdiyevin qald\u0131rd\u0131\u011f\u0131 m\u0259s\u0259l\u0259 il\u0259 ba\u011fl\u0131 Z\u0259rdabda konfrans - Z\u0259rdab.com","isPartOf":{"@id":"https:\/\/www.zerdab.com\/#website"},"datePublished":"2014-11-21T10:46:05+00:00","dateModified":"2014-11-21T18:32:28+00:00","author":{"@id":"https:\/\/www.zerdab.com\/#\/schema\/person\/97079b7570c1e89ec0d9e138c3672136"},"breadcrumb":{"@id":"https:\/\/www.zerdab.com\/?p=17393#breadcrumb"},"inLanguage":"az","potentialAction":[{"@type":"ReadAction","target":["https:\/\/www.zerdab.com\/?p=17393"]}]},{"@type":"BreadcrumbList","@id":"https:\/\/www.zerdab.com\/?p=17393#breadcrumb","itemListElement":[{"@type":"ListItem","position":1,"name":"Home","item":"https:\/\/www.zerdab.com\/"},{"@type":"ListItem","position":2,"name":"Ramiz Mehdiyevin qald\u0131rd\u0131\u011f\u0131 m\u0259s\u0259l\u0259 il\u0259 ba\u011fl\u0131 Z\u0259rdabda konfrans"}]},{"@type":"WebSite","@id":"https:\/\/www.zerdab.com\/#website","url":"https:\/\/www.zerdab.com\/","name":"Z\u0259rdab.com","description":"","potentialAction":[{"@type":"SearchAction","target":{"@type":"EntryPoint","urlTemplate":"https:\/\/www.zerdab.com\/?s={search_term_string}"},"query-input":{"@type":"PropertyValueSpecification","valueRequired":true,"valueName":"search_term_string"}}],"inLanguage":"az"},{"@type":"Person","@id":"https:\/\/www.zerdab.com\/#\/schema\/person\/97079b7570c1e89ec0d9e138c3672136","name":"admin","image":{"@type":"ImageObject","inLanguage":"az","@id":"https:\/\/www.zerdab.com\/#\/schema\/person\/image\/","url":"https:\/\/secure.gravatar.com\/avatar\/d9c52a9a27c32119cb6679a077fa3e2779e5f822c451cbf01098004361d466ec?s=96&d=mm&r=g","contentUrl":"https:\/\/secure.gravatar.com\/avatar\/d9c52a9a27c32119cb6679a077fa3e2779e5f822c451cbf01098004361d466ec?s=96&d=mm&r=g","caption":"admin"},"url":"https:\/\/www.zerdab.com\/?author=1"}]}},"_links":{"self":[{"href":"https:\/\/www.zerdab.com\/index.php?rest_route=\/wp\/v2\/posts\/17393","targetHints":{"allow":["GET"]}}],"collection":[{"href":"https:\/\/www.zerdab.com\/index.php?rest_route=\/wp\/v2\/posts"}],"about":[{"href":"https:\/\/www.zerdab.com\/index.php?rest_route=\/wp\/v2\/types\/post"}],"author":[{"embeddable":true,"href":"https:\/\/www.zerdab.com\/index.php?rest_route=\/wp\/v2\/users\/1"}],"replies":[{"embeddable":true,"href":"https:\/\/www.zerdab.com\/index.php?rest_route=%2Fwp%2Fv2%2Fcomments&post=17393"}],"version-history":[{"count":2,"href":"https:\/\/www.zerdab.com\/index.php?rest_route=\/wp\/v2\/posts\/17393\/revisions"}],"predecessor-version":[{"id":17401,"href":"https:\/\/www.zerdab.com\/index.php?rest_route=\/wp\/v2\/posts\/17393\/revisions\/17401"}],"wp:attachment":[{"href":"https:\/\/www.zerdab.com\/index.php?rest_route=%2Fwp%2Fv2%2Fmedia&parent=17393"}],"wp:term":[{"taxonomy":"category","embeddable":true,"href":"https:\/\/www.zerdab.com\/index.php?rest_route=%2Fwp%2Fv2%2Fcategories&post=17393"},{"taxonomy":"post_tag","embeddable":true,"href":"https:\/\/www.zerdab.com\/index.php?rest_route=%2Fwp%2Fv2%2Ftags&post=17393"}],"curies":[{"name":"wp","href":"https:\/\/api.w.org\/{rel}","templated":true}]}}