{"id":17399,"date":"2014-11-21T22:31:16","date_gmt":"2014-11-21T18:31:16","guid":{"rendered":"http:\/\/www.zerdab.com\/?p=17399"},"modified":"2014-11-21T22:42:31","modified_gmt":"2014-11-21T18:42:31","slug":"lutv%c9%99li-babayev-yazir-fransada-n%c9%99l%c9%99r-gorduk-n%c9%99l%c9%99r-oyr%c9%99ndik","status":"publish","type":"post","link":"https:\/\/www.zerdab.com\/?p=17399","title":{"rendered":"L\u00fctv\u0259li Babayev yaz\u0131r: \u201cFransada n\u0259l\u0259r g\u00f6rd\u00fck, n\u0259l\u0259r \u00f6yr\u0259ndik?\u201d"},"content":{"rendered":"<p><a href=\"http:\/\/www.zerdab.com\/wp-content\/uploads\/2014\/11\/L\u00fctv\u0259li-Babayev.jpg\"><img loading=\"lazy\" decoding=\"async\" class=\"aligncenter size-large wp-image-17185\" alt=\"L\u00fctv\u0259li Babayev\" src=\"http:\/\/www.zerdab.com\/wp-content\/uploads\/2014\/11\/L\u00fctv\u0259li-Babayev-550x341.jpg\" width=\"550\" height=\"341\" \/><\/a>Az\u0259rbaycan Respublikas\u0131n\u0131n Prezidenti \u0130lham \u018fliyevin g\u00f6st\u0259ri\u015fi il\u0259 bu il noyabr\u0131n 2-d\u0259n 9-d\u0259k Fransada i\u015fg\u00fczar s\u0259f\u0259rd\u0259 olan \u00f6lk\u0259mizin \u015f\u0259h\u0259r v\u0259 rayon icra hakimiyy\u0259ti ba\u015f\u00e7\u0131lar\u0131ndan ibar\u0259t qrupda m\u0259n d\u0259 var idim. Maraql\u0131 olaca\u011f\u0131n\u0131 n\u0259z\u0259r\u0259 al\u0131b s\u0259f\u0259r t\u0259\u0259ss\u00fcrat\u0131m\u0131 y\u0131\u011fcam olaraq q\u0259l\u0259m\u0259 ald\u0131m.\u00a0 \u018flb\u0259tt\u0259, m\u0259qs\u0259d, d\u00f6vl\u0259timizin ba\u015f\u00e7\u0131s\u0131n\u0131n t\u00f6vsiy\u0259 v\u0259 tap\u015f\u0131r\u0131qlar\u0131na uy\u011fun olaraq, Fransan\u0131n yerli t\u0259cr\u00fcb\u0259sini, qabaqc\u0131l Avropa \u015f\u0259h\u0259rl\u0259rinin inzibati idar\u0259etm\u0259sini, \u015f\u0259h\u0259r infrastrukturunu, m\u00fcasir \u015f\u0259h\u0259rsalma m\u0259d\u0259niyy\u0259tini \u00f6yr\u0259nm\u0259k idi.<\/p>\n<p>Bizi bu g\u00f6z\u0259l v\u0259 \u0259srar\u0259ngiz \u00f6lk\u0259d\u0259 h\u00f6rm\u0259tl\u0259 v\u0259 mehribanl\u0131qla qar\u015f\u0131lad\u0131lar. S\u0259f\u0259rimizin proqram\u0131na uy\u011fun olaraq, Parisin m\u0259\u015fhur \u201cMarriott\u201d otelind\u0259 yerl\u0259\u015fdik.\u00a0 Yeri g\u0259lmi\u015fk\u0259n deyim ki, Fransa Respublikas\u0131n\u0131n \u0259razisi 633 min kvadratkilometr, \u0259halisi 65,9 milyon n\u0259f\u0259rdir (2013-c\u00fc il). \u018fsas \u015f\u0259h\u0259rl\u0259ri Paris (paytaxt), Marsel, Lion, Lil, Tuluza v\u0259 Strasburq olan Fransa \u0259halisinin 83-88 faizi katolikl\u0259r, 5-10 faizi m\u00fcs\u0259lmanlar, 2 faizi protestantlar, 1 faizi y\u0259hudil\u0259rdir v\u0259 \u0259n q\u0259rib\u0259si budur ki, Fransada ya\u015fayanlar\u0131n 4 faizi dinsizl\u0259rdir. R\u0259smi d\u00f6vl\u0259t dili frans\u0131z dili olan bu \u00f6lk\u0259nin \u0259sas milli bayram\u0131 Bastiliyan\u0131n al\u0131nmas\u0131 g\u00fcn\u00fc \u201314 iyuldur (1789-cu il).<\/p>\n<p>Respublika d\u00f6vl\u0259t qurulu\u015funa malik olan Fransan\u0131n ali r\u0259hb\u0259ri, Prezident \u00fcmumi birba\u015fa s\u0259sverm\u0259 yolu il\u0259 5 il m\u00fcdd\u0259tin\u0259 se\u00e7ilir. D\u00f6vl\u0259t ba\u015f\u00e7\u0131s\u0131 ba\u015f naziri t\u0259yin edir, silahl\u0131 q\u00fcvv\u0259l\u0259rin ali ba\u015f komandan\u0131d\u0131r, Milli M\u0259clisi buraxa bil\u0259r, \u00f6lk\u0259d\u0259 \u00e7ox ciddi b\u00f6hran olarsa, x\u00fcsusi hakimiyy\u0259t s\u0259lahiyy\u0259tl\u0259rin\u0259 malikdir. F\u0259aliyy\u0259t qabiliyy\u0259ti olmazsa, Prezidentin s\u0259lahiyy\u0259tl\u0259rini Senat\u0131n s\u0259dri icra edir.<\/p>\n<p>\u00d6lk\u0259nin icraedici hakimiyy\u0259ti ba\u015f nazirin ba\u015f\u00e7\u0131l\u0131q etdiyi Nazirl\u0259r Kabinetidir. Ba\u015f nazirin namiz\u0259dliyini Milli M\u0259clis ir\u0259li s\u00fcr\u00fcr v\u0259 Prezident t\u0259r\u0259find\u0259n t\u0259yin edilir. Fransa h\u00f6kum\u0259ti parlament qar\u015f\u0131s\u0131nda hesabat verir.<\/p>\n<p>S\u0259f\u0259rimizin ilk g\u00fcn\u00fc g\u00fcnortadan sonra Paris \u015f\u0259h\u0259rinin g\u00f6rm\u0259li yerl\u0259ri il\u0259 tan\u0131\u015f olduq, Fransaya d\u00fcnya \u015f\u00f6hr\u0259ti qazand\u0131ran Eyfel q\u00fcll\u0259sin\u0259 qalxd\u0131q. Otel\u0259 qay\u0131dandan sonra n\u0259inki Avropan\u0131n, h\u0259m d\u0259 d\u00fcnyan\u0131n \u0259n qabaqc\u0131l paytaxt \u015f\u0259h\u0259rl\u0259rind\u0259n olan Parisin gec\u0259 m\u0259nz\u0259r\u0259sini seyr etdik v\u0259 bir daha \u0259min olduq v\u0259 q\u00fcrur hissi ke\u00e7irdik ki, bizim sevimli Bak\u0131 \u015f\u0259h\u0259rimiz indi \u00f6z g\u00f6z\u0259lliyi il\u0259 bu f\u00fcsunkar Avropa \u015f\u0259h\u0259rind\u0259n \u0259sla geri qalm\u0131r.<\/p>\n<p>N\u00fcmay\u0259nd\u0259 hey\u0259timiz noyabr\u0131n 3-d\u0259 Parisd\u0259n Bove \u015f\u0259h\u0259rin\u0259 yola d\u00fc\u015fd\u00fc. Bove \u015e\u0259h\u0259r B\u0259l\u0259diyy\u0259 \u0130dar\u0259sind\u0259 b\u0259l\u0259diyy\u0259 s\u0259dri, senator xan\u0131m Karolin Kay\u00f6 v\u0259 \u015f\u0259h\u0259r merinin birinci m\u00fcavini Frank Pia bizi mehribanl\u0131qla qar\u015f\u0131lad\u0131lar. \u00d6lk\u0259miz haqq\u0131nda r\u0259\u011fb\u0259tl\u0259 dan\u0131\u015fan xan\u0131m K.Kay\u00f6 Az\u0259rbaycan\u0131n nailiyy\u0259tl\u0259ri bar\u0259d\u0259 m\u0259lumatl\u0131 oldu\u011funu dedi v\u0259 qeyd etdi ki, Az\u0259rbaycan\u0131n son ill\u0259rd\u0259ki iqtisadi inki\u015faf\u0131 h\u0259tta Fransa il\u0259 m\u00fcqayis\u0259d\u0259 y\u00fcks\u0259kdir. O, bel\u0259 t\u0259cr\u00fcb\u0259 m\u00fcbadil\u0259sinin Fransa \u00fc\u00e7\u00fcn d\u0259 \u00e7ox \u00f6n\u0259mli oldu\u011funu vur\u011fulad\u0131.<\/p>\n<p>Bove \u015f\u0259h\u0259rind\u0259ki g\u00f6r\u00fc\u015f\u00fcm\u00fcz \u00e7ox \u0259h\u0259miyy\u0259tli oldu. Orada apar\u0131lan yenid\u0259nqurma i\u015fl\u0259ri, \u015f\u0259h\u0259rin bu sah\u0259d\u0259ki u\u011furlu t\u0259cr\u00fcb\u0259si,\u00a0 n\u0259qliyyat\u0131n idar\u0259etm\u0259 mexanizmi il\u0259 yax\u0131ndan tan\u0131\u015fl\u0131q, bu m\u00f6vzuda t\u0259qdimat bizd\u0259 z\u0259ngin t\u0259\u0259ss\u00fcrat oyatd\u0131. \u015e\u00fcbh\u0259siz ki, Fransa t\u0259cr\u00fcb\u0259si Az\u0259rbaycan\u0131m\u0131z\u0131n \u015f\u0259h\u0259r v\u0259 rayonlar\u0131nda da \u00e7ox g\u00f6z\u0259l t\u0259tbiq oluna bil\u0259r. Bununla bel\u0259, xan\u0131m K. Kay\u00f6n\u00fcn v\u0259 Frank Pian\u0131n da etiraf etdikl\u0259ri kimi, frans\u0131zlar da bizd\u0259n \u00e7ox \u015fey \u00f6yr\u0259n\u0259 bil\u0259rl\u0259r.<\/p>\n<p>S\u0259f\u0259rimizin n\u00f6vb\u0259ti g\u00fcn\u00fcnd\u0259 q\u0259dim v\u0259 z\u0259ngin tarixi memarl\u0131q abid\u0259l\u0259ri il\u0259 d\u00fcnyan\u0131 heyr\u0259tl\u0259ndir\u0259n Fransan\u0131n m\u0259\u015fhur Saint-Pierre kils\u0259si, Maladrerie q\u0259sri il\u0259 tan\u0131\u015fl\u0131q bizd\u0259 z\u0259ngin t\u0259\u0259ss\u00fcrat oyatd\u0131. Bu \u015f\u0259h\u0259rin m\u00fc\u0259ssis\u0259l\u0259ri il\u0259 d\u0259 yax\u0131ndan tan\u0131\u015f olduq v\u0259 onlar\u0131n t\u0259cr\u00fcb\u0259sini \u00f6z \u015f\u0259h\u0259r v\u0259 rayonlar\u0131m\u0131zda t\u0259tbiq etm\u0259yin \u00e7ox faydal\u0131 olaca\u011f\u0131 q\u0259na\u0259tin\u0259 g\u0259ldik.\u00a0 N\u00f6vb\u0259ti g\u00fcn Versal \u015f\u0259h\u0259rin\u0259 yollanaraq, d\u00fcnyan\u0131n nadir memarl\u0131q incil\u0259rind\u0259n olan q\u0259dim v\u0259 \u0259z\u0259m\u0259tli Versal saray\u0131 il\u0259 tan\u0131\u015f olduq. H\u0259min g\u00fcn Paris\u0259 qay\u0131daraq, \u015f\u0259h\u0259rin tarixi abid\u0259l\u0259rin\u0259 tama\u015fa etdik. M\u0259\u015fhur d\u00f6vl\u0259t ba\u015f\u00e7\u0131s\u0131, s\u0259rk\u0259rd\u0259 Napoleonun m\u0259qb\u0259r\u0259si, d\u00fcnya inc\u0259s\u0259n\u0259tinin nadir n\u00fcmun\u0259l\u0259ri qorunub saxlanan Luvr muzeyi, dahi frans\u0131z yaz\u0131\u00e7\u0131lar\u0131 Viktor H\u00fcqonun, Aleksandr D\u00fcman\u0131n yarad\u0131c\u0131l\u0131\u011f\u0131nda x\u00fcsusi yeri olan \u201cNotre Dame\u201d kils\u0259si il\u0259 tan\u0131\u015fl\u0131q bizi \u00e7ox t\u0259sirl\u0259ndirdi.<\/p>\n<p>Yeri g\u0259lmi\u015fk\u0259n deyim ki, s\u0259f\u0259rimiz boyu m\u0259n A. D\u00fcman\u0131n (Ata) \u201cQafqaz s\u0259f\u0259ri\u201d adl\u0131 s\u0259yah\u0259t qeydl\u0259ri \u0259s\u0259rind\u0259 Az\u0259rbaycan haqq\u0131nda yazd\u0131qlar\u0131n\u0131 v\u0259 xalq\u0131m\u0131za verdiyi y\u00fcks\u0259k qiym\u0259ti d\u00f6n\u0259-d\u00f6n\u0259 xat\u0131rlay\u0131rd\u0131m. Dahi frans\u0131z yaz\u0131\u00e7\u0131s\u0131 h\u0259min \u0259s\u0259rind\u0259 qeyd edir ki, m\u0259n 1859-cu ild\u0259 Az\u0259rbaycana s\u0259yah\u0259t ed\u0259rk\u0259n, az\u0259rbaycanl\u0131lar m\u0259ni duz-\u00e7\u00f6r\u0259kl\u0259 qar\u015f\u0131lad\u0131lar (Sumqay\u0131t yax\u0131nl\u0131\u011f\u0131nda), Suraxan\u0131da bir ail\u0259nin qona\u011f\u0131 olark\u0259n, bu xalqda \u00e7ox y\u00fcks\u0259k m\u0259d\u0259niyy\u0259t g\u00f6rd\u00fcm. Az\u0259rbaycan\u0131n t\u0259bi\u0259ti v\u0259 insanlar\u0131 heyr\u0259tamizdir. Az\u0259rbaycanl\u0131lar h\u0259ssas, s\u0259mimi, qay\u011f\u0131ke\u015f, a\u011f\u0131ll\u0131, qonaqp\u0259rv\u0259r, mehriban, s\u00f6z\u00fcb\u00fct\u00f6v, do\u011frucul, d\u0259yan\u0259tli, m\u0259rd, \u00e7evik, q\u0259dd-qam\u0259tli v\u0259 g\u00f6z\u0259ldirl\u0259r. El\u0259 xalqlar var ki, \u00f6z \u0259li il\u0259 imza qoydu\u011fu, m\u00f6h\u00fcr vurdu\u011fu s\u0259n\u0259dd\u0259n d\u0259 boyun qa\u00e7\u0131r\u0131r, az\u0259rbaycanl\u0131larda is\u0259 ki\u015fi s\u00f6z\u00fc var. Onlarla bir \u015fey bar\u0259d\u0259 s\u00f6vd\u0259l\u0259\u015f\u0259nd\u0259 s\u0259n\u0259d, imza, m\u00f6h\u00fcr t\u0259l\u0259b etm\u0259k laz\u0131m deyil, az\u0259rbaycanl\u0131 verdiyi s\u00f6zd\u0259n he\u00e7 vaxt d\u00f6nm\u0259z.<\/p>\n<p>N\u00fcmay\u0259nd\u0259 hey\u0259timiz n\u00f6vb\u0259ti s\u0259f\u0259r g\u00fcn\u00fcnd\u0259 Fransa Merl\u0259ri Assosiasiyas\u0131n\u0131n prezidenti Jacques Pelissard il\u0259 g\u00f6r\u00fc\u015fd\u00fc. J.Pelissard r\u0259hb\u0259rlik etdiyi qurumun m\u00fcst\u0259qil f\u0259aliyy\u0259t g\u00f6st\u0259rdiyini, \u00f6lk\u0259nin b\u00fct\u00fcn icmalar\u0131n\u0131 \u00f6z\u00fcnd\u0259 birl\u0259\u015fdirdiyini, t\u0259\u015fkilat\u0131n f\u0259aliyy\u0259tinin t\u0259hsil, ekologiya, maliyy\u0259 kimi sah\u0259l\u0259ri \u0259hat\u0259 etdiyini diqq\u0259t\u0259 \u00e7atd\u0131rd\u0131. Assosiasiyada \u00e7al\u0131\u015fan 70 n\u0259f\u0259rin \u015f\u0259h\u0259rl\u0259rin idar\u0259 edilm\u0259si sah\u0259sind\u0259 b\u00f6y\u00fck t\u0259cr\u00fcb\u0259y\u0259 malik olduqlar\u0131n\u0131, \u015f\u0259h\u0259rsalma il\u0259 ba\u011fl\u0131 qanunvericiliyin elmi m\u00fcdd\u0259alar\u0131n\u0131 yax\u015f\u0131 m\u0259nims\u0259dikl\u0259rini vur\u011fulad\u0131, Az\u0259rbaycan\u0131n \u015f\u0259h\u0259r v\u0259 rayonlar\u0131n\u0131n icra ba\u015f\u00e7\u0131lar\u0131 il\u0259 ilk d\u0259f\u0259 g\u00f6r\u00fc\u015fd\u00fcy\u00fcn\u00fc, g\u0259l\u0259c\u0259kd\u0259 \u015f\u0259h\u0259rsalma m\u0259s\u0259l\u0259sind\u0259 birg\u0259 \u0259m\u0259kda\u015fl\u0131\u011f\u0131n davam etdiril\u0259c\u0259yin\u0259 v\u0259 \u0259ld\u0259 olunan t\u0259cr\u00fcb\u0259l\u0259rin b\u00f6l\u00fc\u015fd\u00fcr\u00fcl\u0259c\u0259yin\u0259 \u00fcmid etdiyini bildirdi.<\/p>\n<p>\u00dcmumiyy\u0259tl\u0259, s\u0259f\u0259rimizin proqram\u0131 el\u0259 t\u0259rtib olunmu\u015fdu ki, n\u0259inki 1 g\u00fcn\u00fcm\u00fcz, h\u0259tta 1 saat\u0131m\u0131z bel\u0259 faydas\u0131z ke\u00e7mirdi. El\u0259 noyabr\u0131n 5-d\u0259 \u2013 s\u0259f\u0259rimizin 4-c\u00fc g\u00fcn\u00fc Alenson \u015f\u0259h\u0259rind\u0259ki h\u0259r n\u00f6v elektrik avadanl\u0131qlar\u0131 istehsal ed\u0259n \u201cGoavec Engineerinq\u201d m\u00fc\u0259ssis\u0259si il\u0259 tan\u0131\u015fl\u0131q \u00e7ox \u0259h\u0259miyy\u0259tli idi. Burada istehsal olunan cihaz v\u0259 avadanl\u0131qlar d\u00fcnyada \u015f\u00f6hr\u0259t qazanm\u0131\u015fd\u0131r v\u0259 bu zavodun qabaqc\u0131l t\u0259cr\u00fcb\u0259sinin \u00f6lk\u0259mizin regionlar\u0131nda da t\u0259tbiq edilm\u0259si s\u0259m\u0259r\u0259li olacaq.<\/p>\n<p>Vimoutiers kils\u0259si v\u0259 \u201cCrouttes\u201d heyvandarl\u0131q fermas\u0131 il\u0259 tan\u0131\u015fl\u0131\u011f\u0131m\u0131z da son d\u0259r\u0259c\u0259 \u0259h\u0259miyy\u0259tli idi. \u201cCrouttes\u201d heyvandarl\u0131q fermas\u0131n\u0131n i\u015f prinsipi il\u0259 tan\u0131\u015fl\u0131q bizd\u0259 b\u00f6y\u00fck maraq do\u011furdu v\u0259 d\u00fc\u015f\u00fcn\u00fcr\u0259m ki, frans\u0131zlar\u0131n i\u015f t\u0259cr\u00fcb\u0259sind\u0259n bizim Z\u0259rdab rayonunda heyvandarl\u0131\u011f\u0131n daha da inki\u015faf\u0131 \u00fc\u00e7\u00fcn b\u0259hr\u0259l\u0259nm\u0259k olar.<\/p>\n<p>Biz daha m\u0259hsuldar cinsd\u0259n olan heyvanlar\u0131n al\u0131n\u0131b \u00f6lk\u0259miz\u0259 g\u0259tirilm\u0259sind\u0259n, respublikam\u0131zda maldarl\u0131\u011f\u0131n daha s\u00fcr\u0259tli inki\u015faf\u0131 m\u0259qs\u0259dil\u0259 h\u0259yata ke\u00e7iril\u0259n t\u0259dbirl\u0259rd\u0259n, \u00fcmum\u0259n heyvandarl\u0131qda yeni v\u0259 m\u00fcasir texnologiyalar\u0131n geni\u015f t\u0259tbiq olunmas\u0131ndan v\u0259 u\u011furlar\u0131m\u0131zdan dan\u0131\u015fd\u0131q, bu sah\u0259d\u0259 \u0259m\u0259kda\u015fl\u0131\u011f\u0131n \u00f6lk\u0259l\u0259rimiz \u00fc\u00e7\u00fcn faydal\u0131 olaca\u011f\u0131n\u0131 diqq\u0259t\u0259 \u00e7atd\u0131rd\u0131q.<\/p>\n<p>Parisd\u0259 milli m\u0259tbuat\u0131m\u0131z\u0131n banisi H\u0259s\u0259n b\u0259y Z\u0259rdabinin q\u0131z\u0131 P\u0259ri\u00a0 xan\u0131m\u0131n h\u0259yat yolda\u015f\u0131, Az\u0259rbaycan Demokratik Respublikas\u0131 Parlamentinin ilk s\u0259dri \u018flim\u0259rdan b\u0259y Top\u00e7uba\u015fovun v\u0259 ail\u0259 \u00fczvl\u0259rinin o q\u0259rib diyardak\u0131 m\u0259zarlar\u0131n\u0131 ziyar\u0259t etm\u0259k m\u0259ni h\u0259m sevindirdi, h\u0259m d\u0259 k\u00f6vr\u0259ltdi.<\/p>\n<p>Parisd\u0259 bir az\u0259rbaycanl\u0131 h\u0259rbi t\u0259yyar\u0259\u00e7inin d\u0259 m\u0259zar\u0131n\u0131 ehtiramla ziyar\u0259t etdik, frans\u0131zlara Az\u0259rbaycan o\u011ful v\u0259 q\u0131zlar\u0131n\u0131n II D\u00fcnya m\u00fcharib\u0259sind\u0259 fa\u015fizm\u0259 qar\u015f\u0131 q\u0259hr\u0259manl\u0131qla vuru\u015fduqlar\u0131n\u0131 xat\u0131rlatd\u0131q.<\/p>\n<p>D\u00fcnyan\u0131n \u0259n g\u00f6z\u0259l v\u0259 t\u0259krars\u0131z \u015f\u0259h\u0259rl\u0259rind\u0259n olan Parisd\u0259 Az\u0259rbaycan M\u0259d\u0259niyy\u0259t M\u0259rk\u0259zi il\u0259 d\u0259 yax\u0131ndan tan\u0131\u015f olduq. M\u0259rk\u0259zd\u0259 Az\u0259rbaycan\u0131n d\u00fcn\u0259nini v\u0259 bug\u00fcn\u00fcn\u00fc, nailiyy\u0259tl\u0259rini \u0259ks etdir\u0259n z\u0259ngin materiallar respublikam\u0131z\u0131 daha yax\u0131ndan tan\u0131tmaqda \u0259h\u0259miyy\u0259tli rol oynay\u0131r. Burada m\u00fcnt\u0259z\u0259m olaraq ke\u00e7iril\u0259n g\u00f6r\u00fc\u015fl\u0259r \u00f6lk\u0259mizin z\u0259ngin m\u0259d\u0259ni irsinin t\u0259bli\u011find\u0259 d\u0259 m\u00fch\u00fcm amildir.<\/p>\n<p>Parisin g\u00f6rm\u0259li yerl\u0259rin\u0259 ekskursiyam\u0131z\u0131n gedi\u015find\u0259 bu \u00f6lk\u0259nin turizm imkanlar\u0131 bar\u0259d\u0259 geni\u015f m\u0259lumat ald\u0131q v\u0259 ayd\u0131n oldu ki, Fransada turizm d\u0259 geni\u015f inki\u015faf etmi\u015fdir, \u00f6lk\u0259nin g\u00f6rm\u0259li yerl\u0259ri \u00e7oxdur v\u0259 \u00e7ox xo\u015fdur ki, bizim qrupumuz da bu yerl\u0259ri ziyar\u0259t etdi.<\/p>\n<p>Dig\u0259r t\u0259r\u0259fd\u0259n, g\u00f6r\u00fc\u015fl\u0259rimizin gedi\u015find\u0259 \u00f6lk\u0259mizin Fransa il\u0259 turizm sah\u0259sind\u0259 \u0259m\u0259kda\u015fl\u0131\u011f\u0131 daha da geni\u015fl\u0259ndirm\u0259k perspektivl\u0259rinin d\u0259 kifay\u0259t q\u0259d\u0259r oldu\u011fu q\u0259na\u0259tin\u0259 g\u0259ldik, \u00f6lk\u0259l\u0259rimizin turizm siyas\u0259ti, \u0259traf m\u00fchit\u0259 turizmin t\u0259siri, Fransan\u0131n turizm t\u0259cr\u00fcb\u0259sinin ki\u00e7ik \u015f\u0259h\u0259rl\u0259rd\u0259 t\u0259tbiq olunmas\u0131 il\u0259 ba\u011fl\u0131 fikir m\u00fcbadil\u0259si apard\u0131q v\u0259 Prezident c\u0259nab \u0130lham \u018fliyevin h\u0259yata ke\u00e7irdiyi m\u0259qs\u0259dy\u00f6nl\u00fc t\u0259dbirl\u0259r say\u0259sind\u0259 \u00f6lk\u0259mizin Avropan\u0131n bu qabaqc\u0131l d\u00f6vl\u0259ti il\u0259 dostluq m\u00fcnasib\u0259tl\u0259rind\u0259n q\u00fcrur duyduq.<\/p>\n<p>Biz s\u0259f\u0259rimiz \u00e7\u0259r\u00e7iv\u0259sind\u0259 Fransan\u0131n uzaq v\u0259 yax\u0131n ke\u00e7mi\u015fin\u0259, bug\u00fcn\u00fcn\u0259, inki\u015faf t\u0259cr\u00fcb\u0259sin\u0259 dair maraql\u0131 m\u0259lumatlar \u0259ld\u0259 etm\u0259kl\u0259 b\u0259rab\u0259r, \u00f6z \u00f6lk\u0259mizin d\u0259 haqq\u0131nda frans\u0131zlara kifay\u0259t q\u0259d\u0259r m\u0259lumat \u00e7atd\u0131rd\u0131q. T\u0259sad\u00fcfi deyil ki, n\u00fcmay\u0259nd\u0259 hey\u0259timizin ke\u00e7irdiyi g\u00f6r\u00fc\u015fl\u0259rin ham\u0131s\u0131nda t\u0259kc\u0259 Fransa t\u0259r\u0259finin t\u0259cr\u00fcb\u0259si deyil, eyni zamanda, Az\u0259rbaycan\u0131n v\u0259 x\u00fcsusil\u0259 regionlar\u0131m\u0131z\u0131n inki\u015faf s\u0259viyy\u0259si, burada istifad\u0259 olunan t\u0259cr\u00fcb\u0259l\u0259r v\u0259 m\u00fcmk\u00fcn \u0259m\u0259kda\u015fl\u0131q imkanlar\u0131 bar\u0259d\u0259 respublikam\u0131z\u0131n icra hakimiyy\u0259ti ba\u015f\u00e7\u0131lar\u0131 v\u0259 n\u00fcmay\u0259nd\u0259 hey\u0259timizin r\u0259hb\u0259ri V\u0259fadar Ba\u011f\u0131rov t\u0259r\u0259find\u0259n m\u0259lumatlar verilirdi.<\/p>\n<p>Qrupumuzun \u00fczvl\u0259rini Fransada m\u00fcxt\u0259lif sah\u0259l\u0259rd\u0259 i\u015fin nec\u0259 qurulmas\u0131, hans\u0131 metodlara \u00fcst\u00fcnl\u00fck verilm\u0259si \u00e7ox maraqland\u0131r\u0131rd\u0131. Bu c\u0259h\u0259td\u0259n Parisin 7-ci meriyas\u0131n\u0131n Abadla\u015fd\u0131rma, T\u0259mizlik v\u0259 Su \u0130dar\u0259sinin r\u0259isi Patrik Jofreyl\u0259 g\u00f6r\u00fc\u015f\u00fcm\u00fcz \u00e7ox maraql\u0131 v\u0259 faydal\u0131 oldu. G\u00f6r\u00fc\u015f\u00fcm\u00fczd\u0259 bu sah\u0259l\u0259rin inki\u015faf\u0131nda \u0259n son t\u0259cr\u00fcb\u0259 v\u0259 texnologiyalar, o c\u00fcml\u0259d\u0259n b\u00fct\u00fcn su sisteminin idar\u0259 olunmas\u0131 v\u0259 n\u0259zar\u0259t sistemi, \u00e7irkl\u0259nmi\u015f sular\u0131n emal\u0131 v\u0259 yenid\u0259n istifad\u0259si prosesi il\u0259 ba\u011fl\u0131 \u00f6lk\u0259l\u0259rimiz aras\u0131nda m\u00fcmk\u00fcn \u0259m\u0259kda\u015fl\u0131q istiqam\u0259tl\u0259ri \u00fczr\u0259 fikir m\u00fcbadil\u0259si apar\u0131ld\u0131.<\/p>\n<p>H\u0259min g\u00fcn-noyabr\u0131n 7-d\u0259 Saint-Sulpice meydan\u0131nda v\u0259 kils\u0259sind\u0259 d\u0259 olduq, Az\u0259rbaycan\u0131n tolerant bir \u00f6lk\u0259 olmas\u0131 bar\u0259d\u0259 s\u00f6hb\u0259t etdik. Bu meydan v\u0259 kils\u0259 d\u0259 bizd\u0259 z\u0259ngin t\u0259\u0259ss\u00fcrat oyatd\u0131.\u00a0 Az\u0259rbaycan Respublikas\u0131n\u0131n Fransadak\u0131 s\u0259firi El\u00e7in \u018fmirb\u0259yovla g\u00f6r\u00fc\u015f\u00fcm\u00fcz s\u0259f\u0259rimizin \u0259n unudulmaz m\u0259qamlar\u0131ndan idi. C\u0259nab s\u0259fir bizi Fransan\u0131n sosial, iqtisadi, siyasi v\u0259 m\u0259d\u0259ni sah\u0259l\u0259ri il\u0259 yax\u0131ndan tan\u0131\u015f etdi, maraql\u0131 v\u0259 m\u0259zmunlu \u00e7\u0131x\u0131\u015f\u0131 il\u0259 bu \u00f6lk\u0259 bar\u0259d\u0259 bilikl\u0259rimizi daha da z\u0259nginl\u0259\u015fdirdi, bir s\u00f6zl\u0259, bizi Fransaya daha da yax\u0131nla\u015fd\u0131rd\u0131.<\/p>\n<p>S\u0259f\u0259rimiz \u00e7\u0259r\u00e7iv\u0259sind\u0259 bir daha \u0259min olduq ki, xalq\u0131m\u0131z\u0131n \u00fcmummilli lideri Heyd\u0259r \u018fliyevin \u0259sas\u0131n\u0131 qoydu\u011fu, Prezident \u0130lham \u018fliyev t\u0259r\u0259find\u0259n u\u011furla davam etdiril\u0259n Fransa\u2014Az\u0259rbaycan dostluq \u0259laq\u0259l\u0259ri \u00f6lk\u0259l\u0259rimiz \u00fc\u00e7\u00fcn son d\u0259r\u0259c\u0259 faydal\u0131d\u0131r. Dig\u0259r t\u0259r\u0259fd\u0259n, bizim h\u0259r birimizi narahat ed\u0259n v\u0259 d\u00fc\u015f\u00fcnd\u00fcr\u0259n Da\u011fl\u0131q Qaraba\u011f problemimiz var, problemin h\u0259lli il\u0259 m\u0259\u015f\u011ful olan h\u0259ms\u0259dr \u00f6lk\u0259l\u0259rd\u0259n biri is\u0259 m\u0259hz Fransad\u0131r. \u00c7ox \u015fad olduq ki, d\u00f6vl\u0259timizin ba\u015f\u00e7\u0131s\u0131n\u0131n u\u011furlu siyas\u0259tinin n\u0259tic\u0259si olaraq, bu g\u00fcn Fransada Az\u0259rbaycan\u0131n \u00e7oxlu dostlar\u0131 v\u0259 t\u0259r\u0259fdarlar\u0131 var. Biz bunu Parisin 7-ci rayonunun meri, Az\u0259rbaycan\u0131n yax\u0131n dostu xan\u0131m Ra\u015fida Dati il\u0259 g\u00f6r\u00fc\u015f\u00fcm\u00fcz zaman\u0131 da bir daha y\u0259qin etdik.<\/p>\n<p>Xan\u0131m Dati respublikam\u0131za, onun r\u0259hb\u0259ri c\u0259nab \u0130lham \u018fliyev\u0259 r\u0259\u011fb\u0259tini ifad\u0259 ed\u0259r\u0259k, Da\u011fl\u0131q Qaraba\u011f probleminin h\u0259llind\u0259 Az\u0259rbaycan\u0131n \u0259dal\u0259tli m\u00f6vqeyinin n\u0259z\u0259r\u0259 al\u0131nmas\u0131n\u0131n vacibliyini v\u0259 onun \u00f6z\u00fcn\u00fcn d\u0259 bu istiqam\u0259td\u0259 laz\u0131mi i\u015fl\u0259r apard\u0131\u011f\u0131n\u0131 vur\u011fulad\u0131, xalq\u0131m\u0131za, \u00f6lk\u0259miz\u0259, d\u00f6vl\u0259timiz\u0259 u\u011furlar arzulad\u0131. Sonra biz Parisin g\u00f6rm\u0259li yerl\u0259rind\u0259 olduq, q\u0259dim v\u0259 m\u00fcasir memarl\u0131q n\u00fcmun\u0259l\u0259ri il\u0259 z\u0259ngin olan bu t\u0259krars\u0131z Avropa \u015f\u0259h\u0259rinin parklar\u0131na, ya\u015f\u0131ll\u0131qlar\u0131na, yeni sal\u0131nm\u0131\u015f ya\u015fay\u0131\u015f massivl\u0259rin\u0259 baxd\u0131q. Fransa t\u0259cr\u00fcb\u0259sini \u00f6yr\u0259ndik v\u0259 \u0259lb\u0259tt\u0259, Az\u0259rbaycan t\u0259cr\u00fcb\u0259si bar\u0259d\u0259 d\u0259 dan\u0131\u015fd\u0131q.\u00a0 K\u0259nd t\u0259s\u0259rr\u00fcfat\u0131na g\u0259linc\u0259, Az\u0259rbaycanda oldu\u011fu kimi, Fransada da \u0259sas\u0259n tax\u0131l, \u015f\u0259k\u0259r \u00e7u\u011funduru, kartof, \u015f\u0259rab \u00fcz\u00fcm\u00fc, mal \u0259ti, s\u00fcd m\u0259hsullar\u0131, bal\u0131q istehsal olunur. Bu sah\u0259l\u0259rl\u0259 yax\u0131ndan tan\u0131\u015fl\u0131\u011f\u0131m\u0131z g\u00f6st\u0259rdi ki, k\u0259nd t\u0259s\u0259rr\u00fcfat\u0131nda da Az\u0259rbaycan\u0131n Fransadan, Fransan\u0131n Az\u0259rbaycandan \u00f6yr\u0259n\u0259 v\u0259 faydalana bil\u0259c\u0259yi kifay\u0259t q\u0259d\u0259r yerli t\u0259cr\u00fcb\u0259 v\u0259 texnologiyalar m\u00f6vcuddur.<\/p>\n<p>Fransada g\u00f6r\u00fc\u015fl\u0259rimiz zaman\u0131 2006-c\u0131 il noyabr\u0131n 14-d\u0259 Az\u0259rbaycan-Avropa \u0130ttifaq\u0131 \u018fm\u0259kda\u015fl\u0131q \u015euras\u0131n\u0131n iclas\u0131nda Az\u0259rbaycanla A\u0130 aras\u0131nda q\u0259bul edilmi\u015f F\u0259aliyy\u0259t Plan\u0131n\u0131n n\u0259inki Az\u0259rbaycanla A\u0130 aras\u0131nda, h\u0259m d\u0259 Az\u0259rbaycanla Fransa aras\u0131nda ikit\u0259r\u0259fli \u0259m\u0259kda\u015fl\u0131\u011f\u0131n inki\u015faf\u0131na z\u0259min yaratd\u0131\u011f\u0131n\u0131 bir daha xat\u0131rlad\u0131q v\u0259 bu sah\u0259d\u0259 Fransa t\u0259cr\u00fcb\u0259sind\u0259n faydalanmaqda maraql\u0131 oldu\u011fumuzu ifad\u0259 etdik.\u00a0 Q\u00fcrur duyulas\u0131 faktd\u0131r ki, d\u00f6vl\u0259timizin ba\u015f\u00e7\u0131s\u0131n\u0131n m\u0259qs\u0259dy\u00f6nl\u00fc siyas\u0259ti n\u0259tic\u0259sind\u0259 Fransan\u0131n 40-a yax\u0131n \u015firk\u0259ti \u00f6lk\u0259mizd\u0259 u\u011furla f\u0259aliyy\u0259t g\u00f6st\u0259rir. O c\u00fcml\u0259d\u0259n Az\u0259rbaycan M\u0259i\u015f\u0259t tullant\u0131lar\u0131 zavodunu Fransa \u015firk\u0259ti tikir. Bak\u0131 metrosunun konseptual inki\u015faf plan\u0131nda Fransa \u015firk\u0259tl\u0259ri d\u0259 i\u015ftirak edirl\u0259r. Az\u0259rbaycan\u0131n ilk telekommunikasiya peykini orbit\u0259 Fransa \u015firk\u0259ti qald\u0131rm\u0131\u015fd\u0131r. \u00d6lk\u0259l\u0259rimiz aras\u0131nda iqtisadi-ticar\u0259t \u0259laq\u0259l\u0259rinin inki\u015faf\u0131ndak\u0131 m\u00fcsb\u0259t tendensiya v\u0259 Fransa-Az\u0259rbaycan Birg\u0259 H\u00f6kum\u0259tl\u0259raras\u0131 Komissiyan\u0131n f\u0259aliyy\u0259ti d\u0259 \u00f6lk\u0259l\u0259rimiz \u00fc\u00e7\u00fcn \u00e7ox \u00f6n\u0259mlidir.<\/p>\n<p>Yeri g\u0259lmi\u015fk\u0259n deyim ki, \u0259sas\u0259n k\u0259nd t\u0259s\u0259rr\u00fcfat\u0131 il\u0259 m\u0259\u015f\u011ful olan Z\u0259rdab Rayonunun \u0130cra Hakimiyy\u0259tinin ba\u015f\u00e7\u0131s\u0131 olaraq, m\u0259ni Az\u0259rbaycanla Fransa regionlar\u0131 aras\u0131ndak\u0131 iqtisadi \u0259m\u0259kda\u015fl\u0131q proqram\u0131 \u00e7ox maraqland\u0131rd\u0131, \u00e7\u00fcnki bu sah\u0259d\u0259 \u0259m\u0259kda\u015fl\u0131q regionlar\u0131m\u0131z\u0131n iqtisadi inki\u015faf strategiyas\u0131na tam uy\u011fundur v\u0259 o c\u00fcml\u0259d\u0259n Z\u0259rdab royonunda \u00e7ox yax\u015f\u0131 s\u0259m\u0259r\u0259 ver\u0259r. T\u0259sad\u00fcfi deyil ki, s\u0259f\u0259rimiz \u00e7\u0259r\u00e7iv\u0259sind\u0259 \u00f6lk\u0259l\u0259rimiz aras\u0131nda iqtisadi bax\u0131mdan bir-birini tamamlayan regionlar\u0131n m\u00fc\u0259yy\u0259n edilm\u0259sinin, Az\u0259rbaycan m\u0259hsullar\u0131n\u0131n Fransa bazar\u0131nda realla\u015fd\u0131r\u0131lmas\u0131n\u0131n v\u0259 marketinql\u0259r istiqam\u0259tind\u0259 elmi ara\u015fd\u0131rmalar apar\u0131lmas\u0131n\u0131n vacibliyi x\u00fcsusi vur\u011fuland\u0131.<\/p>\n<p>S\u0259f\u0259rimiz g\u00f6st\u0259rdi ki, Fransa il\u0259 u\u011furlu s\u0131x \u0259m\u0259kda\u015fl\u0131q h\u0259r iki \u00f6lk\u0259y\u0259 b\u00f6y\u00fck fayda g\u0259tir\u0259r. O c\u00fcml\u0259d\u0259n, qida m\u0259hsullar\u0131n\u0131n istehsal\u0131 \u00fc\u00e7\u00fcn m\u00fcasir obyektl\u0259r v\u0259 k\u0259nd t\u0259s\u0259rr\u00fcfat\u0131 kompleksl\u0259ri, \u015f\u0259rab\u00e7\u0131l\u0131\u011f\u0131n inki\u015faf\u0131nda, alternativ enerji sah\u0259sind\u0259 layih\u0259l\u0259r realla\u015fd\u0131r\u0131lmas\u0131nda, m\u00fcasir turizm obyektl\u0259ri yarad\u0131lmas\u0131nda, dig\u0259r bir \u00e7ox sah\u0259l\u0259rd\u0259 frans\u0131z \u015firk\u0259tl\u0259ri il\u0259 \u0259m\u0259kda\u015fl\u0131q \u00fc\u00e7\u00fcn respublikam\u0131z\u0131n, el\u0259c\u0259 d\u0259 Z\u0259rdab rayonunun b\u00f6y\u00fck imkanlar\u0131 var.<\/p>\n<p>Frans\u0131zlar b\u00fct\u00fcn sah\u0259l\u0259rd\u0259 \u00f6lk\u0259mizl\u0259 \u0259m\u0259kda\u015fl\u0131\u011f\u0131 geni\u015fl\u0259ndirm\u0259kd\u0259, t\u0259cr\u00fcb\u0259 m\u00fcbadil\u0259si aparmaqda maraql\u0131 olduqlar\u0131n\u0131 bildirirdil\u0259r. \u00d6lk\u0259l\u0259rimiz aras\u0131nda iqtisadi m\u00fcnasib\u0259tl\u0259rin inki\u015faf\u0131nda 1997-ci ilin dekabr\u0131nda yarad\u0131lm\u0131\u015f Az\u0259rbaycan-Fransa \u0130qtisadi Komissiyas\u0131 m\u00fch\u00fcm rol oynay\u0131r.<\/p>\n<p>\u00d6lk\u0259l\u0259rimiz aras\u0131ndak\u0131 ticar\u0259t d\u00f6vriyy\u0259sinin, idxal v\u0259 ixrac m\u0259hsullar\u0131n\u0131n 2004-c\u00fc il\u0259 nisb\u0259t\u0259n \u0259h\u0259miyy\u0259tli d\u0259r\u0259c\u0259d\u0259 artmas\u0131 da h\u0259r birimizin q\u0259lbind\u0259 q\u00fcrur hissi yarad\u0131r. Fransadan respublikam\u0131za radio v\u0259 video avadanl\u0131qlar\u0131 hiss\u0259l\u0259rinin, kimya s\u0259nayesi m\u0259hsullar\u0131n\u0131n, qara metal m\u0259mulatlar\u0131n\u0131n, qaz say\u011faclar\u0131n\u0131n, tibb avadanl\u0131qlar\u0131n\u0131n, k\u0259nd t\u0259s\u0259rr\u00fcfat\u0131 m\u0259hsullar\u0131n\u0131n, spirtli i\u00e7kil\u0259rin idxal\u0131, \u00f6lk\u0259mizin Fransaya xam neft, reaktiv kerosin yanaca\u011f\u0131, ehtiyat hiss\u0259l\u0259ri, meyv\u0259 \u015fir\u0259l\u0259ri, me\u015f\u0259 f\u0131nd\u0131\u011f\u0131 ixrac etm\u0259si, \u00f6lk\u0259l\u0259rimiz aras\u0131ndak\u0131 enerji t\u0259hl\u00fck\u0259sizliyi sah\u0259sind\u0259ki \u0259m\u0259kda\u015fl\u0131q respublikam\u0131z\u0131n h\u0259m enerji potensial\u0131n\u0131 g\u00fccl\u0259ndirir, h\u0259m d\u0259 iqtisadi inki\u015faf\u0131n\u0131 s\u00fcr\u0259tl\u0259ndirir.<\/p>\n<p>Az\u0259rbaycan\u0131n \u201cC\u0259nub\u201d qaz d\u0259hlizi layih\u0259sinin realla\u015fmas\u0131ndak\u0131 rolu is\u0259 Fransa t\u0259r\u0259fini \u00e7ox m\u0259mnun edir v\u0259 onlar bunun Avropan\u0131n enerji t\u0259hl\u00fck\u0259sizliyin\u0259 d\u0259 m\u00fcsb\u0259t t\u0259sir g\u00f6st\u0259r\u0259c\u0259yini deyir, Avropa \u0130ttifaq\u0131 il\u0259 Az\u0259rbaycan aras\u0131ndak\u0131 \u0259laq\u0259l\u0259rin t\u0259rkib hiss\u0259si kimi qiym\u0259tl\u0259ndirirl\u0259r. Bir s\u00f6zl\u0259, Fransa X\u0259z\u0259r h\u00f6vz\u0259sinin enerji da\u015f\u0131y\u0131c\u0131lar\u0131n\u0131n Q\u0259rb\u0259 n\u0259ql edilm\u0259sini, TRACECA proqram\u0131n\u0131, Bak\u0131-Tbilisi-Ceyhan \u0259sas ixrac neft k\u0259m\u0259rini, Bak\u0131-Tbilisi-\u018frzurum qaz k\u0259m\u0259rini, Bak\u0131-Tbilisi-Qars d\u0259mir yolu x\u0259ttinin \u00e7\u0259kilm\u0259sini Az\u0259rbaycan\u0131n beyn\u0259lxalq u\u011furu kimi d\u0259y\u0259rl\u0259ndirir, bu layih\u0259l\u0259ri region \u00f6lk\u0259l\u0259rinin inki\u015faf\u0131nda v\u0259 C\u0259nubi Qafqazda sabitliyin b\u0259rq\u0259rar olmas\u0131nda m\u00fch\u00fcm amil hesab edirl\u0259r. Bu silsil\u0259d\u0259n \u201c\u015eahd\u0259niz\u201d yata\u011f\u0131ndan hasil edil\u0259c\u0259k Az\u0259rbaycan qaz\u0131n\u0131n Avropaya ixrac\u0131 \u00fc\u00e7\u00fcn alternativ mar\u015frutlar\u0131n m\u00fc\u0259yy\u0259nl\u0259\u015fdirilm\u0259si frans\u0131zlar\u0131 \u00e7ox maraqland\u0131r\u0131r.<\/p>\n<p>T\u0259bii ki, Fransaya s\u0259f\u0259rimizd\u0259n dan\u0131\u015fark\u0259n, Erm\u0259nistan-Az\u0259rbaycan, Da\u011fl\u0131q Qaraba\u011f m\u00fcnaqi\u015f\u0259sinin h\u0259lli il\u0259 m\u0259\u015f\u011ful olan h\u0259ms\u0259dr \u00f6lk\u0259l\u0259rd\u0259n biri kimi, Fransan\u0131n bu m\u0259s\u0259l\u0259y\u0259 m\u00fcnasib\u0259ti d\u0259 diqq\u0259t \u00e7\u0259kir. Biz g\u00f6r\u00fc\u015fl\u0259rimizd\u0259 m\u00fcnaqi\u015f\u0259nin h\u0259llin\u0259 dair apar\u0131lan dan\u0131\u015f\u0131qlar prosesi bar\u0259d\u0259 m\u0259lumat verdik, bu m\u00fcnaqi\u015f\u0259nin b\u00fct\u00fcn regionun inki\u015faf\u0131na, sabitliy\u0259, t\u0259hl\u00fck\u0259sizliy\u0259 mane oldu\u011funu vur\u011fulad\u0131q. Qeyd etdik ki, m\u00fcnaqi\u015f\u0259nin h\u0259lli beyn\u0259lxalq h\u00fcquqa, BMT Nizamnam\u0259sin\u0259 v\u0259 AT\u018fT-in 1975-ci il Helsinki Yekun Akt\u0131n\u0131n prinsipl\u0259rin\u0259, BMT T\u0259hl\u00fck\u0259sizlik \u015euras\u0131n\u0131n m\u00fcvafiq q\u0259tnam\u0259l\u0259rin\u0259, AT\u018fT-in m\u00fcvafiq q\u0259rarlar\u0131na, beyn\u0259lxalq h\u00fcququn prinsip v\u0259 normalar\u0131na \u0259sas\u0259n h\u0259ll edilm\u0259lidir.<\/p>\n<p>G\u00f6r\u00fc\u015fl\u0259rimizd\u0259 dedik ki, Az\u0259rbaycan Fransan\u0131n Minsk Qrupunun h\u0259ms\u0259dri qismind\u0259 bu m\u00fcnaqi\u015f\u0259nin nizamlanmas\u0131nda d\u00f6vl\u0259tl\u0259rin suverenliyi v\u0259 \u0259razi b\u00fct\u00f6vl\u00fcy\u00fc prinsipl\u0259rind\u0259n \u00e7\u0131x\u0131\u015f ed\u0259c\u0259yin\u0259 inan\u0131r. Onu da vur\u011fulad\u0131q ki, Fransada ke\u00e7iril\u0259n b\u0259zi beyn\u0259lxalq t\u0259dbirl\u0259rd\u0259, el\u0259c\u0259 d\u0259 bir s\u0131ra n\u0259\u015frl\u0259rd\u0259 qondarma \u201cDa\u011fl\u0131q Qaraba\u011f respublikas\u0131\u201dn\u0131n m\u00fcst\u0259qil d\u00f6vl\u0259t kimi t\u0259qdim edilm\u0259si bizi narahat edir v\u0259 bel\u0259 hallar\u0131n qar\u015f\u0131s\u0131n\u0131n al\u0131nmas\u0131 v\u0259 t\u0259krarlanmamas\u0131 \u00fc\u00e7\u00fcn Fransa X\u0130N-i m\u00fcvafiq add\u0131mlar atmal\u0131d\u0131r.<\/p>\n<p>S\u0259f\u0259rimiz Az\u0259rbaycan\u2013Fransa parlamentl\u0259raras\u0131 \u0259laq\u0259l\u0259rinin daha da geni\u015fl\u0259ndirilm\u0259sinin vacibliyin\u0259 diqq\u0259ti bir daha c\u0259lb etdi. \u00d6lk\u0259l\u0259rimizin parlamentl\u0259rind\u0259ki dostluq qruplar\u0131n\u0131n qar\u015f\u0131l\u0131ql\u0131 s\u0259f\u0259rl\u0259rinin t\u0259\u015fkili, parlament i\u015fi sah\u0259sind\u0259 t\u0259cr\u00fcb\u0259 m\u00fcbadil\u0259sinin d\u0259 h\u0259r iki t\u0259r\u0259f \u00fc\u00e7\u00fcn faydal\u0131 ola bil\u0259c\u0259yi deyildi.<\/p>\n<p>Qrupumuzun \u00fczvl\u0259ri g\u00f6r\u00fc\u015fl\u0259r zaman\u0131 bildirdil\u0259r ki, Az\u0259rbaycan \u201cS\u00fclh namin\u0259 t\u0259r\u0259fda\u015fl\u0131q\u201d proqram\u0131 \u00e7\u0259r\u00e7iv\u0259sind\u0259 NATO, el\u0259c\u0259 d\u0259 Avropa strukturlar\u0131 il\u0259 \u0259m\u0259kda\u015fl\u0131\u011f\u0131n geni\u015fl\u0259ndirilm\u0259sin\u0259 b\u00f6y\u00fck maraq g\u00f6st\u0259rir, \u00f6lk\u0259miz beyn\u0259lxalq terror\u00e7ulu\u011fa, separat\u00e7\u0131l\u0131\u011fa, narkotikl\u0259rin qeyri-qanuni d\u00f6vriyy\u0259sin\u0259, transmilli m\u00fct\u0259\u015f\u0259kkil cinay\u0259tkarl\u0131\u011fa, korrupsiyaya, insan alverin\u0259, qeyri-qanuni silah alverin\u0259 qar\u015f\u0131 birg\u0259 m\u00fcbariz\u0259ni y\u00fcks\u0259k qiym\u0259tl\u0259ndir\u0259r\u0259k, bu m\u00fcbariz\u0259d\u0259 BMT-nin rolunun g\u00fccl\u0259ndirilm\u0259sini alq\u0131\u015flay\u0131r. Az\u0259rbaycan Avropa v\u0259 Avro-Atlantik qurumlara inteqrasiyas\u0131n\u0131, o c\u00fcml\u0259d\u0259n Avropa \u0130ttifaq\u0131 il\u0259 \u0259laq\u0259l\u0259ri g\u00fccl\u0259ndirm\u0259y\u0259 ciddi \u00f6n\u0259m verir v\u0259 bu istiqam\u0259td\u0259 Fransan\u0131n d\u0259st\u0259yin\u0259 \u00fcmid edir.<\/p>\n<p>Fransa\u2013Az\u0259rbaycan dostluq m\u00fcnasib\u0259tl\u0259rinin \u0259n m\u00fch\u00fcm t\u0259zah\u00fcrl\u0259rind\u0259n biri d\u0259 2014-c\u00fc il sentyabr\u0131n 19-28-d\u0259 Parisin San S\u00fclpis meydan\u0131nda \u201cAz\u0259rbaycan \u015f\u0259h\u0259rciyi\u201dnin t\u0259\u015fkil olunmas\u0131, bu \u015f\u0259h\u0259rcikd\u0259 \u00f6lk\u0259mizin tarix v\u0259 m\u0259d\u0259niyy\u0259t, turizm imkanlar\u0131n\u0131n t\u0259r\u0259nn\u00fcm\u00fcn\u0259 h\u0259sr olunan s\u0259rgil\u0259r ke\u00e7irilm\u0259si, s\u0259rgid\u0259 \u00f6lk\u0259mizin birinci xan\u0131m\u0131 Mehriban \u018fliyevan\u0131n i\u015ftirak etm\u0259si olmu\u015fdur.<\/p>\n<p>Fransan\u0131n Az\u0259rbaycanla m\u0259d\u0259ni \u0259laq\u0259l\u0259rind\u0259n dan\u0131\u015fark\u0259n, bu \u0259laq\u0259l\u0259rin geni\u015fl\u0259nm\u0259sind\u0259 1990-c\u0131 ild\u0259 Parisd\u0259 t\u0259sis edilmi\u015f \u201cAz\u0259rbaycan evi\u201d Assosiasiyas\u0131n\u0131n, Strasburqdak\u0131 Az\u0259rbaycanla M\u0259d\u0259ni \u018flaq\u0259l\u0259r C\u0259miyy\u0259tinin, h\u0259min \u015f\u0259h\u0259rd\u0259ki Az\u0259rbaycan K\u00fclt\u00fcr M\u0259rk\u0259zinin, Paris \u201cAz\u0259rbaycan evi\u201dnin, Strasburqdak\u0131 Az\u0259rbaycanl\u0131 T\u0259l\u0259b\u0259l\u0259r Assosiasiyas\u0131n\u0131n, Fransa-Az\u0259rbaycan Assosiasiyas\u0131n\u0131n, Strasburqdak\u0131 \u201cAz\u0259rbaycan evi\u201d C\u0259miyy\u0259tinin v\u0259 Fransadak\u0131 Az\u0259rbaycanl\u0131lar\u0131n Diaspor M\u0259rk\u0259zinin \u00e7ox s\u0259m\u0259r\u0259li v\u0259 m\u0259qs\u0259dy\u00f6nl\u00fc f\u0259aliyy\u0259tl\u0259ri d\u0259 qeyd edilm\u0259lidir.<\/p>\n<p>N\u00fcmay\u0259nd\u0259 hey\u0259timizin Fransaya s\u0259f\u0259ri gedi\u015find\u0259 bu \u00f6lk\u0259nin \u015f\u0259h\u0259rl\u0259rind\u0259 milli memarl\u0131q \u0259n\u0259n\u0259l\u0259rinin qorunub ya\u015fad\u0131lmas\u0131, milli v\u0259 m\u00fcasir memarl\u0131q \u00fcslubunun u\u011furlu sintezi, o c\u00fcml\u0259d\u0259n Paris \u015f\u0259h\u0259rind\u0259 q\u0259dimliyin v\u0259 m\u00fcasirliyin v\u0259hd\u0259ti, Paris k\u00fc\u00e7\u0259l\u0259rinin birinin Bak\u0131 \u015f\u0259h\u0259rinin memarl\u0131q \u00fcslubuna \u00e7ox b\u0259nz\u0259m\u0259si diqq\u0259timizi x\u00fcsusil\u0259 c\u0259lb etdi.<\/p>\n<p>Bir daha deyim ki, Fransada oldu\u011fumuz g\u00fcnl\u0259rd\u0259 bu \u00f6lk\u0259nin z\u0259ngin tarixi ke\u00e7mi\u015fi, bug\u00fcn\u00fc, k\u0259nd t\u0259s\u0259rr\u00fcfat\u0131, s\u0259nayesi, m\u0259d\u0259niyy\u0259ti, q\u0259dim v\u0259 m\u00fcasir memarl\u0131\u011f\u0131, dig\u0259r sah\u0259l\u0259rd\u0259ki u\u011furlar\u0131 il\u0259 \u0259yani tan\u0131\u015f olduq. S\u0259mimi v\u0259 mehriban insanlar\u0131n ya\u015fad\u0131\u011f\u0131 bu \u00e7oxmill\u0259tli \u00f6lk\u0259d\u0259n xo\u015f t\u0259\u0259ss\u00fcratla ayr\u0131ld\u0131q. Qar\u015f\u0131ya m\u0259qs\u0259d qoyduq ki, biz\u0259 uzaq, uzaq oldu\u011fu q\u0259d\u0259r d\u0259 yax\u0131n olan Fransada yax\u015f\u0131 n\u0259 varsa, do\u011fma Az\u0259rbaycan\u0131m\u0131zda, o c\u00fcml\u0259d\u0259n Z\u0259rdab rayonunda t\u0259tbiq ed\u0259k, h\u0259yata ke\u00e7ir\u0259k, sevimli diyar\u0131m\u0131z\u0131 daha da g\u00f6z\u0259ll\u0259\u015fdir\u0259k.<\/p>\n<p>Fransada ke\u00e7irdiyimiz g\u00f6r\u00fc\u015fl\u0259rd\u0259 n\u00fcmay\u0259nd\u0259 hey\u0259timizin r\u0259hb\u0259ri, Az\u0259rbaycan Respublikas\u0131 Prezidenti Administrasiyas\u0131n\u0131n regional idar\u0259etm\u0259 v\u0259 yerli \u00f6z\u00fcn\u00fcidar\u0259etm\u0259 orqanlar\u0131 il\u0259 i\u015f \u015f\u00f6b\u0259sinin ba\u015f m\u0259sl\u0259h\u0259t\u00e7isi V\u0259fadar Ba\u011f\u0131rov bu \u00f6lk\u0259d\u0259 s\u0259mimi q\u0259bul olunma\u011f\u0131m\u0131za g\u00f6r\u0259 t\u0259\u015f\u0259kk\u00fcr\u00fcn\u00fc bildir\u0259r\u0259k, Az\u0259rbaycan Respublikas\u0131n\u0131n Prezidenti\u00a0 \u0130lham \u018fliyevin h\u0259yata ke\u00e7irdiyi uzaqg\u00f6r\u0259n siyas\u0259ti n\u0259tic\u0259sind\u0259 Az\u0259rbaycan\u0131n qazand\u0131\u011f\u0131 nailiyy\u0259tl\u0259rd\u0259n dan\u0131\u015fd\u0131, son ill\u0259r iqtisadi c\u0259h\u0259td\u0259n s\u00fcr\u0259tl\u0259 inki\u015faf ed\u0259n \u00f6lk\u0259l\u0259rd\u0259n biri oldu\u011funu dedi.<\/p>\n<p>Yeri g\u0259lmi\u015fk\u0259n onu da deyim ki, Prezident \u0130lham \u018fliyev bizi bu s\u0259f\u0259r\u0259 g\u00f6nd\u0259r\u0259rk\u0259n, Fransan\u0131n \u00f6n\u0259mli t\u0259cr\u00fcb\u0259sind\u0259n b\u0259hr\u0259l\u0259nm\u0259yi t\u00f6vsiy\u0259 etmi\u015fdi. \u018flb\u0259tt\u0259, ba\u015fqa h\u0259mkarlar\u0131m kimi, m\u0259n d\u0259 Fransadan yeni layih\u0259l\u0259rl\u0259 qay\u0131td\u0131m v\u0259 h\u0259min layih\u0259l\u0259r \u0259sas\u0131nda Z\u0259rdabda da \u015f\u0259h\u0259ri daha da g\u00f6z\u0259ll\u0259\u015fdir\u0259c\u0259k yeni binalar in\u015fa etdirm\u0259k fikrind\u0259yik.<\/p>\n<p>Bundan \u0259vv\u0259l m\u0259n m\u00f6ht\u0259r\u0259m Prezidentimizin t\u0259\u015f\u0259bb\u00fcs\u00fc v\u0259 d\u0259st\u0259yi il\u0259 Avstriyada, sonra is\u0259 \u0130spaniyada i\u015fg\u00fczar s\u0259f\u0259rd\u0259 olmu\u015f, h\u0259min \u00f6lk\u0259l\u0259rd\u0259 g\u00f6rd\u00fcy\u00fcm yax\u015f\u0131 n\u0259 varsa, onlar\u0131 do\u011fma Z\u0259rdab\u0131m\u0131zda\u2013H\u0259s\u0259n b\u0259y Z\u0259rdabi yurdunda t\u0259tbiq etm\u0259y\u0259 \u00e7al\u0131\u015fm\u0131\u015fam. F\u0259r\u0259h hissil\u0259 dem\u0259k ist\u0259yir\u0259m ki, bu g\u00fcn Z\u0259rdab \u015f\u0259h\u0259rin\u0259 x\u00fcsusi g\u00f6z\u0259llik ver\u0259n Heyd\u0259r \u018fliyev M\u0259rk\u0259zinin \u0259z\u0259m\u0259tli binas\u0131 Avstriya parlamenti binas\u0131n\u0131n layih\u0259si \u0259sas\u0131nda, Yeni Az\u0259rbaycan\u00a0 Partiyas\u0131 Z\u0259rdab rayon t\u0259\u015fkilat\u0131n\u0131n yeni binas\u0131 is\u0259 \u0130spaniya parlamenti binas\u0131n\u0131n\u00a0 eskizl\u0259ri \u0259sas\u0131nda, \u0259lb\u0259tt\u0259 ki, xeyli y\u0131\u011fcam formada in\u015fa edilmi\u015fdir. Eyni zamanda, Z\u0259rdab \u015f\u0259h\u0259rind\u0259ki G\u0259ncl\u0259r M\u0259rk\u0259zinin binas\u0131 da \u0130spaniyadan g\u0259tirdiyim layih\u0259 \u0259sas\u0131nda tikilmi\u015fdir.<\/p>\n<p>\u00dcmumiyy\u0259tl\u0259 is\u0259 t\u0259kc\u0259 bu ilin 9 ay\u0131nda Prezident c\u0259nab \u0130lham \u018fliyevin diqq\u0259t v\u0259 qay\u011f\u0131s\u0131 il\u0259 Z\u0259rdab rayonunda da sosial-infrastruktur layih\u0259l\u0259ri icra olunub, 246 daimi i\u015f yeri yarad\u0131l\u0131b. K\u00f6rp\u00fck\u0259nd v\u0259 Otmanoba k\u0259ndl\u0259rind\u0259 m\u0259kt\u0259b binalar\u0131, B\u00f6y\u00fck D\u0259kk\u0259 v\u0259 D\u0259kk\u0259oba k\u0259ndl\u0259rind\u0259 u\u015faq ba\u011f\u00e7alar\u0131 \u0259sasl\u0131 t\u0259mir edilib. Heyd\u0259r \u018fliyev Fondunun m\u0259kt\u0259b\u0259q\u0259d\u0259r t\u0259rbiy\u0259 m\u00fc\u0259ssis\u0259l\u0259rinin inki\u015faf\u0131 proqram\u0131 \u00e7\u0259r\u00e7iv\u0259sind\u0259 h\u0259r biri 50 yerlik olmaqla, 2 k\u00f6rp\u0259l\u0259r evi-u\u015faq ba\u011f\u00e7as\u0131n\u0131n tikintisi davam etdirilir. Rayon m\u0259rk\u0259zi x\u0259st\u0259xanas\u0131n\u0131n yenid\u0259n qurulmas\u0131 u\u011furla davam etdirilir. \u015e\u0259h\u0259rin m\u0259rk\u0259zi k\u00fc\u00e7\u0259l\u0259rind\u0259, Heyd\u0259r \u018fliyev park\u0131nda v\u0259 prospektind\u0259 quruculuq, abadl\u0131q, t\u0259mir-b\u0259rpa i\u015fl\u0259ri apar\u0131l\u0131r. Yollara asfalt d\u00f6\u015f\u0259nir. Uzunlu\u011fu 2 kilometr\u0259 q\u0259d\u0259r olan R\u0259him b\u0259y M\u0259likov k\u00fc\u00e7\u0259sind\u0259 yol asfaltlan\u0131b.<\/p>\n<p>Milli T\u0259hl\u00fck\u0259sizlik Nazirliyi Z\u0259rdab rayon \u015f\u00f6b\u0259sinin inzibati binas\u0131nda son tamamlama i\u015fl\u0259ri gedir. Vergil\u0259r Nazirliyinin vergi \u00f6d\u0259yicil\u0259rin\u0259 regional xidm\u0259t m\u0259rk\u0259zinin v\u0259 K\u0259nd T\u0259s\u0259rr\u00fcfat\u0131 Nazirliyinin Z\u0259rdabda yarad\u0131lacaq idar\u0259si \u00fc\u00e7\u00fcn yeni inzibati binan\u0131n in\u015fas\u0131na ba\u015flan\u0131l\u0131b. \u018fhalinin i\u00e7m\u0259li su t\u0259l\u0259bat\u0131n\u0131 \u00f6d\u0259m\u0259k \u00fc\u00e7\u00fcn 17 \u0259d\u0259d modul tipli sut\u0259mizl\u0259yici qur\u011fu, 194 bulaq istifad\u0259y\u0259 verilib. 528 abonent mavi yanacaqla t\u0259min olunub. Bu, g\u00f6r\u00fcl\u0259n i\u015fl\u0259rin yaln\u0131z bir hiss\u0259sidir.<\/p>\n<p>Fransada da g\u00f6r\u00fcb-g\u00f6t\u00fcrm\u0259li \u00e7ox tikilil\u0259r g\u00f6rd\u00fck v\u0259 Prezident c\u0259nab \u0130lham \u018fliyevin qay\u011f\u0131s\u0131 say\u0259sind\u0259 \u0259n yax\u0131n g\u0259l\u0259c\u0259kd\u0259 Parisd\u0259ki binalar\u0131n ox\u015far\u0131n\u0131 Z\u0259rdabda da tik\u0259c\u0259yik.<\/p>\n<p>Az\u0259rbaycan \u00fc\u00e7\u00fcn g\u0259r\u0259kli olan xarici t\u0259cr\u00fcb\u0259 il\u0259 yax\u0131ndan tan\u0131\u015f olma\u011f\u0131m\u0131za \u015f\u0259rait yaratd\u0131\u011f\u0131 \u00fc\u00e7\u00fcn bir daha m\u00f6ht\u0259r\u0259m Prezidentimiz\u00a0 \u0130lham \u018fliyev\u0259 sonsuz minn\u0259tdarl\u0131\u011f\u0131m\u0131z\u0131 bildirir v\u0259\u00a0 \u0259min edirik ki, Fransan\u0131n qabaqc\u0131l t\u0259cr\u00fcb\u0259sind\u0259n laz\u0131m\u0131nca istifad\u0259 ed\u0259r\u0259k, d\u00f6vl\u0259timizin ba\u015f\u00e7\u0131s\u0131n\u0131n r\u0259hb\u0259rliyi alt\u0131nda v\u0259 d\u0259st\u0259yi il\u0259 t\u0259r\u0259qqi a\u015fiqi H\u0259s\u0259n b\u0259y Z\u0259rdabi yurdunun daha da inki\u015faf edib \u00e7i\u00e7\u0259kl\u0259nm\u0259si namin\u0259 b\u00fct\u00fcn q\u00fcvv\u0259l\u0259rimizi s\u0259f\u0259rb\u0259r ed\u0259c\u0259yik.<\/p>\n<p><span style=\"color: #0000ff;\"><em><strong>L\u00fctv\u0259li BABAYEV,<\/strong><\/em><\/span><\/p>\n<p><span style=\"color: #0000ff;\"><em><strong>Z\u0259rdab Rayon \u0130cra Hakimiyy\u0259tinin ba\u015f\u00e7\u0131s\u0131, iqtisad elml\u0259ri namiz\u0259di<\/strong><\/em><\/span><\/p>\n","protected":false},"excerpt":{"rendered":"<p>Az\u0259rbaycan Respublikas\u0131n\u0131n Prezidenti \u0130lham \u018fliyevin g\u00f6st\u0259ri\u015fi il\u0259 bu il noyabr\u0131n 2-d\u0259n 9-d\u0259k Fransada i\u015fg\u00fczar s\u0259f\u0259rd\u0259 olan \u00f6lk\u0259mizin \u015f\u0259h\u0259r v\u0259 rayon icra hakimiyy\u0259ti ba\u015f\u00e7\u0131lar\u0131ndan ibar\u0259t qrupda m\u0259n d\u0259 var idim. Maraql\u0131 olaca\u011f\u0131n\u0131 n\u0259z\u0259r\u0259 al\u0131b s\u0259f\u0259r t\u0259\u0259ss\u00fcrat\u0131m\u0131 y\u0131\u011fcam olaraq q\u0259l\u0259m\u0259 ald\u0131m.\u00a0 \u018flb\u0259tt\u0259, m\u0259qs\u0259d, d\u00f6vl\u0259timizin ba\u015f\u00e7\u0131s\u0131n\u0131n t\u00f6vsiy\u0259 v\u0259 tap\u015f\u0131r\u0131qlar\u0131na uy\u011fun olaraq, Fransan\u0131n yerli t\u0259cr\u00fcb\u0259sini, qabaqc\u0131l Avropa \u015f\u0259h\u0259rl\u0259rinin inzibati [&hellip;]<\/p>\n","protected":false},"author":1,"featured_media":0,"comment_status":"open","ping_status":"open","sticky":false,"template":"","format":"standard","meta":{"footnotes":""},"categories":[17],"tags":[],"class_list":{"0":"post-17399","1":"post","2":"type-post","3":"status-publish","4":"format-standard","6":"category-kos"},"yoast_head":"<!-- This site is optimized with the Yoast SEO plugin v27.0 - https:\/\/yoast.com\/product\/yoast-seo-wordpress\/ -->\n<title>L\u00fctv\u0259li Babayev yaz\u0131r: \u201cFransada n\u0259l\u0259r g\u00f6rd\u00fck, n\u0259l\u0259r \u00f6yr\u0259ndik?\u201d - Z\u0259rdab.com<\/title>\n<meta name=\"robots\" content=\"index, follow, max-snippet:-1, max-image-preview:large, max-video-preview:-1\" \/>\n<link rel=\"canonical\" href=\"https:\/\/www.zerdab.com\/?p=17399\" \/>\n<meta property=\"og:locale\" content=\"az_AZ\" \/>\n<meta property=\"og:type\" content=\"article\" \/>\n<meta property=\"og:title\" content=\"L\u00fctv\u0259li Babayev yaz\u0131r: \u201cFransada n\u0259l\u0259r g\u00f6rd\u00fck, n\u0259l\u0259r \u00f6yr\u0259ndik?\u201d - Z\u0259rdab.com\" \/>\n<meta property=\"og:description\" content=\"Az\u0259rbaycan Respublikas\u0131n\u0131n Prezidenti \u0130lham \u018fliyevin g\u00f6st\u0259ri\u015fi il\u0259 bu il noyabr\u0131n 2-d\u0259n 9-d\u0259k Fransada i\u015fg\u00fczar s\u0259f\u0259rd\u0259 olan \u00f6lk\u0259mizin \u015f\u0259h\u0259r v\u0259 rayon icra hakimiyy\u0259ti ba\u015f\u00e7\u0131lar\u0131ndan ibar\u0259t qrupda m\u0259n d\u0259 var idim. Maraql\u0131 olaca\u011f\u0131n\u0131 n\u0259z\u0259r\u0259 al\u0131b s\u0259f\u0259r t\u0259\u0259ss\u00fcrat\u0131m\u0131 y\u0131\u011fcam olaraq q\u0259l\u0259m\u0259 ald\u0131m.\u00a0 \u018flb\u0259tt\u0259, m\u0259qs\u0259d, d\u00f6vl\u0259timizin ba\u015f\u00e7\u0131s\u0131n\u0131n t\u00f6vsiy\u0259 v\u0259 tap\u015f\u0131r\u0131qlar\u0131na uy\u011fun olaraq, Fransan\u0131n yerli t\u0259cr\u00fcb\u0259sini, qabaqc\u0131l Avropa \u015f\u0259h\u0259rl\u0259rinin inzibati [&hellip;]\" \/>\n<meta property=\"og:url\" content=\"https:\/\/www.zerdab.com\/?p=17399\" \/>\n<meta property=\"og:site_name\" content=\"Z\u0259rdab.com\" \/>\n<meta property=\"article:published_time\" content=\"2014-11-21T18:31:16+00:00\" \/>\n<meta property=\"article:modified_time\" content=\"2014-11-21T18:42:31+00:00\" \/>\n<meta name=\"author\" content=\"admin\" \/>\n<meta name=\"twitter:card\" content=\"summary_large_image\" \/>\n<meta name=\"twitter:label1\" content=\"Written by\" \/>\n\t<meta name=\"twitter:data1\" content=\"admin\" \/>\n\t<meta name=\"twitter:label2\" content=\"Est. reading time\" \/>\n\t<meta name=\"twitter:data2\" content=\"26 minutes\" \/>\n<script type=\"application\/ld+json\" class=\"yoast-schema-graph\">{\"@context\":\"https:\/\/schema.org\",\"@graph\":[{\"@type\":\"Article\",\"@id\":\"https:\/\/www.zerdab.com\/?p=17399#article\",\"isPartOf\":{\"@id\":\"https:\/\/www.zerdab.com\/?p=17399\"},\"author\":{\"name\":\"admin\",\"@id\":\"https:\/\/www.zerdab.com\/#\/schema\/person\/97079b7570c1e89ec0d9e138c3672136\"},\"headline\":\"L\u00fctv\u0259li Babayev yaz\u0131r: \u201cFransada n\u0259l\u0259r g\u00f6rd\u00fck, n\u0259l\u0259r \u00f6yr\u0259ndik?\u201d\",\"datePublished\":\"2014-11-21T18:31:16+00:00\",\"dateModified\":\"2014-11-21T18:42:31+00:00\",\"mainEntityOfPage\":{\"@id\":\"https:\/\/www.zerdab.com\/?p=17399\"},\"wordCount\":5312,\"commentCount\":1,\"articleSection\":[\"YAZARLAR\"],\"inLanguage\":\"az\",\"potentialAction\":[{\"@type\":\"CommentAction\",\"name\":\"Comment\",\"target\":[\"https:\/\/www.zerdab.com\/?p=17399#respond\"]}]},{\"@type\":\"WebPage\",\"@id\":\"https:\/\/www.zerdab.com\/?p=17399\",\"url\":\"https:\/\/www.zerdab.com\/?p=17399\",\"name\":\"L\u00fctv\u0259li Babayev yaz\u0131r: \u201cFransada n\u0259l\u0259r g\u00f6rd\u00fck, n\u0259l\u0259r \u00f6yr\u0259ndik?\u201d - Z\u0259rdab.com\",\"isPartOf\":{\"@id\":\"https:\/\/www.zerdab.com\/#website\"},\"datePublished\":\"2014-11-21T18:31:16+00:00\",\"dateModified\":\"2014-11-21T18:42:31+00:00\",\"author\":{\"@id\":\"https:\/\/www.zerdab.com\/#\/schema\/person\/97079b7570c1e89ec0d9e138c3672136\"},\"breadcrumb\":{\"@id\":\"https:\/\/www.zerdab.com\/?p=17399#breadcrumb\"},\"inLanguage\":\"az\",\"potentialAction\":[{\"@type\":\"ReadAction\",\"target\":[\"https:\/\/www.zerdab.com\/?p=17399\"]}]},{\"@type\":\"BreadcrumbList\",\"@id\":\"https:\/\/www.zerdab.com\/?p=17399#breadcrumb\",\"itemListElement\":[{\"@type\":\"ListItem\",\"position\":1,\"name\":\"Home\",\"item\":\"https:\/\/www.zerdab.com\/\"},{\"@type\":\"ListItem\",\"position\":2,\"name\":\"L\u00fctv\u0259li Babayev yaz\u0131r: \u201cFransada n\u0259l\u0259r g\u00f6rd\u00fck, n\u0259l\u0259r \u00f6yr\u0259ndik?\u201d\"}]},{\"@type\":\"WebSite\",\"@id\":\"https:\/\/www.zerdab.com\/#website\",\"url\":\"https:\/\/www.zerdab.com\/\",\"name\":\"Z\u0259rdab.com\",\"description\":\"\",\"potentialAction\":[{\"@type\":\"SearchAction\",\"target\":{\"@type\":\"EntryPoint\",\"urlTemplate\":\"https:\/\/www.zerdab.com\/?s={search_term_string}\"},\"query-input\":{\"@type\":\"PropertyValueSpecification\",\"valueRequired\":true,\"valueName\":\"search_term_string\"}}],\"inLanguage\":\"az\"},{\"@type\":\"Person\",\"@id\":\"https:\/\/www.zerdab.com\/#\/schema\/person\/97079b7570c1e89ec0d9e138c3672136\",\"name\":\"admin\",\"image\":{\"@type\":\"ImageObject\",\"inLanguage\":\"az\",\"@id\":\"https:\/\/www.zerdab.com\/#\/schema\/person\/image\/\",\"url\":\"https:\/\/secure.gravatar.com\/avatar\/d9c52a9a27c32119cb6679a077fa3e2779e5f822c451cbf01098004361d466ec?s=96&d=mm&r=g\",\"contentUrl\":\"https:\/\/secure.gravatar.com\/avatar\/d9c52a9a27c32119cb6679a077fa3e2779e5f822c451cbf01098004361d466ec?s=96&d=mm&r=g\",\"caption\":\"admin\"},\"url\":\"https:\/\/www.zerdab.com\/?author=1\"}]}<\/script>\n<!-- \/ Yoast SEO plugin. -->","yoast_head_json":{"title":"L\u00fctv\u0259li Babayev yaz\u0131r: \u201cFransada n\u0259l\u0259r g\u00f6rd\u00fck, n\u0259l\u0259r \u00f6yr\u0259ndik?\u201d - Z\u0259rdab.com","robots":{"index":"index","follow":"follow","max-snippet":"max-snippet:-1","max-image-preview":"max-image-preview:large","max-video-preview":"max-video-preview:-1"},"canonical":"https:\/\/www.zerdab.com\/?p=17399","og_locale":"az_AZ","og_type":"article","og_title":"L\u00fctv\u0259li Babayev yaz\u0131r: \u201cFransada n\u0259l\u0259r g\u00f6rd\u00fck, n\u0259l\u0259r \u00f6yr\u0259ndik?\u201d - Z\u0259rdab.com","og_description":"Az\u0259rbaycan Respublikas\u0131n\u0131n Prezidenti \u0130lham \u018fliyevin g\u00f6st\u0259ri\u015fi il\u0259 bu il noyabr\u0131n 2-d\u0259n 9-d\u0259k Fransada i\u015fg\u00fczar s\u0259f\u0259rd\u0259 olan \u00f6lk\u0259mizin \u015f\u0259h\u0259r v\u0259 rayon icra hakimiyy\u0259ti ba\u015f\u00e7\u0131lar\u0131ndan ibar\u0259t qrupda m\u0259n d\u0259 var idim. Maraql\u0131 olaca\u011f\u0131n\u0131 n\u0259z\u0259r\u0259 al\u0131b s\u0259f\u0259r t\u0259\u0259ss\u00fcrat\u0131m\u0131 y\u0131\u011fcam olaraq q\u0259l\u0259m\u0259 ald\u0131m.\u00a0 \u018flb\u0259tt\u0259, m\u0259qs\u0259d, d\u00f6vl\u0259timizin ba\u015f\u00e7\u0131s\u0131n\u0131n t\u00f6vsiy\u0259 v\u0259 tap\u015f\u0131r\u0131qlar\u0131na uy\u011fun olaraq, Fransan\u0131n yerli t\u0259cr\u00fcb\u0259sini, qabaqc\u0131l Avropa \u015f\u0259h\u0259rl\u0259rinin inzibati [&hellip;]","og_url":"https:\/\/www.zerdab.com\/?p=17399","og_site_name":"Z\u0259rdab.com","article_published_time":"2014-11-21T18:31:16+00:00","article_modified_time":"2014-11-21T18:42:31+00:00","author":"admin","twitter_card":"summary_large_image","twitter_misc":{"Written by":"admin","Est. reading time":"26 minutes"},"schema":{"@context":"https:\/\/schema.org","@graph":[{"@type":"Article","@id":"https:\/\/www.zerdab.com\/?p=17399#article","isPartOf":{"@id":"https:\/\/www.zerdab.com\/?p=17399"},"author":{"name":"admin","@id":"https:\/\/www.zerdab.com\/#\/schema\/person\/97079b7570c1e89ec0d9e138c3672136"},"headline":"L\u00fctv\u0259li Babayev yaz\u0131r: \u201cFransada n\u0259l\u0259r g\u00f6rd\u00fck, n\u0259l\u0259r \u00f6yr\u0259ndik?\u201d","datePublished":"2014-11-21T18:31:16+00:00","dateModified":"2014-11-21T18:42:31+00:00","mainEntityOfPage":{"@id":"https:\/\/www.zerdab.com\/?p=17399"},"wordCount":5312,"commentCount":1,"articleSection":["YAZARLAR"],"inLanguage":"az","potentialAction":[{"@type":"CommentAction","name":"Comment","target":["https:\/\/www.zerdab.com\/?p=17399#respond"]}]},{"@type":"WebPage","@id":"https:\/\/www.zerdab.com\/?p=17399","url":"https:\/\/www.zerdab.com\/?p=17399","name":"L\u00fctv\u0259li Babayev yaz\u0131r: \u201cFransada n\u0259l\u0259r g\u00f6rd\u00fck, n\u0259l\u0259r \u00f6yr\u0259ndik?\u201d - Z\u0259rdab.com","isPartOf":{"@id":"https:\/\/www.zerdab.com\/#website"},"datePublished":"2014-11-21T18:31:16+00:00","dateModified":"2014-11-21T18:42:31+00:00","author":{"@id":"https:\/\/www.zerdab.com\/#\/schema\/person\/97079b7570c1e89ec0d9e138c3672136"},"breadcrumb":{"@id":"https:\/\/www.zerdab.com\/?p=17399#breadcrumb"},"inLanguage":"az","potentialAction":[{"@type":"ReadAction","target":["https:\/\/www.zerdab.com\/?p=17399"]}]},{"@type":"BreadcrumbList","@id":"https:\/\/www.zerdab.com\/?p=17399#breadcrumb","itemListElement":[{"@type":"ListItem","position":1,"name":"Home","item":"https:\/\/www.zerdab.com\/"},{"@type":"ListItem","position":2,"name":"L\u00fctv\u0259li Babayev yaz\u0131r: \u201cFransada n\u0259l\u0259r g\u00f6rd\u00fck, n\u0259l\u0259r \u00f6yr\u0259ndik?\u201d"}]},{"@type":"WebSite","@id":"https:\/\/www.zerdab.com\/#website","url":"https:\/\/www.zerdab.com\/","name":"Z\u0259rdab.com","description":"","potentialAction":[{"@type":"SearchAction","target":{"@type":"EntryPoint","urlTemplate":"https:\/\/www.zerdab.com\/?s={search_term_string}"},"query-input":{"@type":"PropertyValueSpecification","valueRequired":true,"valueName":"search_term_string"}}],"inLanguage":"az"},{"@type":"Person","@id":"https:\/\/www.zerdab.com\/#\/schema\/person\/97079b7570c1e89ec0d9e138c3672136","name":"admin","image":{"@type":"ImageObject","inLanguage":"az","@id":"https:\/\/www.zerdab.com\/#\/schema\/person\/image\/","url":"https:\/\/secure.gravatar.com\/avatar\/d9c52a9a27c32119cb6679a077fa3e2779e5f822c451cbf01098004361d466ec?s=96&d=mm&r=g","contentUrl":"https:\/\/secure.gravatar.com\/avatar\/d9c52a9a27c32119cb6679a077fa3e2779e5f822c451cbf01098004361d466ec?s=96&d=mm&r=g","caption":"admin"},"url":"https:\/\/www.zerdab.com\/?author=1"}]}},"_links":{"self":[{"href":"https:\/\/www.zerdab.com\/index.php?rest_route=\/wp\/v2\/posts\/17399","targetHints":{"allow":["GET"]}}],"collection":[{"href":"https:\/\/www.zerdab.com\/index.php?rest_route=\/wp\/v2\/posts"}],"about":[{"href":"https:\/\/www.zerdab.com\/index.php?rest_route=\/wp\/v2\/types\/post"}],"author":[{"embeddable":true,"href":"https:\/\/www.zerdab.com\/index.php?rest_route=\/wp\/v2\/users\/1"}],"replies":[{"embeddable":true,"href":"https:\/\/www.zerdab.com\/index.php?rest_route=%2Fwp%2Fv2%2Fcomments&post=17399"}],"version-history":[{"count":4,"href":"https:\/\/www.zerdab.com\/index.php?rest_route=\/wp\/v2\/posts\/17399\/revisions"}],"predecessor-version":[{"id":17404,"href":"https:\/\/www.zerdab.com\/index.php?rest_route=\/wp\/v2\/posts\/17399\/revisions\/17404"}],"wp:attachment":[{"href":"https:\/\/www.zerdab.com\/index.php?rest_route=%2Fwp%2Fv2%2Fmedia&parent=17399"}],"wp:term":[{"taxonomy":"category","embeddable":true,"href":"https:\/\/www.zerdab.com\/index.php?rest_route=%2Fwp%2Fv2%2Fcategories&post=17399"},{"taxonomy":"post_tag","embeddable":true,"href":"https:\/\/www.zerdab.com\/index.php?rest_route=%2Fwp%2Fv2%2Ftags&post=17399"}],"curies":[{"name":"wp","href":"https:\/\/api.w.org\/{rel}","templated":true}]}}