{"id":17447,"date":"2014-11-27T12:57:00","date_gmt":"2014-11-27T08:57:00","guid":{"rendered":"http:\/\/www.zerdab.com\/?p=17447"},"modified":"2014-11-27T12:57:00","modified_gmt":"2014-11-27T08:57:00","slug":"sad-x%c9%99b%c9%99r-z%c9%99rdabin-daha-2-k%c9%99ndin%c9%99-t%c9%99bii-qaz-verildi","status":"publish","type":"post","link":"https:\/\/www.zerdab.com\/?p=17447","title":{"rendered":"\u015ead x\u0259b\u0259r: Z\u0259rdab\u0131n daha 2 k\u0259ndin\u0259 t\u0259bii qaz verildi"},"content":{"rendered":"<p style=\"text-align: justify;\" align=\"center\"><span style=\"font-size: 14px; line-height: 1.5em;\"><a href=\"http:\/\/www.zerdab.com\/wp-content\/uploads\/2014\/11\/Z\u0259rdab12.jpg\"><img loading=\"lazy\" decoding=\"async\" class=\"aligncenter size-large wp-image-17449\" alt=\"Z\u0259rdab\" src=\"http:\/\/www.zerdab.com\/wp-content\/uploads\/2014\/11\/Z\u0259rdab12-550x407.jpg\" width=\"550\" height=\"407\" \/><\/a>Z\u0259rdab rayonunda Regionlar\u0131n sosial-iqtisadi inki\u015faf\u0131 D\u00f6vl\u0259t Proqram\u0131n\u0131n u\u011furla icra edilm\u0259si n\u0259tic\u0259sind\u0259 \u0259halinin sosial probleml\u0259rin h\u0259lli istiqam\u0259tind\u0259 g\u00f6r\u00fcl\u0259n i\u015fl\u0259r diqq\u0259t m\u0259rk\u0259zind\u0259 saxlan\u0131l\u0131r, geni\u015fmiqyasl\u0131 quruculuq v\u0259 abadl\u0131q i\u015fl\u0259ri davam etdirilir.<\/span><\/p>\n<p style=\"text-align: justify;\">Rayonda \u0259halinin, x\u00fcsus\u0259n k\u0259ndl\u0259rd\u0259 ya\u015fayanlar\u0131n t\u0259bii qaza olan ehtiyac\u0131n\u0131n \u00f6d\u0259nilm\u0259si sah\u0259sind\u0259 g\u00f6r\u00fcl\u0259n i\u015fl\u0259r is\u0259 daha sevindiricidir.<\/p>\n<p style=\"text-align: justify;\">Rayon \u0130cra hakimiyy\u0259ti ba\u015f\u00e7\u0131s\u0131n\u0131n cari ilin iyul ay\u0131nda Xanm\u0259mm\u0259dli k\u0259ndind\u0259 \u0259hali il\u0259 ke\u00e7iril\u0259n s\u0259yyar q\u0259bul-g\u00f6r\u00fc\u015f\u00fc zaman\u0131 sakinl\u0259r \u0259raziy\u0259 qaz x\u0259ttinin \u00e7\u0259kili\u015finin s\u00fcr\u0259tl\u0259ndirilm\u0259sin\u0259 k\u00f6m\u0259klik g\u00f6st\u0259rilm\u0259sini xahi\u015f etmi\u015fdil\u0259r. Bununla ba\u011fl\u0131 rayon r\u0259hb\u0259rliyi t\u0259r\u0259find\u0259n \u0259laq\u0259dar t\u0259\u015fkilatlar qar\u015f\u0131s\u0131nda m\u0259s\u0259l\u0259 qald\u0131r\u0131lm\u0131\u015fd\u0131r.<\/p>\n<p style=\"text-align: justify;\">27 noyabr 2014-c\u00fc il tarixd\u0259 rayonun H\u00fcseynxanl\u0131 v\u0259 Xanm\u0259mm\u0259dli k\u0259ndl\u0259rind\u0259 yeni \u00e7\u0259kilmi\u015f qaz x\u0259ttinin a\u00e7\u0131l\u0131\u015f m\u0259rasimi ke\u00e7irildi. K\u0259ndl\u0259rd\u0259 14486 paqonometr da\u015f\u0131y\u0131c\u0131 v\u0259 paylay\u0131c\u0131 x\u0259tt \u00e7\u0259kilmi\u015f, Xanm\u0259mm\u0259dli k\u0259ndind\u0259 82, H\u00fcseynxanl\u0131 k\u0259ndind\u0259 79 olmaqla \u2013 c\u0259mi 161 ev\u0259 say\u011fac qura\u015fd\u0131r\u0131lm\u0131\u015f, qaz pil\u0259t\u0259l\u0259rinin qura\u015fd\u0131r\u0131ld\u0131\u011f\u0131 m\u0259saf\u0259y\u0259 q\u0259d\u0259r x\u0259tt \u00e7\u0259kilmi\u015fdir.<\/p>\n<p style=\"text-align: justify;\">A\u00e7\u0131l\u0131\u015f m\u0259rasimind\u0259 \u00e7\u0131x\u0131\u015f ed\u0259n Rayon \u0130cra Hakimiyy\u0259tinin ba\u015f\u00e7\u0131s\u0131 c\u0259nab L\u00fctv\u0259li Babayev h\u0259r iki k\u0259ndin sakinl\u0259rini bug\u00fcnk\u00fc m\u00fch\u00fcm hadis\u0259 m\u00fcnasib\u0259til\u0259 t\u0259brik etdi. Bildirdi ki, \u201cAz\u0259rbaycan Respublikas\u0131 regionlar\u0131n\u0131n 2009-2013-c\u00fc ill\u0259rd\u0259 sosial-iqtisadi inki\u015faf\u0131 D\u00f6vl\u0259t Proqram\u0131\u201dn\u0131n icras\u0131 istiqam\u0259tind\u0259 bu g\u00fcn\u0259d\u0259k rayonun 10 ya\u015fay\u0131\u015f m\u0259nt\u0259q\u0259sin\u0259 t\u0259bii qaz verilmi\u015fdir. Art\u0131q bu g\u00fcn 12-ci ya\u015fay\u0131\u015f m\u0259nt\u0259q\u0259si t\u0259bii qazla t\u0259min edildi. Haz\u0131rda dig\u0259r ya\u015fay\u0131\u015f m\u0259nt\u0259q\u0259l\u0259rin\u0259 d\u0259 qaz x\u0259ttinin \u00e7\u0259kili\u015fi davam etdirilir. Qeyd edildi ki, Az\u0259rbaycan\u0131n h\u0259rt\u0259r\u0259fli inki\u015faf\u0131 v\u0259 xalq\u0131m\u0131z\u0131n firavan ya\u015fay\u0131\u015f\u0131n\u0131n t\u0259\u015fkili istiqam\u0259tind\u0259 ulu \u00f6nd\u0259rimiz Heyd\u0259r \u018fliyev t\u0259r\u0259find\u0259n \u0259sas\u0131 qoyulan siyas\u0259t bu g\u00fcn m\u00f6ht\u0259r\u0259m Prezidentimiz c\u0259nab \u0130lham \u018fliyev t\u0259r\u0259find\u0259n u\u011furla davam v\u0259 inki\u015faf etdirilir.<\/p>\n<p style=\"text-align: justify;\">2014-2018-ci ill\u0259ri \u0259hat\u0259 ed\u0259n regionlar\u0131n sosial-iqtisadi inki\u015faf\u0131 D\u00f6vl\u0259t Proqram\u0131na \u0259sas\u0259n yax\u0131n ill\u0259rd\u0259 rayonun b\u00fct\u00fcn ya\u015fay\u0131\u015f m\u0259nt\u0259q\u0259l\u0259ri mavi yanacaqla\u00a0 t\u0259min edil\u0259c\u0259kdir.<\/p>\n<p style=\"text-align: justify;\">K\u0259nd sakinl\u0259ri \u00e7\u0131x\u0131\u015f ed\u0259r\u0259k \u0259halinin sosial probleml\u0259rinin h\u0259llin\u0259 g\u00f6st\u0259ril\u0259n diqq\u0259t v\u0259 qay\u011f\u0131ya g\u00f6r\u0259 \u00f6lk\u0259 r\u0259hb\u0259rliyin\u0259 minn\u0259tdarl\u0131qlar\u0131n\u0131 bildirdil\u0259r.<\/p>\n<p style=\"text-align: justify;\">\u0130n\u015faat i\u015fl\u0259rind\u0259 f\u0259all\u0131q g\u00f6st\u0259r\u0259n bir qrup i\u015f\u00e7iy\u0259 qiym\u0259tli h\u0259diyy\u0259l\u0259r t\u0259qdim olunub.<\/p>\n<p style=\"text-align: justify;\">M\u0259rasimin sonunda mavi yanaca\u011f\u0131n verili\u015fini bildir\u0259n r\u0259mzi m\u0259\u015f\u0259l alovland\u0131r\u0131l\u0131b.<\/p>\n<p style=\"text-align: justify;\">A\u00e7\u0131l\u0131\u015f m\u0259rasimind\u0259 \u201cAz\u0259riqaz\u201d \u0130stehsalat Birliyinin n\u00fcmay\u0259nd\u0259si Mirm\u0259h\u0259mm\u0259d Seyidov i\u015ftirak etmi\u015fdir.<\/p>\n<p style=\"text-align: justify;\">\u00a0<span style=\"color: #0000ff;\"><b>Z\u0259rdab Rayon \u0130cra Hakimiyy\u0259ti<a href=\"http:\/\/www.zerdab.com\/wp-content\/uploads\/2014\/11\/Z\u0259rdab12.jpg\"><img loading=\"lazy\" decoding=\"async\" class=\"aligncenter size-large wp-image-17449\" alt=\"Z\u0259rdab\" src=\"http:\/\/www.zerdab.com\/wp-content\/uploads\/2014\/11\/Z\u0259rdab12-550x407.jpg\" width=\"550\" height=\"407\" \/><\/a><a href=\"http:\/\/www.zerdab.com\/wp-content\/uploads\/2014\/11\/Z\u0259rdab21.jpg\"><img loading=\"lazy\" decoding=\"async\" class=\"aligncenter size-large wp-image-17450\" alt=\"Z\u0259rdab\" src=\"http:\/\/www.zerdab.com\/wp-content\/uploads\/2014\/11\/Z\u0259rdab21-550x365.jpg\" width=\"550\" height=\"365\" \/><\/a><\/b><\/span><\/p>\n","protected":false},"excerpt":{"rendered":"<p>Z\u0259rdab rayonunda Regionlar\u0131n sosial-iqtisadi inki\u015faf\u0131 D\u00f6vl\u0259t Proqram\u0131n\u0131n u\u011furla icra edilm\u0259si n\u0259tic\u0259sind\u0259 \u0259halinin sosial probleml\u0259rin h\u0259lli istiqam\u0259tind\u0259 g\u00f6r\u00fcl\u0259n i\u015fl\u0259r diqq\u0259t m\u0259rk\u0259zind\u0259 saxlan\u0131l\u0131r, geni\u015fmiqyasl\u0131 quruculuq v\u0259 abadl\u0131q i\u015fl\u0259ri davam etdirilir. Rayonda \u0259halinin, x\u00fcsus\u0259n k\u0259ndl\u0259rd\u0259 ya\u015fayanlar\u0131n t\u0259bii qaza olan ehtiyac\u0131n\u0131n \u00f6d\u0259nilm\u0259si sah\u0259sind\u0259 g\u00f6r\u00fcl\u0259n i\u015fl\u0259r is\u0259 daha sevindiricidir. Rayon \u0130cra hakimiyy\u0259ti ba\u015f\u00e7\u0131s\u0131n\u0131n cari ilin iyul ay\u0131nda Xanm\u0259mm\u0259dli k\u0259ndind\u0259 \u0259hali [&hellip;]<\/p>\n","protected":false},"author":1,"featured_media":0,"comment_status":"open","ping_status":"open","sticky":false,"template":"","format":"standard","meta":{"footnotes":""},"categories":[5],"tags":[],"class_list":{"0":"post-17447","1":"post","2":"type-post","3":"status-publish","4":"format-standard","6":"category-knd"},"yoast_head":"<!-- This site is optimized with the Yoast SEO plugin v27.0 - https:\/\/yoast.com\/product\/yoast-seo-wordpress\/ -->\n<title>\u015ead x\u0259b\u0259r: Z\u0259rdab\u0131n daha 2 k\u0259ndin\u0259 t\u0259bii qaz verildi - Z\u0259rdab.com<\/title>\n<meta name=\"robots\" content=\"index, follow, max-snippet:-1, max-image-preview:large, max-video-preview:-1\" \/>\n<link rel=\"canonical\" href=\"https:\/\/www.zerdab.com\/?p=17447\" \/>\n<meta property=\"og:locale\" content=\"az_AZ\" \/>\n<meta property=\"og:type\" content=\"article\" \/>\n<meta property=\"og:title\" content=\"\u015ead x\u0259b\u0259r: Z\u0259rdab\u0131n daha 2 k\u0259ndin\u0259 t\u0259bii qaz verildi - Z\u0259rdab.com\" \/>\n<meta property=\"og:description\" content=\"Z\u0259rdab rayonunda Regionlar\u0131n sosial-iqtisadi inki\u015faf\u0131 D\u00f6vl\u0259t Proqram\u0131n\u0131n u\u011furla icra edilm\u0259si n\u0259tic\u0259sind\u0259 \u0259halinin sosial probleml\u0259rin h\u0259lli istiqam\u0259tind\u0259 g\u00f6r\u00fcl\u0259n i\u015fl\u0259r diqq\u0259t m\u0259rk\u0259zind\u0259 saxlan\u0131l\u0131r, geni\u015fmiqyasl\u0131 quruculuq v\u0259 abadl\u0131q i\u015fl\u0259ri davam etdirilir. Rayonda \u0259halinin, x\u00fcsus\u0259n k\u0259ndl\u0259rd\u0259 ya\u015fayanlar\u0131n t\u0259bii qaza olan ehtiyac\u0131n\u0131n \u00f6d\u0259nilm\u0259si sah\u0259sind\u0259 g\u00f6r\u00fcl\u0259n i\u015fl\u0259r is\u0259 daha sevindiricidir. Rayon \u0130cra hakimiyy\u0259ti ba\u015f\u00e7\u0131s\u0131n\u0131n cari ilin iyul ay\u0131nda Xanm\u0259mm\u0259dli k\u0259ndind\u0259 \u0259hali [&hellip;]\" \/>\n<meta property=\"og:url\" content=\"https:\/\/www.zerdab.com\/?p=17447\" \/>\n<meta property=\"og:site_name\" content=\"Z\u0259rdab.com\" \/>\n<meta property=\"article:published_time\" content=\"2014-11-27T08:57:00+00:00\" \/>\n<meta name=\"author\" content=\"admin\" \/>\n<meta name=\"twitter:card\" content=\"summary_large_image\" \/>\n<meta name=\"twitter:label1\" content=\"Written by\" \/>\n\t<meta name=\"twitter:data1\" content=\"admin\" \/>\n\t<meta name=\"twitter:label2\" content=\"Est. reading time\" \/>\n\t<meta name=\"twitter:data2\" content=\"3 minutes\" \/>\n<script type=\"application\/ld+json\" class=\"yoast-schema-graph\">{\"@context\":\"https:\/\/schema.org\",\"@graph\":[{\"@type\":\"Article\",\"@id\":\"https:\/\/www.zerdab.com\/?p=17447#article\",\"isPartOf\":{\"@id\":\"https:\/\/www.zerdab.com\/?p=17447\"},\"author\":{\"name\":\"admin\",\"@id\":\"https:\/\/www.zerdab.com\/#\/schema\/person\/97079b7570c1e89ec0d9e138c3672136\"},\"headline\":\"\u015ead x\u0259b\u0259r: Z\u0259rdab\u0131n daha 2 k\u0259ndin\u0259 t\u0259bii qaz verildi\",\"datePublished\":\"2014-11-27T08:57:00+00:00\",\"mainEntityOfPage\":{\"@id\":\"https:\/\/www.zerdab.com\/?p=17447\"},\"wordCount\":583,\"commentCount\":3,\"articleSection\":[\"X\u018fB\u018fRL\u018fR\"],\"inLanguage\":\"az\",\"potentialAction\":[{\"@type\":\"CommentAction\",\"name\":\"Comment\",\"target\":[\"https:\/\/www.zerdab.com\/?p=17447#respond\"]}]},{\"@type\":\"WebPage\",\"@id\":\"https:\/\/www.zerdab.com\/?p=17447\",\"url\":\"https:\/\/www.zerdab.com\/?p=17447\",\"name\":\"\u015ead x\u0259b\u0259r: Z\u0259rdab\u0131n daha 2 k\u0259ndin\u0259 t\u0259bii qaz verildi - Z\u0259rdab.com\",\"isPartOf\":{\"@id\":\"https:\/\/www.zerdab.com\/#website\"},\"datePublished\":\"2014-11-27T08:57:00+00:00\",\"author\":{\"@id\":\"https:\/\/www.zerdab.com\/#\/schema\/person\/97079b7570c1e89ec0d9e138c3672136\"},\"breadcrumb\":{\"@id\":\"https:\/\/www.zerdab.com\/?p=17447#breadcrumb\"},\"inLanguage\":\"az\",\"potentialAction\":[{\"@type\":\"ReadAction\",\"target\":[\"https:\/\/www.zerdab.com\/?p=17447\"]}]},{\"@type\":\"BreadcrumbList\",\"@id\":\"https:\/\/www.zerdab.com\/?p=17447#breadcrumb\",\"itemListElement\":[{\"@type\":\"ListItem\",\"position\":1,\"name\":\"Home\",\"item\":\"https:\/\/www.zerdab.com\/\"},{\"@type\":\"ListItem\",\"position\":2,\"name\":\"\u015ead x\u0259b\u0259r: Z\u0259rdab\u0131n daha 2 k\u0259ndin\u0259 t\u0259bii qaz verildi\"}]},{\"@type\":\"WebSite\",\"@id\":\"https:\/\/www.zerdab.com\/#website\",\"url\":\"https:\/\/www.zerdab.com\/\",\"name\":\"Z\u0259rdab.com\",\"description\":\"\",\"potentialAction\":[{\"@type\":\"SearchAction\",\"target\":{\"@type\":\"EntryPoint\",\"urlTemplate\":\"https:\/\/www.zerdab.com\/?s={search_term_string}\"},\"query-input\":{\"@type\":\"PropertyValueSpecification\",\"valueRequired\":true,\"valueName\":\"search_term_string\"}}],\"inLanguage\":\"az\"},{\"@type\":\"Person\",\"@id\":\"https:\/\/www.zerdab.com\/#\/schema\/person\/97079b7570c1e89ec0d9e138c3672136\",\"name\":\"admin\",\"image\":{\"@type\":\"ImageObject\",\"inLanguage\":\"az\",\"@id\":\"https:\/\/www.zerdab.com\/#\/schema\/person\/image\/\",\"url\":\"https:\/\/secure.gravatar.com\/avatar\/d9c52a9a27c32119cb6679a077fa3e2779e5f822c451cbf01098004361d466ec?s=96&d=mm&r=g\",\"contentUrl\":\"https:\/\/secure.gravatar.com\/avatar\/d9c52a9a27c32119cb6679a077fa3e2779e5f822c451cbf01098004361d466ec?s=96&d=mm&r=g\",\"caption\":\"admin\"},\"url\":\"https:\/\/www.zerdab.com\/?author=1\"}]}<\/script>\n<!-- \/ Yoast SEO plugin. -->","yoast_head_json":{"title":"\u015ead x\u0259b\u0259r: Z\u0259rdab\u0131n daha 2 k\u0259ndin\u0259 t\u0259bii qaz verildi - Z\u0259rdab.com","robots":{"index":"index","follow":"follow","max-snippet":"max-snippet:-1","max-image-preview":"max-image-preview:large","max-video-preview":"max-video-preview:-1"},"canonical":"https:\/\/www.zerdab.com\/?p=17447","og_locale":"az_AZ","og_type":"article","og_title":"\u015ead x\u0259b\u0259r: Z\u0259rdab\u0131n daha 2 k\u0259ndin\u0259 t\u0259bii qaz verildi - Z\u0259rdab.com","og_description":"Z\u0259rdab rayonunda Regionlar\u0131n sosial-iqtisadi inki\u015faf\u0131 D\u00f6vl\u0259t Proqram\u0131n\u0131n u\u011furla icra edilm\u0259si n\u0259tic\u0259sind\u0259 \u0259halinin sosial probleml\u0259rin h\u0259lli istiqam\u0259tind\u0259 g\u00f6r\u00fcl\u0259n i\u015fl\u0259r diqq\u0259t m\u0259rk\u0259zind\u0259 saxlan\u0131l\u0131r, geni\u015fmiqyasl\u0131 quruculuq v\u0259 abadl\u0131q i\u015fl\u0259ri davam etdirilir. Rayonda \u0259halinin, x\u00fcsus\u0259n k\u0259ndl\u0259rd\u0259 ya\u015fayanlar\u0131n t\u0259bii qaza olan ehtiyac\u0131n\u0131n \u00f6d\u0259nilm\u0259si sah\u0259sind\u0259 g\u00f6r\u00fcl\u0259n i\u015fl\u0259r is\u0259 daha sevindiricidir. Rayon \u0130cra hakimiyy\u0259ti ba\u015f\u00e7\u0131s\u0131n\u0131n cari ilin iyul ay\u0131nda Xanm\u0259mm\u0259dli k\u0259ndind\u0259 \u0259hali [&hellip;]","og_url":"https:\/\/www.zerdab.com\/?p=17447","og_site_name":"Z\u0259rdab.com","article_published_time":"2014-11-27T08:57:00+00:00","author":"admin","twitter_card":"summary_large_image","twitter_misc":{"Written by":"admin","Est. reading time":"3 minutes"},"schema":{"@context":"https:\/\/schema.org","@graph":[{"@type":"Article","@id":"https:\/\/www.zerdab.com\/?p=17447#article","isPartOf":{"@id":"https:\/\/www.zerdab.com\/?p=17447"},"author":{"name":"admin","@id":"https:\/\/www.zerdab.com\/#\/schema\/person\/97079b7570c1e89ec0d9e138c3672136"},"headline":"\u015ead x\u0259b\u0259r: Z\u0259rdab\u0131n daha 2 k\u0259ndin\u0259 t\u0259bii qaz verildi","datePublished":"2014-11-27T08:57:00+00:00","mainEntityOfPage":{"@id":"https:\/\/www.zerdab.com\/?p=17447"},"wordCount":583,"commentCount":3,"articleSection":["X\u018fB\u018fRL\u018fR"],"inLanguage":"az","potentialAction":[{"@type":"CommentAction","name":"Comment","target":["https:\/\/www.zerdab.com\/?p=17447#respond"]}]},{"@type":"WebPage","@id":"https:\/\/www.zerdab.com\/?p=17447","url":"https:\/\/www.zerdab.com\/?p=17447","name":"\u015ead x\u0259b\u0259r: Z\u0259rdab\u0131n daha 2 k\u0259ndin\u0259 t\u0259bii qaz verildi - Z\u0259rdab.com","isPartOf":{"@id":"https:\/\/www.zerdab.com\/#website"},"datePublished":"2014-11-27T08:57:00+00:00","author":{"@id":"https:\/\/www.zerdab.com\/#\/schema\/person\/97079b7570c1e89ec0d9e138c3672136"},"breadcrumb":{"@id":"https:\/\/www.zerdab.com\/?p=17447#breadcrumb"},"inLanguage":"az","potentialAction":[{"@type":"ReadAction","target":["https:\/\/www.zerdab.com\/?p=17447"]}]},{"@type":"BreadcrumbList","@id":"https:\/\/www.zerdab.com\/?p=17447#breadcrumb","itemListElement":[{"@type":"ListItem","position":1,"name":"Home","item":"https:\/\/www.zerdab.com\/"},{"@type":"ListItem","position":2,"name":"\u015ead x\u0259b\u0259r: Z\u0259rdab\u0131n daha 2 k\u0259ndin\u0259 t\u0259bii qaz verildi"}]},{"@type":"WebSite","@id":"https:\/\/www.zerdab.com\/#website","url":"https:\/\/www.zerdab.com\/","name":"Z\u0259rdab.com","description":"","potentialAction":[{"@type":"SearchAction","target":{"@type":"EntryPoint","urlTemplate":"https:\/\/www.zerdab.com\/?s={search_term_string}"},"query-input":{"@type":"PropertyValueSpecification","valueRequired":true,"valueName":"search_term_string"}}],"inLanguage":"az"},{"@type":"Person","@id":"https:\/\/www.zerdab.com\/#\/schema\/person\/97079b7570c1e89ec0d9e138c3672136","name":"admin","image":{"@type":"ImageObject","inLanguage":"az","@id":"https:\/\/www.zerdab.com\/#\/schema\/person\/image\/","url":"https:\/\/secure.gravatar.com\/avatar\/d9c52a9a27c32119cb6679a077fa3e2779e5f822c451cbf01098004361d466ec?s=96&d=mm&r=g","contentUrl":"https:\/\/secure.gravatar.com\/avatar\/d9c52a9a27c32119cb6679a077fa3e2779e5f822c451cbf01098004361d466ec?s=96&d=mm&r=g","caption":"admin"},"url":"https:\/\/www.zerdab.com\/?author=1"}]}},"_links":{"self":[{"href":"https:\/\/www.zerdab.com\/index.php?rest_route=\/wp\/v2\/posts\/17447","targetHints":{"allow":["GET"]}}],"collection":[{"href":"https:\/\/www.zerdab.com\/index.php?rest_route=\/wp\/v2\/posts"}],"about":[{"href":"https:\/\/www.zerdab.com\/index.php?rest_route=\/wp\/v2\/types\/post"}],"author":[{"embeddable":true,"href":"https:\/\/www.zerdab.com\/index.php?rest_route=\/wp\/v2\/users\/1"}],"replies":[{"embeddable":true,"href":"https:\/\/www.zerdab.com\/index.php?rest_route=%2Fwp%2Fv2%2Fcomments&post=17447"}],"version-history":[{"count":1,"href":"https:\/\/www.zerdab.com\/index.php?rest_route=\/wp\/v2\/posts\/17447\/revisions"}],"predecessor-version":[{"id":17451,"href":"https:\/\/www.zerdab.com\/index.php?rest_route=\/wp\/v2\/posts\/17447\/revisions\/17451"}],"wp:attachment":[{"href":"https:\/\/www.zerdab.com\/index.php?rest_route=%2Fwp%2Fv2%2Fmedia&parent=17447"}],"wp:term":[{"taxonomy":"category","embeddable":true,"href":"https:\/\/www.zerdab.com\/index.php?rest_route=%2Fwp%2Fv2%2Fcategories&post=17447"},{"taxonomy":"post_tag","embeddable":true,"href":"https:\/\/www.zerdab.com\/index.php?rest_route=%2Fwp%2Fv2%2Ftags&post=17447"}],"curies":[{"name":"wp","href":"https:\/\/api.w.org\/{rel}","templated":true}]}}