{"id":17608,"date":"2014-12-09T11:12:35","date_gmt":"2014-12-09T07:12:35","guid":{"rendered":"http:\/\/www.zerdab.com\/?p=17608"},"modified":"2014-12-09T11:12:35","modified_gmt":"2014-12-09T07:12:35","slug":"t%c9%99skilatlarimiz-etiraz-b%c9%99yanati-yaydilar-fakt","status":"publish","type":"post","link":"https:\/\/www.zerdab.com\/?p=17608","title":{"rendered":"T\u0259\u015fkilatlar\u0131m\u0131z etiraz b\u0259yanat\u0131 yayd\u0131lar &#8211; FAKT"},"content":{"rendered":"<p style=\"text-align: left;\" align=\"center\"><strong><a href=\"http:\/\/www.zerdab.com\/wp-content\/uploads\/2014\/12\/Xa\u00e7.jpg\"><img loading=\"lazy\" decoding=\"async\" class=\"aligncenter size-full wp-image-17609\" src=\"http:\/\/www.zerdab.com\/wp-content\/uploads\/2014\/12\/Xa\u00e7.jpg\" alt=\"Xa\u00e7\" width=\"300\" height=\"250\" \/><\/a>Roma Papas\u0131n\u0131n T\u00fcrkiy\u0259 s\u0259f\u0259ri zaman\u0131\u00a0<\/strong><strong>T\u00fcrkiy\u0259-Erm\u0259nistan s\u0259rh\u0259dl\u0259rinin a\u00e7\u0131lmas\u0131 il\u0259 ba\u011fl\u0131 s\u00f6yl\u0259diyi fikirl\u0259r\u0259 \u201cG\u0259ncliy\u0259 d\u0259st\u0259k\u201d \u0130ctimai Birliyinin<\/strong><\/p>\n<p align=\"center\"><span style=\"color: #0000ff;\"><strong>B\u018fYANATI<\/strong><\/span><\/p>\n<p><strong>\u00a0<\/strong>28- 30 noyabr 2014-c\u00fc il tarixd\u0259 Roma Papas\u0131 I Fransiskin T\u00fcrkiy\u0259 s\u0259f\u0259ri daha \u00e7ox Vatikan r\u0259hb\u0259rinin T\u00fcrkiy\u0259-Erm\u0259nistan s\u0259rh\u0259dinin a\u00e7\u0131lmas\u0131n\u0131 arzu etm\u0259si haqq\u0131nda s\u00f6yl\u0259diyi fikirl\u0259rl\u0259 yadda qald\u0131. Papa m\u00fcxbirl\u0259rin saxta soyq\u0131r\u0131m iddialar\u0131n\u0131n y\u00fczilliyinin yax\u0131nla\u015fmas\u0131 il\u0259 ba\u011fl\u0131 sual\u0131na &#8220;Ka\u015f ki, o s\u0259rh\u0259d a\u00e7\u0131lsayd\u0131, o q\u0259d\u0259r g\u00f6z\u0259l olard\u0131 ki\u201d cavab\u0131n\u0131 verib.<\/p>\n<p>\u018flb\u0259td\u0259ki b\u00fct\u00fcn b\u0259\u015f\u0259ri dinl\u0259r v\u0259 onlar\u0131n t\u0259msil\u00e7il\u0259ri d\u00fcnyada s\u00fclh\u00fcn, \u0259minamanl\u0131\u011f\u0131n, bar\u0131\u015f\u0131n b\u0259rq\u0259rar olmas\u0131na xidm\u0259t etm\u0259lidir. Ancaq t\u0259\u0259ss\u00fcfl\u0259r olsun ki, Erm\u0259nistan\u0131n Az\u0259rbaycana qar\u015f\u0131 20 ild\u0259n art\u0131q davam ed\u0259n h\u0259rbi t\u0259cav\u00fcz\u00fcn\u00fcn n\u0259tic\u0259sind\u0259 q\u0259tl\u0259 yetiril\u0259n onminl\u0259rl\u0259 az\u0259rbaycanl\u0131n\u0131n, do\u011fma yurd yerl\u0259rind\u0259n qovulan y\u00fczminl\u0259rl\u0259 insan\u0131n haqlar\u0131ndan \u00f6t\u0259n ill\u0259r \u0259rzind\u0259 bir d\u0259f\u0259 d\u0259 dan\u0131\u015fma\u011fa l\u00fczum g\u00f6rm\u0259y\u0259n katolik kils\u0259sinin r\u0259hb\u0259ri beyn\u0259lxalq h\u00fcquq normalar\u0131n\u0131 saya salmayan bir d\u00f6vl\u0259t\u0259 qar\u015f\u0131 a\u00e7\u0131q jest etm\u0259kd\u0259n \u00e7\u0259kinmir. <strong>Papa<\/strong> I Fransiskin<strong> \u00a0bu \u00e7a\u011f\u0131r\u0131\u015f\u0131 ilk n\u00f6vb\u0259d\u0259 T\u00fcrkiy\u0259nin d\u00f6vl\u0259t maraqlar\u0131na ziddir.<\/strong><\/p>\n<p>D\u00fcnyan\u0131n \u0259n b\u00f6y\u00fck dini konfensiyalar\u0131ndan birinin r\u0259hb\u0259ri t\u0259r\u0259find\u0259n d\u00fcny\u0259vi qurumlar\u0131n indiy\u0259d\u0259k bir \u00e7ox hallarda n\u00fcmayi\u015f etdirdiyi ikili, \u0259dal\u0259tsiz siyas\u0259tl\u0259 h\u0259mr\u0259ylik mesaj\u0131 verm\u0259si h\u0259m T\u00fcrkiy\u0259nin siyasi m\u00f6vqeyini q\u0259bul etm\u0259m\u0259sinin, h\u0259m d\u0259 haqq\u0131n, \u0259zil\u0259nin deyil, i\u015f\u011fal\u00e7\u0131n\u0131n t\u0259r\u0259find\u0259 olmas\u0131n\u0131n g\u00f6st\u0259rici say\u0131la bil\u0259r. Biz bunu pisl\u0259yirik. Bel\u0259 m\u00f6vqe d\u00fcnyada \u00fcmumb\u0259\u015f\u0259ri d\u0259y\u0259rl\u0259rin t\u0259bli\u011fat\u00e7\u0131s\u0131 kimi v\u0259t\u0259nda\u015f c\u0259miyy\u0259ti inistitular\u0131n\u0131n n\u00fcmay\u0259nd\u0259l\u0259ri olaraq bizl\u0259rd\u0259 b\u00f6y\u00fck narahatl\u0131q v\u0259 t\u0259\u0259ss\u00fcf hissi do\u011furur. Biz Roma Katolik kils\u0259sinin ba\u015f\u00e7\u0131s\u0131n\u0131 Az\u0259rbaycan\u0131n Da\u011fl\u0131q Qaraba\u011f v\u0259 ondan k\u0259narda yerl\u0259\u015f\u0259n ya\u015fay\u0131\u015f m\u0259nt\u0259q\u0259l\u0259rind\u0259, o c\u00fcml\u0259d\u0259n Xocal\u0131da t\u00f6r\u0259tdiyi soyq\u0131r\u0131ma g\u00f6r\u0259 Erm\u0259nistan\u0131n d\u00f6vl\u0259t siyas\u0259tini pisl\u0259m\u0259y\u0259 v\u0259 onun i\u015f\u011fal etdiyi torpaqlar\u0131m\u0131z\u0131 d\u0259rhal t\u0259rk etm\u0259si \u00fc\u00e7\u00fcn r\u0259smi \u0130r\u0259vana t\u0259zyiq g\u00f6st\u0259rm\u0259y\u0259 \u00e7a\u011f\u0131r\u0131r\u0131q. H\u0259r\u00e7\u0259nd ki, ikili, \u0259dal\u0259tsiz siyas\u0259tl\u0259 h\u0259mr\u0259ylik mesaj\u0131 ver\u0259n Roma Papas\u0131 I Fransiskind\u0259n bunu g\u00f6zl\u0259m\u0259k sad\u0259l\u00f6flik olar.<\/p>\n<p><span style=\"color: #3366ff;\">\u00a0<strong>\u201cG\u0259ncliy\u0259 d\u0259st\u0259k\u201d \u0130ctimai Birliyinin s\u0259dri Eldar X\u0259lilov<\/strong><\/span><\/p>\n<p>&nbsp;<\/p>\n<div><span style=\"color: #ff0000;\"><strong>\u00a0\u201cRegion G\u0259ncl\u0259rinin \u0130nki\u015faf\u0131na T\u00f6hf\u0259\u201d \u0130ctimai Birliyi d\u0259 Martin \u015eultsa etiraz b\u0259yanat\u0131 yay\u0131b.<\/strong><\/span><\/div>\n<div><\/div>\n<div><span style=\"color: #ff0000;\"><strong>B\u0259yanatda deyilir: \u00a0<\/strong> <\/span><\/div>\n<div><\/div>\n<div>\u201cAvropa Parlamentinin prezidenti Martin \u015eultsun noyabr\u0131n 26-da Avropa Parlamentinin plenar iclas\u0131ndak\u0131 Az\u0259rbaycana qar\u015f\u0131 n\u00f6vb\u0259ti q\u0259r\u0259zli \u00e7\u0131x\u0131\u015f\u0131n\u0131 \u00f6lk\u0259mizin daxili i\u015fl\u0259rin\u0259 qar\u0131\u015fmaq c\u0259hdi \u00a0kimi q\u0259bul edir v\u0259 buna \u00f6z q\u0259ti etiraz\u0131m\u0131z\u0131 bildiririk. Avropa Parlamentinin prezidenti olaraq Martin \u015eults Avropan\u0131n b\u00fct\u00fcn \u00f6lk\u0259l\u0259rin\u0259 b\u0259rab\u0259r v\u0259 \u0259dal\u0259tli m\u00fcnasib\u0259t s\u0259rgil\u0259m\u0259k \u0259v\u0259zin\u0259 \u00f6lk\u0259miz haqda h\u0259qiq\u0259t\u0259 uy\u011fun olmayan fikirl\u0259ri il\u0259 diqq\u0259t \u00e7\u0259kir.<\/div>\n<div><\/div>\n<div>Noyabr\u0131n 26-da Avropa Parlamentinin Strasburqda ke\u00e7irilmi\u015f plenar iclas\u0131nda Martin \u015eultsun guya Az\u0259rbaycanda ictimai f\u0259aliyy\u0259tin\u0259 g\u00f6r\u0259 h\u0259bs edilmi\u015f Leyla Yunusovan\u0131n h\u00fcquqlar\u0131n\u0131n pozulmas\u0131 haqq\u0131nda s\u00f6yl\u0259diyi fikirl\u0259r \u00f6lk\u0259mizin daxili i\u015fl\u0259rin\u0259 qar\u0131\u015fmaq dem\u0259kdir. M. \u015eults bununla Az\u0259rbaycanda, \u00fcmumiyy\u0259tl\u0259, insan haqlar\u0131na guya \u0259m\u0259l edilm\u0259m\u0259si t\u0259\u0259ss\u00fcrat\u0131 yaratma\u011fa c\u0259hd edib. Konkret cinay\u0259t \u0259m\u0259ll\u0259rind\u0259, o c\u00fcml\u0259d\u0259n v\u0259t\u0259n\u0259 x\u0259yan\u0259td\u0259 ittiham olunan \u015f\u0259xsl\u0259ri s\u00f6z, m\u0259tbuat v\u0259 fikir azadl\u0131\u011f\u0131n\u0131n pozulmas\u0131 b\u0259han\u0259si il\u0259 m\u00fcdafi\u0259 etm\u0259y\u0259 \u00e7al\u0131\u015fmaq Avropa Parlamenti kimi n\u00fcfuzlu bir t\u0259\u015fkilat\u0131n obyektivliyin\u0259 k\u00f6lg\u0259 sal\u0131r, Avropa \u0130ttifaq\u0131 kimi qurumun qeyri-ciddi v\u0259 q\u0259r\u0259zli siyasi m\u00f6vqeyind\u0259n x\u0259b\u0259r verir. \u0130ndiy\u0259 q\u0259d\u0259r c\u0259nab M.\u015eults \u00e7\u0131x\u0131\u015flar\u0131nda Erm\u0259nistandan deportasiya edilmi\u015f, \u00f6zl\u0259rinin Qaraba\u011fdak\u0131 do\u011fma yurd-yuvalar\u0131ndan qovulmu\u015f y\u00fcz minl\u0259rl\u0259 az\u0259rbaycanl\u0131n\u0131n h\u00fcquqlar\u0131ndan birc\u0259 d\u0259f\u0259 d\u0259 olsun dan\u0131\u015fmay\u0131b, erm\u0259ni separat\u00e7\u0131lar\u0131n\u0131n q\u0259tl\u0259 yetirdiyi g\u00fcnahs\u0131z insanlardan, m\u00fcxt\u0259lif fiziki v\u0259 m\u0259n\u0259vi zorak\u0131l\u0131qlara m\u0259ruz qoyulan m\u00fcs\u0259lmanlardan b\u0259hs etm\u0259yib.<\/div>\n<div><\/div>\n<div>Biz &#8211; \u201cRegion G\u0259ncl\u0259rinin \u0130nki\u015faf\u0131na T\u00f6hf\u0259\u201d \u0130ctimai Birliyinin \u00fczvl\u0259ri M. \u015eultsun \u00f6lk\u0259mizl\u0259 ba\u011fl\u0131 s\u00f6yl\u0259diyi q\u0259r\u0259zli v\u0259 qeyri-obyektiv fikirl\u0259ri birm\u0259nal\u0131 \u015f\u0259kild\u0259 r\u0259dd edir v\u0259 Avropa ictimaiyy\u0259tini ikili standartlara xidm\u0259t ed\u0259n bu siyas\u0259t\u0259 qar\u015f\u0131 etiraz bildirm\u0259y\u0259 s\u0259sl\u0259yirik\u201d.<\/div>\n<div><\/div>\n<div><span style=\"color: #ff0000;\"><strong>Zerdab.com<\/strong><\/span><\/div>\n","protected":false},"excerpt":{"rendered":"<p>Roma Papas\u0131n\u0131n T\u00fcrkiy\u0259 s\u0259f\u0259ri zaman\u0131\u00a0T\u00fcrkiy\u0259-Erm\u0259nistan s\u0259rh\u0259dl\u0259rinin a\u00e7\u0131lmas\u0131 il\u0259 ba\u011fl\u0131 s\u00f6yl\u0259diyi fikirl\u0259r\u0259 \u201cG\u0259ncliy\u0259 d\u0259st\u0259k\u201d \u0130ctimai Birliyinin B\u018fYANATI \u00a028- 30 noyabr 2014-c\u00fc il tarixd\u0259 Roma Papas\u0131 I Fransiskin T\u00fcrkiy\u0259 s\u0259f\u0259ri daha \u00e7ox Vatikan r\u0259hb\u0259rinin T\u00fcrkiy\u0259-Erm\u0259nistan s\u0259rh\u0259dinin a\u00e7\u0131lmas\u0131n\u0131 arzu etm\u0259si haqq\u0131nda s\u00f6yl\u0259diyi fikirl\u0259rl\u0259 yadda qald\u0131. Papa m\u00fcxbirl\u0259rin saxta soyq\u0131r\u0131m iddialar\u0131n\u0131n y\u00fczilliyinin yax\u0131nla\u015fmas\u0131 il\u0259 ba\u011fl\u0131 sual\u0131na &#8220;Ka\u015f ki, o [&hellip;]<\/p>\n","protected":false},"author":1,"featured_media":0,"comment_status":"open","ping_status":"open","sticky":false,"template":"","format":"standard","meta":{"footnotes":""},"categories":[21],"tags":[],"class_list":{"0":"post-17608","1":"post","2":"type-post","3":"status-publish","4":"format-standard","6":"category-zrdab"},"yoast_head":"<!-- This site is optimized with the Yoast SEO plugin v27.0 - https:\/\/yoast.com\/product\/yoast-seo-wordpress\/ -->\n<title>T\u0259\u015fkilatlar\u0131m\u0131z etiraz b\u0259yanat\u0131 yayd\u0131lar - FAKT - Z\u0259rdab.com<\/title>\n<meta name=\"robots\" content=\"index, follow, max-snippet:-1, max-image-preview:large, max-video-preview:-1\" \/>\n<link rel=\"canonical\" href=\"https:\/\/www.zerdab.com\/?p=17608\" \/>\n<meta property=\"og:locale\" content=\"az_AZ\" \/>\n<meta property=\"og:type\" content=\"article\" \/>\n<meta property=\"og:title\" content=\"T\u0259\u015fkilatlar\u0131m\u0131z etiraz b\u0259yanat\u0131 yayd\u0131lar - FAKT - Z\u0259rdab.com\" \/>\n<meta property=\"og:description\" content=\"Roma Papas\u0131n\u0131n T\u00fcrkiy\u0259 s\u0259f\u0259ri zaman\u0131\u00a0T\u00fcrkiy\u0259-Erm\u0259nistan s\u0259rh\u0259dl\u0259rinin a\u00e7\u0131lmas\u0131 il\u0259 ba\u011fl\u0131 s\u00f6yl\u0259diyi fikirl\u0259r\u0259 \u201cG\u0259ncliy\u0259 d\u0259st\u0259k\u201d \u0130ctimai Birliyinin B\u018fYANATI \u00a028- 30 noyabr 2014-c\u00fc il tarixd\u0259 Roma Papas\u0131 I Fransiskin T\u00fcrkiy\u0259 s\u0259f\u0259ri daha \u00e7ox Vatikan r\u0259hb\u0259rinin T\u00fcrkiy\u0259-Erm\u0259nistan s\u0259rh\u0259dinin a\u00e7\u0131lmas\u0131n\u0131 arzu etm\u0259si haqq\u0131nda s\u00f6yl\u0259diyi fikirl\u0259rl\u0259 yadda qald\u0131. Papa m\u00fcxbirl\u0259rin saxta soyq\u0131r\u0131m iddialar\u0131n\u0131n y\u00fczilliyinin yax\u0131nla\u015fmas\u0131 il\u0259 ba\u011fl\u0131 sual\u0131na &#8220;Ka\u015f ki, o [&hellip;]\" \/>\n<meta property=\"og:url\" content=\"https:\/\/www.zerdab.com\/?p=17608\" \/>\n<meta property=\"og:site_name\" content=\"Z\u0259rdab.com\" \/>\n<meta property=\"article:published_time\" content=\"2014-12-09T07:12:35+00:00\" \/>\n<meta name=\"author\" content=\"admin\" \/>\n<meta name=\"twitter:card\" content=\"summary_large_image\" \/>\n<meta name=\"twitter:label1\" content=\"Written by\" \/>\n\t<meta name=\"twitter:data1\" content=\"admin\" \/>\n\t<meta name=\"twitter:label2\" content=\"Est. reading time\" \/>\n\t<meta name=\"twitter:data2\" content=\"5 minutes\" \/>\n<script type=\"application\/ld+json\" class=\"yoast-schema-graph\">{\"@context\":\"https:\/\/schema.org\",\"@graph\":[{\"@type\":\"Article\",\"@id\":\"https:\/\/www.zerdab.com\/?p=17608#article\",\"isPartOf\":{\"@id\":\"https:\/\/www.zerdab.com\/?p=17608\"},\"author\":{\"name\":\"admin\",\"@id\":\"https:\/\/www.zerdab.com\/#\/schema\/person\/97079b7570c1e89ec0d9e138c3672136\"},\"headline\":\"T\u0259\u015fkilatlar\u0131m\u0131z etiraz b\u0259yanat\u0131 yayd\u0131lar &#8211; FAKT\",\"datePublished\":\"2014-12-09T07:12:35+00:00\",\"mainEntityOfPage\":{\"@id\":\"https:\/\/www.zerdab.com\/?p=17608\"},\"wordCount\":933,\"commentCount\":0,\"articleSection\":[\"C\u018fM\u0130YY\u018fT\"],\"inLanguage\":\"az\",\"potentialAction\":[{\"@type\":\"CommentAction\",\"name\":\"Comment\",\"target\":[\"https:\/\/www.zerdab.com\/?p=17608#respond\"]}]},{\"@type\":\"WebPage\",\"@id\":\"https:\/\/www.zerdab.com\/?p=17608\",\"url\":\"https:\/\/www.zerdab.com\/?p=17608\",\"name\":\"T\u0259\u015fkilatlar\u0131m\u0131z etiraz b\u0259yanat\u0131 yayd\u0131lar - FAKT - Z\u0259rdab.com\",\"isPartOf\":{\"@id\":\"https:\/\/www.zerdab.com\/#website\"},\"datePublished\":\"2014-12-09T07:12:35+00:00\",\"author\":{\"@id\":\"https:\/\/www.zerdab.com\/#\/schema\/person\/97079b7570c1e89ec0d9e138c3672136\"},\"breadcrumb\":{\"@id\":\"https:\/\/www.zerdab.com\/?p=17608#breadcrumb\"},\"inLanguage\":\"az\",\"potentialAction\":[{\"@type\":\"ReadAction\",\"target\":[\"https:\/\/www.zerdab.com\/?p=17608\"]}]},{\"@type\":\"BreadcrumbList\",\"@id\":\"https:\/\/www.zerdab.com\/?p=17608#breadcrumb\",\"itemListElement\":[{\"@type\":\"ListItem\",\"position\":1,\"name\":\"Home\",\"item\":\"https:\/\/www.zerdab.com\/\"},{\"@type\":\"ListItem\",\"position\":2,\"name\":\"T\u0259\u015fkilatlar\u0131m\u0131z etiraz b\u0259yanat\u0131 yayd\u0131lar &#8211; FAKT\"}]},{\"@type\":\"WebSite\",\"@id\":\"https:\/\/www.zerdab.com\/#website\",\"url\":\"https:\/\/www.zerdab.com\/\",\"name\":\"Z\u0259rdab.com\",\"description\":\"\",\"potentialAction\":[{\"@type\":\"SearchAction\",\"target\":{\"@type\":\"EntryPoint\",\"urlTemplate\":\"https:\/\/www.zerdab.com\/?s={search_term_string}\"},\"query-input\":{\"@type\":\"PropertyValueSpecification\",\"valueRequired\":true,\"valueName\":\"search_term_string\"}}],\"inLanguage\":\"az\"},{\"@type\":\"Person\",\"@id\":\"https:\/\/www.zerdab.com\/#\/schema\/person\/97079b7570c1e89ec0d9e138c3672136\",\"name\":\"admin\",\"image\":{\"@type\":\"ImageObject\",\"inLanguage\":\"az\",\"@id\":\"https:\/\/www.zerdab.com\/#\/schema\/person\/image\/\",\"url\":\"https:\/\/secure.gravatar.com\/avatar\/d9c52a9a27c32119cb6679a077fa3e2779e5f822c451cbf01098004361d466ec?s=96&d=mm&r=g\",\"contentUrl\":\"https:\/\/secure.gravatar.com\/avatar\/d9c52a9a27c32119cb6679a077fa3e2779e5f822c451cbf01098004361d466ec?s=96&d=mm&r=g\",\"caption\":\"admin\"},\"url\":\"https:\/\/www.zerdab.com\/?author=1\"}]}<\/script>\n<!-- \/ Yoast SEO plugin. -->","yoast_head_json":{"title":"T\u0259\u015fkilatlar\u0131m\u0131z etiraz b\u0259yanat\u0131 yayd\u0131lar - FAKT - Z\u0259rdab.com","robots":{"index":"index","follow":"follow","max-snippet":"max-snippet:-1","max-image-preview":"max-image-preview:large","max-video-preview":"max-video-preview:-1"},"canonical":"https:\/\/www.zerdab.com\/?p=17608","og_locale":"az_AZ","og_type":"article","og_title":"T\u0259\u015fkilatlar\u0131m\u0131z etiraz b\u0259yanat\u0131 yayd\u0131lar - FAKT - Z\u0259rdab.com","og_description":"Roma Papas\u0131n\u0131n T\u00fcrkiy\u0259 s\u0259f\u0259ri zaman\u0131\u00a0T\u00fcrkiy\u0259-Erm\u0259nistan s\u0259rh\u0259dl\u0259rinin a\u00e7\u0131lmas\u0131 il\u0259 ba\u011fl\u0131 s\u00f6yl\u0259diyi fikirl\u0259r\u0259 \u201cG\u0259ncliy\u0259 d\u0259st\u0259k\u201d \u0130ctimai Birliyinin B\u018fYANATI \u00a028- 30 noyabr 2014-c\u00fc il tarixd\u0259 Roma Papas\u0131 I Fransiskin T\u00fcrkiy\u0259 s\u0259f\u0259ri daha \u00e7ox Vatikan r\u0259hb\u0259rinin T\u00fcrkiy\u0259-Erm\u0259nistan s\u0259rh\u0259dinin a\u00e7\u0131lmas\u0131n\u0131 arzu etm\u0259si haqq\u0131nda s\u00f6yl\u0259diyi fikirl\u0259rl\u0259 yadda qald\u0131. Papa m\u00fcxbirl\u0259rin saxta soyq\u0131r\u0131m iddialar\u0131n\u0131n y\u00fczilliyinin yax\u0131nla\u015fmas\u0131 il\u0259 ba\u011fl\u0131 sual\u0131na &#8220;Ka\u015f ki, o [&hellip;]","og_url":"https:\/\/www.zerdab.com\/?p=17608","og_site_name":"Z\u0259rdab.com","article_published_time":"2014-12-09T07:12:35+00:00","author":"admin","twitter_card":"summary_large_image","twitter_misc":{"Written by":"admin","Est. reading time":"5 minutes"},"schema":{"@context":"https:\/\/schema.org","@graph":[{"@type":"Article","@id":"https:\/\/www.zerdab.com\/?p=17608#article","isPartOf":{"@id":"https:\/\/www.zerdab.com\/?p=17608"},"author":{"name":"admin","@id":"https:\/\/www.zerdab.com\/#\/schema\/person\/97079b7570c1e89ec0d9e138c3672136"},"headline":"T\u0259\u015fkilatlar\u0131m\u0131z etiraz b\u0259yanat\u0131 yayd\u0131lar &#8211; FAKT","datePublished":"2014-12-09T07:12:35+00:00","mainEntityOfPage":{"@id":"https:\/\/www.zerdab.com\/?p=17608"},"wordCount":933,"commentCount":0,"articleSection":["C\u018fM\u0130YY\u018fT"],"inLanguage":"az","potentialAction":[{"@type":"CommentAction","name":"Comment","target":["https:\/\/www.zerdab.com\/?p=17608#respond"]}]},{"@type":"WebPage","@id":"https:\/\/www.zerdab.com\/?p=17608","url":"https:\/\/www.zerdab.com\/?p=17608","name":"T\u0259\u015fkilatlar\u0131m\u0131z etiraz b\u0259yanat\u0131 yayd\u0131lar - FAKT - Z\u0259rdab.com","isPartOf":{"@id":"https:\/\/www.zerdab.com\/#website"},"datePublished":"2014-12-09T07:12:35+00:00","author":{"@id":"https:\/\/www.zerdab.com\/#\/schema\/person\/97079b7570c1e89ec0d9e138c3672136"},"breadcrumb":{"@id":"https:\/\/www.zerdab.com\/?p=17608#breadcrumb"},"inLanguage":"az","potentialAction":[{"@type":"ReadAction","target":["https:\/\/www.zerdab.com\/?p=17608"]}]},{"@type":"BreadcrumbList","@id":"https:\/\/www.zerdab.com\/?p=17608#breadcrumb","itemListElement":[{"@type":"ListItem","position":1,"name":"Home","item":"https:\/\/www.zerdab.com\/"},{"@type":"ListItem","position":2,"name":"T\u0259\u015fkilatlar\u0131m\u0131z etiraz b\u0259yanat\u0131 yayd\u0131lar &#8211; FAKT"}]},{"@type":"WebSite","@id":"https:\/\/www.zerdab.com\/#website","url":"https:\/\/www.zerdab.com\/","name":"Z\u0259rdab.com","description":"","potentialAction":[{"@type":"SearchAction","target":{"@type":"EntryPoint","urlTemplate":"https:\/\/www.zerdab.com\/?s={search_term_string}"},"query-input":{"@type":"PropertyValueSpecification","valueRequired":true,"valueName":"search_term_string"}}],"inLanguage":"az"},{"@type":"Person","@id":"https:\/\/www.zerdab.com\/#\/schema\/person\/97079b7570c1e89ec0d9e138c3672136","name":"admin","image":{"@type":"ImageObject","inLanguage":"az","@id":"https:\/\/www.zerdab.com\/#\/schema\/person\/image\/","url":"https:\/\/secure.gravatar.com\/avatar\/d9c52a9a27c32119cb6679a077fa3e2779e5f822c451cbf01098004361d466ec?s=96&d=mm&r=g","contentUrl":"https:\/\/secure.gravatar.com\/avatar\/d9c52a9a27c32119cb6679a077fa3e2779e5f822c451cbf01098004361d466ec?s=96&d=mm&r=g","caption":"admin"},"url":"https:\/\/www.zerdab.com\/?author=1"}]}},"_links":{"self":[{"href":"https:\/\/www.zerdab.com\/index.php?rest_route=\/wp\/v2\/posts\/17608","targetHints":{"allow":["GET"]}}],"collection":[{"href":"https:\/\/www.zerdab.com\/index.php?rest_route=\/wp\/v2\/posts"}],"about":[{"href":"https:\/\/www.zerdab.com\/index.php?rest_route=\/wp\/v2\/types\/post"}],"author":[{"embeddable":true,"href":"https:\/\/www.zerdab.com\/index.php?rest_route=\/wp\/v2\/users\/1"}],"replies":[{"embeddable":true,"href":"https:\/\/www.zerdab.com\/index.php?rest_route=%2Fwp%2Fv2%2Fcomments&post=17608"}],"version-history":[{"count":1,"href":"https:\/\/www.zerdab.com\/index.php?rest_route=\/wp\/v2\/posts\/17608\/revisions"}],"predecessor-version":[{"id":17610,"href":"https:\/\/www.zerdab.com\/index.php?rest_route=\/wp\/v2\/posts\/17608\/revisions\/17610"}],"wp:attachment":[{"href":"https:\/\/www.zerdab.com\/index.php?rest_route=%2Fwp%2Fv2%2Fmedia&parent=17608"}],"wp:term":[{"taxonomy":"category","embeddable":true,"href":"https:\/\/www.zerdab.com\/index.php?rest_route=%2Fwp%2Fv2%2Fcategories&post=17608"},{"taxonomy":"post_tag","embeddable":true,"href":"https:\/\/www.zerdab.com\/index.php?rest_route=%2Fwp%2Fv2%2Ftags&post=17608"}],"curies":[{"name":"wp","href":"https:\/\/api.w.org\/{rel}","templated":true}]}}