{"id":17649,"date":"2014-12-12T08:00:50","date_gmt":"2014-12-12T04:00:50","guid":{"rendered":"http:\/\/www.zerdab.com\/?p=17649"},"modified":"2014-12-11T21:46:15","modified_gmt":"2014-12-11T17:46:15","slug":"z%c9%99rdabda-g%c9%99ncl%c9%99r-ulu-ond%c9%99ri-andilar","status":"publish","type":"post","link":"https:\/\/www.zerdab.com\/?p=17649","title":{"rendered":"Z\u0259rdabda g\u0259ncl\u0259r ulu \u00f6nd\u0259ri and\u0131lar"},"content":{"rendered":"<p><a href=\"http:\/\/www.zerdab.com\/wp-content\/uploads\/2014\/12\/Z\u0259rdab-Rayon-G\u0259ncl\u0259r-v\u0259-\u0130dman-\u0130dar\u0259si3.jpg\"><img loading=\"lazy\" decoding=\"async\" class=\"aligncenter size-large wp-image-17653\" src=\"http:\/\/www.zerdab.com\/wp-content\/uploads\/2014\/12\/Z\u0259rdab-Rayon-G\u0259ncl\u0259r-v\u0259-\u0130dman-\u0130dar\u0259si3-550x412.jpg\" alt=\"Z\u0259rdab Rayon G\u0259ncl\u0259r v\u0259 \u0130dman \u0130dar\u0259si\" width=\"550\" height=\"412\" \/><\/a>\u00a0\u00a0\u00a0\u00a0 Z\u0259rdab Rayon G\u0259ncl\u0259r v\u0259 \u0130dman \u0130dar\u0259si t\u0259r\u0259find\u0259n \u00fcmummilli lider Heyd\u0259r \u018fiyevin an\u0131m g\u00fcn\u00fc m\u00fcnasib\u0259ti il\u0259 Heyd\u0259r \u018fiyev M\u0259rk\u0259zind\u0259 g\u0259ncl\u0259rin i\u015ftirak\u0131 il\u0259 &#8220;Heyd\u0259r \u018fiyev v\u0259 az\u0259rbaycan\u00e7\u0131l\u0131q ideologiyas\u0131&#8221; m\u00f6vzusunda konfrans t\u0259\u015fkil edilib. T\u0259dbir g\u0259ncl\u0259rin \u00fcmummilli liderimizin abid\u0259si \u00f6n\u00fcn\u0259 g\u00fcl qoymas\u0131 il\u0259 ba\u015flay\u0131b. G\u0259ncl\u0259rimiz ulu \u00f6nd\u0259rin h\u0259yat v\u0259 yarad\u0131c\u0131l\u0131\u011f\u0131n\u0131 \u0259ks etdir\u0259n fotostendl\u0259 tan\u0131\u015f olduqdan sonra t\u0259dbird\u0259 g\u0259ncl\u0259rimiz t\u0259r\u0259find\u0259n haz\u0131rlanm\u0131\u015f &#8220;F\u0259xr edir\u0259m ki, Az\u0259rbaycanl\u0131yam!&#8221; adl\u0131 video\u00e7arx t\u0259qdim edilib. T\u0259dbiri ac\u0131q elan ed\u0259n G\u0259ncl\u0259r v\u0259 \u0130dman \u0130dar\u0259sinin r\u0259isi \u0130lkin \u018fliyev \u00fcmummilli lider Heyd\u0259r \u018fiyevin ke\u00e7diyi h\u0259yat yolundan v\u0259 g\u0259ncl\u0259r siyas\u0259ti haqq\u0131nda dan\u0131\u015f\u0131b. Sonra m\u00f6vzu \u0259traf\u0131nda Heyd\u0259r \u018fiyev M\u0259rk\u0259zinin direktoru K\u00f6n\u00fcl R\u0259himova v\u0259 g\u0259nc m\u00fc\u0259llim Elvin X\u0259lilov \u00e7\u0131x\u0131\u015f edibl\u0259r.<\/p>\n<p><span style=\"color: #0000ff;\"><strong>Z\u0259rdab Rayon G\u0259ncl\u0259r v\u0259 \u0130dman \u0130dar\u0259si<\/strong><\/span><\/p>\n<p><span style=\"color: #0000ff;\"><strong>\u00a0<a href=\"http:\/\/www.zerdab.com\/wp-content\/uploads\/2014\/12\/Z\u0259rdab-Rayon-G\u0259ncl\u0259r-v\u0259-\u0130dman-\u0130dar\u0259si1.jpg\"><img loading=\"lazy\" decoding=\"async\" class=\"aligncenter size-large wp-image-17651\" src=\"http:\/\/www.zerdab.com\/wp-content\/uploads\/2014\/12\/Z\u0259rdab-Rayon-G\u0259ncl\u0259r-v\u0259-\u0130dman-\u0130dar\u0259si1-550x412.jpg\" alt=\"Z\u0259rdab Rayon G\u0259ncl\u0259r v\u0259 \u0130dman \u0130dar\u0259si\" width=\"550\" height=\"412\" \/><\/a><a href=\"http:\/\/www.zerdab.com\/wp-content\/uploads\/2014\/12\/Z\u0259rdab-Rayon-G\u0259ncl\u0259r-v\u0259-\u0130dman-\u0130dar\u0259si2.jpg\"><img loading=\"lazy\" decoding=\"async\" class=\"aligncenter size-large wp-image-17652\" src=\"http:\/\/www.zerdab.com\/wp-content\/uploads\/2014\/12\/Z\u0259rdab-Rayon-G\u0259ncl\u0259r-v\u0259-\u0130dman-\u0130dar\u0259si2-550x412.jpg\" alt=\"Z\u0259rdab Rayon G\u0259ncl\u0259r v\u0259 \u0130dman \u0130dar\u0259si\" width=\"550\" height=\"412\" \/><\/a><a href=\"http:\/\/www.zerdab.com\/wp-content\/uploads\/2014\/12\/Z\u0259rdab-Rayon-G\u0259ncl\u0259r-v\u0259-\u0130dman-\u0130dar\u0259si4.jpg\"><img loading=\"lazy\" decoding=\"async\" class=\"aligncenter size-large wp-image-17654\" src=\"http:\/\/www.zerdab.com\/wp-content\/uploads\/2014\/12\/Z\u0259rdab-Rayon-G\u0259ncl\u0259r-v\u0259-\u0130dman-\u0130dar\u0259si4-550x412.jpg\" alt=\"Z\u0259rdab Rayon G\u0259ncl\u0259r v\u0259 \u0130dman \u0130dar\u0259si\" width=\"550\" height=\"412\" \/><\/a><a href=\"http:\/\/www.zerdab.com\/wp-content\/uploads\/2014\/12\/Z\u0259rdab-Rayon-G\u0259ncl\u0259r-v\u0259-\u0130dman-\u0130dar\u0259si5.jpg\"><img loading=\"lazy\" decoding=\"async\" class=\"aligncenter size-large wp-image-17655\" src=\"http:\/\/www.zerdab.com\/wp-content\/uploads\/2014\/12\/Z\u0259rdab-Rayon-G\u0259ncl\u0259r-v\u0259-\u0130dman-\u0130dar\u0259si5-550x412.jpg\" alt=\"Z\u0259rdab Rayon G\u0259ncl\u0259r v\u0259 \u0130dman \u0130dar\u0259si\" width=\"550\" height=\"412\" \/><\/a><\/strong><\/span><\/p>\n","protected":false},"excerpt":{"rendered":"<p>\u00a0\u00a0\u00a0\u00a0 Z\u0259rdab Rayon G\u0259ncl\u0259r v\u0259 \u0130dman \u0130dar\u0259si t\u0259r\u0259find\u0259n \u00fcmummilli lider Heyd\u0259r \u018fiyevin an\u0131m g\u00fcn\u00fc m\u00fcnasib\u0259ti il\u0259 Heyd\u0259r \u018fiyev M\u0259rk\u0259zind\u0259 g\u0259ncl\u0259rin i\u015ftirak\u0131 il\u0259 &#8220;Heyd\u0259r \u018fiyev v\u0259 az\u0259rbaycan\u00e7\u0131l\u0131q ideologiyas\u0131&#8221; m\u00f6vzusunda konfrans t\u0259\u015fkil edilib. T\u0259dbir g\u0259ncl\u0259rin \u00fcmummilli liderimizin abid\u0259si \u00f6n\u00fcn\u0259 g\u00fcl qoymas\u0131 il\u0259 ba\u015flay\u0131b. G\u0259ncl\u0259rimiz ulu \u00f6nd\u0259rin h\u0259yat v\u0259 yarad\u0131c\u0131l\u0131\u011f\u0131n\u0131 \u0259ks etdir\u0259n fotostendl\u0259 tan\u0131\u015f olduqdan sonra t\u0259dbird\u0259 g\u0259ncl\u0259rimiz [&hellip;]<\/p>\n","protected":false},"author":1,"featured_media":0,"comment_status":"open","ping_status":"open","sticky":false,"template":"","format":"standard","meta":{"footnotes":""},"categories":[5],"tags":[],"class_list":{"0":"post-17649","1":"post","2":"type-post","3":"status-publish","4":"format-standard","6":"category-knd"},"yoast_head":"<!-- This site is optimized with the Yoast SEO plugin v27.0 - https:\/\/yoast.com\/product\/yoast-seo-wordpress\/ -->\n<title>Z\u0259rdabda g\u0259ncl\u0259r ulu \u00f6nd\u0259ri and\u0131lar - Z\u0259rdab.com<\/title>\n<meta name=\"robots\" content=\"index, follow, max-snippet:-1, max-image-preview:large, max-video-preview:-1\" \/>\n<link rel=\"canonical\" href=\"https:\/\/www.zerdab.com\/?p=17649\" \/>\n<meta property=\"og:locale\" content=\"az_AZ\" \/>\n<meta property=\"og:type\" content=\"article\" \/>\n<meta property=\"og:title\" content=\"Z\u0259rdabda g\u0259ncl\u0259r ulu \u00f6nd\u0259ri and\u0131lar - Z\u0259rdab.com\" \/>\n<meta property=\"og:description\" content=\"\u00a0\u00a0\u00a0\u00a0 Z\u0259rdab Rayon G\u0259ncl\u0259r v\u0259 \u0130dman \u0130dar\u0259si t\u0259r\u0259find\u0259n \u00fcmummilli lider Heyd\u0259r \u018fiyevin an\u0131m g\u00fcn\u00fc m\u00fcnasib\u0259ti il\u0259 Heyd\u0259r \u018fiyev M\u0259rk\u0259zind\u0259 g\u0259ncl\u0259rin i\u015ftirak\u0131 il\u0259 &#8220;Heyd\u0259r \u018fiyev v\u0259 az\u0259rbaycan\u00e7\u0131l\u0131q ideologiyas\u0131&#8221; m\u00f6vzusunda konfrans t\u0259\u015fkil edilib. T\u0259dbir g\u0259ncl\u0259rin \u00fcmummilli liderimizin abid\u0259si \u00f6n\u00fcn\u0259 g\u00fcl qoymas\u0131 il\u0259 ba\u015flay\u0131b. G\u0259ncl\u0259rimiz ulu \u00f6nd\u0259rin h\u0259yat v\u0259 yarad\u0131c\u0131l\u0131\u011f\u0131n\u0131 \u0259ks etdir\u0259n fotostendl\u0259 tan\u0131\u015f olduqdan sonra t\u0259dbird\u0259 g\u0259ncl\u0259rimiz [&hellip;]\" \/>\n<meta property=\"og:url\" content=\"https:\/\/www.zerdab.com\/?p=17649\" \/>\n<meta property=\"og:site_name\" content=\"Z\u0259rdab.com\" \/>\n<meta property=\"article:published_time\" content=\"2014-12-12T04:00:50+00:00\" \/>\n<meta name=\"author\" content=\"admin\" \/>\n<meta name=\"twitter:card\" content=\"summary_large_image\" \/>\n<meta name=\"twitter:label1\" content=\"Written by\" \/>\n\t<meta name=\"twitter:data1\" content=\"admin\" \/>\n\t<meta name=\"twitter:label2\" content=\"Est. reading time\" \/>\n\t<meta name=\"twitter:data2\" content=\"1 minute\" \/>\n<script type=\"application\/ld+json\" class=\"yoast-schema-graph\">{\"@context\":\"https:\/\/schema.org\",\"@graph\":[{\"@type\":\"Article\",\"@id\":\"https:\/\/www.zerdab.com\/?p=17649#article\",\"isPartOf\":{\"@id\":\"https:\/\/www.zerdab.com\/?p=17649\"},\"author\":{\"name\":\"admin\",\"@id\":\"https:\/\/www.zerdab.com\/#\/schema\/person\/97079b7570c1e89ec0d9e138c3672136\"},\"headline\":\"Z\u0259rdabda g\u0259ncl\u0259r ulu \u00f6nd\u0259ri and\u0131lar\",\"datePublished\":\"2014-12-12T04:00:50+00:00\",\"mainEntityOfPage\":{\"@id\":\"https:\/\/www.zerdab.com\/?p=17649\"},\"wordCount\":203,\"commentCount\":0,\"articleSection\":[\"X\u018fB\u018fRL\u018fR\"],\"inLanguage\":\"az\",\"potentialAction\":[{\"@type\":\"CommentAction\",\"name\":\"Comment\",\"target\":[\"https:\/\/www.zerdab.com\/?p=17649#respond\"]}]},{\"@type\":\"WebPage\",\"@id\":\"https:\/\/www.zerdab.com\/?p=17649\",\"url\":\"https:\/\/www.zerdab.com\/?p=17649\",\"name\":\"Z\u0259rdabda g\u0259ncl\u0259r ulu \u00f6nd\u0259ri and\u0131lar - Z\u0259rdab.com\",\"isPartOf\":{\"@id\":\"https:\/\/www.zerdab.com\/#website\"},\"datePublished\":\"2014-12-12T04:00:50+00:00\",\"author\":{\"@id\":\"https:\/\/www.zerdab.com\/#\/schema\/person\/97079b7570c1e89ec0d9e138c3672136\"},\"breadcrumb\":{\"@id\":\"https:\/\/www.zerdab.com\/?p=17649#breadcrumb\"},\"inLanguage\":\"az\",\"potentialAction\":[{\"@type\":\"ReadAction\",\"target\":[\"https:\/\/www.zerdab.com\/?p=17649\"]}]},{\"@type\":\"BreadcrumbList\",\"@id\":\"https:\/\/www.zerdab.com\/?p=17649#breadcrumb\",\"itemListElement\":[{\"@type\":\"ListItem\",\"position\":1,\"name\":\"Home\",\"item\":\"https:\/\/www.zerdab.com\/\"},{\"@type\":\"ListItem\",\"position\":2,\"name\":\"Z\u0259rdabda g\u0259ncl\u0259r ulu \u00f6nd\u0259ri and\u0131lar\"}]},{\"@type\":\"WebSite\",\"@id\":\"https:\/\/www.zerdab.com\/#website\",\"url\":\"https:\/\/www.zerdab.com\/\",\"name\":\"Z\u0259rdab.com\",\"description\":\"\",\"potentialAction\":[{\"@type\":\"SearchAction\",\"target\":{\"@type\":\"EntryPoint\",\"urlTemplate\":\"https:\/\/www.zerdab.com\/?s={search_term_string}\"},\"query-input\":{\"@type\":\"PropertyValueSpecification\",\"valueRequired\":true,\"valueName\":\"search_term_string\"}}],\"inLanguage\":\"az\"},{\"@type\":\"Person\",\"@id\":\"https:\/\/www.zerdab.com\/#\/schema\/person\/97079b7570c1e89ec0d9e138c3672136\",\"name\":\"admin\",\"image\":{\"@type\":\"ImageObject\",\"inLanguage\":\"az\",\"@id\":\"https:\/\/www.zerdab.com\/#\/schema\/person\/image\/\",\"url\":\"https:\/\/secure.gravatar.com\/avatar\/d9c52a9a27c32119cb6679a077fa3e2779e5f822c451cbf01098004361d466ec?s=96&d=mm&r=g\",\"contentUrl\":\"https:\/\/secure.gravatar.com\/avatar\/d9c52a9a27c32119cb6679a077fa3e2779e5f822c451cbf01098004361d466ec?s=96&d=mm&r=g\",\"caption\":\"admin\"},\"url\":\"https:\/\/www.zerdab.com\/?author=1\"}]}<\/script>\n<!-- \/ Yoast SEO plugin. -->","yoast_head_json":{"title":"Z\u0259rdabda g\u0259ncl\u0259r ulu \u00f6nd\u0259ri and\u0131lar - Z\u0259rdab.com","robots":{"index":"index","follow":"follow","max-snippet":"max-snippet:-1","max-image-preview":"max-image-preview:large","max-video-preview":"max-video-preview:-1"},"canonical":"https:\/\/www.zerdab.com\/?p=17649","og_locale":"az_AZ","og_type":"article","og_title":"Z\u0259rdabda g\u0259ncl\u0259r ulu \u00f6nd\u0259ri and\u0131lar - Z\u0259rdab.com","og_description":"\u00a0\u00a0\u00a0\u00a0 Z\u0259rdab Rayon G\u0259ncl\u0259r v\u0259 \u0130dman \u0130dar\u0259si t\u0259r\u0259find\u0259n \u00fcmummilli lider Heyd\u0259r \u018fiyevin an\u0131m g\u00fcn\u00fc m\u00fcnasib\u0259ti il\u0259 Heyd\u0259r \u018fiyev M\u0259rk\u0259zind\u0259 g\u0259ncl\u0259rin i\u015ftirak\u0131 il\u0259 &#8220;Heyd\u0259r \u018fiyev v\u0259 az\u0259rbaycan\u00e7\u0131l\u0131q ideologiyas\u0131&#8221; m\u00f6vzusunda konfrans t\u0259\u015fkil edilib. T\u0259dbir g\u0259ncl\u0259rin \u00fcmummilli liderimizin abid\u0259si \u00f6n\u00fcn\u0259 g\u00fcl qoymas\u0131 il\u0259 ba\u015flay\u0131b. G\u0259ncl\u0259rimiz ulu \u00f6nd\u0259rin h\u0259yat v\u0259 yarad\u0131c\u0131l\u0131\u011f\u0131n\u0131 \u0259ks etdir\u0259n fotostendl\u0259 tan\u0131\u015f olduqdan sonra t\u0259dbird\u0259 g\u0259ncl\u0259rimiz [&hellip;]","og_url":"https:\/\/www.zerdab.com\/?p=17649","og_site_name":"Z\u0259rdab.com","article_published_time":"2014-12-12T04:00:50+00:00","author":"admin","twitter_card":"summary_large_image","twitter_misc":{"Written by":"admin","Est. reading time":"1 minute"},"schema":{"@context":"https:\/\/schema.org","@graph":[{"@type":"Article","@id":"https:\/\/www.zerdab.com\/?p=17649#article","isPartOf":{"@id":"https:\/\/www.zerdab.com\/?p=17649"},"author":{"name":"admin","@id":"https:\/\/www.zerdab.com\/#\/schema\/person\/97079b7570c1e89ec0d9e138c3672136"},"headline":"Z\u0259rdabda g\u0259ncl\u0259r ulu \u00f6nd\u0259ri and\u0131lar","datePublished":"2014-12-12T04:00:50+00:00","mainEntityOfPage":{"@id":"https:\/\/www.zerdab.com\/?p=17649"},"wordCount":203,"commentCount":0,"articleSection":["X\u018fB\u018fRL\u018fR"],"inLanguage":"az","potentialAction":[{"@type":"CommentAction","name":"Comment","target":["https:\/\/www.zerdab.com\/?p=17649#respond"]}]},{"@type":"WebPage","@id":"https:\/\/www.zerdab.com\/?p=17649","url":"https:\/\/www.zerdab.com\/?p=17649","name":"Z\u0259rdabda g\u0259ncl\u0259r ulu \u00f6nd\u0259ri and\u0131lar - Z\u0259rdab.com","isPartOf":{"@id":"https:\/\/www.zerdab.com\/#website"},"datePublished":"2014-12-12T04:00:50+00:00","author":{"@id":"https:\/\/www.zerdab.com\/#\/schema\/person\/97079b7570c1e89ec0d9e138c3672136"},"breadcrumb":{"@id":"https:\/\/www.zerdab.com\/?p=17649#breadcrumb"},"inLanguage":"az","potentialAction":[{"@type":"ReadAction","target":["https:\/\/www.zerdab.com\/?p=17649"]}]},{"@type":"BreadcrumbList","@id":"https:\/\/www.zerdab.com\/?p=17649#breadcrumb","itemListElement":[{"@type":"ListItem","position":1,"name":"Home","item":"https:\/\/www.zerdab.com\/"},{"@type":"ListItem","position":2,"name":"Z\u0259rdabda g\u0259ncl\u0259r ulu \u00f6nd\u0259ri and\u0131lar"}]},{"@type":"WebSite","@id":"https:\/\/www.zerdab.com\/#website","url":"https:\/\/www.zerdab.com\/","name":"Z\u0259rdab.com","description":"","potentialAction":[{"@type":"SearchAction","target":{"@type":"EntryPoint","urlTemplate":"https:\/\/www.zerdab.com\/?s={search_term_string}"},"query-input":{"@type":"PropertyValueSpecification","valueRequired":true,"valueName":"search_term_string"}}],"inLanguage":"az"},{"@type":"Person","@id":"https:\/\/www.zerdab.com\/#\/schema\/person\/97079b7570c1e89ec0d9e138c3672136","name":"admin","image":{"@type":"ImageObject","inLanguage":"az","@id":"https:\/\/www.zerdab.com\/#\/schema\/person\/image\/","url":"https:\/\/secure.gravatar.com\/avatar\/d9c52a9a27c32119cb6679a077fa3e2779e5f822c451cbf01098004361d466ec?s=96&d=mm&r=g","contentUrl":"https:\/\/secure.gravatar.com\/avatar\/d9c52a9a27c32119cb6679a077fa3e2779e5f822c451cbf01098004361d466ec?s=96&d=mm&r=g","caption":"admin"},"url":"https:\/\/www.zerdab.com\/?author=1"}]}},"_links":{"self":[{"href":"https:\/\/www.zerdab.com\/index.php?rest_route=\/wp\/v2\/posts\/17649","targetHints":{"allow":["GET"]}}],"collection":[{"href":"https:\/\/www.zerdab.com\/index.php?rest_route=\/wp\/v2\/posts"}],"about":[{"href":"https:\/\/www.zerdab.com\/index.php?rest_route=\/wp\/v2\/types\/post"}],"author":[{"embeddable":true,"href":"https:\/\/www.zerdab.com\/index.php?rest_route=\/wp\/v2\/users\/1"}],"replies":[{"embeddable":true,"href":"https:\/\/www.zerdab.com\/index.php?rest_route=%2Fwp%2Fv2%2Fcomments&post=17649"}],"version-history":[{"count":1,"href":"https:\/\/www.zerdab.com\/index.php?rest_route=\/wp\/v2\/posts\/17649\/revisions"}],"predecessor-version":[{"id":17656,"href":"https:\/\/www.zerdab.com\/index.php?rest_route=\/wp\/v2\/posts\/17649\/revisions\/17656"}],"wp:attachment":[{"href":"https:\/\/www.zerdab.com\/index.php?rest_route=%2Fwp%2Fv2%2Fmedia&parent=17649"}],"wp:term":[{"taxonomy":"category","embeddable":true,"href":"https:\/\/www.zerdab.com\/index.php?rest_route=%2Fwp%2Fv2%2Fcategories&post=17649"},{"taxonomy":"post_tag","embeddable":true,"href":"https:\/\/www.zerdab.com\/index.php?rest_route=%2Fwp%2Fv2%2Ftags&post=17649"}],"curies":[{"name":"wp","href":"https:\/\/api.w.org\/{rel}","templated":true}]}}