{"id":17757,"date":"2014-12-19T22:44:07","date_gmt":"2014-12-19T18:44:07","guid":{"rendered":"http:\/\/www.zerdab.com\/?p=17757"},"modified":"2014-12-19T22:44:07","modified_gmt":"2014-12-19T18:44:07","slug":"yap-z%c9%99rdab-rayon-t%c9%99skilati-secicil%c9%99rl%c9%99-gorusl%c9%99r-kecirib","status":"publish","type":"post","link":"https:\/\/www.zerdab.com\/?p=17757","title":{"rendered":"YAP Z\u0259rdab rayon t\u0259\u015fkilat\u0131 se\u00e7icil\u0259rl\u0259 g\u00f6r\u00fc\u015fl\u0259r ke\u00e7irib"},"content":{"rendered":"<div class=\"_5pbx userContent\" data-ft=\"{&quot;tn&quot;:&quot;K&quot;}\">\n<p><a href=\"http:\/\/www.zerdab.com\/wp-content\/uploads\/2014\/12\/Z\u0259rdab131.jpg\"><img loading=\"lazy\" decoding=\"async\" class=\"aligncenter size-full wp-image-17771\" src=\"http:\/\/www.zerdab.com\/wp-content\/uploads\/2014\/12\/Z\u0259rdab131.jpg\" alt=\"Z\u0259rdab\" width=\"526\" height=\"394\" \/><\/a><a href=\"http:\/\/www.zerdab.com\/wp-content\/uploads\/2014\/12\/Z\u0259rdab15.jpg\"><img loading=\"lazy\" decoding=\"async\" class=\"aligncenter size-large wp-image-17773\" src=\"http:\/\/www.zerdab.com\/wp-content\/uploads\/2014\/12\/Z\u0259rdab15-550x537.jpg\" alt=\"Z\u0259rdab\" width=\"550\" height=\"537\" \/><\/a><a href=\"http:\/\/www.zerdab.com\/wp-content\/uploads\/2014\/12\/Z\u0259rdab14.jpg\"><img loading=\"lazy\" decoding=\"async\" class=\"aligncenter size-large wp-image-17772\" src=\"http:\/\/www.zerdab.com\/wp-content\/uploads\/2014\/12\/Z\u0259rdab14-550x412.jpg\" alt=\"Z\u0259rdab\" width=\"550\" height=\"412\" \/><\/a>\u00a0\u00a0 Yeni Az\u0259rbaycan Partiyas\u0131 Z\u0259rdab rayon t\u0259\u015fkilat\u0131 b\u0259l\u0259diyy\u0259 se\u00e7kil\u0259ri il\u0259 \u0259laq\u0259dar t\u0259bli\u011fat-t\u0259\u015fviqat kampaniyas\u0131 \u00e7\u0259r\u00e7iv\u0259sind\u0259 n\u00f6vb\u0259ti g\u00f6r\u00fc\u015f\u00fcn\u00fc rayonun I Al\u0131canl\u0131, II Al\u0131canl\u0131, Cilovxanl\u0131 k\u0259ndl\u0259rind\u0259 v\u0259 B\u0259yimli q\u0259s\u0259b\u0259sind\u0259 ke\u00e7irib.<br \/>\nT\u0259dbirl\u0259ri giri\u015f s\u00f6z\u00fc il\u0259 a\u00e7an Yeni Az\u0259rbaycan Partiyas\u0131 Z\u0259rdab rayon t\u0259\u015fkilat\u0131n\u0131n v\u0259 rayon Se\u00e7ki Q\u0259rargah\u0131n\u0131n s\u0259dri P\u0259rvin Mahmudova bildirib ki, Az\u0259rbaycan Respublikas\u0131n\u0131n Prezidenti, Yeni Az\u0259rbaycan Partiyas\u0131n\u0131n s\u0259dri c\u0259nab \u0130lham \u018fliyevin r\u0259hb\u0259rliyi alt\u0131nda \u00f6lk\u0259mizin s\u00fcr\u0259tli sosial-iqtisadi inki\u015faf\u0131, v\u0259t\u0259nda\u015f c\u0259miyy\u0259ti t\u0259sisatlar\u0131n\u0131n t\u0259kmil\u0259\u015fdirilm\u0259si yerli \u00f6z\u00fcn\u00fcidar\u0259etm\u0259 orqanlar\u0131n\u0131n f\u0259aliyy\u0259tinin geni\u015fl\u0259nm\u0259sin\u0259 \u0259lveri\u015fli \u015f\u0259rait yaratm\u0131\u015fd\u0131r. B\u0259l\u0259diyy\u0259l\u0259r yarand\u0131\u011f\u0131 ilk g\u00fcnd\u0259n \u00f6t\u0259n m\u00fcdd\u0259t \u0259rzind\u0259 \u00f6z \u00fcz\u0259rl\u0259rin\u0259 d\u00fc\u015f\u0259n v\u0259zifl\u0259rin yerin\u0259 yetirilm\u0259sind\u0259, b\u00f6lg\u0259l\u0259rin abadla\u015fmas\u0131nda v\u0259 m\u00fcasirl\u0259\u015fm\u0259sind\u0259, \u0259haliy\u0259 xidm\u0259tin keyfiyy\u0259tinin yax\u015f\u0131la\u015fd\u0131r\u0131lmas\u0131nda m\u00fch\u00fcm naliyy\u0259tl\u0259r \u0259ld\u0259 etmi\u015fl\u0259r.<br \/>\nYAP \u00f6z \u00fcz\u0259rin\u0259 xalq\u0131m\u0131za \u0259n y\u00fcks\u0259k s\u0259viyy\u0259d\u0259 xidm\u0259t etm\u0259k missiyas\u0131n\u0131 g\u00f6t\u00fcr\u00fcb v\u0259 bu g\u00fcn\u0259 q\u0259d\u0259r h\u0259yata ke\u00e7iril\u0259n t\u0259dbirl\u0259rl\u0259 h\u0259min missiyan\u0131n \u00f6hd\u0259sind\u0259n layiqinc\u0259 g\u0259lib. Biz \u0259minlikl\u0259 qeyd ed\u0259 bil\u0259rik ki, h\u0259r zaman siyasi kampaniyalarda aktiv i\u015ftirak ed\u0259n Z\u0259rdab sakinl\u0259ri bud\u0259f\u0259ki se\u00e7kil\u0259rd\u0259 d\u0259 y\u00fcks\u0259k f\u0259all\u0131q g\u00f6st\u0259r\u0259c\u0259kl\u0259r v\u0259 h\u0259r zaman d\u00f6vl\u0259t\u00e7iliy\u0259 s\u0259daq\u0259ti il\u0259 se\u00e7il\u0259n z\u0259rdabl\u0131lar bu d\u0259f\u0259 d\u0259 Yeni Az\u0259rbaycan Partiyas\u0131n\u0131n namiz\u0259dl\u0259rin\u0259 s\u0259s ver\u0259c\u0259kl\u0259r\u201d.<br \/>\nDaha sonra YAP Z\u0259rdab rayon t\u0259\u015fkilat\u0131n\u0131n t\u0259bli\u011fat-t\u0259\u015fviqat qrupunun \u00fczvl\u0259ri S\u0259buhi K\u0259rimov, V\u00fcsal\u0259 K\u0259rimova, h\u0259v\u0259skar \u015fair M\u00fcbariz S\u0259fiyaro\u011flu \u00e7\u0131x\u0131\u015f ed\u0259r\u0259k \u00f6lk\u0259mizd\u0259 u\u011furla h\u0259yata ke\u00e7iril\u0259n sosial-iqtisadi inki\u015faf strategiyas\u0131n\u0131n n\u0259tic\u0259l\u0259rind\u0259n, YAP-\u0131n \u00f6lk\u0259d\u0259 v\u0259 beyn\u0259lxalq al\u0259md\u0259 g\u00fcnb\u0259g\u00fcn artan n\u00fcfuzundan s\u00f6hb\u0259t a\u00e7d\u0131lar v\u0259 \u0259min olduqlar\u0131n\u0131 bildirdil\u0259r ki, g\u00f6r\u00fcl\u0259n i\u015fl\u0259r m\u0259ntiqi n\u0259tic\u0259sini ver\u0259c\u0259k, partiyam\u0131z t\u0259r\u0259find\u0259n ir\u0259li s\u00fcr\u00fcl\u0259n namiz\u0259dl\u0259r layiqli q\u0259l\u0259b\u0259 qazanacaqlar. Ke\u00e7iril\u0259n g\u00f6r\u00fc\u015fl\u0259rd\u0259 se\u00e7icil\u0259r \u00f6lk\u0259mizin inki\u015faf\u0131na, xalq\u0131m\u0131z\u0131n rifah hal\u0131n\u0131n yax\u015f\u0131la\u015fd\u0131r\u0131lmas\u0131na xidm\u0259t ed\u0259n, \u0259sas\u0131 \u00fcmummilli liderimiz Heyd\u0259r \u018fliyev t\u0259r\u0259find\u0259n qoyulan v\u0259 Az\u0259rbaycan Respublikas\u0131n\u0131n Prezidenti c\u0259nab \u0130lham \u018fliyev t\u0259r\u0259find\u0259n yeni keyfiyy\u0259t v\u0259 m\u0259zmunda h\u0259yata ke\u00e7iril\u0259n siyasi kursu d\u0259st\u0259kl\u0259dikl\u0259rini b\u0259yan etm\u0259kl\u0259 Yeni Az\u0259rbaycan Partiyas\u0131 t\u0259r\u0259find\u0259n ir\u0259li s\u00fcr\u00fcl\u0259n namiz\u0259dl\u0259r\u0259 yekdillikl\u0259 s\u0259s ver\u0259c\u0259kl\u0259rini bildiribl\u0259r.<br \/>\nT\u0259dbirin sonunda t\u0259bli\u011fat-t\u0259\u015fviqat qrupunun f\u0259al \u00fczv\u00fc, h\u0259v\u0259skar \u015fair M\u00fcbariz S\u0259fiyaro\u011flu YAP-na h\u0259sr etdiyi \u015feiri t\u0259dbir i\u015ftirak\u00e7\u0131lar\u0131n\u0131n diqq\u0259tin\u0259 \u00e7atd\u0131r\u0131b.<a href=\"http:\/\/www.zerdab.com\/wp-content\/uploads\/2014\/12\/Z\u0259rdab121.jpg\"><img loading=\"lazy\" decoding=\"async\" class=\"aligncenter size-large wp-image-17770\" src=\"http:\/\/www.zerdab.com\/wp-content\/uploads\/2014\/12\/Z\u0259rdab121-550x412.jpg\" alt=\"Z\u0259rdab\" width=\"550\" height=\"412\" \/><\/a><a href=\"http:\/\/www.zerdab.com\/wp-content\/uploads\/2014\/12\/Z\u0259rdab91.jpg\"><img loading=\"lazy\" decoding=\"async\" class=\"aligncenter size-large wp-image-17767\" src=\"http:\/\/www.zerdab.com\/wp-content\/uploads\/2014\/12\/Z\u0259rdab91-550x412.jpg\" alt=\"Z\u0259rdab\" width=\"550\" height=\"412\" \/><\/a><\/p>\n<p><span style=\"color: #0000ff;\"><strong> \u00c7all\u0131 v\u0259 M\u0259likumudlu k\u0259ndl\u0259rind\u0259 g\u00f6r\u00fc\u015f<\/strong><\/span><\/p>\n<p>Yeni Az\u0259rbaycan Partiyas\u0131 Z\u0259rdab rayon t\u0259\u015fkilat\u0131 b\u0259l\u0259diyy\u0259 se\u00e7kil\u0259ri il\u0259 \u0259laq\u0259dar t\u0259bli\u011fat-t\u0259\u015fviqat kampaniyas\u0131n\u0131 u\u011furla davam etdirir. T\u0259bli\u011fat kampaniyas\u0131 \u00e7\u0259r\u00e7iv\u0259sind\u0259 n\u00f6vb\u0259ti g\u00f6r\u00fc\u015fl\u0259r rayonun \u00c7all\u0131 v\u0259 M\u0259likumudlu k\u0259ndl\u0259rind\u0259 ke\u00e7irilib.<br \/>\nT\u0259dbirl\u0259ri giri\u015f s\u00f6z\u00fc il\u0259 a\u00e7an Yeni Az\u0259rbaycan Partiyas\u0131 Z\u0259rdab rayon t\u0259\u015fkilat\u0131n\u0131n v\u0259 rayon Se\u00e7ki Q\u0259rargah\u0131n\u0131n s\u0259dri P\u0259rvin Mahmudova bildirib ki, b\u0259l\u0259diyy\u0259l\u0259r daim v\u0259t\u0259nda\u015flar\u0131n m\u0259nafel\u0259ri namin\u0259 yerli \u0259h\u0259miyy\u0259tli m\u0259s\u0259l\u0259l\u0259rin h\u0259llind\u0259 <span class=\"text_exposed_show\">i\u015ftirak edir, sakinl\u0259rin etibar\u0131n\u0131 qazanma\u011fa v\u0259 c\u0259miyy\u0259timizd\u0259 \u00f6z\u00fcn\u0259m\u0259xsus yer tutma\u011fa s\u0259y g\u00f6st\u0259rir. \u00d6t\u0259n d\u00f6vrd\u0259 b\u0259l\u0259diyy\u0259l\u0259r m\u00fcsb\u0259t t\u0259cr\u00fcb\u0259 qazan\u0131b, onlar\u0131n c\u0259miyy\u0259td\u0259 rolu art\u0131b.<br \/>\nNatiq, h\u0259m\u00e7inin, qeyd edib ki, b\u00fct\u00fcn siyasi kampaniyalar\u0131 q\u0259l\u0259b\u0259 il\u0259 ba\u015fa vuran Yeni Az\u0259rbaycan Partiyas\u0131 dekabr\u0131n 23-d\u0259 ke\u00e7iril\u0259c\u0259k b\u0259l\u0259diyy\u0259 se\u00e7kil\u0259rinin t\u0259bli\u011fat-t\u0259\u015fviqat kampaniyas\u0131n\u0131 m\u00fct\u0259\u015f\u0259kkillikl\u0259 davam etdirir: \u201cRayonumuzda da bu kampaniya s\u0259m\u0259r\u0259li v\u0259 m\u00fct\u0259\u015f\u0259kkil qaydada apar\u0131l\u0131r. \u0130nan\u0131ram ki, rayon sakinl\u0259ri aras\u0131nda n\u00fcfuzu olan namiz\u0259dl\u0259rimiz bu se\u00e7kid\u0259 d\u0259 qalib olacaqlar\u201d.<br \/>\nDaha sonra YAP Z\u0259rdab rayon t\u0259bli\u011fat-t\u0259\u015fviqat qrupunun \u00fczvl\u0259ri S\u0259buhi K\u0259rimov, Sara Sultanova, \u0130sam\u0259ddin \u018fhm\u0259dov, ilk d\u0259f\u0259 s\u0259s ver\u0259n Leyla Eldarzad\u0259 \u00e7\u0131x\u0131\u015f ed\u0259r\u0259k bildiribl\u0259r ki, Az\u0259rbaycan demokratik inki\u015faf yolunda dinamik add\u0131mlarla ir\u0259lil\u0259yir: \u201cB\u00fct\u00fcn bunlar onu g\u00f6st\u0259rir ki, Yeni Az\u0259rbaycan Partiyas\u0131n\u0131n S\u0259dri, Prezident \u0130lham \u018fliyevin r\u0259hb\u0259rliyi il\u0259 h\u0259yata ke\u00e7iril\u0259n siyas\u0259tin n\u0259tic\u0259si inki\u015faf v\u0259 sabitlikdir. Ona g\u00f6r\u0259 d\u0259 Z\u0259rdab rayonu ictimaiyy\u0259ti bu inki\u015fafa, sabitliy\u0259 s\u0259s verm\u0259kl\u0259 n\u00f6vb\u0259ti d\u0259f\u0259 Yeni Az\u0259rbaycan Partiyas\u0131n\u0131n namiz\u0259dl\u0259rin\u0259 etimad g\u00f6st\u0259rm\u0259lidirl\u0259r\u201d.<br \/>\nT\u0259dbirl\u0259r se\u00e7icil\u0259rin y\u00fcks\u0259k \u0259hval-ruhiyy\u0259si il\u0259 m\u00fc\u015fay\u0259t olunub.<\/span><\/p>\n<p><a href=\"http:\/\/www.zerdab.com\/wp-content\/uploads\/2014\/12\/Z\u0259rdab31.jpg\"><img loading=\"lazy\" decoding=\"async\" class=\"aligncenter size-large wp-image-17761\" src=\"http:\/\/www.zerdab.com\/wp-content\/uploads\/2014\/12\/Z\u0259rdab31-550x364.jpg\" alt=\"Z\u0259rdab\" width=\"550\" height=\"364\" \/><\/a><\/p>\n<p><span style=\"color: #0000ff;\"><strong>YAP Z\u0259rdab rayonunda ilk d\u0259f\u0259 s\u0259s ver\u0259nl\u0259r v\u0259 g\u0259nc namiz\u0259dl\u0259rl\u0259 g\u00f6r\u00fc\u015f ke\u00e7irdi<\/strong><\/span><\/p>\n<p>23 dekabr 2014-c\u00fc ild\u0259 ke\u00e7iril\u0259c\u0259k b\u0259l\u0259diyy\u0259 se\u00e7kil\u0259rin\u0259 haz\u0131rl\u0131qla \u0259laq\u0259dar Z\u0259rdab rayonunda Yeni Az\u0259rbaycan Partiyas\u0131 t\u0259r\u0259find\u0259n namiz\u0259dliyi ir\u0259li s\u00fcr\u00fclm\u00fc\u015f g\u0259nc namiz\u0259dl\u0259r v\u0259 ilk d\u0259f\u0259 s\u0259s ver\u0259nl\u0259rl\u0259 g\u00f6r\u00fc\u015f ke\u00e7irildi.<br \/>\nT\u0259dbird\u0259 mill\u0259t v\u0259kili, Milli M\u0259clisin Elm v\u0259 T\u0259hsil Komit\u0259sinin s\u0259dri \u015e\u0259ms\u0259ddin Hac\u0131yev, mill\u0259t v\u0259kili, Milli M\u0259clisin T\u0259bii ehtiyatlar, energetika v\u0259 ekologiya komit\u0259sinin s\u0259dr m\u00fcavini, Texnika elml\u0259ri doktoru Elton M\u0259mm\u0259dov, Milli M\u0259clisin Z\u0259rdab rayonundan deputat\u0131, professor, filologiya \u00fczr\u0259 elml\u0259r doktoru Jal\u0259 xan\u0131m \u018fliyeva, YAP G\u0259ncl\u0259r Birliyinin s\u0259dri Seymur Orucov v\u0259 YAP \u015eirvan zonas\u0131 \u00fczr\u0259 kuratoru H\u0259s\u0259n Da\u015fd\u0259mirov i\u015ftirak etdil\u0259r.<br \/>\nT\u0259dbiri giri\u015f s\u00f6z\u00fc il\u0259 a\u00e7an Yeni Az\u0259rbaycan Partiyas\u0131 Z\u0259rdab rayon t\u0259\u015fkilat\u0131n\u0131n s\u0259dri P\u0259rvin Mahmudova bildirdi ki, Az\u0259rbaycan Respublikas\u0131n\u0131n Prezidenti, Yeni Az\u0259rbaycan Partiyas\u0131n\u0131n s\u0259dri c\u0259nab \u0130lham \u018fliyevin r\u0259hb\u0259rliyi alt\u0131nda \u00f6lk\u0259mizin s\u00fcr\u0259tli sosial-iqtisadi inki\u015faf\u0131, v\u0259t\u0259nda\u015f c\u0259miyy\u0259ti t\u0259sisatlar\u0131n\u0131n t\u0259kmil\u0259\u015fdirilm\u0259si yerli \u00f6z\u00fcn\u00fcidar\u0259etm\u0259 orqanlar\u0131n\u0131n f\u0259aliyy\u0259tinin geni\u015fl\u0259nm\u0259sin\u0259 \u0259lveri\u015fli \u015f\u0259rait yaratm\u0131\u015fd\u0131r. B\u0259l\u0259diyy\u0259l\u0259r yarand\u0131\u011f\u0131 ilk g\u00fcnd\u0259n \u00f6t\u0259n m\u00fcdd\u0259t, el\u0259c\u0259 d\u0259 2009-2014-c\u00fc ill\u0259r \u0259rzind\u0259 \u00f6z \u00fcz\u0259rl\u0259rin\u0259 d\u00fc\u015f\u0259n v\u0259zif\u0259l\u0259rin yerin\u0259 yetirilm\u0259sind\u0259, b\u00f6lg\u0259l\u0259rin abadla\u015fmas\u0131nda v\u0259 m\u00fcasirl\u0259\u015fm\u0259sind\u0259, \u0259haliy\u0259 xidm\u0259tin keyfiyy\u0259tinin yax\u015f\u0131la\u015fd\u0131r\u0131lmas\u0131nda m\u00fch\u00fcm naliyy\u0259tl\u0259r \u0259ld\u0259 etmi\u015fl\u0259r.<br \/>\nP\u0259rvin Mahmudova qeyd etdi ki, Yeni Az\u0259rbaycan Partiyas\u0131n\u0131n Z\u0259rdab rayon t\u0259\u015fkilat\u0131n\u0131n 5840 n\u0259f\u0259r \u00fczv\u00fcn\u00fcn 2675 n\u0259f\u0259rini (46 %) qad\u0131nlar, 2043 n\u0259f\u0259rini ( 35 %) is\u0259 g\u0259ncl\u0259r t\u0259\u015fkil edir. Yeni Az\u0259rbaycan Partiyas\u0131 rayon t\u0259\u015fkilat\u0131 qar\u015f\u0131dak\u0131 b\u0259l\u0259diyy\u0259 se\u00e7kil\u0259ri il\u0259 \u0259laq\u0259dar rayon \u00fczr\u0259 27 b\u0259l\u0259diyy\u0259y\u0259 237 n\u0259f\u0259rin namiz\u0259dliyini ir\u0259li s\u00fcr\u00fcb ki, bunlardan 106 n\u0259f\u0259ri, y\u0259ni 44,7 %-i qad\u0131nlar, 95 n\u0259f\u0259ri, y\u0259ni 40,1 %-i g\u0259ncl\u0259rdir.<br \/>\nT\u0259dbird\u0259 YAP t\u0259r\u0259find\u0259n namiz\u0259dliyi ir\u0259li s\u00fcr\u00fclm\u00fc\u015f \u018fl\u0259kb\u0259r K\u0259rimov \u00e7\u0131x\u0131\u015f ed\u0259r\u0259k bildirdi ki, b\u00fct\u00fcn se\u00e7kil\u0259rd\u0259 oldu\u011fu kimi qar\u015f\u0131dak\u0131 b\u0259l\u0259diyy\u0259 se\u00e7kil\u0259rind\u0259 d\u0259 YAP namiz\u0259dl\u0259ri aktiv i\u015ftirak ed\u0259c\u0259k v\u0259 se\u00e7kil\u0259ri y\u00fcks\u0259k q\u0259l\u0259b\u0259 il\u0259 ba\u015fa vuraraq, \u00f6lk\u0259 Prezidentinin u\u011furla h\u0259yata ke\u00e7irdiyi iqtisadi inki\u015faf strategiyas\u0131n\u0131n f\u0259al i\u015ftirak\u00e7\u0131lar\u0131na \u00e7evril\u0259c\u0259kl\u0259r.<br \/>\nDaha sonra mill\u0259t v\u0259kill\u0259ri \u015e\u0259ms\u0259ddin Hac\u0131yev, Elton M\u0259mm\u0259dov, Milli M\u0259clisin Z\u0259rdab rayonundan deputat\u0131, professor, filologiya \u00fczr\u0259 elml\u0259r doktoru Jal\u0259 xan\u0131m \u018fliyeva, YAP G\u0259ncl\u0259r Birliyinin s\u0259dri Seymur Orucov \u00e7\u0131x\u0131\u015f ed\u0259r\u0259k, \u00f6lk\u0259 ba\u015f\u00e7\u0131s\u0131, Yeni Az\u0259rbaycan Partiyas\u0131n\u0131n s\u0259dri \u0130lham \u018fliyev t\u0259r\u0259find\u0259n g\u0259ncl\u0259r\u0259 g\u00f6st\u0259ril\u0259n diqq\u0259t v\u0259 qay\u011f\u0131n\u0131n n\u0259tic\u0259l\u0259rind\u0259n, Az\u0259rbaycan\u0131n u\u011furlu g\u0259ncl\u0259r siyas\u0259tind\u0259n v\u0259 bu siyas\u0259tin beyn\u0259lxalq t\u0259\u015fkilatlar t\u0259r\u0259find\u0259n n\u00fcmun\u0259 g\u00f6t\u00fcr\u00fclm\u0259sind\u0259n geni\u015f b\u0259hs etdil\u0259r.<br \/>\nNatiql\u0259r qeyd etdil\u0259r ki, Son ill\u0259rd\u0259 respublikam\u0131zda B\u0259l\u0259diyy\u0259l\u0259rl\u0259 ba\u011fl\u0131 m\u00fch\u00fcm islahatlar apar\u0131lm\u0131\u015f onlar\u0131n s\u0259lahiyy\u0259tl\u0259rinin geni\u015fl\u0259ndirilm\u0259si istiqam\u0259tind\u0259 m\u00fc\u0259yy\u0259n t\u0259dbirl\u0259r g\u00f6r\u00fclm\u00fc\u015fd\u00fcr. B\u0259l\u0259diyy\u0259 \u00fczvl\u0259ri aras\u0131nda \u00e7oxlu\u011fa sahib olan Yeni Az\u0259rbaycan Partiyas\u0131 haql\u0131 olaraq qazand\u0131\u011f\u0131 u\u011furlarla f\u0259xr edir v\u0259 \u00f6z namiz\u0259dl\u0259rinin daha \u00fcst\u00fcn s\u0259viyy\u0259d\u0259 t\u0259msil olunmas\u0131n\u0131 qar\u015f\u0131ya m\u0259qs\u0259d qoyur.<br \/>\n2014-c\u00fc ilin 23 dekabr tarixind\u0259 Az\u0259rbaycanda \u00e7ox \u0259h\u0259miyy\u0259tli kampaniya \u2013yerli \u00f6z\u00fcn\u00fc idar\u0259etm\u0259 orqanlar\u0131na se\u00e7kil\u0259r ke\u00e7iril\u0259c\u0259k. Yeni Az\u0259rbaycan Partiyas\u0131 n\u00f6vb\u0259ti b\u0259l\u0259diyy\u0259 se\u00e7kil\u0259rin\u0259 inamla v\u0259 ayd\u0131n proqramla gedir. \u0130nan\u0131r\u0131q ki, se\u00e7icil\u0259rin partiyam\u0131za olan inam\u0131 v\u0259 d\u0259st\u0259yi qar\u015f\u0131ya qoyulmu\u015f proqram\u0131n h\u0259yata ke\u00e7irilm\u0259sin\u0259, \u0259n layiqlil\u0259rin yerli \u00f6z\u00fcn\u00fc idar\u0259etm\u0259 orqanlar\u0131na se\u00e7ilm\u0259sin\u0259 etibarl\u0131 t\u0259minat olacaqd\u0131r.<\/p>\n<p><span style=\"color: #0000ff;\"><strong>Yeni Az\u0259rbaycan Partiyas\u0131 Z\u0259rdab rayon t\u0259\u015fkilat\u0131<a href=\"http:\/\/www.zerdab.com\/wp-content\/uploads\/2014\/12\/Z\u0259rdab12.jpg\"><img loading=\"lazy\" decoding=\"async\" class=\"aligncenter size-large wp-image-17758\" src=\"http:\/\/www.zerdab.com\/wp-content\/uploads\/2014\/12\/Z\u0259rdab12-550x364.jpg\" alt=\"Z\u0259rdab\" width=\"550\" height=\"364\" \/><\/a><a href=\"http:\/\/www.zerdab.com\/wp-content\/uploads\/2014\/12\/Z\u0259rdab42.jpg\"><img loading=\"lazy\" decoding=\"async\" class=\"aligncenter size-large wp-image-17762\" src=\"http:\/\/www.zerdab.com\/wp-content\/uploads\/2014\/12\/Z\u0259rdab42-550x364.jpg\" alt=\"Z\u0259rdab\" width=\"550\" height=\"364\" \/><\/a><a href=\"http:\/\/www.zerdab.com\/wp-content\/uploads\/2014\/12\/Z\u0259rdab22.jpg\"><img loading=\"lazy\" decoding=\"async\" class=\"aligncenter size-large wp-image-17760\" src=\"http:\/\/www.zerdab.com\/wp-content\/uploads\/2014\/12\/Z\u0259rdab22-550x364.jpg\" alt=\"Z\u0259rdab\" width=\"550\" height=\"364\" \/><\/a><a href=\"http:\/\/www.zerdab.com\/wp-content\/uploads\/2014\/12\/Z\u0259rdab22.jpg\"><img loading=\"lazy\" decoding=\"async\" class=\"aligncenter size-large wp-image-17760\" src=\"http:\/\/www.zerdab.com\/wp-content\/uploads\/2014\/12\/Z\u0259rdab22-550x364.jpg\" alt=\"Z\u0259rdab\" width=\"550\" height=\"364\" \/><\/a><a href=\"http:\/\/www.zerdab.com\/wp-content\/uploads\/2014\/12\/Z\u0259rdab61.jpg\"><img loading=\"lazy\" decoding=\"async\" class=\"aligncenter size-large wp-image-17764\" src=\"http:\/\/www.zerdab.com\/wp-content\/uploads\/2014\/12\/Z\u0259rdab61-550x364.jpg\" alt=\"Z\u0259rdab\" width=\"550\" height=\"364\" \/><\/a><a href=\"http:\/\/www.zerdab.com\/wp-content\/uploads\/2014\/12\/Z\u0259rdab13.jpg\"><img loading=\"lazy\" decoding=\"async\" class=\"aligncenter size-large wp-image-17759\" src=\"http:\/\/www.zerdab.com\/wp-content\/uploads\/2014\/12\/Z\u0259rdab13-550x364.jpg\" alt=\"Z\u0259rdab\" width=\"550\" height=\"364\" \/><\/a><\/strong><\/span><\/p>\n<\/div>\n","protected":false},"excerpt":{"rendered":"<p>\u00a0\u00a0 Yeni Az\u0259rbaycan Partiyas\u0131 Z\u0259rdab rayon t\u0259\u015fkilat\u0131 b\u0259l\u0259diyy\u0259 se\u00e7kil\u0259ri il\u0259 \u0259laq\u0259dar t\u0259bli\u011fat-t\u0259\u015fviqat kampaniyas\u0131 \u00e7\u0259r\u00e7iv\u0259sind\u0259 n\u00f6vb\u0259ti g\u00f6r\u00fc\u015f\u00fcn\u00fc rayonun I Al\u0131canl\u0131, II Al\u0131canl\u0131, Cilovxanl\u0131 k\u0259ndl\u0259rind\u0259 v\u0259 B\u0259yimli q\u0259s\u0259b\u0259sind\u0259 ke\u00e7irib. T\u0259dbirl\u0259ri giri\u015f s\u00f6z\u00fc il\u0259 a\u00e7an Yeni Az\u0259rbaycan Partiyas\u0131 Z\u0259rdab rayon t\u0259\u015fkilat\u0131n\u0131n v\u0259 rayon Se\u00e7ki Q\u0259rargah\u0131n\u0131n s\u0259dri P\u0259rvin Mahmudova bildirib ki, Az\u0259rbaycan Respublikas\u0131n\u0131n Prezidenti, Yeni Az\u0259rbaycan Partiyas\u0131n\u0131n s\u0259dri c\u0259nab [&hellip;]<\/p>\n","protected":false},"author":1,"featured_media":0,"comment_status":"open","ping_status":"open","sticky":false,"template":"","format":"standard","meta":{"footnotes":""},"categories":[5],"tags":[],"class_list":{"0":"post-17757","1":"post","2":"type-post","3":"status-publish","4":"format-standard","6":"category-knd"},"yoast_head":"<!-- This site is optimized with the Yoast SEO plugin v27.0 - https:\/\/yoast.com\/product\/yoast-seo-wordpress\/ -->\n<title>YAP Z\u0259rdab rayon t\u0259\u015fkilat\u0131 se\u00e7icil\u0259rl\u0259 g\u00f6r\u00fc\u015fl\u0259r ke\u00e7irib - Z\u0259rdab.com<\/title>\n<meta name=\"robots\" content=\"index, follow, max-snippet:-1, max-image-preview:large, max-video-preview:-1\" \/>\n<link rel=\"canonical\" href=\"https:\/\/www.zerdab.com\/?p=17757\" \/>\n<meta property=\"og:locale\" content=\"az_AZ\" \/>\n<meta property=\"og:type\" content=\"article\" \/>\n<meta property=\"og:title\" content=\"YAP Z\u0259rdab rayon t\u0259\u015fkilat\u0131 se\u00e7icil\u0259rl\u0259 g\u00f6r\u00fc\u015fl\u0259r ke\u00e7irib - Z\u0259rdab.com\" \/>\n<meta property=\"og:description\" content=\"\u00a0\u00a0 Yeni Az\u0259rbaycan Partiyas\u0131 Z\u0259rdab rayon t\u0259\u015fkilat\u0131 b\u0259l\u0259diyy\u0259 se\u00e7kil\u0259ri il\u0259 \u0259laq\u0259dar t\u0259bli\u011fat-t\u0259\u015fviqat kampaniyas\u0131 \u00e7\u0259r\u00e7iv\u0259sind\u0259 n\u00f6vb\u0259ti g\u00f6r\u00fc\u015f\u00fcn\u00fc rayonun I Al\u0131canl\u0131, II Al\u0131canl\u0131, Cilovxanl\u0131 k\u0259ndl\u0259rind\u0259 v\u0259 B\u0259yimli q\u0259s\u0259b\u0259sind\u0259 ke\u00e7irib. T\u0259dbirl\u0259ri giri\u015f s\u00f6z\u00fc il\u0259 a\u00e7an Yeni Az\u0259rbaycan Partiyas\u0131 Z\u0259rdab rayon t\u0259\u015fkilat\u0131n\u0131n v\u0259 rayon Se\u00e7ki Q\u0259rargah\u0131n\u0131n s\u0259dri P\u0259rvin Mahmudova bildirib ki, Az\u0259rbaycan Respublikas\u0131n\u0131n Prezidenti, Yeni Az\u0259rbaycan Partiyas\u0131n\u0131n s\u0259dri c\u0259nab [&hellip;]\" \/>\n<meta property=\"og:url\" content=\"https:\/\/www.zerdab.com\/?p=17757\" \/>\n<meta property=\"og:site_name\" content=\"Z\u0259rdab.com\" \/>\n<meta property=\"article:published_time\" content=\"2014-12-19T18:44:07+00:00\" \/>\n<meta name=\"author\" content=\"admin\" \/>\n<meta name=\"twitter:card\" content=\"summary_large_image\" \/>\n<meta name=\"twitter:label1\" content=\"Written by\" \/>\n\t<meta name=\"twitter:data1\" content=\"admin\" \/>\n\t<meta name=\"twitter:label2\" content=\"Est. reading time\" \/>\n\t<meta name=\"twitter:data2\" content=\"9 minutes\" \/>\n<script type=\"application\/ld+json\" class=\"yoast-schema-graph\">{\"@context\":\"https:\/\/schema.org\",\"@graph\":[{\"@type\":\"Article\",\"@id\":\"https:\/\/www.zerdab.com\/?p=17757#article\",\"isPartOf\":{\"@id\":\"https:\/\/www.zerdab.com\/?p=17757\"},\"author\":{\"name\":\"admin\",\"@id\":\"https:\/\/www.zerdab.com\/#\/schema\/person\/97079b7570c1e89ec0d9e138c3672136\"},\"headline\":\"YAP Z\u0259rdab rayon t\u0259\u015fkilat\u0131 se\u00e7icil\u0259rl\u0259 g\u00f6r\u00fc\u015fl\u0259r ke\u00e7irib\",\"datePublished\":\"2014-12-19T18:44:07+00:00\",\"mainEntityOfPage\":{\"@id\":\"https:\/\/www.zerdab.com\/?p=17757\"},\"wordCount\":1832,\"commentCount\":1,\"articleSection\":[\"X\u018fB\u018fRL\u018fR\"],\"inLanguage\":\"az\",\"potentialAction\":[{\"@type\":\"CommentAction\",\"name\":\"Comment\",\"target\":[\"https:\/\/www.zerdab.com\/?p=17757#respond\"]}]},{\"@type\":\"WebPage\",\"@id\":\"https:\/\/www.zerdab.com\/?p=17757\",\"url\":\"https:\/\/www.zerdab.com\/?p=17757\",\"name\":\"YAP Z\u0259rdab rayon t\u0259\u015fkilat\u0131 se\u00e7icil\u0259rl\u0259 g\u00f6r\u00fc\u015fl\u0259r ke\u00e7irib - Z\u0259rdab.com\",\"isPartOf\":{\"@id\":\"https:\/\/www.zerdab.com\/#website\"},\"datePublished\":\"2014-12-19T18:44:07+00:00\",\"author\":{\"@id\":\"https:\/\/www.zerdab.com\/#\/schema\/person\/97079b7570c1e89ec0d9e138c3672136\"},\"breadcrumb\":{\"@id\":\"https:\/\/www.zerdab.com\/?p=17757#breadcrumb\"},\"inLanguage\":\"az\",\"potentialAction\":[{\"@type\":\"ReadAction\",\"target\":[\"https:\/\/www.zerdab.com\/?p=17757\"]}]},{\"@type\":\"BreadcrumbList\",\"@id\":\"https:\/\/www.zerdab.com\/?p=17757#breadcrumb\",\"itemListElement\":[{\"@type\":\"ListItem\",\"position\":1,\"name\":\"Home\",\"item\":\"https:\/\/www.zerdab.com\/\"},{\"@type\":\"ListItem\",\"position\":2,\"name\":\"YAP Z\u0259rdab rayon t\u0259\u015fkilat\u0131 se\u00e7icil\u0259rl\u0259 g\u00f6r\u00fc\u015fl\u0259r ke\u00e7irib\"}]},{\"@type\":\"WebSite\",\"@id\":\"https:\/\/www.zerdab.com\/#website\",\"url\":\"https:\/\/www.zerdab.com\/\",\"name\":\"Z\u0259rdab.com\",\"description\":\"\",\"potentialAction\":[{\"@type\":\"SearchAction\",\"target\":{\"@type\":\"EntryPoint\",\"urlTemplate\":\"https:\/\/www.zerdab.com\/?s={search_term_string}\"},\"query-input\":{\"@type\":\"PropertyValueSpecification\",\"valueRequired\":true,\"valueName\":\"search_term_string\"}}],\"inLanguage\":\"az\"},{\"@type\":\"Person\",\"@id\":\"https:\/\/www.zerdab.com\/#\/schema\/person\/97079b7570c1e89ec0d9e138c3672136\",\"name\":\"admin\",\"image\":{\"@type\":\"ImageObject\",\"inLanguage\":\"az\",\"@id\":\"https:\/\/www.zerdab.com\/#\/schema\/person\/image\/\",\"url\":\"https:\/\/secure.gravatar.com\/avatar\/d9c52a9a27c32119cb6679a077fa3e2779e5f822c451cbf01098004361d466ec?s=96&d=mm&r=g\",\"contentUrl\":\"https:\/\/secure.gravatar.com\/avatar\/d9c52a9a27c32119cb6679a077fa3e2779e5f822c451cbf01098004361d466ec?s=96&d=mm&r=g\",\"caption\":\"admin\"},\"url\":\"https:\/\/www.zerdab.com\/?author=1\"}]}<\/script>\n<!-- \/ Yoast SEO plugin. -->","yoast_head_json":{"title":"YAP Z\u0259rdab rayon t\u0259\u015fkilat\u0131 se\u00e7icil\u0259rl\u0259 g\u00f6r\u00fc\u015fl\u0259r ke\u00e7irib - Z\u0259rdab.com","robots":{"index":"index","follow":"follow","max-snippet":"max-snippet:-1","max-image-preview":"max-image-preview:large","max-video-preview":"max-video-preview:-1"},"canonical":"https:\/\/www.zerdab.com\/?p=17757","og_locale":"az_AZ","og_type":"article","og_title":"YAP Z\u0259rdab rayon t\u0259\u015fkilat\u0131 se\u00e7icil\u0259rl\u0259 g\u00f6r\u00fc\u015fl\u0259r ke\u00e7irib - Z\u0259rdab.com","og_description":"\u00a0\u00a0 Yeni Az\u0259rbaycan Partiyas\u0131 Z\u0259rdab rayon t\u0259\u015fkilat\u0131 b\u0259l\u0259diyy\u0259 se\u00e7kil\u0259ri il\u0259 \u0259laq\u0259dar t\u0259bli\u011fat-t\u0259\u015fviqat kampaniyas\u0131 \u00e7\u0259r\u00e7iv\u0259sind\u0259 n\u00f6vb\u0259ti g\u00f6r\u00fc\u015f\u00fcn\u00fc rayonun I Al\u0131canl\u0131, II Al\u0131canl\u0131, Cilovxanl\u0131 k\u0259ndl\u0259rind\u0259 v\u0259 B\u0259yimli q\u0259s\u0259b\u0259sind\u0259 ke\u00e7irib. T\u0259dbirl\u0259ri giri\u015f s\u00f6z\u00fc il\u0259 a\u00e7an Yeni Az\u0259rbaycan Partiyas\u0131 Z\u0259rdab rayon t\u0259\u015fkilat\u0131n\u0131n v\u0259 rayon Se\u00e7ki Q\u0259rargah\u0131n\u0131n s\u0259dri P\u0259rvin Mahmudova bildirib ki, Az\u0259rbaycan Respublikas\u0131n\u0131n Prezidenti, Yeni Az\u0259rbaycan Partiyas\u0131n\u0131n s\u0259dri c\u0259nab [&hellip;]","og_url":"https:\/\/www.zerdab.com\/?p=17757","og_site_name":"Z\u0259rdab.com","article_published_time":"2014-12-19T18:44:07+00:00","author":"admin","twitter_card":"summary_large_image","twitter_misc":{"Written by":"admin","Est. reading time":"9 minutes"},"schema":{"@context":"https:\/\/schema.org","@graph":[{"@type":"Article","@id":"https:\/\/www.zerdab.com\/?p=17757#article","isPartOf":{"@id":"https:\/\/www.zerdab.com\/?p=17757"},"author":{"name":"admin","@id":"https:\/\/www.zerdab.com\/#\/schema\/person\/97079b7570c1e89ec0d9e138c3672136"},"headline":"YAP Z\u0259rdab rayon t\u0259\u015fkilat\u0131 se\u00e7icil\u0259rl\u0259 g\u00f6r\u00fc\u015fl\u0259r ke\u00e7irib","datePublished":"2014-12-19T18:44:07+00:00","mainEntityOfPage":{"@id":"https:\/\/www.zerdab.com\/?p=17757"},"wordCount":1832,"commentCount":1,"articleSection":["X\u018fB\u018fRL\u018fR"],"inLanguage":"az","potentialAction":[{"@type":"CommentAction","name":"Comment","target":["https:\/\/www.zerdab.com\/?p=17757#respond"]}]},{"@type":"WebPage","@id":"https:\/\/www.zerdab.com\/?p=17757","url":"https:\/\/www.zerdab.com\/?p=17757","name":"YAP Z\u0259rdab rayon t\u0259\u015fkilat\u0131 se\u00e7icil\u0259rl\u0259 g\u00f6r\u00fc\u015fl\u0259r ke\u00e7irib - Z\u0259rdab.com","isPartOf":{"@id":"https:\/\/www.zerdab.com\/#website"},"datePublished":"2014-12-19T18:44:07+00:00","author":{"@id":"https:\/\/www.zerdab.com\/#\/schema\/person\/97079b7570c1e89ec0d9e138c3672136"},"breadcrumb":{"@id":"https:\/\/www.zerdab.com\/?p=17757#breadcrumb"},"inLanguage":"az","potentialAction":[{"@type":"ReadAction","target":["https:\/\/www.zerdab.com\/?p=17757"]}]},{"@type":"BreadcrumbList","@id":"https:\/\/www.zerdab.com\/?p=17757#breadcrumb","itemListElement":[{"@type":"ListItem","position":1,"name":"Home","item":"https:\/\/www.zerdab.com\/"},{"@type":"ListItem","position":2,"name":"YAP Z\u0259rdab rayon t\u0259\u015fkilat\u0131 se\u00e7icil\u0259rl\u0259 g\u00f6r\u00fc\u015fl\u0259r ke\u00e7irib"}]},{"@type":"WebSite","@id":"https:\/\/www.zerdab.com\/#website","url":"https:\/\/www.zerdab.com\/","name":"Z\u0259rdab.com","description":"","potentialAction":[{"@type":"SearchAction","target":{"@type":"EntryPoint","urlTemplate":"https:\/\/www.zerdab.com\/?s={search_term_string}"},"query-input":{"@type":"PropertyValueSpecification","valueRequired":true,"valueName":"search_term_string"}}],"inLanguage":"az"},{"@type":"Person","@id":"https:\/\/www.zerdab.com\/#\/schema\/person\/97079b7570c1e89ec0d9e138c3672136","name":"admin","image":{"@type":"ImageObject","inLanguage":"az","@id":"https:\/\/www.zerdab.com\/#\/schema\/person\/image\/","url":"https:\/\/secure.gravatar.com\/avatar\/d9c52a9a27c32119cb6679a077fa3e2779e5f822c451cbf01098004361d466ec?s=96&d=mm&r=g","contentUrl":"https:\/\/secure.gravatar.com\/avatar\/d9c52a9a27c32119cb6679a077fa3e2779e5f822c451cbf01098004361d466ec?s=96&d=mm&r=g","caption":"admin"},"url":"https:\/\/www.zerdab.com\/?author=1"}]}},"_links":{"self":[{"href":"https:\/\/www.zerdab.com\/index.php?rest_route=\/wp\/v2\/posts\/17757","targetHints":{"allow":["GET"]}}],"collection":[{"href":"https:\/\/www.zerdab.com\/index.php?rest_route=\/wp\/v2\/posts"}],"about":[{"href":"https:\/\/www.zerdab.com\/index.php?rest_route=\/wp\/v2\/types\/post"}],"author":[{"embeddable":true,"href":"https:\/\/www.zerdab.com\/index.php?rest_route=\/wp\/v2\/users\/1"}],"replies":[{"embeddable":true,"href":"https:\/\/www.zerdab.com\/index.php?rest_route=%2Fwp%2Fv2%2Fcomments&post=17757"}],"version-history":[{"count":1,"href":"https:\/\/www.zerdab.com\/index.php?rest_route=\/wp\/v2\/posts\/17757\/revisions"}],"predecessor-version":[{"id":17774,"href":"https:\/\/www.zerdab.com\/index.php?rest_route=\/wp\/v2\/posts\/17757\/revisions\/17774"}],"wp:attachment":[{"href":"https:\/\/www.zerdab.com\/index.php?rest_route=%2Fwp%2Fv2%2Fmedia&parent=17757"}],"wp:term":[{"taxonomy":"category","embeddable":true,"href":"https:\/\/www.zerdab.com\/index.php?rest_route=%2Fwp%2Fv2%2Fcategories&post=17757"},{"taxonomy":"post_tag","embeddable":true,"href":"https:\/\/www.zerdab.com\/index.php?rest_route=%2Fwp%2Fv2%2Ftags&post=17757"}],"curies":[{"name":"wp","href":"https:\/\/api.w.org\/{rel}","templated":true}]}}