{"id":17861,"date":"2014-12-24T13:38:07","date_gmt":"2014-12-24T09:38:07","guid":{"rendered":"http:\/\/www.zerdab.com\/?p=17861"},"modified":"2014-12-24T13:38:07","modified_gmt":"2014-12-24T09:38:07","slug":"prezident-ilham-%c9%99liyevin-53-yasi-tamam-olur","status":"publish","type":"post","link":"https:\/\/www.zerdab.com\/?p=17861","title":{"rendered":"Prezident \u0130lham \u018fliyevin 53 ya\u015f\u0131 tamam olur"},"content":{"rendered":"<figure id=\"attachment_12540\" aria-describedby=\"caption-attachment-12540\" style=\"width: 400px\" class=\"wp-caption aligncenter\"><a href=\"http:\/\/www.zerdab.com\/wp-content\/uploads\/2013\/10\/Prezident-\u0130lham-\u018fliyev.png\"><img loading=\"lazy\" decoding=\"async\" class=\"size-full wp-image-12540\" src=\"http:\/\/www.zerdab.com\/wp-content\/uploads\/2013\/10\/Prezident-\u0130lham-\u018fliyev.png\" alt=\"Prezident \u0130lham \u018fliyev\" width=\"400\" height=\"315\" \/><\/a><figcaption id=\"caption-attachment-12540\" class=\"wp-caption-text\"><strong>Prezident \u0130lham \u018fliyev Z\u0259rdab rayonunda<\/strong><\/figcaption><\/figure>\n<p><a href=\"http:\/\/www.zerdab.com\/wp-content\/uploads\/2013\/10\/Prezident-\u0130lham-\u018fliyev.png\"><br \/>\n<\/a>Bu g\u00fcn Az\u0259rbaycan Prezidenti \u0130lham \u018fliyevin ad g\u00fcn\u00fcd\u00fcr.<\/p>\n<p>\u0130lham Heyd\u0259r o\u011flu \u018fliyev 1961-ci il dekabr\u0131n 24-d\u0259 Bak\u0131 \u015f\u0259h\u0259rind\u0259 anadan olub.<\/p>\n<p>1977-ci ild\u0259 Moskva D\u00f6vl\u0259t Beyn\u0259lxalq \u018flaq\u0259l\u0259r \u0130nstitutuna daxil olub. Oran\u0131 bitirdikd\u0259n sonra, 1982-ci ild\u0259 \u0130nstitutun aspiranturas\u0131na q\u0259bul olub. 1985-ci ild\u0259 dissertasiya m\u00fcdafi\u0259 ed\u0259r\u0259k tarix elml\u0259ri namiz\u0259di d\u0259r\u0259c\u0259si al\u0131b.<\/p>\n<p>1985-1990-c\u0131 ill\u0259rd\u0259 Moskva D\u00f6vl\u0259t Beyn\u0259lxalq \u018flaq\u0259l\u0259r \u0130nstitutunda m\u00fc\u0259llim i\u015fl\u0259yib.<\/p>\n<p>1991-1994-c\u00fc ill\u0259rd\u0259 \u00f6z\u0259l biznes sah\u0259sind\u0259 \u00e7al\u0131\u015f\u0131b v\u0259 bir s\u0131ra istehsalat-kommersiya m\u00fc\u0259ssis\u0259l\u0259rin\u0259 r\u0259hb\u0259rlik edib.<\/p>\n<p>1994-c\u00fc ild\u0259n 2003-c\u00fc ilin avqust ay\u0131nad\u0259k Az\u0259rbaycan Respublikas\u0131 D\u00f6vl\u0259t Neft \u015eirk\u0259tinin vitse-prezidenti, sonra is\u0259 birinci vitse-prezidenti olub. &#8220;Heyd\u0259r \u018fliyevin neft strategiyas\u0131&#8221;n\u0131n h\u0259yata ke\u00e7irilm\u0259sind\u0259 f\u0259al i\u015ftirak edib.<\/p>\n<p>\u0130ki d\u0259f\u0259 &#8211; 1995-ci v\u0259 2000-ci ill\u0259rd\u0259 Az\u0259rbaycan Respublikas\u0131n\u0131n Milli M\u0259clisin\u0259 se\u00e7ilib.<\/p>\n<p>2003-c\u00fc ild\u0259 Az\u0259rbaycan Respublikas\u0131n\u0131n Ba\u015f naziri v\u0259zif\u0259sin\u0259 t\u0259yin edilm\u0259si il\u0259 \u0259laq\u0259dar olaraq deputat s\u0259lahiyy\u0259tl\u0259rin\u0259 xitam verilib.<\/p>\n<p>1997-ci ild\u0259n Az\u0259rbaycan Milli Olimpiya Komit\u0259sinin prezidentidir.<\/p>\n<p>1999-cu ild\u0259 hakim Yeni Az\u0259rbaycan Partiyas\u0131n\u0131n s\u0259dr m\u00fcavini, 2001-ci ild\u0259 s\u0259drin birinci m\u00fcavini, 2005-ci ild\u0259 is\u0259 partiyan\u0131n s\u0259dri se\u00e7ilib.<\/p>\n<p>2001-2003-c\u00fc ill\u0259rd\u0259 Avropa \u015euras\u0131 Parlament Assambleyas\u0131nda (A\u015ePA) Az\u0259rbaycan Respublikas\u0131 Milli M\u0259clisinin n\u00fcmay\u0259nd\u0259 hey\u0259tinin r\u0259hb\u0259ri olub.<\/p>\n<p>2003-c\u00fc ilin yanvar ay\u0131nda Avropa \u015euras\u0131 Parlament Assambleyas\u0131n\u0131n s\u0259dr m\u00fcavini, A\u015ePA-n\u0131n B\u00fcro \u00fczv\u00fc se\u00e7ilib.<\/p>\n<p>2003-c\u00fc il avqustun 4-d\u0259 Milli M\u0259clis t\u0259r\u0259find\u0259n t\u0259sdiq edildikd\u0259n sonra Az\u0259rbaycan Respublikas\u0131n\u0131n Ba\u015f naziri t\u0259yin edilib.<\/p>\n<p>2003-c\u00fc il oktyabr\u0131n 15-d\u0259 Az\u0259rbaycan Respublikas\u0131n\u0131n Prezidenti se\u00e7ilib. Prezident se\u00e7kil\u0259rind\u0259 se\u00e7icil\u0259rin 76 faizind\u0259n \u00e7oxu \u0130lham \u018fliyevin lehin\u0259 s\u0259s verib. 2003-c\u00fc il oktyabr\u0131n 31-d\u0259 v\u0259zif\u0259sinin icras\u0131na ba\u015flay\u0131b.<\/p>\n<p>2008-ci il oktyabr\u0131n 15-d\u0259 ke\u00e7iril\u0259n se\u00e7kil\u0259rd\u0259 se\u00e7icil\u0259rin 88,73% s\u0259sini qazanan \u0130lham \u018fliyev ikinci d\u0259f\u0259 Az\u0259rbaycan Respublikas\u0131n\u0131n Prezidenti se\u00e7ilib. 2008-ci il oktyabr\u0131n 24-d\u0259 v\u0259zif\u0259sinin icras\u0131na ba\u015flay\u0131b.<\/p>\n<p>2013-c\u00fc il oktyabr\u0131n 9-da \u0130lham \u018fliyev se\u00e7icil\u0259rin b\u00f6y\u00fck \u0259ks\u0259riyy\u0259tinin s\u0259sini (84,54 faiz) toplayaraq be\u015f il m\u00fcdd\u0259tin\u0259 Az\u0259rbaycan Respublikas\u0131n\u0131n Prezidenti se\u00e7ilib. Oktyabr\u0131n 19-da v\u0259zif\u0259sinin icras\u0131na ba\u015flay\u0131b.<\/p>\n<p>Az\u0259rbaycan xalq\u0131 \u00f6z se\u00e7imini etdi. Xalq siyasi sabitliy\u0259, firavanl\u0131\u011fa v\u0259 davaml\u0131 sosial-iqtisadi inki\u015fafa s\u0259s verdi.<\/p>\n<p>Zerdab.com sayt\u0131 olaraq\u00a0Prezident \u0130lham \u018fliyevi ad g\u00fcn\u00fc m\u00fcnasib\u0259til\u0259 s\u0259mimi q\u0259lbd\u0259n t\u0259brik edirik! D\u00f6vl\u0259timizin ba\u015f\u00e7\u0131s\u0131na \u015f\u0259xsi h\u0259yat\u0131nda v\u0259 Az\u0259rbaycan\u0131m\u0131z\u0131n inki\u015faf\u0131 istiqam\u0259tind\u0259 g\u00f6rd\u00fcy\u00fc b\u00fct\u00fcn i\u015fl\u0259rd\u0259 u\u011furlar arzulay\u0131r\u0131q.<\/p>\n<p>Zerdab.com<\/p>\n<figure id=\"attachment_12404\" aria-describedby=\"caption-attachment-12404\" style=\"width: 550px\" class=\"wp-caption aligncenter\"><a href=\"http:\/\/www.zerdab.com\/wp-content\/uploads\/2013\/10\/Prezident-\u0130lham-\u018fliyev1.jpg\"><img loading=\"lazy\" decoding=\"async\" class=\"size-large wp-image-12404\" src=\"http:\/\/www.zerdab.com\/wp-content\/uploads\/2013\/10\/Prezident-\u0130lham-\u018fliyev1-550x383.jpg\" alt=\"Prezident \u0130lham \u018fliyev\" width=\"550\" height=\"383\" \/><\/a><figcaption id=\"caption-attachment-12404\" class=\"wp-caption-text\"><strong>Prezident \u0130lham \u018fliyev Z\u0259rdab rayonunda<\/strong><\/figcaption><\/figure>\n","protected":false},"excerpt":{"rendered":"<p>Bu g\u00fcn Az\u0259rbaycan Prezidenti \u0130lham \u018fliyevin ad g\u00fcn\u00fcd\u00fcr. \u0130lham Heyd\u0259r o\u011flu \u018fliyev 1961-ci il dekabr\u0131n 24-d\u0259 Bak\u0131 \u015f\u0259h\u0259rind\u0259 anadan olub. 1977-ci ild\u0259 Moskva D\u00f6vl\u0259t Beyn\u0259lxalq \u018flaq\u0259l\u0259r \u0130nstitutuna daxil olub. Oran\u0131 bitirdikd\u0259n sonra, 1982-ci ild\u0259 \u0130nstitutun aspiranturas\u0131na q\u0259bul olub. 1985-ci ild\u0259 dissertasiya m\u00fcdafi\u0259 ed\u0259r\u0259k tarix elml\u0259ri namiz\u0259di d\u0259r\u0259c\u0259si al\u0131b. 1985-1990-c\u0131 ill\u0259rd\u0259 Moskva D\u00f6vl\u0259t Beyn\u0259lxalq \u018flaq\u0259l\u0259r \u0130nstitutunda [&hellip;]<\/p>\n","protected":false},"author":1,"featured_media":0,"comment_status":"open","ping_status":"open","sticky":false,"template":"","format":"standard","meta":{"footnotes":""},"categories":[21],"tags":[],"class_list":{"0":"post-17861","1":"post","2":"type-post","3":"status-publish","4":"format-standard","6":"category-zrdab"},"yoast_head":"<!-- This site is optimized with the Yoast SEO plugin v27.0 - https:\/\/yoast.com\/product\/yoast-seo-wordpress\/ -->\n<title>Prezident \u0130lham \u018fliyevin 53 ya\u015f\u0131 tamam olur - Z\u0259rdab.com<\/title>\n<meta name=\"robots\" content=\"index, follow, max-snippet:-1, max-image-preview:large, max-video-preview:-1\" \/>\n<link rel=\"canonical\" href=\"https:\/\/www.zerdab.com\/?p=17861\" \/>\n<meta property=\"og:locale\" content=\"az_AZ\" \/>\n<meta property=\"og:type\" content=\"article\" \/>\n<meta property=\"og:title\" content=\"Prezident \u0130lham \u018fliyevin 53 ya\u015f\u0131 tamam olur - Z\u0259rdab.com\" \/>\n<meta property=\"og:description\" content=\"Bu g\u00fcn Az\u0259rbaycan Prezidenti \u0130lham \u018fliyevin ad g\u00fcn\u00fcd\u00fcr. \u0130lham Heyd\u0259r o\u011flu \u018fliyev 1961-ci il dekabr\u0131n 24-d\u0259 Bak\u0131 \u015f\u0259h\u0259rind\u0259 anadan olub. 1977-ci ild\u0259 Moskva D\u00f6vl\u0259t Beyn\u0259lxalq \u018flaq\u0259l\u0259r \u0130nstitutuna daxil olub. Oran\u0131 bitirdikd\u0259n sonra, 1982-ci ild\u0259 \u0130nstitutun aspiranturas\u0131na q\u0259bul olub. 1985-ci ild\u0259 dissertasiya m\u00fcdafi\u0259 ed\u0259r\u0259k tarix elml\u0259ri namiz\u0259di d\u0259r\u0259c\u0259si al\u0131b. 1985-1990-c\u0131 ill\u0259rd\u0259 Moskva D\u00f6vl\u0259t Beyn\u0259lxalq \u018flaq\u0259l\u0259r \u0130nstitutunda [&hellip;]\" \/>\n<meta property=\"og:url\" content=\"https:\/\/www.zerdab.com\/?p=17861\" \/>\n<meta property=\"og:site_name\" content=\"Z\u0259rdab.com\" \/>\n<meta property=\"article:published_time\" content=\"2014-12-24T09:38:07+00:00\" \/>\n<meta name=\"author\" content=\"admin\" \/>\n<meta name=\"twitter:card\" content=\"summary_large_image\" \/>\n<meta name=\"twitter:label1\" content=\"Written by\" \/>\n\t<meta name=\"twitter:data1\" content=\"admin\" \/>\n\t<meta name=\"twitter:label2\" content=\"Est. reading time\" \/>\n\t<meta name=\"twitter:data2\" content=\"3 minutes\" \/>\n<script type=\"application\/ld+json\" class=\"yoast-schema-graph\">{\"@context\":\"https:\/\/schema.org\",\"@graph\":[{\"@type\":\"Article\",\"@id\":\"https:\/\/www.zerdab.com\/?p=17861#article\",\"isPartOf\":{\"@id\":\"https:\/\/www.zerdab.com\/?p=17861\"},\"author\":{\"name\":\"admin\",\"@id\":\"https:\/\/www.zerdab.com\/#\/schema\/person\/97079b7570c1e89ec0d9e138c3672136\"},\"headline\":\"Prezident \u0130lham \u018fliyevin 53 ya\u015f\u0131 tamam olur\",\"datePublished\":\"2014-12-24T09:38:07+00:00\",\"mainEntityOfPage\":{\"@id\":\"https:\/\/www.zerdab.com\/?p=17861\"},\"wordCount\":556,\"commentCount\":2,\"articleSection\":[\"C\u018fM\u0130YY\u018fT\"],\"inLanguage\":\"az\",\"potentialAction\":[{\"@type\":\"CommentAction\",\"name\":\"Comment\",\"target\":[\"https:\/\/www.zerdab.com\/?p=17861#respond\"]}]},{\"@type\":\"WebPage\",\"@id\":\"https:\/\/www.zerdab.com\/?p=17861\",\"url\":\"https:\/\/www.zerdab.com\/?p=17861\",\"name\":\"Prezident \u0130lham \u018fliyevin 53 ya\u015f\u0131 tamam olur - Z\u0259rdab.com\",\"isPartOf\":{\"@id\":\"https:\/\/www.zerdab.com\/#website\"},\"datePublished\":\"2014-12-24T09:38:07+00:00\",\"author\":{\"@id\":\"https:\/\/www.zerdab.com\/#\/schema\/person\/97079b7570c1e89ec0d9e138c3672136\"},\"breadcrumb\":{\"@id\":\"https:\/\/www.zerdab.com\/?p=17861#breadcrumb\"},\"inLanguage\":\"az\",\"potentialAction\":[{\"@type\":\"ReadAction\",\"target\":[\"https:\/\/www.zerdab.com\/?p=17861\"]}]},{\"@type\":\"BreadcrumbList\",\"@id\":\"https:\/\/www.zerdab.com\/?p=17861#breadcrumb\",\"itemListElement\":[{\"@type\":\"ListItem\",\"position\":1,\"name\":\"Home\",\"item\":\"https:\/\/www.zerdab.com\/\"},{\"@type\":\"ListItem\",\"position\":2,\"name\":\"Prezident \u0130lham \u018fliyevin 53 ya\u015f\u0131 tamam olur\"}]},{\"@type\":\"WebSite\",\"@id\":\"https:\/\/www.zerdab.com\/#website\",\"url\":\"https:\/\/www.zerdab.com\/\",\"name\":\"Z\u0259rdab.com\",\"description\":\"\",\"potentialAction\":[{\"@type\":\"SearchAction\",\"target\":{\"@type\":\"EntryPoint\",\"urlTemplate\":\"https:\/\/www.zerdab.com\/?s={search_term_string}\"},\"query-input\":{\"@type\":\"PropertyValueSpecification\",\"valueRequired\":true,\"valueName\":\"search_term_string\"}}],\"inLanguage\":\"az\"},{\"@type\":\"Person\",\"@id\":\"https:\/\/www.zerdab.com\/#\/schema\/person\/97079b7570c1e89ec0d9e138c3672136\",\"name\":\"admin\",\"image\":{\"@type\":\"ImageObject\",\"inLanguage\":\"az\",\"@id\":\"https:\/\/www.zerdab.com\/#\/schema\/person\/image\/\",\"url\":\"https:\/\/secure.gravatar.com\/avatar\/d9c52a9a27c32119cb6679a077fa3e2779e5f822c451cbf01098004361d466ec?s=96&d=mm&r=g\",\"contentUrl\":\"https:\/\/secure.gravatar.com\/avatar\/d9c52a9a27c32119cb6679a077fa3e2779e5f822c451cbf01098004361d466ec?s=96&d=mm&r=g\",\"caption\":\"admin\"},\"url\":\"https:\/\/www.zerdab.com\/?author=1\"}]}<\/script>\n<!-- \/ Yoast SEO plugin. -->","yoast_head_json":{"title":"Prezident \u0130lham \u018fliyevin 53 ya\u015f\u0131 tamam olur - Z\u0259rdab.com","robots":{"index":"index","follow":"follow","max-snippet":"max-snippet:-1","max-image-preview":"max-image-preview:large","max-video-preview":"max-video-preview:-1"},"canonical":"https:\/\/www.zerdab.com\/?p=17861","og_locale":"az_AZ","og_type":"article","og_title":"Prezident \u0130lham \u018fliyevin 53 ya\u015f\u0131 tamam olur - Z\u0259rdab.com","og_description":"Bu g\u00fcn Az\u0259rbaycan Prezidenti \u0130lham \u018fliyevin ad g\u00fcn\u00fcd\u00fcr. \u0130lham Heyd\u0259r o\u011flu \u018fliyev 1961-ci il dekabr\u0131n 24-d\u0259 Bak\u0131 \u015f\u0259h\u0259rind\u0259 anadan olub. 1977-ci ild\u0259 Moskva D\u00f6vl\u0259t Beyn\u0259lxalq \u018flaq\u0259l\u0259r \u0130nstitutuna daxil olub. Oran\u0131 bitirdikd\u0259n sonra, 1982-ci ild\u0259 \u0130nstitutun aspiranturas\u0131na q\u0259bul olub. 1985-ci ild\u0259 dissertasiya m\u00fcdafi\u0259 ed\u0259r\u0259k tarix elml\u0259ri namiz\u0259di d\u0259r\u0259c\u0259si al\u0131b. 1985-1990-c\u0131 ill\u0259rd\u0259 Moskva D\u00f6vl\u0259t Beyn\u0259lxalq \u018flaq\u0259l\u0259r \u0130nstitutunda [&hellip;]","og_url":"https:\/\/www.zerdab.com\/?p=17861","og_site_name":"Z\u0259rdab.com","article_published_time":"2014-12-24T09:38:07+00:00","author":"admin","twitter_card":"summary_large_image","twitter_misc":{"Written by":"admin","Est. reading time":"3 minutes"},"schema":{"@context":"https:\/\/schema.org","@graph":[{"@type":"Article","@id":"https:\/\/www.zerdab.com\/?p=17861#article","isPartOf":{"@id":"https:\/\/www.zerdab.com\/?p=17861"},"author":{"name":"admin","@id":"https:\/\/www.zerdab.com\/#\/schema\/person\/97079b7570c1e89ec0d9e138c3672136"},"headline":"Prezident \u0130lham \u018fliyevin 53 ya\u015f\u0131 tamam olur","datePublished":"2014-12-24T09:38:07+00:00","mainEntityOfPage":{"@id":"https:\/\/www.zerdab.com\/?p=17861"},"wordCount":556,"commentCount":2,"articleSection":["C\u018fM\u0130YY\u018fT"],"inLanguage":"az","potentialAction":[{"@type":"CommentAction","name":"Comment","target":["https:\/\/www.zerdab.com\/?p=17861#respond"]}]},{"@type":"WebPage","@id":"https:\/\/www.zerdab.com\/?p=17861","url":"https:\/\/www.zerdab.com\/?p=17861","name":"Prezident \u0130lham \u018fliyevin 53 ya\u015f\u0131 tamam olur - Z\u0259rdab.com","isPartOf":{"@id":"https:\/\/www.zerdab.com\/#website"},"datePublished":"2014-12-24T09:38:07+00:00","author":{"@id":"https:\/\/www.zerdab.com\/#\/schema\/person\/97079b7570c1e89ec0d9e138c3672136"},"breadcrumb":{"@id":"https:\/\/www.zerdab.com\/?p=17861#breadcrumb"},"inLanguage":"az","potentialAction":[{"@type":"ReadAction","target":["https:\/\/www.zerdab.com\/?p=17861"]}]},{"@type":"BreadcrumbList","@id":"https:\/\/www.zerdab.com\/?p=17861#breadcrumb","itemListElement":[{"@type":"ListItem","position":1,"name":"Home","item":"https:\/\/www.zerdab.com\/"},{"@type":"ListItem","position":2,"name":"Prezident \u0130lham \u018fliyevin 53 ya\u015f\u0131 tamam olur"}]},{"@type":"WebSite","@id":"https:\/\/www.zerdab.com\/#website","url":"https:\/\/www.zerdab.com\/","name":"Z\u0259rdab.com","description":"","potentialAction":[{"@type":"SearchAction","target":{"@type":"EntryPoint","urlTemplate":"https:\/\/www.zerdab.com\/?s={search_term_string}"},"query-input":{"@type":"PropertyValueSpecification","valueRequired":true,"valueName":"search_term_string"}}],"inLanguage":"az"},{"@type":"Person","@id":"https:\/\/www.zerdab.com\/#\/schema\/person\/97079b7570c1e89ec0d9e138c3672136","name":"admin","image":{"@type":"ImageObject","inLanguage":"az","@id":"https:\/\/www.zerdab.com\/#\/schema\/person\/image\/","url":"https:\/\/secure.gravatar.com\/avatar\/d9c52a9a27c32119cb6679a077fa3e2779e5f822c451cbf01098004361d466ec?s=96&d=mm&r=g","contentUrl":"https:\/\/secure.gravatar.com\/avatar\/d9c52a9a27c32119cb6679a077fa3e2779e5f822c451cbf01098004361d466ec?s=96&d=mm&r=g","caption":"admin"},"url":"https:\/\/www.zerdab.com\/?author=1"}]}},"_links":{"self":[{"href":"https:\/\/www.zerdab.com\/index.php?rest_route=\/wp\/v2\/posts\/17861","targetHints":{"allow":["GET"]}}],"collection":[{"href":"https:\/\/www.zerdab.com\/index.php?rest_route=\/wp\/v2\/posts"}],"about":[{"href":"https:\/\/www.zerdab.com\/index.php?rest_route=\/wp\/v2\/types\/post"}],"author":[{"embeddable":true,"href":"https:\/\/www.zerdab.com\/index.php?rest_route=\/wp\/v2\/users\/1"}],"replies":[{"embeddable":true,"href":"https:\/\/www.zerdab.com\/index.php?rest_route=%2Fwp%2Fv2%2Fcomments&post=17861"}],"version-history":[{"count":1,"href":"https:\/\/www.zerdab.com\/index.php?rest_route=\/wp\/v2\/posts\/17861\/revisions"}],"predecessor-version":[{"id":17862,"href":"https:\/\/www.zerdab.com\/index.php?rest_route=\/wp\/v2\/posts\/17861\/revisions\/17862"}],"wp:attachment":[{"href":"https:\/\/www.zerdab.com\/index.php?rest_route=%2Fwp%2Fv2%2Fmedia&parent=17861"}],"wp:term":[{"taxonomy":"category","embeddable":true,"href":"https:\/\/www.zerdab.com\/index.php?rest_route=%2Fwp%2Fv2%2Fcategories&post=17861"},{"taxonomy":"post_tag","embeddable":true,"href":"https:\/\/www.zerdab.com\/index.php?rest_route=%2Fwp%2Fv2%2Ftags&post=17861"}],"curies":[{"name":"wp","href":"https:\/\/api.w.org\/{rel}","templated":true}]}}