{"id":17863,"date":"2014-12-24T15:04:48","date_gmt":"2014-12-24T11:04:48","guid":{"rendered":"http:\/\/www.zerdab.com\/?p=17863"},"modified":"2014-12-24T15:04:48","modified_gmt":"2014-12-24T11:04:48","slug":"z%c9%99rdabin-daha-iki-k%c9%99ndin%c9%99-mavi-yanacaq-verildi-fotolar","status":"publish","type":"post","link":"https:\/\/www.zerdab.com\/?p=17863","title":{"rendered":"Z\u0259rdab\u0131n daha iki k\u0259ndin\u0259 mavi yanacaq verildi &#8211; FOTOLAR"},"content":{"rendered":"<p><a href=\"http:\/\/www.zerdab.com\/wp-content\/uploads\/2014\/12\/247-qaz.jpg\"><img loading=\"lazy\" decoding=\"async\" class=\"aligncenter size-large wp-image-17864\" src=\"http:\/\/www.zerdab.com\/wp-content\/uploads\/2014\/12\/247-qaz-550x484.jpg\" alt=\"Z\u0259rdab mavi yanacaq\" width=\"550\" height=\"484\" \/><\/a>24 dekabr 2014-c\u00fc il tarixd\u0259 Z\u0259rdab rayonunun Yarm\u0259mm\u0259dba\u011f\u0131 v\u0259 L\u0259l\u0259a\u011fac\u0131 k\u0259ndl\u0259rind\u0259 yeni \u00e7\u0259kilmi\u015f qaz x\u0259ttinin a\u00e7\u0131l\u0131\u015f m\u0259rasimi ke\u00e7irilib. Bununla da qazla\u015fd\u0131r\u0131lan k\u0259nd ya\u015fay\u0131\u015f m\u0259nt\u0259q\u0259l\u0259rinin say\u0131 14-\u0259 \u00e7at\u0131b. Qar\u015f\u0131dak\u0131 aylarda is\u0259 bir ne\u00e7\u0259 k\u0259ndin sakinl\u0259rinin d\u0259 bu sar\u0131dan probleml\u0259ri h\u0259ll olunacaq. Rayonun L\u0259l\u0259a\u011fac\u0131 v\u0259 Yarm\u0259mm\u0259dba\u011f\u0131 k\u0259ndl\u0259rin\u0259 26335 paqonometr da\u015f\u0131y\u0131c\u0131 v\u0259 paylay\u0131c\u0131 x\u0259tt \u00e7\u0259kilib. Birpill\u0259li sistem \u0259sas\u0131nda 379 evd\u0259 qaz say\u011fac\u0131 qura\u015fd\u0131r\u0131l\u0131b.<\/p>\n<p>H\u0259r iki ya\u015fay\u0131\u015f m\u0259nt\u0259q\u0259sin\u0259 mavi yanaca\u011f\u0131n verilm\u0259si m\u00fcnasib\u0259til\u0259 t\u0259\u015fkil olunan m\u0259rasimd\u0259 Z\u0259rdab Rayon \u0130cra Hakimiyy\u0259tinin ba\u015f\u00e7\u0131s\u0131 c\u0259nab L\u00fctv\u0259li Babayev \u00f6lk\u0259 ba\u015f\u00e7\u0131s\u0131n\u0131n tap\u015f\u0131r\u0131\u011f\u0131 \u0259sas\u0131nda h\u0259yata ke\u00e7iril\u0259n sosial layih\u0259l\u0259rin \u0259h\u0259miyy\u0259tind\u0259n dan\u0131\u015f\u0131b. Bildirib ki, art\u0131q rayonda 14 k\u0259nd ya\u015fay\u0131\u015f m\u0259nt\u0259q\u0259sinin sakinl\u0259ri mavi yanacaqdan istifad\u0259 edirl\u0259r. Haz\u0131rda dig\u0259r ya\u015fay\u0131\u015f m\u0259nt\u0259q\u0259l\u0259rin\u0259 d\u0259 qaz x\u0259ttinin \u00e7\u0259kili\u015fi davam etdirilir. \u0130cra ba\u015f\u00e7\u0131s\u0131 qeyd etdi ki, Ulu \u00f6nd\u0259r Heyd\u0259r \u018fliyev t\u0259r\u0259find\u0259n \u0259sas\u0131 qoyulan sosial-iqtisadi siyas\u0259t bu g\u00fcn m\u00f6ht\u0259r\u0259m Prezidentimiz c\u0259nab \u0130lham \u018fliyev t\u0259r\u0259find\u0259n u\u011furla davam v\u0259 inki\u015faf etdirilir.<\/p>\n<p>2014-2018-ci ill\u0259ri \u0259hat\u0259 ed\u0259n regionlar\u0131n sosial-iqtisadi inki\u015faf\u0131 D\u00f6vl\u0259t Proqram\u0131na \u0259sas\u0259n yax\u0131n ill\u0259rd\u0259 rayonun b\u00fct\u00fcn ya\u015fay\u0131\u015f m\u0259nt\u0259q\u0259l\u0259ri mavi yanacaqla\u00a0 t\u0259min edil\u0259c\u0259kdir.<\/p>\n<p>Natiq h\u0259m\u00e7inin vur\u011fulay\u0131b ki, rayon \u0259halisinin i\u00e7m\u0259li su il\u0259 t\u0259minat\u0131ndak\u0131 probleml\u0259r d\u0259 aradan qald\u0131r\u0131l\u0131b. Avtomobil yollar\u0131 \u0259sasl\u0131 \u015f\u0259kild\u0259 yenid\u0259n qurulub. 17 m\u00fcasir m\u0259kt\u0259b binas\u0131 tikilib. \u00dcmumiyy\u0259tl\u0259 son 10 ild\u0259 Z\u0259rdabda 350-y\u0259 q\u0259d\u0259r layih\u0259 icra olunub. Haz\u0131rda is\u0259 10-a q\u0259d\u0259r obyekt istifad\u0259y\u0259 haz\u0131rd\u0131r, 2 \u0259d\u0259d k\u00f6rp\u0259l\u0259r evi-u\u015faq ba\u011f\u00e7as\u0131n\u0131n binas\u0131 in\u015fa olunur, Rayon M\u0259rk\u0259zi X\u0259st\u0259xanas\u0131 \u0259sasl\u0131 t\u0259mir edilir.<\/p>\n<p>M\u0259rasimd\u0259 sakinl\u0259r \u00e7\u0131x\u0131\u015f ed\u0259r\u0259k Yeni il v\u0259 D\u00fcnya Az\u0259rbaycanl\u0131lar\u0131n\u0131n H\u0259mr\u0259yliyi\u00a0 G\u00fcn\u00fc \u0259r\u0259f\u0259sind\u0259 k\u0259ndl\u0259r\u0259 mavi yanaca\u011f\u0131n verilm\u0259sini \u0259n g\u00f6z\u0259l h\u0259diyy\u0259 kimi qiym\u0259tl\u0259ndiribl\u0259r. Sosial probleml\u0259rinin h\u0259llin\u0259 g\u00f6r\u0259 \u00f6lk\u0259 Prezidenti c\u0259nab \u0130lham \u018fliyev\u0259 minn\u0259tdarl\u0131q edibl\u0259r. R\u0259mzi m\u0259\u015f\u0259l alovland\u0131r\u0131l\u0131b. M\u0259rasim i\u015ftirak\u00e7\u0131lar\u0131 evl\u0259rd\u0259 mavi yanaca\u011f\u0131n t\u0259zyiqin\u0259 bax\u0131blar.<\/p>\n<p><span style=\"color: #0000ff;\"><strong>Z\u0259rdab Rayon \u0130cra Hakimiyy\u0259ti<a href=\"http:\/\/www.zerdab.com\/wp-content\/uploads\/2014\/12\/247-qaz4.jpg\"><img loading=\"lazy\" decoding=\"async\" class=\"aligncenter size-large wp-image-17867\" src=\"http:\/\/www.zerdab.com\/wp-content\/uploads\/2014\/12\/247-qaz4-550x365.jpg\" alt=\"Z\u0259rdab mavi yanacaq\" width=\"550\" height=\"365\" \/><\/a><a href=\"http:\/\/www.zerdab.com\/wp-content\/uploads\/2014\/12\/247-qaz2.jpg\"><img loading=\"lazy\" decoding=\"async\" class=\"aligncenter size-large wp-image-17866\" src=\"http:\/\/www.zerdab.com\/wp-content\/uploads\/2014\/12\/247-qaz2-550x365.jpg\" alt=\"Z\u0259rdab mavi yanacaq\" width=\"550\" height=\"365\" \/><\/a><a href=\"http:\/\/www.zerdab.com\/wp-content\/uploads\/2014\/12\/247-qaz1.jpg\"><img loading=\"lazy\" decoding=\"async\" class=\"aligncenter size-large wp-image-17865\" src=\"http:\/\/www.zerdab.com\/wp-content\/uploads\/2014\/12\/247-qaz1-550x365.jpg\" alt=\"Z\u0259rdab mavi yanacaq\" width=\"550\" height=\"365\" \/><\/a><\/strong><\/span><\/p>\n","protected":false},"excerpt":{"rendered":"<p>24 dekabr 2014-c\u00fc il tarixd\u0259 Z\u0259rdab rayonunun Yarm\u0259mm\u0259dba\u011f\u0131 v\u0259 L\u0259l\u0259a\u011fac\u0131 k\u0259ndl\u0259rind\u0259 yeni \u00e7\u0259kilmi\u015f qaz x\u0259ttinin a\u00e7\u0131l\u0131\u015f m\u0259rasimi ke\u00e7irilib. Bununla da qazla\u015fd\u0131r\u0131lan k\u0259nd ya\u015fay\u0131\u015f m\u0259nt\u0259q\u0259l\u0259rinin say\u0131 14-\u0259 \u00e7at\u0131b. Qar\u015f\u0131dak\u0131 aylarda is\u0259 bir ne\u00e7\u0259 k\u0259ndin sakinl\u0259rinin d\u0259 bu sar\u0131dan probleml\u0259ri h\u0259ll olunacaq. Rayonun L\u0259l\u0259a\u011fac\u0131 v\u0259 Yarm\u0259mm\u0259dba\u011f\u0131 k\u0259ndl\u0259rin\u0259 26335 paqonometr da\u015f\u0131y\u0131c\u0131 v\u0259 paylay\u0131c\u0131 x\u0259tt \u00e7\u0259kilib. Birpill\u0259li sistem \u0259sas\u0131nda [&hellip;]<\/p>\n","protected":false},"author":1,"featured_media":0,"comment_status":"open","ping_status":"open","sticky":false,"template":"","format":"standard","meta":{"footnotes":""},"categories":[5],"tags":[],"class_list":{"0":"post-17863","1":"post","2":"type-post","3":"status-publish","4":"format-standard","6":"category-knd"},"yoast_head":"<!-- This site is optimized with the Yoast SEO plugin v27.0 - https:\/\/yoast.com\/product\/yoast-seo-wordpress\/ -->\n<title>Z\u0259rdab\u0131n daha iki k\u0259ndin\u0259 mavi yanacaq verildi - FOTOLAR - Z\u0259rdab.com<\/title>\n<meta name=\"robots\" content=\"index, follow, max-snippet:-1, max-image-preview:large, max-video-preview:-1\" \/>\n<link rel=\"canonical\" href=\"https:\/\/www.zerdab.com\/?p=17863\" \/>\n<meta property=\"og:locale\" content=\"az_AZ\" \/>\n<meta property=\"og:type\" content=\"article\" \/>\n<meta property=\"og:title\" content=\"Z\u0259rdab\u0131n daha iki k\u0259ndin\u0259 mavi yanacaq verildi - FOTOLAR - Z\u0259rdab.com\" \/>\n<meta property=\"og:description\" content=\"24 dekabr 2014-c\u00fc il tarixd\u0259 Z\u0259rdab rayonunun Yarm\u0259mm\u0259dba\u011f\u0131 v\u0259 L\u0259l\u0259a\u011fac\u0131 k\u0259ndl\u0259rind\u0259 yeni \u00e7\u0259kilmi\u015f qaz x\u0259ttinin a\u00e7\u0131l\u0131\u015f m\u0259rasimi ke\u00e7irilib. Bununla da qazla\u015fd\u0131r\u0131lan k\u0259nd ya\u015fay\u0131\u015f m\u0259nt\u0259q\u0259l\u0259rinin say\u0131 14-\u0259 \u00e7at\u0131b. Qar\u015f\u0131dak\u0131 aylarda is\u0259 bir ne\u00e7\u0259 k\u0259ndin sakinl\u0259rinin d\u0259 bu sar\u0131dan probleml\u0259ri h\u0259ll olunacaq. Rayonun L\u0259l\u0259a\u011fac\u0131 v\u0259 Yarm\u0259mm\u0259dba\u011f\u0131 k\u0259ndl\u0259rin\u0259 26335 paqonometr da\u015f\u0131y\u0131c\u0131 v\u0259 paylay\u0131c\u0131 x\u0259tt \u00e7\u0259kilib. Birpill\u0259li sistem \u0259sas\u0131nda [&hellip;]\" \/>\n<meta property=\"og:url\" content=\"https:\/\/www.zerdab.com\/?p=17863\" \/>\n<meta property=\"og:site_name\" content=\"Z\u0259rdab.com\" \/>\n<meta property=\"article:published_time\" content=\"2014-12-24T11:04:48+00:00\" \/>\n<meta property=\"og:image\" content=\"http:\/\/www.zerdab.com\/wp-content\/uploads\/2014\/12\/247-qaz-550x484.jpg\" \/>\n<meta name=\"author\" content=\"admin\" \/>\n<meta name=\"twitter:card\" content=\"summary_large_image\" \/>\n<meta name=\"twitter:label1\" content=\"Written by\" \/>\n\t<meta name=\"twitter:data1\" content=\"admin\" \/>\n\t<meta name=\"twitter:label2\" content=\"Est. reading time\" \/>\n\t<meta name=\"twitter:data2\" content=\"2 minutes\" \/>\n<script type=\"application\/ld+json\" class=\"yoast-schema-graph\">{\"@context\":\"https:\/\/schema.org\",\"@graph\":[{\"@type\":\"Article\",\"@id\":\"https:\/\/www.zerdab.com\/?p=17863#article\",\"isPartOf\":{\"@id\":\"https:\/\/www.zerdab.com\/?p=17863\"},\"author\":{\"name\":\"admin\",\"@id\":\"https:\/\/www.zerdab.com\/#\/schema\/person\/97079b7570c1e89ec0d9e138c3672136\"},\"headline\":\"Z\u0259rdab\u0131n daha iki k\u0259ndin\u0259 mavi yanacaq verildi &#8211; FOTOLAR\",\"datePublished\":\"2014-12-24T11:04:48+00:00\",\"mainEntityOfPage\":{\"@id\":\"https:\/\/www.zerdab.com\/?p=17863\"},\"wordCount\":483,\"commentCount\":0,\"image\":{\"@id\":\"https:\/\/www.zerdab.com\/?p=17863#primaryimage\"},\"thumbnailUrl\":\"http:\/\/www.zerdab.com\/wp-content\/uploads\/2014\/12\/247-qaz-550x484.jpg\",\"articleSection\":[\"X\u018fB\u018fRL\u018fR\"],\"inLanguage\":\"az\",\"potentialAction\":[{\"@type\":\"CommentAction\",\"name\":\"Comment\",\"target\":[\"https:\/\/www.zerdab.com\/?p=17863#respond\"]}]},{\"@type\":\"WebPage\",\"@id\":\"https:\/\/www.zerdab.com\/?p=17863\",\"url\":\"https:\/\/www.zerdab.com\/?p=17863\",\"name\":\"Z\u0259rdab\u0131n daha iki k\u0259ndin\u0259 mavi yanacaq verildi - FOTOLAR - Z\u0259rdab.com\",\"isPartOf\":{\"@id\":\"https:\/\/www.zerdab.com\/#website\"},\"primaryImageOfPage\":{\"@id\":\"https:\/\/www.zerdab.com\/?p=17863#primaryimage\"},\"image\":{\"@id\":\"https:\/\/www.zerdab.com\/?p=17863#primaryimage\"},\"thumbnailUrl\":\"http:\/\/www.zerdab.com\/wp-content\/uploads\/2014\/12\/247-qaz-550x484.jpg\",\"datePublished\":\"2014-12-24T11:04:48+00:00\",\"author\":{\"@id\":\"https:\/\/www.zerdab.com\/#\/schema\/person\/97079b7570c1e89ec0d9e138c3672136\"},\"breadcrumb\":{\"@id\":\"https:\/\/www.zerdab.com\/?p=17863#breadcrumb\"},\"inLanguage\":\"az\",\"potentialAction\":[{\"@type\":\"ReadAction\",\"target\":[\"https:\/\/www.zerdab.com\/?p=17863\"]}]},{\"@type\":\"ImageObject\",\"inLanguage\":\"az\",\"@id\":\"https:\/\/www.zerdab.com\/?p=17863#primaryimage\",\"url\":\"\",\"contentUrl\":\"\"},{\"@type\":\"BreadcrumbList\",\"@id\":\"https:\/\/www.zerdab.com\/?p=17863#breadcrumb\",\"itemListElement\":[{\"@type\":\"ListItem\",\"position\":1,\"name\":\"Home\",\"item\":\"https:\/\/www.zerdab.com\/\"},{\"@type\":\"ListItem\",\"position\":2,\"name\":\"Z\u0259rdab\u0131n daha iki k\u0259ndin\u0259 mavi yanacaq verildi &#8211; FOTOLAR\"}]},{\"@type\":\"WebSite\",\"@id\":\"https:\/\/www.zerdab.com\/#website\",\"url\":\"https:\/\/www.zerdab.com\/\",\"name\":\"Z\u0259rdab.com\",\"description\":\"\",\"potentialAction\":[{\"@type\":\"SearchAction\",\"target\":{\"@type\":\"EntryPoint\",\"urlTemplate\":\"https:\/\/www.zerdab.com\/?s={search_term_string}\"},\"query-input\":{\"@type\":\"PropertyValueSpecification\",\"valueRequired\":true,\"valueName\":\"search_term_string\"}}],\"inLanguage\":\"az\"},{\"@type\":\"Person\",\"@id\":\"https:\/\/www.zerdab.com\/#\/schema\/person\/97079b7570c1e89ec0d9e138c3672136\",\"name\":\"admin\",\"image\":{\"@type\":\"ImageObject\",\"inLanguage\":\"az\",\"@id\":\"https:\/\/www.zerdab.com\/#\/schema\/person\/image\/\",\"url\":\"https:\/\/secure.gravatar.com\/avatar\/d9c52a9a27c32119cb6679a077fa3e2779e5f822c451cbf01098004361d466ec?s=96&d=mm&r=g\",\"contentUrl\":\"https:\/\/secure.gravatar.com\/avatar\/d9c52a9a27c32119cb6679a077fa3e2779e5f822c451cbf01098004361d466ec?s=96&d=mm&r=g\",\"caption\":\"admin\"},\"url\":\"https:\/\/www.zerdab.com\/?author=1\"}]}<\/script>\n<!-- \/ Yoast SEO plugin. -->","yoast_head_json":{"title":"Z\u0259rdab\u0131n daha iki k\u0259ndin\u0259 mavi yanacaq verildi - FOTOLAR - Z\u0259rdab.com","robots":{"index":"index","follow":"follow","max-snippet":"max-snippet:-1","max-image-preview":"max-image-preview:large","max-video-preview":"max-video-preview:-1"},"canonical":"https:\/\/www.zerdab.com\/?p=17863","og_locale":"az_AZ","og_type":"article","og_title":"Z\u0259rdab\u0131n daha iki k\u0259ndin\u0259 mavi yanacaq verildi - FOTOLAR - Z\u0259rdab.com","og_description":"24 dekabr 2014-c\u00fc il tarixd\u0259 Z\u0259rdab rayonunun Yarm\u0259mm\u0259dba\u011f\u0131 v\u0259 L\u0259l\u0259a\u011fac\u0131 k\u0259ndl\u0259rind\u0259 yeni \u00e7\u0259kilmi\u015f qaz x\u0259ttinin a\u00e7\u0131l\u0131\u015f m\u0259rasimi ke\u00e7irilib. Bununla da qazla\u015fd\u0131r\u0131lan k\u0259nd ya\u015fay\u0131\u015f m\u0259nt\u0259q\u0259l\u0259rinin say\u0131 14-\u0259 \u00e7at\u0131b. Qar\u015f\u0131dak\u0131 aylarda is\u0259 bir ne\u00e7\u0259 k\u0259ndin sakinl\u0259rinin d\u0259 bu sar\u0131dan probleml\u0259ri h\u0259ll olunacaq. Rayonun L\u0259l\u0259a\u011fac\u0131 v\u0259 Yarm\u0259mm\u0259dba\u011f\u0131 k\u0259ndl\u0259rin\u0259 26335 paqonometr da\u015f\u0131y\u0131c\u0131 v\u0259 paylay\u0131c\u0131 x\u0259tt \u00e7\u0259kilib. Birpill\u0259li sistem \u0259sas\u0131nda [&hellip;]","og_url":"https:\/\/www.zerdab.com\/?p=17863","og_site_name":"Z\u0259rdab.com","article_published_time":"2014-12-24T11:04:48+00:00","og_image":[{"url":"http:\/\/www.zerdab.com\/wp-content\/uploads\/2014\/12\/247-qaz-550x484.jpg","type":"","width":"","height":""}],"author":"admin","twitter_card":"summary_large_image","twitter_misc":{"Written by":"admin","Est. reading time":"2 minutes"},"schema":{"@context":"https:\/\/schema.org","@graph":[{"@type":"Article","@id":"https:\/\/www.zerdab.com\/?p=17863#article","isPartOf":{"@id":"https:\/\/www.zerdab.com\/?p=17863"},"author":{"name":"admin","@id":"https:\/\/www.zerdab.com\/#\/schema\/person\/97079b7570c1e89ec0d9e138c3672136"},"headline":"Z\u0259rdab\u0131n daha iki k\u0259ndin\u0259 mavi yanacaq verildi &#8211; FOTOLAR","datePublished":"2014-12-24T11:04:48+00:00","mainEntityOfPage":{"@id":"https:\/\/www.zerdab.com\/?p=17863"},"wordCount":483,"commentCount":0,"image":{"@id":"https:\/\/www.zerdab.com\/?p=17863#primaryimage"},"thumbnailUrl":"http:\/\/www.zerdab.com\/wp-content\/uploads\/2014\/12\/247-qaz-550x484.jpg","articleSection":["X\u018fB\u018fRL\u018fR"],"inLanguage":"az","potentialAction":[{"@type":"CommentAction","name":"Comment","target":["https:\/\/www.zerdab.com\/?p=17863#respond"]}]},{"@type":"WebPage","@id":"https:\/\/www.zerdab.com\/?p=17863","url":"https:\/\/www.zerdab.com\/?p=17863","name":"Z\u0259rdab\u0131n daha iki k\u0259ndin\u0259 mavi yanacaq verildi - FOTOLAR - Z\u0259rdab.com","isPartOf":{"@id":"https:\/\/www.zerdab.com\/#website"},"primaryImageOfPage":{"@id":"https:\/\/www.zerdab.com\/?p=17863#primaryimage"},"image":{"@id":"https:\/\/www.zerdab.com\/?p=17863#primaryimage"},"thumbnailUrl":"http:\/\/www.zerdab.com\/wp-content\/uploads\/2014\/12\/247-qaz-550x484.jpg","datePublished":"2014-12-24T11:04:48+00:00","author":{"@id":"https:\/\/www.zerdab.com\/#\/schema\/person\/97079b7570c1e89ec0d9e138c3672136"},"breadcrumb":{"@id":"https:\/\/www.zerdab.com\/?p=17863#breadcrumb"},"inLanguage":"az","potentialAction":[{"@type":"ReadAction","target":["https:\/\/www.zerdab.com\/?p=17863"]}]},{"@type":"ImageObject","inLanguage":"az","@id":"https:\/\/www.zerdab.com\/?p=17863#primaryimage","url":"","contentUrl":""},{"@type":"BreadcrumbList","@id":"https:\/\/www.zerdab.com\/?p=17863#breadcrumb","itemListElement":[{"@type":"ListItem","position":1,"name":"Home","item":"https:\/\/www.zerdab.com\/"},{"@type":"ListItem","position":2,"name":"Z\u0259rdab\u0131n daha iki k\u0259ndin\u0259 mavi yanacaq verildi &#8211; FOTOLAR"}]},{"@type":"WebSite","@id":"https:\/\/www.zerdab.com\/#website","url":"https:\/\/www.zerdab.com\/","name":"Z\u0259rdab.com","description":"","potentialAction":[{"@type":"SearchAction","target":{"@type":"EntryPoint","urlTemplate":"https:\/\/www.zerdab.com\/?s={search_term_string}"},"query-input":{"@type":"PropertyValueSpecification","valueRequired":true,"valueName":"search_term_string"}}],"inLanguage":"az"},{"@type":"Person","@id":"https:\/\/www.zerdab.com\/#\/schema\/person\/97079b7570c1e89ec0d9e138c3672136","name":"admin","image":{"@type":"ImageObject","inLanguage":"az","@id":"https:\/\/www.zerdab.com\/#\/schema\/person\/image\/","url":"https:\/\/secure.gravatar.com\/avatar\/d9c52a9a27c32119cb6679a077fa3e2779e5f822c451cbf01098004361d466ec?s=96&d=mm&r=g","contentUrl":"https:\/\/secure.gravatar.com\/avatar\/d9c52a9a27c32119cb6679a077fa3e2779e5f822c451cbf01098004361d466ec?s=96&d=mm&r=g","caption":"admin"},"url":"https:\/\/www.zerdab.com\/?author=1"}]}},"_links":{"self":[{"href":"https:\/\/www.zerdab.com\/index.php?rest_route=\/wp\/v2\/posts\/17863","targetHints":{"allow":["GET"]}}],"collection":[{"href":"https:\/\/www.zerdab.com\/index.php?rest_route=\/wp\/v2\/posts"}],"about":[{"href":"https:\/\/www.zerdab.com\/index.php?rest_route=\/wp\/v2\/types\/post"}],"author":[{"embeddable":true,"href":"https:\/\/www.zerdab.com\/index.php?rest_route=\/wp\/v2\/users\/1"}],"replies":[{"embeddable":true,"href":"https:\/\/www.zerdab.com\/index.php?rest_route=%2Fwp%2Fv2%2Fcomments&post=17863"}],"version-history":[{"count":1,"href":"https:\/\/www.zerdab.com\/index.php?rest_route=\/wp\/v2\/posts\/17863\/revisions"}],"predecessor-version":[{"id":17868,"href":"https:\/\/www.zerdab.com\/index.php?rest_route=\/wp\/v2\/posts\/17863\/revisions\/17868"}],"wp:attachment":[{"href":"https:\/\/www.zerdab.com\/index.php?rest_route=%2Fwp%2Fv2%2Fmedia&parent=17863"}],"wp:term":[{"taxonomy":"category","embeddable":true,"href":"https:\/\/www.zerdab.com\/index.php?rest_route=%2Fwp%2Fv2%2Fcategories&post=17863"},{"taxonomy":"post_tag","embeddable":true,"href":"https:\/\/www.zerdab.com\/index.php?rest_route=%2Fwp%2Fv2%2Ftags&post=17863"}],"curies":[{"name":"wp","href":"https:\/\/api.w.org\/{rel}","templated":true}]}}