{"id":1787,"date":"2012-05-14T11:25:06","date_gmt":"2012-05-14T06:25:06","guid":{"rendered":"http:\/\/www.zerdab.com\/?p=1787"},"modified":"2012-05-14T11:25:34","modified_gmt":"2012-05-14T06:25:34","slug":"z%c9%99rdabda-niy%c9%99-tanimadin-m%c9%99ni-gor%c9%99nd%c9%99","status":"publish","type":"post","link":"https:\/\/www.zerdab.com\/?p=1787","title":{"rendered":"Z\u0259rdabda &#8220;Niy\u0259 tan\u0131mad\u0131n m\u0259ni g\u00f6r\u0259nd\u0259&#8221;&#8230;"},"content":{"rendered":"<p><strong><a href=\"http:\/\/www.zerdab.com\/?attachment_id=1788\" rel=\"attachment wp-att-1788\"><img loading=\"lazy\" decoding=\"async\" class=\"alignleft size-medium wp-image-1788\" title=\"La\u00e7\u0131n_rayonu_(m\u0259nz\u0259r\u0259)\" src=\"http:\/\/www.zerdab.com\/wp-content\/uploads\/2012\/05\/La\u00e7\u0131n_rayonu_m\u0259nz\u0259r\u0259-300x225.jpg\" alt=\"\" width=\"300\" height=\"225\" \/><\/a>La\u00e7\u0131n rayonundan olan v\u0259 Z\u0259rdabda m\u0259skunla\u015fan m\u0259cburi k\u00f6\u00e7k\u00fcn Nazim \u018fkr\u0259min \u015feirl\u0259ri haqq\u0131nda.<\/strong><br \/>\nNazim \u018fkr\u0259m (\u018fkr\u0259m \u018fh\u0259d o\u011flu \u018fs\u0259dov) 1966-c\u0131 ild\u0259 Az\u0259rbaycan\u0131n dilb\u0259r gu\u015f\u0259l\u0259rind\u0259n olan La\u00e7\u0131n rayonunun Dambulaq k\u0259ndind\u0259 anadan olub, u\u015faql\u0131q v\u0259 g\u0259nclik ill\u0259rini o f\u00fcsunkar diyarda ke\u00e7irib. Qaraba\u011f\u0131n g\u00f6z\u0259l t\u0259bi\u0259ti, \u0259z\u0259m\u0259tli da\u011flar\u0131, b\u00fcllur bulaqlar\u0131, s\u0131ld\u0131r\u0131m qayalar\u0131 \u018fkr\u0259mi ilhama g\u0259tirib, poeziyaya maraq g\u00f6st\u0259r\u0259r\u0259k g\u00f6rd\u00fckl\u0259rini n\u0259zm\u0259 \u00e7evirm\u0259y\u0259 s\u00f6vq edib. 1992-ci ild\u0259 erm\u0259ni c\u0259lladlar\u0131n\u0131n La\u00e7\u0131n\u0131 i\u015f\u011fal etm\u0259si onu da sars\u0131d\u0131b, q\u0259lbin\u0259 \u00e7al\u0131n-\u00e7arpaz da\u011f \u00e7\u0259kib. Erm\u0259nil\u0259rin v\u0259h\u015filikl\u0259ri onun g\u00f6zl\u0259ri qar\u015f\u0131s\u0131nda ba\u015f verib, o da silah g\u00f6t\u00fcr\u0259r\u0259k ya\u011f\u0131 d\u00fc\u015fm\u0259n\u0259 qar\u015f\u0131 m\u0259rdlikl\u0259 vuru\u015fub. La\u00e7\u0131n\u0131n i\u015f\u011fal\u0131ndan sonra y\u00fcz minl\u0259rl\u0259 h\u0259mv\u0259t\u0259ni kimi, \u018fkr\u0259min d\u0259 m\u0259cburi k\u00f6\u00e7k\u00fcnl\u00fck-did\u0259rginlik h\u0259yat\u0131 ba\u015flan\u0131b. O bizim \u015eirvan torpa\u011f\u0131na, K\u00fcr sahill\u0259rin\u0259, b\u00f6y\u00fck Z\u0259rdabi yurduna p\u0259nah g\u0259tirib, rayonumuzun B\u0259yimli q\u0259s\u0259b\u0259sind\u0259 ail\u0259si il\u0259 birlikd\u0259 m\u0259skunla\u015f\u0131b. Burada da q\u0259l\u0259mini yer\u0259 qoymay\u0131b, g\u00f6rd\u00fcy\u00fcn\u00fc, duydu\u011funu, hiss v\u0259 h\u0259yacan\u0131n\u0131 poeziyan\u0131n \u015firin dilin\u0259 \u00e7evirib. \u018fkr\u0259m art\u0131q 20 il\u0259 yax\u0131nd\u0131r ki, rayonumuzda ya\u015fay\u0131r, yaz\u0131r, yarad\u0131r.<br \/>\nQ\u0259l\u0259m\u0259 ald\u0131\u011f\u0131 \u015feirl\u0259ri kitab hal\u0131nda n\u0259\u015fr etdirm\u0259k Nazim \u018fkr\u0259min \u0259n b\u00f6y\u00fck arzu-ist\u0259yi idi. Art\u0131q onun bu ist\u0259yi h\u0259yata ke\u00e7ib, xeyirxah adamlar\u0131n k\u00f6m\u0259yi il\u0259 onun ilk kitab\u0131 i\u015f\u0131q \u00fcz\u00fc g\u00f6r\u00fcb. &#8220;Niy\u0259 tan\u0131mad\u0131n m\u0259ni g\u00f6r\u0259nd\u0259&#8221; adl\u0131 h\u0259min kitab &#8220;Nasir&#8221; n\u0259\u015friyyat\u0131nda n\u0259fis t\u0259rtibatda \u00e7ap olunub.<br \/>\nKitabda m\u00fc\u0259llifin 150-d\u0259n \u00e7ox \u015feiri toplan\u0131b. Bu \u015feirl\u0259rin m\u0259zmunu, m\u00f6vzular\u0131n\u0131n \u0259hat\u0259 dair\u0259si geni\u015f, \u00e7ox\u015fax\u0259li v\u0259 r\u0259ngar\u0259ngdir. M\u00f6vzu m\u00fcxt\u0259lifliyin\u0259 baxmayaraq, b\u00fct\u00fcn \u015feirl\u0259rin ana x\u0259ttini Qaraba\u011f h\u0259sr\u0259ti, Qaraba\u011f niskili, Qaraba\u011f haray\u0131 t\u0259\u015fkil edir&#8230;<\/p>\n<p><strong>Qaraba\u011f dey\u0259nd\u0259 al\u0131\u015f\u0131r ba\u011fr\u0131m,<\/strong><br \/>\n<strong>Az\u0259ri yurdunun paras\u0131 getdi,<\/strong><br \/>\n<strong>G\u00f6r\u00fcnm\u00fcr g\u00f6yl\u0259rd\u0259 durna qatar\u0131,<\/strong><br \/>\n<strong>Sonal\u0131 g\u00f6ll\u0259rin sonas\u0131 getdi.<\/strong><\/p>\n<p>V\u0259 yaxud:<br \/>\n<strong>K\u0259lb\u0259c\u0259r ordad\u0131, \u015eu\u015fa da orda,<\/strong><br \/>\n<strong>A\u011fdamla, F\u00fczuli boranda, qarda,<\/strong><br \/>\n<strong>Z\u0259ngilan, Qubadl\u0131 qal\u0131bd\u0131 darda,<\/strong><br \/>\n<strong>Qartal\u0131n La\u00e7\u0131nt\u0259k balas\u0131 getdi.<\/strong><\/p>\n<p>&#8220;\u018fkin\u00e7i&#8221;<\/p>\n","protected":false},"excerpt":{"rendered":"<p>La\u00e7\u0131n rayonundan olan v\u0259 Z\u0259rdabda m\u0259skunla\u015fan m\u0259cburi k\u00f6\u00e7k\u00fcn Nazim \u018fkr\u0259min \u015feirl\u0259ri haqq\u0131nda. Nazim \u018fkr\u0259m (\u018fkr\u0259m \u018fh\u0259d o\u011flu \u018fs\u0259dov) 1966-c\u0131 ild\u0259 Az\u0259rbaycan\u0131n dilb\u0259r gu\u015f\u0259l\u0259rind\u0259n olan La\u00e7\u0131n rayonunun Dambulaq k\u0259ndind\u0259 anadan olub, u\u015faql\u0131q v\u0259 g\u0259nclik ill\u0259rini o f\u00fcsunkar diyarda ke\u00e7irib. Qaraba\u011f\u0131n g\u00f6z\u0259l t\u0259bi\u0259ti, \u0259z\u0259m\u0259tli da\u011flar\u0131, b\u00fcllur bulaqlar\u0131, s\u0131ld\u0131r\u0131m qayalar\u0131 \u018fkr\u0259mi ilhama g\u0259tirib, poeziyaya maraq g\u00f6st\u0259r\u0259r\u0259k g\u00f6rd\u00fckl\u0259rini n\u0259zm\u0259 [&hellip;]<\/p>\n","protected":false},"author":1,"featured_media":0,"comment_status":"open","ping_status":"open","sticky":false,"template":"","format":"standard","meta":{"footnotes":""},"categories":[23],"tags":[],"class_list":{"0":"post-1787","1":"post","2":"type-post","3":"status-publish","4":"format-standard","6":"category-dbiyyat"},"yoast_head":"<!-- This site is optimized with the Yoast SEO plugin v27.0 - https:\/\/yoast.com\/product\/yoast-seo-wordpress\/ -->\n<title>Z\u0259rdabda &quot;Niy\u0259 tan\u0131mad\u0131n m\u0259ni g\u00f6r\u0259nd\u0259&quot;... - Z\u0259rdab.com<\/title>\n<meta name=\"robots\" content=\"index, follow, max-snippet:-1, max-image-preview:large, max-video-preview:-1\" \/>\n<link rel=\"canonical\" href=\"https:\/\/www.zerdab.com\/?p=1787\" \/>\n<meta property=\"og:locale\" content=\"az_AZ\" \/>\n<meta property=\"og:type\" content=\"article\" \/>\n<meta property=\"og:title\" content=\"Z\u0259rdabda &quot;Niy\u0259 tan\u0131mad\u0131n m\u0259ni g\u00f6r\u0259nd\u0259&quot;... - Z\u0259rdab.com\" \/>\n<meta property=\"og:description\" content=\"La\u00e7\u0131n rayonundan olan v\u0259 Z\u0259rdabda m\u0259skunla\u015fan m\u0259cburi k\u00f6\u00e7k\u00fcn Nazim \u018fkr\u0259min \u015feirl\u0259ri haqq\u0131nda. Nazim \u018fkr\u0259m (\u018fkr\u0259m \u018fh\u0259d o\u011flu \u018fs\u0259dov) 1966-c\u0131 ild\u0259 Az\u0259rbaycan\u0131n dilb\u0259r gu\u015f\u0259l\u0259rind\u0259n olan La\u00e7\u0131n rayonunun Dambulaq k\u0259ndind\u0259 anadan olub, u\u015faql\u0131q v\u0259 g\u0259nclik ill\u0259rini o f\u00fcsunkar diyarda ke\u00e7irib. Qaraba\u011f\u0131n g\u00f6z\u0259l t\u0259bi\u0259ti, \u0259z\u0259m\u0259tli da\u011flar\u0131, b\u00fcllur bulaqlar\u0131, s\u0131ld\u0131r\u0131m qayalar\u0131 \u018fkr\u0259mi ilhama g\u0259tirib, poeziyaya maraq g\u00f6st\u0259r\u0259r\u0259k g\u00f6rd\u00fckl\u0259rini n\u0259zm\u0259 [&hellip;]\" \/>\n<meta property=\"og:url\" content=\"https:\/\/www.zerdab.com\/?p=1787\" \/>\n<meta property=\"og:site_name\" content=\"Z\u0259rdab.com\" \/>\n<meta property=\"article:published_time\" content=\"2012-05-14T06:25:06+00:00\" \/>\n<meta property=\"article:modified_time\" content=\"2012-05-14T06:25:34+00:00\" \/>\n<meta name=\"author\" content=\"admin\" \/>\n<meta name=\"twitter:card\" content=\"summary_large_image\" \/>\n<meta name=\"twitter:label1\" content=\"Written by\" \/>\n\t<meta name=\"twitter:data1\" content=\"admin\" \/>\n\t<meta name=\"twitter:label2\" content=\"Est. reading time\" \/>\n\t<meta name=\"twitter:data2\" content=\"2 minutes\" \/>\n<script type=\"application\/ld+json\" class=\"yoast-schema-graph\">{\"@context\":\"https:\/\/schema.org\",\"@graph\":[{\"@type\":\"Article\",\"@id\":\"https:\/\/www.zerdab.com\/?p=1787#article\",\"isPartOf\":{\"@id\":\"https:\/\/www.zerdab.com\/?p=1787\"},\"author\":{\"name\":\"admin\",\"@id\":\"https:\/\/www.zerdab.com\/#\/schema\/person\/97079b7570c1e89ec0d9e138c3672136\"},\"headline\":\"Z\u0259rdabda &#8220;Niy\u0259 tan\u0131mad\u0131n m\u0259ni g\u00f6r\u0259nd\u0259&#8221;&#8230;\",\"datePublished\":\"2012-05-14T06:25:06+00:00\",\"dateModified\":\"2012-05-14T06:25:34+00:00\",\"mainEntityOfPage\":{\"@id\":\"https:\/\/www.zerdab.com\/?p=1787\"},\"wordCount\":472,\"commentCount\":0,\"articleSection\":[\"\u018fD\u018fB\u0130YYAT\"],\"inLanguage\":\"az\",\"potentialAction\":[{\"@type\":\"CommentAction\",\"name\":\"Comment\",\"target\":[\"https:\/\/www.zerdab.com\/?p=1787#respond\"]}]},{\"@type\":\"WebPage\",\"@id\":\"https:\/\/www.zerdab.com\/?p=1787\",\"url\":\"https:\/\/www.zerdab.com\/?p=1787\",\"name\":\"Z\u0259rdabda \\\"Niy\u0259 tan\u0131mad\u0131n m\u0259ni g\u00f6r\u0259nd\u0259\\\"... - Z\u0259rdab.com\",\"isPartOf\":{\"@id\":\"https:\/\/www.zerdab.com\/#website\"},\"datePublished\":\"2012-05-14T06:25:06+00:00\",\"dateModified\":\"2012-05-14T06:25:34+00:00\",\"author\":{\"@id\":\"https:\/\/www.zerdab.com\/#\/schema\/person\/97079b7570c1e89ec0d9e138c3672136\"},\"breadcrumb\":{\"@id\":\"https:\/\/www.zerdab.com\/?p=1787#breadcrumb\"},\"inLanguage\":\"az\",\"potentialAction\":[{\"@type\":\"ReadAction\",\"target\":[\"https:\/\/www.zerdab.com\/?p=1787\"]}]},{\"@type\":\"BreadcrumbList\",\"@id\":\"https:\/\/www.zerdab.com\/?p=1787#breadcrumb\",\"itemListElement\":[{\"@type\":\"ListItem\",\"position\":1,\"name\":\"Home\",\"item\":\"https:\/\/www.zerdab.com\/\"},{\"@type\":\"ListItem\",\"position\":2,\"name\":\"Z\u0259rdabda &#8220;Niy\u0259 tan\u0131mad\u0131n m\u0259ni g\u00f6r\u0259nd\u0259&#8221;&#8230;\"}]},{\"@type\":\"WebSite\",\"@id\":\"https:\/\/www.zerdab.com\/#website\",\"url\":\"https:\/\/www.zerdab.com\/\",\"name\":\"Z\u0259rdab.com\",\"description\":\"\",\"potentialAction\":[{\"@type\":\"SearchAction\",\"target\":{\"@type\":\"EntryPoint\",\"urlTemplate\":\"https:\/\/www.zerdab.com\/?s={search_term_string}\"},\"query-input\":{\"@type\":\"PropertyValueSpecification\",\"valueRequired\":true,\"valueName\":\"search_term_string\"}}],\"inLanguage\":\"az\"},{\"@type\":\"Person\",\"@id\":\"https:\/\/www.zerdab.com\/#\/schema\/person\/97079b7570c1e89ec0d9e138c3672136\",\"name\":\"admin\",\"image\":{\"@type\":\"ImageObject\",\"inLanguage\":\"az\",\"@id\":\"https:\/\/www.zerdab.com\/#\/schema\/person\/image\/\",\"url\":\"https:\/\/secure.gravatar.com\/avatar\/d9c52a9a27c32119cb6679a077fa3e2779e5f822c451cbf01098004361d466ec?s=96&d=mm&r=g\",\"contentUrl\":\"https:\/\/secure.gravatar.com\/avatar\/d9c52a9a27c32119cb6679a077fa3e2779e5f822c451cbf01098004361d466ec?s=96&d=mm&r=g\",\"caption\":\"admin\"},\"url\":\"https:\/\/www.zerdab.com\/?author=1\"}]}<\/script>\n<!-- \/ Yoast SEO plugin. -->","yoast_head_json":{"title":"Z\u0259rdabda \"Niy\u0259 tan\u0131mad\u0131n m\u0259ni g\u00f6r\u0259nd\u0259\"... - Z\u0259rdab.com","robots":{"index":"index","follow":"follow","max-snippet":"max-snippet:-1","max-image-preview":"max-image-preview:large","max-video-preview":"max-video-preview:-1"},"canonical":"https:\/\/www.zerdab.com\/?p=1787","og_locale":"az_AZ","og_type":"article","og_title":"Z\u0259rdabda \"Niy\u0259 tan\u0131mad\u0131n m\u0259ni g\u00f6r\u0259nd\u0259\"... - Z\u0259rdab.com","og_description":"La\u00e7\u0131n rayonundan olan v\u0259 Z\u0259rdabda m\u0259skunla\u015fan m\u0259cburi k\u00f6\u00e7k\u00fcn Nazim \u018fkr\u0259min \u015feirl\u0259ri haqq\u0131nda. Nazim \u018fkr\u0259m (\u018fkr\u0259m \u018fh\u0259d o\u011flu \u018fs\u0259dov) 1966-c\u0131 ild\u0259 Az\u0259rbaycan\u0131n dilb\u0259r gu\u015f\u0259l\u0259rind\u0259n olan La\u00e7\u0131n rayonunun Dambulaq k\u0259ndind\u0259 anadan olub, u\u015faql\u0131q v\u0259 g\u0259nclik ill\u0259rini o f\u00fcsunkar diyarda ke\u00e7irib. Qaraba\u011f\u0131n g\u00f6z\u0259l t\u0259bi\u0259ti, \u0259z\u0259m\u0259tli da\u011flar\u0131, b\u00fcllur bulaqlar\u0131, s\u0131ld\u0131r\u0131m qayalar\u0131 \u018fkr\u0259mi ilhama g\u0259tirib, poeziyaya maraq g\u00f6st\u0259r\u0259r\u0259k g\u00f6rd\u00fckl\u0259rini n\u0259zm\u0259 [&hellip;]","og_url":"https:\/\/www.zerdab.com\/?p=1787","og_site_name":"Z\u0259rdab.com","article_published_time":"2012-05-14T06:25:06+00:00","article_modified_time":"2012-05-14T06:25:34+00:00","author":"admin","twitter_card":"summary_large_image","twitter_misc":{"Written by":"admin","Est. reading time":"2 minutes"},"schema":{"@context":"https:\/\/schema.org","@graph":[{"@type":"Article","@id":"https:\/\/www.zerdab.com\/?p=1787#article","isPartOf":{"@id":"https:\/\/www.zerdab.com\/?p=1787"},"author":{"name":"admin","@id":"https:\/\/www.zerdab.com\/#\/schema\/person\/97079b7570c1e89ec0d9e138c3672136"},"headline":"Z\u0259rdabda &#8220;Niy\u0259 tan\u0131mad\u0131n m\u0259ni g\u00f6r\u0259nd\u0259&#8221;&#8230;","datePublished":"2012-05-14T06:25:06+00:00","dateModified":"2012-05-14T06:25:34+00:00","mainEntityOfPage":{"@id":"https:\/\/www.zerdab.com\/?p=1787"},"wordCount":472,"commentCount":0,"articleSection":["\u018fD\u018fB\u0130YYAT"],"inLanguage":"az","potentialAction":[{"@type":"CommentAction","name":"Comment","target":["https:\/\/www.zerdab.com\/?p=1787#respond"]}]},{"@type":"WebPage","@id":"https:\/\/www.zerdab.com\/?p=1787","url":"https:\/\/www.zerdab.com\/?p=1787","name":"Z\u0259rdabda \"Niy\u0259 tan\u0131mad\u0131n m\u0259ni g\u00f6r\u0259nd\u0259\"... - Z\u0259rdab.com","isPartOf":{"@id":"https:\/\/www.zerdab.com\/#website"},"datePublished":"2012-05-14T06:25:06+00:00","dateModified":"2012-05-14T06:25:34+00:00","author":{"@id":"https:\/\/www.zerdab.com\/#\/schema\/person\/97079b7570c1e89ec0d9e138c3672136"},"breadcrumb":{"@id":"https:\/\/www.zerdab.com\/?p=1787#breadcrumb"},"inLanguage":"az","potentialAction":[{"@type":"ReadAction","target":["https:\/\/www.zerdab.com\/?p=1787"]}]},{"@type":"BreadcrumbList","@id":"https:\/\/www.zerdab.com\/?p=1787#breadcrumb","itemListElement":[{"@type":"ListItem","position":1,"name":"Home","item":"https:\/\/www.zerdab.com\/"},{"@type":"ListItem","position":2,"name":"Z\u0259rdabda &#8220;Niy\u0259 tan\u0131mad\u0131n m\u0259ni g\u00f6r\u0259nd\u0259&#8221;&#8230;"}]},{"@type":"WebSite","@id":"https:\/\/www.zerdab.com\/#website","url":"https:\/\/www.zerdab.com\/","name":"Z\u0259rdab.com","description":"","potentialAction":[{"@type":"SearchAction","target":{"@type":"EntryPoint","urlTemplate":"https:\/\/www.zerdab.com\/?s={search_term_string}"},"query-input":{"@type":"PropertyValueSpecification","valueRequired":true,"valueName":"search_term_string"}}],"inLanguage":"az"},{"@type":"Person","@id":"https:\/\/www.zerdab.com\/#\/schema\/person\/97079b7570c1e89ec0d9e138c3672136","name":"admin","image":{"@type":"ImageObject","inLanguage":"az","@id":"https:\/\/www.zerdab.com\/#\/schema\/person\/image\/","url":"https:\/\/secure.gravatar.com\/avatar\/d9c52a9a27c32119cb6679a077fa3e2779e5f822c451cbf01098004361d466ec?s=96&d=mm&r=g","contentUrl":"https:\/\/secure.gravatar.com\/avatar\/d9c52a9a27c32119cb6679a077fa3e2779e5f822c451cbf01098004361d466ec?s=96&d=mm&r=g","caption":"admin"},"url":"https:\/\/www.zerdab.com\/?author=1"}]}},"_links":{"self":[{"href":"https:\/\/www.zerdab.com\/index.php?rest_route=\/wp\/v2\/posts\/1787","targetHints":{"allow":["GET"]}}],"collection":[{"href":"https:\/\/www.zerdab.com\/index.php?rest_route=\/wp\/v2\/posts"}],"about":[{"href":"https:\/\/www.zerdab.com\/index.php?rest_route=\/wp\/v2\/types\/post"}],"author":[{"embeddable":true,"href":"https:\/\/www.zerdab.com\/index.php?rest_route=\/wp\/v2\/users\/1"}],"replies":[{"embeddable":true,"href":"https:\/\/www.zerdab.com\/index.php?rest_route=%2Fwp%2Fv2%2Fcomments&post=1787"}],"version-history":[{"count":4,"href":"https:\/\/www.zerdab.com\/index.php?rest_route=\/wp\/v2\/posts\/1787\/revisions"}],"predecessor-version":[{"id":1792,"href":"https:\/\/www.zerdab.com\/index.php?rest_route=\/wp\/v2\/posts\/1787\/revisions\/1792"}],"wp:attachment":[{"href":"https:\/\/www.zerdab.com\/index.php?rest_route=%2Fwp%2Fv2%2Fmedia&parent=1787"}],"wp:term":[{"taxonomy":"category","embeddable":true,"href":"https:\/\/www.zerdab.com\/index.php?rest_route=%2Fwp%2Fv2%2Fcategories&post=1787"},{"taxonomy":"post_tag","embeddable":true,"href":"https:\/\/www.zerdab.com\/index.php?rest_route=%2Fwp%2Fv2%2Ftags&post=1787"}],"curies":[{"name":"wp","href":"https:\/\/api.w.org\/{rel}","templated":true}]}}