{"id":17899,"date":"2014-12-26T22:54:39","date_gmt":"2014-12-26T18:54:39","guid":{"rendered":"http:\/\/www.zerdab.com\/?p=17899"},"modified":"2014-12-26T22:54:39","modified_gmt":"2014-12-26T18:54:39","slug":"z%c9%99rdabda-regional-innovasiya-proqrami-t%c9%99qdim-olundu","status":"publish","type":"post","link":"https:\/\/www.zerdab.com\/?p=17899","title":{"rendered":"Z\u0259rdabda &#8220;Regional \u0130nnovasiya Proqram\u0131\u201d t\u0259qdim olundu"},"content":{"rendered":"<p><a href=\"http:\/\/www.zerdab.com\/wp-content\/uploads\/2014\/12\/Z\u0259rdab-rayonu1.jpg\"><img loading=\"lazy\" decoding=\"async\" class=\"aligncenter size-large wp-image-17900\" src=\"http:\/\/www.zerdab.com\/wp-content\/uploads\/2014\/12\/Z\u0259rdab-rayonu1-550x404.jpg\" alt=\"Z\u0259rdab-rayonu\" width=\"550\" height=\"404\" \/><\/a>Z\u0259rdab rayonunda Heyd\u0259r \u018fliyev M\u0259rk\u0259zind\u0259 \u201cZ\u0259rdab rayonu: Regional \u0130nnovasiya Proqram\u0131\u201dn\u0131n (2014-2018-ci ill\u0259r) t\u0259qdimat\u0131na h\u0259sr olunmu\u015f konfrans ke\u00e7irilib. Konfrans i\u015ftirak\u00e7\u0131lar\u0131 \u00f6nc\u0259 Heyd\u0259r \u018fliyevin ad\u0131n\u0131 da\u015f\u0131yan parkda ulu \u00f6nd\u0259rin xatir\u0259sin\u0259 ucald\u0131lm\u0131\u015f abid\u0259ni ziyar\u0259t ed\u0259r\u0259k, abid\u0259 \u00f6n\u00fcn\u0259 g\u00fcl d\u0259st\u0259l\u0259ri d\u00fcz\u00fcbl\u0259r.<\/p>\n<p>Sonra Z\u0259rdab rayonu il\u0259 ba\u011fl\u0131 son ill\u0259rd\u0259 n\u0259\u015fr olunan kitablara aid s\u0259rgiy\u0259 bax\u0131\u015f ke\u00e7irilib.<\/p>\n<p>Heyd\u0259r \u018fliyev M\u0259rk\u0259zi il\u0259 tan\u0131\u015fl\u0131qdan sonra \u201cRegional \u0130nnovasiya Proqram\u0131\u201dn\u0131n t\u0259qdimat\u0131na h\u0259sr olunmu\u015f konfrans\u0131n r\u0259smi hiss\u0259si ba\u015flay\u0131b.<\/p>\n<p>\u00d6nc\u0259 \u00f6lk\u0259 Prezidenti c\u0259nab \u0130lham \u018fliyevin Z\u0259rdab rayonuna 07 oktyabr 2012-ci il tarixli s\u0259f\u0259rind\u0259n b\u0259hs ed\u0259n video\u00e7arx n\u00fcmayi\u015f olunub.<\/p>\n<p>Konfrans\u0131 giri\u015f s\u00f6z\u00fc il\u0259 Z\u0259rdab Rayon \u0130cra Hakimiyy\u0259tinin ba\u015f\u00e7\u0131s\u0131, iqtisad \u00fczr\u0259 f\u0259ls\u0259f\u0259 doktoru L\u00fctv\u0259li Babayev a\u00e7\u0131b: \u201cArt\u0131q 11 ildir ki, ad\u0131 xalq\u0131n simvoluna, \u0259m\u0259ll\u0259ri is\u0259 \u015f\u0259xsi h\u00fcn\u0259r r\u0259mzin\u0259 \u00e7evrilmi\u015f, h\u0259yat v\u0259 f\u0259aliyy\u0259ti do\u011fma xalqa v\u0259 torpa\u011fa m\u0259h\u0259bb\u0259t v\u0259 s\u0259daq\u0259t meyar\u0131 olmu\u015f \u00fcmummilli liderimiz Heyd\u0259r \u018fliyev t\u0259r\u0259find\u0259n m\u00fc\u0259yy\u0259nl\u0259\u015fdiril\u0259n sosial-iqtisadi \u0130nki\u015faf Konsepsiyas\u0131 ulu \u00f6nd\u0259rin \u00f6lm\u0259z ideyalar\u0131n\u0131n layiqli davam\u00e7\u0131s\u0131, onun ail\u0259sind\u0259 b\u00f6y\u00fcy\u0259r\u0259k t\u0259rbiy\u0259sini v\u0259 bilikl\u0259rini, h\u0259m\u00e7inin v\u0259t\u0259n\u0259 v\u0259 xalqa m\u0259h\u0259bb\u0259tini \u0259xz ed\u0259n m\u00f6ht\u0259r\u0259m Prezidentimiz c\u0259nab \u0130lham \u018fliyev t\u0259r\u0259find\u0259n u\u011furla v\u0259 b\u00f6y\u00fck m\u0259har\u0259tl\u0259 davam v\u0259 inki\u015faf etdirilir. Bu g\u00fcn M\u00fcst\u0259qil Az\u0259rbaycan Avrasiya m\u0259kan\u0131nda iqtisadi c\u0259h\u0259td\u0259n inki\u015faf ed\u0259n, d\u00fcnyan\u0131n \u0259n islahat\u00e7\u0131 v\u0259 b\u00f6lg\u0259nin lider d\u00f6vl\u0259tidir. C\u0259nubi Qafqaz iqtisadiyyat\u0131n\u0131n 75%-d\u0259n \u00e7oxu Az\u0259rbaycan\u0131n pay\u0131na d\u00fc\u015f\u00fcr. Qazan\u0131lan nailiyy\u0259tl\u0259rin \u0259sas\u0131nda c\u0259nab Prezidentin t\u0259\u015f\u0259bb\u00fcs\u00fc il\u0259 h\u0259yata ke\u00e7iril\u0259n innovativ islahatlar, \u00f6lk\u0259d\u0259 planla\u015fd\u0131rma v\u0259 idar\u0259etm\u0259 prosesl\u0259rinin innovativ xarakter da\u015f\u0131mas\u0131 m\u00fch\u00fcm \u0259h\u0259miyy\u0259t k\u0259sb edir.<\/p>\n<p>Biz f\u0259xr edirik ki, d\u00f6vl\u0259timizin ba\u015f\u00e7\u0131s\u0131, Z\u0259rdaba v\u0259 z\u0259rdabl\u0131lara y\u00fcks\u0259k diqq\u0259t g\u00f6st\u0259r\u0259n, 2011 v\u0259 2012-ci ill\u0259rd\u0259 ard\u0131c\u0131l olaraq 2 d\u0259f\u0259 rayonumuza s\u0259f\u0259ri zaman\u0131 \u00e7oxsayl\u0131 obyektl\u0259rin a\u00e7\u0131l\u0131\u015f\u0131nda \u015f\u0259xs\u0259n i\u015ftirak ed\u0259n, ictimaiyy\u0259t n\u00fcmay\u0259nd\u0259l\u0259ri il\u0259 s\u0259mimi g\u00f6r\u00fc\u015f\u0259n m\u00f6ht\u0259r\u0259m Prezidentimiz c\u0259nab \u0130lham \u018fliyevin qay\u011f\u0131s\u0131 v\u0259 son ill\u0259rd\u0259 Z\u0259rdab v\u0259 z\u0259rdabl\u0131larla ba\u011fl\u0131 imzalad\u0131\u011f\u0131 30-a q\u0259d\u0259r s\u0259r\u0259ncam say\u0259sind\u0259 bu u\u011furlu inki\u015faf rayonumuzdan da yan ke\u00e7m\u0259mi\u015fdir.<\/p>\n<p>Son 10 il \u0259rzind\u0259 rayonda 8 mind\u0259n \u00e7ox yeni i\u015f yerl\u0259ri a\u00e7\u0131lm\u0131\u015fd\u0131r. Rayonumuz \u00f6z sosial simas\u0131n\u0131 da xeyli yax\u015f\u0131la\u015fd\u0131rm\u0131\u015f, \u015f\u0259h\u0259r v\u0259 k\u0259ndl\u0259rimizd\u0259 iri h\u0259cmli layih\u0259l\u0259r realla\u015fm\u0131\u015f, geni\u015f miqyasl\u0131 tikinti quruculuq i\u015fl\u0259ri h\u0259yata ke\u00e7irilmi\u015fdir. T\u0259kc\u0259 bir fakt\u0131 deyim ki, son 7 ild\u0259 D\u00f6vl\u0259t Proqramlar\u0131 v\u0259 daxili imkanlar hesab\u0131na Z\u0259rdabda 320-d\u0259n \u00e7ox obyekt ya yeni tikilmi\u015f, ya \u0259sasl\u0131 t\u0259mir olunmu\u015f v\u0259 ya yenid\u0259n qurulmu\u015fdur\u201d.<\/p>\n<p>L\u00fctv\u0259li Babayev qeyd etdi ki, \u0259ld\u0259 edil\u0259n b\u00fct\u00fcn bu nailiyy\u0259tl\u0259rl\u0259 baxmayaraq, rayonun innovativ inki\u015faf\u0131 \u00fczr\u0259 g\u00f6r\u00fcl\u0259c\u0259k i\u015fl\u0259r d\u0259 \u00e7oxdur: \u201cH\u0259min i\u015fl\u0259rin t\u0259snifat\u0131 rayonun iqtisadi f\u0259aliyy\u0259t sah\u0259l\u0259ri \u00fczr\u0259 bu g\u00fcn t\u0259qdim edil\u0259n Regional \u0130nnovasiya Proqram\u0131nda \u00f6z \u0259ksini tapm\u0131\u015fd\u0131r. T\u0259kc\u0259 onu qeyd etm\u0259k ist\u0259yir\u0259m ki, ilk Aqropark\u0131n, S\u0259naye v\u0259 Xidm\u0259t m\u0259h\u0259ll\u0259sinin v\u0259 onlarla dig\u0259r yeni innovasiya infrastrukturunun yarad\u0131lmas\u0131, m\u00fcasir texnika, texnologiya, komp\u00fcter vasit\u0259l\u0259ri, avadanl\u0131q, cihaz, yeni n\u00f6v materiallardan istifad\u0259, y\u00fcks\u0259k keyfiyy\u0259tli s\u0259naye v\u0259 k\u0259nd t\u0259s\u0259rr\u00fcfat\u0131 m\u0259hsullar\u0131n\u0131n istehsal\u0131, onlar\u0131n \u00e7e\u015fidl\u0259rinin art\u0131r\u0131lmas\u0131, yeni tibb v\u0259 t\u0259hsil ocaqlar\u0131n\u0131n, m\u0259d\u0259niyy\u0259t, turizm v\u0259 idman kompleksl\u0259rinin yarad\u0131lmas\u0131 \u0259halinin sa\u011flaml\u0131\u011f\u0131n\u0131n qorunmas\u0131, ekoloji t\u0259hl\u00fck\u0259sizliyinin t\u0259min edilm\u0259sind\u0259 innovasiya metodlar\u0131n\u0131n t\u0259tbiqi m\u0259s\u0259l\u0259l\u0259ri il\u0259 ba\u011fl\u0131 140-dan \u00e7ox t\u0259dbirl\u0259r t\u0259qdimat\u0131 ke\u00e7iril\u0259n Regional \u0130nnovasiya Proqram\u0131n\u0131n t\u0259rkib hiss\u0259sini t\u0259\u015fkil edir. Z\u0259rdab rayonunun b\u00fct\u00fcn sosial-iqtisadi f\u0259aliyy\u0259t sah\u0259l\u0259rinin inki\u015faf istiqam\u0259tl\u0259rini \u00f6z\u00fcnd\u0259 \u0259ks etdir\u0259n Regional \u0130nnovasiya Proqram\u0131nda n\u0259z\u0259rd\u0259 tutulan t\u0259dbirl\u0259rin h\u0259yata ke\u00e7irilm\u0259si n\u0259tic\u0259sind\u0259, 2018-ci ild\u0259 2013-c\u00fc il\u0259 nisb\u0259t\u0259n regional m\u0259hsul burax\u0131l\u0131\u015f\u0131n\u0131n h\u0259cminin 115 %, o c\u00fcml\u0259d\u0259n k\u0259nd t\u0259s\u0259rr\u00fcfat\u0131 m\u0259hsullar\u0131n\u0131n 152,8 %; s\u0259naye m\u0259hsulunun 136,1 %; \u0259sas kapitala y\u00f6n\u0259ldil\u0259n investisiyan\u0131n 3,7 d\u0259f\u0259; rayon \u0259halisinin adamba\u015f\u0131na d\u00fc\u015f\u0259n g\u0259lirinin 115 %; y\u00fcks\u0259k \u00f6d\u0259ni\u015fli i\u015f yerl\u0259rinin say\u0131 2,6 d\u0259f\u0259;\u00a0\u00a0 innovasiya infrastrukturunun say\u0131n\u0131n 12 vahid; orada yarad\u0131lan i\u015f yerl\u0259rinin 63 vahid; innovasiya aktivliyi olan m\u00fc\u0259ssis\u0259l\u0259rin say\u0131n\u0131n 5 d\u0259f\u0259 artaca\u011f\u0131 g\u00f6zl\u0259nilir\u201d.<\/p>\n<p>\u0130cra Hakimiyy\u0259tinin ba\u015f\u00e7\u0131s\u0131 vur\u011fulay\u0131b ki, \u201cRegional \u0130nnovasiya Proqram\u0131\u201d rayonun sosial-iqtisadi v\u0259 innovativ inki\u015faf\u0131na xidm\u0259t ed\u0259c\u0259kdir.<\/p>\n<p>Daha sonra professor T\u0259rbiz \u018fliyev \u201cRegional \u0130nnovasiya Proqram\u0131\u201dn\u0131 i\u015ftirak\u00e7\u0131lara t\u0259qdim edib.<\/p>\n<p>Konfransda akademikl\u0259r Ziyad S\u0259m\u0259dzad\u0259, Teymur B\u00fcnyatov, Az\u0259rbaycan Milli Elml\u0259r Akademiyas\u0131n\u0131n m\u00fcxbir \u00fczv\u00fc \u018fli Nuriyev, h\u00fcquq \u00fczr\u0259 f\u0259ls\u0259f\u0259 doktoru Az\u0259r Namazov, Prezidentin f\u0259rdi t\u0259qa\u00fcd\u00e7\u00fcs\u00fc Maqbet B\u00fcnyatov, polkovnik Abdulla Qurbani \u00e7\u0131x\u0131\u015f ed\u0259r\u0259k \u201cAz\u0259rbaycan 2020: G\u0259l\u0259c\u0259y\u0259 bax\u0131\u015f\u201d \u0130nki\u015faf Konsepsiyas\u0131n\u0131n m\u00fcdd\u0259alar\u0131na uy\u011fun olaraq Az\u0259rbaycanda ilk d\u0259f\u0259 Respublika Milli Elml\u0259r Akademiyas\u0131n\u0131n Elmi \u0130nnovasiyalar M\u0259rk\u0259zind\u0259 Z\u0259rdab rayonu \u00fczr\u0259 haz\u0131rlanm\u0131\u015f \u201cRegional \u0130nnovasiya Proqram\u0131\u201dn\u0131n elmi n\u0259z\u0259ri \u0259h\u0259miyy\u0259tind\u0259n, qar\u015f\u0131dak\u0131 ill\u0259r \u00fc\u00e7\u00fcn ver\u0259c\u0259yi konkret n\u0259tic\u0259l\u0259rd\u0259n v\u0259 h\u0259d\u0259fl\u0259rd\u0259n s\u00f6hb\u0259t a\u00e7\u0131blar.<\/p>\n<p>Sonda \u00f6lk\u0259 Prezidentin\u0259 m\u00fcraci\u0259t q\u0259bul olunub.<\/p>\n<p>Zerdab.com<a href=\"http:\/\/www.zerdab.com\/wp-content\/uploads\/2014\/12\/Z\u0259rdab-rayonu5.jpg\"><img loading=\"lazy\" decoding=\"async\" class=\"aligncenter size-large wp-image-17904\" src=\"http:\/\/www.zerdab.com\/wp-content\/uploads\/2014\/12\/Z\u0259rdab-rayonu5-550x365.jpg\" alt=\"Z\u0259rdab-rayonu\" width=\"550\" height=\"365\" \/><\/a><a href=\"http:\/\/www.zerdab.com\/wp-content\/uploads\/2014\/12\/Z\u0259rdab-rayonu7.jpg\"><img loading=\"lazy\" decoding=\"async\" class=\"aligncenter size-large wp-image-17906\" src=\"http:\/\/www.zerdab.com\/wp-content\/uploads\/2014\/12\/Z\u0259rdab-rayonu7-365x550.jpg\" alt=\"Z\u0259rdab-rayonu\" width=\"365\" height=\"550\" \/><\/a><a href=\"http:\/\/www.zerdab.com\/wp-content\/uploads\/2014\/12\/Z\u0259rdab-rayonu3.jpg\"><img loading=\"lazy\" decoding=\"async\" class=\"aligncenter size-large wp-image-17902\" src=\"http:\/\/www.zerdab.com\/wp-content\/uploads\/2014\/12\/Z\u0259rdab-rayonu3-550x365.jpg\" alt=\"Z\u0259rdab-rayonu\" width=\"550\" height=\"365\" \/><\/a><a href=\"http:\/\/www.zerdab.com\/wp-content\/uploads\/2014\/12\/Z\u0259rdab-rayonu4.jpg\"><img loading=\"lazy\" decoding=\"async\" class=\"aligncenter size-large wp-image-17903\" src=\"http:\/\/www.zerdab.com\/wp-content\/uploads\/2014\/12\/Z\u0259rdab-rayonu4-550x365.jpg\" alt=\"Z\u0259rdab-rayonu\" width=\"550\" height=\"365\" \/><\/a><a href=\"http:\/\/www.zerdab.com\/wp-content\/uploads\/2014\/12\/Z\u0259rdab-rayonu2.jpg\"><img loading=\"lazy\" decoding=\"async\" class=\"aligncenter size-large wp-image-17901\" src=\"http:\/\/www.zerdab.com\/wp-content\/uploads\/2014\/12\/Z\u0259rdab-rayonu2-550x365.jpg\" alt=\"Z\u0259rdab-rayonu\" width=\"550\" height=\"365\" \/><\/a><a href=\"http:\/\/www.zerdab.com\/wp-content\/uploads\/2014\/12\/Z\u0259rdab-rayonu6.jpg\"><img loading=\"lazy\" decoding=\"async\" class=\"aligncenter size-large wp-image-17905\" src=\"http:\/\/www.zerdab.com\/wp-content\/uploads\/2014\/12\/Z\u0259rdab-rayonu6-550x365.jpg\" alt=\"Z\u0259rdab-rayonu\" width=\"550\" height=\"365\" \/><\/a><\/p>\n","protected":false},"excerpt":{"rendered":"<p>Z\u0259rdab rayonunda Heyd\u0259r \u018fliyev M\u0259rk\u0259zind\u0259 \u201cZ\u0259rdab rayonu: Regional \u0130nnovasiya Proqram\u0131\u201dn\u0131n (2014-2018-ci ill\u0259r) t\u0259qdimat\u0131na h\u0259sr olunmu\u015f konfrans ke\u00e7irilib. Konfrans i\u015ftirak\u00e7\u0131lar\u0131 \u00f6nc\u0259 Heyd\u0259r \u018fliyevin ad\u0131n\u0131 da\u015f\u0131yan parkda ulu \u00f6nd\u0259rin xatir\u0259sin\u0259 ucald\u0131lm\u0131\u015f abid\u0259ni ziyar\u0259t ed\u0259r\u0259k, abid\u0259 \u00f6n\u00fcn\u0259 g\u00fcl d\u0259st\u0259l\u0259ri d\u00fcz\u00fcbl\u0259r. Sonra Z\u0259rdab rayonu il\u0259 ba\u011fl\u0131 son ill\u0259rd\u0259 n\u0259\u015fr olunan kitablara aid s\u0259rgiy\u0259 bax\u0131\u015f ke\u00e7irilib. Heyd\u0259r \u018fliyev M\u0259rk\u0259zi il\u0259 [&hellip;]<\/p>\n","protected":false},"author":1,"featured_media":0,"comment_status":"open","ping_status":"open","sticky":false,"template":"","format":"standard","meta":{"footnotes":""},"categories":[5],"tags":[],"class_list":{"0":"post-17899","1":"post","2":"type-post","3":"status-publish","4":"format-standard","6":"category-knd"},"yoast_head":"<!-- This site is optimized with the Yoast SEO plugin v27.0 - https:\/\/yoast.com\/product\/yoast-seo-wordpress\/ -->\n<title>Z\u0259rdabda &quot;Regional \u0130nnovasiya Proqram\u0131\u201d t\u0259qdim olundu - Z\u0259rdab.com<\/title>\n<meta name=\"robots\" content=\"index, follow, max-snippet:-1, max-image-preview:large, max-video-preview:-1\" \/>\n<link rel=\"canonical\" href=\"https:\/\/www.zerdab.com\/?p=17899\" \/>\n<meta property=\"og:locale\" content=\"az_AZ\" \/>\n<meta property=\"og:type\" content=\"article\" \/>\n<meta property=\"og:title\" content=\"Z\u0259rdabda &quot;Regional \u0130nnovasiya Proqram\u0131\u201d t\u0259qdim olundu - Z\u0259rdab.com\" \/>\n<meta property=\"og:description\" content=\"Z\u0259rdab rayonunda Heyd\u0259r \u018fliyev M\u0259rk\u0259zind\u0259 \u201cZ\u0259rdab rayonu: Regional \u0130nnovasiya Proqram\u0131\u201dn\u0131n (2014-2018-ci ill\u0259r) t\u0259qdimat\u0131na h\u0259sr olunmu\u015f konfrans ke\u00e7irilib. Konfrans i\u015ftirak\u00e7\u0131lar\u0131 \u00f6nc\u0259 Heyd\u0259r \u018fliyevin ad\u0131n\u0131 da\u015f\u0131yan parkda ulu \u00f6nd\u0259rin xatir\u0259sin\u0259 ucald\u0131lm\u0131\u015f abid\u0259ni ziyar\u0259t ed\u0259r\u0259k, abid\u0259 \u00f6n\u00fcn\u0259 g\u00fcl d\u0259st\u0259l\u0259ri d\u00fcz\u00fcbl\u0259r. Sonra Z\u0259rdab rayonu il\u0259 ba\u011fl\u0131 son ill\u0259rd\u0259 n\u0259\u015fr olunan kitablara aid s\u0259rgiy\u0259 bax\u0131\u015f ke\u00e7irilib. Heyd\u0259r \u018fliyev M\u0259rk\u0259zi il\u0259 [&hellip;]\" \/>\n<meta property=\"og:url\" content=\"https:\/\/www.zerdab.com\/?p=17899\" \/>\n<meta property=\"og:site_name\" content=\"Z\u0259rdab.com\" \/>\n<meta property=\"article:published_time\" content=\"2014-12-26T18:54:39+00:00\" \/>\n<meta name=\"author\" content=\"admin\" \/>\n<meta name=\"twitter:card\" content=\"summary_large_image\" \/>\n<meta name=\"twitter:label1\" content=\"Written by\" \/>\n\t<meta name=\"twitter:data1\" content=\"admin\" \/>\n\t<meta name=\"twitter:label2\" content=\"Est. reading time\" \/>\n\t<meta name=\"twitter:data2\" content=\"6 minutes\" \/>\n<script type=\"application\/ld+json\" class=\"yoast-schema-graph\">{\"@context\":\"https:\/\/schema.org\",\"@graph\":[{\"@type\":\"Article\",\"@id\":\"https:\/\/www.zerdab.com\/?p=17899#article\",\"isPartOf\":{\"@id\":\"https:\/\/www.zerdab.com\/?p=17899\"},\"author\":{\"name\":\"admin\",\"@id\":\"https:\/\/www.zerdab.com\/#\/schema\/person\/97079b7570c1e89ec0d9e138c3672136\"},\"headline\":\"Z\u0259rdabda &#8220;Regional \u0130nnovasiya Proqram\u0131\u201d t\u0259qdim olundu\",\"datePublished\":\"2014-12-26T18:54:39+00:00\",\"mainEntityOfPage\":{\"@id\":\"https:\/\/www.zerdab.com\/?p=17899\"},\"wordCount\":1127,\"commentCount\":0,\"articleSection\":[\"X\u018fB\u018fRL\u018fR\"],\"inLanguage\":\"az\",\"potentialAction\":[{\"@type\":\"CommentAction\",\"name\":\"Comment\",\"target\":[\"https:\/\/www.zerdab.com\/?p=17899#respond\"]}]},{\"@type\":\"WebPage\",\"@id\":\"https:\/\/www.zerdab.com\/?p=17899\",\"url\":\"https:\/\/www.zerdab.com\/?p=17899\",\"name\":\"Z\u0259rdabda \\\"Regional \u0130nnovasiya Proqram\u0131\u201d t\u0259qdim olundu - Z\u0259rdab.com\",\"isPartOf\":{\"@id\":\"https:\/\/www.zerdab.com\/#website\"},\"datePublished\":\"2014-12-26T18:54:39+00:00\",\"author\":{\"@id\":\"https:\/\/www.zerdab.com\/#\/schema\/person\/97079b7570c1e89ec0d9e138c3672136\"},\"breadcrumb\":{\"@id\":\"https:\/\/www.zerdab.com\/?p=17899#breadcrumb\"},\"inLanguage\":\"az\",\"potentialAction\":[{\"@type\":\"ReadAction\",\"target\":[\"https:\/\/www.zerdab.com\/?p=17899\"]}]},{\"@type\":\"BreadcrumbList\",\"@id\":\"https:\/\/www.zerdab.com\/?p=17899#breadcrumb\",\"itemListElement\":[{\"@type\":\"ListItem\",\"position\":1,\"name\":\"Home\",\"item\":\"https:\/\/www.zerdab.com\/\"},{\"@type\":\"ListItem\",\"position\":2,\"name\":\"Z\u0259rdabda &#8220;Regional \u0130nnovasiya Proqram\u0131\u201d t\u0259qdim olundu\"}]},{\"@type\":\"WebSite\",\"@id\":\"https:\/\/www.zerdab.com\/#website\",\"url\":\"https:\/\/www.zerdab.com\/\",\"name\":\"Z\u0259rdab.com\",\"description\":\"\",\"potentialAction\":[{\"@type\":\"SearchAction\",\"target\":{\"@type\":\"EntryPoint\",\"urlTemplate\":\"https:\/\/www.zerdab.com\/?s={search_term_string}\"},\"query-input\":{\"@type\":\"PropertyValueSpecification\",\"valueRequired\":true,\"valueName\":\"search_term_string\"}}],\"inLanguage\":\"az\"},{\"@type\":\"Person\",\"@id\":\"https:\/\/www.zerdab.com\/#\/schema\/person\/97079b7570c1e89ec0d9e138c3672136\",\"name\":\"admin\",\"image\":{\"@type\":\"ImageObject\",\"inLanguage\":\"az\",\"@id\":\"https:\/\/www.zerdab.com\/#\/schema\/person\/image\/\",\"url\":\"https:\/\/secure.gravatar.com\/avatar\/d9c52a9a27c32119cb6679a077fa3e2779e5f822c451cbf01098004361d466ec?s=96&d=mm&r=g\",\"contentUrl\":\"https:\/\/secure.gravatar.com\/avatar\/d9c52a9a27c32119cb6679a077fa3e2779e5f822c451cbf01098004361d466ec?s=96&d=mm&r=g\",\"caption\":\"admin\"},\"url\":\"https:\/\/www.zerdab.com\/?author=1\"}]}<\/script>\n<!-- \/ Yoast SEO plugin. -->","yoast_head_json":{"title":"Z\u0259rdabda \"Regional \u0130nnovasiya Proqram\u0131\u201d t\u0259qdim olundu - Z\u0259rdab.com","robots":{"index":"index","follow":"follow","max-snippet":"max-snippet:-1","max-image-preview":"max-image-preview:large","max-video-preview":"max-video-preview:-1"},"canonical":"https:\/\/www.zerdab.com\/?p=17899","og_locale":"az_AZ","og_type":"article","og_title":"Z\u0259rdabda \"Regional \u0130nnovasiya Proqram\u0131\u201d t\u0259qdim olundu - Z\u0259rdab.com","og_description":"Z\u0259rdab rayonunda Heyd\u0259r \u018fliyev M\u0259rk\u0259zind\u0259 \u201cZ\u0259rdab rayonu: Regional \u0130nnovasiya Proqram\u0131\u201dn\u0131n (2014-2018-ci ill\u0259r) t\u0259qdimat\u0131na h\u0259sr olunmu\u015f konfrans ke\u00e7irilib. Konfrans i\u015ftirak\u00e7\u0131lar\u0131 \u00f6nc\u0259 Heyd\u0259r \u018fliyevin ad\u0131n\u0131 da\u015f\u0131yan parkda ulu \u00f6nd\u0259rin xatir\u0259sin\u0259 ucald\u0131lm\u0131\u015f abid\u0259ni ziyar\u0259t ed\u0259r\u0259k, abid\u0259 \u00f6n\u00fcn\u0259 g\u00fcl d\u0259st\u0259l\u0259ri d\u00fcz\u00fcbl\u0259r. Sonra Z\u0259rdab rayonu il\u0259 ba\u011fl\u0131 son ill\u0259rd\u0259 n\u0259\u015fr olunan kitablara aid s\u0259rgiy\u0259 bax\u0131\u015f ke\u00e7irilib. Heyd\u0259r \u018fliyev M\u0259rk\u0259zi il\u0259 [&hellip;]","og_url":"https:\/\/www.zerdab.com\/?p=17899","og_site_name":"Z\u0259rdab.com","article_published_time":"2014-12-26T18:54:39+00:00","author":"admin","twitter_card":"summary_large_image","twitter_misc":{"Written by":"admin","Est. reading time":"6 minutes"},"schema":{"@context":"https:\/\/schema.org","@graph":[{"@type":"Article","@id":"https:\/\/www.zerdab.com\/?p=17899#article","isPartOf":{"@id":"https:\/\/www.zerdab.com\/?p=17899"},"author":{"name":"admin","@id":"https:\/\/www.zerdab.com\/#\/schema\/person\/97079b7570c1e89ec0d9e138c3672136"},"headline":"Z\u0259rdabda &#8220;Regional \u0130nnovasiya Proqram\u0131\u201d t\u0259qdim olundu","datePublished":"2014-12-26T18:54:39+00:00","mainEntityOfPage":{"@id":"https:\/\/www.zerdab.com\/?p=17899"},"wordCount":1127,"commentCount":0,"articleSection":["X\u018fB\u018fRL\u018fR"],"inLanguage":"az","potentialAction":[{"@type":"CommentAction","name":"Comment","target":["https:\/\/www.zerdab.com\/?p=17899#respond"]}]},{"@type":"WebPage","@id":"https:\/\/www.zerdab.com\/?p=17899","url":"https:\/\/www.zerdab.com\/?p=17899","name":"Z\u0259rdabda \"Regional \u0130nnovasiya Proqram\u0131\u201d t\u0259qdim olundu - Z\u0259rdab.com","isPartOf":{"@id":"https:\/\/www.zerdab.com\/#website"},"datePublished":"2014-12-26T18:54:39+00:00","author":{"@id":"https:\/\/www.zerdab.com\/#\/schema\/person\/97079b7570c1e89ec0d9e138c3672136"},"breadcrumb":{"@id":"https:\/\/www.zerdab.com\/?p=17899#breadcrumb"},"inLanguage":"az","potentialAction":[{"@type":"ReadAction","target":["https:\/\/www.zerdab.com\/?p=17899"]}]},{"@type":"BreadcrumbList","@id":"https:\/\/www.zerdab.com\/?p=17899#breadcrumb","itemListElement":[{"@type":"ListItem","position":1,"name":"Home","item":"https:\/\/www.zerdab.com\/"},{"@type":"ListItem","position":2,"name":"Z\u0259rdabda &#8220;Regional \u0130nnovasiya Proqram\u0131\u201d t\u0259qdim olundu"}]},{"@type":"WebSite","@id":"https:\/\/www.zerdab.com\/#website","url":"https:\/\/www.zerdab.com\/","name":"Z\u0259rdab.com","description":"","potentialAction":[{"@type":"SearchAction","target":{"@type":"EntryPoint","urlTemplate":"https:\/\/www.zerdab.com\/?s={search_term_string}"},"query-input":{"@type":"PropertyValueSpecification","valueRequired":true,"valueName":"search_term_string"}}],"inLanguage":"az"},{"@type":"Person","@id":"https:\/\/www.zerdab.com\/#\/schema\/person\/97079b7570c1e89ec0d9e138c3672136","name":"admin","image":{"@type":"ImageObject","inLanguage":"az","@id":"https:\/\/www.zerdab.com\/#\/schema\/person\/image\/","url":"https:\/\/secure.gravatar.com\/avatar\/d9c52a9a27c32119cb6679a077fa3e2779e5f822c451cbf01098004361d466ec?s=96&d=mm&r=g","contentUrl":"https:\/\/secure.gravatar.com\/avatar\/d9c52a9a27c32119cb6679a077fa3e2779e5f822c451cbf01098004361d466ec?s=96&d=mm&r=g","caption":"admin"},"url":"https:\/\/www.zerdab.com\/?author=1"}]}},"_links":{"self":[{"href":"https:\/\/www.zerdab.com\/index.php?rest_route=\/wp\/v2\/posts\/17899","targetHints":{"allow":["GET"]}}],"collection":[{"href":"https:\/\/www.zerdab.com\/index.php?rest_route=\/wp\/v2\/posts"}],"about":[{"href":"https:\/\/www.zerdab.com\/index.php?rest_route=\/wp\/v2\/types\/post"}],"author":[{"embeddable":true,"href":"https:\/\/www.zerdab.com\/index.php?rest_route=\/wp\/v2\/users\/1"}],"replies":[{"embeddable":true,"href":"https:\/\/www.zerdab.com\/index.php?rest_route=%2Fwp%2Fv2%2Fcomments&post=17899"}],"version-history":[{"count":1,"href":"https:\/\/www.zerdab.com\/index.php?rest_route=\/wp\/v2\/posts\/17899\/revisions"}],"predecessor-version":[{"id":17907,"href":"https:\/\/www.zerdab.com\/index.php?rest_route=\/wp\/v2\/posts\/17899\/revisions\/17907"}],"wp:attachment":[{"href":"https:\/\/www.zerdab.com\/index.php?rest_route=%2Fwp%2Fv2%2Fmedia&parent=17899"}],"wp:term":[{"taxonomy":"category","embeddable":true,"href":"https:\/\/www.zerdab.com\/index.php?rest_route=%2Fwp%2Fv2%2Fcategories&post=17899"},{"taxonomy":"post_tag","embeddable":true,"href":"https:\/\/www.zerdab.com\/index.php?rest_route=%2Fwp%2Fv2%2Ftags&post=17899"}],"curies":[{"name":"wp","href":"https:\/\/api.w.org\/{rel}","templated":true}]}}