{"id":17986,"date":"2015-01-08T11:10:19","date_gmt":"2015-01-08T07:10:19","guid":{"rendered":"http:\/\/www.zerdab.com\/?p=17986"},"modified":"2015-01-08T11:10:40","modified_gmt":"2015-01-08T07:10:40","slug":"z%c9%99rdabin-kecmis-r%c9%99is-muavinin%c9%99-yeni-v%c9%99zif%c9%99-verildi","status":"publish","type":"post","link":"https:\/\/www.zerdab.com\/?p=17986","title":{"rendered":"Z\u0259rdab\u0131n ke\u00e7mi\u015f r\u0259is m\u00fcavinin\u0259 yeni v\u0259zif\u0259 verildi"},"content":{"rendered":"<p><a href=\"http:\/\/www.zerdab.com\/wp-content\/uploads\/2015\/01\/Polis158.jpg\"><img loading=\"lazy\" decoding=\"async\" class=\"aligncenter size-full wp-image-17987\" src=\"http:\/\/www.zerdab.com\/wp-content\/uploads\/2015\/01\/Polis158.jpg\" alt=\"Polis\" width=\"326\" height=\"210\" srcset=\"https:\/\/www.zerdab.com\/wp-content\/uploads\/2015\/01\/Polis158.jpg 326w, https:\/\/www.zerdab.com\/wp-content\/uploads\/2015\/01\/Polis158-77x50.jpg 77w\" sizes=\"auto, (max-width: 326px) 100vw, 326px\" \/><\/a>Z\u0259rdab rayonuna noyabr ay\u0131nda t\u0259yin olunun polis r\u0259isi M\u0259mm\u0259d H\u00fcseynov ciddi kadr islahatlar\u0131na ba\u015flay\u0131b.<\/p>\n<p>AzNews.az-a daxil olan m\u0259lumata g\u00f6r\u0259, yeni r\u0259is Z\u0259rdab Rayon Polis \u015e\u00f6b\u0259sinin r\u0259is m\u00fcavini, polis polkovnik-leytenant\u0131 Adil \u018fs\u0259dovu v\u0259 bir ne\u00e7\u0259 polis n\u0259f\u0259rini i\u015fd\u0259n azad edib.<\/p>\n<p>V\u0259zif\u0259d\u0259n \u00e7\u0131xar\u0131lan r\u0259is m\u00fcavini daha sonra daxili i\u015fl\u0259r naziri Ramil Usubovun \u0259mri il\u0259 Balak\u0259n Rayon Polis \u015e\u00f6b\u0259sinin r\u0259is m\u00fcavini t\u0259yin edilib.<\/p>\n<p>Qeyd ed\u0259k ki, daxili i\u015fl\u0259r nazirinin \u00f6t\u0259n ilin noyabr ay\u0131nda imzalad\u0131\u011f\u0131 m\u00fcvafiq \u0259mrl\u0259rl\u0259 Z\u0259rdab Rayon Polis \u015e\u00f6b\u0259sinin r\u0259isi Elnur H\u0259s\u0259nzad\u0259 Balak\u0259n rayonuna, Naftalan \u015e\u0259h\u0259r Polis \u015e\u00f6b\u0259sinin r\u0259isi M\u0259mm\u0259d H\u00fcseynov is\u0259 Z\u0259rdab rayonuna polis r\u0259isi t\u0259yin edilibl\u0259r.<\/p>\n<p>AzNews.az<\/p>\n","protected":false},"excerpt":{"rendered":"<p>Z\u0259rdab rayonuna noyabr ay\u0131nda t\u0259yin olunun polis r\u0259isi M\u0259mm\u0259d H\u00fcseynov ciddi kadr islahatlar\u0131na ba\u015flay\u0131b. AzNews.az-a daxil olan m\u0259lumata g\u00f6r\u0259, yeni r\u0259is Z\u0259rdab Rayon Polis \u015e\u00f6b\u0259sinin r\u0259is m\u00fcavini, polis polkovnik-leytenant\u0131 Adil \u018fs\u0259dovu v\u0259 bir ne\u00e7\u0259 polis n\u0259f\u0259rini i\u015fd\u0259n azad edib. V\u0259zif\u0259d\u0259n \u00e7\u0131xar\u0131lan r\u0259is m\u00fcavini daha sonra daxili i\u015fl\u0259r naziri Ramil Usubovun \u0259mri il\u0259 Balak\u0259n Rayon Polis [&hellip;]<\/p>\n","protected":false},"author":1,"featured_media":17987,"comment_status":"open","ping_status":"open","sticky":false,"template":"","format":"standard","meta":{"footnotes":""},"categories":[21],"tags":[],"class_list":{"0":"post-17986","1":"post","2":"type-post","3":"status-publish","4":"format-standard","5":"has-post-thumbnail","7":"category-zrdab"},"yoast_head":"<!-- This site is optimized with the Yoast SEO plugin v27.0 - https:\/\/yoast.com\/product\/yoast-seo-wordpress\/ -->\n<title>Z\u0259rdab\u0131n ke\u00e7mi\u015f r\u0259is m\u00fcavinin\u0259 yeni v\u0259zif\u0259 verildi - Z\u0259rdab.com<\/title>\n<meta name=\"robots\" content=\"index, follow, max-snippet:-1, max-image-preview:large, max-video-preview:-1\" \/>\n<link rel=\"canonical\" href=\"https:\/\/www.zerdab.com\/?p=17986\" \/>\n<meta property=\"og:locale\" content=\"az_AZ\" \/>\n<meta property=\"og:type\" content=\"article\" \/>\n<meta property=\"og:title\" content=\"Z\u0259rdab\u0131n ke\u00e7mi\u015f r\u0259is m\u00fcavinin\u0259 yeni v\u0259zif\u0259 verildi - Z\u0259rdab.com\" \/>\n<meta property=\"og:description\" content=\"Z\u0259rdab rayonuna noyabr ay\u0131nda t\u0259yin olunun polis r\u0259isi M\u0259mm\u0259d H\u00fcseynov ciddi kadr islahatlar\u0131na ba\u015flay\u0131b. AzNews.az-a daxil olan m\u0259lumata g\u00f6r\u0259, yeni r\u0259is Z\u0259rdab Rayon Polis \u015e\u00f6b\u0259sinin r\u0259is m\u00fcavini, polis polkovnik-leytenant\u0131 Adil \u018fs\u0259dovu v\u0259 bir ne\u00e7\u0259 polis n\u0259f\u0259rini i\u015fd\u0259n azad edib. V\u0259zif\u0259d\u0259n \u00e7\u0131xar\u0131lan r\u0259is m\u00fcavini daha sonra daxili i\u015fl\u0259r naziri Ramil Usubovun \u0259mri il\u0259 Balak\u0259n Rayon Polis [&hellip;]\" \/>\n<meta property=\"og:url\" content=\"https:\/\/www.zerdab.com\/?p=17986\" \/>\n<meta property=\"og:site_name\" content=\"Z\u0259rdab.com\" \/>\n<meta property=\"article:published_time\" content=\"2015-01-08T07:10:19+00:00\" \/>\n<meta property=\"article:modified_time\" content=\"2015-01-08T07:10:40+00:00\" \/>\n<meta property=\"og:image\" content=\"https:\/\/www.zerdab.com\/wp-content\/uploads\/2015\/01\/Polis158.jpg\" \/>\n\t<meta property=\"og:image:width\" content=\"326\" \/>\n\t<meta property=\"og:image:height\" content=\"210\" \/>\n\t<meta property=\"og:image:type\" content=\"image\/jpeg\" \/>\n<meta name=\"author\" content=\"admin\" \/>\n<meta name=\"twitter:card\" content=\"summary_large_image\" \/>\n<meta name=\"twitter:label1\" content=\"Written by\" \/>\n\t<meta name=\"twitter:data1\" content=\"admin\" \/>\n\t<meta name=\"twitter:label2\" content=\"Est. reading time\" \/>\n\t<meta name=\"twitter:data2\" content=\"1 minute\" \/>\n<script type=\"application\/ld+json\" class=\"yoast-schema-graph\">{\"@context\":\"https:\/\/schema.org\",\"@graph\":[{\"@type\":\"Article\",\"@id\":\"https:\/\/www.zerdab.com\/?p=17986#article\",\"isPartOf\":{\"@id\":\"https:\/\/www.zerdab.com\/?p=17986\"},\"author\":{\"name\":\"admin\",\"@id\":\"https:\/\/www.zerdab.com\/#\/schema\/person\/97079b7570c1e89ec0d9e138c3672136\"},\"headline\":\"Z\u0259rdab\u0131n ke\u00e7mi\u015f r\u0259is m\u00fcavinin\u0259 yeni v\u0259zif\u0259 verildi\",\"datePublished\":\"2015-01-08T07:10:19+00:00\",\"dateModified\":\"2015-01-08T07:10:40+00:00\",\"mainEntityOfPage\":{\"@id\":\"https:\/\/www.zerdab.com\/?p=17986\"},\"wordCount\":170,\"commentCount\":7,\"image\":{\"@id\":\"https:\/\/www.zerdab.com\/?p=17986#primaryimage\"},\"thumbnailUrl\":\"https:\/\/www.zerdab.com\/wp-content\/uploads\/2015\/01\/Polis158.jpg\",\"articleSection\":[\"C\u018fM\u0130YY\u018fT\"],\"inLanguage\":\"az\",\"potentialAction\":[{\"@type\":\"CommentAction\",\"name\":\"Comment\",\"target\":[\"https:\/\/www.zerdab.com\/?p=17986#respond\"]}]},{\"@type\":\"WebPage\",\"@id\":\"https:\/\/www.zerdab.com\/?p=17986\",\"url\":\"https:\/\/www.zerdab.com\/?p=17986\",\"name\":\"Z\u0259rdab\u0131n ke\u00e7mi\u015f r\u0259is m\u00fcavinin\u0259 yeni v\u0259zif\u0259 verildi - Z\u0259rdab.com\",\"isPartOf\":{\"@id\":\"https:\/\/www.zerdab.com\/#website\"},\"primaryImageOfPage\":{\"@id\":\"https:\/\/www.zerdab.com\/?p=17986#primaryimage\"},\"image\":{\"@id\":\"https:\/\/www.zerdab.com\/?p=17986#primaryimage\"},\"thumbnailUrl\":\"https:\/\/www.zerdab.com\/wp-content\/uploads\/2015\/01\/Polis158.jpg\",\"datePublished\":\"2015-01-08T07:10:19+00:00\",\"dateModified\":\"2015-01-08T07:10:40+00:00\",\"author\":{\"@id\":\"https:\/\/www.zerdab.com\/#\/schema\/person\/97079b7570c1e89ec0d9e138c3672136\"},\"breadcrumb\":{\"@id\":\"https:\/\/www.zerdab.com\/?p=17986#breadcrumb\"},\"inLanguage\":\"az\",\"potentialAction\":[{\"@type\":\"ReadAction\",\"target\":[\"https:\/\/www.zerdab.com\/?p=17986\"]}]},{\"@type\":\"ImageObject\",\"inLanguage\":\"az\",\"@id\":\"https:\/\/www.zerdab.com\/?p=17986#primaryimage\",\"url\":\"https:\/\/www.zerdab.com\/wp-content\/uploads\/2015\/01\/Polis158.jpg\",\"contentUrl\":\"https:\/\/www.zerdab.com\/wp-content\/uploads\/2015\/01\/Polis158.jpg\",\"width\":326,\"height\":210,\"caption\":\"Polis\"},{\"@type\":\"BreadcrumbList\",\"@id\":\"https:\/\/www.zerdab.com\/?p=17986#breadcrumb\",\"itemListElement\":[{\"@type\":\"ListItem\",\"position\":1,\"name\":\"Home\",\"item\":\"https:\/\/www.zerdab.com\/\"},{\"@type\":\"ListItem\",\"position\":2,\"name\":\"Z\u0259rdab\u0131n ke\u00e7mi\u015f r\u0259is m\u00fcavinin\u0259 yeni v\u0259zif\u0259 verildi\"}]},{\"@type\":\"WebSite\",\"@id\":\"https:\/\/www.zerdab.com\/#website\",\"url\":\"https:\/\/www.zerdab.com\/\",\"name\":\"Z\u0259rdab.com\",\"description\":\"\",\"potentialAction\":[{\"@type\":\"SearchAction\",\"target\":{\"@type\":\"EntryPoint\",\"urlTemplate\":\"https:\/\/www.zerdab.com\/?s={search_term_string}\"},\"query-input\":{\"@type\":\"PropertyValueSpecification\",\"valueRequired\":true,\"valueName\":\"search_term_string\"}}],\"inLanguage\":\"az\"},{\"@type\":\"Person\",\"@id\":\"https:\/\/www.zerdab.com\/#\/schema\/person\/97079b7570c1e89ec0d9e138c3672136\",\"name\":\"admin\",\"image\":{\"@type\":\"ImageObject\",\"inLanguage\":\"az\",\"@id\":\"https:\/\/www.zerdab.com\/#\/schema\/person\/image\/\",\"url\":\"https:\/\/secure.gravatar.com\/avatar\/d9c52a9a27c32119cb6679a077fa3e2779e5f822c451cbf01098004361d466ec?s=96&d=mm&r=g\",\"contentUrl\":\"https:\/\/secure.gravatar.com\/avatar\/d9c52a9a27c32119cb6679a077fa3e2779e5f822c451cbf01098004361d466ec?s=96&d=mm&r=g\",\"caption\":\"admin\"},\"url\":\"https:\/\/www.zerdab.com\/?author=1\"}]}<\/script>\n<!-- \/ Yoast SEO plugin. -->","yoast_head_json":{"title":"Z\u0259rdab\u0131n ke\u00e7mi\u015f r\u0259is m\u00fcavinin\u0259 yeni v\u0259zif\u0259 verildi - Z\u0259rdab.com","robots":{"index":"index","follow":"follow","max-snippet":"max-snippet:-1","max-image-preview":"max-image-preview:large","max-video-preview":"max-video-preview:-1"},"canonical":"https:\/\/www.zerdab.com\/?p=17986","og_locale":"az_AZ","og_type":"article","og_title":"Z\u0259rdab\u0131n ke\u00e7mi\u015f r\u0259is m\u00fcavinin\u0259 yeni v\u0259zif\u0259 verildi - Z\u0259rdab.com","og_description":"Z\u0259rdab rayonuna noyabr ay\u0131nda t\u0259yin olunun polis r\u0259isi M\u0259mm\u0259d H\u00fcseynov ciddi kadr islahatlar\u0131na ba\u015flay\u0131b. AzNews.az-a daxil olan m\u0259lumata g\u00f6r\u0259, yeni r\u0259is Z\u0259rdab Rayon Polis \u015e\u00f6b\u0259sinin r\u0259is m\u00fcavini, polis polkovnik-leytenant\u0131 Adil \u018fs\u0259dovu v\u0259 bir ne\u00e7\u0259 polis n\u0259f\u0259rini i\u015fd\u0259n azad edib. V\u0259zif\u0259d\u0259n \u00e7\u0131xar\u0131lan r\u0259is m\u00fcavini daha sonra daxili i\u015fl\u0259r naziri Ramil Usubovun \u0259mri il\u0259 Balak\u0259n Rayon Polis [&hellip;]","og_url":"https:\/\/www.zerdab.com\/?p=17986","og_site_name":"Z\u0259rdab.com","article_published_time":"2015-01-08T07:10:19+00:00","article_modified_time":"2015-01-08T07:10:40+00:00","og_image":[{"width":326,"height":210,"url":"https:\/\/www.zerdab.com\/wp-content\/uploads\/2015\/01\/Polis158.jpg","type":"image\/jpeg"}],"author":"admin","twitter_card":"summary_large_image","twitter_misc":{"Written by":"admin","Est. reading time":"1 minute"},"schema":{"@context":"https:\/\/schema.org","@graph":[{"@type":"Article","@id":"https:\/\/www.zerdab.com\/?p=17986#article","isPartOf":{"@id":"https:\/\/www.zerdab.com\/?p=17986"},"author":{"name":"admin","@id":"https:\/\/www.zerdab.com\/#\/schema\/person\/97079b7570c1e89ec0d9e138c3672136"},"headline":"Z\u0259rdab\u0131n ke\u00e7mi\u015f r\u0259is m\u00fcavinin\u0259 yeni v\u0259zif\u0259 verildi","datePublished":"2015-01-08T07:10:19+00:00","dateModified":"2015-01-08T07:10:40+00:00","mainEntityOfPage":{"@id":"https:\/\/www.zerdab.com\/?p=17986"},"wordCount":170,"commentCount":7,"image":{"@id":"https:\/\/www.zerdab.com\/?p=17986#primaryimage"},"thumbnailUrl":"https:\/\/www.zerdab.com\/wp-content\/uploads\/2015\/01\/Polis158.jpg","articleSection":["C\u018fM\u0130YY\u018fT"],"inLanguage":"az","potentialAction":[{"@type":"CommentAction","name":"Comment","target":["https:\/\/www.zerdab.com\/?p=17986#respond"]}]},{"@type":"WebPage","@id":"https:\/\/www.zerdab.com\/?p=17986","url":"https:\/\/www.zerdab.com\/?p=17986","name":"Z\u0259rdab\u0131n ke\u00e7mi\u015f r\u0259is m\u00fcavinin\u0259 yeni v\u0259zif\u0259 verildi - Z\u0259rdab.com","isPartOf":{"@id":"https:\/\/www.zerdab.com\/#website"},"primaryImageOfPage":{"@id":"https:\/\/www.zerdab.com\/?p=17986#primaryimage"},"image":{"@id":"https:\/\/www.zerdab.com\/?p=17986#primaryimage"},"thumbnailUrl":"https:\/\/www.zerdab.com\/wp-content\/uploads\/2015\/01\/Polis158.jpg","datePublished":"2015-01-08T07:10:19+00:00","dateModified":"2015-01-08T07:10:40+00:00","author":{"@id":"https:\/\/www.zerdab.com\/#\/schema\/person\/97079b7570c1e89ec0d9e138c3672136"},"breadcrumb":{"@id":"https:\/\/www.zerdab.com\/?p=17986#breadcrumb"},"inLanguage":"az","potentialAction":[{"@type":"ReadAction","target":["https:\/\/www.zerdab.com\/?p=17986"]}]},{"@type":"ImageObject","inLanguage":"az","@id":"https:\/\/www.zerdab.com\/?p=17986#primaryimage","url":"https:\/\/www.zerdab.com\/wp-content\/uploads\/2015\/01\/Polis158.jpg","contentUrl":"https:\/\/www.zerdab.com\/wp-content\/uploads\/2015\/01\/Polis158.jpg","width":326,"height":210,"caption":"Polis"},{"@type":"BreadcrumbList","@id":"https:\/\/www.zerdab.com\/?p=17986#breadcrumb","itemListElement":[{"@type":"ListItem","position":1,"name":"Home","item":"https:\/\/www.zerdab.com\/"},{"@type":"ListItem","position":2,"name":"Z\u0259rdab\u0131n ke\u00e7mi\u015f r\u0259is m\u00fcavinin\u0259 yeni v\u0259zif\u0259 verildi"}]},{"@type":"WebSite","@id":"https:\/\/www.zerdab.com\/#website","url":"https:\/\/www.zerdab.com\/","name":"Z\u0259rdab.com","description":"","potentialAction":[{"@type":"SearchAction","target":{"@type":"EntryPoint","urlTemplate":"https:\/\/www.zerdab.com\/?s={search_term_string}"},"query-input":{"@type":"PropertyValueSpecification","valueRequired":true,"valueName":"search_term_string"}}],"inLanguage":"az"},{"@type":"Person","@id":"https:\/\/www.zerdab.com\/#\/schema\/person\/97079b7570c1e89ec0d9e138c3672136","name":"admin","image":{"@type":"ImageObject","inLanguage":"az","@id":"https:\/\/www.zerdab.com\/#\/schema\/person\/image\/","url":"https:\/\/secure.gravatar.com\/avatar\/d9c52a9a27c32119cb6679a077fa3e2779e5f822c451cbf01098004361d466ec?s=96&d=mm&r=g","contentUrl":"https:\/\/secure.gravatar.com\/avatar\/d9c52a9a27c32119cb6679a077fa3e2779e5f822c451cbf01098004361d466ec?s=96&d=mm&r=g","caption":"admin"},"url":"https:\/\/www.zerdab.com\/?author=1"}]}},"_links":{"self":[{"href":"https:\/\/www.zerdab.com\/index.php?rest_route=\/wp\/v2\/posts\/17986","targetHints":{"allow":["GET"]}}],"collection":[{"href":"https:\/\/www.zerdab.com\/index.php?rest_route=\/wp\/v2\/posts"}],"about":[{"href":"https:\/\/www.zerdab.com\/index.php?rest_route=\/wp\/v2\/types\/post"}],"author":[{"embeddable":true,"href":"https:\/\/www.zerdab.com\/index.php?rest_route=\/wp\/v2\/users\/1"}],"replies":[{"embeddable":true,"href":"https:\/\/www.zerdab.com\/index.php?rest_route=%2Fwp%2Fv2%2Fcomments&post=17986"}],"version-history":[{"count":1,"href":"https:\/\/www.zerdab.com\/index.php?rest_route=\/wp\/v2\/posts\/17986\/revisions"}],"predecessor-version":[{"id":17988,"href":"https:\/\/www.zerdab.com\/index.php?rest_route=\/wp\/v2\/posts\/17986\/revisions\/17988"}],"wp:featuredmedia":[{"embeddable":true,"href":"https:\/\/www.zerdab.com\/index.php?rest_route=\/wp\/v2\/media\/17987"}],"wp:attachment":[{"href":"https:\/\/www.zerdab.com\/index.php?rest_route=%2Fwp%2Fv2%2Fmedia&parent=17986"}],"wp:term":[{"taxonomy":"category","embeddable":true,"href":"https:\/\/www.zerdab.com\/index.php?rest_route=%2Fwp%2Fv2%2Fcategories&post=17986"},{"taxonomy":"post_tag","embeddable":true,"href":"https:\/\/www.zerdab.com\/index.php?rest_route=%2Fwp%2Fv2%2Ftags&post=17986"}],"curies":[{"name":"wp","href":"https:\/\/api.w.org\/{rel}","templated":true}]}}