{"id":18071,"date":"2015-01-15T08:15:38","date_gmt":"2015-01-15T04:15:38","guid":{"rendered":"http:\/\/www.zerdab.com\/?p=18071"},"modified":"2015-01-14T20:44:29","modified_gmt":"2015-01-14T16:44:29","slug":"h%c9%99myerlimiz-aqil-babayev-%c9%99m%c9%99kdar-m%c9%99sqci-adina-layiq-goruldu","status":"publish","type":"post","link":"https:\/\/www.zerdab.com\/?p=18071","title":{"rendered":"H\u0259myerlimiz Aqil Babayev \u018fm\u0259kdar m\u0259\u015fq\u00e7i ad\u0131na layiq g\u00f6r\u00fcld\u00fc"},"content":{"rendered":"<figure id=\"attachment_18072\" aria-describedby=\"caption-attachment-18072\" style=\"width: 400px\" class=\"wp-caption aligncenter\"><a href=\"http:\/\/www.zerdab.com\/wp-content\/uploads\/2015\/01\/Babayev-Aqil-Sabir-o\u011flu.jpg\"><img loading=\"lazy\" decoding=\"async\" class=\"size-medium wp-image-18072\" src=\"http:\/\/www.zerdab.com\/wp-content\/uploads\/2015\/01\/Babayev-Aqil-Sabir-o\u011flu-400x428.jpg\" alt=\"Babayev Aqil Sabir o\u011flu\" width=\"400\" height=\"428\" \/><\/a><figcaption id=\"caption-attachment-18072\" class=\"wp-caption-text\"><span style=\"color: #0000ff;\"><strong>Babayev Aqil Sabir o\u011flu<\/strong><\/span><\/figcaption><\/figure>\n<p>Respublika s\u0259viyy\u0259li yar\u0131\u015flarda daim y\u00fcks\u0259k n\u0259tic\u0259l\u0259r qazanm\u0131\u015f v\u0259 d\u0259f\u0259l\u0259rl\u0259 Avropa v\u0259 D\u00fcnya cempionu ad\u0131na layiq g\u00f6r\u00fclm\u00fc\u015f idman\u00e7\u0131lar yeti\u015fdirmi\u015f rayonumuzun Taekvondo v\u0259 VKC Karate idman b\u00f6lm\u0259l\u0259ri \u00fczr\u0259 m\u0259\u015fq\u00e7i m\u00fc\u0259llimi Babayev Aqil Sabir o\u011flu Z\u0259dab Rayon G\u0259ncl\u0259r v\u0259 \u0130dman \u0130dar\u0259si r\u0259isinin t\u0259qdimat\u0131na \u0259sas\u0259n, Az\u0259rbaycan Respublikas\u0131 g\u0259ncl\u0259r v\u0259 idman naziri Azad R\u0259himovun m\u00fcvafiq \u0259mri il\u0259 &#8220;AZ\u018fRBAYCAN RESPUBL\u0130KASININ \u018fM\u018fKDAR M\u018f\u015eQ\u00c7\u0130S\u0130&#8221; f\u0259xri ad\u0131na layiq g\u00f6r\u00fcl\u00fcb. Z\u0259dab Rayon G\u0259ncl\u0259r v\u0259 \u0130dman \u0130dar\u0259sind\u0259n Zerdab.com sayt\u0131na veril\u0259n m\u0259lumata g\u00f6r\u0259, Azad Bababyev bu f\u0259xri ada layiq g\u00f6r\u00fclm\u00fc\u015f rayonumuzun ilk idman xadimidir. &#8220;\u00d6lk\u0259mizd\u0259 idman\u00e7\u0131lara g\u00f6st\u0259rdiyi diqq\u0259t v\u0259 qay\u011f\u0131ya g\u00f6r\u0259 c\u0259nab Prezidentimiz \u0130lham \u018fliyev\u0259 v\u0259 Aqil m\u00fc\u0259llimin \u0259m\u0259yini y\u00fcks\u0259k s\u0259viyy\u0259d\u0259 qiym\u0259tl\u0259ndirdiyin\u0259 g\u00f6r\u0259 g\u0259ncl\u0259r v\u0259 idman naziri Azad R\u0259himova rayon idmanc\u0131lar\u0131 ad\u0131ndan d\u0259rin t\u0259\u015f\u0259kk\u00fcrl\u0259rimizi bildiririk&#8221;,-dey\u0259 idar\u0259nin m\u0259lumat\u0131nda qeyd olunur.<\/p>\n<p>Biz d\u0259 \u00f6z n\u00f6vb\u0259mizd\u0259 Zerdab.com sayt\u0131 olaraq bu f\u0259xri ada layiq g\u00f6r\u00fclm\u0259si, Z\u0259rdab\u0131m\u0131z\u0131n idman tarixind\u0259 yeniliy\u0259 imza atmas\u0131 m\u00fcnasib\u0259ti il\u0259 Babayev Aqil Sabir o\u011flunu, h\u0259m\u00e7inin Z\u0259dab Rayon G\u0259ncl\u0259r v\u0259 \u0130dman \u0130dar\u0259sinin r\u0259isi h\u00f6rm\u0259tli \u0130lkin \u018fliyevi \u00fcr\u0259kd\u0259n t\u0259brik edirik. U\u011furlar\u0131n\u0131z bol olsun.<\/p>\n<p>Zerdab.com<\/p>\n","protected":false},"excerpt":{"rendered":"<p>Respublika s\u0259viyy\u0259li yar\u0131\u015flarda daim y\u00fcks\u0259k n\u0259tic\u0259l\u0259r qazanm\u0131\u015f v\u0259 d\u0259f\u0259l\u0259rl\u0259 Avropa v\u0259 D\u00fcnya cempionu ad\u0131na layiq g\u00f6r\u00fclm\u00fc\u015f idman\u00e7\u0131lar yeti\u015fdirmi\u015f rayonumuzun Taekvondo v\u0259 VKC Karate idman b\u00f6lm\u0259l\u0259ri \u00fczr\u0259 m\u0259\u015fq\u00e7i m\u00fc\u0259llimi Babayev Aqil Sabir o\u011flu Z\u0259dab Rayon G\u0259ncl\u0259r v\u0259 \u0130dman \u0130dar\u0259si r\u0259isinin t\u0259qdimat\u0131na \u0259sas\u0259n, Az\u0259rbaycan Respublikas\u0131 g\u0259ncl\u0259r v\u0259 idman naziri Azad R\u0259himovun m\u00fcvafiq \u0259mri il\u0259 &#8220;AZ\u018fRBAYCAN RESPUBL\u0130KASININ \u018fM\u018fKDAR [&hellip;]<\/p>\n","protected":false},"author":1,"featured_media":0,"comment_status":"open","ping_status":"open","sticky":false,"template":"","format":"standard","meta":{"footnotes":""},"categories":[7],"tags":[],"class_list":{"0":"post-18071","1":"post","2":"type-post","3":"status-publish","4":"format-standard","6":"category-ziyalilar"},"yoast_head":"<!-- This site is optimized with the Yoast SEO plugin v27.0 - https:\/\/yoast.com\/product\/yoast-seo-wordpress\/ -->\n<title>H\u0259myerlimiz Aqil Babayev \u018fm\u0259kdar m\u0259\u015fq\u00e7i ad\u0131na layiq g\u00f6r\u00fcld\u00fc - Z\u0259rdab.com<\/title>\n<meta name=\"robots\" content=\"index, follow, max-snippet:-1, max-image-preview:large, max-video-preview:-1\" \/>\n<link rel=\"canonical\" href=\"https:\/\/www.zerdab.com\/?p=18071\" \/>\n<meta property=\"og:locale\" content=\"az_AZ\" \/>\n<meta property=\"og:type\" content=\"article\" \/>\n<meta property=\"og:title\" content=\"H\u0259myerlimiz Aqil Babayev \u018fm\u0259kdar m\u0259\u015fq\u00e7i ad\u0131na layiq g\u00f6r\u00fcld\u00fc - Z\u0259rdab.com\" \/>\n<meta property=\"og:description\" content=\"Respublika s\u0259viyy\u0259li yar\u0131\u015flarda daim y\u00fcks\u0259k n\u0259tic\u0259l\u0259r qazanm\u0131\u015f v\u0259 d\u0259f\u0259l\u0259rl\u0259 Avropa v\u0259 D\u00fcnya cempionu ad\u0131na layiq g\u00f6r\u00fclm\u00fc\u015f idman\u00e7\u0131lar yeti\u015fdirmi\u015f rayonumuzun Taekvondo v\u0259 VKC Karate idman b\u00f6lm\u0259l\u0259ri \u00fczr\u0259 m\u0259\u015fq\u00e7i m\u00fc\u0259llimi Babayev Aqil Sabir o\u011flu Z\u0259dab Rayon G\u0259ncl\u0259r v\u0259 \u0130dman \u0130dar\u0259si r\u0259isinin t\u0259qdimat\u0131na \u0259sas\u0259n, Az\u0259rbaycan Respublikas\u0131 g\u0259ncl\u0259r v\u0259 idman naziri Azad R\u0259himovun m\u00fcvafiq \u0259mri il\u0259 &#8220;AZ\u018fRBAYCAN RESPUBL\u0130KASININ \u018fM\u018fKDAR [&hellip;]\" \/>\n<meta property=\"og:url\" content=\"https:\/\/www.zerdab.com\/?p=18071\" \/>\n<meta property=\"og:site_name\" content=\"Z\u0259rdab.com\" \/>\n<meta property=\"article:published_time\" content=\"2015-01-15T04:15:38+00:00\" \/>\n<meta name=\"author\" content=\"admin\" \/>\n<meta name=\"twitter:card\" content=\"summary_large_image\" \/>\n<meta name=\"twitter:label1\" content=\"Written by\" \/>\n\t<meta name=\"twitter:data1\" content=\"admin\" \/>\n\t<meta name=\"twitter:label2\" content=\"Est. reading time\" \/>\n\t<meta name=\"twitter:data2\" content=\"1 minute\" \/>\n<script type=\"application\/ld+json\" class=\"yoast-schema-graph\">{\"@context\":\"https:\/\/schema.org\",\"@graph\":[{\"@type\":\"Article\",\"@id\":\"https:\/\/www.zerdab.com\/?p=18071#article\",\"isPartOf\":{\"@id\":\"https:\/\/www.zerdab.com\/?p=18071\"},\"author\":{\"name\":\"admin\",\"@id\":\"https:\/\/www.zerdab.com\/#\/schema\/person\/97079b7570c1e89ec0d9e138c3672136\"},\"headline\":\"H\u0259myerlimiz Aqil Babayev \u018fm\u0259kdar m\u0259\u015fq\u00e7i ad\u0131na layiq g\u00f6r\u00fcld\u00fc\",\"datePublished\":\"2015-01-15T04:15:38+00:00\",\"mainEntityOfPage\":{\"@id\":\"https:\/\/www.zerdab.com\/?p=18071\"},\"wordCount\":306,\"commentCount\":5,\"articleSection\":[\"F\u018fXRL\u018fR\u0130M\u0130Z\"],\"inLanguage\":\"az\",\"potentialAction\":[{\"@type\":\"CommentAction\",\"name\":\"Comment\",\"target\":[\"https:\/\/www.zerdab.com\/?p=18071#respond\"]}]},{\"@type\":\"WebPage\",\"@id\":\"https:\/\/www.zerdab.com\/?p=18071\",\"url\":\"https:\/\/www.zerdab.com\/?p=18071\",\"name\":\"H\u0259myerlimiz Aqil Babayev \u018fm\u0259kdar m\u0259\u015fq\u00e7i ad\u0131na layiq g\u00f6r\u00fcld\u00fc - Z\u0259rdab.com\",\"isPartOf\":{\"@id\":\"https:\/\/www.zerdab.com\/#website\"},\"datePublished\":\"2015-01-15T04:15:38+00:00\",\"author\":{\"@id\":\"https:\/\/www.zerdab.com\/#\/schema\/person\/97079b7570c1e89ec0d9e138c3672136\"},\"breadcrumb\":{\"@id\":\"https:\/\/www.zerdab.com\/?p=18071#breadcrumb\"},\"inLanguage\":\"az\",\"potentialAction\":[{\"@type\":\"ReadAction\",\"target\":[\"https:\/\/www.zerdab.com\/?p=18071\"]}]},{\"@type\":\"BreadcrumbList\",\"@id\":\"https:\/\/www.zerdab.com\/?p=18071#breadcrumb\",\"itemListElement\":[{\"@type\":\"ListItem\",\"position\":1,\"name\":\"Home\",\"item\":\"https:\/\/www.zerdab.com\/\"},{\"@type\":\"ListItem\",\"position\":2,\"name\":\"H\u0259myerlimiz Aqil Babayev \u018fm\u0259kdar m\u0259\u015fq\u00e7i ad\u0131na layiq g\u00f6r\u00fcld\u00fc\"}]},{\"@type\":\"WebSite\",\"@id\":\"https:\/\/www.zerdab.com\/#website\",\"url\":\"https:\/\/www.zerdab.com\/\",\"name\":\"Z\u0259rdab.com\",\"description\":\"\",\"potentialAction\":[{\"@type\":\"SearchAction\",\"target\":{\"@type\":\"EntryPoint\",\"urlTemplate\":\"https:\/\/www.zerdab.com\/?s={search_term_string}\"},\"query-input\":{\"@type\":\"PropertyValueSpecification\",\"valueRequired\":true,\"valueName\":\"search_term_string\"}}],\"inLanguage\":\"az\"},{\"@type\":\"Person\",\"@id\":\"https:\/\/www.zerdab.com\/#\/schema\/person\/97079b7570c1e89ec0d9e138c3672136\",\"name\":\"admin\",\"image\":{\"@type\":\"ImageObject\",\"inLanguage\":\"az\",\"@id\":\"https:\/\/www.zerdab.com\/#\/schema\/person\/image\/\",\"url\":\"https:\/\/secure.gravatar.com\/avatar\/d9c52a9a27c32119cb6679a077fa3e2779e5f822c451cbf01098004361d466ec?s=96&d=mm&r=g\",\"contentUrl\":\"https:\/\/secure.gravatar.com\/avatar\/d9c52a9a27c32119cb6679a077fa3e2779e5f822c451cbf01098004361d466ec?s=96&d=mm&r=g\",\"caption\":\"admin\"},\"url\":\"https:\/\/www.zerdab.com\/?author=1\"}]}<\/script>\n<!-- \/ Yoast SEO plugin. -->","yoast_head_json":{"title":"H\u0259myerlimiz Aqil Babayev \u018fm\u0259kdar m\u0259\u015fq\u00e7i ad\u0131na layiq g\u00f6r\u00fcld\u00fc - Z\u0259rdab.com","robots":{"index":"index","follow":"follow","max-snippet":"max-snippet:-1","max-image-preview":"max-image-preview:large","max-video-preview":"max-video-preview:-1"},"canonical":"https:\/\/www.zerdab.com\/?p=18071","og_locale":"az_AZ","og_type":"article","og_title":"H\u0259myerlimiz Aqil Babayev \u018fm\u0259kdar m\u0259\u015fq\u00e7i ad\u0131na layiq g\u00f6r\u00fcld\u00fc - Z\u0259rdab.com","og_description":"Respublika s\u0259viyy\u0259li yar\u0131\u015flarda daim y\u00fcks\u0259k n\u0259tic\u0259l\u0259r qazanm\u0131\u015f v\u0259 d\u0259f\u0259l\u0259rl\u0259 Avropa v\u0259 D\u00fcnya cempionu ad\u0131na layiq g\u00f6r\u00fclm\u00fc\u015f idman\u00e7\u0131lar yeti\u015fdirmi\u015f rayonumuzun Taekvondo v\u0259 VKC Karate idman b\u00f6lm\u0259l\u0259ri \u00fczr\u0259 m\u0259\u015fq\u00e7i m\u00fc\u0259llimi Babayev Aqil Sabir o\u011flu Z\u0259dab Rayon G\u0259ncl\u0259r v\u0259 \u0130dman \u0130dar\u0259si r\u0259isinin t\u0259qdimat\u0131na \u0259sas\u0259n, Az\u0259rbaycan Respublikas\u0131 g\u0259ncl\u0259r v\u0259 idman naziri Azad R\u0259himovun m\u00fcvafiq \u0259mri il\u0259 &#8220;AZ\u018fRBAYCAN RESPUBL\u0130KASININ \u018fM\u018fKDAR [&hellip;]","og_url":"https:\/\/www.zerdab.com\/?p=18071","og_site_name":"Z\u0259rdab.com","article_published_time":"2015-01-15T04:15:38+00:00","author":"admin","twitter_card":"summary_large_image","twitter_misc":{"Written by":"admin","Est. reading time":"1 minute"},"schema":{"@context":"https:\/\/schema.org","@graph":[{"@type":"Article","@id":"https:\/\/www.zerdab.com\/?p=18071#article","isPartOf":{"@id":"https:\/\/www.zerdab.com\/?p=18071"},"author":{"name":"admin","@id":"https:\/\/www.zerdab.com\/#\/schema\/person\/97079b7570c1e89ec0d9e138c3672136"},"headline":"H\u0259myerlimiz Aqil Babayev \u018fm\u0259kdar m\u0259\u015fq\u00e7i ad\u0131na layiq g\u00f6r\u00fcld\u00fc","datePublished":"2015-01-15T04:15:38+00:00","mainEntityOfPage":{"@id":"https:\/\/www.zerdab.com\/?p=18071"},"wordCount":306,"commentCount":5,"articleSection":["F\u018fXRL\u018fR\u0130M\u0130Z"],"inLanguage":"az","potentialAction":[{"@type":"CommentAction","name":"Comment","target":["https:\/\/www.zerdab.com\/?p=18071#respond"]}]},{"@type":"WebPage","@id":"https:\/\/www.zerdab.com\/?p=18071","url":"https:\/\/www.zerdab.com\/?p=18071","name":"H\u0259myerlimiz Aqil Babayev \u018fm\u0259kdar m\u0259\u015fq\u00e7i ad\u0131na layiq g\u00f6r\u00fcld\u00fc - Z\u0259rdab.com","isPartOf":{"@id":"https:\/\/www.zerdab.com\/#website"},"datePublished":"2015-01-15T04:15:38+00:00","author":{"@id":"https:\/\/www.zerdab.com\/#\/schema\/person\/97079b7570c1e89ec0d9e138c3672136"},"breadcrumb":{"@id":"https:\/\/www.zerdab.com\/?p=18071#breadcrumb"},"inLanguage":"az","potentialAction":[{"@type":"ReadAction","target":["https:\/\/www.zerdab.com\/?p=18071"]}]},{"@type":"BreadcrumbList","@id":"https:\/\/www.zerdab.com\/?p=18071#breadcrumb","itemListElement":[{"@type":"ListItem","position":1,"name":"Home","item":"https:\/\/www.zerdab.com\/"},{"@type":"ListItem","position":2,"name":"H\u0259myerlimiz Aqil Babayev \u018fm\u0259kdar m\u0259\u015fq\u00e7i ad\u0131na layiq g\u00f6r\u00fcld\u00fc"}]},{"@type":"WebSite","@id":"https:\/\/www.zerdab.com\/#website","url":"https:\/\/www.zerdab.com\/","name":"Z\u0259rdab.com","description":"","potentialAction":[{"@type":"SearchAction","target":{"@type":"EntryPoint","urlTemplate":"https:\/\/www.zerdab.com\/?s={search_term_string}"},"query-input":{"@type":"PropertyValueSpecification","valueRequired":true,"valueName":"search_term_string"}}],"inLanguage":"az"},{"@type":"Person","@id":"https:\/\/www.zerdab.com\/#\/schema\/person\/97079b7570c1e89ec0d9e138c3672136","name":"admin","image":{"@type":"ImageObject","inLanguage":"az","@id":"https:\/\/www.zerdab.com\/#\/schema\/person\/image\/","url":"https:\/\/secure.gravatar.com\/avatar\/d9c52a9a27c32119cb6679a077fa3e2779e5f822c451cbf01098004361d466ec?s=96&d=mm&r=g","contentUrl":"https:\/\/secure.gravatar.com\/avatar\/d9c52a9a27c32119cb6679a077fa3e2779e5f822c451cbf01098004361d466ec?s=96&d=mm&r=g","caption":"admin"},"url":"https:\/\/www.zerdab.com\/?author=1"}]}},"_links":{"self":[{"href":"https:\/\/www.zerdab.com\/index.php?rest_route=\/wp\/v2\/posts\/18071","targetHints":{"allow":["GET"]}}],"collection":[{"href":"https:\/\/www.zerdab.com\/index.php?rest_route=\/wp\/v2\/posts"}],"about":[{"href":"https:\/\/www.zerdab.com\/index.php?rest_route=\/wp\/v2\/types\/post"}],"author":[{"embeddable":true,"href":"https:\/\/www.zerdab.com\/index.php?rest_route=\/wp\/v2\/users\/1"}],"replies":[{"embeddable":true,"href":"https:\/\/www.zerdab.com\/index.php?rest_route=%2Fwp%2Fv2%2Fcomments&post=18071"}],"version-history":[{"count":1,"href":"https:\/\/www.zerdab.com\/index.php?rest_route=\/wp\/v2\/posts\/18071\/revisions"}],"predecessor-version":[{"id":18073,"href":"https:\/\/www.zerdab.com\/index.php?rest_route=\/wp\/v2\/posts\/18071\/revisions\/18073"}],"wp:attachment":[{"href":"https:\/\/www.zerdab.com\/index.php?rest_route=%2Fwp%2Fv2%2Fmedia&parent=18071"}],"wp:term":[{"taxonomy":"category","embeddable":true,"href":"https:\/\/www.zerdab.com\/index.php?rest_route=%2Fwp%2Fv2%2Fcategories&post=18071"},{"taxonomy":"post_tag","embeddable":true,"href":"https:\/\/www.zerdab.com\/index.php?rest_route=%2Fwp%2Fv2%2Ftags&post=18071"}],"curies":[{"name":"wp","href":"https:\/\/api.w.org\/{rel}","templated":true}]}}