{"id":18110,"date":"2015-01-17T08:00:53","date_gmt":"2015-01-17T04:00:53","guid":{"rendered":"http:\/\/www.zerdab.com\/?p=18110"},"modified":"2015-01-16T23:23:02","modified_gmt":"2015-01-16T19:23:02","slug":"rayon-m%c9%99rk%c9%99zi-kitabxanasinda-anim-t%c9%99dbiri-kecirildi","status":"publish","type":"post","link":"https:\/\/www.zerdab.com\/?p=18110","title":{"rendered":"Rayon M\u0259rk\u0259zi Kitabxanas\u0131nda an\u0131m t\u0259dbiri ke\u00e7irildi"},"content":{"rendered":"<p><a href=\"http:\/\/www.zerdab.com\/wp-content\/uploads\/2015\/01\/20-YANVAR-.jpg\"><img loading=\"lazy\" decoding=\"async\" class=\"aligncenter size-large wp-image-18118\" src=\"http:\/\/www.zerdab.com\/wp-content\/uploads\/2015\/01\/20-YANVAR--550x309.jpg\" alt=\"20 YANVAR\" width=\"550\" height=\"309\" \/><\/a>Z\u0259rdab Rayon M\u0259rk\u0259zi Kitabxanas\u0131nda 20 Yanvar h\u00fczn g\u00fcn\u00fcn\u00fcn 25 illiyi il\u0259 \u0259laq\u0259dar \u201cOd vurub q\u0259lbim\u0259 20 Yanvar\u201d adl\u0131 \u0259d\u0259bi-b\u0259dii kompozisiya t\u0259\u015fkil olundu. T\u0259dbird\u0259 \u0259vv\u0259lc\u0259 d\u00f6vl\u0259t himni s\u0259sl\u0259ndirildi v\u0259 \u015f\u0259hidl\u0259rin xatir\u0259si bir d\u0259qiq\u0259lik s\u00fckutla yad edildi. T\u0259dbiri giri\u015f s\u00f6z\u00fc il\u0259 M\u0259rk\u0259zil\u0259\u015fdirilmi\u015f Kitabxana Sisteminin direktoru Nail\u0259 \u018fliyeva a\u00e7araq 20 yanvar fac\u0259sinin tarixind\u0259n dan\u0131\u015fd\u0131.<br \/>\nT\u0259dbir \u015f\u0259h\u0259r 3\u00a0sayl\u0131 tam orta m\u0259kt\u0259bin \u015fagirdl\u0259rinin i\u015ftirak\u0131 il\u0259 haz\u0131rlanm\u0131\u015f \u201cOd vurub q\u0259lbim\u0259 20 Yanvar\u201d adl\u0131 \u0259d\u0259bi-b\u0259dii kompozisiya il\u0259 davam etdirildi. T\u0259dbird\u0259 kitabxanan\u0131n \u0259m\u0259kda\u015flar\u0131ndan C\u0259mal\u0259 Feyzullayeva, Leyla \u0130sk\u0259nd\u0259rli, G\u00fcl\u00fcstan R\u0259himova, G\u00fclzar Qas\u0131mova, Xanm\u0259mm\u0259dli k\u0259nd kitabxana filial\u0131n\u0131n m\u00fcdiri \u015e\u00fckuf\u0259 S\u0259limova \u00e7\u0131x\u0131\u015f ed\u0259r\u0259k, v\u0259t\u0259nimizin m\u00fcst\u0259qilliyi u\u011frunda canlar\u0131n\u0131 f\u0259da ed\u0259n 20 yanvar \u015f\u0259hidl\u0259rinin unudulmad\u0131\u011f\u0131n\u0131 v\u0259 bu fac\u0259nin tarix\u0259 h\u0259m h\u00fczn, h\u0259m d\u0259 q\u00fcrur g\u00fcn\u00fc kimi yaz\u0131ld\u0131\u011f\u0131n\u0131 qeyd etdil\u0259r. Kitabxanada t\u0259\u015fkil olunan \u201c20 yanvar\u201d adl\u0131 s\u0259rgi t\u0259dbir i\u015ftirak\u00e7\u0131lar\u0131n\u0131n b\u00f6y\u00fck mara\u011f\u0131na s\u0259b\u0259b oldu. Sonda \u015e\u0259hidl\u0259rin ruhuna &#8220;Fatih\u0259&#8221; Sur\u0259si oxundu.<\/p>\n<p><strong>Z\u0259rdab Rayon\u00a0M\u0259rk\u0259zil\u0259\u015fdirilmi\u015f Kitabxana Sistemi <\/strong><a href=\"http:\/\/www.zerdab.com\/wp-content\/uploads\/2015\/01\/20-YANVAR.jpg\"><img loading=\"lazy\" decoding=\"async\" class=\"aligncenter size-large wp-image-18117\" src=\"http:\/\/www.zerdab.com\/wp-content\/uploads\/2015\/01\/20-YANVAR-550x413.jpg\" alt=\"20 YANVAR\" width=\"550\" height=\"413\" \/><\/a><a href=\"http:\/\/www.zerdab.com\/wp-content\/uploads\/2015\/01\/20-YANVAR...jpg\"><img loading=\"lazy\" decoding=\"async\" class=\"aligncenter size-large wp-image-18115\" src=\"http:\/\/www.zerdab.com\/wp-content\/uploads\/2015\/01\/20-YANVAR..-550x413.jpg\" alt=\"20 YANVAR\" width=\"550\" height=\"413\" \/><\/a><a href=\"http:\/\/www.zerdab.com\/wp-content\/uploads\/2015\/01\/20-YANVAR..jpg\"><img loading=\"lazy\" decoding=\"async\" class=\"aligncenter size-large wp-image-18116\" src=\"http:\/\/www.zerdab.com\/wp-content\/uploads\/2015\/01\/20-YANVAR.-550x413.jpg\" alt=\"20 YANVAR\" width=\"550\" height=\"413\" \/><\/a><\/p>\n","protected":false},"excerpt":{"rendered":"<p>Z\u0259rdab Rayon M\u0259rk\u0259zi Kitabxanas\u0131nda 20 Yanvar h\u00fczn g\u00fcn\u00fcn\u00fcn 25 illiyi il\u0259 \u0259laq\u0259dar \u201cOd vurub q\u0259lbim\u0259 20 Yanvar\u201d adl\u0131 \u0259d\u0259bi-b\u0259dii kompozisiya t\u0259\u015fkil olundu. T\u0259dbird\u0259 \u0259vv\u0259lc\u0259 d\u00f6vl\u0259t himni s\u0259sl\u0259ndirildi v\u0259 \u015f\u0259hidl\u0259rin xatir\u0259si bir d\u0259qiq\u0259lik s\u00fckutla yad edildi. T\u0259dbiri giri\u015f s\u00f6z\u00fc il\u0259 M\u0259rk\u0259zil\u0259\u015fdirilmi\u015f Kitabxana Sisteminin direktoru Nail\u0259 \u018fliyeva a\u00e7araq 20 yanvar fac\u0259sinin tarixind\u0259n dan\u0131\u015fd\u0131. T\u0259dbir \u015f\u0259h\u0259r 3\u00a0sayl\u0131 tam [&hellip;]<\/p>\n","protected":false},"author":1,"featured_media":0,"comment_status":"open","ping_status":"open","sticky":false,"template":"","format":"standard","meta":{"footnotes":""},"categories":[5],"tags":[],"class_list":{"0":"post-18110","1":"post","2":"type-post","3":"status-publish","4":"format-standard","6":"category-knd"},"yoast_head":"<!-- This site is optimized with the Yoast SEO plugin v27.0 - https:\/\/yoast.com\/product\/yoast-seo-wordpress\/ -->\n<title>Rayon M\u0259rk\u0259zi Kitabxanas\u0131nda an\u0131m t\u0259dbiri ke\u00e7irildi - Z\u0259rdab.com<\/title>\n<meta name=\"robots\" content=\"index, follow, max-snippet:-1, max-image-preview:large, max-video-preview:-1\" \/>\n<link rel=\"canonical\" href=\"https:\/\/www.zerdab.com\/?p=18110\" \/>\n<meta property=\"og:locale\" content=\"az_AZ\" \/>\n<meta property=\"og:type\" content=\"article\" \/>\n<meta property=\"og:title\" content=\"Rayon M\u0259rk\u0259zi Kitabxanas\u0131nda an\u0131m t\u0259dbiri ke\u00e7irildi - Z\u0259rdab.com\" \/>\n<meta property=\"og:description\" content=\"Z\u0259rdab Rayon M\u0259rk\u0259zi Kitabxanas\u0131nda 20 Yanvar h\u00fczn g\u00fcn\u00fcn\u00fcn 25 illiyi il\u0259 \u0259laq\u0259dar \u201cOd vurub q\u0259lbim\u0259 20 Yanvar\u201d adl\u0131 \u0259d\u0259bi-b\u0259dii kompozisiya t\u0259\u015fkil olundu. T\u0259dbird\u0259 \u0259vv\u0259lc\u0259 d\u00f6vl\u0259t himni s\u0259sl\u0259ndirildi v\u0259 \u015f\u0259hidl\u0259rin xatir\u0259si bir d\u0259qiq\u0259lik s\u00fckutla yad edildi. T\u0259dbiri giri\u015f s\u00f6z\u00fc il\u0259 M\u0259rk\u0259zil\u0259\u015fdirilmi\u015f Kitabxana Sisteminin direktoru Nail\u0259 \u018fliyeva a\u00e7araq 20 yanvar fac\u0259sinin tarixind\u0259n dan\u0131\u015fd\u0131. T\u0259dbir \u015f\u0259h\u0259r 3\u00a0sayl\u0131 tam [&hellip;]\" \/>\n<meta property=\"og:url\" content=\"https:\/\/www.zerdab.com\/?p=18110\" \/>\n<meta property=\"og:site_name\" content=\"Z\u0259rdab.com\" \/>\n<meta property=\"article:published_time\" content=\"2015-01-17T04:00:53+00:00\" \/>\n<meta property=\"og:image\" content=\"http:\/\/www.zerdab.com\/wp-content\/uploads\/2015\/01\/20-YANVAR--550x309.jpg\" \/>\n<meta name=\"author\" content=\"admin\" \/>\n<meta name=\"twitter:card\" content=\"summary_large_image\" \/>\n<meta name=\"twitter:label1\" content=\"Written by\" \/>\n\t<meta name=\"twitter:data1\" content=\"admin\" \/>\n\t<meta name=\"twitter:label2\" content=\"Est. reading time\" \/>\n\t<meta name=\"twitter:data2\" content=\"1 minute\" \/>\n<script type=\"application\/ld+json\" class=\"yoast-schema-graph\">{\"@context\":\"https:\/\/schema.org\",\"@graph\":[{\"@type\":\"Article\",\"@id\":\"https:\/\/www.zerdab.com\/?p=18110#article\",\"isPartOf\":{\"@id\":\"https:\/\/www.zerdab.com\/?p=18110\"},\"author\":{\"name\":\"admin\",\"@id\":\"https:\/\/www.zerdab.com\/#\/schema\/person\/97079b7570c1e89ec0d9e138c3672136\"},\"headline\":\"Rayon M\u0259rk\u0259zi Kitabxanas\u0131nda an\u0131m t\u0259dbiri ke\u00e7irildi\",\"datePublished\":\"2015-01-17T04:00:53+00:00\",\"mainEntityOfPage\":{\"@id\":\"https:\/\/www.zerdab.com\/?p=18110\"},\"wordCount\":247,\"commentCount\":0,\"image\":{\"@id\":\"https:\/\/www.zerdab.com\/?p=18110#primaryimage\"},\"thumbnailUrl\":\"http:\/\/www.zerdab.com\/wp-content\/uploads\/2015\/01\/20-YANVAR--550x309.jpg\",\"articleSection\":[\"X\u018fB\u018fRL\u018fR\"],\"inLanguage\":\"az\",\"potentialAction\":[{\"@type\":\"CommentAction\",\"name\":\"Comment\",\"target\":[\"https:\/\/www.zerdab.com\/?p=18110#respond\"]}]},{\"@type\":\"WebPage\",\"@id\":\"https:\/\/www.zerdab.com\/?p=18110\",\"url\":\"https:\/\/www.zerdab.com\/?p=18110\",\"name\":\"Rayon M\u0259rk\u0259zi Kitabxanas\u0131nda an\u0131m t\u0259dbiri ke\u00e7irildi - Z\u0259rdab.com\",\"isPartOf\":{\"@id\":\"https:\/\/www.zerdab.com\/#website\"},\"primaryImageOfPage\":{\"@id\":\"https:\/\/www.zerdab.com\/?p=18110#primaryimage\"},\"image\":{\"@id\":\"https:\/\/www.zerdab.com\/?p=18110#primaryimage\"},\"thumbnailUrl\":\"http:\/\/www.zerdab.com\/wp-content\/uploads\/2015\/01\/20-YANVAR--550x309.jpg\",\"datePublished\":\"2015-01-17T04:00:53+00:00\",\"author\":{\"@id\":\"https:\/\/www.zerdab.com\/#\/schema\/person\/97079b7570c1e89ec0d9e138c3672136\"},\"breadcrumb\":{\"@id\":\"https:\/\/www.zerdab.com\/?p=18110#breadcrumb\"},\"inLanguage\":\"az\",\"potentialAction\":[{\"@type\":\"ReadAction\",\"target\":[\"https:\/\/www.zerdab.com\/?p=18110\"]}]},{\"@type\":\"ImageObject\",\"inLanguage\":\"az\",\"@id\":\"https:\/\/www.zerdab.com\/?p=18110#primaryimage\",\"url\":\"\",\"contentUrl\":\"\"},{\"@type\":\"BreadcrumbList\",\"@id\":\"https:\/\/www.zerdab.com\/?p=18110#breadcrumb\",\"itemListElement\":[{\"@type\":\"ListItem\",\"position\":1,\"name\":\"Home\",\"item\":\"https:\/\/www.zerdab.com\/\"},{\"@type\":\"ListItem\",\"position\":2,\"name\":\"Rayon M\u0259rk\u0259zi Kitabxanas\u0131nda an\u0131m t\u0259dbiri ke\u00e7irildi\"}]},{\"@type\":\"WebSite\",\"@id\":\"https:\/\/www.zerdab.com\/#website\",\"url\":\"https:\/\/www.zerdab.com\/\",\"name\":\"Z\u0259rdab.com\",\"description\":\"\",\"potentialAction\":[{\"@type\":\"SearchAction\",\"target\":{\"@type\":\"EntryPoint\",\"urlTemplate\":\"https:\/\/www.zerdab.com\/?s={search_term_string}\"},\"query-input\":{\"@type\":\"PropertyValueSpecification\",\"valueRequired\":true,\"valueName\":\"search_term_string\"}}],\"inLanguage\":\"az\"},{\"@type\":\"Person\",\"@id\":\"https:\/\/www.zerdab.com\/#\/schema\/person\/97079b7570c1e89ec0d9e138c3672136\",\"name\":\"admin\",\"image\":{\"@type\":\"ImageObject\",\"inLanguage\":\"az\",\"@id\":\"https:\/\/www.zerdab.com\/#\/schema\/person\/image\/\",\"url\":\"https:\/\/secure.gravatar.com\/avatar\/d9c52a9a27c32119cb6679a077fa3e2779e5f822c451cbf01098004361d466ec?s=96&d=mm&r=g\",\"contentUrl\":\"https:\/\/secure.gravatar.com\/avatar\/d9c52a9a27c32119cb6679a077fa3e2779e5f822c451cbf01098004361d466ec?s=96&d=mm&r=g\",\"caption\":\"admin\"},\"url\":\"https:\/\/www.zerdab.com\/?author=1\"}]}<\/script>\n<!-- \/ Yoast SEO plugin. -->","yoast_head_json":{"title":"Rayon M\u0259rk\u0259zi Kitabxanas\u0131nda an\u0131m t\u0259dbiri ke\u00e7irildi - Z\u0259rdab.com","robots":{"index":"index","follow":"follow","max-snippet":"max-snippet:-1","max-image-preview":"max-image-preview:large","max-video-preview":"max-video-preview:-1"},"canonical":"https:\/\/www.zerdab.com\/?p=18110","og_locale":"az_AZ","og_type":"article","og_title":"Rayon M\u0259rk\u0259zi Kitabxanas\u0131nda an\u0131m t\u0259dbiri ke\u00e7irildi - Z\u0259rdab.com","og_description":"Z\u0259rdab Rayon M\u0259rk\u0259zi Kitabxanas\u0131nda 20 Yanvar h\u00fczn g\u00fcn\u00fcn\u00fcn 25 illiyi il\u0259 \u0259laq\u0259dar \u201cOd vurub q\u0259lbim\u0259 20 Yanvar\u201d adl\u0131 \u0259d\u0259bi-b\u0259dii kompozisiya t\u0259\u015fkil olundu. T\u0259dbird\u0259 \u0259vv\u0259lc\u0259 d\u00f6vl\u0259t himni s\u0259sl\u0259ndirildi v\u0259 \u015f\u0259hidl\u0259rin xatir\u0259si bir d\u0259qiq\u0259lik s\u00fckutla yad edildi. T\u0259dbiri giri\u015f s\u00f6z\u00fc il\u0259 M\u0259rk\u0259zil\u0259\u015fdirilmi\u015f Kitabxana Sisteminin direktoru Nail\u0259 \u018fliyeva a\u00e7araq 20 yanvar fac\u0259sinin tarixind\u0259n dan\u0131\u015fd\u0131. T\u0259dbir \u015f\u0259h\u0259r 3\u00a0sayl\u0131 tam [&hellip;]","og_url":"https:\/\/www.zerdab.com\/?p=18110","og_site_name":"Z\u0259rdab.com","article_published_time":"2015-01-17T04:00:53+00:00","og_image":[{"url":"http:\/\/www.zerdab.com\/wp-content\/uploads\/2015\/01\/20-YANVAR--550x309.jpg","type":"","width":"","height":""}],"author":"admin","twitter_card":"summary_large_image","twitter_misc":{"Written by":"admin","Est. reading time":"1 minute"},"schema":{"@context":"https:\/\/schema.org","@graph":[{"@type":"Article","@id":"https:\/\/www.zerdab.com\/?p=18110#article","isPartOf":{"@id":"https:\/\/www.zerdab.com\/?p=18110"},"author":{"name":"admin","@id":"https:\/\/www.zerdab.com\/#\/schema\/person\/97079b7570c1e89ec0d9e138c3672136"},"headline":"Rayon M\u0259rk\u0259zi Kitabxanas\u0131nda an\u0131m t\u0259dbiri ke\u00e7irildi","datePublished":"2015-01-17T04:00:53+00:00","mainEntityOfPage":{"@id":"https:\/\/www.zerdab.com\/?p=18110"},"wordCount":247,"commentCount":0,"image":{"@id":"https:\/\/www.zerdab.com\/?p=18110#primaryimage"},"thumbnailUrl":"http:\/\/www.zerdab.com\/wp-content\/uploads\/2015\/01\/20-YANVAR--550x309.jpg","articleSection":["X\u018fB\u018fRL\u018fR"],"inLanguage":"az","potentialAction":[{"@type":"CommentAction","name":"Comment","target":["https:\/\/www.zerdab.com\/?p=18110#respond"]}]},{"@type":"WebPage","@id":"https:\/\/www.zerdab.com\/?p=18110","url":"https:\/\/www.zerdab.com\/?p=18110","name":"Rayon M\u0259rk\u0259zi Kitabxanas\u0131nda an\u0131m t\u0259dbiri ke\u00e7irildi - Z\u0259rdab.com","isPartOf":{"@id":"https:\/\/www.zerdab.com\/#website"},"primaryImageOfPage":{"@id":"https:\/\/www.zerdab.com\/?p=18110#primaryimage"},"image":{"@id":"https:\/\/www.zerdab.com\/?p=18110#primaryimage"},"thumbnailUrl":"http:\/\/www.zerdab.com\/wp-content\/uploads\/2015\/01\/20-YANVAR--550x309.jpg","datePublished":"2015-01-17T04:00:53+00:00","author":{"@id":"https:\/\/www.zerdab.com\/#\/schema\/person\/97079b7570c1e89ec0d9e138c3672136"},"breadcrumb":{"@id":"https:\/\/www.zerdab.com\/?p=18110#breadcrumb"},"inLanguage":"az","potentialAction":[{"@type":"ReadAction","target":["https:\/\/www.zerdab.com\/?p=18110"]}]},{"@type":"ImageObject","inLanguage":"az","@id":"https:\/\/www.zerdab.com\/?p=18110#primaryimage","url":"","contentUrl":""},{"@type":"BreadcrumbList","@id":"https:\/\/www.zerdab.com\/?p=18110#breadcrumb","itemListElement":[{"@type":"ListItem","position":1,"name":"Home","item":"https:\/\/www.zerdab.com\/"},{"@type":"ListItem","position":2,"name":"Rayon M\u0259rk\u0259zi Kitabxanas\u0131nda an\u0131m t\u0259dbiri ke\u00e7irildi"}]},{"@type":"WebSite","@id":"https:\/\/www.zerdab.com\/#website","url":"https:\/\/www.zerdab.com\/","name":"Z\u0259rdab.com","description":"","potentialAction":[{"@type":"SearchAction","target":{"@type":"EntryPoint","urlTemplate":"https:\/\/www.zerdab.com\/?s={search_term_string}"},"query-input":{"@type":"PropertyValueSpecification","valueRequired":true,"valueName":"search_term_string"}}],"inLanguage":"az"},{"@type":"Person","@id":"https:\/\/www.zerdab.com\/#\/schema\/person\/97079b7570c1e89ec0d9e138c3672136","name":"admin","image":{"@type":"ImageObject","inLanguage":"az","@id":"https:\/\/www.zerdab.com\/#\/schema\/person\/image\/","url":"https:\/\/secure.gravatar.com\/avatar\/d9c52a9a27c32119cb6679a077fa3e2779e5f822c451cbf01098004361d466ec?s=96&d=mm&r=g","contentUrl":"https:\/\/secure.gravatar.com\/avatar\/d9c52a9a27c32119cb6679a077fa3e2779e5f822c451cbf01098004361d466ec?s=96&d=mm&r=g","caption":"admin"},"url":"https:\/\/www.zerdab.com\/?author=1"}]}},"_links":{"self":[{"href":"https:\/\/www.zerdab.com\/index.php?rest_route=\/wp\/v2\/posts\/18110","targetHints":{"allow":["GET"]}}],"collection":[{"href":"https:\/\/www.zerdab.com\/index.php?rest_route=\/wp\/v2\/posts"}],"about":[{"href":"https:\/\/www.zerdab.com\/index.php?rest_route=\/wp\/v2\/types\/post"}],"author":[{"embeddable":true,"href":"https:\/\/www.zerdab.com\/index.php?rest_route=\/wp\/v2\/users\/1"}],"replies":[{"embeddable":true,"href":"https:\/\/www.zerdab.com\/index.php?rest_route=%2Fwp%2Fv2%2Fcomments&post=18110"}],"version-history":[{"count":2,"href":"https:\/\/www.zerdab.com\/index.php?rest_route=\/wp\/v2\/posts\/18110\/revisions"}],"predecessor-version":[{"id":18124,"href":"https:\/\/www.zerdab.com\/index.php?rest_route=\/wp\/v2\/posts\/18110\/revisions\/18124"}],"wp:attachment":[{"href":"https:\/\/www.zerdab.com\/index.php?rest_route=%2Fwp%2Fv2%2Fmedia&parent=18110"}],"wp:term":[{"taxonomy":"category","embeddable":true,"href":"https:\/\/www.zerdab.com\/index.php?rest_route=%2Fwp%2Fv2%2Fcategories&post=18110"},{"taxonomy":"post_tag","embeddable":true,"href":"https:\/\/www.zerdab.com\/index.php?rest_route=%2Fwp%2Fv2%2Ftags&post=18110"}],"curies":[{"name":"wp","href":"https:\/\/api.w.org\/{rel}","templated":true}]}}