{"id":18170,"date":"2015-01-20T13:46:18","date_gmt":"2015-01-20T09:46:18","guid":{"rendered":"http:\/\/www.zerdab.com\/?p=18170"},"modified":"2015-01-20T13:47:46","modified_gmt":"2015-01-20T09:47:46","slug":"z%c9%99rdabda-umumrayon-anim-m%c9%99rasimi-kecirildi-fotolar-2","status":"publish","type":"post","link":"https:\/\/www.zerdab.com\/?p=18170","title":{"rendered":"Z\u0259rdabda \u00fcmumrayon an\u0131m m\u0259rasimi ke\u00e7irildi &#8211; FOTOLAR"},"content":{"rendered":"<p><a href=\"http:\/\/www.zerdab.com\/wp-content\/uploads\/2015\/01\/Z\u0259rdab-20-yanvar-anim21.jpg\"><br \/>\n<\/a><a href=\"http:\/\/www.zerdab.com\/wp-content\/uploads\/2015\/01\/Z\u0259rdab-20-yanvar-anim11.jpg\"><img loading=\"lazy\" decoding=\"async\" class=\"aligncenter size-large wp-image-18182\" src=\"http:\/\/www.zerdab.com\/wp-content\/uploads\/2015\/01\/Z\u0259rdab-20-yanvar-anim11-550x365.jpg\" alt=\"Z\u0259rdab-20 yanvar-anim\" width=\"550\" height=\"365\" \/><\/a><a href=\"http:\/\/www.zerdab.com\/wp-content\/uploads\/2015\/01\/Z\u0259rdab-20-yanvar-1.jpg\"><br \/>\n<\/a>Z\u0259rdab Rayon \u0130cra Hakimiyy\u0259tind\u0259 t\u0259sdiq edilmi\u015f t\u0259dbirl\u0259r plan\u0131nda n\u0259z\u0259rd\u0259 tutulmu\u015f t\u0259dbirl\u0259rin davam\u0131 olaraq 20 Yanvar faci\u0259sinin 25-ci ild\u00f6n\u00fcm\u00fc il\u0259 ba\u011fl\u0131 \u00fcmumrayon an\u0131m m\u0259rasimi ke\u00e7irilmi\u015fdir.<\/p>\n<p>\u00d6nc\u0259 rayon r\u0259hb\u0259rliyi v\u0259 ictimaiyy\u0259t n\u00fcmay\u0259nd\u0259l\u0259ri \u015e\u0259hidl\u0259rin Xatir\u0259 park\u0131nda 20 Yanvar faci\u0259sinin 25-ci ild\u00f6n\u00fcm\u00fcn\u0259 h\u0259sr olunmu\u015f divar q\u0259zetl\u0259rin\u0259, r\u0259sm i\u015fl\u0259rin\u0259 v\u0259 kitab s\u0259rgisin\u0259 bax\u0131\u015f ke\u00e7irmi\u015f, daha sonra abid\u0259 kompleksl\u0259rinin \u00f6n\u00fcn\u0259 t\u0259z\u0259 t\u0259r g\u00fcll\u0259r qoymu\u015flar.<\/p>\n<p>T\u0259dbirin r\u0259smi hiss\u0259si m\u00fcst\u0259qilliyimiz u\u011frunda \u015f\u0259hid olmu\u015f v\u0259t\u0259n \u00f6vladlar\u0131n\u0131n ruhuna dualar verilm\u0259si il\u0259 ba\u015flan\u0131lm\u0131\u015fd\u0131r. Rayon \u0130cra Hakimiyy\u0259tinin ba\u015f\u00e7\u0131s\u0131 L\u00fctv\u0259li Babayev an\u0131m m\u0259rasimind\u0259 \u00e7\u0131x\u0131\u015f ed\u0259r\u0259k bildirmi\u015fdir ki, Az\u0259rbaycan xalq\u0131n\u0131n taleyin\u0259 q\u0259hr\u0259manl\u0131q tarixi v\u0259 m\u00fcst\u0259qillik simvolu kimi daxil olmu\u015f 1990-c\u0131 ilin 20 yanvar faci\u0259sind\u0259n art\u0131q 25 il ke\u00e7ir. \u0130cra Hakimiyy\u0259tinin ba\u015f\u00e7\u0131s\u0131 bildirmi\u015fdir ki, 20 Yanvar hadis\u0259l\u0259ri xalq\u0131m\u0131z\u0131n milli m\u0259nliyin\u0259, milli azadl\u0131q ruhuna qar\u015f\u0131 t\u0259cav\u00fcz idi. Lakin Az\u0259rbaycan xalq\u0131 \u00f6z q\u00fcrurunu itirm\u0259di, onun irad\u0259si q\u0131r\u0131lmad\u0131. Xalq\u0131m\u0131z\u0131n qan yadda\u015f\u0131na silinm\u0259z faci\u0259 kimi yaz\u0131lm\u0131\u015f 20 Yanvar eyni zamanda tariximizin bir q\u0259hr\u0259manl\u0131q s\u0259hif\u0259sidir. Biz 20 Yanvar\u0131 milli mat\u0259m, h\u00fczn g\u00fcn\u00fc kimi qeyd edirik, ancaq o m\u00fcdhi\u015f gec\u0259ni h\u0259m d\u0259 iftixar, q\u00fcrur hissi il\u0259 xat\u0131rlay\u0131r\u0131q, 1990-c\u0131 ilin yanvar\u0131n 19-dan 20-n\u0259 ke\u00e7\u0259n gec\u0259 Az\u0259rbaycan xalq\u0131na qar\u015f\u0131 t\u00f6r\u0259dilmi\u015f cinay\u0259t, t\u00f6k\u00fclm\u00fc\u015f nahaq qanlar, insanlar\u0131n v\u0259h\u015fic\u0259sin\u0259 q\u0259tl\u0259 yetirilm\u0259si he\u00e7 d\u0259 Az\u0259rbaycan xalq\u0131n\u0131n m\u00fcst\u0259qillik u\u011frunda m\u00fcbariz\u0259 \u0259zmini q\u0131ra bilm\u0259di.<\/p>\n<p>L\u00fctv\u0259li Babayev Az\u0259rbaycan\u0131n \u0259razi b\u00fct\u00f6vl\u00fcy\u00fc u\u011frunda d\u00f6y\u00fc\u015fl\u0259rd\u0259 Z\u0259rdab rayonundan 140-a q\u0259d\u0259r g\u0259ncin \u015f\u0259hid oldu\u011funu, 90 n\u0259f\u0259rin \u0259lil olmas\u0131n\u0131 bildir\u0259r\u0259k \u015f\u0259hidl\u0259rd\u0259n 35 n\u0259f\u0259rinin ad\u0131n\u0131n \u0259b\u0259dil\u0259\u015fdiril\u0259r\u0259k m\u0259kt\u0259b v\u0259 k\u00fc\u00e7\u0259l\u0259r\u0259 verildiyini qeyd etdi.<\/p>\n<p>L\u00fctv\u0259li Babayev xalq\u0131m\u0131z\u0131n s\u0259sin\u0259 ilk d\u0259f\u0259 s\u0259s ver\u0259n, d\u0259rdin\u0259 \u015f\u0259rik olan \u00dcmummilli liderimiz Heyd\u0259r \u018fliyevin 20 yanvar\u0131 xalq\u0131m\u0131z\u0131n q\u0259hr\u0259manl\u0131q tarixi adland\u0131rmas\u0131n\u0131 bir daha yada salaraq b\u00fct\u00fcn z\u0259rdabl\u0131lar ad\u0131ndan V\u0259t\u0259n yolunda canlar\u0131ndan ke\u00e7\u0259n \u015f\u0259hidl\u0259rimiz\u0259 Ulu Yaradandan r\u0259hm\u0259t, ail\u0259l\u0259rin\u0259 s\u0259bir dil\u0259di.<\/p>\n<p>Qeyd etdi ki, \u015f\u0259hidl\u0259rimizin xatir\u0259si he\u00e7 vaxt unudulmayacaq, onlar\u0131n xatir\u0259sin\u0259 \u0259n b\u00f6y\u00fck abid\u0259 is\u0259 bu g\u00fcn Ulu \u00d6nd\u0259rin layiqli varisi m\u00f6ht\u0259r\u0259m Prezidentimiz, Ali Ba\u015f Komandan\u0131m\u0131z c\u0259nab \u0130lham \u018fliyev t\u0259r\u0259find\u0259n inamla idar\u0259 olunan, ild\u0259n-il\u0259 \u00f6z iqtisadi v\u0259 m\u00fcdafi\u0259 q\u00fcdr\u0259tini m\u00f6hk\u0259ml\u0259ndir\u0259n m\u00fcst\u0259qil, azad v\u0259 demokratik Az\u0259rbaycan Respublikas\u0131d\u0131r.<\/p>\n<p>Saat 12:00-da rayon \u0259razisind\u0259 20 Yanvar \u015f\u0259hidl\u0259rinin xatir\u0259si bir d\u0259qiq\u0259lik s\u00fckutla yad edildi, avtomobill\u0259r v\u0259 g\u0259mi vasit\u0259sil\u0259 s\u0259s siqnallar\u0131 verildi.<\/p>\n<p>Rayonun idar\u0259, m\u00fc\u0259ssis\u0259 v\u0259 t\u0259\u015fkilatlar\u0131n\u0131n b\u00fct\u00fcn \u0259m\u0259k kollektivl\u0259ri \u015e\u0259hidl\u0259rin Xatir\u0259 park\u0131nda ucald\u0131lm\u0131\u015f abid\u0259nin \u00f6n\u00fcn\u0259 t\u0259r g\u00fcll\u0259r qoydular.<\/p>\n<p>G\u00fcn \u0259rzind\u0259 rayon \u0259razisind\u0259ki m\u0259scidl\u0259rd\u0259 ehsan s\u00fcfr\u0259l\u0259ri a\u00e7\u0131lm\u0131\u015f, \u015f\u0259hidl\u0259rin ruhuna dualar oxunmu\u015fdur.<\/p>\n<p><strong>Z\u0259rdab Rayon \u0130cra Hakimiyy\u0259ti<a href=\"http:\/\/www.zerdab.com\/wp-content\/uploads\/2015\/01\/Z\u0259rdab-20-yanvar-1.jpg\"><img loading=\"lazy\" decoding=\"async\" class=\"aligncenter size-large wp-image-18172\" src=\"http:\/\/www.zerdab.com\/wp-content\/uploads\/2015\/01\/Z\u0259rdab-20-yanvar-1-550x365.jpg\" alt=\"Z\u0259rdab-20 yanvar-\" width=\"550\" height=\"365\" \/><\/a><a href=\"http:\/\/www.zerdab.com\/wp-content\/uploads\/2015\/01\/Z\u0259rdab-20-yanvar-anim10.jpg\"><img loading=\"lazy\" decoding=\"async\" class=\"aligncenter size-large wp-image-18181\" src=\"http:\/\/www.zerdab.com\/wp-content\/uploads\/2015\/01\/Z\u0259rdab-20-yanvar-anim10-550x365.jpg\" alt=\"Z\u0259rdab-20 yanvar-anim10\" width=\"550\" height=\"365\" \/><\/a><a href=\"http:\/\/www.zerdab.com\/wp-content\/uploads\/2015\/01\/Z\u0259rdab-20-yanvar-anim9.jpg\"><img loading=\"lazy\" decoding=\"async\" class=\"aligncenter size-large wp-image-18180\" src=\"http:\/\/www.zerdab.com\/wp-content\/uploads\/2015\/01\/Z\u0259rdab-20-yanvar-anim9-550x365.jpg\" alt=\"Z\u0259rdab-20 yanvar-anim9\" width=\"550\" height=\"365\" \/><\/a><a href=\"http:\/\/www.zerdab.com\/wp-content\/uploads\/2015\/01\/Z\u0259rdab-20-yanvar-anim6.jpg\"><img loading=\"lazy\" decoding=\"async\" class=\"aligncenter size-large wp-image-18179\" src=\"http:\/\/www.zerdab.com\/wp-content\/uploads\/2015\/01\/Z\u0259rdab-20-yanvar-anim6-550x365.jpg\" alt=\"Z\u0259rdab-20 yanvar-anim6\" width=\"550\" height=\"365\" \/><\/a><a href=\"http:\/\/www.zerdab.com\/wp-content\/uploads\/2015\/01\/Z\u0259rdab-20-yanvar-anim5.jpg\"><img loading=\"lazy\" decoding=\"async\" class=\"aligncenter size-large wp-image-18178\" src=\"http:\/\/www.zerdab.com\/wp-content\/uploads\/2015\/01\/Z\u0259rdab-20-yanvar-anim5-550x365.jpg\" alt=\"Z\u0259rdab-20 yanvar-anim5\" width=\"550\" height=\"365\" \/><\/a><a href=\"http:\/\/www.zerdab.com\/wp-content\/uploads\/2015\/01\/Z\u0259rdab-20-yanvar-anim.jpg\"><img loading=\"lazy\" decoding=\"async\" class=\"aligncenter size-large wp-image-18174\" src=\"http:\/\/www.zerdab.com\/wp-content\/uploads\/2015\/01\/Z\u0259rdab-20-yanvar-anim-550x365.jpg\" alt=\"Z\u0259rdab-20 yanvar-anim\" width=\"550\" height=\"365\" \/><\/a><a href=\"http:\/\/www.zerdab.com\/wp-content\/uploads\/2015\/01\/Z\u0259rdab-20-yanvar1.jpg\"><img loading=\"lazy\" decoding=\"async\" class=\"aligncenter size-large wp-image-18171\" src=\"http:\/\/www.zerdab.com\/wp-content\/uploads\/2015\/01\/Z\u0259rdab-20-yanvar1-550x365.jpg\" alt=\"Z\u0259rdab-20 yanvar\" width=\"550\" height=\"365\" \/><\/a><a href=\"http:\/\/www.zerdab.com\/wp-content\/uploads\/2015\/01\/Z\u0259rdab-20-yanvar2-.jpg\"><img loading=\"lazy\" decoding=\"async\" class=\"aligncenter size-large wp-image-18173\" src=\"http:\/\/www.zerdab.com\/wp-content\/uploads\/2015\/01\/Z\u0259rdab-20-yanvar2--550x365.jpg\" alt=\"Z\u0259rdab-20 yanvar2-\" width=\"550\" height=\"365\" \/><\/a><a href=\"http:\/\/www.zerdab.com\/wp-content\/uploads\/2015\/01\/Z\u0259rdab-20-yanvar-anim1.jpg\"><img loading=\"lazy\" decoding=\"async\" class=\"aligncenter size-large wp-image-18175\" src=\"http:\/\/www.zerdab.com\/wp-content\/uploads\/2015\/01\/Z\u0259rdab-20-yanvar-anim1-550x365.jpg\" alt=\"Z\u0259rdab-20 yanvar-anim1\" width=\"550\" height=\"365\" \/><\/a><a href=\"http:\/\/www.zerdab.com\/wp-content\/uploads\/2015\/01\/Z\u0259rdab-20-yanvar-anim21.jpg\"><img loading=\"lazy\" decoding=\"async\" class=\"aligncenter size-large wp-image-18184\" src=\"http:\/\/www.zerdab.com\/wp-content\/uploads\/2015\/01\/Z\u0259rdab-20-yanvar-anim21-550x365.jpg\" alt=\"Z\u0259rdab-20 yanvar-anim2\" width=\"550\" height=\"365\" \/><\/a><\/strong><\/p>\n","protected":false},"excerpt":{"rendered":"<p>Z\u0259rdab Rayon \u0130cra Hakimiyy\u0259tind\u0259 t\u0259sdiq edilmi\u015f t\u0259dbirl\u0259r plan\u0131nda n\u0259z\u0259rd\u0259 tutulmu\u015f t\u0259dbirl\u0259rin davam\u0131 olaraq 20 Yanvar faci\u0259sinin 25-ci ild\u00f6n\u00fcm\u00fc il\u0259 ba\u011fl\u0131 \u00fcmumrayon an\u0131m m\u0259rasimi ke\u00e7irilmi\u015fdir. \u00d6nc\u0259 rayon r\u0259hb\u0259rliyi v\u0259 ictimaiyy\u0259t n\u00fcmay\u0259nd\u0259l\u0259ri \u015e\u0259hidl\u0259rin Xatir\u0259 park\u0131nda 20 Yanvar faci\u0259sinin 25-ci ild\u00f6n\u00fcm\u00fcn\u0259 h\u0259sr olunmu\u015f divar q\u0259zetl\u0259rin\u0259, r\u0259sm i\u015fl\u0259rin\u0259 v\u0259 kitab s\u0259rgisin\u0259 bax\u0131\u015f ke\u00e7irmi\u015f, daha sonra abid\u0259 kompleksl\u0259rinin \u00f6n\u00fcn\u0259 t\u0259z\u0259 [&hellip;]<\/p>\n","protected":false},"author":1,"featured_media":0,"comment_status":"open","ping_status":"open","sticky":false,"template":"","format":"standard","meta":{"footnotes":""},"categories":[21],"tags":[],"class_list":{"0":"post-18170","1":"post","2":"type-post","3":"status-publish","4":"format-standard","6":"category-zrdab"},"yoast_head":"<!-- This site is optimized with the Yoast SEO plugin v27.0 - https:\/\/yoast.com\/product\/yoast-seo-wordpress\/ -->\n<title>Z\u0259rdabda \u00fcmumrayon an\u0131m m\u0259rasimi ke\u00e7irildi - FOTOLAR - Z\u0259rdab.com<\/title>\n<meta name=\"robots\" content=\"index, follow, max-snippet:-1, max-image-preview:large, max-video-preview:-1\" \/>\n<link rel=\"canonical\" href=\"https:\/\/www.zerdab.com\/?p=18170\" \/>\n<meta property=\"og:locale\" content=\"az_AZ\" \/>\n<meta property=\"og:type\" content=\"article\" \/>\n<meta property=\"og:title\" content=\"Z\u0259rdabda \u00fcmumrayon an\u0131m m\u0259rasimi ke\u00e7irildi - FOTOLAR - Z\u0259rdab.com\" \/>\n<meta property=\"og:description\" content=\"Z\u0259rdab Rayon \u0130cra Hakimiyy\u0259tind\u0259 t\u0259sdiq edilmi\u015f t\u0259dbirl\u0259r plan\u0131nda n\u0259z\u0259rd\u0259 tutulmu\u015f t\u0259dbirl\u0259rin davam\u0131 olaraq 20 Yanvar faci\u0259sinin 25-ci ild\u00f6n\u00fcm\u00fc il\u0259 ba\u011fl\u0131 \u00fcmumrayon an\u0131m m\u0259rasimi ke\u00e7irilmi\u015fdir. \u00d6nc\u0259 rayon r\u0259hb\u0259rliyi v\u0259 ictimaiyy\u0259t n\u00fcmay\u0259nd\u0259l\u0259ri \u015e\u0259hidl\u0259rin Xatir\u0259 park\u0131nda 20 Yanvar faci\u0259sinin 25-ci ild\u00f6n\u00fcm\u00fcn\u0259 h\u0259sr olunmu\u015f divar q\u0259zetl\u0259rin\u0259, r\u0259sm i\u015fl\u0259rin\u0259 v\u0259 kitab s\u0259rgisin\u0259 bax\u0131\u015f ke\u00e7irmi\u015f, daha sonra abid\u0259 kompleksl\u0259rinin \u00f6n\u00fcn\u0259 t\u0259z\u0259 [&hellip;]\" \/>\n<meta property=\"og:url\" content=\"https:\/\/www.zerdab.com\/?p=18170\" \/>\n<meta property=\"og:site_name\" content=\"Z\u0259rdab.com\" \/>\n<meta property=\"article:published_time\" content=\"2015-01-20T09:46:18+00:00\" \/>\n<meta property=\"article:modified_time\" content=\"2015-01-20T09:47:46+00:00\" \/>\n<meta name=\"author\" content=\"admin\" \/>\n<meta name=\"twitter:card\" content=\"summary_large_image\" \/>\n<meta name=\"twitter:label1\" content=\"Written by\" \/>\n\t<meta name=\"twitter:data1\" content=\"admin\" \/>\n\t<meta name=\"twitter:label2\" content=\"Est. reading time\" \/>\n\t<meta name=\"twitter:data2\" content=\"3 minutes\" \/>\n<script type=\"application\/ld+json\" class=\"yoast-schema-graph\">{\"@context\":\"https:\/\/schema.org\",\"@graph\":[{\"@type\":\"Article\",\"@id\":\"https:\/\/www.zerdab.com\/?p=18170#article\",\"isPartOf\":{\"@id\":\"https:\/\/www.zerdab.com\/?p=18170\"},\"author\":{\"name\":\"admin\",\"@id\":\"https:\/\/www.zerdab.com\/#\/schema\/person\/97079b7570c1e89ec0d9e138c3672136\"},\"headline\":\"Z\u0259rdabda \u00fcmumrayon an\u0131m m\u0259rasimi ke\u00e7irildi &#8211; FOTOLAR\",\"datePublished\":\"2015-01-20T09:46:18+00:00\",\"dateModified\":\"2015-01-20T09:47:46+00:00\",\"mainEntityOfPage\":{\"@id\":\"https:\/\/www.zerdab.com\/?p=18170\"},\"wordCount\":644,\"commentCount\":1,\"articleSection\":[\"C\u018fM\u0130YY\u018fT\"],\"inLanguage\":\"az\",\"potentialAction\":[{\"@type\":\"CommentAction\",\"name\":\"Comment\",\"target\":[\"https:\/\/www.zerdab.com\/?p=18170#respond\"]}]},{\"@type\":\"WebPage\",\"@id\":\"https:\/\/www.zerdab.com\/?p=18170\",\"url\":\"https:\/\/www.zerdab.com\/?p=18170\",\"name\":\"Z\u0259rdabda \u00fcmumrayon an\u0131m m\u0259rasimi ke\u00e7irildi - FOTOLAR - Z\u0259rdab.com\",\"isPartOf\":{\"@id\":\"https:\/\/www.zerdab.com\/#website\"},\"datePublished\":\"2015-01-20T09:46:18+00:00\",\"dateModified\":\"2015-01-20T09:47:46+00:00\",\"author\":{\"@id\":\"https:\/\/www.zerdab.com\/#\/schema\/person\/97079b7570c1e89ec0d9e138c3672136\"},\"breadcrumb\":{\"@id\":\"https:\/\/www.zerdab.com\/?p=18170#breadcrumb\"},\"inLanguage\":\"az\",\"potentialAction\":[{\"@type\":\"ReadAction\",\"target\":[\"https:\/\/www.zerdab.com\/?p=18170\"]}]},{\"@type\":\"BreadcrumbList\",\"@id\":\"https:\/\/www.zerdab.com\/?p=18170#breadcrumb\",\"itemListElement\":[{\"@type\":\"ListItem\",\"position\":1,\"name\":\"Home\",\"item\":\"https:\/\/www.zerdab.com\/\"},{\"@type\":\"ListItem\",\"position\":2,\"name\":\"Z\u0259rdabda \u00fcmumrayon an\u0131m m\u0259rasimi ke\u00e7irildi &#8211; FOTOLAR\"}]},{\"@type\":\"WebSite\",\"@id\":\"https:\/\/www.zerdab.com\/#website\",\"url\":\"https:\/\/www.zerdab.com\/\",\"name\":\"Z\u0259rdab.com\",\"description\":\"\",\"potentialAction\":[{\"@type\":\"SearchAction\",\"target\":{\"@type\":\"EntryPoint\",\"urlTemplate\":\"https:\/\/www.zerdab.com\/?s={search_term_string}\"},\"query-input\":{\"@type\":\"PropertyValueSpecification\",\"valueRequired\":true,\"valueName\":\"search_term_string\"}}],\"inLanguage\":\"az\"},{\"@type\":\"Person\",\"@id\":\"https:\/\/www.zerdab.com\/#\/schema\/person\/97079b7570c1e89ec0d9e138c3672136\",\"name\":\"admin\",\"image\":{\"@type\":\"ImageObject\",\"inLanguage\":\"az\",\"@id\":\"https:\/\/www.zerdab.com\/#\/schema\/person\/image\/\",\"url\":\"https:\/\/secure.gravatar.com\/avatar\/d9c52a9a27c32119cb6679a077fa3e2779e5f822c451cbf01098004361d466ec?s=96&d=mm&r=g\",\"contentUrl\":\"https:\/\/secure.gravatar.com\/avatar\/d9c52a9a27c32119cb6679a077fa3e2779e5f822c451cbf01098004361d466ec?s=96&d=mm&r=g\",\"caption\":\"admin\"},\"url\":\"https:\/\/www.zerdab.com\/?author=1\"}]}<\/script>\n<!-- \/ Yoast SEO plugin. -->","yoast_head_json":{"title":"Z\u0259rdabda \u00fcmumrayon an\u0131m m\u0259rasimi ke\u00e7irildi - FOTOLAR - Z\u0259rdab.com","robots":{"index":"index","follow":"follow","max-snippet":"max-snippet:-1","max-image-preview":"max-image-preview:large","max-video-preview":"max-video-preview:-1"},"canonical":"https:\/\/www.zerdab.com\/?p=18170","og_locale":"az_AZ","og_type":"article","og_title":"Z\u0259rdabda \u00fcmumrayon an\u0131m m\u0259rasimi ke\u00e7irildi - FOTOLAR - Z\u0259rdab.com","og_description":"Z\u0259rdab Rayon \u0130cra Hakimiyy\u0259tind\u0259 t\u0259sdiq edilmi\u015f t\u0259dbirl\u0259r plan\u0131nda n\u0259z\u0259rd\u0259 tutulmu\u015f t\u0259dbirl\u0259rin davam\u0131 olaraq 20 Yanvar faci\u0259sinin 25-ci ild\u00f6n\u00fcm\u00fc il\u0259 ba\u011fl\u0131 \u00fcmumrayon an\u0131m m\u0259rasimi ke\u00e7irilmi\u015fdir. \u00d6nc\u0259 rayon r\u0259hb\u0259rliyi v\u0259 ictimaiyy\u0259t n\u00fcmay\u0259nd\u0259l\u0259ri \u015e\u0259hidl\u0259rin Xatir\u0259 park\u0131nda 20 Yanvar faci\u0259sinin 25-ci ild\u00f6n\u00fcm\u00fcn\u0259 h\u0259sr olunmu\u015f divar q\u0259zetl\u0259rin\u0259, r\u0259sm i\u015fl\u0259rin\u0259 v\u0259 kitab s\u0259rgisin\u0259 bax\u0131\u015f ke\u00e7irmi\u015f, daha sonra abid\u0259 kompleksl\u0259rinin \u00f6n\u00fcn\u0259 t\u0259z\u0259 [&hellip;]","og_url":"https:\/\/www.zerdab.com\/?p=18170","og_site_name":"Z\u0259rdab.com","article_published_time":"2015-01-20T09:46:18+00:00","article_modified_time":"2015-01-20T09:47:46+00:00","author":"admin","twitter_card":"summary_large_image","twitter_misc":{"Written by":"admin","Est. reading time":"3 minutes"},"schema":{"@context":"https:\/\/schema.org","@graph":[{"@type":"Article","@id":"https:\/\/www.zerdab.com\/?p=18170#article","isPartOf":{"@id":"https:\/\/www.zerdab.com\/?p=18170"},"author":{"name":"admin","@id":"https:\/\/www.zerdab.com\/#\/schema\/person\/97079b7570c1e89ec0d9e138c3672136"},"headline":"Z\u0259rdabda \u00fcmumrayon an\u0131m m\u0259rasimi ke\u00e7irildi &#8211; FOTOLAR","datePublished":"2015-01-20T09:46:18+00:00","dateModified":"2015-01-20T09:47:46+00:00","mainEntityOfPage":{"@id":"https:\/\/www.zerdab.com\/?p=18170"},"wordCount":644,"commentCount":1,"articleSection":["C\u018fM\u0130YY\u018fT"],"inLanguage":"az","potentialAction":[{"@type":"CommentAction","name":"Comment","target":["https:\/\/www.zerdab.com\/?p=18170#respond"]}]},{"@type":"WebPage","@id":"https:\/\/www.zerdab.com\/?p=18170","url":"https:\/\/www.zerdab.com\/?p=18170","name":"Z\u0259rdabda \u00fcmumrayon an\u0131m m\u0259rasimi ke\u00e7irildi - FOTOLAR - Z\u0259rdab.com","isPartOf":{"@id":"https:\/\/www.zerdab.com\/#website"},"datePublished":"2015-01-20T09:46:18+00:00","dateModified":"2015-01-20T09:47:46+00:00","author":{"@id":"https:\/\/www.zerdab.com\/#\/schema\/person\/97079b7570c1e89ec0d9e138c3672136"},"breadcrumb":{"@id":"https:\/\/www.zerdab.com\/?p=18170#breadcrumb"},"inLanguage":"az","potentialAction":[{"@type":"ReadAction","target":["https:\/\/www.zerdab.com\/?p=18170"]}]},{"@type":"BreadcrumbList","@id":"https:\/\/www.zerdab.com\/?p=18170#breadcrumb","itemListElement":[{"@type":"ListItem","position":1,"name":"Home","item":"https:\/\/www.zerdab.com\/"},{"@type":"ListItem","position":2,"name":"Z\u0259rdabda \u00fcmumrayon an\u0131m m\u0259rasimi ke\u00e7irildi &#8211; FOTOLAR"}]},{"@type":"WebSite","@id":"https:\/\/www.zerdab.com\/#website","url":"https:\/\/www.zerdab.com\/","name":"Z\u0259rdab.com","description":"","potentialAction":[{"@type":"SearchAction","target":{"@type":"EntryPoint","urlTemplate":"https:\/\/www.zerdab.com\/?s={search_term_string}"},"query-input":{"@type":"PropertyValueSpecification","valueRequired":true,"valueName":"search_term_string"}}],"inLanguage":"az"},{"@type":"Person","@id":"https:\/\/www.zerdab.com\/#\/schema\/person\/97079b7570c1e89ec0d9e138c3672136","name":"admin","image":{"@type":"ImageObject","inLanguage":"az","@id":"https:\/\/www.zerdab.com\/#\/schema\/person\/image\/","url":"https:\/\/secure.gravatar.com\/avatar\/d9c52a9a27c32119cb6679a077fa3e2779e5f822c451cbf01098004361d466ec?s=96&d=mm&r=g","contentUrl":"https:\/\/secure.gravatar.com\/avatar\/d9c52a9a27c32119cb6679a077fa3e2779e5f822c451cbf01098004361d466ec?s=96&d=mm&r=g","caption":"admin"},"url":"https:\/\/www.zerdab.com\/?author=1"}]}},"_links":{"self":[{"href":"https:\/\/www.zerdab.com\/index.php?rest_route=\/wp\/v2\/posts\/18170","targetHints":{"allow":["GET"]}}],"collection":[{"href":"https:\/\/www.zerdab.com\/index.php?rest_route=\/wp\/v2\/posts"}],"about":[{"href":"https:\/\/www.zerdab.com\/index.php?rest_route=\/wp\/v2\/types\/post"}],"author":[{"embeddable":true,"href":"https:\/\/www.zerdab.com\/index.php?rest_route=\/wp\/v2\/users\/1"}],"replies":[{"embeddable":true,"href":"https:\/\/www.zerdab.com\/index.php?rest_route=%2Fwp%2Fv2%2Fcomments&post=18170"}],"version-history":[{"count":3,"href":"https:\/\/www.zerdab.com\/index.php?rest_route=\/wp\/v2\/posts\/18170\/revisions"}],"predecessor-version":[{"id":18186,"href":"https:\/\/www.zerdab.com\/index.php?rest_route=\/wp\/v2\/posts\/18170\/revisions\/18186"}],"wp:attachment":[{"href":"https:\/\/www.zerdab.com\/index.php?rest_route=%2Fwp%2Fv2%2Fmedia&parent=18170"}],"wp:term":[{"taxonomy":"category","embeddable":true,"href":"https:\/\/www.zerdab.com\/index.php?rest_route=%2Fwp%2Fv2%2Fcategories&post=18170"},{"taxonomy":"post_tag","embeddable":true,"href":"https:\/\/www.zerdab.com\/index.php?rest_route=%2Fwp%2Fv2%2Ftags&post=18170"}],"curies":[{"name":"wp","href":"https:\/\/api.w.org\/{rel}","templated":true}]}}