{"id":18191,"date":"2015-01-23T11:58:25","date_gmt":"2015-01-23T07:58:25","guid":{"rendered":"http:\/\/www.zerdab.com\/?p=18191"},"modified":"2015-01-23T11:58:25","modified_gmt":"2015-01-23T07:58:25","slug":"%c9%99lib%c9%99yli-k%c9%99ndind%c9%99-s%c9%99hidl%c9%99rimizi-yad-etdil%c9%99r-fotolar","status":"publish","type":"post","link":"https:\/\/www.zerdab.com\/?p=18191","title":{"rendered":"\u018flib\u0259yli k\u0259ndind\u0259 \u015f\u0259hidl\u0259rimizi yad etdil\u0259r &#8211; FOTOLAR"},"content":{"rendered":"<p><a href=\"http:\/\/www.zerdab.com\/wp-content\/uploads\/2015\/01\/\u018flib\u0259yli-k\u0259ndi.jpg\"><img loading=\"lazy\" decoding=\"async\" class=\"aligncenter size-large wp-image-18192\" src=\"http:\/\/www.zerdab.com\/wp-content\/uploads\/2015\/01\/\u018flib\u0259yli-k\u0259ndi-550x309.jpg\" alt=\"\u018flib\u0259yli k\u0259ndi\" width=\"550\" height=\"309\" \/><\/a>Z\u0259rdab rayonu, R\u0259sul Rza ad\u0131na \u018flib\u0259yli k\u0259nd tam orta m\u0259kt\u0259bind\u0259 20 Yanvar faci\u0259sinin 25-ci il d\u00f6n\u00fcm\u00fcn\u0259 h\u0259sr edilmi\u015f &#8220;20 Yanvar faci\u0259si q\u0259hr\u0259manl\u0131q salnam\u0259mizdir&#8221; adl\u0131 t\u0259dbir ke\u00e7irildi. \u018fvv\u0259lc\u0259 \u015f\u0259hidl\u0259rin \u0259ziz xatir\u0259si 1 d\u0259qiq\u0259lik s\u00fckutla yad olundu. T\u0259dbird\u0259 m\u0259kt\u0259bin direktoru K. \u018fliyeva, t\u0259lim-t\u0259rbiy\u0259 \u00fczr\u0259 direktor m\u00fcavini T. C\u0259f\u0259rova, dil-\u0259d\u0259biyyat m\u00fc\u0259llimi A. R\u00fcst\u0259mova 20 Yanvar faci\u0259si bar\u0259d\u0259 \u00e7\u0131x\u0131\u015f etdil\u0259r. M\u0259kt\u0259bin \u015fagirdl\u0259ri 20 Yanvar faci\u0259sin\u0259 h\u0259sr olunmu\u015f \u015feirl\u0259rl\u0259 v\u0259 b\u0259dii kompozisiyalarla \u015f\u0259hidl\u0259ri yad etdil\u0259r.<\/p>\n<p><strong>Leyla \u0130sk\u0259nd\u0259rli<\/strong><\/p>\n<p><a href=\"http:\/\/www.zerdab.com\/wp-content\/uploads\/2015\/01\/\u018flib\u0259yli-k\u0259ndi1.jpg\"><img loading=\"lazy\" decoding=\"async\" class=\"aligncenter size-large wp-image-18194\" src=\"http:\/\/www.zerdab.com\/wp-content\/uploads\/2015\/01\/\u018flib\u0259yli-k\u0259ndi1-550x309.jpg\" alt=\"\u018flib\u0259yli k\u0259ndi\" width=\"550\" height=\"309\" \/><\/a><a href=\"http:\/\/www.zerdab.com\/wp-content\/uploads\/2015\/01\/\u018flib\u0259yli-k\u0259ndi-.jpg\"><img loading=\"lazy\" decoding=\"async\" class=\"aligncenter size-large wp-image-18193\" src=\"http:\/\/www.zerdab.com\/wp-content\/uploads\/2015\/01\/\u018flib\u0259yli-k\u0259ndi--309x550.jpg\" alt=\"\u018flib\u0259yli k\u0259ndi\" width=\"309\" height=\"550\" \/><\/a><a href=\"http:\/\/www.zerdab.com\/wp-content\/uploads\/2015\/01\/\u018flib\u0259yli-k\u0259ndi-.jpg\"><br \/>\n<\/a><\/p>\n","protected":false},"excerpt":{"rendered":"<p>Z\u0259rdab rayonu, R\u0259sul Rza ad\u0131na \u018flib\u0259yli k\u0259nd tam orta m\u0259kt\u0259bind\u0259 20 Yanvar faci\u0259sinin 25-ci il d\u00f6n\u00fcm\u00fcn\u0259 h\u0259sr edilmi\u015f &#8220;20 Yanvar faci\u0259si q\u0259hr\u0259manl\u0131q salnam\u0259mizdir&#8221; adl\u0131 t\u0259dbir ke\u00e7irildi. \u018fvv\u0259lc\u0259 \u015f\u0259hidl\u0259rin \u0259ziz xatir\u0259si 1 d\u0259qiq\u0259lik s\u00fckutla yad olundu. T\u0259dbird\u0259 m\u0259kt\u0259bin direktoru K. \u018fliyeva, t\u0259lim-t\u0259rbiy\u0259 \u00fczr\u0259 direktor m\u00fcavini T. C\u0259f\u0259rova, dil-\u0259d\u0259biyyat m\u00fc\u0259llimi A. R\u00fcst\u0259mova 20 Yanvar faci\u0259si bar\u0259d\u0259 \u00e7\u0131x\u0131\u015f [&hellip;]<\/p>\n","protected":false},"author":1,"featured_media":0,"comment_status":"open","ping_status":"open","sticky":false,"template":"","format":"standard","meta":{"footnotes":""},"categories":[5],"tags":[],"class_list":{"0":"post-18191","1":"post","2":"type-post","3":"status-publish","4":"format-standard","6":"category-knd"},"yoast_head":"<!-- This site is optimized with the Yoast SEO plugin v27.0 - https:\/\/yoast.com\/product\/yoast-seo-wordpress\/ -->\n<title>\u018flib\u0259yli k\u0259ndind\u0259 \u015f\u0259hidl\u0259rimizi yad etdil\u0259r - FOTOLAR - Z\u0259rdab.com<\/title>\n<meta name=\"robots\" content=\"index, follow, max-snippet:-1, max-image-preview:large, max-video-preview:-1\" \/>\n<link rel=\"canonical\" href=\"https:\/\/www.zerdab.com\/?p=18191\" \/>\n<meta property=\"og:locale\" content=\"az_AZ\" \/>\n<meta property=\"og:type\" content=\"article\" \/>\n<meta property=\"og:title\" content=\"\u018flib\u0259yli k\u0259ndind\u0259 \u015f\u0259hidl\u0259rimizi yad etdil\u0259r - FOTOLAR - Z\u0259rdab.com\" \/>\n<meta property=\"og:description\" content=\"Z\u0259rdab rayonu, R\u0259sul Rza ad\u0131na \u018flib\u0259yli k\u0259nd tam orta m\u0259kt\u0259bind\u0259 20 Yanvar faci\u0259sinin 25-ci il d\u00f6n\u00fcm\u00fcn\u0259 h\u0259sr edilmi\u015f &#8220;20 Yanvar faci\u0259si q\u0259hr\u0259manl\u0131q salnam\u0259mizdir&#8221; adl\u0131 t\u0259dbir ke\u00e7irildi. \u018fvv\u0259lc\u0259 \u015f\u0259hidl\u0259rin \u0259ziz xatir\u0259si 1 d\u0259qiq\u0259lik s\u00fckutla yad olundu. T\u0259dbird\u0259 m\u0259kt\u0259bin direktoru K. \u018fliyeva, t\u0259lim-t\u0259rbiy\u0259 \u00fczr\u0259 direktor m\u00fcavini T. C\u0259f\u0259rova, dil-\u0259d\u0259biyyat m\u00fc\u0259llimi A. R\u00fcst\u0259mova 20 Yanvar faci\u0259si bar\u0259d\u0259 \u00e7\u0131x\u0131\u015f [&hellip;]\" \/>\n<meta property=\"og:url\" content=\"https:\/\/www.zerdab.com\/?p=18191\" \/>\n<meta property=\"og:site_name\" content=\"Z\u0259rdab.com\" \/>\n<meta property=\"article:published_time\" content=\"2015-01-23T07:58:25+00:00\" \/>\n<meta name=\"author\" content=\"admin\" \/>\n<meta name=\"twitter:card\" content=\"summary_large_image\" \/>\n<meta name=\"twitter:label1\" content=\"Written by\" \/>\n\t<meta name=\"twitter:data1\" content=\"admin\" \/>\n\t<meta name=\"twitter:label2\" content=\"Est. reading time\" \/>\n\t<meta name=\"twitter:data2\" content=\"1 minute\" \/>\n<script type=\"application\/ld+json\" class=\"yoast-schema-graph\">{\"@context\":\"https:\/\/schema.org\",\"@graph\":[{\"@type\":\"Article\",\"@id\":\"https:\/\/www.zerdab.com\/?p=18191#article\",\"isPartOf\":{\"@id\":\"https:\/\/www.zerdab.com\/?p=18191\"},\"author\":{\"name\":\"admin\",\"@id\":\"https:\/\/www.zerdab.com\/#\/schema\/person\/97079b7570c1e89ec0d9e138c3672136\"},\"headline\":\"\u018flib\u0259yli k\u0259ndind\u0259 \u015f\u0259hidl\u0259rimizi yad etdil\u0259r &#8211; FOTOLAR\",\"datePublished\":\"2015-01-23T07:58:25+00:00\",\"mainEntityOfPage\":{\"@id\":\"https:\/\/www.zerdab.com\/?p=18191\"},\"wordCount\":130,\"commentCount\":0,\"articleSection\":[\"X\u018fB\u018fRL\u018fR\"],\"inLanguage\":\"az\",\"potentialAction\":[{\"@type\":\"CommentAction\",\"name\":\"Comment\",\"target\":[\"https:\/\/www.zerdab.com\/?p=18191#respond\"]}]},{\"@type\":\"WebPage\",\"@id\":\"https:\/\/www.zerdab.com\/?p=18191\",\"url\":\"https:\/\/www.zerdab.com\/?p=18191\",\"name\":\"\u018flib\u0259yli k\u0259ndind\u0259 \u015f\u0259hidl\u0259rimizi yad etdil\u0259r - FOTOLAR - Z\u0259rdab.com\",\"isPartOf\":{\"@id\":\"https:\/\/www.zerdab.com\/#website\"},\"datePublished\":\"2015-01-23T07:58:25+00:00\",\"author\":{\"@id\":\"https:\/\/www.zerdab.com\/#\/schema\/person\/97079b7570c1e89ec0d9e138c3672136\"},\"breadcrumb\":{\"@id\":\"https:\/\/www.zerdab.com\/?p=18191#breadcrumb\"},\"inLanguage\":\"az\",\"potentialAction\":[{\"@type\":\"ReadAction\",\"target\":[\"https:\/\/www.zerdab.com\/?p=18191\"]}]},{\"@type\":\"BreadcrumbList\",\"@id\":\"https:\/\/www.zerdab.com\/?p=18191#breadcrumb\",\"itemListElement\":[{\"@type\":\"ListItem\",\"position\":1,\"name\":\"Home\",\"item\":\"https:\/\/www.zerdab.com\/\"},{\"@type\":\"ListItem\",\"position\":2,\"name\":\"\u018flib\u0259yli k\u0259ndind\u0259 \u015f\u0259hidl\u0259rimizi yad etdil\u0259r &#8211; FOTOLAR\"}]},{\"@type\":\"WebSite\",\"@id\":\"https:\/\/www.zerdab.com\/#website\",\"url\":\"https:\/\/www.zerdab.com\/\",\"name\":\"Z\u0259rdab.com\",\"description\":\"\",\"potentialAction\":[{\"@type\":\"SearchAction\",\"target\":{\"@type\":\"EntryPoint\",\"urlTemplate\":\"https:\/\/www.zerdab.com\/?s={search_term_string}\"},\"query-input\":{\"@type\":\"PropertyValueSpecification\",\"valueRequired\":true,\"valueName\":\"search_term_string\"}}],\"inLanguage\":\"az\"},{\"@type\":\"Person\",\"@id\":\"https:\/\/www.zerdab.com\/#\/schema\/person\/97079b7570c1e89ec0d9e138c3672136\",\"name\":\"admin\",\"image\":{\"@type\":\"ImageObject\",\"inLanguage\":\"az\",\"@id\":\"https:\/\/www.zerdab.com\/#\/schema\/person\/image\/\",\"url\":\"https:\/\/secure.gravatar.com\/avatar\/d9c52a9a27c32119cb6679a077fa3e2779e5f822c451cbf01098004361d466ec?s=96&d=mm&r=g\",\"contentUrl\":\"https:\/\/secure.gravatar.com\/avatar\/d9c52a9a27c32119cb6679a077fa3e2779e5f822c451cbf01098004361d466ec?s=96&d=mm&r=g\",\"caption\":\"admin\"},\"url\":\"https:\/\/www.zerdab.com\/?author=1\"}]}<\/script>\n<!-- \/ Yoast SEO plugin. -->","yoast_head_json":{"title":"\u018flib\u0259yli k\u0259ndind\u0259 \u015f\u0259hidl\u0259rimizi yad etdil\u0259r - FOTOLAR - Z\u0259rdab.com","robots":{"index":"index","follow":"follow","max-snippet":"max-snippet:-1","max-image-preview":"max-image-preview:large","max-video-preview":"max-video-preview:-1"},"canonical":"https:\/\/www.zerdab.com\/?p=18191","og_locale":"az_AZ","og_type":"article","og_title":"\u018flib\u0259yli k\u0259ndind\u0259 \u015f\u0259hidl\u0259rimizi yad etdil\u0259r - FOTOLAR - Z\u0259rdab.com","og_description":"Z\u0259rdab rayonu, R\u0259sul Rza ad\u0131na \u018flib\u0259yli k\u0259nd tam orta m\u0259kt\u0259bind\u0259 20 Yanvar faci\u0259sinin 25-ci il d\u00f6n\u00fcm\u00fcn\u0259 h\u0259sr edilmi\u015f &#8220;20 Yanvar faci\u0259si q\u0259hr\u0259manl\u0131q salnam\u0259mizdir&#8221; adl\u0131 t\u0259dbir ke\u00e7irildi. \u018fvv\u0259lc\u0259 \u015f\u0259hidl\u0259rin \u0259ziz xatir\u0259si 1 d\u0259qiq\u0259lik s\u00fckutla yad olundu. T\u0259dbird\u0259 m\u0259kt\u0259bin direktoru K. \u018fliyeva, t\u0259lim-t\u0259rbiy\u0259 \u00fczr\u0259 direktor m\u00fcavini T. C\u0259f\u0259rova, dil-\u0259d\u0259biyyat m\u00fc\u0259llimi A. R\u00fcst\u0259mova 20 Yanvar faci\u0259si bar\u0259d\u0259 \u00e7\u0131x\u0131\u015f [&hellip;]","og_url":"https:\/\/www.zerdab.com\/?p=18191","og_site_name":"Z\u0259rdab.com","article_published_time":"2015-01-23T07:58:25+00:00","author":"admin","twitter_card":"summary_large_image","twitter_misc":{"Written by":"admin","Est. reading time":"1 minute"},"schema":{"@context":"https:\/\/schema.org","@graph":[{"@type":"Article","@id":"https:\/\/www.zerdab.com\/?p=18191#article","isPartOf":{"@id":"https:\/\/www.zerdab.com\/?p=18191"},"author":{"name":"admin","@id":"https:\/\/www.zerdab.com\/#\/schema\/person\/97079b7570c1e89ec0d9e138c3672136"},"headline":"\u018flib\u0259yli k\u0259ndind\u0259 \u015f\u0259hidl\u0259rimizi yad etdil\u0259r &#8211; FOTOLAR","datePublished":"2015-01-23T07:58:25+00:00","mainEntityOfPage":{"@id":"https:\/\/www.zerdab.com\/?p=18191"},"wordCount":130,"commentCount":0,"articleSection":["X\u018fB\u018fRL\u018fR"],"inLanguage":"az","potentialAction":[{"@type":"CommentAction","name":"Comment","target":["https:\/\/www.zerdab.com\/?p=18191#respond"]}]},{"@type":"WebPage","@id":"https:\/\/www.zerdab.com\/?p=18191","url":"https:\/\/www.zerdab.com\/?p=18191","name":"\u018flib\u0259yli k\u0259ndind\u0259 \u015f\u0259hidl\u0259rimizi yad etdil\u0259r - FOTOLAR - Z\u0259rdab.com","isPartOf":{"@id":"https:\/\/www.zerdab.com\/#website"},"datePublished":"2015-01-23T07:58:25+00:00","author":{"@id":"https:\/\/www.zerdab.com\/#\/schema\/person\/97079b7570c1e89ec0d9e138c3672136"},"breadcrumb":{"@id":"https:\/\/www.zerdab.com\/?p=18191#breadcrumb"},"inLanguage":"az","potentialAction":[{"@type":"ReadAction","target":["https:\/\/www.zerdab.com\/?p=18191"]}]},{"@type":"BreadcrumbList","@id":"https:\/\/www.zerdab.com\/?p=18191#breadcrumb","itemListElement":[{"@type":"ListItem","position":1,"name":"Home","item":"https:\/\/www.zerdab.com\/"},{"@type":"ListItem","position":2,"name":"\u018flib\u0259yli k\u0259ndind\u0259 \u015f\u0259hidl\u0259rimizi yad etdil\u0259r &#8211; FOTOLAR"}]},{"@type":"WebSite","@id":"https:\/\/www.zerdab.com\/#website","url":"https:\/\/www.zerdab.com\/","name":"Z\u0259rdab.com","description":"","potentialAction":[{"@type":"SearchAction","target":{"@type":"EntryPoint","urlTemplate":"https:\/\/www.zerdab.com\/?s={search_term_string}"},"query-input":{"@type":"PropertyValueSpecification","valueRequired":true,"valueName":"search_term_string"}}],"inLanguage":"az"},{"@type":"Person","@id":"https:\/\/www.zerdab.com\/#\/schema\/person\/97079b7570c1e89ec0d9e138c3672136","name":"admin","image":{"@type":"ImageObject","inLanguage":"az","@id":"https:\/\/www.zerdab.com\/#\/schema\/person\/image\/","url":"https:\/\/secure.gravatar.com\/avatar\/d9c52a9a27c32119cb6679a077fa3e2779e5f822c451cbf01098004361d466ec?s=96&d=mm&r=g","contentUrl":"https:\/\/secure.gravatar.com\/avatar\/d9c52a9a27c32119cb6679a077fa3e2779e5f822c451cbf01098004361d466ec?s=96&d=mm&r=g","caption":"admin"},"url":"https:\/\/www.zerdab.com\/?author=1"}]}},"_links":{"self":[{"href":"https:\/\/www.zerdab.com\/index.php?rest_route=\/wp\/v2\/posts\/18191","targetHints":{"allow":["GET"]}}],"collection":[{"href":"https:\/\/www.zerdab.com\/index.php?rest_route=\/wp\/v2\/posts"}],"about":[{"href":"https:\/\/www.zerdab.com\/index.php?rest_route=\/wp\/v2\/types\/post"}],"author":[{"embeddable":true,"href":"https:\/\/www.zerdab.com\/index.php?rest_route=\/wp\/v2\/users\/1"}],"replies":[{"embeddable":true,"href":"https:\/\/www.zerdab.com\/index.php?rest_route=%2Fwp%2Fv2%2Fcomments&post=18191"}],"version-history":[{"count":1,"href":"https:\/\/www.zerdab.com\/index.php?rest_route=\/wp\/v2\/posts\/18191\/revisions"}],"predecessor-version":[{"id":18195,"href":"https:\/\/www.zerdab.com\/index.php?rest_route=\/wp\/v2\/posts\/18191\/revisions\/18195"}],"wp:attachment":[{"href":"https:\/\/www.zerdab.com\/index.php?rest_route=%2Fwp%2Fv2%2Fmedia&parent=18191"}],"wp:term":[{"taxonomy":"category","embeddable":true,"href":"https:\/\/www.zerdab.com\/index.php?rest_route=%2Fwp%2Fv2%2Fcategories&post=18191"},{"taxonomy":"post_tag","embeddable":true,"href":"https:\/\/www.zerdab.com\/index.php?rest_route=%2Fwp%2Fv2%2Ftags&post=18191"}],"curies":[{"name":"wp","href":"https:\/\/api.w.org\/{rel}","templated":true}]}}