{"id":18281,"date":"2015-02-01T15:07:24","date_gmt":"2015-02-01T11:07:24","guid":{"rendered":"http:\/\/www.zerdab.com\/?p=18281"},"modified":"2015-02-01T15:11:21","modified_gmt":"2015-02-01T11:11:21","slug":"z%c9%99rdabli-g%c9%99ncl%c9%99rin-umumrayon-toplantisi-kecirildi-fotolar","status":"publish","type":"post","link":"https:\/\/www.zerdab.com\/?p=18281","title":{"rendered":"Z\u0259rdabl\u0131 g\u0259ncl\u0259rin \u00fcmumrayon toplant\u0131s\u0131 ke\u00e7irildi &#8211; FOTOLAR"},"content":{"rendered":"<p><a href=\"http:\/\/www.zerdab.com\/wp-content\/uploads\/2015\/02\/Z\u0259rdab-G\u0259ncl\u0259r-G\u00fcn\u00fc1.jpg\"><img loading=\"lazy\" decoding=\"async\" class=\"aligncenter size-large wp-image-18283\" src=\"http:\/\/www.zerdab.com\/wp-content\/uploads\/2015\/02\/Z\u0259rdab-G\u0259ncl\u0259r-G\u00fcn\u00fc1-550x365.jpg\" alt=\"Z\u0259rdab-G\u0259ncl\u0259r G\u00fcn\u00fc\" width=\"550\" height=\"365\" \/><\/a> 2 fevral G\u0259ncl\u0259r G\u00fcn\u00fc m\u00fcnasib\u0259til\u0259 Heyd\u0259r \u018fliyev M\u0259rk\u0259zind\u0259 Z\u0259rdab rayon g\u0259ncl\u0259rinin \u00fcmumrayon toplant\u0131s\u0131 ke\u00e7irildi. <strong>Zerdab.com<\/strong> sayt\u0131 x\u0259b\u0259r verir ki, toplant\u0131 i\u015ftirak\u00e7\u0131lar\u0131 \u00f6nc\u0259 \u00fcmummilli lider Heyd\u0259r \u018fliyevin abid\u0259si \u00f6n\u00fcn\u0259 g\u00fcl-\u00e7i\u00e7\u0259k d\u0259st\u0259l\u0259ri qoydular. T\u0259dbir a\u00e7\u0131q elan olundu v\u0259 Az\u0259rbaycan Respublikas\u0131n\u0131n D\u00f6vl\u0259t Himni s\u0259sl\u0259dirildi.<\/p>\n<p>G\u0259ncl\u0259r G\u00fcn\u00fc m\u00fcnasib\u0259til\u0259 m\u0259ruz\u0259 ed\u0259n Rayon G\u0259ncl\u0259r v\u0259 \u0130dman \u0130dar\u0259sinin r\u0259isi \u0130lkin \u018fliyev \u00f6lk\u0259mizd\u0259, h\u0259m\u00e7inin rayonumuzda g\u0259ncl\u0259r, b\u0259d\u0259n t\u0259rbiy\u0259si v\u0259 idman sah\u0259sind\u0259 g\u00f6r\u00fcl\u0259n i\u015fl\u0259rd\u0259n, idman\u0131n m\u00fcxt\u0259lif n\u00f6vl\u0259ri \u00fczr\u0259 rayonumuzu, el\u0259c\u0259 d\u0259 \u00f6lk\u0259mizi xarici \u00f6lk\u0259l\u0259rd\u0259 ke\u00e7iril\u0259n yar\u0131\u015flarda t\u0259msil ed\u0259n g\u0259ncl\u0259rd\u0259n dan\u0131\u015faraq, diqq\u0259t\u0259 \u00e7atd\u0131rd\u0131 ki, Prezident \u0130lham \u018fliyev c\u0259nablar\u0131 t\u0259r\u0259find\u0259n respublika g\u0259ncl\u0259rinin inki\u015faf\u0131 istiqam\u0259tind\u0259 imzalanm\u0131\u015f d\u00f6vl\u0259t proqramlar\u0131 rayonumuzda da u\u011furla icra olunur, s\u0259r\u0259ncamdan ir\u0259li g\u0259l\u0259n m\u0259s\u0259l\u0259l\u0259rin h\u0259lli istiqam\u0259tind\u0259 g\u00f6r\u00fcl\u0259n i\u015fl\u0259r davam etdirilir.<\/p>\n<p>\u00c7\u0131x\u0131\u015f ed\u0259nl\u0259rd\u0259n &#8220;C\u0259surlar&#8221; h\u0259rbi idman v\u0259 turizm oyunlar\u0131n\u0131n Respublika birinciliyind\u0259 1-ci yeri tutmu\u015f G\u0259lm\u0259 k\u0259nd tam orta m\u0259kt\u0259bi komandas\u0131n\u0131n kapitan\u0131 Heyd\u0259r Orucov, Taekvando v\u0259 Karate b\u00f6lm\u0259si \u00fczr\u0259 m\u0259\u015fq\u00e7i m\u00fc\u0259llim, Az\u0259rbaycan Respublikas\u0131n\u0131n \u018fm\u0259kdar m\u0259\u015fq\u00e7isi Aqil Babayev, Rayon M\u0259rk\u0259zi X\u0259st\u0259xanas\u0131n\u0131n h\u0259kim pediatr\u0131 Sevinc M\u0259mm\u0259dova, Az\u0259rbaycan B\u0259d\u0259n T\u0259rbiy\u0259si v\u0259 \u0130dman Akademiyas\u0131n\u0131n t\u0259l\u0259b\u0259si, Karatenin VKC n\u00f6v\u00fc \u00fczr\u0259 D\u00fcnya v\u0259 Avropa \u00e7empionu, &#8220;\u0130dman ustas\u0131&#8221; N\u0259rmin Camalzad\u0259 respublikam\u0131zada, el\u0259c\u0259d\u0259 rayonumuzda idman\u0131n inki\u015faf\u0131na g\u00f6st\u0259ril\u0259n diqq\u0259t v\u0259 qay\u011f\u0131ya g\u00f6r\u0259 Az\u0259rbaycan Respublikas\u0131n\u0131n Prezidenti c\u0259nab \u0130lham \u018fliyev\u0259 minn\u0259tdarl\u0131qlar\u0131n\u0131 bildirdil\u0259r.<\/p>\n<p>Toplant\u0131da o da qeyd olundu ki, z\u0259rdabl\u0131 g\u0259ncl\u0259r 2014-c\u00fc il \u0259rzind\u0259 34 rayondaxili, 7 zona v\u0259 10-a yax\u0131n respublika s\u0259viyy\u0259li yar\u0131\u015f v\u0259 t\u0259dbirl\u0259rd\u0259 rayonu u\u011furla t\u0259msil edibl\u0259r. \u0130dman\u00e7\u0131lar 9 q\u0131z\u0131l, 4 g\u00fcm\u00fc\u015f, 8 b\u00fcr\u00fcnc medal qazan\u0131blar.<\/p>\n<p>T\u0259dbird\u0259 Z\u0259rdab Rayon \u0130cra Hakimiyy\u0259tinin ba\u015f\u00e7\u0131s\u0131 L\u00fctv\u0259li Babayev \u00e7\u0131x\u0131\u015f ed\u0259r\u0259k g\u0259nc v\u0259 yeniyetm\u0259l\u0259ri t\u0259brik edib. T\u0259dbird\u0259 f\u0259al g\u0259nc, Region G\u0259ncl\u0259rinin \u0130nki\u015faf\u0131na T\u00f6hf\u0259 \u0130ctimai Birliyinin icrac\u0131 direktoru Nicat R\u0259himova Rayon \u0130cra Hakimiyy\u0259ti Ba\u015fc\u0131s\u0131n\u0131n F\u0259xri F\u0259rman\u0131, istedad v\u0259 bacar\u0131qlar\u0131 il\u0259 f\u0259rql\u0259n\u0259n bir qrup g\u0259ncl\u0259r\u0259 is\u0259 xatir\u0259 h\u0259diyy\u0259l\u0259ri t\u0259qdim olundu, Yeni Az\u0259rbaycan Partiyas\u0131 s\u0131ralar\u0131na yeni daxil olan g\u0259ncl\u0259r\u0259 Partiyan\u0131n v\u0259siq\u0259l\u0259ri verildi. Sonda g\u0259ncl\u0259rin \u00fcmumrayon toplant\u0131s\u0131 i\u015ftirak\u00e7\u0131lar\u0131 ad\u0131ndan Az\u0259rbaycan Respublikas\u0131n\u0131n Prezidenti c\u0259nab \u0130lham \u018fliyev\u0259 m\u00fcraci\u0259t q\u0259bul olundu.<\/p>\n<p><span style=\"color: #000000;\"><strong>Zerdab.com<\/strong><\/span><\/p>\n<p><a href=\"http:\/\/www.zerdab.com\/wp-content\/uploads\/2015\/02\/Z\u0259rdab-G\u0259ncl\u0259r-G\u00fcn\u00fc5.jpg\"><img loading=\"lazy\" decoding=\"async\" class=\"aligncenter size-large wp-image-18287\" src=\"http:\/\/www.zerdab.com\/wp-content\/uploads\/2015\/02\/Z\u0259rdab-G\u0259ncl\u0259r-G\u00fcn\u00fc5-550x365.jpg\" alt=\"Z\u0259rdab-G\u0259ncl\u0259r G\u00fcn\u00fc\" width=\"550\" height=\"365\" \/><\/a><a href=\"http:\/\/www.zerdab.com\/wp-content\/uploads\/2015\/02\/Z\u0259rdab-G\u0259ncl\u0259r-G\u00fcn\u00fc4.jpg\"><img loading=\"lazy\" decoding=\"async\" class=\"aligncenter size-large wp-image-18286\" src=\"http:\/\/www.zerdab.com\/wp-content\/uploads\/2015\/02\/Z\u0259rdab-G\u0259ncl\u0259r-G\u00fcn\u00fc4-550x365.jpg\" alt=\"Z\u0259rdab-G\u0259ncl\u0259r G\u00fcn\u00fc\" width=\"550\" height=\"365\" \/><\/a><a href=\"http:\/\/www.zerdab.com\/wp-content\/uploads\/2015\/02\/Z\u0259rdab-G\u0259ncl\u0259r-G\u00fcn\u00fc3.jpg\"><img loading=\"lazy\" decoding=\"async\" class=\"aligncenter size-large wp-image-18285\" src=\"http:\/\/www.zerdab.com\/wp-content\/uploads\/2015\/02\/Z\u0259rdab-G\u0259ncl\u0259r-G\u00fcn\u00fc3-550x365.jpg\" alt=\"Z\u0259rdab-G\u0259ncl\u0259r G\u00fcn\u00fc\" width=\"550\" height=\"365\" \/><\/a><a href=\"http:\/\/www.zerdab.com\/wp-content\/uploads\/2015\/02\/Z\u0259rdab-G\u0259ncl\u0259r-G\u00fcn\u00fc6.jpg\"><img loading=\"lazy\" decoding=\"async\" class=\"aligncenter size-large wp-image-18288\" src=\"http:\/\/www.zerdab.com\/wp-content\/uploads\/2015\/02\/Z\u0259rdab-G\u0259ncl\u0259r-G\u00fcn\u00fc6-550x365.jpg\" alt=\"Z\u0259rdab-G\u0259ncl\u0259r G\u00fcn\u00fc\" width=\"550\" height=\"365\" \/><\/a><a href=\"http:\/\/www.zerdab.com\/wp-content\/uploads\/2015\/02\/Z\u0259rdab-G\u0259ncl\u0259r-G\u00fcn\u00fc2.jpg\"><img loading=\"lazy\" decoding=\"async\" class=\"aligncenter size-large wp-image-18284\" src=\"http:\/\/www.zerdab.com\/wp-content\/uploads\/2015\/02\/Z\u0259rdab-G\u0259ncl\u0259r-G\u00fcn\u00fc2-550x365.jpg\" alt=\"Z\u0259rdab-G\u0259ncl\u0259r G\u00fcn\u00fc\" width=\"550\" height=\"365\" \/><\/a><a href=\"http:\/\/www.zerdab.com\/wp-content\/uploads\/2015\/02\/Z\u0259rdab-G\u0259ncl\u0259r-G\u00fcn\u00fc9.jpg\"><img loading=\"lazy\" decoding=\"async\" class=\"aligncenter size-large wp-image-18291\" src=\"http:\/\/www.zerdab.com\/wp-content\/uploads\/2015\/02\/Z\u0259rdab-G\u0259ncl\u0259r-G\u00fcn\u00fc9-365x550.jpg\" alt=\"Z\u0259rdab-G\u0259ncl\u0259r G\u00fcn\u00fc\" width=\"365\" height=\"550\" \/><\/a><a href=\"http:\/\/www.zerdab.com\/wp-content\/uploads\/2015\/02\/Z\u0259rdab-G\u0259ncl\u0259r-G\u00fcn\u00fc8.jpg\"><img loading=\"lazy\" decoding=\"async\" class=\"aligncenter size-large wp-image-18290\" src=\"http:\/\/www.zerdab.com\/wp-content\/uploads\/2015\/02\/Z\u0259rdab-G\u0259ncl\u0259r-G\u00fcn\u00fc8-365x550.jpg\" alt=\"Z\u0259rdab-G\u0259ncl\u0259r G\u00fcn\u00fc\" width=\"365\" height=\"550\" \/><\/a><a href=\"http:\/\/www.zerdab.com\/wp-content\/uploads\/2015\/02\/Z\u0259rdab-G\u0259ncl\u0259r-G\u00fcn\u00fc10.jpg\"><img loading=\"lazy\" decoding=\"async\" class=\"aligncenter size-large wp-image-18292\" src=\"http:\/\/www.zerdab.com\/wp-content\/uploads\/2015\/02\/Z\u0259rdab-G\u0259ncl\u0259r-G\u00fcn\u00fc10-550x365.jpg\" alt=\"Z\u0259rdab-G\u0259ncl\u0259r G\u00fcn\u00fc\" width=\"550\" height=\"365\" \/><\/a><a href=\"http:\/\/www.zerdab.com\/wp-content\/uploads\/2015\/02\/Z\u0259rdab-G\u0259ncl\u0259r-G\u00fcn\u00fc.jpg\"><img loading=\"lazy\" decoding=\"async\" class=\"aligncenter size-large wp-image-18282\" src=\"http:\/\/www.zerdab.com\/wp-content\/uploads\/2015\/02\/Z\u0259rdab-G\u0259ncl\u0259r-G\u00fcn\u00fc-550x365.jpg\" alt=\"Z\u0259rdab-G\u0259ncl\u0259r G\u00fcn\u00fc\" width=\"550\" height=\"365\" \/><\/a><\/p>\n","protected":false},"excerpt":{"rendered":"<p>2 fevral G\u0259ncl\u0259r G\u00fcn\u00fc m\u00fcnasib\u0259til\u0259 Heyd\u0259r \u018fliyev M\u0259rk\u0259zind\u0259 Z\u0259rdab rayon g\u0259ncl\u0259rinin \u00fcmumrayon toplant\u0131s\u0131 ke\u00e7irildi. Zerdab.com sayt\u0131 x\u0259b\u0259r verir ki, toplant\u0131 i\u015ftirak\u00e7\u0131lar\u0131 \u00f6nc\u0259 \u00fcmummilli lider Heyd\u0259r \u018fliyevin abid\u0259si \u00f6n\u00fcn\u0259 g\u00fcl-\u00e7i\u00e7\u0259k d\u0259st\u0259l\u0259ri qoydular. T\u0259dbir a\u00e7\u0131q elan olundu v\u0259 Az\u0259rbaycan Respublikas\u0131n\u0131n D\u00f6vl\u0259t Himni s\u0259sl\u0259dirildi. G\u0259ncl\u0259r G\u00fcn\u00fc m\u00fcnasib\u0259til\u0259 m\u0259ruz\u0259 ed\u0259n Rayon G\u0259ncl\u0259r v\u0259 \u0130dman \u0130dar\u0259sinin r\u0259isi \u0130lkin \u018fliyev \u00f6lk\u0259mizd\u0259, [&hellip;]<\/p>\n","protected":false},"author":1,"featured_media":0,"comment_status":"open","ping_status":"open","sticky":false,"template":"","format":"standard","meta":{"footnotes":""},"categories":[21],"tags":[],"class_list":{"0":"post-18281","1":"post","2":"type-post","3":"status-publish","4":"format-standard","6":"category-zrdab"},"yoast_head":"<!-- This site is optimized with the Yoast SEO plugin v27.0 - https:\/\/yoast.com\/product\/yoast-seo-wordpress\/ -->\n<title>Z\u0259rdabl\u0131 g\u0259ncl\u0259rin \u00fcmumrayon toplant\u0131s\u0131 ke\u00e7irildi - FOTOLAR - Z\u0259rdab.com<\/title>\n<meta name=\"robots\" content=\"index, follow, max-snippet:-1, max-image-preview:large, max-video-preview:-1\" \/>\n<link rel=\"canonical\" href=\"https:\/\/www.zerdab.com\/?p=18281\" \/>\n<meta property=\"og:locale\" content=\"az_AZ\" \/>\n<meta property=\"og:type\" content=\"article\" \/>\n<meta property=\"og:title\" content=\"Z\u0259rdabl\u0131 g\u0259ncl\u0259rin \u00fcmumrayon toplant\u0131s\u0131 ke\u00e7irildi - FOTOLAR - Z\u0259rdab.com\" \/>\n<meta property=\"og:description\" content=\"2 fevral G\u0259ncl\u0259r G\u00fcn\u00fc m\u00fcnasib\u0259til\u0259 Heyd\u0259r \u018fliyev M\u0259rk\u0259zind\u0259 Z\u0259rdab rayon g\u0259ncl\u0259rinin \u00fcmumrayon toplant\u0131s\u0131 ke\u00e7irildi. Zerdab.com sayt\u0131 x\u0259b\u0259r verir ki, toplant\u0131 i\u015ftirak\u00e7\u0131lar\u0131 \u00f6nc\u0259 \u00fcmummilli lider Heyd\u0259r \u018fliyevin abid\u0259si \u00f6n\u00fcn\u0259 g\u00fcl-\u00e7i\u00e7\u0259k d\u0259st\u0259l\u0259ri qoydular. T\u0259dbir a\u00e7\u0131q elan olundu v\u0259 Az\u0259rbaycan Respublikas\u0131n\u0131n D\u00f6vl\u0259t Himni s\u0259sl\u0259dirildi. G\u0259ncl\u0259r G\u00fcn\u00fc m\u00fcnasib\u0259til\u0259 m\u0259ruz\u0259 ed\u0259n Rayon G\u0259ncl\u0259r v\u0259 \u0130dman \u0130dar\u0259sinin r\u0259isi \u0130lkin \u018fliyev \u00f6lk\u0259mizd\u0259, [&hellip;]\" \/>\n<meta property=\"og:url\" content=\"https:\/\/www.zerdab.com\/?p=18281\" \/>\n<meta property=\"og:site_name\" content=\"Z\u0259rdab.com\" \/>\n<meta property=\"article:published_time\" content=\"2015-02-01T11:07:24+00:00\" \/>\n<meta property=\"article:modified_time\" content=\"2015-02-01T11:11:21+00:00\" \/>\n<meta name=\"author\" content=\"admin\" \/>\n<meta name=\"twitter:card\" content=\"summary_large_image\" \/>\n<meta name=\"twitter:label1\" content=\"Written by\" \/>\n\t<meta name=\"twitter:data1\" content=\"admin\" \/>\n\t<meta name=\"twitter:label2\" content=\"Est. reading time\" \/>\n\t<meta name=\"twitter:data2\" content=\"3 minutes\" \/>\n<script type=\"application\/ld+json\" class=\"yoast-schema-graph\">{\"@context\":\"https:\/\/schema.org\",\"@graph\":[{\"@type\":\"Article\",\"@id\":\"https:\/\/www.zerdab.com\/?p=18281#article\",\"isPartOf\":{\"@id\":\"https:\/\/www.zerdab.com\/?p=18281\"},\"author\":{\"name\":\"admin\",\"@id\":\"https:\/\/www.zerdab.com\/#\/schema\/person\/97079b7570c1e89ec0d9e138c3672136\"},\"headline\":\"Z\u0259rdabl\u0131 g\u0259ncl\u0259rin \u00fcmumrayon toplant\u0131s\u0131 ke\u00e7irildi &#8211; FOTOLAR\",\"datePublished\":\"2015-02-01T11:07:24+00:00\",\"dateModified\":\"2015-02-01T11:11:21+00:00\",\"mainEntityOfPage\":{\"@id\":\"https:\/\/www.zerdab.com\/?p=18281\"},\"wordCount\":563,\"commentCount\":2,\"articleSection\":[\"C\u018fM\u0130YY\u018fT\"],\"inLanguage\":\"az\",\"potentialAction\":[{\"@type\":\"CommentAction\",\"name\":\"Comment\",\"target\":[\"https:\/\/www.zerdab.com\/?p=18281#respond\"]}]},{\"@type\":\"WebPage\",\"@id\":\"https:\/\/www.zerdab.com\/?p=18281\",\"url\":\"https:\/\/www.zerdab.com\/?p=18281\",\"name\":\"Z\u0259rdabl\u0131 g\u0259ncl\u0259rin \u00fcmumrayon toplant\u0131s\u0131 ke\u00e7irildi - FOTOLAR - Z\u0259rdab.com\",\"isPartOf\":{\"@id\":\"https:\/\/www.zerdab.com\/#website\"},\"datePublished\":\"2015-02-01T11:07:24+00:00\",\"dateModified\":\"2015-02-01T11:11:21+00:00\",\"author\":{\"@id\":\"https:\/\/www.zerdab.com\/#\/schema\/person\/97079b7570c1e89ec0d9e138c3672136\"},\"breadcrumb\":{\"@id\":\"https:\/\/www.zerdab.com\/?p=18281#breadcrumb\"},\"inLanguage\":\"az\",\"potentialAction\":[{\"@type\":\"ReadAction\",\"target\":[\"https:\/\/www.zerdab.com\/?p=18281\"]}]},{\"@type\":\"BreadcrumbList\",\"@id\":\"https:\/\/www.zerdab.com\/?p=18281#breadcrumb\",\"itemListElement\":[{\"@type\":\"ListItem\",\"position\":1,\"name\":\"Home\",\"item\":\"https:\/\/www.zerdab.com\/\"},{\"@type\":\"ListItem\",\"position\":2,\"name\":\"Z\u0259rdabl\u0131 g\u0259ncl\u0259rin \u00fcmumrayon toplant\u0131s\u0131 ke\u00e7irildi &#8211; FOTOLAR\"}]},{\"@type\":\"WebSite\",\"@id\":\"https:\/\/www.zerdab.com\/#website\",\"url\":\"https:\/\/www.zerdab.com\/\",\"name\":\"Z\u0259rdab.com\",\"description\":\"\",\"potentialAction\":[{\"@type\":\"SearchAction\",\"target\":{\"@type\":\"EntryPoint\",\"urlTemplate\":\"https:\/\/www.zerdab.com\/?s={search_term_string}\"},\"query-input\":{\"@type\":\"PropertyValueSpecification\",\"valueRequired\":true,\"valueName\":\"search_term_string\"}}],\"inLanguage\":\"az\"},{\"@type\":\"Person\",\"@id\":\"https:\/\/www.zerdab.com\/#\/schema\/person\/97079b7570c1e89ec0d9e138c3672136\",\"name\":\"admin\",\"image\":{\"@type\":\"ImageObject\",\"inLanguage\":\"az\",\"@id\":\"https:\/\/www.zerdab.com\/#\/schema\/person\/image\/\",\"url\":\"https:\/\/secure.gravatar.com\/avatar\/d9c52a9a27c32119cb6679a077fa3e2779e5f822c451cbf01098004361d466ec?s=96&d=mm&r=g\",\"contentUrl\":\"https:\/\/secure.gravatar.com\/avatar\/d9c52a9a27c32119cb6679a077fa3e2779e5f822c451cbf01098004361d466ec?s=96&d=mm&r=g\",\"caption\":\"admin\"},\"url\":\"https:\/\/www.zerdab.com\/?author=1\"}]}<\/script>\n<!-- \/ Yoast SEO plugin. -->","yoast_head_json":{"title":"Z\u0259rdabl\u0131 g\u0259ncl\u0259rin \u00fcmumrayon toplant\u0131s\u0131 ke\u00e7irildi - FOTOLAR - Z\u0259rdab.com","robots":{"index":"index","follow":"follow","max-snippet":"max-snippet:-1","max-image-preview":"max-image-preview:large","max-video-preview":"max-video-preview:-1"},"canonical":"https:\/\/www.zerdab.com\/?p=18281","og_locale":"az_AZ","og_type":"article","og_title":"Z\u0259rdabl\u0131 g\u0259ncl\u0259rin \u00fcmumrayon toplant\u0131s\u0131 ke\u00e7irildi - FOTOLAR - Z\u0259rdab.com","og_description":"2 fevral G\u0259ncl\u0259r G\u00fcn\u00fc m\u00fcnasib\u0259til\u0259 Heyd\u0259r \u018fliyev M\u0259rk\u0259zind\u0259 Z\u0259rdab rayon g\u0259ncl\u0259rinin \u00fcmumrayon toplant\u0131s\u0131 ke\u00e7irildi. Zerdab.com sayt\u0131 x\u0259b\u0259r verir ki, toplant\u0131 i\u015ftirak\u00e7\u0131lar\u0131 \u00f6nc\u0259 \u00fcmummilli lider Heyd\u0259r \u018fliyevin abid\u0259si \u00f6n\u00fcn\u0259 g\u00fcl-\u00e7i\u00e7\u0259k d\u0259st\u0259l\u0259ri qoydular. T\u0259dbir a\u00e7\u0131q elan olundu v\u0259 Az\u0259rbaycan Respublikas\u0131n\u0131n D\u00f6vl\u0259t Himni s\u0259sl\u0259dirildi. G\u0259ncl\u0259r G\u00fcn\u00fc m\u00fcnasib\u0259til\u0259 m\u0259ruz\u0259 ed\u0259n Rayon G\u0259ncl\u0259r v\u0259 \u0130dman \u0130dar\u0259sinin r\u0259isi \u0130lkin \u018fliyev \u00f6lk\u0259mizd\u0259, [&hellip;]","og_url":"https:\/\/www.zerdab.com\/?p=18281","og_site_name":"Z\u0259rdab.com","article_published_time":"2015-02-01T11:07:24+00:00","article_modified_time":"2015-02-01T11:11:21+00:00","author":"admin","twitter_card":"summary_large_image","twitter_misc":{"Written by":"admin","Est. reading time":"3 minutes"},"schema":{"@context":"https:\/\/schema.org","@graph":[{"@type":"Article","@id":"https:\/\/www.zerdab.com\/?p=18281#article","isPartOf":{"@id":"https:\/\/www.zerdab.com\/?p=18281"},"author":{"name":"admin","@id":"https:\/\/www.zerdab.com\/#\/schema\/person\/97079b7570c1e89ec0d9e138c3672136"},"headline":"Z\u0259rdabl\u0131 g\u0259ncl\u0259rin \u00fcmumrayon toplant\u0131s\u0131 ke\u00e7irildi &#8211; FOTOLAR","datePublished":"2015-02-01T11:07:24+00:00","dateModified":"2015-02-01T11:11:21+00:00","mainEntityOfPage":{"@id":"https:\/\/www.zerdab.com\/?p=18281"},"wordCount":563,"commentCount":2,"articleSection":["C\u018fM\u0130YY\u018fT"],"inLanguage":"az","potentialAction":[{"@type":"CommentAction","name":"Comment","target":["https:\/\/www.zerdab.com\/?p=18281#respond"]}]},{"@type":"WebPage","@id":"https:\/\/www.zerdab.com\/?p=18281","url":"https:\/\/www.zerdab.com\/?p=18281","name":"Z\u0259rdabl\u0131 g\u0259ncl\u0259rin \u00fcmumrayon toplant\u0131s\u0131 ke\u00e7irildi - FOTOLAR - Z\u0259rdab.com","isPartOf":{"@id":"https:\/\/www.zerdab.com\/#website"},"datePublished":"2015-02-01T11:07:24+00:00","dateModified":"2015-02-01T11:11:21+00:00","author":{"@id":"https:\/\/www.zerdab.com\/#\/schema\/person\/97079b7570c1e89ec0d9e138c3672136"},"breadcrumb":{"@id":"https:\/\/www.zerdab.com\/?p=18281#breadcrumb"},"inLanguage":"az","potentialAction":[{"@type":"ReadAction","target":["https:\/\/www.zerdab.com\/?p=18281"]}]},{"@type":"BreadcrumbList","@id":"https:\/\/www.zerdab.com\/?p=18281#breadcrumb","itemListElement":[{"@type":"ListItem","position":1,"name":"Home","item":"https:\/\/www.zerdab.com\/"},{"@type":"ListItem","position":2,"name":"Z\u0259rdabl\u0131 g\u0259ncl\u0259rin \u00fcmumrayon toplant\u0131s\u0131 ke\u00e7irildi &#8211; FOTOLAR"}]},{"@type":"WebSite","@id":"https:\/\/www.zerdab.com\/#website","url":"https:\/\/www.zerdab.com\/","name":"Z\u0259rdab.com","description":"","potentialAction":[{"@type":"SearchAction","target":{"@type":"EntryPoint","urlTemplate":"https:\/\/www.zerdab.com\/?s={search_term_string}"},"query-input":{"@type":"PropertyValueSpecification","valueRequired":true,"valueName":"search_term_string"}}],"inLanguage":"az"},{"@type":"Person","@id":"https:\/\/www.zerdab.com\/#\/schema\/person\/97079b7570c1e89ec0d9e138c3672136","name":"admin","image":{"@type":"ImageObject","inLanguage":"az","@id":"https:\/\/www.zerdab.com\/#\/schema\/person\/image\/","url":"https:\/\/secure.gravatar.com\/avatar\/d9c52a9a27c32119cb6679a077fa3e2779e5f822c451cbf01098004361d466ec?s=96&d=mm&r=g","contentUrl":"https:\/\/secure.gravatar.com\/avatar\/d9c52a9a27c32119cb6679a077fa3e2779e5f822c451cbf01098004361d466ec?s=96&d=mm&r=g","caption":"admin"},"url":"https:\/\/www.zerdab.com\/?author=1"}]}},"_links":{"self":[{"href":"https:\/\/www.zerdab.com\/index.php?rest_route=\/wp\/v2\/posts\/18281","targetHints":{"allow":["GET"]}}],"collection":[{"href":"https:\/\/www.zerdab.com\/index.php?rest_route=\/wp\/v2\/posts"}],"about":[{"href":"https:\/\/www.zerdab.com\/index.php?rest_route=\/wp\/v2\/types\/post"}],"author":[{"embeddable":true,"href":"https:\/\/www.zerdab.com\/index.php?rest_route=\/wp\/v2\/users\/1"}],"replies":[{"embeddable":true,"href":"https:\/\/www.zerdab.com\/index.php?rest_route=%2Fwp%2Fv2%2Fcomments&post=18281"}],"version-history":[{"count":2,"href":"https:\/\/www.zerdab.com\/index.php?rest_route=\/wp\/v2\/posts\/18281\/revisions"}],"predecessor-version":[{"id":18294,"href":"https:\/\/www.zerdab.com\/index.php?rest_route=\/wp\/v2\/posts\/18281\/revisions\/18294"}],"wp:attachment":[{"href":"https:\/\/www.zerdab.com\/index.php?rest_route=%2Fwp%2Fv2%2Fmedia&parent=18281"}],"wp:term":[{"taxonomy":"category","embeddable":true,"href":"https:\/\/www.zerdab.com\/index.php?rest_route=%2Fwp%2Fv2%2Fcategories&post=18281"},{"taxonomy":"post_tag","embeddable":true,"href":"https:\/\/www.zerdab.com\/index.php?rest_route=%2Fwp%2Fv2%2Ftags&post=18281"}],"curies":[{"name":"wp","href":"https:\/\/api.w.org\/{rel}","templated":true}]}}