{"id":18298,"date":"2015-02-02T11:22:47","date_gmt":"2015-02-02T07:22:47","guid":{"rendered":"http:\/\/www.zerdab.com\/?p=18298"},"modified":"2015-02-02T11:27:40","modified_gmt":"2015-02-02T07:27:40","slug":"z%c9%99rdabli-icra-bascisi-haqqinda-bilm%c9%99dikl%c9%99rimiz","status":"publish","type":"post","link":"https:\/\/www.zerdab.com\/?p=18298","title":{"rendered":"Z\u0259rdabl\u0131 icra ba\u015f\u00e7\u0131s\u0131 haqq\u0131nda bilm\u0259dikl\u0259rimiz"},"content":{"rendered":"<figure id=\"attachment_18299\" aria-describedby=\"caption-attachment-18299\" style=\"width: 480px\" class=\"wp-caption aligncenter\"><a href=\"http:\/\/www.zerdab.com\/wp-content\/uploads\/2015\/02\/M\u00fcbariz-A\u011fayev.jpg\"><img loading=\"lazy\" decoding=\"async\" class=\"size-full wp-image-18299\" src=\"http:\/\/www.zerdab.com\/wp-content\/uploads\/2015\/02\/M\u00fcbariz-A\u011fayev.jpg\" alt=\"M\u00fcbariz A\u011fayev\" width=\"480\" height=\"360\" \/><\/a><figcaption id=\"caption-attachment-18299\" class=\"wp-caption-text\"><span style=\"color: #0000ff;\"><strong>M\u00fcbariz A\u011fayev<\/strong><\/span><\/figcaption><\/figure>\n<p>X\u0259b\u0259r verdiyimiz kimi, Prezident \u0130lham \u018fliyev M\u00fcbariz A\u011fayevi G\u00f6y\u00e7ay rayonuna yeni icra ba\u015f\u00e7\u0131s\u0131 t\u0259yin edib. <strong>Zerdab.com<\/strong> sayt\u0131 M\u00fcbariz A\u011fayev bar\u0259d\u0259 b\u0259zi m\u0259lumatlar\u0131 oxuculara t\u0259qdim edir.<\/p>\n<p>M\u00fcbariz A\u011fayev\u00a01 sentyabr\u00a01953-c\u00fc ild\u0259 Z\u0259rdab rayonunun M\u0259likumudlu k\u0259ndind\u0259 anadan olub. Az\u0259rbaycan Texnologiya \u0130nstitutunu bitirib. \u0130xtisasca texnoloqdur.<\/p>\n<p>1970-ci ild\u0259 G\u00f6y\u00e7ay \u015f\u0259h\u0259r \u0130stehlak C\u0259miyy\u0259tind\u0259 \u0259m\u0259k f\u0259aliyy\u0259tin\u0259 ba\u015flayib. Sonralar m\u00fcxt\u0259lif ill\u0259rd\u0259 G\u00f6y\u00e7ay konserv zavodunda m\u00fchasib k\u00f6m\u0259k\u00e7isi, \u00c7\u0259r\u0259k\u0259 k\u0259nd istehlak\u0131 c\u0259miyy\u0259tind\u0259, Qarabaqqal ictimai ia\u015f\u0259 m\u00fc\u0259ssis\u0259sind\u0259 m\u00fchasib v\u0259zif\u0259l\u0259rind\u0259 i\u015fl\u0259yib. 1979-1986-ci ill\u0259rd\u0259 Qarabaqqal ictimai ia\u015f\u0259 m\u00fc\u0259ssis\u0259sind\u0259 direktor m\u00fcavini, direktor, 1986-c\u0131 ild\u0259 G\u00f6y\u00e7ay \u015f\u0259h\u0259r \u0130ctimai ia\u015f\u0259 m\u00fc\u0259ssis\u0259l\u0259ri birliyind\u0259 direktor, 1987-1989-cu ill\u0259rd\u0259 G\u00f6y\u00e7ay rayon \u0130stehlak c\u0259miyy\u0259ti idar\u0259 hey\u0259tinin s\u0259dri, 1989-1991-ci ill\u0259rd\u0259 Ba\u015f qiym\u0259tl\u0259r idar\u0259sinin G\u00f6y\u00e7ay rayonlararas\u0131 Qiym\u0259t M\u00fcf\u0259tti\u015fliyind\u0259 r\u0259is, 1991-1995-ci ill\u0259rd\u0259 G\u00f6y\u00e7ay \u015f\u0259h\u0259r t\u0259s\u0259rr\u00fcfat hesabl\u0131 ticar\u0259t idar\u0259sind\u0259 direktor, 1995-1997-ci ill\u0259rd\u0259 G\u00f6y\u00e7ay rayon 17 sayl\u0131 \u00e7\u00f6r\u0259k zavodunda direktor, 1997-ci ild\u0259n is\u0259 G\u00f6y\u00e7ay-\u00e7\u00f6r\u0259k SC idar\u0259 hey\u0259tinin s\u0259dri v\u0259zif\u0259l\u0259rind\u0259 \u00e7al\u0131\u015f\u0131b.<\/p>\n<p>2006-2007-ci ill\u0259rd\u0259 G\u00f6y\u00e7ay Rayon \u0130cra Hakimiyy\u0259tinin ba\u015f\u00e7\u0131s\u0131, 2007-2012-ci ill\u0259rd\u0259 is\u0259 Ming\u0259\u00e7evir \u015e\u0259h\u0259r \u0130cra Hakimiyy\u0259tinin ba\u015f\u00e7\u0131s\u0131 v\u0259zif\u0259l\u0259rind\u0259 i\u015fl\u0259yib.<\/p>\n<p>Az\u0259rbaycan Respublikas\u0131 prezidentinin 15 mart 2012-ci il tarixli s\u0259r\u0259ncam\u0131 il\u0259 Quba Rayon \u0130cra Hakimiyy\u0259tinin ba\u015f\u00e7\u0131s\u0131 t\u0259yin edilib.28 avqust 2013-c\u00fc ild\u0259 Az\u0259rbaycan Respublikas\u0131nda d\u00f6vl\u0259t qullu\u011funda s\u0259m\u0259r\u0259li f\u0259aliyy\u0259tin\u0259 g\u00f6r\u0259 &#8220;\u015e\u00f6hr\u0259t&#8221; ordeni il\u0259 t\u0259ltif edilib.<\/p>\n<p>Qeyd ed\u0259k ki, M\u00fcbariz A\u011fayev \u0130cra Hakimiyy\u0259ti ba\u015f\u00e7\u0131lar\u0131 aras\u0131nda \u00f6z h\u00f6rm\u0259ti, n\u00fcfuzu il\u0259 f\u0259rql\u0259n\u0259n insanlardand\u0131r. Bel\u0259 ki, o i\u015fl\u0259diyi \u015f\u0259h\u0259r v\u0259 rayonlarda i\u015fgzarl\u0131\u011f\u0131 il\u0259 ad \u00e7\u0131xar\u0131b, \u00f6z\u00fcnd\u0259n sonra xo\u015f xatir\u0259l\u0259r qoyub.<\/p>\n<p>M\u0259s\u0259l\u0259n, G\u00f6y\u00e7ayda \u0259vv\u0259ll\u0259r d\u0259 ba\u015f\u00e7\u0131 i\u015fl\u0259mi\u015f v\u0259 o zaman g\u00f6rd\u00fcy\u00fc m\u00fcsb\u0259t i\u015fl\u0259rl\u0259 yadda qalan M\u00fcbariz A\u011fayevin bu rayona yenid\u0259n r\u0259hb\u0259r g\u0259tirilm\u0259si bu g\u00fcnl\u0259rd\u0259 G\u00f6y\u00e7ayda at\u0259\u015ff\u0259\u015fanl\u0131qla qar\u015f\u0131lan\u0131b. H\u0259min at\u0259\u015ff\u0259\u015fanl\u0131qdan \u00e7\u0259kil\u0259n video v\u0259 fotonu Zerdab.com sayt\u0131n\u0131n &#8220;facebook&#8221; s\u0259hif\u0259sind\u0259 payla\u015fm\u0131\u015fd\u0131q.<\/p>\n<p><strong>Zerdab.com<\/strong><\/p>\n","protected":false},"excerpt":{"rendered":"<p>X\u0259b\u0259r verdiyimiz kimi, Prezident \u0130lham \u018fliyev M\u00fcbariz A\u011fayevi G\u00f6y\u00e7ay rayonuna yeni icra ba\u015f\u00e7\u0131s\u0131 t\u0259yin edib. Zerdab.com sayt\u0131 M\u00fcbariz A\u011fayev bar\u0259d\u0259 b\u0259zi m\u0259lumatlar\u0131 oxuculara t\u0259qdim edir. M\u00fcbariz A\u011fayev\u00a01 sentyabr\u00a01953-c\u00fc ild\u0259 Z\u0259rdab rayonunun M\u0259likumudlu k\u0259ndind\u0259 anadan olub. Az\u0259rbaycan Texnologiya \u0130nstitutunu bitirib. \u0130xtisasca texnoloqdur. 1970-ci ild\u0259 G\u00f6y\u00e7ay \u015f\u0259h\u0259r \u0130stehlak C\u0259miyy\u0259tind\u0259 \u0259m\u0259k f\u0259aliyy\u0259tin\u0259 ba\u015flayib. Sonralar m\u00fcxt\u0259lif ill\u0259rd\u0259 G\u00f6y\u00e7ay konserv [&hellip;]<\/p>\n","protected":false},"author":1,"featured_media":0,"comment_status":"open","ping_status":"open","sticky":false,"template":"","format":"standard","meta":{"footnotes":""},"categories":[7],"tags":[],"class_list":{"0":"post-18298","1":"post","2":"type-post","3":"status-publish","4":"format-standard","6":"category-ziyalilar"},"yoast_head":"<!-- This site is optimized with the Yoast SEO plugin v27.0 - https:\/\/yoast.com\/product\/yoast-seo-wordpress\/ -->\n<title>Z\u0259rdabl\u0131 icra ba\u015f\u00e7\u0131s\u0131 haqq\u0131nda bilm\u0259dikl\u0259rimiz - Z\u0259rdab.com<\/title>\n<meta name=\"robots\" content=\"index, follow, max-snippet:-1, max-image-preview:large, max-video-preview:-1\" \/>\n<link rel=\"canonical\" href=\"https:\/\/www.zerdab.com\/?p=18298\" \/>\n<meta property=\"og:locale\" content=\"az_AZ\" \/>\n<meta property=\"og:type\" content=\"article\" \/>\n<meta property=\"og:title\" content=\"Z\u0259rdabl\u0131 icra ba\u015f\u00e7\u0131s\u0131 haqq\u0131nda bilm\u0259dikl\u0259rimiz - Z\u0259rdab.com\" \/>\n<meta property=\"og:description\" content=\"X\u0259b\u0259r verdiyimiz kimi, Prezident \u0130lham \u018fliyev M\u00fcbariz A\u011fayevi G\u00f6y\u00e7ay rayonuna yeni icra ba\u015f\u00e7\u0131s\u0131 t\u0259yin edib. Zerdab.com sayt\u0131 M\u00fcbariz A\u011fayev bar\u0259d\u0259 b\u0259zi m\u0259lumatlar\u0131 oxuculara t\u0259qdim edir. M\u00fcbariz A\u011fayev\u00a01 sentyabr\u00a01953-c\u00fc ild\u0259 Z\u0259rdab rayonunun M\u0259likumudlu k\u0259ndind\u0259 anadan olub. Az\u0259rbaycan Texnologiya \u0130nstitutunu bitirib. \u0130xtisasca texnoloqdur. 1970-ci ild\u0259 G\u00f6y\u00e7ay \u015f\u0259h\u0259r \u0130stehlak C\u0259miyy\u0259tind\u0259 \u0259m\u0259k f\u0259aliyy\u0259tin\u0259 ba\u015flayib. Sonralar m\u00fcxt\u0259lif ill\u0259rd\u0259 G\u00f6y\u00e7ay konserv [&hellip;]\" \/>\n<meta property=\"og:url\" content=\"https:\/\/www.zerdab.com\/?p=18298\" \/>\n<meta property=\"og:site_name\" content=\"Z\u0259rdab.com\" \/>\n<meta property=\"article:published_time\" content=\"2015-02-02T07:22:47+00:00\" \/>\n<meta property=\"article:modified_time\" content=\"2015-02-02T07:27:40+00:00\" \/>\n<meta name=\"author\" content=\"admin\" \/>\n<meta name=\"twitter:card\" content=\"summary_large_image\" \/>\n<meta name=\"twitter:label1\" content=\"Written by\" \/>\n\t<meta name=\"twitter:data1\" content=\"admin\" \/>\n\t<meta name=\"twitter:label2\" content=\"Est. reading time\" \/>\n\t<meta name=\"twitter:data2\" content=\"2 minutes\" \/>\n<script type=\"application\/ld+json\" class=\"yoast-schema-graph\">{\"@context\":\"https:\/\/schema.org\",\"@graph\":[{\"@type\":\"Article\",\"@id\":\"https:\/\/www.zerdab.com\/?p=18298#article\",\"isPartOf\":{\"@id\":\"https:\/\/www.zerdab.com\/?p=18298\"},\"author\":{\"name\":\"admin\",\"@id\":\"https:\/\/www.zerdab.com\/#\/schema\/person\/97079b7570c1e89ec0d9e138c3672136\"},\"headline\":\"Z\u0259rdabl\u0131 icra ba\u015f\u00e7\u0131s\u0131 haqq\u0131nda bilm\u0259dikl\u0259rimiz\",\"datePublished\":\"2015-02-02T07:22:47+00:00\",\"dateModified\":\"2015-02-02T07:27:40+00:00\",\"mainEntityOfPage\":{\"@id\":\"https:\/\/www.zerdab.com\/?p=18298\"},\"wordCount\":483,\"commentCount\":1,\"articleSection\":[\"F\u018fXRL\u018fR\u0130M\u0130Z\"],\"inLanguage\":\"az\",\"potentialAction\":[{\"@type\":\"CommentAction\",\"name\":\"Comment\",\"target\":[\"https:\/\/www.zerdab.com\/?p=18298#respond\"]}]},{\"@type\":\"WebPage\",\"@id\":\"https:\/\/www.zerdab.com\/?p=18298\",\"url\":\"https:\/\/www.zerdab.com\/?p=18298\",\"name\":\"Z\u0259rdabl\u0131 icra ba\u015f\u00e7\u0131s\u0131 haqq\u0131nda bilm\u0259dikl\u0259rimiz - Z\u0259rdab.com\",\"isPartOf\":{\"@id\":\"https:\/\/www.zerdab.com\/#website\"},\"datePublished\":\"2015-02-02T07:22:47+00:00\",\"dateModified\":\"2015-02-02T07:27:40+00:00\",\"author\":{\"@id\":\"https:\/\/www.zerdab.com\/#\/schema\/person\/97079b7570c1e89ec0d9e138c3672136\"},\"breadcrumb\":{\"@id\":\"https:\/\/www.zerdab.com\/?p=18298#breadcrumb\"},\"inLanguage\":\"az\",\"potentialAction\":[{\"@type\":\"ReadAction\",\"target\":[\"https:\/\/www.zerdab.com\/?p=18298\"]}]},{\"@type\":\"BreadcrumbList\",\"@id\":\"https:\/\/www.zerdab.com\/?p=18298#breadcrumb\",\"itemListElement\":[{\"@type\":\"ListItem\",\"position\":1,\"name\":\"Home\",\"item\":\"https:\/\/www.zerdab.com\/\"},{\"@type\":\"ListItem\",\"position\":2,\"name\":\"Z\u0259rdabl\u0131 icra ba\u015f\u00e7\u0131s\u0131 haqq\u0131nda bilm\u0259dikl\u0259rimiz\"}]},{\"@type\":\"WebSite\",\"@id\":\"https:\/\/www.zerdab.com\/#website\",\"url\":\"https:\/\/www.zerdab.com\/\",\"name\":\"Z\u0259rdab.com\",\"description\":\"\",\"potentialAction\":[{\"@type\":\"SearchAction\",\"target\":{\"@type\":\"EntryPoint\",\"urlTemplate\":\"https:\/\/www.zerdab.com\/?s={search_term_string}\"},\"query-input\":{\"@type\":\"PropertyValueSpecification\",\"valueRequired\":true,\"valueName\":\"search_term_string\"}}],\"inLanguage\":\"az\"},{\"@type\":\"Person\",\"@id\":\"https:\/\/www.zerdab.com\/#\/schema\/person\/97079b7570c1e89ec0d9e138c3672136\",\"name\":\"admin\",\"image\":{\"@type\":\"ImageObject\",\"inLanguage\":\"az\",\"@id\":\"https:\/\/www.zerdab.com\/#\/schema\/person\/image\/\",\"url\":\"https:\/\/secure.gravatar.com\/avatar\/d9c52a9a27c32119cb6679a077fa3e2779e5f822c451cbf01098004361d466ec?s=96&d=mm&r=g\",\"contentUrl\":\"https:\/\/secure.gravatar.com\/avatar\/d9c52a9a27c32119cb6679a077fa3e2779e5f822c451cbf01098004361d466ec?s=96&d=mm&r=g\",\"caption\":\"admin\"},\"url\":\"https:\/\/www.zerdab.com\/?author=1\"}]}<\/script>\n<!-- \/ Yoast SEO plugin. -->","yoast_head_json":{"title":"Z\u0259rdabl\u0131 icra ba\u015f\u00e7\u0131s\u0131 haqq\u0131nda bilm\u0259dikl\u0259rimiz - Z\u0259rdab.com","robots":{"index":"index","follow":"follow","max-snippet":"max-snippet:-1","max-image-preview":"max-image-preview:large","max-video-preview":"max-video-preview:-1"},"canonical":"https:\/\/www.zerdab.com\/?p=18298","og_locale":"az_AZ","og_type":"article","og_title":"Z\u0259rdabl\u0131 icra ba\u015f\u00e7\u0131s\u0131 haqq\u0131nda bilm\u0259dikl\u0259rimiz - Z\u0259rdab.com","og_description":"X\u0259b\u0259r verdiyimiz kimi, Prezident \u0130lham \u018fliyev M\u00fcbariz A\u011fayevi G\u00f6y\u00e7ay rayonuna yeni icra ba\u015f\u00e7\u0131s\u0131 t\u0259yin edib. Zerdab.com sayt\u0131 M\u00fcbariz A\u011fayev bar\u0259d\u0259 b\u0259zi m\u0259lumatlar\u0131 oxuculara t\u0259qdim edir. M\u00fcbariz A\u011fayev\u00a01 sentyabr\u00a01953-c\u00fc ild\u0259 Z\u0259rdab rayonunun M\u0259likumudlu k\u0259ndind\u0259 anadan olub. Az\u0259rbaycan Texnologiya \u0130nstitutunu bitirib. \u0130xtisasca texnoloqdur. 1970-ci ild\u0259 G\u00f6y\u00e7ay \u015f\u0259h\u0259r \u0130stehlak C\u0259miyy\u0259tind\u0259 \u0259m\u0259k f\u0259aliyy\u0259tin\u0259 ba\u015flayib. Sonralar m\u00fcxt\u0259lif ill\u0259rd\u0259 G\u00f6y\u00e7ay konserv [&hellip;]","og_url":"https:\/\/www.zerdab.com\/?p=18298","og_site_name":"Z\u0259rdab.com","article_published_time":"2015-02-02T07:22:47+00:00","article_modified_time":"2015-02-02T07:27:40+00:00","author":"admin","twitter_card":"summary_large_image","twitter_misc":{"Written by":"admin","Est. reading time":"2 minutes"},"schema":{"@context":"https:\/\/schema.org","@graph":[{"@type":"Article","@id":"https:\/\/www.zerdab.com\/?p=18298#article","isPartOf":{"@id":"https:\/\/www.zerdab.com\/?p=18298"},"author":{"name":"admin","@id":"https:\/\/www.zerdab.com\/#\/schema\/person\/97079b7570c1e89ec0d9e138c3672136"},"headline":"Z\u0259rdabl\u0131 icra ba\u015f\u00e7\u0131s\u0131 haqq\u0131nda bilm\u0259dikl\u0259rimiz","datePublished":"2015-02-02T07:22:47+00:00","dateModified":"2015-02-02T07:27:40+00:00","mainEntityOfPage":{"@id":"https:\/\/www.zerdab.com\/?p=18298"},"wordCount":483,"commentCount":1,"articleSection":["F\u018fXRL\u018fR\u0130M\u0130Z"],"inLanguage":"az","potentialAction":[{"@type":"CommentAction","name":"Comment","target":["https:\/\/www.zerdab.com\/?p=18298#respond"]}]},{"@type":"WebPage","@id":"https:\/\/www.zerdab.com\/?p=18298","url":"https:\/\/www.zerdab.com\/?p=18298","name":"Z\u0259rdabl\u0131 icra ba\u015f\u00e7\u0131s\u0131 haqq\u0131nda bilm\u0259dikl\u0259rimiz - Z\u0259rdab.com","isPartOf":{"@id":"https:\/\/www.zerdab.com\/#website"},"datePublished":"2015-02-02T07:22:47+00:00","dateModified":"2015-02-02T07:27:40+00:00","author":{"@id":"https:\/\/www.zerdab.com\/#\/schema\/person\/97079b7570c1e89ec0d9e138c3672136"},"breadcrumb":{"@id":"https:\/\/www.zerdab.com\/?p=18298#breadcrumb"},"inLanguage":"az","potentialAction":[{"@type":"ReadAction","target":["https:\/\/www.zerdab.com\/?p=18298"]}]},{"@type":"BreadcrumbList","@id":"https:\/\/www.zerdab.com\/?p=18298#breadcrumb","itemListElement":[{"@type":"ListItem","position":1,"name":"Home","item":"https:\/\/www.zerdab.com\/"},{"@type":"ListItem","position":2,"name":"Z\u0259rdabl\u0131 icra ba\u015f\u00e7\u0131s\u0131 haqq\u0131nda bilm\u0259dikl\u0259rimiz"}]},{"@type":"WebSite","@id":"https:\/\/www.zerdab.com\/#website","url":"https:\/\/www.zerdab.com\/","name":"Z\u0259rdab.com","description":"","potentialAction":[{"@type":"SearchAction","target":{"@type":"EntryPoint","urlTemplate":"https:\/\/www.zerdab.com\/?s={search_term_string}"},"query-input":{"@type":"PropertyValueSpecification","valueRequired":true,"valueName":"search_term_string"}}],"inLanguage":"az"},{"@type":"Person","@id":"https:\/\/www.zerdab.com\/#\/schema\/person\/97079b7570c1e89ec0d9e138c3672136","name":"admin","image":{"@type":"ImageObject","inLanguage":"az","@id":"https:\/\/www.zerdab.com\/#\/schema\/person\/image\/","url":"https:\/\/secure.gravatar.com\/avatar\/d9c52a9a27c32119cb6679a077fa3e2779e5f822c451cbf01098004361d466ec?s=96&d=mm&r=g","contentUrl":"https:\/\/secure.gravatar.com\/avatar\/d9c52a9a27c32119cb6679a077fa3e2779e5f822c451cbf01098004361d466ec?s=96&d=mm&r=g","caption":"admin"},"url":"https:\/\/www.zerdab.com\/?author=1"}]}},"_links":{"self":[{"href":"https:\/\/www.zerdab.com\/index.php?rest_route=\/wp\/v2\/posts\/18298","targetHints":{"allow":["GET"]}}],"collection":[{"href":"https:\/\/www.zerdab.com\/index.php?rest_route=\/wp\/v2\/posts"}],"about":[{"href":"https:\/\/www.zerdab.com\/index.php?rest_route=\/wp\/v2\/types\/post"}],"author":[{"embeddable":true,"href":"https:\/\/www.zerdab.com\/index.php?rest_route=\/wp\/v2\/users\/1"}],"replies":[{"embeddable":true,"href":"https:\/\/www.zerdab.com\/index.php?rest_route=%2Fwp%2Fv2%2Fcomments&post=18298"}],"version-history":[{"count":3,"href":"https:\/\/www.zerdab.com\/index.php?rest_route=\/wp\/v2\/posts\/18298\/revisions"}],"predecessor-version":[{"id":18302,"href":"https:\/\/www.zerdab.com\/index.php?rest_route=\/wp\/v2\/posts\/18298\/revisions\/18302"}],"wp:attachment":[{"href":"https:\/\/www.zerdab.com\/index.php?rest_route=%2Fwp%2Fv2%2Fmedia&parent=18298"}],"wp:term":[{"taxonomy":"category","embeddable":true,"href":"https:\/\/www.zerdab.com\/index.php?rest_route=%2Fwp%2Fv2%2Fcategories&post=18298"},{"taxonomy":"post_tag","embeddable":true,"href":"https:\/\/www.zerdab.com\/index.php?rest_route=%2Fwp%2Fv2%2Ftags&post=18298"}],"curies":[{"name":"wp","href":"https:\/\/api.w.org\/{rel}","templated":true}]}}