{"id":18323,"date":"2015-02-05T12:38:07","date_gmt":"2015-02-05T08:38:07","guid":{"rendered":"http:\/\/www.zerdab.com\/?p=18323"},"modified":"2015-02-05T12:40:24","modified_gmt":"2015-02-05T08:40:24","slug":"z%c9%99rdabli-muharib%c9%99-veterani-qnyaz-qarayev-94-yasinda-dunyasini-d%c9%99yisib","status":"publish","type":"post","link":"https:\/\/www.zerdab.com\/?p=18323","title":{"rendered":"Z\u0259rdabl\u0131 m\u00fcharib\u0259 veteran\u0131 Qnyaz Qarayev 94 ya\u015f\u0131nda d\u00fcnyas\u0131n\u0131 d\u0259yi\u015fib"},"content":{"rendered":"<p><a href=\"http:\/\/www.zerdab.com\/wp-content\/uploads\/2015\/02\/Qnyaz-Qarayev.jpg\"><img loading=\"lazy\" decoding=\"async\" class=\"size-large wp-image-18324\" src=\"http:\/\/www.zerdab.com\/wp-content\/uploads\/2015\/02\/Qnyaz-Qarayev-550x495.jpg\" alt=\"Qnyaz Qarayev\" width=\"550\" height=\"495\" \/><\/a><\/p>\n<p>\u00d6t\u0259n h\u0259r g\u00fcn bizi fa\u015fizm \u00fcz\u0259rind\u0259 q\u0259l\u0259b\u0259nin ild\u00f6n\u00fcm\u00fcn\u0259 n\u00f6vb\u0259ti ild\u00f6n\u00fcm\u00fcn\u0259 yax\u0131nla\u015fd\u0131r\u0131r. H\u0259min m\u00fcharib\u0259d\u0259 Az\u0259rbaycandan 700 min\u0259 yax\u0131n ki\u015fi v\u0259 qad\u0131n vuru\u015furdu. Onlardan t\u0259qrib\u0259n 300 min n\u0259f\u0259rin\u0259 V\u0259t\u0259n\u0259 qay\u0131tmaq qism\u0259t olmad\u0131.<\/p>\n<p>O amans\u0131z m\u00fcharib\u0259d\u0259 i\u015ftirak ed\u0259n 3384 z\u0259rdabl\u0131dan 1407 n\u0259f\u0259ri geri qay\u0131tmad\u0131. Ev\u0259 d\u00f6n\u0259n\u00a0 1977 veterandan indi \u00e7ox az \u2013 barmaqla say\u0131la bil\u0259c\u0259k q\u0259d\u0259r veteran qal\u0131b. H\u0259min veteranlardan biri d\u0259 Qoruqba\u011f\u0131 k\u0259nd sakini Qarayev Qnyaz Nuh o\u011flu idi. Bu g\u00fcnl\u0259rd\u0259 ac\u0131 bir x\u0259b\u0259r ald\u0131q \u2013 rayonumuzun h\u00f6rm\u0259tli ziyal\u0131lar\u0131ndan, a\u011fsaqqallar\u0131ndan olan Qnyaz Qarayev 94 ya\u015f\u0131nda d\u00fcnyas\u0131n\u0131 d\u0259yi\u015fib. <span style=\"color: #0000ff;\"><strong>\u201c<\/strong><\/span><em><span style=\"color: #0000ff;\"><strong>\u018fkin\u00e7i\u201d<\/strong><\/span> q<\/em>\u0259zetind\u0259 bir m\u00fcdd\u0259t \u0259vv\u0259l d\u0259rc olunmu\u015f yaz\u0131ya istinad\u0259n Qnyaz Qarayevin \u015f\u0259r\u0259fli \u00f6m\u00fcr yolundan b\u0259zi m\u0259qamlar\u0131 oxucular\u0131m\u0131za t\u0259qdim edirik:<\/p>\n<p>&#8211; 1921-ci il may\u0131n 3-d\u0259 Sar\u0131qaya k\u0259ndind\u0259 anadan olmu\u015fam.\u00a01936-37-ci d\u0259rs ilind\u0259 G\u00f6y\u00e7ay Pedaqoji Texnikumuna daxil olub oran\u0131 f\u0259rql\u0259nm\u0259 il\u0259 bitirdim. O vaxtk\u0131 qanuna \u0259sas\u0259n m\u0259kt\u0259bi f\u0259rql\u0259nm\u0259 il\u0259 bitir\u0259nl\u0259r pedaqoji texnikumda yarad\u0131lm\u0131\u015f rus dili m\u00fc\u0259llimi haz\u0131rlayan qrupa q\u0259bul olunurdu. M\u0259n d\u0259 h\u0259min fak\u00fclt\u0259y\u0259 daxil olaraq 1940-c\u0131 ild\u0259\u00a0 V-VII sinifl\u0259rd\u0259 rus dili f\u0259nnind\u0259n d\u0259rs dem\u0259k h\u00fcququ olan m\u00fc\u0259llim diplomuna layiq g\u00f6r\u00fcld\u00fcm. Texnikumu f\u0259rql\u0259nm\u0259 il\u0259 qurtarmaq haqq\u0131ndak\u0131 diplomumu Az\u0259rbaycan D\u00f6vl\u0259t Pedaqoji \u0130nstitutunun rus dili fak\u00fclt\u0259sin\u0259 verdim. Lakin ordudan qay\u0131td\u0131qdan sonra m\u0259nim diplomum h\u0259min institutda tap\u0131lmad\u0131&#8230;<\/p>\n<p>1940-c\u0131 d\u0259rs ilind\u0259 L\u0259l\u0259a\u011fac\u0131 k\u0259nd m\u0259kt\u0259bind\u0259, 1941-ci d\u0259rs ilind\u0259 M\u0259likli natamam orta m\u0259kt\u0259bind\u0259, 1947-ci d\u0259rs ilind\u0259 yenid\u0259n M\u0259likli natamam orta m\u0259kt\u0259bind\u0259 v\u0259 1948-ci ild\u0259n 1986-c\u0131 il\u0259 kimi Qoruqba\u011f\u0131 7 illik m\u0259kt\u0259bind\u0259 rus dili m\u00fc\u0259llimi i\u015fl\u0259mi\u015f\u0259m. Qabaqc\u0131l maarif xadimi ad\u0131na layiq g\u00f6r\u00fclm\u00fc\u015f\u0259m v\u0259 d\u00f6\u015f ni\u015fan\u0131 il\u0259 t\u0259ltif olunmu\u015fam.<\/p>\n<p>1942-ci ilin yanvar\u0131nda c\u0259bh\u0259y\u0259 g\u00f6nd\u0259rildim. Moskvada 4 ayl\u0131q kurs ke\u00e7dikd\u0259n sonra 165 sayl\u0131 polkun t\u0259rkibind\u0259 Moskvan\u0131 m\u00fcdafi\u0259 etdim. 1942-ci ilin avqust ay\u0131nda 21-ci qvardiya diviziyas\u0131n\u0131n t\u0259rkibind\u0259 64-c\u00fc qvardiya polkunda b\u00f6lm\u0259 komandiri kimi Smolensk, Kalinin v\u0259 Voronej vilay\u0259tl\u0259rinin azad edilm\u0259sind\u0259 i\u015ftirak etmi\u015f\u0259m.<\/p>\n<p>1943-c\u00fc ilin yanvar\u0131ndan aprel ay\u0131na kimi Sverdlovskda tank\u00e7\u0131 m\u0259kt\u0259bind\u0259 oxumu\u015fam v\u0259 m\u0259kt\u0259bi bitir\u0259r\u0259k orta tipli T-34 markal\u0131 tankda top komandiri ixtisas\u0131n\u0131 qazanm\u0131\u015fam.<\/p>\n<p>1943-c\u00fc ilin may\u0131nda T-34 markal\u0131 tankda top komandiri kimi I Ukrayna c\u0259bh\u0259sin\u0259 d\u00f6y\u00fc\u015f\u0259 g\u00f6nd\u0259rilmi\u015f\u0259m. 7-ci qvardiya tank\u00e7\u0131lar briqadas\u0131n\u0131n t\u0259rkibind\u0259 olan 43-c\u00fc qvardiya polkunda T-34 markal\u0131 tankda top komandiri kimi Sum\u0131sk, Poltava v\u0259 Kiyev vilay\u0259tl\u0259rinin azad edilm\u0259sind\u0259 i\u015ftirak etmi\u015f\u0259m. Kiyev \u0259traf\u0131nda yaralanm\u0131\u015fam.<\/p>\n<p>1944-c\u00fc ild\u0259 23 iyundan 15 oktyabra kimi 3-c\u00fc Belorus c\u0259bh\u0259sind\u0259 Belorusiyan\u0131n v\u0259 Pribaltikan\u0131n azad edilm\u0259sind\u0259 i\u015ftirak etmi\u015f\u0259m.<\/p>\n<p>SSR\u0130 Silahl\u0131 Q\u00fcvv\u0259l\u0259ri Ali Ba\u015f Komandanl\u0131\u011f\u0131ndan 7 d\u0259f\u0259 r\u0259smi t\u0259\u015f\u0259kk\u00fcr alm\u0131\u015fam. Fa\u015fistl\u0259rin m\u0259\u011flubedilm\u0259z \u201cP\u0259l\u0259ng\u201d adlanan tank\u0131n\u0131 vurma\u011f\u0131ma g\u00f6r\u0259 100 min manat pul m\u00fckafat\u0131na layiq g\u00f6r\u00fclm\u00fc\u015f\u0259m. N\u00fcmun\u0259vi d\u00f6y\u00fc\u015f\u0259 g\u00f6r\u0259 Q\u0131rm\u0131z\u0131 Ulduz ordeni, B\u00f6y\u00fck V\u0259t\u0259n m\u00fcharib\u0259si ordenl\u0259rii, 1941-45-ci il V\u0259t\u0259n m\u00fcharib\u0259si medal\u0131 il\u0259 t\u0259ltif olunmu\u015fam. H\u0259rbi m\u0259kt\u0259b qurtarm\u0131\u015fam. R\u00fctb\u0259m qvardiya leytenant\u0131 olub\u201d.<\/p>\n<p>Bir daha Qnyaz Qarayev\u0259 Allahdan r\u0259hm\u0259t dil\u0259yir, m\u0259kan\u0131 c\u0259nn\u0259t olsun deyirik.<\/p>\n<p><strong>Zerdab.com<\/strong><\/p>\n","protected":false},"excerpt":{"rendered":"<p>\u00d6t\u0259n h\u0259r g\u00fcn bizi fa\u015fizm \u00fcz\u0259rind\u0259 q\u0259l\u0259b\u0259nin ild\u00f6n\u00fcm\u00fcn\u0259 n\u00f6vb\u0259ti ild\u00f6n\u00fcm\u00fcn\u0259 yax\u0131nla\u015fd\u0131r\u0131r. H\u0259min m\u00fcharib\u0259d\u0259 Az\u0259rbaycandan 700 min\u0259 yax\u0131n ki\u015fi v\u0259 qad\u0131n vuru\u015furdu. Onlardan t\u0259qrib\u0259n 300 min n\u0259f\u0259rin\u0259 V\u0259t\u0259n\u0259 qay\u0131tmaq qism\u0259t olmad\u0131. O amans\u0131z m\u00fcharib\u0259d\u0259 i\u015ftirak ed\u0259n 3384 z\u0259rdabl\u0131dan 1407 n\u0259f\u0259ri geri qay\u0131tmad\u0131. Ev\u0259 d\u00f6n\u0259n\u00a0 1977 veterandan indi \u00e7ox az \u2013 barmaqla say\u0131la bil\u0259c\u0259k q\u0259d\u0259r veteran qal\u0131b. [&hellip;]<\/p>\n","protected":false},"author":1,"featured_media":0,"comment_status":"open","ping_status":"open","sticky":false,"template":"","format":"standard","meta":{"footnotes":""},"categories":[7],"tags":[],"class_list":{"0":"post-18323","1":"post","2":"type-post","3":"status-publish","4":"format-standard","6":"category-ziyalilar"},"yoast_head":"<!-- This site is optimized with the Yoast SEO plugin v27.0 - https:\/\/yoast.com\/product\/yoast-seo-wordpress\/ -->\n<title>Z\u0259rdabl\u0131 m\u00fcharib\u0259 veteran\u0131 Qnyaz Qarayev 94 ya\u015f\u0131nda d\u00fcnyas\u0131n\u0131 d\u0259yi\u015fib - Z\u0259rdab.com<\/title>\n<meta name=\"robots\" content=\"index, follow, max-snippet:-1, max-image-preview:large, max-video-preview:-1\" \/>\n<link rel=\"canonical\" href=\"https:\/\/www.zerdab.com\/?p=18323\" \/>\n<meta property=\"og:locale\" content=\"az_AZ\" \/>\n<meta property=\"og:type\" content=\"article\" \/>\n<meta property=\"og:title\" content=\"Z\u0259rdabl\u0131 m\u00fcharib\u0259 veteran\u0131 Qnyaz Qarayev 94 ya\u015f\u0131nda d\u00fcnyas\u0131n\u0131 d\u0259yi\u015fib - Z\u0259rdab.com\" \/>\n<meta property=\"og:description\" content=\"\u00d6t\u0259n h\u0259r g\u00fcn bizi fa\u015fizm \u00fcz\u0259rind\u0259 q\u0259l\u0259b\u0259nin ild\u00f6n\u00fcm\u00fcn\u0259 n\u00f6vb\u0259ti ild\u00f6n\u00fcm\u00fcn\u0259 yax\u0131nla\u015fd\u0131r\u0131r. H\u0259min m\u00fcharib\u0259d\u0259 Az\u0259rbaycandan 700 min\u0259 yax\u0131n ki\u015fi v\u0259 qad\u0131n vuru\u015furdu. Onlardan t\u0259qrib\u0259n 300 min n\u0259f\u0259rin\u0259 V\u0259t\u0259n\u0259 qay\u0131tmaq qism\u0259t olmad\u0131. O amans\u0131z m\u00fcharib\u0259d\u0259 i\u015ftirak ed\u0259n 3384 z\u0259rdabl\u0131dan 1407 n\u0259f\u0259ri geri qay\u0131tmad\u0131. Ev\u0259 d\u00f6n\u0259n\u00a0 1977 veterandan indi \u00e7ox az \u2013 barmaqla say\u0131la bil\u0259c\u0259k q\u0259d\u0259r veteran qal\u0131b. [&hellip;]\" \/>\n<meta property=\"og:url\" content=\"https:\/\/www.zerdab.com\/?p=18323\" \/>\n<meta property=\"og:site_name\" content=\"Z\u0259rdab.com\" \/>\n<meta property=\"article:published_time\" content=\"2015-02-05T08:38:07+00:00\" \/>\n<meta property=\"article:modified_time\" content=\"2015-02-05T08:40:24+00:00\" \/>\n<meta property=\"og:image\" content=\"http:\/\/www.zerdab.com\/wp-content\/uploads\/2015\/02\/Qnyaz-Qarayev-550x495.jpg\" \/>\n<meta name=\"author\" content=\"admin\" \/>\n<meta name=\"twitter:card\" content=\"summary_large_image\" \/>\n<meta name=\"twitter:label1\" content=\"Written by\" \/>\n\t<meta name=\"twitter:data1\" content=\"admin\" \/>\n\t<meta name=\"twitter:label2\" content=\"Est. reading time\" \/>\n\t<meta name=\"twitter:data2\" content=\"3 minutes\" \/>\n<script type=\"application\/ld+json\" class=\"yoast-schema-graph\">{\"@context\":\"https:\/\/schema.org\",\"@graph\":[{\"@type\":\"Article\",\"@id\":\"https:\/\/www.zerdab.com\/?p=18323#article\",\"isPartOf\":{\"@id\":\"https:\/\/www.zerdab.com\/?p=18323\"},\"author\":{\"name\":\"admin\",\"@id\":\"https:\/\/www.zerdab.com\/#\/schema\/person\/97079b7570c1e89ec0d9e138c3672136\"},\"headline\":\"Z\u0259rdabl\u0131 m\u00fcharib\u0259 veteran\u0131 Qnyaz Qarayev 94 ya\u015f\u0131nda d\u00fcnyas\u0131n\u0131 d\u0259yi\u015fib\",\"datePublished\":\"2015-02-05T08:38:07+00:00\",\"dateModified\":\"2015-02-05T08:40:24+00:00\",\"mainEntityOfPage\":{\"@id\":\"https:\/\/www.zerdab.com\/?p=18323\"},\"wordCount\":697,\"commentCount\":1,\"image\":{\"@id\":\"https:\/\/www.zerdab.com\/?p=18323#primaryimage\"},\"thumbnailUrl\":\"http:\/\/www.zerdab.com\/wp-content\/uploads\/2015\/02\/Qnyaz-Qarayev-550x495.jpg\",\"articleSection\":[\"F\u018fXRL\u018fR\u0130M\u0130Z\"],\"inLanguage\":\"az\",\"potentialAction\":[{\"@type\":\"CommentAction\",\"name\":\"Comment\",\"target\":[\"https:\/\/www.zerdab.com\/?p=18323#respond\"]}]},{\"@type\":\"WebPage\",\"@id\":\"https:\/\/www.zerdab.com\/?p=18323\",\"url\":\"https:\/\/www.zerdab.com\/?p=18323\",\"name\":\"Z\u0259rdabl\u0131 m\u00fcharib\u0259 veteran\u0131 Qnyaz Qarayev 94 ya\u015f\u0131nda d\u00fcnyas\u0131n\u0131 d\u0259yi\u015fib - Z\u0259rdab.com\",\"isPartOf\":{\"@id\":\"https:\/\/www.zerdab.com\/#website\"},\"primaryImageOfPage\":{\"@id\":\"https:\/\/www.zerdab.com\/?p=18323#primaryimage\"},\"image\":{\"@id\":\"https:\/\/www.zerdab.com\/?p=18323#primaryimage\"},\"thumbnailUrl\":\"http:\/\/www.zerdab.com\/wp-content\/uploads\/2015\/02\/Qnyaz-Qarayev-550x495.jpg\",\"datePublished\":\"2015-02-05T08:38:07+00:00\",\"dateModified\":\"2015-02-05T08:40:24+00:00\",\"author\":{\"@id\":\"https:\/\/www.zerdab.com\/#\/schema\/person\/97079b7570c1e89ec0d9e138c3672136\"},\"breadcrumb\":{\"@id\":\"https:\/\/www.zerdab.com\/?p=18323#breadcrumb\"},\"inLanguage\":\"az\",\"potentialAction\":[{\"@type\":\"ReadAction\",\"target\":[\"https:\/\/www.zerdab.com\/?p=18323\"]}]},{\"@type\":\"ImageObject\",\"inLanguage\":\"az\",\"@id\":\"https:\/\/www.zerdab.com\/?p=18323#primaryimage\",\"url\":\"\",\"contentUrl\":\"\"},{\"@type\":\"BreadcrumbList\",\"@id\":\"https:\/\/www.zerdab.com\/?p=18323#breadcrumb\",\"itemListElement\":[{\"@type\":\"ListItem\",\"position\":1,\"name\":\"Home\",\"item\":\"https:\/\/www.zerdab.com\/\"},{\"@type\":\"ListItem\",\"position\":2,\"name\":\"Z\u0259rdabl\u0131 m\u00fcharib\u0259 veteran\u0131 Qnyaz Qarayev 94 ya\u015f\u0131nda d\u00fcnyas\u0131n\u0131 d\u0259yi\u015fib\"}]},{\"@type\":\"WebSite\",\"@id\":\"https:\/\/www.zerdab.com\/#website\",\"url\":\"https:\/\/www.zerdab.com\/\",\"name\":\"Z\u0259rdab.com\",\"description\":\"\",\"potentialAction\":[{\"@type\":\"SearchAction\",\"target\":{\"@type\":\"EntryPoint\",\"urlTemplate\":\"https:\/\/www.zerdab.com\/?s={search_term_string}\"},\"query-input\":{\"@type\":\"PropertyValueSpecification\",\"valueRequired\":true,\"valueName\":\"search_term_string\"}}],\"inLanguage\":\"az\"},{\"@type\":\"Person\",\"@id\":\"https:\/\/www.zerdab.com\/#\/schema\/person\/97079b7570c1e89ec0d9e138c3672136\",\"name\":\"admin\",\"image\":{\"@type\":\"ImageObject\",\"inLanguage\":\"az\",\"@id\":\"https:\/\/www.zerdab.com\/#\/schema\/person\/image\/\",\"url\":\"https:\/\/secure.gravatar.com\/avatar\/d9c52a9a27c32119cb6679a077fa3e2779e5f822c451cbf01098004361d466ec?s=96&d=mm&r=g\",\"contentUrl\":\"https:\/\/secure.gravatar.com\/avatar\/d9c52a9a27c32119cb6679a077fa3e2779e5f822c451cbf01098004361d466ec?s=96&d=mm&r=g\",\"caption\":\"admin\"},\"url\":\"https:\/\/www.zerdab.com\/?author=1\"}]}<\/script>\n<!-- \/ Yoast SEO plugin. -->","yoast_head_json":{"title":"Z\u0259rdabl\u0131 m\u00fcharib\u0259 veteran\u0131 Qnyaz Qarayev 94 ya\u015f\u0131nda d\u00fcnyas\u0131n\u0131 d\u0259yi\u015fib - Z\u0259rdab.com","robots":{"index":"index","follow":"follow","max-snippet":"max-snippet:-1","max-image-preview":"max-image-preview:large","max-video-preview":"max-video-preview:-1"},"canonical":"https:\/\/www.zerdab.com\/?p=18323","og_locale":"az_AZ","og_type":"article","og_title":"Z\u0259rdabl\u0131 m\u00fcharib\u0259 veteran\u0131 Qnyaz Qarayev 94 ya\u015f\u0131nda d\u00fcnyas\u0131n\u0131 d\u0259yi\u015fib - Z\u0259rdab.com","og_description":"\u00d6t\u0259n h\u0259r g\u00fcn bizi fa\u015fizm \u00fcz\u0259rind\u0259 q\u0259l\u0259b\u0259nin ild\u00f6n\u00fcm\u00fcn\u0259 n\u00f6vb\u0259ti ild\u00f6n\u00fcm\u00fcn\u0259 yax\u0131nla\u015fd\u0131r\u0131r. H\u0259min m\u00fcharib\u0259d\u0259 Az\u0259rbaycandan 700 min\u0259 yax\u0131n ki\u015fi v\u0259 qad\u0131n vuru\u015furdu. Onlardan t\u0259qrib\u0259n 300 min n\u0259f\u0259rin\u0259 V\u0259t\u0259n\u0259 qay\u0131tmaq qism\u0259t olmad\u0131. O amans\u0131z m\u00fcharib\u0259d\u0259 i\u015ftirak ed\u0259n 3384 z\u0259rdabl\u0131dan 1407 n\u0259f\u0259ri geri qay\u0131tmad\u0131. Ev\u0259 d\u00f6n\u0259n\u00a0 1977 veterandan indi \u00e7ox az \u2013 barmaqla say\u0131la bil\u0259c\u0259k q\u0259d\u0259r veteran qal\u0131b. [&hellip;]","og_url":"https:\/\/www.zerdab.com\/?p=18323","og_site_name":"Z\u0259rdab.com","article_published_time":"2015-02-05T08:38:07+00:00","article_modified_time":"2015-02-05T08:40:24+00:00","og_image":[{"url":"http:\/\/www.zerdab.com\/wp-content\/uploads\/2015\/02\/Qnyaz-Qarayev-550x495.jpg","type":"","width":"","height":""}],"author":"admin","twitter_card":"summary_large_image","twitter_misc":{"Written by":"admin","Est. reading time":"3 minutes"},"schema":{"@context":"https:\/\/schema.org","@graph":[{"@type":"Article","@id":"https:\/\/www.zerdab.com\/?p=18323#article","isPartOf":{"@id":"https:\/\/www.zerdab.com\/?p=18323"},"author":{"name":"admin","@id":"https:\/\/www.zerdab.com\/#\/schema\/person\/97079b7570c1e89ec0d9e138c3672136"},"headline":"Z\u0259rdabl\u0131 m\u00fcharib\u0259 veteran\u0131 Qnyaz Qarayev 94 ya\u015f\u0131nda d\u00fcnyas\u0131n\u0131 d\u0259yi\u015fib","datePublished":"2015-02-05T08:38:07+00:00","dateModified":"2015-02-05T08:40:24+00:00","mainEntityOfPage":{"@id":"https:\/\/www.zerdab.com\/?p=18323"},"wordCount":697,"commentCount":1,"image":{"@id":"https:\/\/www.zerdab.com\/?p=18323#primaryimage"},"thumbnailUrl":"http:\/\/www.zerdab.com\/wp-content\/uploads\/2015\/02\/Qnyaz-Qarayev-550x495.jpg","articleSection":["F\u018fXRL\u018fR\u0130M\u0130Z"],"inLanguage":"az","potentialAction":[{"@type":"CommentAction","name":"Comment","target":["https:\/\/www.zerdab.com\/?p=18323#respond"]}]},{"@type":"WebPage","@id":"https:\/\/www.zerdab.com\/?p=18323","url":"https:\/\/www.zerdab.com\/?p=18323","name":"Z\u0259rdabl\u0131 m\u00fcharib\u0259 veteran\u0131 Qnyaz Qarayev 94 ya\u015f\u0131nda d\u00fcnyas\u0131n\u0131 d\u0259yi\u015fib - Z\u0259rdab.com","isPartOf":{"@id":"https:\/\/www.zerdab.com\/#website"},"primaryImageOfPage":{"@id":"https:\/\/www.zerdab.com\/?p=18323#primaryimage"},"image":{"@id":"https:\/\/www.zerdab.com\/?p=18323#primaryimage"},"thumbnailUrl":"http:\/\/www.zerdab.com\/wp-content\/uploads\/2015\/02\/Qnyaz-Qarayev-550x495.jpg","datePublished":"2015-02-05T08:38:07+00:00","dateModified":"2015-02-05T08:40:24+00:00","author":{"@id":"https:\/\/www.zerdab.com\/#\/schema\/person\/97079b7570c1e89ec0d9e138c3672136"},"breadcrumb":{"@id":"https:\/\/www.zerdab.com\/?p=18323#breadcrumb"},"inLanguage":"az","potentialAction":[{"@type":"ReadAction","target":["https:\/\/www.zerdab.com\/?p=18323"]}]},{"@type":"ImageObject","inLanguage":"az","@id":"https:\/\/www.zerdab.com\/?p=18323#primaryimage","url":"","contentUrl":""},{"@type":"BreadcrumbList","@id":"https:\/\/www.zerdab.com\/?p=18323#breadcrumb","itemListElement":[{"@type":"ListItem","position":1,"name":"Home","item":"https:\/\/www.zerdab.com\/"},{"@type":"ListItem","position":2,"name":"Z\u0259rdabl\u0131 m\u00fcharib\u0259 veteran\u0131 Qnyaz Qarayev 94 ya\u015f\u0131nda d\u00fcnyas\u0131n\u0131 d\u0259yi\u015fib"}]},{"@type":"WebSite","@id":"https:\/\/www.zerdab.com\/#website","url":"https:\/\/www.zerdab.com\/","name":"Z\u0259rdab.com","description":"","potentialAction":[{"@type":"SearchAction","target":{"@type":"EntryPoint","urlTemplate":"https:\/\/www.zerdab.com\/?s={search_term_string}"},"query-input":{"@type":"PropertyValueSpecification","valueRequired":true,"valueName":"search_term_string"}}],"inLanguage":"az"},{"@type":"Person","@id":"https:\/\/www.zerdab.com\/#\/schema\/person\/97079b7570c1e89ec0d9e138c3672136","name":"admin","image":{"@type":"ImageObject","inLanguage":"az","@id":"https:\/\/www.zerdab.com\/#\/schema\/person\/image\/","url":"https:\/\/secure.gravatar.com\/avatar\/d9c52a9a27c32119cb6679a077fa3e2779e5f822c451cbf01098004361d466ec?s=96&d=mm&r=g","contentUrl":"https:\/\/secure.gravatar.com\/avatar\/d9c52a9a27c32119cb6679a077fa3e2779e5f822c451cbf01098004361d466ec?s=96&d=mm&r=g","caption":"admin"},"url":"https:\/\/www.zerdab.com\/?author=1"}]}},"_links":{"self":[{"href":"https:\/\/www.zerdab.com\/index.php?rest_route=\/wp\/v2\/posts\/18323","targetHints":{"allow":["GET"]}}],"collection":[{"href":"https:\/\/www.zerdab.com\/index.php?rest_route=\/wp\/v2\/posts"}],"about":[{"href":"https:\/\/www.zerdab.com\/index.php?rest_route=\/wp\/v2\/types\/post"}],"author":[{"embeddable":true,"href":"https:\/\/www.zerdab.com\/index.php?rest_route=\/wp\/v2\/users\/1"}],"replies":[{"embeddable":true,"href":"https:\/\/www.zerdab.com\/index.php?rest_route=%2Fwp%2Fv2%2Fcomments&post=18323"}],"version-history":[{"count":3,"href":"https:\/\/www.zerdab.com\/index.php?rest_route=\/wp\/v2\/posts\/18323\/revisions"}],"predecessor-version":[{"id":18327,"href":"https:\/\/www.zerdab.com\/index.php?rest_route=\/wp\/v2\/posts\/18323\/revisions\/18327"}],"wp:attachment":[{"href":"https:\/\/www.zerdab.com\/index.php?rest_route=%2Fwp%2Fv2%2Fmedia&parent=18323"}],"wp:term":[{"taxonomy":"category","embeddable":true,"href":"https:\/\/www.zerdab.com\/index.php?rest_route=%2Fwp%2Fv2%2Fcategories&post=18323"},{"taxonomy":"post_tag","embeddable":true,"href":"https:\/\/www.zerdab.com\/index.php?rest_route=%2Fwp%2Fv2%2Ftags&post=18323"}],"curies":[{"name":"wp","href":"https:\/\/api.w.org\/{rel}","templated":true}]}}