{"id":18398,"date":"2015-02-13T12:25:21","date_gmt":"2015-02-13T08:25:21","guid":{"rendered":"http:\/\/www.zerdab.com\/?p=18398"},"modified":"2015-02-13T12:25:21","modified_gmt":"2015-02-13T08:25:21","slug":"z%c9%99rdab-v%c9%99-ucarda-v%c9%99t%c9%99nimizi-sev%c9%99k-tariximizi-oyr%c9%99n%c9%99k","status":"publish","type":"post","link":"https:\/\/www.zerdab.com\/?p=18398","title":{"rendered":"Z\u0259rdab v\u0259 Ucarda &#8220;V\u0259t\u0259nimizi sev\u0259k-tariximizi \u00f6yr\u0259n\u0259k!&#8221;"},"content":{"rendered":"<p><a href=\"http:\/\/www.zerdab.com\/wp-content\/uploads\/2015\/02\/V\u0259t\u0259nimizi-sev\u0259k-tariximizi-\u00f6yr\u0259n\u0259k.jpg\"><img loading=\"lazy\" decoding=\"async\" class=\"alignleft size-large wp-image-18399\" src=\"http:\/\/www.zerdab.com\/wp-content\/uploads\/2015\/02\/V\u0259t\u0259nimizi-sev\u0259k-tariximizi-\u00f6yr\u0259n\u0259k-550x256.jpg\" alt=\"V\u0259t\u0259nimizi sev\u0259k-tariximizi \u00f6yr\u0259n\u0259k\" width=\"550\" height=\"256\" \/><\/a>\u201cG\u0259ncliy\u0259 D\u0259st\u0259k\u201d \u0130ctimai Birliyi\u00a0Az\u0259rbaycan G\u0259ncl\u0259r Fondunun d\u0259st\u0259yi il\u0259 Z\u0259rdab v\u0259 Ucar rayonlar\u0131nda &#8220;V\u0259t\u0259nimizi sev\u0259k-tariximizi \u00f6yr\u0259n\u0259k!&#8221; adl\u0131 layih\u0259nin icras\u0131na ba\u015flam\u0131\u015fd\u0131r.<\/p>\n<p>Layih\u0259nin m\u0259qs\u0259di g\u0259ncl\u0259r\u0259 Az\u0259rbaycan\u0131n milli d\u00f6vl\u0259t atributlar\u0131n\u0131 uca tutma\u011f\u0131, v\u0259t\u0259ni sevm\u0259yi a\u015f\u0131lamaq v\u0259 xalq\u0131m\u0131z\u0131n d\u00f6vl\u0259t\u00e7ilik salnam\u0259sini \u00f6yr\u0259tm\u0259kd\u0259n ibar\u0259tdir.<\/p>\n<p>Layih\u0259 zaman\u0131 g\u0259ncl\u0259r\u0259 tariximizin \u0259n parlaq s\u0259hif\u0259l\u0259rind\u0259n olan d\u00f6vl\u0259t\u00e7ilik s\u0259lnam\u0259l\u0259ri v\u0259 x\u00fcsusi il\u0259 m\u00fcs\u0259lman \u015f\u0259rqind\u0259 ilk parlament respublikas\u0131 olan &#8211; Az\u0259rbaycan Xalq C\u00fcmhuriyy\u0259tinin tarixi \u00e7atd\u0131r\u0131lacaqd\u0131r. Bu s\u0259hif\u0259nin tarixd\u0259 \u00f6z\u00fcn\u0259m\u0259xsus yeri, Az\u0259rbaycan tarixind\u0259 m\u0259nas\u0131, mahiyy\u0259ti v\u0259 \u0259h\u0259miyy\u0259ti vard\u0131r. Tariximizin bu parlaq s\u0259hif\u0259sinin mahiyy\u0259t v\u0259 \u0259h\u0259miyy\u0259tini g\u0259nc n\u0259sill\u0259r\u0259 \u00e7atd\u0131rmaq, onlar aras\u0131nda t\u0259bli\u011f etm\u0259k \u00e7ox \u0259h\u0259miyy\u0259tlidir. Bundan \u0259lav\u0259 layih\u0259d\u0259 g\u0259ncl\u0259r aras\u0131nda Az\u0259rbaycan\u0131n d\u00f6vl\u0259t atributlar\u0131 da t\u0259bli\u011f olunacaqd\u0131r. Layih\u0259d\u0259 m\u00fcasir m\u00fcst\u0259qil Az\u0259rbaycan d\u00f6vl\u0259tinin banisi \u00dcmummilli lider Heyd\u0259r \u018fliyevin Az\u0259rbaycan Xalq C\u00fcmhuriyy\u0259ti tarixi v\u0259 bu\u00a0 tarixid\u0259n ke\u00e7\u0259n d\u00f6vr \u0259rzind\u0259 m\u00fcasir d\u00f6vl\u0259t\u00e7ilik tariximiz bar\u0259d\u0259 fikirl\u0259ri d\u0259 g\u0259ncl\u0259r\u0259 \u00e7atd\u0131r\u0131lacaqd\u0131r. Bu m\u0259qs\u0259dl\u0259 layih\u0259 zaman\u0131 t\u0259liml\u0259r, t\u0259qdimatlar v\u0259 maarifl\u0259ndirici seminarlar ke\u00e7iril\u0259c\u0259kdir.<\/p>\n<p>Layih\u0259 t\u0259klifimizi d\u0259st\u0259kl\u0259diyi \u00fc\u00e7\u00fcn \u201cG\u0259ncliy\u0259 D\u0259st\u0259k\u201d \u0130ctimai Birliyi Az\u0259rbaycan G\u0259ncl\u0259r Fonduna \u00f6z minn\u0259tdarl\u0131\u011f\u0131n\u0131 bildirir.<\/p>\n<p>H\u00f6rm\u0259tl\u0259,<\/p>\n<p><strong>\u201cG\u0259ncliy\u0259 d\u0259st\u0259k\u201d \u0130ctimai Birliyinin\u00a0s\u0259dri:\u00a0Eldar X\u0259lilov<\/strong><\/p>\n","protected":false},"excerpt":{"rendered":"<p>\u201cG\u0259ncliy\u0259 D\u0259st\u0259k\u201d \u0130ctimai Birliyi\u00a0Az\u0259rbaycan G\u0259ncl\u0259r Fondunun d\u0259st\u0259yi il\u0259 Z\u0259rdab v\u0259 Ucar rayonlar\u0131nda &#8220;V\u0259t\u0259nimizi sev\u0259k-tariximizi \u00f6yr\u0259n\u0259k!&#8221; adl\u0131 layih\u0259nin icras\u0131na ba\u015flam\u0131\u015fd\u0131r. Layih\u0259nin m\u0259qs\u0259di g\u0259ncl\u0259r\u0259 Az\u0259rbaycan\u0131n milli d\u00f6vl\u0259t atributlar\u0131n\u0131 uca tutma\u011f\u0131, v\u0259t\u0259ni sevm\u0259yi a\u015f\u0131lamaq v\u0259 xalq\u0131m\u0131z\u0131n d\u00f6vl\u0259t\u00e7ilik salnam\u0259sini \u00f6yr\u0259tm\u0259kd\u0259n ibar\u0259tdir. Layih\u0259 zaman\u0131 g\u0259ncl\u0259r\u0259 tariximizin \u0259n parlaq s\u0259hif\u0259l\u0259rind\u0259n olan d\u00f6vl\u0259t\u00e7ilik s\u0259lnam\u0259l\u0259ri v\u0259 x\u00fcsusi il\u0259 m\u00fcs\u0259lman \u015f\u0259rqind\u0259 ilk parlament respublikas\u0131 [&hellip;]<\/p>\n","protected":false},"author":1,"featured_media":0,"comment_status":"open","ping_status":"open","sticky":false,"template":"","format":"standard","meta":{"footnotes":""},"categories":[5],"tags":[],"class_list":{"0":"post-18398","1":"post","2":"type-post","3":"status-publish","4":"format-standard","6":"category-knd"},"yoast_head":"<!-- This site is optimized with the Yoast SEO plugin v27.0 - https:\/\/yoast.com\/product\/yoast-seo-wordpress\/ -->\n<title>Z\u0259rdab v\u0259 Ucarda &quot;V\u0259t\u0259nimizi sev\u0259k-tariximizi \u00f6yr\u0259n\u0259k!&quot; - Z\u0259rdab.com<\/title>\n<meta name=\"robots\" content=\"index, follow, max-snippet:-1, max-image-preview:large, max-video-preview:-1\" \/>\n<link rel=\"canonical\" href=\"https:\/\/www.zerdab.com\/?p=18398\" \/>\n<meta property=\"og:locale\" content=\"az_AZ\" \/>\n<meta property=\"og:type\" content=\"article\" \/>\n<meta property=\"og:title\" content=\"Z\u0259rdab v\u0259 Ucarda &quot;V\u0259t\u0259nimizi sev\u0259k-tariximizi \u00f6yr\u0259n\u0259k!&quot; - Z\u0259rdab.com\" \/>\n<meta property=\"og:description\" content=\"\u201cG\u0259ncliy\u0259 D\u0259st\u0259k\u201d \u0130ctimai Birliyi\u00a0Az\u0259rbaycan G\u0259ncl\u0259r Fondunun d\u0259st\u0259yi il\u0259 Z\u0259rdab v\u0259 Ucar rayonlar\u0131nda &#8220;V\u0259t\u0259nimizi sev\u0259k-tariximizi \u00f6yr\u0259n\u0259k!&#8221; adl\u0131 layih\u0259nin icras\u0131na ba\u015flam\u0131\u015fd\u0131r. Layih\u0259nin m\u0259qs\u0259di g\u0259ncl\u0259r\u0259 Az\u0259rbaycan\u0131n milli d\u00f6vl\u0259t atributlar\u0131n\u0131 uca tutma\u011f\u0131, v\u0259t\u0259ni sevm\u0259yi a\u015f\u0131lamaq v\u0259 xalq\u0131m\u0131z\u0131n d\u00f6vl\u0259t\u00e7ilik salnam\u0259sini \u00f6yr\u0259tm\u0259kd\u0259n ibar\u0259tdir. Layih\u0259 zaman\u0131 g\u0259ncl\u0259r\u0259 tariximizin \u0259n parlaq s\u0259hif\u0259l\u0259rind\u0259n olan d\u00f6vl\u0259t\u00e7ilik s\u0259lnam\u0259l\u0259ri v\u0259 x\u00fcsusi il\u0259 m\u00fcs\u0259lman \u015f\u0259rqind\u0259 ilk parlament respublikas\u0131 [&hellip;]\" \/>\n<meta property=\"og:url\" content=\"https:\/\/www.zerdab.com\/?p=18398\" \/>\n<meta property=\"og:site_name\" content=\"Z\u0259rdab.com\" \/>\n<meta property=\"article:published_time\" content=\"2015-02-13T08:25:21+00:00\" \/>\n<meta name=\"author\" content=\"admin\" \/>\n<meta name=\"twitter:card\" content=\"summary_large_image\" \/>\n<meta name=\"twitter:label1\" content=\"Written by\" \/>\n\t<meta name=\"twitter:data1\" content=\"admin\" \/>\n\t<meta name=\"twitter:label2\" content=\"Est. reading time\" \/>\n\t<meta name=\"twitter:data2\" content=\"2 minutes\" \/>\n<script type=\"application\/ld+json\" class=\"yoast-schema-graph\">{\"@context\":\"https:\/\/schema.org\",\"@graph\":[{\"@type\":\"Article\",\"@id\":\"https:\/\/www.zerdab.com\/?p=18398#article\",\"isPartOf\":{\"@id\":\"https:\/\/www.zerdab.com\/?p=18398\"},\"author\":{\"name\":\"admin\",\"@id\":\"https:\/\/www.zerdab.com\/#\/schema\/person\/97079b7570c1e89ec0d9e138c3672136\"},\"headline\":\"Z\u0259rdab v\u0259 Ucarda &#8220;V\u0259t\u0259nimizi sev\u0259k-tariximizi \u00f6yr\u0259n\u0259k!&#8221;\",\"datePublished\":\"2015-02-13T08:25:21+00:00\",\"mainEntityOfPage\":{\"@id\":\"https:\/\/www.zerdab.com\/?p=18398\"},\"wordCount\":328,\"commentCount\":0,\"articleSection\":[\"X\u018fB\u018fRL\u018fR\"],\"inLanguage\":\"az\",\"potentialAction\":[{\"@type\":\"CommentAction\",\"name\":\"Comment\",\"target\":[\"https:\/\/www.zerdab.com\/?p=18398#respond\"]}]},{\"@type\":\"WebPage\",\"@id\":\"https:\/\/www.zerdab.com\/?p=18398\",\"url\":\"https:\/\/www.zerdab.com\/?p=18398\",\"name\":\"Z\u0259rdab v\u0259 Ucarda \\\"V\u0259t\u0259nimizi sev\u0259k-tariximizi \u00f6yr\u0259n\u0259k!\\\" - Z\u0259rdab.com\",\"isPartOf\":{\"@id\":\"https:\/\/www.zerdab.com\/#website\"},\"datePublished\":\"2015-02-13T08:25:21+00:00\",\"author\":{\"@id\":\"https:\/\/www.zerdab.com\/#\/schema\/person\/97079b7570c1e89ec0d9e138c3672136\"},\"breadcrumb\":{\"@id\":\"https:\/\/www.zerdab.com\/?p=18398#breadcrumb\"},\"inLanguage\":\"az\",\"potentialAction\":[{\"@type\":\"ReadAction\",\"target\":[\"https:\/\/www.zerdab.com\/?p=18398\"]}]},{\"@type\":\"BreadcrumbList\",\"@id\":\"https:\/\/www.zerdab.com\/?p=18398#breadcrumb\",\"itemListElement\":[{\"@type\":\"ListItem\",\"position\":1,\"name\":\"Home\",\"item\":\"https:\/\/www.zerdab.com\/\"},{\"@type\":\"ListItem\",\"position\":2,\"name\":\"Z\u0259rdab v\u0259 Ucarda &#8220;V\u0259t\u0259nimizi sev\u0259k-tariximizi \u00f6yr\u0259n\u0259k!&#8221;\"}]},{\"@type\":\"WebSite\",\"@id\":\"https:\/\/www.zerdab.com\/#website\",\"url\":\"https:\/\/www.zerdab.com\/\",\"name\":\"Z\u0259rdab.com\",\"description\":\"\",\"potentialAction\":[{\"@type\":\"SearchAction\",\"target\":{\"@type\":\"EntryPoint\",\"urlTemplate\":\"https:\/\/www.zerdab.com\/?s={search_term_string}\"},\"query-input\":{\"@type\":\"PropertyValueSpecification\",\"valueRequired\":true,\"valueName\":\"search_term_string\"}}],\"inLanguage\":\"az\"},{\"@type\":\"Person\",\"@id\":\"https:\/\/www.zerdab.com\/#\/schema\/person\/97079b7570c1e89ec0d9e138c3672136\",\"name\":\"admin\",\"image\":{\"@type\":\"ImageObject\",\"inLanguage\":\"az\",\"@id\":\"https:\/\/www.zerdab.com\/#\/schema\/person\/image\/\",\"url\":\"https:\/\/secure.gravatar.com\/avatar\/d9c52a9a27c32119cb6679a077fa3e2779e5f822c451cbf01098004361d466ec?s=96&d=mm&r=g\",\"contentUrl\":\"https:\/\/secure.gravatar.com\/avatar\/d9c52a9a27c32119cb6679a077fa3e2779e5f822c451cbf01098004361d466ec?s=96&d=mm&r=g\",\"caption\":\"admin\"},\"url\":\"https:\/\/www.zerdab.com\/?author=1\"}]}<\/script>\n<!-- \/ Yoast SEO plugin. -->","yoast_head_json":{"title":"Z\u0259rdab v\u0259 Ucarda \"V\u0259t\u0259nimizi sev\u0259k-tariximizi \u00f6yr\u0259n\u0259k!\" - Z\u0259rdab.com","robots":{"index":"index","follow":"follow","max-snippet":"max-snippet:-1","max-image-preview":"max-image-preview:large","max-video-preview":"max-video-preview:-1"},"canonical":"https:\/\/www.zerdab.com\/?p=18398","og_locale":"az_AZ","og_type":"article","og_title":"Z\u0259rdab v\u0259 Ucarda \"V\u0259t\u0259nimizi sev\u0259k-tariximizi \u00f6yr\u0259n\u0259k!\" - Z\u0259rdab.com","og_description":"\u201cG\u0259ncliy\u0259 D\u0259st\u0259k\u201d \u0130ctimai Birliyi\u00a0Az\u0259rbaycan G\u0259ncl\u0259r Fondunun d\u0259st\u0259yi il\u0259 Z\u0259rdab v\u0259 Ucar rayonlar\u0131nda &#8220;V\u0259t\u0259nimizi sev\u0259k-tariximizi \u00f6yr\u0259n\u0259k!&#8221; adl\u0131 layih\u0259nin icras\u0131na ba\u015flam\u0131\u015fd\u0131r. Layih\u0259nin m\u0259qs\u0259di g\u0259ncl\u0259r\u0259 Az\u0259rbaycan\u0131n milli d\u00f6vl\u0259t atributlar\u0131n\u0131 uca tutma\u011f\u0131, v\u0259t\u0259ni sevm\u0259yi a\u015f\u0131lamaq v\u0259 xalq\u0131m\u0131z\u0131n d\u00f6vl\u0259t\u00e7ilik salnam\u0259sini \u00f6yr\u0259tm\u0259kd\u0259n ibar\u0259tdir. Layih\u0259 zaman\u0131 g\u0259ncl\u0259r\u0259 tariximizin \u0259n parlaq s\u0259hif\u0259l\u0259rind\u0259n olan d\u00f6vl\u0259t\u00e7ilik s\u0259lnam\u0259l\u0259ri v\u0259 x\u00fcsusi il\u0259 m\u00fcs\u0259lman \u015f\u0259rqind\u0259 ilk parlament respublikas\u0131 [&hellip;]","og_url":"https:\/\/www.zerdab.com\/?p=18398","og_site_name":"Z\u0259rdab.com","article_published_time":"2015-02-13T08:25:21+00:00","author":"admin","twitter_card":"summary_large_image","twitter_misc":{"Written by":"admin","Est. reading time":"2 minutes"},"schema":{"@context":"https:\/\/schema.org","@graph":[{"@type":"Article","@id":"https:\/\/www.zerdab.com\/?p=18398#article","isPartOf":{"@id":"https:\/\/www.zerdab.com\/?p=18398"},"author":{"name":"admin","@id":"https:\/\/www.zerdab.com\/#\/schema\/person\/97079b7570c1e89ec0d9e138c3672136"},"headline":"Z\u0259rdab v\u0259 Ucarda &#8220;V\u0259t\u0259nimizi sev\u0259k-tariximizi \u00f6yr\u0259n\u0259k!&#8221;","datePublished":"2015-02-13T08:25:21+00:00","mainEntityOfPage":{"@id":"https:\/\/www.zerdab.com\/?p=18398"},"wordCount":328,"commentCount":0,"articleSection":["X\u018fB\u018fRL\u018fR"],"inLanguage":"az","potentialAction":[{"@type":"CommentAction","name":"Comment","target":["https:\/\/www.zerdab.com\/?p=18398#respond"]}]},{"@type":"WebPage","@id":"https:\/\/www.zerdab.com\/?p=18398","url":"https:\/\/www.zerdab.com\/?p=18398","name":"Z\u0259rdab v\u0259 Ucarda \"V\u0259t\u0259nimizi sev\u0259k-tariximizi \u00f6yr\u0259n\u0259k!\" - Z\u0259rdab.com","isPartOf":{"@id":"https:\/\/www.zerdab.com\/#website"},"datePublished":"2015-02-13T08:25:21+00:00","author":{"@id":"https:\/\/www.zerdab.com\/#\/schema\/person\/97079b7570c1e89ec0d9e138c3672136"},"breadcrumb":{"@id":"https:\/\/www.zerdab.com\/?p=18398#breadcrumb"},"inLanguage":"az","potentialAction":[{"@type":"ReadAction","target":["https:\/\/www.zerdab.com\/?p=18398"]}]},{"@type":"BreadcrumbList","@id":"https:\/\/www.zerdab.com\/?p=18398#breadcrumb","itemListElement":[{"@type":"ListItem","position":1,"name":"Home","item":"https:\/\/www.zerdab.com\/"},{"@type":"ListItem","position":2,"name":"Z\u0259rdab v\u0259 Ucarda &#8220;V\u0259t\u0259nimizi sev\u0259k-tariximizi \u00f6yr\u0259n\u0259k!&#8221;"}]},{"@type":"WebSite","@id":"https:\/\/www.zerdab.com\/#website","url":"https:\/\/www.zerdab.com\/","name":"Z\u0259rdab.com","description":"","potentialAction":[{"@type":"SearchAction","target":{"@type":"EntryPoint","urlTemplate":"https:\/\/www.zerdab.com\/?s={search_term_string}"},"query-input":{"@type":"PropertyValueSpecification","valueRequired":true,"valueName":"search_term_string"}}],"inLanguage":"az"},{"@type":"Person","@id":"https:\/\/www.zerdab.com\/#\/schema\/person\/97079b7570c1e89ec0d9e138c3672136","name":"admin","image":{"@type":"ImageObject","inLanguage":"az","@id":"https:\/\/www.zerdab.com\/#\/schema\/person\/image\/","url":"https:\/\/secure.gravatar.com\/avatar\/d9c52a9a27c32119cb6679a077fa3e2779e5f822c451cbf01098004361d466ec?s=96&d=mm&r=g","contentUrl":"https:\/\/secure.gravatar.com\/avatar\/d9c52a9a27c32119cb6679a077fa3e2779e5f822c451cbf01098004361d466ec?s=96&d=mm&r=g","caption":"admin"},"url":"https:\/\/www.zerdab.com\/?author=1"}]}},"_links":{"self":[{"href":"https:\/\/www.zerdab.com\/index.php?rest_route=\/wp\/v2\/posts\/18398","targetHints":{"allow":["GET"]}}],"collection":[{"href":"https:\/\/www.zerdab.com\/index.php?rest_route=\/wp\/v2\/posts"}],"about":[{"href":"https:\/\/www.zerdab.com\/index.php?rest_route=\/wp\/v2\/types\/post"}],"author":[{"embeddable":true,"href":"https:\/\/www.zerdab.com\/index.php?rest_route=\/wp\/v2\/users\/1"}],"replies":[{"embeddable":true,"href":"https:\/\/www.zerdab.com\/index.php?rest_route=%2Fwp%2Fv2%2Fcomments&post=18398"}],"version-history":[{"count":1,"href":"https:\/\/www.zerdab.com\/index.php?rest_route=\/wp\/v2\/posts\/18398\/revisions"}],"predecessor-version":[{"id":18400,"href":"https:\/\/www.zerdab.com\/index.php?rest_route=\/wp\/v2\/posts\/18398\/revisions\/18400"}],"wp:attachment":[{"href":"https:\/\/www.zerdab.com\/index.php?rest_route=%2Fwp%2Fv2%2Fmedia&parent=18398"}],"wp:term":[{"taxonomy":"category","embeddable":true,"href":"https:\/\/www.zerdab.com\/index.php?rest_route=%2Fwp%2Fv2%2Fcategories&post=18398"},{"taxonomy":"post_tag","embeddable":true,"href":"https:\/\/www.zerdab.com\/index.php?rest_route=%2Fwp%2Fv2%2Ftags&post=18398"}],"curies":[{"name":"wp","href":"https:\/\/api.w.org\/{rel}","templated":true}]}}