{"id":18422,"date":"2015-02-19T08:00:18","date_gmt":"2015-02-19T04:00:18","guid":{"rendered":"http:\/\/www.zerdab.com\/?p=18422"},"modified":"2015-02-18T23:02:53","modified_gmt":"2015-02-18T19:02:53","slug":"agdamda-q%c9%99hr%c9%99mancasina-s%c9%99hid-olan-h%c9%99myerlimiz-namiq-qasim","status":"publish","type":"post","link":"https:\/\/www.zerdab.com\/?p=18422","title":{"rendered":"A\u011fdamda q\u0259hr\u0259mancas\u0131na \u015f\u0259hid olan h\u0259myerlimiz- Namiq Qas\u0131m"},"content":{"rendered":"<p><a href=\"http:\/\/www.zerdab.com\/wp-content\/uploads\/2015\/02\/Qaraba\u011f-m\u00fcharib\u0259si.jpg\"><img loading=\"lazy\" decoding=\"async\" class=\"aligncenter size-large wp-image-18423\" src=\"http:\/\/www.zerdab.com\/wp-content\/uploads\/2015\/02\/Qaraba\u011f-m\u00fcharib\u0259si-550x364.jpg\" alt=\"Qaraba\u011f m\u00fcharib\u0259si\" width=\"550\" height=\"364\" \/><\/a>Qas\u0131m Namiq Qas\u0131m o\u011flu 1973-c\u00fc il fevral ay\u0131n\u0131n 19-da Z\u0259rdab rayonunun G\u0259nd\u0259bil k\u0259ndind\u0259 anadan olub. 1979-cu ild\u0259 G\u0259nd\u0259bil k\u0259nd orta m\u0259kt\u0259binin 10-cu sinfini bitirib. 1990-c\u0131 ild\u0259 Kalinin ad\u0131na kolxozda i\u015fl\u0259mi\u015f, az bir vaxtdan sonra onu h\u0259rbi xidm\u0259t\u0259 \u00e7a\u011f\u0131rm\u0131\u015flar. Subay idi.<\/p>\n<p>T\u00fcrk\u0259mistan Respublikas\u0131ndak\u0131 h\u0259rbi qulluqdan sonra onu Az\u0259rbaycanda ged\u0259n Qaraba\u011f m\u00fcharib\u0259si narahat edirdi. Odur ki, oradak\u0131 xidm\u0259ti yar\u0131m\u00e7\u0131q qoyub \u00f6z do\u011fma Az\u0259rbaycan torpa\u011f\u0131na qay\u0131td\u0131. Namiq Qas\u0131movun ilk d\u00f6y\u00fc\u015f\u00fc 1991-ci ild\u0259 Qubadl\u0131dan- &#8220;Yazl\u0131 d\u00fcz\u00fcnd\u0259n&#8221; ba\u015flan\u0131r. Namiq Qas\u0131mov yax\u015f\u0131, bacar\u0131ql\u0131 idman\u00e7\u0131 idi. O h\u0259rb\u00e7i olmaq ist\u0259yirdi. Namiq d\u00f6y\u00fc\u015f b\u00f6lg\u0259sind\u0259 tankvuran top\u00e7u komandirinin k\u00f6m\u0259k\u00e7isi idi. H\u0259rbi r\u00fctb\u0259si &#8220;\u00e7avu\u015f&#8221; idi.<\/p>\n<p>O, Qubadl\u0131da 1992-ci ilin avqust ay\u0131na kimi d\u00f6y\u00fc\u015f\u00fcr. Daha sonra Z\u0259ngilan\u0131n d\u00f6y\u00fc\u015f b\u00f6lg\u0259sin\u0259, oradan da A\u011fdama g\u00f6nd\u0259rilir. Bu d\u00f6y\u00fc\u015f Namiqin son d\u00f6y\u00fc\u015f\u00fc oldu. 1993-c\u00fc ilin dekabr ay\u0131nda A\u011fdam\u0131n Qiyam\u0259ddinli k\u0259ndind\u0259 \u015f\u0259hid oldu.<\/p>\n<p>O, xidm\u0259t etdiyi hey\u0259td\u0259 b\u00f6y\u00fck h\u00f6rm\u0259t qazanm\u0131\u015fd\u0131. Odur ki, onu yolda\u015flar\u0131 unutmur, tez-tez q\u0259brini ziyar\u0259t\u0259 g\u0259lirl\u0259r&#8230;<\/p>\n<p>Allah r\u0259hm\u0259t el\u0259sin. Az\u0259rbaycan Namiq Qas\u0131mov kimi o\u011fullar\u0131 il\u0259 f\u0259xr edir&#8230;<\/p>\n","protected":false},"excerpt":{"rendered":"<p>Qas\u0131m Namiq Qas\u0131m o\u011flu 1973-c\u00fc il fevral ay\u0131n\u0131n 19-da Z\u0259rdab rayonunun G\u0259nd\u0259bil k\u0259ndind\u0259 anadan olub. 1979-cu ild\u0259 G\u0259nd\u0259bil k\u0259nd orta m\u0259kt\u0259binin 10-cu sinfini bitirib. 1990-c\u0131 ild\u0259 Kalinin ad\u0131na kolxozda i\u015fl\u0259mi\u015f, az bir vaxtdan sonra onu h\u0259rbi xidm\u0259t\u0259 \u00e7a\u011f\u0131rm\u0131\u015flar. Subay idi. T\u00fcrk\u0259mistan Respublikas\u0131ndak\u0131 h\u0259rbi qulluqdan sonra onu Az\u0259rbaycanda ged\u0259n Qaraba\u011f m\u00fcharib\u0259si narahat edirdi. Odur ki, oradak\u0131 [&hellip;]<\/p>\n","protected":false},"author":1,"featured_media":0,"comment_status":"open","ping_status":"open","sticky":false,"template":"","format":"standard","meta":{"footnotes":""},"categories":[37],"tags":[],"class_list":{"0":"post-18422","1":"post","2":"type-post","3":"status-publish","4":"format-standard","6":"category-shidlrimiz"},"yoast_head":"<!-- This site is optimized with the Yoast SEO plugin v27.0 - https:\/\/yoast.com\/product\/yoast-seo-wordpress\/ -->\n<title>A\u011fdamda q\u0259hr\u0259mancas\u0131na \u015f\u0259hid olan h\u0259myerlimiz- Namiq Qas\u0131m - Z\u0259rdab.com<\/title>\n<meta name=\"robots\" content=\"index, follow, max-snippet:-1, max-image-preview:large, max-video-preview:-1\" \/>\n<link rel=\"canonical\" href=\"https:\/\/www.zerdab.com\/?p=18422\" \/>\n<meta property=\"og:locale\" content=\"az_AZ\" \/>\n<meta property=\"og:type\" content=\"article\" \/>\n<meta property=\"og:title\" content=\"A\u011fdamda q\u0259hr\u0259mancas\u0131na \u015f\u0259hid olan h\u0259myerlimiz- Namiq Qas\u0131m - Z\u0259rdab.com\" \/>\n<meta property=\"og:description\" content=\"Qas\u0131m Namiq Qas\u0131m o\u011flu 1973-c\u00fc il fevral ay\u0131n\u0131n 19-da Z\u0259rdab rayonunun G\u0259nd\u0259bil k\u0259ndind\u0259 anadan olub. 1979-cu ild\u0259 G\u0259nd\u0259bil k\u0259nd orta m\u0259kt\u0259binin 10-cu sinfini bitirib. 1990-c\u0131 ild\u0259 Kalinin ad\u0131na kolxozda i\u015fl\u0259mi\u015f, az bir vaxtdan sonra onu h\u0259rbi xidm\u0259t\u0259 \u00e7a\u011f\u0131rm\u0131\u015flar. Subay idi. T\u00fcrk\u0259mistan Respublikas\u0131ndak\u0131 h\u0259rbi qulluqdan sonra onu Az\u0259rbaycanda ged\u0259n Qaraba\u011f m\u00fcharib\u0259si narahat edirdi. Odur ki, oradak\u0131 [&hellip;]\" \/>\n<meta property=\"og:url\" content=\"https:\/\/www.zerdab.com\/?p=18422\" \/>\n<meta property=\"og:site_name\" content=\"Z\u0259rdab.com\" \/>\n<meta property=\"article:published_time\" content=\"2015-02-19T04:00:18+00:00\" \/>\n<meta name=\"author\" content=\"admin\" \/>\n<meta name=\"twitter:card\" content=\"summary_large_image\" \/>\n<meta name=\"twitter:label1\" content=\"Written by\" \/>\n\t<meta name=\"twitter:data1\" content=\"admin\" \/>\n\t<meta name=\"twitter:label2\" content=\"Est. reading time\" \/>\n\t<meta name=\"twitter:data2\" content=\"1 minute\" \/>\n<script type=\"application\/ld+json\" class=\"yoast-schema-graph\">{\"@context\":\"https:\/\/schema.org\",\"@graph\":[{\"@type\":\"Article\",\"@id\":\"https:\/\/www.zerdab.com\/?p=18422#article\",\"isPartOf\":{\"@id\":\"https:\/\/www.zerdab.com\/?p=18422\"},\"author\":{\"name\":\"admin\",\"@id\":\"https:\/\/www.zerdab.com\/#\/schema\/person\/97079b7570c1e89ec0d9e138c3672136\"},\"headline\":\"A\u011fdamda q\u0259hr\u0259mancas\u0131na \u015f\u0259hid olan h\u0259myerlimiz- Namiq Qas\u0131m\",\"datePublished\":\"2015-02-19T04:00:18+00:00\",\"mainEntityOfPage\":{\"@id\":\"https:\/\/www.zerdab.com\/?p=18422\"},\"wordCount\":264,\"commentCount\":1,\"articleSection\":[\"\u015e\u018fH\u0130DL\u018fR\u0130M\u0130Z\"],\"inLanguage\":\"az\",\"potentialAction\":[{\"@type\":\"CommentAction\",\"name\":\"Comment\",\"target\":[\"https:\/\/www.zerdab.com\/?p=18422#respond\"]}]},{\"@type\":\"WebPage\",\"@id\":\"https:\/\/www.zerdab.com\/?p=18422\",\"url\":\"https:\/\/www.zerdab.com\/?p=18422\",\"name\":\"A\u011fdamda q\u0259hr\u0259mancas\u0131na \u015f\u0259hid olan h\u0259myerlimiz- Namiq Qas\u0131m - Z\u0259rdab.com\",\"isPartOf\":{\"@id\":\"https:\/\/www.zerdab.com\/#website\"},\"datePublished\":\"2015-02-19T04:00:18+00:00\",\"author\":{\"@id\":\"https:\/\/www.zerdab.com\/#\/schema\/person\/97079b7570c1e89ec0d9e138c3672136\"},\"breadcrumb\":{\"@id\":\"https:\/\/www.zerdab.com\/?p=18422#breadcrumb\"},\"inLanguage\":\"az\",\"potentialAction\":[{\"@type\":\"ReadAction\",\"target\":[\"https:\/\/www.zerdab.com\/?p=18422\"]}]},{\"@type\":\"BreadcrumbList\",\"@id\":\"https:\/\/www.zerdab.com\/?p=18422#breadcrumb\",\"itemListElement\":[{\"@type\":\"ListItem\",\"position\":1,\"name\":\"Home\",\"item\":\"https:\/\/www.zerdab.com\/\"},{\"@type\":\"ListItem\",\"position\":2,\"name\":\"A\u011fdamda q\u0259hr\u0259mancas\u0131na \u015f\u0259hid olan h\u0259myerlimiz- Namiq Qas\u0131m\"}]},{\"@type\":\"WebSite\",\"@id\":\"https:\/\/www.zerdab.com\/#website\",\"url\":\"https:\/\/www.zerdab.com\/\",\"name\":\"Z\u0259rdab.com\",\"description\":\"\",\"potentialAction\":[{\"@type\":\"SearchAction\",\"target\":{\"@type\":\"EntryPoint\",\"urlTemplate\":\"https:\/\/www.zerdab.com\/?s={search_term_string}\"},\"query-input\":{\"@type\":\"PropertyValueSpecification\",\"valueRequired\":true,\"valueName\":\"search_term_string\"}}],\"inLanguage\":\"az\"},{\"@type\":\"Person\",\"@id\":\"https:\/\/www.zerdab.com\/#\/schema\/person\/97079b7570c1e89ec0d9e138c3672136\",\"name\":\"admin\",\"image\":{\"@type\":\"ImageObject\",\"inLanguage\":\"az\",\"@id\":\"https:\/\/www.zerdab.com\/#\/schema\/person\/image\/\",\"url\":\"https:\/\/secure.gravatar.com\/avatar\/d9c52a9a27c32119cb6679a077fa3e2779e5f822c451cbf01098004361d466ec?s=96&d=mm&r=g\",\"contentUrl\":\"https:\/\/secure.gravatar.com\/avatar\/d9c52a9a27c32119cb6679a077fa3e2779e5f822c451cbf01098004361d466ec?s=96&d=mm&r=g\",\"caption\":\"admin\"},\"url\":\"https:\/\/www.zerdab.com\/?author=1\"}]}<\/script>\n<!-- \/ Yoast SEO plugin. -->","yoast_head_json":{"title":"A\u011fdamda q\u0259hr\u0259mancas\u0131na \u015f\u0259hid olan h\u0259myerlimiz- Namiq Qas\u0131m - Z\u0259rdab.com","robots":{"index":"index","follow":"follow","max-snippet":"max-snippet:-1","max-image-preview":"max-image-preview:large","max-video-preview":"max-video-preview:-1"},"canonical":"https:\/\/www.zerdab.com\/?p=18422","og_locale":"az_AZ","og_type":"article","og_title":"A\u011fdamda q\u0259hr\u0259mancas\u0131na \u015f\u0259hid olan h\u0259myerlimiz- Namiq Qas\u0131m - Z\u0259rdab.com","og_description":"Qas\u0131m Namiq Qas\u0131m o\u011flu 1973-c\u00fc il fevral ay\u0131n\u0131n 19-da Z\u0259rdab rayonunun G\u0259nd\u0259bil k\u0259ndind\u0259 anadan olub. 1979-cu ild\u0259 G\u0259nd\u0259bil k\u0259nd orta m\u0259kt\u0259binin 10-cu sinfini bitirib. 1990-c\u0131 ild\u0259 Kalinin ad\u0131na kolxozda i\u015fl\u0259mi\u015f, az bir vaxtdan sonra onu h\u0259rbi xidm\u0259t\u0259 \u00e7a\u011f\u0131rm\u0131\u015flar. Subay idi. T\u00fcrk\u0259mistan Respublikas\u0131ndak\u0131 h\u0259rbi qulluqdan sonra onu Az\u0259rbaycanda ged\u0259n Qaraba\u011f m\u00fcharib\u0259si narahat edirdi. Odur ki, oradak\u0131 [&hellip;]","og_url":"https:\/\/www.zerdab.com\/?p=18422","og_site_name":"Z\u0259rdab.com","article_published_time":"2015-02-19T04:00:18+00:00","author":"admin","twitter_card":"summary_large_image","twitter_misc":{"Written by":"admin","Est. reading time":"1 minute"},"schema":{"@context":"https:\/\/schema.org","@graph":[{"@type":"Article","@id":"https:\/\/www.zerdab.com\/?p=18422#article","isPartOf":{"@id":"https:\/\/www.zerdab.com\/?p=18422"},"author":{"name":"admin","@id":"https:\/\/www.zerdab.com\/#\/schema\/person\/97079b7570c1e89ec0d9e138c3672136"},"headline":"A\u011fdamda q\u0259hr\u0259mancas\u0131na \u015f\u0259hid olan h\u0259myerlimiz- Namiq Qas\u0131m","datePublished":"2015-02-19T04:00:18+00:00","mainEntityOfPage":{"@id":"https:\/\/www.zerdab.com\/?p=18422"},"wordCount":264,"commentCount":1,"articleSection":["\u015e\u018fH\u0130DL\u018fR\u0130M\u0130Z"],"inLanguage":"az","potentialAction":[{"@type":"CommentAction","name":"Comment","target":["https:\/\/www.zerdab.com\/?p=18422#respond"]}]},{"@type":"WebPage","@id":"https:\/\/www.zerdab.com\/?p=18422","url":"https:\/\/www.zerdab.com\/?p=18422","name":"A\u011fdamda q\u0259hr\u0259mancas\u0131na \u015f\u0259hid olan h\u0259myerlimiz- Namiq Qas\u0131m - Z\u0259rdab.com","isPartOf":{"@id":"https:\/\/www.zerdab.com\/#website"},"datePublished":"2015-02-19T04:00:18+00:00","author":{"@id":"https:\/\/www.zerdab.com\/#\/schema\/person\/97079b7570c1e89ec0d9e138c3672136"},"breadcrumb":{"@id":"https:\/\/www.zerdab.com\/?p=18422#breadcrumb"},"inLanguage":"az","potentialAction":[{"@type":"ReadAction","target":["https:\/\/www.zerdab.com\/?p=18422"]}]},{"@type":"BreadcrumbList","@id":"https:\/\/www.zerdab.com\/?p=18422#breadcrumb","itemListElement":[{"@type":"ListItem","position":1,"name":"Home","item":"https:\/\/www.zerdab.com\/"},{"@type":"ListItem","position":2,"name":"A\u011fdamda q\u0259hr\u0259mancas\u0131na \u015f\u0259hid olan h\u0259myerlimiz- Namiq Qas\u0131m"}]},{"@type":"WebSite","@id":"https:\/\/www.zerdab.com\/#website","url":"https:\/\/www.zerdab.com\/","name":"Z\u0259rdab.com","description":"","potentialAction":[{"@type":"SearchAction","target":{"@type":"EntryPoint","urlTemplate":"https:\/\/www.zerdab.com\/?s={search_term_string}"},"query-input":{"@type":"PropertyValueSpecification","valueRequired":true,"valueName":"search_term_string"}}],"inLanguage":"az"},{"@type":"Person","@id":"https:\/\/www.zerdab.com\/#\/schema\/person\/97079b7570c1e89ec0d9e138c3672136","name":"admin","image":{"@type":"ImageObject","inLanguage":"az","@id":"https:\/\/www.zerdab.com\/#\/schema\/person\/image\/","url":"https:\/\/secure.gravatar.com\/avatar\/d9c52a9a27c32119cb6679a077fa3e2779e5f822c451cbf01098004361d466ec?s=96&d=mm&r=g","contentUrl":"https:\/\/secure.gravatar.com\/avatar\/d9c52a9a27c32119cb6679a077fa3e2779e5f822c451cbf01098004361d466ec?s=96&d=mm&r=g","caption":"admin"},"url":"https:\/\/www.zerdab.com\/?author=1"}]}},"_links":{"self":[{"href":"https:\/\/www.zerdab.com\/index.php?rest_route=\/wp\/v2\/posts\/18422","targetHints":{"allow":["GET"]}}],"collection":[{"href":"https:\/\/www.zerdab.com\/index.php?rest_route=\/wp\/v2\/posts"}],"about":[{"href":"https:\/\/www.zerdab.com\/index.php?rest_route=\/wp\/v2\/types\/post"}],"author":[{"embeddable":true,"href":"https:\/\/www.zerdab.com\/index.php?rest_route=\/wp\/v2\/users\/1"}],"replies":[{"embeddable":true,"href":"https:\/\/www.zerdab.com\/index.php?rest_route=%2Fwp%2Fv2%2Fcomments&post=18422"}],"version-history":[{"count":1,"href":"https:\/\/www.zerdab.com\/index.php?rest_route=\/wp\/v2\/posts\/18422\/revisions"}],"predecessor-version":[{"id":18424,"href":"https:\/\/www.zerdab.com\/index.php?rest_route=\/wp\/v2\/posts\/18422\/revisions\/18424"}],"wp:attachment":[{"href":"https:\/\/www.zerdab.com\/index.php?rest_route=%2Fwp%2Fv2%2Fmedia&parent=18422"}],"wp:term":[{"taxonomy":"category","embeddable":true,"href":"https:\/\/www.zerdab.com\/index.php?rest_route=%2Fwp%2Fv2%2Fcategories&post=18422"},{"taxonomy":"post_tag","embeddable":true,"href":"https:\/\/www.zerdab.com\/index.php?rest_route=%2Fwp%2Fv2%2Ftags&post=18422"}],"curies":[{"name":"wp","href":"https:\/\/api.w.org\/{rel}","templated":true}]}}