{"id":18446,"date":"2015-02-22T21:17:04","date_gmt":"2015-02-22T17:17:04","guid":{"rendered":"http:\/\/www.zerdab.com\/?p=18446"},"modified":"2015-02-22T21:17:04","modified_gmt":"2015-02-22T17:17:04","slug":"z%c9%99rdabda-ana-dili-gunu-il%c9%99-bagli-t%c9%99dbir-kecirildi-fotolar","status":"publish","type":"post","link":"https:\/\/www.zerdab.com\/?p=18446","title":{"rendered":"Z\u0259rdabda Ana dili g\u00fcn\u00fc il\u0259 ba\u011fl\u0131 t\u0259dbir ke\u00e7irildi &#8211; FOTOLAR"},"content":{"rendered":"<p><a href=\"http:\/\/www.zerdab.com\/wp-content\/uploads\/2015\/02\/Z\u0259rdab.jpg\"><img loading=\"lazy\" decoding=\"async\" class=\"aligncenter size-large wp-image-18447\" src=\"http:\/\/www.zerdab.com\/wp-content\/uploads\/2015\/02\/Z\u0259rdab-550x413.jpg\" alt=\"Z\u0259rdab\" width=\"550\" height=\"413\" \/><\/a>      Z\u0259rdab Rayon M\u0259rk\u0259zi Kitabxanas\u0131nda 21 fevral Beyn\u0259lxalq Ana dili g\u00fcn\u00fc m\u00fcnasib\u0259til\u0259 &#8220;Ana dilimizi sev\u0259k, qoruyaq!&#8221; ba\u015fl\u0131\u011f\u0131 alt\u0131nda \u0259d\u0259bi-b\u0259dii kompazisiya ke\u00e7irildi. T\u0259dbir b\u0259st\u0259kar Emin Sabito\u011flunun &#8220;\u015eirin dil&#8221; mahn\u0131s\u0131 il\u0259 ba\u015fland\u0131. MKS-nin direktoru Nail\u0259 \u018fliyeva t\u0259dbiri a\u00e7araq qonaqlar\u0131 salamlad\u0131, ana dilimizin anam\u0131z q\u0259d\u0259r \u0259ziz oldu\u011fundan, dil haqq\u0131nda d\u0259y\u0259rli fikirl\u0259rd\u0259n, ana dilimizin qorunub saxlan\u0131lmas\u0131nda, inki\u015faf etdiril\u0259r\u0259k bug\u00fcnk\u00fc s\u0259viyy\u0259y\u0259 \u00e7atd\u0131r\u0131lmas\u0131nda ulu \u00f6nd\u0259r Heyd\u0259r \u018fliyevin \u0259v\u0259zsiz xidm\u0259tl\u0259rind\u0259n geni\u015f b\u0259hs etdi.<\/p>\n<p>U\u015faq \u015e\u00f6b\u0259sinin multimediya resurslar\u0131 \u00fczr\u0259 m\u00fct\u0259x\u0259ssisi Elnar\u0259 Salikova &#8220;21 fevral Beynalxalq Ana Dili g\u00fcn\u00fc&#8221;, Xidm\u0259t \u015e\u00f6b\u0259sinin Abonement b\u00f6lm\u0259sinin m\u00fcdiri C\u0259mal\u0259 Feyzullayeva &#8220;\u018fsrl\u0259rin, n\u0259sill\u0259rin yadigar\u0131 Ana dilim!&#8221; m\u00f6vzusunda \u00e7\u0131x\u0131\u015f ed\u0259r\u0259k i\u015ftirak\u00e7\u0131lar\u0131 m\u0259lumatland\u0131rd\u0131lar. T\u0259dbird\u0259 3 sayl\u0131 m\u0259kt\u0259bin 5-ci sinif \u015fagirdl\u0259ri Ana dilin\u0259 aid \u015feirl\u0259r s\u00f6yl\u0259dil\u0259r.<\/p>\n<p>Sonda &#8220;Ana dilimizi sev\u0259k, qoruyaq&#8221; ba\u015fl\u0131\u011f\u0131 alt\u0131nda t\u0259\u015fkil olunmu\u015f s\u0259rgid\u0259 n\u00fcmayi\u015f etdiril\u0259n kitab v\u0259 dig\u0259r n\u0259\u015frl\u0259r haqq\u0131nda oxuculara m\u0259lumat verildi.<\/p>\n<p><strong>Zerdab.com<a href=\"http:\/\/www.zerdab.com\/wp-content\/uploads\/2015\/02\/Z\u0259rdab4.jpg\"><img loading=\"lazy\" decoding=\"async\" class=\"aligncenter size-large wp-image-18451\" src=\"http:\/\/www.zerdab.com\/wp-content\/uploads\/2015\/02\/Z\u0259rdab4-550x413.jpg\" alt=\"Z\u0259rdab\" width=\"550\" height=\"413\" \/><\/a><a href=\"http:\/\/www.zerdab.com\/wp-content\/uploads\/2015\/02\/Z\u0259rdab3.jpg\"><img loading=\"lazy\" decoding=\"async\" class=\"aligncenter size-large wp-image-18450\" src=\"http:\/\/www.zerdab.com\/wp-content\/uploads\/2015\/02\/Z\u0259rdab3-550x413.jpg\" alt=\"Z\u0259rdab\" width=\"550\" height=\"413\" \/><\/a><a href=\"http:\/\/www.zerdab.com\/wp-content\/uploads\/2015\/02\/Z\u0259rdab1.jpg\"><img loading=\"lazy\" decoding=\"async\" class=\"aligncenter size-large wp-image-18448\" src=\"http:\/\/www.zerdab.com\/wp-content\/uploads\/2015\/02\/Z\u0259rdab1-550x413.jpg\" alt=\"Z\u0259rdab\" width=\"550\" height=\"413\" \/><\/a><a href=\"http:\/\/www.zerdab.com\/wp-content\/uploads\/2015\/02\/Z\u0259rdab2.jpg\"><img loading=\"lazy\" decoding=\"async\" class=\"aligncenter size-large wp-image-18449\" src=\"http:\/\/www.zerdab.com\/wp-content\/uploads\/2015\/02\/Z\u0259rdab2-550x413.jpg\" alt=\"Z\u0259rdab\" width=\"550\" height=\"413\" \/><\/a><a href=\"http:\/\/www.zerdab.com\/wp-content\/uploads\/2015\/02\/Z\u0259rdab6.jpg\"><img loading=\"lazy\" decoding=\"async\" class=\"aligncenter size-large wp-image-18453\" src=\"http:\/\/www.zerdab.com\/wp-content\/uploads\/2015\/02\/Z\u0259rdab6-550x413.jpg\" alt=\"Z\u0259rdab\" width=\"550\" height=\"413\" \/><\/a><\/strong><\/p>\n","protected":false},"excerpt":{"rendered":"<p>Z\u0259rdab Rayon M\u0259rk\u0259zi Kitabxanas\u0131nda 21 fevral Beyn\u0259lxalq Ana dili g\u00fcn\u00fc m\u00fcnasib\u0259til\u0259 &#8220;Ana dilimizi sev\u0259k, qoruyaq!&#8221; ba\u015fl\u0131\u011f\u0131 alt\u0131nda \u0259d\u0259bi-b\u0259dii kompazisiya ke\u00e7irildi. T\u0259dbir b\u0259st\u0259kar Emin Sabito\u011flunun &#8220;\u015eirin dil&#8221; mahn\u0131s\u0131 il\u0259 ba\u015fland\u0131. MKS-nin direktoru Nail\u0259 \u018fliyeva t\u0259dbiri a\u00e7araq qonaqlar\u0131 salamlad\u0131, ana dilimizin anam\u0131z q\u0259d\u0259r \u0259ziz oldu\u011fundan, dil haqq\u0131nda d\u0259y\u0259rli fikirl\u0259rd\u0259n, ana dilimizin qorunub saxlan\u0131lmas\u0131nda, inki\u015faf etdiril\u0259r\u0259k bug\u00fcnk\u00fc s\u0259viyy\u0259y\u0259 [&hellip;]<\/p>\n","protected":false},"author":1,"featured_media":0,"comment_status":"open","ping_status":"open","sticky":false,"template":"","format":"standard","meta":{"footnotes":""},"categories":[5],"tags":[],"class_list":{"0":"post-18446","1":"post","2":"type-post","3":"status-publish","4":"format-standard","6":"category-knd"},"yoast_head":"<!-- This site is optimized with the Yoast SEO plugin v27.0 - https:\/\/yoast.com\/product\/yoast-seo-wordpress\/ -->\n<title>Z\u0259rdabda Ana dili g\u00fcn\u00fc il\u0259 ba\u011fl\u0131 t\u0259dbir ke\u00e7irildi - FOTOLAR - Z\u0259rdab.com<\/title>\n<meta name=\"robots\" content=\"index, follow, max-snippet:-1, max-image-preview:large, max-video-preview:-1\" \/>\n<link rel=\"canonical\" href=\"https:\/\/www.zerdab.com\/?p=18446\" \/>\n<meta property=\"og:locale\" content=\"az_AZ\" \/>\n<meta property=\"og:type\" content=\"article\" \/>\n<meta property=\"og:title\" content=\"Z\u0259rdabda Ana dili g\u00fcn\u00fc il\u0259 ba\u011fl\u0131 t\u0259dbir ke\u00e7irildi - FOTOLAR - Z\u0259rdab.com\" \/>\n<meta property=\"og:description\" content=\"Z\u0259rdab Rayon M\u0259rk\u0259zi Kitabxanas\u0131nda 21 fevral Beyn\u0259lxalq Ana dili g\u00fcn\u00fc m\u00fcnasib\u0259til\u0259 &#8220;Ana dilimizi sev\u0259k, qoruyaq!&#8221; ba\u015fl\u0131\u011f\u0131 alt\u0131nda \u0259d\u0259bi-b\u0259dii kompazisiya ke\u00e7irildi. T\u0259dbir b\u0259st\u0259kar Emin Sabito\u011flunun &#8220;\u015eirin dil&#8221; mahn\u0131s\u0131 il\u0259 ba\u015fland\u0131. MKS-nin direktoru Nail\u0259 \u018fliyeva t\u0259dbiri a\u00e7araq qonaqlar\u0131 salamlad\u0131, ana dilimizin anam\u0131z q\u0259d\u0259r \u0259ziz oldu\u011fundan, dil haqq\u0131nda d\u0259y\u0259rli fikirl\u0259rd\u0259n, ana dilimizin qorunub saxlan\u0131lmas\u0131nda, inki\u015faf etdiril\u0259r\u0259k bug\u00fcnk\u00fc s\u0259viyy\u0259y\u0259 [&hellip;]\" \/>\n<meta property=\"og:url\" content=\"https:\/\/www.zerdab.com\/?p=18446\" \/>\n<meta property=\"og:site_name\" content=\"Z\u0259rdab.com\" \/>\n<meta property=\"article:published_time\" content=\"2015-02-22T17:17:04+00:00\" \/>\n<meta name=\"author\" content=\"admin\" \/>\n<meta name=\"twitter:card\" content=\"summary_large_image\" \/>\n<meta name=\"twitter:label1\" content=\"Written by\" \/>\n\t<meta name=\"twitter:data1\" content=\"admin\" \/>\n\t<meta name=\"twitter:label2\" content=\"Est. reading time\" \/>\n\t<meta name=\"twitter:data2\" content=\"1 minute\" \/>\n<script type=\"application\/ld+json\" class=\"yoast-schema-graph\">{\"@context\":\"https:\/\/schema.org\",\"@graph\":[{\"@type\":\"Article\",\"@id\":\"https:\/\/www.zerdab.com\/?p=18446#article\",\"isPartOf\":{\"@id\":\"https:\/\/www.zerdab.com\/?p=18446\"},\"author\":{\"name\":\"admin\",\"@id\":\"https:\/\/www.zerdab.com\/#\/schema\/person\/97079b7570c1e89ec0d9e138c3672136\"},\"headline\":\"Z\u0259rdabda Ana dili g\u00fcn\u00fc il\u0259 ba\u011fl\u0131 t\u0259dbir ke\u00e7irildi &#8211; FOTOLAR\",\"datePublished\":\"2015-02-22T17:17:04+00:00\",\"mainEntityOfPage\":{\"@id\":\"https:\/\/www.zerdab.com\/?p=18446\"},\"wordCount\":234,\"commentCount\":0,\"articleSection\":[\"X\u018fB\u018fRL\u018fR\"],\"inLanguage\":\"az\",\"potentialAction\":[{\"@type\":\"CommentAction\",\"name\":\"Comment\",\"target\":[\"https:\/\/www.zerdab.com\/?p=18446#respond\"]}]},{\"@type\":\"WebPage\",\"@id\":\"https:\/\/www.zerdab.com\/?p=18446\",\"url\":\"https:\/\/www.zerdab.com\/?p=18446\",\"name\":\"Z\u0259rdabda Ana dili g\u00fcn\u00fc il\u0259 ba\u011fl\u0131 t\u0259dbir ke\u00e7irildi - FOTOLAR - Z\u0259rdab.com\",\"isPartOf\":{\"@id\":\"https:\/\/www.zerdab.com\/#website\"},\"datePublished\":\"2015-02-22T17:17:04+00:00\",\"author\":{\"@id\":\"https:\/\/www.zerdab.com\/#\/schema\/person\/97079b7570c1e89ec0d9e138c3672136\"},\"breadcrumb\":{\"@id\":\"https:\/\/www.zerdab.com\/?p=18446#breadcrumb\"},\"inLanguage\":\"az\",\"potentialAction\":[{\"@type\":\"ReadAction\",\"target\":[\"https:\/\/www.zerdab.com\/?p=18446\"]}]},{\"@type\":\"BreadcrumbList\",\"@id\":\"https:\/\/www.zerdab.com\/?p=18446#breadcrumb\",\"itemListElement\":[{\"@type\":\"ListItem\",\"position\":1,\"name\":\"Home\",\"item\":\"https:\/\/www.zerdab.com\/\"},{\"@type\":\"ListItem\",\"position\":2,\"name\":\"Z\u0259rdabda Ana dili g\u00fcn\u00fc il\u0259 ba\u011fl\u0131 t\u0259dbir ke\u00e7irildi &#8211; FOTOLAR\"}]},{\"@type\":\"WebSite\",\"@id\":\"https:\/\/www.zerdab.com\/#website\",\"url\":\"https:\/\/www.zerdab.com\/\",\"name\":\"Z\u0259rdab.com\",\"description\":\"\",\"potentialAction\":[{\"@type\":\"SearchAction\",\"target\":{\"@type\":\"EntryPoint\",\"urlTemplate\":\"https:\/\/www.zerdab.com\/?s={search_term_string}\"},\"query-input\":{\"@type\":\"PropertyValueSpecification\",\"valueRequired\":true,\"valueName\":\"search_term_string\"}}],\"inLanguage\":\"az\"},{\"@type\":\"Person\",\"@id\":\"https:\/\/www.zerdab.com\/#\/schema\/person\/97079b7570c1e89ec0d9e138c3672136\",\"name\":\"admin\",\"image\":{\"@type\":\"ImageObject\",\"inLanguage\":\"az\",\"@id\":\"https:\/\/www.zerdab.com\/#\/schema\/person\/image\/\",\"url\":\"https:\/\/secure.gravatar.com\/avatar\/d9c52a9a27c32119cb6679a077fa3e2779e5f822c451cbf01098004361d466ec?s=96&d=mm&r=g\",\"contentUrl\":\"https:\/\/secure.gravatar.com\/avatar\/d9c52a9a27c32119cb6679a077fa3e2779e5f822c451cbf01098004361d466ec?s=96&d=mm&r=g\",\"caption\":\"admin\"},\"url\":\"https:\/\/www.zerdab.com\/?author=1\"}]}<\/script>\n<!-- \/ Yoast SEO plugin. -->","yoast_head_json":{"title":"Z\u0259rdabda Ana dili g\u00fcn\u00fc il\u0259 ba\u011fl\u0131 t\u0259dbir ke\u00e7irildi - FOTOLAR - Z\u0259rdab.com","robots":{"index":"index","follow":"follow","max-snippet":"max-snippet:-1","max-image-preview":"max-image-preview:large","max-video-preview":"max-video-preview:-1"},"canonical":"https:\/\/www.zerdab.com\/?p=18446","og_locale":"az_AZ","og_type":"article","og_title":"Z\u0259rdabda Ana dili g\u00fcn\u00fc il\u0259 ba\u011fl\u0131 t\u0259dbir ke\u00e7irildi - FOTOLAR - Z\u0259rdab.com","og_description":"Z\u0259rdab Rayon M\u0259rk\u0259zi Kitabxanas\u0131nda 21 fevral Beyn\u0259lxalq Ana dili g\u00fcn\u00fc m\u00fcnasib\u0259til\u0259 &#8220;Ana dilimizi sev\u0259k, qoruyaq!&#8221; ba\u015fl\u0131\u011f\u0131 alt\u0131nda \u0259d\u0259bi-b\u0259dii kompazisiya ke\u00e7irildi. T\u0259dbir b\u0259st\u0259kar Emin Sabito\u011flunun &#8220;\u015eirin dil&#8221; mahn\u0131s\u0131 il\u0259 ba\u015fland\u0131. MKS-nin direktoru Nail\u0259 \u018fliyeva t\u0259dbiri a\u00e7araq qonaqlar\u0131 salamlad\u0131, ana dilimizin anam\u0131z q\u0259d\u0259r \u0259ziz oldu\u011fundan, dil haqq\u0131nda d\u0259y\u0259rli fikirl\u0259rd\u0259n, ana dilimizin qorunub saxlan\u0131lmas\u0131nda, inki\u015faf etdiril\u0259r\u0259k bug\u00fcnk\u00fc s\u0259viyy\u0259y\u0259 [&hellip;]","og_url":"https:\/\/www.zerdab.com\/?p=18446","og_site_name":"Z\u0259rdab.com","article_published_time":"2015-02-22T17:17:04+00:00","author":"admin","twitter_card":"summary_large_image","twitter_misc":{"Written by":"admin","Est. reading time":"1 minute"},"schema":{"@context":"https:\/\/schema.org","@graph":[{"@type":"Article","@id":"https:\/\/www.zerdab.com\/?p=18446#article","isPartOf":{"@id":"https:\/\/www.zerdab.com\/?p=18446"},"author":{"name":"admin","@id":"https:\/\/www.zerdab.com\/#\/schema\/person\/97079b7570c1e89ec0d9e138c3672136"},"headline":"Z\u0259rdabda Ana dili g\u00fcn\u00fc il\u0259 ba\u011fl\u0131 t\u0259dbir ke\u00e7irildi &#8211; FOTOLAR","datePublished":"2015-02-22T17:17:04+00:00","mainEntityOfPage":{"@id":"https:\/\/www.zerdab.com\/?p=18446"},"wordCount":234,"commentCount":0,"articleSection":["X\u018fB\u018fRL\u018fR"],"inLanguage":"az","potentialAction":[{"@type":"CommentAction","name":"Comment","target":["https:\/\/www.zerdab.com\/?p=18446#respond"]}]},{"@type":"WebPage","@id":"https:\/\/www.zerdab.com\/?p=18446","url":"https:\/\/www.zerdab.com\/?p=18446","name":"Z\u0259rdabda Ana dili g\u00fcn\u00fc il\u0259 ba\u011fl\u0131 t\u0259dbir ke\u00e7irildi - FOTOLAR - Z\u0259rdab.com","isPartOf":{"@id":"https:\/\/www.zerdab.com\/#website"},"datePublished":"2015-02-22T17:17:04+00:00","author":{"@id":"https:\/\/www.zerdab.com\/#\/schema\/person\/97079b7570c1e89ec0d9e138c3672136"},"breadcrumb":{"@id":"https:\/\/www.zerdab.com\/?p=18446#breadcrumb"},"inLanguage":"az","potentialAction":[{"@type":"ReadAction","target":["https:\/\/www.zerdab.com\/?p=18446"]}]},{"@type":"BreadcrumbList","@id":"https:\/\/www.zerdab.com\/?p=18446#breadcrumb","itemListElement":[{"@type":"ListItem","position":1,"name":"Home","item":"https:\/\/www.zerdab.com\/"},{"@type":"ListItem","position":2,"name":"Z\u0259rdabda Ana dili g\u00fcn\u00fc il\u0259 ba\u011fl\u0131 t\u0259dbir ke\u00e7irildi &#8211; FOTOLAR"}]},{"@type":"WebSite","@id":"https:\/\/www.zerdab.com\/#website","url":"https:\/\/www.zerdab.com\/","name":"Z\u0259rdab.com","description":"","potentialAction":[{"@type":"SearchAction","target":{"@type":"EntryPoint","urlTemplate":"https:\/\/www.zerdab.com\/?s={search_term_string}"},"query-input":{"@type":"PropertyValueSpecification","valueRequired":true,"valueName":"search_term_string"}}],"inLanguage":"az"},{"@type":"Person","@id":"https:\/\/www.zerdab.com\/#\/schema\/person\/97079b7570c1e89ec0d9e138c3672136","name":"admin","image":{"@type":"ImageObject","inLanguage":"az","@id":"https:\/\/www.zerdab.com\/#\/schema\/person\/image\/","url":"https:\/\/secure.gravatar.com\/avatar\/d9c52a9a27c32119cb6679a077fa3e2779e5f822c451cbf01098004361d466ec?s=96&d=mm&r=g","contentUrl":"https:\/\/secure.gravatar.com\/avatar\/d9c52a9a27c32119cb6679a077fa3e2779e5f822c451cbf01098004361d466ec?s=96&d=mm&r=g","caption":"admin"},"url":"https:\/\/www.zerdab.com\/?author=1"}]}},"_links":{"self":[{"href":"https:\/\/www.zerdab.com\/index.php?rest_route=\/wp\/v2\/posts\/18446","targetHints":{"allow":["GET"]}}],"collection":[{"href":"https:\/\/www.zerdab.com\/index.php?rest_route=\/wp\/v2\/posts"}],"about":[{"href":"https:\/\/www.zerdab.com\/index.php?rest_route=\/wp\/v2\/types\/post"}],"author":[{"embeddable":true,"href":"https:\/\/www.zerdab.com\/index.php?rest_route=\/wp\/v2\/users\/1"}],"replies":[{"embeddable":true,"href":"https:\/\/www.zerdab.com\/index.php?rest_route=%2Fwp%2Fv2%2Fcomments&post=18446"}],"version-history":[{"count":1,"href":"https:\/\/www.zerdab.com\/index.php?rest_route=\/wp\/v2\/posts\/18446\/revisions"}],"predecessor-version":[{"id":18454,"href":"https:\/\/www.zerdab.com\/index.php?rest_route=\/wp\/v2\/posts\/18446\/revisions\/18454"}],"wp:attachment":[{"href":"https:\/\/www.zerdab.com\/index.php?rest_route=%2Fwp%2Fv2%2Fmedia&parent=18446"}],"wp:term":[{"taxonomy":"category","embeddable":true,"href":"https:\/\/www.zerdab.com\/index.php?rest_route=%2Fwp%2Fv2%2Fcategories&post=18446"},{"taxonomy":"post_tag","embeddable":true,"href":"https:\/\/www.zerdab.com\/index.php?rest_route=%2Fwp%2Fv2%2Ftags&post=18446"}],"curies":[{"name":"wp","href":"https:\/\/api.w.org\/{rel}","templated":true}]}}