{"id":18459,"date":"2015-02-24T08:00:11","date_gmt":"2015-02-24T04:00:11","guid":{"rendered":"http:\/\/www.zerdab.com\/?p=18459"},"modified":"2015-02-23T20:52:01","modified_gmt":"2015-02-23T16:52:01","slug":"z%c9%99rdabda-xocali-faci%c9%99si-il%c9%99-bagli-t%c9%99dbir-kecirildi","status":"publish","type":"post","link":"https:\/\/www.zerdab.com\/?p=18459","title":{"rendered":"Z\u0259rdabda Xocal\u0131 faci\u0259si il\u0259 ba\u011fl\u0131 t\u0259dbir ke\u00e7irildi"},"content":{"rendered":"<p><a href=\"http:\/\/www.zerdab.com\/wp-content\/uploads\/2015\/02\/Zerdab-Xocali-faciesi1.jpg\"><img loading=\"lazy\" decoding=\"async\" class=\"aligncenter size-large wp-image-18461\" src=\"http:\/\/www.zerdab.com\/wp-content\/uploads\/2015\/02\/Zerdab-Xocali-faciesi1-309x550.jpg\" alt=\"Zerdab-Xocali faciesi\" width=\"309\" height=\"550\" \/><\/a>Z\u0259rdab rayon Heyd\u0259r \u018fliyev\u00a0 M\u0259rk\u0259zind\u0259 Xocal\u0131 faci\u0259sinin 23-c\u00fc ild\u00f6n\u00fcm\u00fc il\u0259 \u0259laq\u0259dar faci\u0259 qurbanlar\u0131n\u0131n xatir\u0259sin\u0259 h\u0259sr olunmu\u015f y\u0131\u011f\u0131ncaq ke\u00e7irilib. Zerdab.com sayt\u0131na veril\u0259n m\u0259lumata g\u00f6r\u0259, \u0259vv\u0259lc\u0259, Xocal\u0131 soyq\u0131r\u0131m\u0131 zaman\u0131 q\u0259tl\u0259 yetirilmi\u015f h\u0259mv\u0259t\u0259nl\u0259rimizin v\u0259 V\u0259t\u0259n u\u011frunda canlar\u0131n\u0131 f\u0259da etmi\u015f b\u00fct\u00fcn \u015f\u0259hidl\u0259rimizin \u0259ziz xatir\u0259si bir d\u0259qiq\u0259lik s\u00fckutla yad edilib.<\/p>\n<p>M\u0259rk\u0259zd\u0259 26 fevral Xocal\u0131 faci\u0259sini \u00f6z\u00fcnd\u0259 \u0259ks etdir\u0259n \u201cXocal\u0131 soyq\u0131r\u0131m\u0131nda ya\u015fananlar\u0131n tarixi xronikas\u0131\u201d ba\u015fl\u0131ql\u0131 foto s\u0259rgi n\u00fcmayi\u015f olunub.<\/p>\n<p>Y\u0131\u011f\u0131nca\u011f\u0131 giri\u015f s\u00f6z\u00fc il\u0259 a\u00e7an \u00a0M\u0259rk\u0259zin fond m\u00fchafizi G\u00fcl\u0259r M\u0259mm\u0259dova<strong>\u00a0<\/strong>Az\u0259rbaycan xalq\u0131n\u0131n qan yadda\u015f\u0131 olan Xocal\u0131 faci\u0259si, erm\u0259nil\u0259rin zaman-zaman xalq\u0131m\u0131za qar\u015f\u0131 t\u00f6r\u0259tdikl\u0259ri v\u0259h\u015filikl\u0259r v\u0259 Xocal\u0131 soyq\u0131r\u0131m\u0131 il\u0259 ba\u011fl\u0131 h\u0259qiq\u0259tl\u0259rin d\u00fcnya ictimaiyy\u0259tinin n\u0259z\u0259rin\u0259 \u00e7atd\u0131r\u0131lmas\u0131 \u00fc\u00e7\u00fcn g\u00f6r\u00fclm\u0259si vacib olan i\u015fl\u0259r bar\u0259d\u0259 \u0259trafl\u0131 m\u0259lumat verib. Bildirib ki, bu faci\u0259nin geni\u015f ictimaiyy\u0259t\u0259 \u00e7atd\u0131r\u0131lmas\u0131 \u00fc\u00e7\u00fcn Az\u0259rbaycan xalq\u0131n\u0131n \u00fcmummilli lideri Heyd\u0259r \u018fliyevin b\u00f6y\u00fck \u0259m\u0259yi olub. M\u0259hz onun t\u0259\u015f\u0259bb\u00fcs\u00fc il\u0259 Az\u0259rbaycan Respublikas\u0131n\u0131n Milli M\u0259clisind\u0259 ilk d\u0259f\u0259 bu m\u0259s\u0259l\u0259y\u0259 siyasi qiym\u0259t verilib, faci\u0259nin d\u00fcnya ictimaiyy\u0259tin\u0259 \u00e7atd\u0131r\u0131lmas\u0131 m\u0259qs\u0259di il\u0259 i\u015fl\u0259r\u0259 ba\u015flan\u0131b.<\/p>\n<p>Bu i\u015fl\u0259rin n\u0259tic\u0259sidir ki, h\u0259r il faci\u0259nin ild\u00f6n\u00fcm\u00fc ist\u0259r respublikam\u0131zda, ist\u0259rs\u0259 d\u0259 onun h\u00fcdudlar\u0131ndan k\u0259narda geni\u015f qeyd olunur, faci\u0259 qurbanlar\u0131n\u0131n xatir\u0259si yad edilir, d\u00fcnya ictimaiyy\u0259tin\u0259 erm\u0259nil\u0259rin i\u00e7 \u00fcz\u00fc g\u00f6st\u0259rilir.<\/p>\n<p>Y\u0131\u011f\u0131ncaqda M\u0259rk\u0259zin direktoru K\u00f6n\u00fcl R\u0259himova \u201cXocal\u0131 faci\u0259si qan yadda\u015f\u0131m\u0131zd\u0131r\u201d adl\u0131 m\u0259ruz\u0259 il\u0259 \u00e7\u0131x\u0131\u015f ed\u0259r\u0259k Xocal\u0131 faci\u0259si haqq\u0131nda \u0259trafl\u0131 m\u0259lumat verib. K\u00f6n\u00fcl R\u0259himova \u00a0bildirib ki, \u00a0Az\u0259rbaycan Respublikas\u0131n\u0131n Prezidenti c\u0259nab \u0130lham \u018fliyevin inamla h\u0259yata ke\u00e7irdiyi daxili v\u0259 xarici siyas\u0259t, erm\u0259ni q\u0259sbkarl\u0131\u011f\u0131n\u0131n if\u015fas\u0131 \u00fczr\u0259 y\u00f6n\u0259lmi\u015f u\u011furlu add\u0131mlar b\u0259hr\u0259sini verm\u0259kd\u0259dir. Xocal\u0131 soyq\u0131r\u0131m\u0131 haqq\u0131nda h\u0259qiq\u0259tl\u0259rin d\u00fcnya ictimaiyy\u0259tin\u0259 \u00e7atd\u0131r\u0131lmas\u0131, Az\u0259rbaycan xalq\u0131 v\u0259 \u00fcmum\u0259n insanl\u0131q \u0259leyhin\u0259 t\u00f6r\u0259dilmi\u015f bu son d\u0259r\u0259c\u0259 a\u011f\u0131r h\u0259rbi cinay\u0259tin beyn\u0259lxalq miqyasda siyasi-h\u00fcquqi qiym\u0259tini almas\u0131 m\u0259s\u0259l\u0259si d\u00f6vl\u0259t siyas\u0259tinin m\u00fch\u00fcm istiqam\u0259tini t\u0259\u015fkil edir.<\/p>\n<p>Y\u0131\u011f\u0131ncaqda Az\u0259rbaycan\u0131n haqq s\u0259sinin e\u015fidil\u0259c\u0259yin\u0259, erm\u0259nil\u0259rin m\u0259nfur \u0259m\u0259ll\u0259rinin beyn\u0259lxalq s\u0259viyy\u0259d\u0259 q\u0131naq obyektin\u0259 \u00e7evril\u0259c\u0259yin\u0259, Xocal\u0131 q\u0259tliam\u0131n\u0131n t\u0259qsirkarlar\u0131n\u0131n haql\u0131 c\u0259zalar\u0131na \u00e7ataca\u011f\u0131na, Az\u0259rbaycan xalq\u0131n\u0131n i\u015f\u011fal alt\u0131ndak\u0131 b\u00fct\u00fcn torpaqlar\u0131n\u0131 ya\u011f\u0131 d\u00fc\u015fm\u0259nd\u0259n tezlikl\u0259 azad ed\u0259c\u0259yin\u0259, \u0259z\u0259li torpaqlar\u0131m\u0131zdan did\u0259rgin d\u00fc\u015fm\u00fc\u015f h\u0259mv\u0259t\u0259nl\u0259rimizin \u00f6z ata-baba yurdlar\u0131na qay\u0131dacaqlar\u0131na v\u0259 \u00f6lk\u0259mizin \u0259razi b\u00fct\u00f6vl\u00fcy\u00fcn\u00fcn b\u0259rpa olunaca\u011f\u0131na \u0259minlik ifad\u0259 olunub.<\/p>\n<p>Y\u0131\u011f\u0131ncaq \u015fagirdl\u0259rin haz\u0131rlad\u0131\u011f\u0131 b\u0259dii hiss\u0259 il\u0259 davam edib. M\u0259kt\u0259blil\u0259r v\u0259 ba\u011f\u00e7a u\u015faqlar\u0131 kompozisiya il\u0259 \u00e7\u0131x\u0131\u015f edib.<\/p>\n<p>Sonda Xocal\u0131 soyq\u0131r\u0131m\u0131ndan b\u0259hs ed\u0259n s\u0259n\u0259dli film n\u00fcmayi\u015f olunub.<a href=\"http:\/\/www.zerdab.com\/wp-content\/uploads\/2015\/02\/Zerdab-Xocali-faciesi.jpg\"><img loading=\"lazy\" decoding=\"async\" class=\"aligncenter size-large wp-image-18460\" src=\"http:\/\/www.zerdab.com\/wp-content\/uploads\/2015\/02\/Zerdab-Xocali-faciesi-550x309.jpg\" alt=\"Zerdab-Xocali faciesi\" width=\"550\" height=\"309\" \/><\/a><\/p>\n","protected":false},"excerpt":{"rendered":"<p>Z\u0259rdab rayon Heyd\u0259r \u018fliyev\u00a0 M\u0259rk\u0259zind\u0259 Xocal\u0131 faci\u0259sinin 23-c\u00fc ild\u00f6n\u00fcm\u00fc il\u0259 \u0259laq\u0259dar faci\u0259 qurbanlar\u0131n\u0131n xatir\u0259sin\u0259 h\u0259sr olunmu\u015f y\u0131\u011f\u0131ncaq ke\u00e7irilib. Zerdab.com sayt\u0131na veril\u0259n m\u0259lumata g\u00f6r\u0259, \u0259vv\u0259lc\u0259, Xocal\u0131 soyq\u0131r\u0131m\u0131 zaman\u0131 q\u0259tl\u0259 yetirilmi\u015f h\u0259mv\u0259t\u0259nl\u0259rimizin v\u0259 V\u0259t\u0259n u\u011frunda canlar\u0131n\u0131 f\u0259da etmi\u015f b\u00fct\u00fcn \u015f\u0259hidl\u0259rimizin \u0259ziz xatir\u0259si bir d\u0259qiq\u0259lik s\u00fckutla yad edilib. M\u0259rk\u0259zd\u0259 26 fevral Xocal\u0131 faci\u0259sini \u00f6z\u00fcnd\u0259 \u0259ks etdir\u0259n \u201cXocal\u0131 soyq\u0131r\u0131m\u0131nda [&hellip;]<\/p>\n","protected":false},"author":1,"featured_media":0,"comment_status":"open","ping_status":"open","sticky":false,"template":"","format":"standard","meta":{"footnotes":""},"categories":[21],"tags":[],"class_list":{"0":"post-18459","1":"post","2":"type-post","3":"status-publish","4":"format-standard","6":"category-zrdab"},"yoast_head":"<!-- This site is optimized with the Yoast SEO plugin v27.0 - https:\/\/yoast.com\/product\/yoast-seo-wordpress\/ -->\n<title>Z\u0259rdabda Xocal\u0131 faci\u0259si il\u0259 ba\u011fl\u0131 t\u0259dbir ke\u00e7irildi - Z\u0259rdab.com<\/title>\n<meta name=\"robots\" content=\"index, follow, max-snippet:-1, max-image-preview:large, max-video-preview:-1\" \/>\n<link rel=\"canonical\" href=\"https:\/\/www.zerdab.com\/?p=18459\" \/>\n<meta property=\"og:locale\" content=\"az_AZ\" \/>\n<meta property=\"og:type\" content=\"article\" \/>\n<meta property=\"og:title\" content=\"Z\u0259rdabda Xocal\u0131 faci\u0259si il\u0259 ba\u011fl\u0131 t\u0259dbir ke\u00e7irildi - Z\u0259rdab.com\" \/>\n<meta property=\"og:description\" content=\"Z\u0259rdab rayon Heyd\u0259r \u018fliyev\u00a0 M\u0259rk\u0259zind\u0259 Xocal\u0131 faci\u0259sinin 23-c\u00fc ild\u00f6n\u00fcm\u00fc il\u0259 \u0259laq\u0259dar faci\u0259 qurbanlar\u0131n\u0131n xatir\u0259sin\u0259 h\u0259sr olunmu\u015f y\u0131\u011f\u0131ncaq ke\u00e7irilib. Zerdab.com sayt\u0131na veril\u0259n m\u0259lumata g\u00f6r\u0259, \u0259vv\u0259lc\u0259, Xocal\u0131 soyq\u0131r\u0131m\u0131 zaman\u0131 q\u0259tl\u0259 yetirilmi\u015f h\u0259mv\u0259t\u0259nl\u0259rimizin v\u0259 V\u0259t\u0259n u\u011frunda canlar\u0131n\u0131 f\u0259da etmi\u015f b\u00fct\u00fcn \u015f\u0259hidl\u0259rimizin \u0259ziz xatir\u0259si bir d\u0259qiq\u0259lik s\u00fckutla yad edilib. M\u0259rk\u0259zd\u0259 26 fevral Xocal\u0131 faci\u0259sini \u00f6z\u00fcnd\u0259 \u0259ks etdir\u0259n \u201cXocal\u0131 soyq\u0131r\u0131m\u0131nda [&hellip;]\" \/>\n<meta property=\"og:url\" content=\"https:\/\/www.zerdab.com\/?p=18459\" \/>\n<meta property=\"og:site_name\" content=\"Z\u0259rdab.com\" \/>\n<meta property=\"article:published_time\" content=\"2015-02-24T04:00:11+00:00\" \/>\n<meta property=\"og:image\" content=\"http:\/\/www.zerdab.com\/wp-content\/uploads\/2015\/02\/Zerdab-Xocali-faciesi1-309x550.jpg\" \/>\n<meta name=\"author\" content=\"admin\" \/>\n<meta name=\"twitter:card\" content=\"summary_large_image\" \/>\n<meta name=\"twitter:label1\" content=\"Written by\" \/>\n\t<meta name=\"twitter:data1\" content=\"admin\" \/>\n\t<meta name=\"twitter:label2\" content=\"Est. reading time\" \/>\n\t<meta name=\"twitter:data2\" content=\"3 minutes\" \/>\n<script type=\"application\/ld+json\" class=\"yoast-schema-graph\">{\"@context\":\"https:\/\/schema.org\",\"@graph\":[{\"@type\":\"Article\",\"@id\":\"https:\/\/www.zerdab.com\/?p=18459#article\",\"isPartOf\":{\"@id\":\"https:\/\/www.zerdab.com\/?p=18459\"},\"author\":{\"name\":\"admin\",\"@id\":\"https:\/\/www.zerdab.com\/#\/schema\/person\/97079b7570c1e89ec0d9e138c3672136\"},\"headline\":\"Z\u0259rdabda Xocal\u0131 faci\u0259si il\u0259 ba\u011fl\u0131 t\u0259dbir ke\u00e7irildi\",\"datePublished\":\"2015-02-24T04:00:11+00:00\",\"mainEntityOfPage\":{\"@id\":\"https:\/\/www.zerdab.com\/?p=18459\"},\"wordCount\":638,\"commentCount\":0,\"image\":{\"@id\":\"https:\/\/www.zerdab.com\/?p=18459#primaryimage\"},\"thumbnailUrl\":\"http:\/\/www.zerdab.com\/wp-content\/uploads\/2015\/02\/Zerdab-Xocali-faciesi1-309x550.jpg\",\"articleSection\":[\"C\u018fM\u0130YY\u018fT\"],\"inLanguage\":\"az\",\"potentialAction\":[{\"@type\":\"CommentAction\",\"name\":\"Comment\",\"target\":[\"https:\/\/www.zerdab.com\/?p=18459#respond\"]}]},{\"@type\":\"WebPage\",\"@id\":\"https:\/\/www.zerdab.com\/?p=18459\",\"url\":\"https:\/\/www.zerdab.com\/?p=18459\",\"name\":\"Z\u0259rdabda Xocal\u0131 faci\u0259si il\u0259 ba\u011fl\u0131 t\u0259dbir ke\u00e7irildi - Z\u0259rdab.com\",\"isPartOf\":{\"@id\":\"https:\/\/www.zerdab.com\/#website\"},\"primaryImageOfPage\":{\"@id\":\"https:\/\/www.zerdab.com\/?p=18459#primaryimage\"},\"image\":{\"@id\":\"https:\/\/www.zerdab.com\/?p=18459#primaryimage\"},\"thumbnailUrl\":\"http:\/\/www.zerdab.com\/wp-content\/uploads\/2015\/02\/Zerdab-Xocali-faciesi1-309x550.jpg\",\"datePublished\":\"2015-02-24T04:00:11+00:00\",\"author\":{\"@id\":\"https:\/\/www.zerdab.com\/#\/schema\/person\/97079b7570c1e89ec0d9e138c3672136\"},\"breadcrumb\":{\"@id\":\"https:\/\/www.zerdab.com\/?p=18459#breadcrumb\"},\"inLanguage\":\"az\",\"potentialAction\":[{\"@type\":\"ReadAction\",\"target\":[\"https:\/\/www.zerdab.com\/?p=18459\"]}]},{\"@type\":\"ImageObject\",\"inLanguage\":\"az\",\"@id\":\"https:\/\/www.zerdab.com\/?p=18459#primaryimage\",\"url\":\"\",\"contentUrl\":\"\"},{\"@type\":\"BreadcrumbList\",\"@id\":\"https:\/\/www.zerdab.com\/?p=18459#breadcrumb\",\"itemListElement\":[{\"@type\":\"ListItem\",\"position\":1,\"name\":\"Home\",\"item\":\"https:\/\/www.zerdab.com\/\"},{\"@type\":\"ListItem\",\"position\":2,\"name\":\"Z\u0259rdabda Xocal\u0131 faci\u0259si il\u0259 ba\u011fl\u0131 t\u0259dbir ke\u00e7irildi\"}]},{\"@type\":\"WebSite\",\"@id\":\"https:\/\/www.zerdab.com\/#website\",\"url\":\"https:\/\/www.zerdab.com\/\",\"name\":\"Z\u0259rdab.com\",\"description\":\"\",\"potentialAction\":[{\"@type\":\"SearchAction\",\"target\":{\"@type\":\"EntryPoint\",\"urlTemplate\":\"https:\/\/www.zerdab.com\/?s={search_term_string}\"},\"query-input\":{\"@type\":\"PropertyValueSpecification\",\"valueRequired\":true,\"valueName\":\"search_term_string\"}}],\"inLanguage\":\"az\"},{\"@type\":\"Person\",\"@id\":\"https:\/\/www.zerdab.com\/#\/schema\/person\/97079b7570c1e89ec0d9e138c3672136\",\"name\":\"admin\",\"image\":{\"@type\":\"ImageObject\",\"inLanguage\":\"az\",\"@id\":\"https:\/\/www.zerdab.com\/#\/schema\/person\/image\/\",\"url\":\"https:\/\/secure.gravatar.com\/avatar\/d9c52a9a27c32119cb6679a077fa3e2779e5f822c451cbf01098004361d466ec?s=96&d=mm&r=g\",\"contentUrl\":\"https:\/\/secure.gravatar.com\/avatar\/d9c52a9a27c32119cb6679a077fa3e2779e5f822c451cbf01098004361d466ec?s=96&d=mm&r=g\",\"caption\":\"admin\"},\"url\":\"https:\/\/www.zerdab.com\/?author=1\"}]}<\/script>\n<!-- \/ Yoast SEO plugin. -->","yoast_head_json":{"title":"Z\u0259rdabda Xocal\u0131 faci\u0259si il\u0259 ba\u011fl\u0131 t\u0259dbir ke\u00e7irildi - Z\u0259rdab.com","robots":{"index":"index","follow":"follow","max-snippet":"max-snippet:-1","max-image-preview":"max-image-preview:large","max-video-preview":"max-video-preview:-1"},"canonical":"https:\/\/www.zerdab.com\/?p=18459","og_locale":"az_AZ","og_type":"article","og_title":"Z\u0259rdabda Xocal\u0131 faci\u0259si il\u0259 ba\u011fl\u0131 t\u0259dbir ke\u00e7irildi - Z\u0259rdab.com","og_description":"Z\u0259rdab rayon Heyd\u0259r \u018fliyev\u00a0 M\u0259rk\u0259zind\u0259 Xocal\u0131 faci\u0259sinin 23-c\u00fc ild\u00f6n\u00fcm\u00fc il\u0259 \u0259laq\u0259dar faci\u0259 qurbanlar\u0131n\u0131n xatir\u0259sin\u0259 h\u0259sr olunmu\u015f y\u0131\u011f\u0131ncaq ke\u00e7irilib. Zerdab.com sayt\u0131na veril\u0259n m\u0259lumata g\u00f6r\u0259, \u0259vv\u0259lc\u0259, Xocal\u0131 soyq\u0131r\u0131m\u0131 zaman\u0131 q\u0259tl\u0259 yetirilmi\u015f h\u0259mv\u0259t\u0259nl\u0259rimizin v\u0259 V\u0259t\u0259n u\u011frunda canlar\u0131n\u0131 f\u0259da etmi\u015f b\u00fct\u00fcn \u015f\u0259hidl\u0259rimizin \u0259ziz xatir\u0259si bir d\u0259qiq\u0259lik s\u00fckutla yad edilib. M\u0259rk\u0259zd\u0259 26 fevral Xocal\u0131 faci\u0259sini \u00f6z\u00fcnd\u0259 \u0259ks etdir\u0259n \u201cXocal\u0131 soyq\u0131r\u0131m\u0131nda [&hellip;]","og_url":"https:\/\/www.zerdab.com\/?p=18459","og_site_name":"Z\u0259rdab.com","article_published_time":"2015-02-24T04:00:11+00:00","og_image":[{"url":"http:\/\/www.zerdab.com\/wp-content\/uploads\/2015\/02\/Zerdab-Xocali-faciesi1-309x550.jpg","type":"","width":"","height":""}],"author":"admin","twitter_card":"summary_large_image","twitter_misc":{"Written by":"admin","Est. reading time":"3 minutes"},"schema":{"@context":"https:\/\/schema.org","@graph":[{"@type":"Article","@id":"https:\/\/www.zerdab.com\/?p=18459#article","isPartOf":{"@id":"https:\/\/www.zerdab.com\/?p=18459"},"author":{"name":"admin","@id":"https:\/\/www.zerdab.com\/#\/schema\/person\/97079b7570c1e89ec0d9e138c3672136"},"headline":"Z\u0259rdabda Xocal\u0131 faci\u0259si il\u0259 ba\u011fl\u0131 t\u0259dbir ke\u00e7irildi","datePublished":"2015-02-24T04:00:11+00:00","mainEntityOfPage":{"@id":"https:\/\/www.zerdab.com\/?p=18459"},"wordCount":638,"commentCount":0,"image":{"@id":"https:\/\/www.zerdab.com\/?p=18459#primaryimage"},"thumbnailUrl":"http:\/\/www.zerdab.com\/wp-content\/uploads\/2015\/02\/Zerdab-Xocali-faciesi1-309x550.jpg","articleSection":["C\u018fM\u0130YY\u018fT"],"inLanguage":"az","potentialAction":[{"@type":"CommentAction","name":"Comment","target":["https:\/\/www.zerdab.com\/?p=18459#respond"]}]},{"@type":"WebPage","@id":"https:\/\/www.zerdab.com\/?p=18459","url":"https:\/\/www.zerdab.com\/?p=18459","name":"Z\u0259rdabda Xocal\u0131 faci\u0259si il\u0259 ba\u011fl\u0131 t\u0259dbir ke\u00e7irildi - Z\u0259rdab.com","isPartOf":{"@id":"https:\/\/www.zerdab.com\/#website"},"primaryImageOfPage":{"@id":"https:\/\/www.zerdab.com\/?p=18459#primaryimage"},"image":{"@id":"https:\/\/www.zerdab.com\/?p=18459#primaryimage"},"thumbnailUrl":"http:\/\/www.zerdab.com\/wp-content\/uploads\/2015\/02\/Zerdab-Xocali-faciesi1-309x550.jpg","datePublished":"2015-02-24T04:00:11+00:00","author":{"@id":"https:\/\/www.zerdab.com\/#\/schema\/person\/97079b7570c1e89ec0d9e138c3672136"},"breadcrumb":{"@id":"https:\/\/www.zerdab.com\/?p=18459#breadcrumb"},"inLanguage":"az","potentialAction":[{"@type":"ReadAction","target":["https:\/\/www.zerdab.com\/?p=18459"]}]},{"@type":"ImageObject","inLanguage":"az","@id":"https:\/\/www.zerdab.com\/?p=18459#primaryimage","url":"","contentUrl":""},{"@type":"BreadcrumbList","@id":"https:\/\/www.zerdab.com\/?p=18459#breadcrumb","itemListElement":[{"@type":"ListItem","position":1,"name":"Home","item":"https:\/\/www.zerdab.com\/"},{"@type":"ListItem","position":2,"name":"Z\u0259rdabda Xocal\u0131 faci\u0259si il\u0259 ba\u011fl\u0131 t\u0259dbir ke\u00e7irildi"}]},{"@type":"WebSite","@id":"https:\/\/www.zerdab.com\/#website","url":"https:\/\/www.zerdab.com\/","name":"Z\u0259rdab.com","description":"","potentialAction":[{"@type":"SearchAction","target":{"@type":"EntryPoint","urlTemplate":"https:\/\/www.zerdab.com\/?s={search_term_string}"},"query-input":{"@type":"PropertyValueSpecification","valueRequired":true,"valueName":"search_term_string"}}],"inLanguage":"az"},{"@type":"Person","@id":"https:\/\/www.zerdab.com\/#\/schema\/person\/97079b7570c1e89ec0d9e138c3672136","name":"admin","image":{"@type":"ImageObject","inLanguage":"az","@id":"https:\/\/www.zerdab.com\/#\/schema\/person\/image\/","url":"https:\/\/secure.gravatar.com\/avatar\/d9c52a9a27c32119cb6679a077fa3e2779e5f822c451cbf01098004361d466ec?s=96&d=mm&r=g","contentUrl":"https:\/\/secure.gravatar.com\/avatar\/d9c52a9a27c32119cb6679a077fa3e2779e5f822c451cbf01098004361d466ec?s=96&d=mm&r=g","caption":"admin"},"url":"https:\/\/www.zerdab.com\/?author=1"}]}},"_links":{"self":[{"href":"https:\/\/www.zerdab.com\/index.php?rest_route=\/wp\/v2\/posts\/18459","targetHints":{"allow":["GET"]}}],"collection":[{"href":"https:\/\/www.zerdab.com\/index.php?rest_route=\/wp\/v2\/posts"}],"about":[{"href":"https:\/\/www.zerdab.com\/index.php?rest_route=\/wp\/v2\/types\/post"}],"author":[{"embeddable":true,"href":"https:\/\/www.zerdab.com\/index.php?rest_route=\/wp\/v2\/users\/1"}],"replies":[{"embeddable":true,"href":"https:\/\/www.zerdab.com\/index.php?rest_route=%2Fwp%2Fv2%2Fcomments&post=18459"}],"version-history":[{"count":1,"href":"https:\/\/www.zerdab.com\/index.php?rest_route=\/wp\/v2\/posts\/18459\/revisions"}],"predecessor-version":[{"id":18462,"href":"https:\/\/www.zerdab.com\/index.php?rest_route=\/wp\/v2\/posts\/18459\/revisions\/18462"}],"wp:attachment":[{"href":"https:\/\/www.zerdab.com\/index.php?rest_route=%2Fwp%2Fv2%2Fmedia&parent=18459"}],"wp:term":[{"taxonomy":"category","embeddable":true,"href":"https:\/\/www.zerdab.com\/index.php?rest_route=%2Fwp%2Fv2%2Fcategories&post=18459"},{"taxonomy":"post_tag","embeddable":true,"href":"https:\/\/www.zerdab.com\/index.php?rest_route=%2Fwp%2Fv2%2Ftags&post=18459"}],"curies":[{"name":"wp","href":"https:\/\/api.w.org\/{rel}","templated":true}]}}