{"id":18475,"date":"2015-02-25T11:18:08","date_gmt":"2015-02-25T07:18:08","guid":{"rendered":"http:\/\/www.zerdab.com\/?p=18475"},"modified":"2015-02-25T11:18:49","modified_gmt":"2015-02-25T07:18:49","slug":"rayon-tarix-diyarsunasliq-muzeyind%c9%99-anim-t%c9%99dbiri-kecirildi","status":"publish","type":"post","link":"https:\/\/www.zerdab.com\/?p=18475","title":{"rendered":"Z\u0259rdab Rayon Tarix-Diyar\u015f\u00fcnasl\u0131q Muzeyind\u0259 an\u0131m t\u0259dbiri ke\u00e7irildi"},"content":{"rendered":"<p><a href=\"http:\/\/www.zerdab.com\/wp-content\/uploads\/2015\/02\/Z\u0259rdab-Rayon-Tarix-Diyar\u015f\u00fcnasl\u0131q-Muzeyi.jpg\"><img loading=\"lazy\" decoding=\"async\" class=\"aligncenter size-large wp-image-18476\" src=\"http:\/\/www.zerdab.com\/wp-content\/uploads\/2015\/02\/Z\u0259rdab-Rayon-Tarix-Diyar\u015f\u00fcnasl\u0131q-Muzeyi-550x413.jpg\" alt=\"Z\u0259rdab Rayon Tarix Diyar\u015f\u00fcnasl\u0131q Muzeyi\" width=\"550\" height=\"413\" \/><\/a>\u00a0 Z\u0259rdab Rayon Tarix-Diyar\u015f\u00fcnasl\u0131q Muzeyind\u0259 Xocal\u0131 faci\u0259sinin 23-c\u00fc ild\u00f6n\u00fcm\u00fc il\u0259 \u0259laq\u0259dar \u201cXX \u0259srin faci\u0259si &#8211; Xocal\u0131 soyq\u0131r\u0131m\u0131\u201d adl\u0131 kompozisiya ke\u00e7irildi. Muzeyin foyesind\u0259 \u201cXocal\u0131 u\u015faqlar\u0131n g\u00f6z\u00fc il\u0259\u201d adl\u0131 s\u0259rgi n\u00fcmayi\u015f olundu. T\u0259dbiri giri\u015f s\u00f6z\u00fc il\u0259 muzeyin direktoru \u015eahnaz Mustafayeva a\u00e7araq bildirdi ki, Xocal\u0131 soyq\u0131r\u0131m\u0131 Az\u0259rbaycan tarixin\u0259 \u0259n d\u0259h\u015f\u0259tli v\u0259 faci\u0259li s\u0259hif\u0259l\u0259rd\u0259n biri kimi daxil olub. T\u0259dbird\u0259 muzeyin \u0259m\u0259kda\u015flar\u0131 Babayeva Mais\u0259, \u018fliyeva \u015e\u0259lal\u0259 Xocal\u0131 faci\u0259sin\u0259 h\u0259sr olunmu\u015f m\u00fchazir\u0259l\u0259rl\u0259 \u00e7\u0131x\u0131\u015f etdil\u0259r. 2 sayl\u0131 m\u0259kt\u0259bin \u015fagirdl\u0259ri kompozisiya v\u0259 faici\u0259y\u0259 h\u0259sr olunmu\u015f r\u0259sml\u0259ri il\u0259 i\u015ftirak etdil\u0259r.<\/p>\n<p>Z\u0259rdab Rayon Tarix-Diyar\u015f\u00fcnasl\u0131q Muzeyi<a href=\"http:\/\/www.zerdab.com\/wp-content\/uploads\/2015\/02\/Z\u0259rdab-Rayon-Tarix-Diyar\u015f\u00fcnasl\u0131q-Muzeyi3.jpg\"><img loading=\"lazy\" decoding=\"async\" class=\"aligncenter size-large wp-image-18478\" src=\"http:\/\/www.zerdab.com\/wp-content\/uploads\/2015\/02\/Z\u0259rdab-Rayon-Tarix-Diyar\u015f\u00fcnasl\u0131q-Muzeyi3-550x413.jpg\" alt=\"Z\u0259rdab Rayon Tarix Diyar\u015f\u00fcnasl\u0131q Muzeyi\" width=\"550\" height=\"413\" \/><\/a><a href=\"http:\/\/www.zerdab.com\/wp-content\/uploads\/2015\/02\/Z\u0259rdab-Rayon-Tarix-Diyar\u015f\u00fcnasl\u0131q-Muzeyi1.jpg\"><img loading=\"lazy\" decoding=\"async\" class=\"aligncenter size-large wp-image-18477\" src=\"http:\/\/www.zerdab.com\/wp-content\/uploads\/2015\/02\/Z\u0259rdab-Rayon-Tarix-Diyar\u015f\u00fcnasl\u0131q-Muzeyi1-550x413.jpg\" alt=\"Z\u0259rdab Rayon Tarix Diyar\u015f\u00fcnasl\u0131q Muzeyi\" width=\"550\" height=\"413\" \/><\/a><a href=\"http:\/\/www.zerdab.com\/wp-content\/uploads\/2015\/02\/Z\u0259rdab-Rayon-Tarix-Diyar\u015f\u00fcnasl\u0131q-Muzeyi5.jpg\"><img loading=\"lazy\" decoding=\"async\" class=\"aligncenter size-large wp-image-18480\" src=\"http:\/\/www.zerdab.com\/wp-content\/uploads\/2015\/02\/Z\u0259rdab-Rayon-Tarix-Diyar\u015f\u00fcnasl\u0131q-Muzeyi5-550x413.jpg\" alt=\"Z\u0259rdab Rayon Tarix Diyar\u015f\u00fcnasl\u0131q Muzeyi\" width=\"550\" height=\"413\" \/><\/a><a href=\"http:\/\/www.zerdab.com\/wp-content\/uploads\/2015\/02\/Z\u0259rdab-Rayon-Tarix-Diyar\u015f\u00fcnasl\u0131q-Muzeyi4.jpg\"><img loading=\"lazy\" decoding=\"async\" class=\"aligncenter size-large wp-image-18479\" src=\"http:\/\/www.zerdab.com\/wp-content\/uploads\/2015\/02\/Z\u0259rdab-Rayon-Tarix-Diyar\u015f\u00fcnasl\u0131q-Muzeyi4-550x413.jpg\" alt=\"Z\u0259rdab Rayon Tarix Diyar\u015f\u00fcnasl\u0131q Muzeyi\" width=\"550\" height=\"413\" \/><\/a><\/p>\n","protected":false},"excerpt":{"rendered":"<p>\u00a0 Z\u0259rdab Rayon Tarix-Diyar\u015f\u00fcnasl\u0131q Muzeyind\u0259 Xocal\u0131 faci\u0259sinin 23-c\u00fc ild\u00f6n\u00fcm\u00fc il\u0259 \u0259laq\u0259dar \u201cXX \u0259srin faci\u0259si &#8211; Xocal\u0131 soyq\u0131r\u0131m\u0131\u201d adl\u0131 kompozisiya ke\u00e7irildi. Muzeyin foyesind\u0259 \u201cXocal\u0131 u\u015faqlar\u0131n g\u00f6z\u00fc il\u0259\u201d adl\u0131 s\u0259rgi n\u00fcmayi\u015f olundu. T\u0259dbiri giri\u015f s\u00f6z\u00fc il\u0259 muzeyin direktoru \u015eahnaz Mustafayeva a\u00e7araq bildirdi ki, Xocal\u0131 soyq\u0131r\u0131m\u0131 Az\u0259rbaycan tarixin\u0259 \u0259n d\u0259h\u015f\u0259tli v\u0259 faci\u0259li s\u0259hif\u0259l\u0259rd\u0259n biri kimi daxil olub. T\u0259dbird\u0259 [&hellip;]<\/p>\n","protected":false},"author":1,"featured_media":0,"comment_status":"open","ping_status":"open","sticky":false,"template":"","format":"standard","meta":{"footnotes":""},"categories":[21],"tags":[],"class_list":{"0":"post-18475","1":"post","2":"type-post","3":"status-publish","4":"format-standard","6":"category-zrdab"},"yoast_head":"<!-- This site is optimized with the Yoast SEO plugin v27.0 - https:\/\/yoast.com\/product\/yoast-seo-wordpress\/ -->\n<title>Z\u0259rdab Rayon Tarix-Diyar\u015f\u00fcnasl\u0131q Muzeyind\u0259 an\u0131m t\u0259dbiri ke\u00e7irildi - Z\u0259rdab.com<\/title>\n<meta name=\"robots\" content=\"index, follow, max-snippet:-1, max-image-preview:large, max-video-preview:-1\" \/>\n<link rel=\"canonical\" href=\"https:\/\/www.zerdab.com\/?p=18475\" \/>\n<meta property=\"og:locale\" content=\"az_AZ\" \/>\n<meta property=\"og:type\" content=\"article\" \/>\n<meta property=\"og:title\" content=\"Z\u0259rdab Rayon Tarix-Diyar\u015f\u00fcnasl\u0131q Muzeyind\u0259 an\u0131m t\u0259dbiri ke\u00e7irildi - Z\u0259rdab.com\" \/>\n<meta property=\"og:description\" content=\"\u00a0 Z\u0259rdab Rayon Tarix-Diyar\u015f\u00fcnasl\u0131q Muzeyind\u0259 Xocal\u0131 faci\u0259sinin 23-c\u00fc ild\u00f6n\u00fcm\u00fc il\u0259 \u0259laq\u0259dar \u201cXX \u0259srin faci\u0259si &#8211; Xocal\u0131 soyq\u0131r\u0131m\u0131\u201d adl\u0131 kompozisiya ke\u00e7irildi. Muzeyin foyesind\u0259 \u201cXocal\u0131 u\u015faqlar\u0131n g\u00f6z\u00fc il\u0259\u201d adl\u0131 s\u0259rgi n\u00fcmayi\u015f olundu. T\u0259dbiri giri\u015f s\u00f6z\u00fc il\u0259 muzeyin direktoru \u015eahnaz Mustafayeva a\u00e7araq bildirdi ki, Xocal\u0131 soyq\u0131r\u0131m\u0131 Az\u0259rbaycan tarixin\u0259 \u0259n d\u0259h\u015f\u0259tli v\u0259 faci\u0259li s\u0259hif\u0259l\u0259rd\u0259n biri kimi daxil olub. T\u0259dbird\u0259 [&hellip;]\" \/>\n<meta property=\"og:url\" content=\"https:\/\/www.zerdab.com\/?p=18475\" \/>\n<meta property=\"og:site_name\" content=\"Z\u0259rdab.com\" \/>\n<meta property=\"article:published_time\" content=\"2015-02-25T07:18:08+00:00\" \/>\n<meta property=\"article:modified_time\" content=\"2015-02-25T07:18:49+00:00\" \/>\n<meta name=\"author\" content=\"admin\" \/>\n<meta name=\"twitter:card\" content=\"summary_large_image\" \/>\n<meta name=\"twitter:label1\" content=\"Written by\" \/>\n\t<meta name=\"twitter:data1\" content=\"admin\" \/>\n\t<meta name=\"twitter:label2\" content=\"Est. reading time\" \/>\n\t<meta name=\"twitter:data2\" content=\"1 minute\" \/>\n<script type=\"application\/ld+json\" class=\"yoast-schema-graph\">{\"@context\":\"https:\/\/schema.org\",\"@graph\":[{\"@type\":\"Article\",\"@id\":\"https:\/\/www.zerdab.com\/?p=18475#article\",\"isPartOf\":{\"@id\":\"https:\/\/www.zerdab.com\/?p=18475\"},\"author\":{\"name\":\"admin\",\"@id\":\"https:\/\/www.zerdab.com\/#\/schema\/person\/97079b7570c1e89ec0d9e138c3672136\"},\"headline\":\"Z\u0259rdab Rayon Tarix-Diyar\u015f\u00fcnasl\u0131q Muzeyind\u0259 an\u0131m t\u0259dbiri ke\u00e7irildi\",\"datePublished\":\"2015-02-25T07:18:08+00:00\",\"dateModified\":\"2015-02-25T07:18:49+00:00\",\"mainEntityOfPage\":{\"@id\":\"https:\/\/www.zerdab.com\/?p=18475\"},\"wordCount\":146,\"commentCount\":0,\"articleSection\":[\"C\u018fM\u0130YY\u018fT\"],\"inLanguage\":\"az\",\"potentialAction\":[{\"@type\":\"CommentAction\",\"name\":\"Comment\",\"target\":[\"https:\/\/www.zerdab.com\/?p=18475#respond\"]}]},{\"@type\":\"WebPage\",\"@id\":\"https:\/\/www.zerdab.com\/?p=18475\",\"url\":\"https:\/\/www.zerdab.com\/?p=18475\",\"name\":\"Z\u0259rdab Rayon Tarix-Diyar\u015f\u00fcnasl\u0131q Muzeyind\u0259 an\u0131m t\u0259dbiri ke\u00e7irildi - Z\u0259rdab.com\",\"isPartOf\":{\"@id\":\"https:\/\/www.zerdab.com\/#website\"},\"datePublished\":\"2015-02-25T07:18:08+00:00\",\"dateModified\":\"2015-02-25T07:18:49+00:00\",\"author\":{\"@id\":\"https:\/\/www.zerdab.com\/#\/schema\/person\/97079b7570c1e89ec0d9e138c3672136\"},\"breadcrumb\":{\"@id\":\"https:\/\/www.zerdab.com\/?p=18475#breadcrumb\"},\"inLanguage\":\"az\",\"potentialAction\":[{\"@type\":\"ReadAction\",\"target\":[\"https:\/\/www.zerdab.com\/?p=18475\"]}]},{\"@type\":\"BreadcrumbList\",\"@id\":\"https:\/\/www.zerdab.com\/?p=18475#breadcrumb\",\"itemListElement\":[{\"@type\":\"ListItem\",\"position\":1,\"name\":\"Home\",\"item\":\"https:\/\/www.zerdab.com\/\"},{\"@type\":\"ListItem\",\"position\":2,\"name\":\"Z\u0259rdab Rayon Tarix-Diyar\u015f\u00fcnasl\u0131q Muzeyind\u0259 an\u0131m t\u0259dbiri ke\u00e7irildi\"}]},{\"@type\":\"WebSite\",\"@id\":\"https:\/\/www.zerdab.com\/#website\",\"url\":\"https:\/\/www.zerdab.com\/\",\"name\":\"Z\u0259rdab.com\",\"description\":\"\",\"potentialAction\":[{\"@type\":\"SearchAction\",\"target\":{\"@type\":\"EntryPoint\",\"urlTemplate\":\"https:\/\/www.zerdab.com\/?s={search_term_string}\"},\"query-input\":{\"@type\":\"PropertyValueSpecification\",\"valueRequired\":true,\"valueName\":\"search_term_string\"}}],\"inLanguage\":\"az\"},{\"@type\":\"Person\",\"@id\":\"https:\/\/www.zerdab.com\/#\/schema\/person\/97079b7570c1e89ec0d9e138c3672136\",\"name\":\"admin\",\"image\":{\"@type\":\"ImageObject\",\"inLanguage\":\"az\",\"@id\":\"https:\/\/www.zerdab.com\/#\/schema\/person\/image\/\",\"url\":\"https:\/\/secure.gravatar.com\/avatar\/d9c52a9a27c32119cb6679a077fa3e2779e5f822c451cbf01098004361d466ec?s=96&d=mm&r=g\",\"contentUrl\":\"https:\/\/secure.gravatar.com\/avatar\/d9c52a9a27c32119cb6679a077fa3e2779e5f822c451cbf01098004361d466ec?s=96&d=mm&r=g\",\"caption\":\"admin\"},\"url\":\"https:\/\/www.zerdab.com\/?author=1\"}]}<\/script>\n<!-- \/ Yoast SEO plugin. -->","yoast_head_json":{"title":"Z\u0259rdab Rayon Tarix-Diyar\u015f\u00fcnasl\u0131q Muzeyind\u0259 an\u0131m t\u0259dbiri ke\u00e7irildi - Z\u0259rdab.com","robots":{"index":"index","follow":"follow","max-snippet":"max-snippet:-1","max-image-preview":"max-image-preview:large","max-video-preview":"max-video-preview:-1"},"canonical":"https:\/\/www.zerdab.com\/?p=18475","og_locale":"az_AZ","og_type":"article","og_title":"Z\u0259rdab Rayon Tarix-Diyar\u015f\u00fcnasl\u0131q Muzeyind\u0259 an\u0131m t\u0259dbiri ke\u00e7irildi - Z\u0259rdab.com","og_description":"\u00a0 Z\u0259rdab Rayon Tarix-Diyar\u015f\u00fcnasl\u0131q Muzeyind\u0259 Xocal\u0131 faci\u0259sinin 23-c\u00fc ild\u00f6n\u00fcm\u00fc il\u0259 \u0259laq\u0259dar \u201cXX \u0259srin faci\u0259si &#8211; Xocal\u0131 soyq\u0131r\u0131m\u0131\u201d adl\u0131 kompozisiya ke\u00e7irildi. Muzeyin foyesind\u0259 \u201cXocal\u0131 u\u015faqlar\u0131n g\u00f6z\u00fc il\u0259\u201d adl\u0131 s\u0259rgi n\u00fcmayi\u015f olundu. T\u0259dbiri giri\u015f s\u00f6z\u00fc il\u0259 muzeyin direktoru \u015eahnaz Mustafayeva a\u00e7araq bildirdi ki, Xocal\u0131 soyq\u0131r\u0131m\u0131 Az\u0259rbaycan tarixin\u0259 \u0259n d\u0259h\u015f\u0259tli v\u0259 faci\u0259li s\u0259hif\u0259l\u0259rd\u0259n biri kimi daxil olub. T\u0259dbird\u0259 [&hellip;]","og_url":"https:\/\/www.zerdab.com\/?p=18475","og_site_name":"Z\u0259rdab.com","article_published_time":"2015-02-25T07:18:08+00:00","article_modified_time":"2015-02-25T07:18:49+00:00","author":"admin","twitter_card":"summary_large_image","twitter_misc":{"Written by":"admin","Est. reading time":"1 minute"},"schema":{"@context":"https:\/\/schema.org","@graph":[{"@type":"Article","@id":"https:\/\/www.zerdab.com\/?p=18475#article","isPartOf":{"@id":"https:\/\/www.zerdab.com\/?p=18475"},"author":{"name":"admin","@id":"https:\/\/www.zerdab.com\/#\/schema\/person\/97079b7570c1e89ec0d9e138c3672136"},"headline":"Z\u0259rdab Rayon Tarix-Diyar\u015f\u00fcnasl\u0131q Muzeyind\u0259 an\u0131m t\u0259dbiri ke\u00e7irildi","datePublished":"2015-02-25T07:18:08+00:00","dateModified":"2015-02-25T07:18:49+00:00","mainEntityOfPage":{"@id":"https:\/\/www.zerdab.com\/?p=18475"},"wordCount":146,"commentCount":0,"articleSection":["C\u018fM\u0130YY\u018fT"],"inLanguage":"az","potentialAction":[{"@type":"CommentAction","name":"Comment","target":["https:\/\/www.zerdab.com\/?p=18475#respond"]}]},{"@type":"WebPage","@id":"https:\/\/www.zerdab.com\/?p=18475","url":"https:\/\/www.zerdab.com\/?p=18475","name":"Z\u0259rdab Rayon Tarix-Diyar\u015f\u00fcnasl\u0131q Muzeyind\u0259 an\u0131m t\u0259dbiri ke\u00e7irildi - Z\u0259rdab.com","isPartOf":{"@id":"https:\/\/www.zerdab.com\/#website"},"datePublished":"2015-02-25T07:18:08+00:00","dateModified":"2015-02-25T07:18:49+00:00","author":{"@id":"https:\/\/www.zerdab.com\/#\/schema\/person\/97079b7570c1e89ec0d9e138c3672136"},"breadcrumb":{"@id":"https:\/\/www.zerdab.com\/?p=18475#breadcrumb"},"inLanguage":"az","potentialAction":[{"@type":"ReadAction","target":["https:\/\/www.zerdab.com\/?p=18475"]}]},{"@type":"BreadcrumbList","@id":"https:\/\/www.zerdab.com\/?p=18475#breadcrumb","itemListElement":[{"@type":"ListItem","position":1,"name":"Home","item":"https:\/\/www.zerdab.com\/"},{"@type":"ListItem","position":2,"name":"Z\u0259rdab Rayon Tarix-Diyar\u015f\u00fcnasl\u0131q Muzeyind\u0259 an\u0131m t\u0259dbiri ke\u00e7irildi"}]},{"@type":"WebSite","@id":"https:\/\/www.zerdab.com\/#website","url":"https:\/\/www.zerdab.com\/","name":"Z\u0259rdab.com","description":"","potentialAction":[{"@type":"SearchAction","target":{"@type":"EntryPoint","urlTemplate":"https:\/\/www.zerdab.com\/?s={search_term_string}"},"query-input":{"@type":"PropertyValueSpecification","valueRequired":true,"valueName":"search_term_string"}}],"inLanguage":"az"},{"@type":"Person","@id":"https:\/\/www.zerdab.com\/#\/schema\/person\/97079b7570c1e89ec0d9e138c3672136","name":"admin","image":{"@type":"ImageObject","inLanguage":"az","@id":"https:\/\/www.zerdab.com\/#\/schema\/person\/image\/","url":"https:\/\/secure.gravatar.com\/avatar\/d9c52a9a27c32119cb6679a077fa3e2779e5f822c451cbf01098004361d466ec?s=96&d=mm&r=g","contentUrl":"https:\/\/secure.gravatar.com\/avatar\/d9c52a9a27c32119cb6679a077fa3e2779e5f822c451cbf01098004361d466ec?s=96&d=mm&r=g","caption":"admin"},"url":"https:\/\/www.zerdab.com\/?author=1"}]}},"_links":{"self":[{"href":"https:\/\/www.zerdab.com\/index.php?rest_route=\/wp\/v2\/posts\/18475","targetHints":{"allow":["GET"]}}],"collection":[{"href":"https:\/\/www.zerdab.com\/index.php?rest_route=\/wp\/v2\/posts"}],"about":[{"href":"https:\/\/www.zerdab.com\/index.php?rest_route=\/wp\/v2\/types\/post"}],"author":[{"embeddable":true,"href":"https:\/\/www.zerdab.com\/index.php?rest_route=\/wp\/v2\/users\/1"}],"replies":[{"embeddable":true,"href":"https:\/\/www.zerdab.com\/index.php?rest_route=%2Fwp%2Fv2%2Fcomments&post=18475"}],"version-history":[{"count":2,"href":"https:\/\/www.zerdab.com\/index.php?rest_route=\/wp\/v2\/posts\/18475\/revisions"}],"predecessor-version":[{"id":18482,"href":"https:\/\/www.zerdab.com\/index.php?rest_route=\/wp\/v2\/posts\/18475\/revisions\/18482"}],"wp:attachment":[{"href":"https:\/\/www.zerdab.com\/index.php?rest_route=%2Fwp%2Fv2%2Fmedia&parent=18475"}],"wp:term":[{"taxonomy":"category","embeddable":true,"href":"https:\/\/www.zerdab.com\/index.php?rest_route=%2Fwp%2Fv2%2Fcategories&post=18475"},{"taxonomy":"post_tag","embeddable":true,"href":"https:\/\/www.zerdab.com\/index.php?rest_route=%2Fwp%2Fv2%2Ftags&post=18475"}],"curies":[{"name":"wp","href":"https:\/\/api.w.org\/{rel}","templated":true}]}}