{"id":18544,"date":"2015-02-26T13:10:37","date_gmt":"2015-02-26T09:10:37","guid":{"rendered":"http:\/\/www.zerdab.com\/?p=18544"},"modified":"2015-02-26T13:10:37","modified_gmt":"2015-02-26T09:10:37","slug":"z%c9%99rdabda-xocali-soyqirimi-il%c9%99-bagli-umumrayon-anim-t%c9%99dbiri-kecirildi","status":"publish","type":"post","link":"https:\/\/www.zerdab.com\/?p=18544","title":{"rendered":"Z\u0259rdabda Xocal\u0131 soyq\u0131r\u0131m\u0131 il\u0259 ba\u011fl\u0131 \u00fcmumrayon an\u0131m t\u0259dbiri ke\u00e7irildi"},"content":{"rendered":"<p><a href=\"http:\/\/www.zerdab.com\/wp-content\/uploads\/2015\/02\/Zerdab-rayonu-anim3-1.jpg\"><img loading=\"lazy\" decoding=\"async\" class=\"aligncenter size-large wp-image-18539\" src=\"http:\/\/www.zerdab.com\/wp-content\/uploads\/2015\/02\/Zerdab-rayonu-anim3-1-550x365.jpg\" alt=\"Zerdab rayonu-anim\" width=\"550\" height=\"365\" \/><\/a><\/p>\n<p>Xocal\u0131 soyq\u0131r\u0131m\u0131n\u0131n 23-c\u00fc ild\u00f6n\u00fcm\u00fc il\u0259 \u0259laq\u0259dar Z\u0259rdab Rayon \u0130cra Hakimiyy\u0259tind\u0259 t\u0259sdiq olunmu\u015f t\u0259dbirl\u0259r plan\u0131na uy\u011fun olaraq rayonda silsil\u0259 t\u0259dbirl\u0259r davam etdirilir. 26 fevral 2015-ci il tarixd\u0259 rayonun \u0259m\u0259k kollektivl\u0259rinin n\u00fcmay\u0259nd\u0259l\u0259rinin, rayon f\u0259allar\u0131n\u0131n, veteranlar\u0131n, a\u011fsaqqal v\u0259 ziyal\u0131lar\u0131n, yuxar\u0131 sinif \u015fagirdl\u0259rinin v\u0259 ictimaiyy\u0259tin n\u00fcmay\u0259nd\u0259l\u0259rinin i\u015ftirak\u0131 il\u0259 \u00fcmumrayon t\u0259dbiri ke\u00e7irilmi\u015fdir. \u0130\u015ftirak\u00e7\u0131lar \u0259vv\u0259lc\u0259 Heyd\u0259r \u018fliyev \u00a0M\u0259rk\u0259zind\u0259 Xocal\u0131 soyq\u0131r\u0131m\u0131ndan b\u0259hs ed\u0259n video\u00e7arxa baxm\u0131\u015flar. Daha sonra \u015e\u0259hidl\u0259rin Xatir\u0259 park\u0131 ziyar\u0259t edilmi\u015fdir. Rayon r\u0259hb\u0259rliyi Xocal\u0131 soyq\u0131r\u0131m\u0131na h\u0259sr olunmu\u015f r\u0259sml\u0259r\u0259, divar q\u0259zetl\u0259rin\u0259 v\u0259 kitablardan ibar\u0259t s\u0259rgiy\u0259 bax\u0131\u015f ke\u00e7irmi\u015f, park\u0131 ziyar\u0259t ed\u0259r\u0259k Az\u0259rbaycanl\u0131lar\u0131n soyq\u0131r\u0131m\u0131 qurbanlar\u0131n\u0131n xatir\u0259sin\u0259 ucald\u0131lm\u0131\u015f abid\u0259 kompleksinin \u00f6n\u00fcn\u0259 g\u00fcl d\u0259st\u0259l\u0259ri qoymu\u015flar.<\/p>\n<p>An\u0131m m\u0259rasiminin r\u0259smi hiss\u0259sind\u0259 Rayon \u0130cra Hakimiyy\u0259tinin ba\u015f\u00e7\u0131s\u0131 L\u00fctv\u0259li Babayev geni\u015f nitq s\u00f6yl\u0259mi\u015fdir. Qeyd etmi\u015fdir ki, h\u0259min g\u00fcn Xocal\u0131da ba\u015f ver\u0259nl\u0259r Az\u0259rbaycan xalq\u0131n\u0131n yadda\u015f\u0131ndan he\u00e7 vaxt silinm\u0259y\u0259c\u0259kdir. \u00c7\u00fcnki h\u0259min vaxt b\u00fct\u00f6v Az\u0259rbaycan xalq\u0131na qar\u015f\u0131 soyq\u0131r\u0131m\u0131 akt\u0131 h\u0259yata ke\u00e7irilmi\u015f, b\u0259\u015f\u0259riyy\u0259tin \u0259n b\u00f6y\u00fck faci\u0259l\u0259rind\u0259n biri t\u00f6r\u0259dilmi\u015fdir. Xocal\u0131 faci\u0259sind\u0259n sonra bu qanl\u0131 olay\u0131n miqyas\u0131n\u0131 xalqdan gizl\u0259tm\u0259y\u0259 \u00e7al\u0131\u015fan o vaxtk\u0131 respublika r\u0259hb\u0259rliyi 26 fevralda ba\u015f ver\u0259n erm\u0259ni v\u0259h\u015filiyinin d\u00fcnya ictimaiyy\u0259tin\u0259 \u00e7atd\u0131r\u0131lmas\u0131 sah\u0259sind\u0259 ciddi bir i\u015f g\u00f6rm\u0259di. Lakin sonrak\u0131 ill\u0259rd\u0259 informasiya blokadas\u0131n\u0131 yar\u0131b Xocal\u0131da ba\u015f ver\u0259n qanl\u0131 hadis\u0259l\u0259ri d\u00fcnya ictimaiyy\u0259tin\u0259 \u00e7atd\u0131rma\u011fa nail olan xalq\u0131m\u0131z, o d\u0259h\u015f\u0259tli gec\u0259d\u0259 h\u0259lak olan \u00f6vladlar\u0131n\u0131n xatir\u0259sini \u0259ziz tutma\u011f\u0131, sa\u011f qalanlar\u0131n d\u0259rdin\u0259 \u015f\u0259rik olma\u011f\u0131 da bacard\u0131. Yaln\u0131z \u00dcmummilli liderimiz, dahi \u015f\u0259xsiyy\u0259t Heyd\u0259r \u018fliyevin 1993-c\u00fc ild\u0259 xalq\u0131n t\u0259kidi, t\u0259l\u0259bi v\u0259 xahi\u015fi il\u0259 ikinci d\u0259f\u0259 hakimiyy\u0259t\u0259 qay\u0131d\u0131\u015f\u0131ndan sonra Az\u0259rbaycan h\u0259qiq\u0259tl\u0259rinin d\u00fcnyaya \u00e7atd\u0131r\u0131lmas\u0131 istiqam\u0259tind\u0259 z\u0259ruri t\u0259dbirl\u0259rin ham\u0131s\u0131 h\u0259yata ke\u00e7iril\u0259r\u0259k soyq\u0131r\u0131mla ba\u011fl\u0131 geni\u015f m\u00fczakir\u0259l\u0259r apar\u0131ld\u0131. 1994-c\u00fc ild\u0259 Ulu \u00d6nd\u0259rimizin t\u0259\u015f\u0259bb\u00fcs\u00fc v\u0259 t\u00f6vsiy\u0259si il\u0259 Milli M\u0259clis Xocal\u0131 soyq\u0131r\u0131m\u0131na siyasi qiym\u0259t verdi. Fevral\u0131n 26-s\u0131n\u0131n Az\u0259rbaycanda milli mat\u0259m g\u00fcn\u00fc kimi qeyd olunmas\u0131 q\u0259rara al\u0131nd\u0131. 1997-ci ild\u0259n bu g\u00fcn\u0259d\u0259k h\u0259r il fevral\u0131n 26-da saat 17-d\u0259 \u00f6lk\u0259 \u0259razisind\u0259 soyq\u0131r\u0131m\u0131 \u015f\u0259hidl\u0259rinin xatir\u0259si bir d\u0259qiq\u0259lik s\u00fckutla yad edilir. Respublikam\u0131z\u0131n ayr\u0131-ayr\u0131 b\u00f6lg\u0259l\u0259rind\u0259 Xocal\u0131 \u015f\u0259hidl\u0259rinin xatir\u0259si \u0259b\u0259dil\u0259\u015fdirilmi\u015f, abid\u0259l\u0259r ucald\u0131lm\u0131\u015fd\u0131r.<\/p>\n<p>\u0130cra ba\u015f\u00e7\u0131s\u0131 bildirmi\u015fdir ki, haz\u0131rda d\u00fcnyan\u0131n 10-dan \u00e7ox \u00f6lk\u0259si Xocal\u0131 soyq\u0131r\u0131m\u0131n\u0131 tan\u0131m\u0131\u015fd\u0131r. Xocal\u0131 faci\u0259sinin beyn\u0259lxalq al\u0259md\u0259 tan\u0131d\u0131lmas\u0131, erm\u0259ni v\u0259h\u015filikl\u0259rinin d\u00fcnya ictimaiyy\u0259tin\u0259 \u00e7atd\u0131r\u0131lmas\u0131 istiqam\u0259tind\u0259\u00a0 Az\u0259rbaycan\u0131n birinci xan\u0131m\u0131, Heyd\u0259r \u018fliyev Fondunun prezidenti, mill\u0259t v\u0259kili, YUNESKO-nun v\u0259 \u0130SESKO-nun xo\u015fm\u0259raml\u0131 s\u0259firi Mehriban xan\u0131m \u018fliyevan\u0131n xidm\u0259tl\u0259ri d\u0259 dan\u0131lmazd\u0131r. Heyd\u0259r \u018fliyev Fondunun vitse-prezidenti Leyla xan\u0131m \u018fliyeva da \u201cXocal\u0131ya \u0259dal\u0259t\u201d beyn\u0259lxalq kampaniyas\u0131 \u00e7\u0259r\u00e7iv\u0259sind\u0259 bu qanl\u0131 faci\u0259 il\u0259 ba\u011fl\u0131 d\u00fcnya g\u0259ncl\u0259ri aras\u0131nda geni\u015f t\u0259bli\u011fat v\u0259 maarifl\u0259ndirm\u0259 i\u015fi apar\u0131r v\u0259 bu i\u015fl\u0259r bu g\u00fcn d\u0259 u\u011furla davam etdirilir.<\/p>\n<p>Natiq vur\u011fulam\u0131\u015fd\u0131r ki, Ulu \u00f6nd\u0259rimiz Heyd\u0259r \u018fliyevin h\u0259r bir sah\u0259d\u0259 qalib g\u0259lm\u0259y\u0259 qadir olan siyasi kursunu u\u011furla davam v\u0259 inki\u015faf etdir\u0259n m\u00f6ht\u0259r\u0259m Prezidentinin diplomatik yolla apard\u0131\u011f\u0131 siyas\u0259tin m\u00fcsb\u0259t n\u0259tic\u0259sini, torpaqlar\u0131m\u0131z\u0131n i\u015f\u011faldan azad olunaca\u011f\u0131n\u0131 tezlikl\u0259 g\u00f6r\u0259c\u0259yimiz\u0259 inan\u0131r\u0131q. Son vaxtlar erm\u0259nil\u0259rin s\u0259rh\u0259d rayonlar\u0131nda intensivl\u0259\u015f\u0259n at\u0259\u015fl\u0259rinin Az\u0259rbaycan ordusu t\u0259r\u0259find\u0259n susdurulmas\u0131 v\u0259 onlara Az\u0259rbaycan Silahl\u0131 Q\u00fcvv\u0259l\u0259ri t\u0259r\u0259find\u0259n layiqli cavab verilm\u0259si ordumuzun artan q\u00fcdr\u0259tinin \u0259yani n\u00fcmayi\u015fidir. Biz inan\u0131r\u0131q ki, m\u00f6ht\u0259r\u0259m Prezidentimiz c\u0259nab \u0130lham \u018fliyevin yeritdiyi m\u0259ntiqli xarici siyas\u0259t Az\u0259rbaycana beyn\u0259lxalq al\u0259md\u0259 daha y\u00fcks\u0259k nailiyy\u0259tl\u0259r qazand\u0131racaq v\u0259 2015-ci il Erm\u0259nistan-Az\u0259rbaycan, Da\u011fl\u0131q Qaraba\u011f m\u00fcnaqi\u015f\u0259sind\u0259 h\u0259lledici il olacaqd\u0131r.<\/p>\n<p>Sonra rayonun \u0259m\u0259k kollektivl\u0259ri v\u0259 ictimaiyy\u0259t n\u00fcmay\u0259nd\u0259l\u0259ri t\u0259r\u0259find\u0259n Az\u0259rbaycanl\u0131lar\u0131n soyq\u0131r\u0131m\u0131 qurbanlar\u0131n\u0131n xatir\u0259sin\u0259 ucald\u0131lm\u0131\u015f abid\u0259 kompleksinin \u00f6n\u00fcn\u0259 g\u00fcl-\u00e7i\u00e7\u0259k d\u0259st\u0259l\u0259ri qoyulmu\u015fdur.<\/p>\n<p>Rayonun b\u00fct\u00fcn m\u0259scidl\u0259rind\u0259 Xocal\u0131 soyq\u0131r\u0131m\u0131 qurbanlar\u0131n\u0131n xatir\u0259sin\u0259 dini m\u0259rasiml\u0259r ke\u00e7irilmi\u015f, dualar oxunmu\u015fdur.<\/p>\n<p>Saat 17:00-da soyq\u0131r\u0131m\u0131 \u015f\u0259hidl\u0259rinin xatir\u0259si bir d\u0259qiq\u0259lik s\u00fckutla yad edil\u0259c\u0259kdir.<\/p>\n<p><strong>Z\u0259rdab Rayon \u0130cra Hakimiyy\u0259ti<a href=\"http:\/\/www.zerdab.com\/wp-content\/uploads\/2015\/02\/Zerdab-rayonu-anim3-4.jpg\"><br \/>\n<\/a><a href=\"http:\/\/www.zerdab.com\/wp-content\/uploads\/2015\/02\/Zerdab-rayonu-anim3-5.jpg\"><img loading=\"lazy\" decoding=\"async\" class=\"aligncenter size-large wp-image-18541\" src=\"http:\/\/www.zerdab.com\/wp-content\/uploads\/2015\/02\/Zerdab-rayonu-anim3-5-550x365.jpg\" alt=\"Zerdab rayonu-anim\" width=\"550\" height=\"365\" \/><\/a><a href=\"http:\/\/www.zerdab.com\/wp-content\/uploads\/2015\/02\/Zerdab-rayonu-anim3-4.jpg\"><img loading=\"lazy\" decoding=\"async\" class=\"aligncenter size-large wp-image-18540\" src=\"http:\/\/www.zerdab.com\/wp-content\/uploads\/2015\/02\/Zerdab-rayonu-anim3-4-550x365.jpg\" alt=\"Zerdab rayonu-anim\" width=\"550\" height=\"365\" \/><\/a><a href=\"http:\/\/www.zerdab.com\/wp-content\/uploads\/2015\/02\/Zerdab-rayonu-anim3-5-.jpg\"><img loading=\"lazy\" decoding=\"async\" class=\"aligncenter size-large wp-image-18542\" src=\"http:\/\/www.zerdab.com\/wp-content\/uploads\/2015\/02\/Zerdab-rayonu-anim3-5--550x365.jpg\" alt=\"Zerdab rayonu-anim\" width=\"550\" height=\"365\" srcset=\"https:\/\/www.zerdab.com\/wp-content\/uploads\/2015\/02\/Zerdab-rayonu-anim3-5--550x365.jpg 550w, https:\/\/www.zerdab.com\/wp-content\/uploads\/2015\/02\/Zerdab-rayonu-anim3-5--400x266.jpg 400w, https:\/\/www.zerdab.com\/wp-content\/uploads\/2015\/02\/Zerdab-rayonu-anim3-5--500x332.jpg 500w, https:\/\/www.zerdab.com\/wp-content\/uploads\/2015\/02\/Zerdab-rayonu-anim3-5--75x50.jpg 75w, https:\/\/www.zerdab.com\/wp-content\/uploads\/2015\/02\/Zerdab-rayonu-anim3-5--300x199.jpg 300w, https:\/\/www.zerdab.com\/wp-content\/uploads\/2015\/02\/Zerdab-rayonu-anim3-5-.jpg 1024w\" sizes=\"auto, (max-width: 550px) 100vw, 550px\" \/><\/a><a href=\"http:\/\/www.zerdab.com\/wp-content\/uploads\/2015\/02\/Zerdab-rayonu-anim3-.jpg\"><img loading=\"lazy\" decoding=\"async\" class=\"aligncenter size-large wp-image-18538\" src=\"http:\/\/www.zerdab.com\/wp-content\/uploads\/2015\/02\/Zerdab-rayonu-anim3--550x365.jpg\" alt=\"Zerdab rayonu-anim\" width=\"550\" height=\"365\" \/><\/a><a href=\"http:\/\/www.zerdab.com\/wp-content\/uploads\/2015\/02\/Zerdab-rayonu-anim1.jpg\"><img loading=\"lazy\" decoding=\"async\" class=\"aligncenter size-large wp-image-18536\" src=\"http:\/\/www.zerdab.com\/wp-content\/uploads\/2015\/02\/Zerdab-rayonu-anim1-550x365.jpg\" alt=\"Zerdab rayonu-anim\" width=\"550\" height=\"365\" \/><\/a><a href=\"http:\/\/www.zerdab.com\/wp-content\/uploads\/2015\/02\/Zerdab-rayonu-anim2.jpg\"><img loading=\"lazy\" decoding=\"async\" class=\"aligncenter size-large wp-image-18537\" src=\"http:\/\/www.zerdab.com\/wp-content\/uploads\/2015\/02\/Zerdab-rayonu-anim2-550x365.jpg\" alt=\"Zerdab rayonu-anim\" width=\"550\" height=\"365\" \/><\/a><a href=\"http:\/\/www.zerdab.com\/wp-content\/uploads\/2015\/02\/Zerdab-rayonu-anim.jpg\"><img loading=\"lazy\" decoding=\"async\" class=\"aligncenter size-large wp-image-18535\" src=\"http:\/\/www.zerdab.com\/wp-content\/uploads\/2015\/02\/Zerdab-rayonu-anim-550x365.jpg\" alt=\"Zerdab rayonu-anim\" width=\"550\" height=\"365\" \/><\/a><\/strong><\/p>\n","protected":false},"excerpt":{"rendered":"<p>Xocal\u0131 soyq\u0131r\u0131m\u0131n\u0131n 23-c\u00fc ild\u00f6n\u00fcm\u00fc il\u0259 \u0259laq\u0259dar Z\u0259rdab Rayon \u0130cra Hakimiyy\u0259tind\u0259 t\u0259sdiq olunmu\u015f t\u0259dbirl\u0259r plan\u0131na uy\u011fun olaraq rayonda silsil\u0259 t\u0259dbirl\u0259r davam etdirilir. 26 fevral 2015-ci il tarixd\u0259 rayonun \u0259m\u0259k kollektivl\u0259rinin n\u00fcmay\u0259nd\u0259l\u0259rinin, rayon f\u0259allar\u0131n\u0131n, veteranlar\u0131n, a\u011fsaqqal v\u0259 ziyal\u0131lar\u0131n, yuxar\u0131 sinif \u015fagirdl\u0259rinin v\u0259 ictimaiyy\u0259tin n\u00fcmay\u0259nd\u0259l\u0259rinin i\u015ftirak\u0131 il\u0259 \u00fcmumrayon t\u0259dbiri ke\u00e7irilmi\u015fdir. \u0130\u015ftirak\u00e7\u0131lar \u0259vv\u0259lc\u0259 Heyd\u0259r \u018fliyev \u00a0M\u0259rk\u0259zind\u0259 Xocal\u0131 soyq\u0131r\u0131m\u0131ndan b\u0259hs [&hellip;]<\/p>\n","protected":false},"author":1,"featured_media":0,"comment_status":"open","ping_status":"open","sticky":false,"template":"","format":"standard","meta":{"footnotes":""},"categories":[5],"tags":[],"class_list":{"0":"post-18544","1":"post","2":"type-post","3":"status-publish","4":"format-standard","6":"category-knd"},"yoast_head":"<!-- This site is optimized with the Yoast SEO plugin v27.0 - https:\/\/yoast.com\/product\/yoast-seo-wordpress\/ -->\n<title>Z\u0259rdabda Xocal\u0131 soyq\u0131r\u0131m\u0131 il\u0259 ba\u011fl\u0131 \u00fcmumrayon an\u0131m t\u0259dbiri ke\u00e7irildi - Z\u0259rdab.com<\/title>\n<meta name=\"robots\" content=\"index, follow, max-snippet:-1, max-image-preview:large, max-video-preview:-1\" \/>\n<link rel=\"canonical\" href=\"https:\/\/www.zerdab.com\/?p=18544\" \/>\n<meta property=\"og:locale\" content=\"az_AZ\" \/>\n<meta property=\"og:type\" content=\"article\" \/>\n<meta property=\"og:title\" content=\"Z\u0259rdabda Xocal\u0131 soyq\u0131r\u0131m\u0131 il\u0259 ba\u011fl\u0131 \u00fcmumrayon an\u0131m t\u0259dbiri ke\u00e7irildi - Z\u0259rdab.com\" \/>\n<meta property=\"og:description\" content=\"Xocal\u0131 soyq\u0131r\u0131m\u0131n\u0131n 23-c\u00fc ild\u00f6n\u00fcm\u00fc il\u0259 \u0259laq\u0259dar Z\u0259rdab Rayon \u0130cra Hakimiyy\u0259tind\u0259 t\u0259sdiq olunmu\u015f t\u0259dbirl\u0259r plan\u0131na uy\u011fun olaraq rayonda silsil\u0259 t\u0259dbirl\u0259r davam etdirilir. 26 fevral 2015-ci il tarixd\u0259 rayonun \u0259m\u0259k kollektivl\u0259rinin n\u00fcmay\u0259nd\u0259l\u0259rinin, rayon f\u0259allar\u0131n\u0131n, veteranlar\u0131n, a\u011fsaqqal v\u0259 ziyal\u0131lar\u0131n, yuxar\u0131 sinif \u015fagirdl\u0259rinin v\u0259 ictimaiyy\u0259tin n\u00fcmay\u0259nd\u0259l\u0259rinin i\u015ftirak\u0131 il\u0259 \u00fcmumrayon t\u0259dbiri ke\u00e7irilmi\u015fdir. \u0130\u015ftirak\u00e7\u0131lar \u0259vv\u0259lc\u0259 Heyd\u0259r \u018fliyev \u00a0M\u0259rk\u0259zind\u0259 Xocal\u0131 soyq\u0131r\u0131m\u0131ndan b\u0259hs [&hellip;]\" \/>\n<meta property=\"og:url\" content=\"https:\/\/www.zerdab.com\/?p=18544\" \/>\n<meta property=\"og:site_name\" content=\"Z\u0259rdab.com\" \/>\n<meta property=\"article:published_time\" content=\"2015-02-26T09:10:37+00:00\" \/>\n<meta property=\"og:image\" content=\"http:\/\/www.zerdab.com\/wp-content\/uploads\/2015\/02\/Zerdab-rayonu-anim3-1-550x365.jpg\" \/>\n<meta name=\"author\" content=\"admin\" \/>\n<meta name=\"twitter:card\" content=\"summary_large_image\" \/>\n<meta name=\"twitter:label1\" content=\"Written by\" \/>\n\t<meta name=\"twitter:data1\" content=\"admin\" \/>\n\t<meta name=\"twitter:label2\" content=\"Est. reading time\" \/>\n\t<meta name=\"twitter:data2\" content=\"5 minutes\" \/>\n<script type=\"application\/ld+json\" class=\"yoast-schema-graph\">{\"@context\":\"https:\/\/schema.org\",\"@graph\":[{\"@type\":\"Article\",\"@id\":\"https:\/\/www.zerdab.com\/?p=18544#article\",\"isPartOf\":{\"@id\":\"https:\/\/www.zerdab.com\/?p=18544\"},\"author\":{\"name\":\"admin\",\"@id\":\"https:\/\/www.zerdab.com\/#\/schema\/person\/97079b7570c1e89ec0d9e138c3672136\"},\"headline\":\"Z\u0259rdabda Xocal\u0131 soyq\u0131r\u0131m\u0131 il\u0259 ba\u011fl\u0131 \u00fcmumrayon an\u0131m t\u0259dbiri ke\u00e7irildi\",\"datePublished\":\"2015-02-26T09:10:37+00:00\",\"mainEntityOfPage\":{\"@id\":\"https:\/\/www.zerdab.com\/?p=18544\"},\"wordCount\":959,\"commentCount\":0,\"image\":{\"@id\":\"https:\/\/www.zerdab.com\/?p=18544#primaryimage\"},\"thumbnailUrl\":\"http:\/\/www.zerdab.com\/wp-content\/uploads\/2015\/02\/Zerdab-rayonu-anim3-1-550x365.jpg\",\"articleSection\":[\"X\u018fB\u018fRL\u018fR\"],\"inLanguage\":\"az\",\"potentialAction\":[{\"@type\":\"CommentAction\",\"name\":\"Comment\",\"target\":[\"https:\/\/www.zerdab.com\/?p=18544#respond\"]}]},{\"@type\":\"WebPage\",\"@id\":\"https:\/\/www.zerdab.com\/?p=18544\",\"url\":\"https:\/\/www.zerdab.com\/?p=18544\",\"name\":\"Z\u0259rdabda Xocal\u0131 soyq\u0131r\u0131m\u0131 il\u0259 ba\u011fl\u0131 \u00fcmumrayon an\u0131m t\u0259dbiri ke\u00e7irildi - Z\u0259rdab.com\",\"isPartOf\":{\"@id\":\"https:\/\/www.zerdab.com\/#website\"},\"primaryImageOfPage\":{\"@id\":\"https:\/\/www.zerdab.com\/?p=18544#primaryimage\"},\"image\":{\"@id\":\"https:\/\/www.zerdab.com\/?p=18544#primaryimage\"},\"thumbnailUrl\":\"http:\/\/www.zerdab.com\/wp-content\/uploads\/2015\/02\/Zerdab-rayonu-anim3-1-550x365.jpg\",\"datePublished\":\"2015-02-26T09:10:37+00:00\",\"author\":{\"@id\":\"https:\/\/www.zerdab.com\/#\/schema\/person\/97079b7570c1e89ec0d9e138c3672136\"},\"breadcrumb\":{\"@id\":\"https:\/\/www.zerdab.com\/?p=18544#breadcrumb\"},\"inLanguage\":\"az\",\"potentialAction\":[{\"@type\":\"ReadAction\",\"target\":[\"https:\/\/www.zerdab.com\/?p=18544\"]}]},{\"@type\":\"ImageObject\",\"inLanguage\":\"az\",\"@id\":\"https:\/\/www.zerdab.com\/?p=18544#primaryimage\",\"url\":\"\",\"contentUrl\":\"\"},{\"@type\":\"BreadcrumbList\",\"@id\":\"https:\/\/www.zerdab.com\/?p=18544#breadcrumb\",\"itemListElement\":[{\"@type\":\"ListItem\",\"position\":1,\"name\":\"Home\",\"item\":\"https:\/\/www.zerdab.com\/\"},{\"@type\":\"ListItem\",\"position\":2,\"name\":\"Z\u0259rdabda Xocal\u0131 soyq\u0131r\u0131m\u0131 il\u0259 ba\u011fl\u0131 \u00fcmumrayon an\u0131m t\u0259dbiri ke\u00e7irildi\"}]},{\"@type\":\"WebSite\",\"@id\":\"https:\/\/www.zerdab.com\/#website\",\"url\":\"https:\/\/www.zerdab.com\/\",\"name\":\"Z\u0259rdab.com\",\"description\":\"\",\"potentialAction\":[{\"@type\":\"SearchAction\",\"target\":{\"@type\":\"EntryPoint\",\"urlTemplate\":\"https:\/\/www.zerdab.com\/?s={search_term_string}\"},\"query-input\":{\"@type\":\"PropertyValueSpecification\",\"valueRequired\":true,\"valueName\":\"search_term_string\"}}],\"inLanguage\":\"az\"},{\"@type\":\"Person\",\"@id\":\"https:\/\/www.zerdab.com\/#\/schema\/person\/97079b7570c1e89ec0d9e138c3672136\",\"name\":\"admin\",\"image\":{\"@type\":\"ImageObject\",\"inLanguage\":\"az\",\"@id\":\"https:\/\/www.zerdab.com\/#\/schema\/person\/image\/\",\"url\":\"https:\/\/secure.gravatar.com\/avatar\/d9c52a9a27c32119cb6679a077fa3e2779e5f822c451cbf01098004361d466ec?s=96&d=mm&r=g\",\"contentUrl\":\"https:\/\/secure.gravatar.com\/avatar\/d9c52a9a27c32119cb6679a077fa3e2779e5f822c451cbf01098004361d466ec?s=96&d=mm&r=g\",\"caption\":\"admin\"},\"url\":\"https:\/\/www.zerdab.com\/?author=1\"}]}<\/script>\n<!-- \/ Yoast SEO plugin. -->","yoast_head_json":{"title":"Z\u0259rdabda Xocal\u0131 soyq\u0131r\u0131m\u0131 il\u0259 ba\u011fl\u0131 \u00fcmumrayon an\u0131m t\u0259dbiri ke\u00e7irildi - Z\u0259rdab.com","robots":{"index":"index","follow":"follow","max-snippet":"max-snippet:-1","max-image-preview":"max-image-preview:large","max-video-preview":"max-video-preview:-1"},"canonical":"https:\/\/www.zerdab.com\/?p=18544","og_locale":"az_AZ","og_type":"article","og_title":"Z\u0259rdabda Xocal\u0131 soyq\u0131r\u0131m\u0131 il\u0259 ba\u011fl\u0131 \u00fcmumrayon an\u0131m t\u0259dbiri ke\u00e7irildi - Z\u0259rdab.com","og_description":"Xocal\u0131 soyq\u0131r\u0131m\u0131n\u0131n 23-c\u00fc ild\u00f6n\u00fcm\u00fc il\u0259 \u0259laq\u0259dar Z\u0259rdab Rayon \u0130cra Hakimiyy\u0259tind\u0259 t\u0259sdiq olunmu\u015f t\u0259dbirl\u0259r plan\u0131na uy\u011fun olaraq rayonda silsil\u0259 t\u0259dbirl\u0259r davam etdirilir. 26 fevral 2015-ci il tarixd\u0259 rayonun \u0259m\u0259k kollektivl\u0259rinin n\u00fcmay\u0259nd\u0259l\u0259rinin, rayon f\u0259allar\u0131n\u0131n, veteranlar\u0131n, a\u011fsaqqal v\u0259 ziyal\u0131lar\u0131n, yuxar\u0131 sinif \u015fagirdl\u0259rinin v\u0259 ictimaiyy\u0259tin n\u00fcmay\u0259nd\u0259l\u0259rinin i\u015ftirak\u0131 il\u0259 \u00fcmumrayon t\u0259dbiri ke\u00e7irilmi\u015fdir. \u0130\u015ftirak\u00e7\u0131lar \u0259vv\u0259lc\u0259 Heyd\u0259r \u018fliyev \u00a0M\u0259rk\u0259zind\u0259 Xocal\u0131 soyq\u0131r\u0131m\u0131ndan b\u0259hs [&hellip;]","og_url":"https:\/\/www.zerdab.com\/?p=18544","og_site_name":"Z\u0259rdab.com","article_published_time":"2015-02-26T09:10:37+00:00","og_image":[{"url":"http:\/\/www.zerdab.com\/wp-content\/uploads\/2015\/02\/Zerdab-rayonu-anim3-1-550x365.jpg","type":"","width":"","height":""}],"author":"admin","twitter_card":"summary_large_image","twitter_misc":{"Written by":"admin","Est. reading time":"5 minutes"},"schema":{"@context":"https:\/\/schema.org","@graph":[{"@type":"Article","@id":"https:\/\/www.zerdab.com\/?p=18544#article","isPartOf":{"@id":"https:\/\/www.zerdab.com\/?p=18544"},"author":{"name":"admin","@id":"https:\/\/www.zerdab.com\/#\/schema\/person\/97079b7570c1e89ec0d9e138c3672136"},"headline":"Z\u0259rdabda Xocal\u0131 soyq\u0131r\u0131m\u0131 il\u0259 ba\u011fl\u0131 \u00fcmumrayon an\u0131m t\u0259dbiri ke\u00e7irildi","datePublished":"2015-02-26T09:10:37+00:00","mainEntityOfPage":{"@id":"https:\/\/www.zerdab.com\/?p=18544"},"wordCount":959,"commentCount":0,"image":{"@id":"https:\/\/www.zerdab.com\/?p=18544#primaryimage"},"thumbnailUrl":"http:\/\/www.zerdab.com\/wp-content\/uploads\/2015\/02\/Zerdab-rayonu-anim3-1-550x365.jpg","articleSection":["X\u018fB\u018fRL\u018fR"],"inLanguage":"az","potentialAction":[{"@type":"CommentAction","name":"Comment","target":["https:\/\/www.zerdab.com\/?p=18544#respond"]}]},{"@type":"WebPage","@id":"https:\/\/www.zerdab.com\/?p=18544","url":"https:\/\/www.zerdab.com\/?p=18544","name":"Z\u0259rdabda Xocal\u0131 soyq\u0131r\u0131m\u0131 il\u0259 ba\u011fl\u0131 \u00fcmumrayon an\u0131m t\u0259dbiri ke\u00e7irildi - Z\u0259rdab.com","isPartOf":{"@id":"https:\/\/www.zerdab.com\/#website"},"primaryImageOfPage":{"@id":"https:\/\/www.zerdab.com\/?p=18544#primaryimage"},"image":{"@id":"https:\/\/www.zerdab.com\/?p=18544#primaryimage"},"thumbnailUrl":"http:\/\/www.zerdab.com\/wp-content\/uploads\/2015\/02\/Zerdab-rayonu-anim3-1-550x365.jpg","datePublished":"2015-02-26T09:10:37+00:00","author":{"@id":"https:\/\/www.zerdab.com\/#\/schema\/person\/97079b7570c1e89ec0d9e138c3672136"},"breadcrumb":{"@id":"https:\/\/www.zerdab.com\/?p=18544#breadcrumb"},"inLanguage":"az","potentialAction":[{"@type":"ReadAction","target":["https:\/\/www.zerdab.com\/?p=18544"]}]},{"@type":"ImageObject","inLanguage":"az","@id":"https:\/\/www.zerdab.com\/?p=18544#primaryimage","url":"","contentUrl":""},{"@type":"BreadcrumbList","@id":"https:\/\/www.zerdab.com\/?p=18544#breadcrumb","itemListElement":[{"@type":"ListItem","position":1,"name":"Home","item":"https:\/\/www.zerdab.com\/"},{"@type":"ListItem","position":2,"name":"Z\u0259rdabda Xocal\u0131 soyq\u0131r\u0131m\u0131 il\u0259 ba\u011fl\u0131 \u00fcmumrayon an\u0131m t\u0259dbiri ke\u00e7irildi"}]},{"@type":"WebSite","@id":"https:\/\/www.zerdab.com\/#website","url":"https:\/\/www.zerdab.com\/","name":"Z\u0259rdab.com","description":"","potentialAction":[{"@type":"SearchAction","target":{"@type":"EntryPoint","urlTemplate":"https:\/\/www.zerdab.com\/?s={search_term_string}"},"query-input":{"@type":"PropertyValueSpecification","valueRequired":true,"valueName":"search_term_string"}}],"inLanguage":"az"},{"@type":"Person","@id":"https:\/\/www.zerdab.com\/#\/schema\/person\/97079b7570c1e89ec0d9e138c3672136","name":"admin","image":{"@type":"ImageObject","inLanguage":"az","@id":"https:\/\/www.zerdab.com\/#\/schema\/person\/image\/","url":"https:\/\/secure.gravatar.com\/avatar\/d9c52a9a27c32119cb6679a077fa3e2779e5f822c451cbf01098004361d466ec?s=96&d=mm&r=g","contentUrl":"https:\/\/secure.gravatar.com\/avatar\/d9c52a9a27c32119cb6679a077fa3e2779e5f822c451cbf01098004361d466ec?s=96&d=mm&r=g","caption":"admin"},"url":"https:\/\/www.zerdab.com\/?author=1"}]}},"_links":{"self":[{"href":"https:\/\/www.zerdab.com\/index.php?rest_route=\/wp\/v2\/posts\/18544","targetHints":{"allow":["GET"]}}],"collection":[{"href":"https:\/\/www.zerdab.com\/index.php?rest_route=\/wp\/v2\/posts"}],"about":[{"href":"https:\/\/www.zerdab.com\/index.php?rest_route=\/wp\/v2\/types\/post"}],"author":[{"embeddable":true,"href":"https:\/\/www.zerdab.com\/index.php?rest_route=\/wp\/v2\/users\/1"}],"replies":[{"embeddable":true,"href":"https:\/\/www.zerdab.com\/index.php?rest_route=%2Fwp%2Fv2%2Fcomments&post=18544"}],"version-history":[{"count":1,"href":"https:\/\/www.zerdab.com\/index.php?rest_route=\/wp\/v2\/posts\/18544\/revisions"}],"predecessor-version":[{"id":18545,"href":"https:\/\/www.zerdab.com\/index.php?rest_route=\/wp\/v2\/posts\/18544\/revisions\/18545"}],"wp:attachment":[{"href":"https:\/\/www.zerdab.com\/index.php?rest_route=%2Fwp%2Fv2%2Fmedia&parent=18544"}],"wp:term":[{"taxonomy":"category","embeddable":true,"href":"https:\/\/www.zerdab.com\/index.php?rest_route=%2Fwp%2Fv2%2Fcategories&post=18544"},{"taxonomy":"post_tag","embeddable":true,"href":"https:\/\/www.zerdab.com\/index.php?rest_route=%2Fwp%2Fv2%2Ftags&post=18544"}],"curies":[{"name":"wp","href":"https:\/\/api.w.org\/{rel}","templated":true}]}}