{"id":18604,"date":"2015-03-06T12:41:19","date_gmt":"2015-03-06T08:41:19","guid":{"rendered":"http:\/\/www.zerdab.com\/?p=18604"},"modified":"2015-03-06T12:41:19","modified_gmt":"2015-03-06T08:41:19","slug":"z%c9%99rdabda-qadinlar-bayrami-qeyd-edildi-fotolar","status":"publish","type":"post","link":"https:\/\/www.zerdab.com\/?p=18604","title":{"rendered":"Z\u0259rdabda qad\u0131nlar bayram\u0131 qeyd edildi &#8211; FOTOLAR"},"content":{"rendered":"<p><a href=\"http:\/\/www.zerdab.com\/wp-content\/uploads\/2015\/03\/8-mart-1.jpg\"><img loading=\"lazy\" decoding=\"async\" class=\"aligncenter size-large wp-image-18609\" src=\"http:\/\/www.zerdab.com\/wp-content\/uploads\/2015\/03\/8-mart-1-550x365.jpg\" alt=\"Z\u0259rdab rayonu\" width=\"550\" height=\"365\" \/><\/a>Z\u0259rdab rayonunda Heyd\u0259r \u018fliyev M\u0259rk\u0259zind\u0259 Rayon \u0130cra Hakimiyy\u0259tinin v\u0259 YAP rayon t\u0259\u015fkilat\u0131n\u0131n birg\u0259 t\u0259\u015fkilat\u00e7\u0131l\u0131\u011f\u0131 il\u0259 8 Mart Beyn\u0259lxalq Qad\u0131nlar G\u00fcn\u00fc m\u00fcnasib\u0259til\u0259 t\u0259nt\u0259n\u0259li y\u0131\u011f\u0131ncaq ke\u00e7irilmi\u015fdir. Y\u0131\u011f\u0131ncaqda rayonun qad\u0131n ictimaiyy\u0259tinin 200 n\u0259f\u0259r\u0259 q\u0259d\u0259r n\u00fcmay\u0259nd\u0259si i\u015ftirak etmi\u015fdir. Qad\u0131n ictimaiyy\u0259tinin n\u00fcmay\u0259nd\u0259l\u0259ri Ulu \u00d6nd\u0259rin abid\u0259si \u00f6n\u00fcn\u0259 g\u00fcl d\u0259st\u0259l\u0259ri d\u00fczm\u00fc\u015fl\u0259r.<\/p>\n<p>Toplant\u0131da \u00e7\u0131x\u0131\u015f ed\u0259n Rayon \u0130cra hakimiyy\u0259tinin ba\u015f\u00e7\u0131s\u0131 c\u0259nab L\u00fctv\u0259li Babayev 8 mart qad\u0131nlar bayram\u0131 m\u00fcnasib\u0259til\u0259 i\u015ftirak\u00e7\u0131lar\u0131 v\u0259 onlar\u0131n \u015f\u0259xsind\u0259 rayonun b\u00fct\u00fcn qad\u0131nlar\u0131n\u0131 t\u0259brik etmi\u015fdir. Natiq son ill\u0259r \u00f6lk\u0259mizd\u0259 v\u0259 rayonumuzda qad\u0131nlara g\u00f6st\u0259ril\u0259n y\u00fcks\u0259k diqq\u0259t v\u0259 qay\u011f\u0131dan dan\u0131\u015fm\u0131\u015f, onlar\u0131n ictimai-siyasi f\u0259all\u0131\u011f\u0131n\u0131, rayonun sosial-iqtisadi v\u0259 m\u0259d\u0259ni h\u0259yat\u0131nda rolunu y\u00fcks\u0259k d\u0259y\u0259rl\u0259ndirmi\u015fdir.<\/p>\n<p>Bildirmi\u015fdir ki, Az\u0259rbaycan qad\u0131nlar\u0131 il\u0259 bir s\u0131rada inamla add\u0131mlayan z\u0259rdabl\u0131 qad\u0131nlar da bu g\u00fcn iqtisadiyyat\u0131m\u0131z\u0131n g\u00fccl\u0259ndirilm\u0259sind\u0259, t\u0259hsil, s\u0259hiyy\u0259, m\u0259d\u0259niyy\u0259t sahibkarl\u0131q, aqrar v\u0259 dig\u0259r sah\u0259l\u0259rd\u0259 \u0259zml\u0259 \u00e7al\u0131\u015f\u0131rlar. Son ill\u0259r idar\u0259 v\u0259 m\u00fc\u0259ssis\u0259l\u0259rd\u0259, fermer t\u0259s\u0259rr\u00fcfatlar\u0131nda, sahibkarl\u0131q sah\u0259sind\u0259 \u00e7al\u0131\u015fan qad\u0131nlar\u0131m\u0131z\u0131n say\u0131 artmaqda davam edir. Sevindirici hald\u0131r ki, \u201c\u018fm\u0259kdar m\u00fc\u0259llim\u201d ad\u0131na layiq g\u00f6r\u00fcl\u0259n, \u201cT\u0259r\u0259qqi medal\u0131\u201d, \u201c\u0130lin \u0259n yax\u015f\u0131 m\u00fc\u0259llimi\u201d, \u201cT\u0259hsil \u0259la\u00e7\u0131s\u0131\u201d d\u00f6\u015f ni\u015fan\u0131 il\u0259 t\u0259ltif olunan, idman v\u0259 inc\u0259s\u0259n\u0259t sah\u0259sind\u0259 f\u0259rql\u0259n\u0259n qad\u0131nlar\u0131m\u0131z\u0131n s\u0131ras\u0131 ilb\u0259il geni\u015fl\u0259nir.<\/p>\n<p>Rayon r\u0259hb\u0259ri qeyd edib ki, bir g\u00fcn \u0259vv\u0259l \u00f6lk\u0259mizd\u0259 5 mart B\u0259d\u0259n t\u0259rbiy\u0259si v\u0259 idman g\u00fcn\u00fc kimi qeyd olunub. Bu m\u00fch\u00fcm g\u00fcn Z\u0259rdabda x\u00fcsusil\u0259 \u0259lam\u0259tdard\u0131r. Ona g\u00f6r\u0259 ki, idman\u0131n m\u00fcxt\u0259lif n\u00f6vl\u0259ri il\u0259 m\u0259\u015f\u011ful olan v\u0259 beyn\u0259lxalq yar\u0131\u015flarda f\u0259xri yerl\u0259r tutan, Az\u0259rbaycan v\u0259 D\u00fcnya \u00e7empionu olan g\u0259nc q\u0131zlar\u0131n say\u0131 ild\u0259n-il\u0259 art\u0131r.<\/p>\n<p>Mart ay\u0131n\u0131n 10-da Q\u0131z\u0131l Aypara C\u0259miyy\u0259tinin yaranmas\u0131n\u0131n 95-ci ild\u00f6n\u00fcm\u00fcn\u00fcn qeyd olunaca\u011f\u0131n\u0131 xat\u0131rlayan icra ba\u015f\u00e7\u0131s\u0131 bu c\u0259miyy\u0259tin rayon t\u0259\u015fkilat\u0131n\u0131n v\u0259 onun \u201cT\u0259r\u0259qqi\u201d medall\u0131 s\u0259dri F\u00fcruz\u0259 Qocayevan\u0131n \u0259m\u0259yini x\u00fcsusi qeyd edib. Bildirib ki, onlar imkans\u0131z v\u0259 azt\u0259minatl\u0131 ail\u0259l\u0259r\u0259 daima d\u0259st\u0259k olurlar.<\/p>\n<p>\u0130cra ba\u015f\u00e7\u0131s\u0131 \u00e7\u0131x\u0131\u015f\u0131n\u0131n sonunda t\u0259dbir i\u015ftirak\u00e7\u0131lar\u0131n\u0131 qar\u015f\u0131dan g\u0259l\u0259n Novruz bayram\u0131 m\u00fcnasib\u0259til\u0259 d\u0259 t\u0259brik etdi.<\/p>\n<p>Bayram toplant\u0131s\u0131nda qad\u0131nlar\u0131n n\u00fcmay\u0259nd\u0259l\u0259ri \u00e7\u0131x\u0131\u015f ed\u0259r\u0259k onlara g\u00f6st\u0259ril\u0259n diqq\u0259t v\u0259 qay\u011f\u0131dan minn\u0259tdarl\u0131qla s\u00f6z a\u00e7\u0131blar. Heyd\u0259r \u018fliyev Fondunun prezidenti, UNESKO v\u0259 \u0130SESKO-nun xo\u015fm\u0259raml\u0131 s\u0259firi, mill\u0259t v\u0259kili Mehriban xan\u0131m \u018fliyevan\u0131n \u00e7ox\u015fax\u0259li z\u0259ngin f\u0259aliyy\u0259tind\u0259n, xalq\u0131m\u0131z\u0131 d\u00fcnyada l\u0259yaq\u0259tl\u0259 t\u0259msil etm\u0259sind\u0259n dan\u0131\u015f\u0131blar.<\/p>\n<p>Sonda bir qrup f\u0259al qad\u0131na Rayon \u0130cra Hakimiyy\u0259tinin xatir\u0259 h\u0259diyy\u0259l\u0259ri t\u0259qdim olunub. Bir qrup g\u0259nc q\u0131za Yeni Az\u0259rbaycan Partiyas\u0131n\u0131n \u00fczvl\u00fck v\u0259siq\u0259l\u0259ri verilib.<\/p>\n<p><strong>Z\u0259rdab\u00a0Rayon \u0130cra Hakimiyy\u0259ti<\/strong><\/p>\n<p><a href=\"http:\/\/www.zerdab.com\/wp-content\/uploads\/2015\/03\/Z\u0259rdab-rayonu-8-mart-2015.jpg\"><img loading=\"lazy\" decoding=\"async\" class=\"aligncenter size-large wp-image-18605\" src=\"http:\/\/www.zerdab.com\/wp-content\/uploads\/2015\/03\/Z\u0259rdab-rayonu-8-mart-2015-550x365.jpg\" alt=\"Z\u0259rdab rayonu\" width=\"550\" height=\"365\" \/><\/a><a href=\"http:\/\/www.zerdab.com\/wp-content\/uploads\/2015\/03\/8-mart-.jpg\"><img loading=\"lazy\" decoding=\"async\" class=\"aligncenter size-large wp-image-18608\" src=\"http:\/\/www.zerdab.com\/wp-content\/uploads\/2015\/03\/8-mart--550x365.jpg\" alt=\"Z\u0259rdab rayonu\" width=\"550\" height=\"365\" \/><\/a><a href=\"http:\/\/www.zerdab.com\/wp-content\/uploads\/2015\/03\/8-mart1.jpg\"><img loading=\"lazy\" decoding=\"async\" class=\"aligncenter size-large wp-image-18610\" src=\"http:\/\/www.zerdab.com\/wp-content\/uploads\/2015\/03\/8-mart1-550x365.jpg\" alt=\"Z\u0259rdab rayonu\" width=\"550\" height=\"365\" \/><\/a><a href=\"http:\/\/www.zerdab.com\/wp-content\/uploads\/2015\/03\/8-mart2.jpg\"><img loading=\"lazy\" decoding=\"async\" class=\"aligncenter size-large wp-image-18611\" src=\"http:\/\/www.zerdab.com\/wp-content\/uploads\/2015\/03\/8-mart2-365x550.jpg\" alt=\"Z\u0259rdab rayonu\" width=\"365\" height=\"550\" \/><\/a><a href=\"http:\/\/www.zerdab.com\/wp-content\/uploads\/2015\/03\/8-mart3.jpg\"><img loading=\"lazy\" decoding=\"async\" class=\"aligncenter size-large wp-image-18612\" src=\"http:\/\/www.zerdab.com\/wp-content\/uploads\/2015\/03\/8-mart3-550x365.jpg\" alt=\"Z\u0259rdab rayonu\" width=\"550\" height=\"365\" \/><\/a><a href=\"http:\/\/www.zerdab.com\/wp-content\/uploads\/2015\/03\/8-mart.jpg\"><img loading=\"lazy\" decoding=\"async\" class=\"aligncenter size-large wp-image-18607\" src=\"http:\/\/www.zerdab.com\/wp-content\/uploads\/2015\/03\/8-mart-365x550.jpg\" alt=\"Z\u0259rdab rayonu\" width=\"365\" height=\"550\" \/><\/a><a href=\"http:\/\/www.zerdab.com\/wp-content\/uploads\/2015\/03\/Z\u0259rdab-rayonu-8-mart-2015-.jpg\"><img loading=\"lazy\" decoding=\"async\" class=\"aligncenter size-large wp-image-18606\" src=\"http:\/\/www.zerdab.com\/wp-content\/uploads\/2015\/03\/Z\u0259rdab-rayonu-8-mart-2015--550x365.jpg\" alt=\"Z\u0259rdab rayonu\" width=\"550\" height=\"365\" \/><\/a><\/p>\n","protected":false},"excerpt":{"rendered":"<p>Z\u0259rdab rayonunda Heyd\u0259r \u018fliyev M\u0259rk\u0259zind\u0259 Rayon \u0130cra Hakimiyy\u0259tinin v\u0259 YAP rayon t\u0259\u015fkilat\u0131n\u0131n birg\u0259 t\u0259\u015fkilat\u00e7\u0131l\u0131\u011f\u0131 il\u0259 8 Mart Beyn\u0259lxalq Qad\u0131nlar G\u00fcn\u00fc m\u00fcnasib\u0259til\u0259 t\u0259nt\u0259n\u0259li y\u0131\u011f\u0131ncaq ke\u00e7irilmi\u015fdir. Y\u0131\u011f\u0131ncaqda rayonun qad\u0131n ictimaiyy\u0259tinin 200 n\u0259f\u0259r\u0259 q\u0259d\u0259r n\u00fcmay\u0259nd\u0259si i\u015ftirak etmi\u015fdir. Qad\u0131n ictimaiyy\u0259tinin n\u00fcmay\u0259nd\u0259l\u0259ri Ulu \u00d6nd\u0259rin abid\u0259si \u00f6n\u00fcn\u0259 g\u00fcl d\u0259st\u0259l\u0259ri d\u00fczm\u00fc\u015fl\u0259r. Toplant\u0131da \u00e7\u0131x\u0131\u015f ed\u0259n Rayon \u0130cra hakimiyy\u0259tinin ba\u015f\u00e7\u0131s\u0131 c\u0259nab L\u00fctv\u0259li Babayev 8 [&hellip;]<\/p>\n","protected":false},"author":1,"featured_media":0,"comment_status":"open","ping_status":"open","sticky":false,"template":"","format":"standard","meta":{"footnotes":""},"categories":[5],"tags":[],"class_list":{"0":"post-18604","1":"post","2":"type-post","3":"status-publish","4":"format-standard","6":"category-knd"},"yoast_head":"<!-- This site is optimized with the Yoast SEO plugin v27.0 - https:\/\/yoast.com\/product\/yoast-seo-wordpress\/ -->\n<title>Z\u0259rdabda qad\u0131nlar bayram\u0131 qeyd edildi - FOTOLAR - Z\u0259rdab.com<\/title>\n<meta name=\"robots\" content=\"index, follow, max-snippet:-1, max-image-preview:large, max-video-preview:-1\" \/>\n<link rel=\"canonical\" href=\"https:\/\/www.zerdab.com\/?p=18604\" \/>\n<meta property=\"og:locale\" content=\"az_AZ\" \/>\n<meta property=\"og:type\" content=\"article\" \/>\n<meta property=\"og:title\" content=\"Z\u0259rdabda qad\u0131nlar bayram\u0131 qeyd edildi - FOTOLAR - Z\u0259rdab.com\" \/>\n<meta property=\"og:description\" content=\"Z\u0259rdab rayonunda Heyd\u0259r \u018fliyev M\u0259rk\u0259zind\u0259 Rayon \u0130cra Hakimiyy\u0259tinin v\u0259 YAP rayon t\u0259\u015fkilat\u0131n\u0131n birg\u0259 t\u0259\u015fkilat\u00e7\u0131l\u0131\u011f\u0131 il\u0259 8 Mart Beyn\u0259lxalq Qad\u0131nlar G\u00fcn\u00fc m\u00fcnasib\u0259til\u0259 t\u0259nt\u0259n\u0259li y\u0131\u011f\u0131ncaq ke\u00e7irilmi\u015fdir. Y\u0131\u011f\u0131ncaqda rayonun qad\u0131n ictimaiyy\u0259tinin 200 n\u0259f\u0259r\u0259 q\u0259d\u0259r n\u00fcmay\u0259nd\u0259si i\u015ftirak etmi\u015fdir. Qad\u0131n ictimaiyy\u0259tinin n\u00fcmay\u0259nd\u0259l\u0259ri Ulu \u00d6nd\u0259rin abid\u0259si \u00f6n\u00fcn\u0259 g\u00fcl d\u0259st\u0259l\u0259ri d\u00fczm\u00fc\u015fl\u0259r. Toplant\u0131da \u00e7\u0131x\u0131\u015f ed\u0259n Rayon \u0130cra hakimiyy\u0259tinin ba\u015f\u00e7\u0131s\u0131 c\u0259nab L\u00fctv\u0259li Babayev 8 [&hellip;]\" \/>\n<meta property=\"og:url\" content=\"https:\/\/www.zerdab.com\/?p=18604\" \/>\n<meta property=\"og:site_name\" content=\"Z\u0259rdab.com\" \/>\n<meta property=\"article:published_time\" content=\"2015-03-06T08:41:19+00:00\" \/>\n<meta property=\"og:image\" content=\"http:\/\/www.zerdab.com\/wp-content\/uploads\/2015\/03\/8-mart-1-550x365.jpg\" \/>\n<meta name=\"author\" content=\"admin\" \/>\n<meta name=\"twitter:card\" content=\"summary_large_image\" \/>\n<meta name=\"twitter:label1\" content=\"Written by\" \/>\n\t<meta name=\"twitter:data1\" content=\"admin\" \/>\n\t<meta name=\"twitter:label2\" content=\"Est. reading time\" \/>\n\t<meta name=\"twitter:data2\" content=\"3 minutes\" \/>\n<script type=\"application\/ld+json\" class=\"yoast-schema-graph\">{\"@context\":\"https:\/\/schema.org\",\"@graph\":[{\"@type\":\"Article\",\"@id\":\"https:\/\/www.zerdab.com\/?p=18604#article\",\"isPartOf\":{\"@id\":\"https:\/\/www.zerdab.com\/?p=18604\"},\"author\":{\"name\":\"admin\",\"@id\":\"https:\/\/www.zerdab.com\/#\/schema\/person\/97079b7570c1e89ec0d9e138c3672136\"},\"headline\":\"Z\u0259rdabda qad\u0131nlar bayram\u0131 qeyd edildi &#8211; FOTOLAR\",\"datePublished\":\"2015-03-06T08:41:19+00:00\",\"mainEntityOfPage\":{\"@id\":\"https:\/\/www.zerdab.com\/?p=18604\"},\"wordCount\":635,\"commentCount\":1,\"image\":{\"@id\":\"https:\/\/www.zerdab.com\/?p=18604#primaryimage\"},\"thumbnailUrl\":\"http:\/\/www.zerdab.com\/wp-content\/uploads\/2015\/03\/8-mart-1-550x365.jpg\",\"articleSection\":[\"X\u018fB\u018fRL\u018fR\"],\"inLanguage\":\"az\",\"potentialAction\":[{\"@type\":\"CommentAction\",\"name\":\"Comment\",\"target\":[\"https:\/\/www.zerdab.com\/?p=18604#respond\"]}]},{\"@type\":\"WebPage\",\"@id\":\"https:\/\/www.zerdab.com\/?p=18604\",\"url\":\"https:\/\/www.zerdab.com\/?p=18604\",\"name\":\"Z\u0259rdabda qad\u0131nlar bayram\u0131 qeyd edildi - FOTOLAR - Z\u0259rdab.com\",\"isPartOf\":{\"@id\":\"https:\/\/www.zerdab.com\/#website\"},\"primaryImageOfPage\":{\"@id\":\"https:\/\/www.zerdab.com\/?p=18604#primaryimage\"},\"image\":{\"@id\":\"https:\/\/www.zerdab.com\/?p=18604#primaryimage\"},\"thumbnailUrl\":\"http:\/\/www.zerdab.com\/wp-content\/uploads\/2015\/03\/8-mart-1-550x365.jpg\",\"datePublished\":\"2015-03-06T08:41:19+00:00\",\"author\":{\"@id\":\"https:\/\/www.zerdab.com\/#\/schema\/person\/97079b7570c1e89ec0d9e138c3672136\"},\"breadcrumb\":{\"@id\":\"https:\/\/www.zerdab.com\/?p=18604#breadcrumb\"},\"inLanguage\":\"az\",\"potentialAction\":[{\"@type\":\"ReadAction\",\"target\":[\"https:\/\/www.zerdab.com\/?p=18604\"]}]},{\"@type\":\"ImageObject\",\"inLanguage\":\"az\",\"@id\":\"https:\/\/www.zerdab.com\/?p=18604#primaryimage\",\"url\":\"\",\"contentUrl\":\"\"},{\"@type\":\"BreadcrumbList\",\"@id\":\"https:\/\/www.zerdab.com\/?p=18604#breadcrumb\",\"itemListElement\":[{\"@type\":\"ListItem\",\"position\":1,\"name\":\"Home\",\"item\":\"https:\/\/www.zerdab.com\/\"},{\"@type\":\"ListItem\",\"position\":2,\"name\":\"Z\u0259rdabda qad\u0131nlar bayram\u0131 qeyd edildi &#8211; FOTOLAR\"}]},{\"@type\":\"WebSite\",\"@id\":\"https:\/\/www.zerdab.com\/#website\",\"url\":\"https:\/\/www.zerdab.com\/\",\"name\":\"Z\u0259rdab.com\",\"description\":\"\",\"potentialAction\":[{\"@type\":\"SearchAction\",\"target\":{\"@type\":\"EntryPoint\",\"urlTemplate\":\"https:\/\/www.zerdab.com\/?s={search_term_string}\"},\"query-input\":{\"@type\":\"PropertyValueSpecification\",\"valueRequired\":true,\"valueName\":\"search_term_string\"}}],\"inLanguage\":\"az\"},{\"@type\":\"Person\",\"@id\":\"https:\/\/www.zerdab.com\/#\/schema\/person\/97079b7570c1e89ec0d9e138c3672136\",\"name\":\"admin\",\"image\":{\"@type\":\"ImageObject\",\"inLanguage\":\"az\",\"@id\":\"https:\/\/www.zerdab.com\/#\/schema\/person\/image\/\",\"url\":\"https:\/\/secure.gravatar.com\/avatar\/d9c52a9a27c32119cb6679a077fa3e2779e5f822c451cbf01098004361d466ec?s=96&d=mm&r=g\",\"contentUrl\":\"https:\/\/secure.gravatar.com\/avatar\/d9c52a9a27c32119cb6679a077fa3e2779e5f822c451cbf01098004361d466ec?s=96&d=mm&r=g\",\"caption\":\"admin\"},\"url\":\"https:\/\/www.zerdab.com\/?author=1\"}]}<\/script>\n<!-- \/ Yoast SEO plugin. -->","yoast_head_json":{"title":"Z\u0259rdabda qad\u0131nlar bayram\u0131 qeyd edildi - FOTOLAR - Z\u0259rdab.com","robots":{"index":"index","follow":"follow","max-snippet":"max-snippet:-1","max-image-preview":"max-image-preview:large","max-video-preview":"max-video-preview:-1"},"canonical":"https:\/\/www.zerdab.com\/?p=18604","og_locale":"az_AZ","og_type":"article","og_title":"Z\u0259rdabda qad\u0131nlar bayram\u0131 qeyd edildi - FOTOLAR - Z\u0259rdab.com","og_description":"Z\u0259rdab rayonunda Heyd\u0259r \u018fliyev M\u0259rk\u0259zind\u0259 Rayon \u0130cra Hakimiyy\u0259tinin v\u0259 YAP rayon t\u0259\u015fkilat\u0131n\u0131n birg\u0259 t\u0259\u015fkilat\u00e7\u0131l\u0131\u011f\u0131 il\u0259 8 Mart Beyn\u0259lxalq Qad\u0131nlar G\u00fcn\u00fc m\u00fcnasib\u0259til\u0259 t\u0259nt\u0259n\u0259li y\u0131\u011f\u0131ncaq ke\u00e7irilmi\u015fdir. Y\u0131\u011f\u0131ncaqda rayonun qad\u0131n ictimaiyy\u0259tinin 200 n\u0259f\u0259r\u0259 q\u0259d\u0259r n\u00fcmay\u0259nd\u0259si i\u015ftirak etmi\u015fdir. Qad\u0131n ictimaiyy\u0259tinin n\u00fcmay\u0259nd\u0259l\u0259ri Ulu \u00d6nd\u0259rin abid\u0259si \u00f6n\u00fcn\u0259 g\u00fcl d\u0259st\u0259l\u0259ri d\u00fczm\u00fc\u015fl\u0259r. Toplant\u0131da \u00e7\u0131x\u0131\u015f ed\u0259n Rayon \u0130cra hakimiyy\u0259tinin ba\u015f\u00e7\u0131s\u0131 c\u0259nab L\u00fctv\u0259li Babayev 8 [&hellip;]","og_url":"https:\/\/www.zerdab.com\/?p=18604","og_site_name":"Z\u0259rdab.com","article_published_time":"2015-03-06T08:41:19+00:00","og_image":[{"url":"http:\/\/www.zerdab.com\/wp-content\/uploads\/2015\/03\/8-mart-1-550x365.jpg","type":"","width":"","height":""}],"author":"admin","twitter_card":"summary_large_image","twitter_misc":{"Written by":"admin","Est. reading time":"3 minutes"},"schema":{"@context":"https:\/\/schema.org","@graph":[{"@type":"Article","@id":"https:\/\/www.zerdab.com\/?p=18604#article","isPartOf":{"@id":"https:\/\/www.zerdab.com\/?p=18604"},"author":{"name":"admin","@id":"https:\/\/www.zerdab.com\/#\/schema\/person\/97079b7570c1e89ec0d9e138c3672136"},"headline":"Z\u0259rdabda qad\u0131nlar bayram\u0131 qeyd edildi &#8211; FOTOLAR","datePublished":"2015-03-06T08:41:19+00:00","mainEntityOfPage":{"@id":"https:\/\/www.zerdab.com\/?p=18604"},"wordCount":635,"commentCount":1,"image":{"@id":"https:\/\/www.zerdab.com\/?p=18604#primaryimage"},"thumbnailUrl":"http:\/\/www.zerdab.com\/wp-content\/uploads\/2015\/03\/8-mart-1-550x365.jpg","articleSection":["X\u018fB\u018fRL\u018fR"],"inLanguage":"az","potentialAction":[{"@type":"CommentAction","name":"Comment","target":["https:\/\/www.zerdab.com\/?p=18604#respond"]}]},{"@type":"WebPage","@id":"https:\/\/www.zerdab.com\/?p=18604","url":"https:\/\/www.zerdab.com\/?p=18604","name":"Z\u0259rdabda qad\u0131nlar bayram\u0131 qeyd edildi - FOTOLAR - Z\u0259rdab.com","isPartOf":{"@id":"https:\/\/www.zerdab.com\/#website"},"primaryImageOfPage":{"@id":"https:\/\/www.zerdab.com\/?p=18604#primaryimage"},"image":{"@id":"https:\/\/www.zerdab.com\/?p=18604#primaryimage"},"thumbnailUrl":"http:\/\/www.zerdab.com\/wp-content\/uploads\/2015\/03\/8-mart-1-550x365.jpg","datePublished":"2015-03-06T08:41:19+00:00","author":{"@id":"https:\/\/www.zerdab.com\/#\/schema\/person\/97079b7570c1e89ec0d9e138c3672136"},"breadcrumb":{"@id":"https:\/\/www.zerdab.com\/?p=18604#breadcrumb"},"inLanguage":"az","potentialAction":[{"@type":"ReadAction","target":["https:\/\/www.zerdab.com\/?p=18604"]}]},{"@type":"ImageObject","inLanguage":"az","@id":"https:\/\/www.zerdab.com\/?p=18604#primaryimage","url":"","contentUrl":""},{"@type":"BreadcrumbList","@id":"https:\/\/www.zerdab.com\/?p=18604#breadcrumb","itemListElement":[{"@type":"ListItem","position":1,"name":"Home","item":"https:\/\/www.zerdab.com\/"},{"@type":"ListItem","position":2,"name":"Z\u0259rdabda qad\u0131nlar bayram\u0131 qeyd edildi &#8211; FOTOLAR"}]},{"@type":"WebSite","@id":"https:\/\/www.zerdab.com\/#website","url":"https:\/\/www.zerdab.com\/","name":"Z\u0259rdab.com","description":"","potentialAction":[{"@type":"SearchAction","target":{"@type":"EntryPoint","urlTemplate":"https:\/\/www.zerdab.com\/?s={search_term_string}"},"query-input":{"@type":"PropertyValueSpecification","valueRequired":true,"valueName":"search_term_string"}}],"inLanguage":"az"},{"@type":"Person","@id":"https:\/\/www.zerdab.com\/#\/schema\/person\/97079b7570c1e89ec0d9e138c3672136","name":"admin","image":{"@type":"ImageObject","inLanguage":"az","@id":"https:\/\/www.zerdab.com\/#\/schema\/person\/image\/","url":"https:\/\/secure.gravatar.com\/avatar\/d9c52a9a27c32119cb6679a077fa3e2779e5f822c451cbf01098004361d466ec?s=96&d=mm&r=g","contentUrl":"https:\/\/secure.gravatar.com\/avatar\/d9c52a9a27c32119cb6679a077fa3e2779e5f822c451cbf01098004361d466ec?s=96&d=mm&r=g","caption":"admin"},"url":"https:\/\/www.zerdab.com\/?author=1"}]}},"_links":{"self":[{"href":"https:\/\/www.zerdab.com\/index.php?rest_route=\/wp\/v2\/posts\/18604","targetHints":{"allow":["GET"]}}],"collection":[{"href":"https:\/\/www.zerdab.com\/index.php?rest_route=\/wp\/v2\/posts"}],"about":[{"href":"https:\/\/www.zerdab.com\/index.php?rest_route=\/wp\/v2\/types\/post"}],"author":[{"embeddable":true,"href":"https:\/\/www.zerdab.com\/index.php?rest_route=\/wp\/v2\/users\/1"}],"replies":[{"embeddable":true,"href":"https:\/\/www.zerdab.com\/index.php?rest_route=%2Fwp%2Fv2%2Fcomments&post=18604"}],"version-history":[{"count":1,"href":"https:\/\/www.zerdab.com\/index.php?rest_route=\/wp\/v2\/posts\/18604\/revisions"}],"predecessor-version":[{"id":18613,"href":"https:\/\/www.zerdab.com\/index.php?rest_route=\/wp\/v2\/posts\/18604\/revisions\/18613"}],"wp:attachment":[{"href":"https:\/\/www.zerdab.com\/index.php?rest_route=%2Fwp%2Fv2%2Fmedia&parent=18604"}],"wp:term":[{"taxonomy":"category","embeddable":true,"href":"https:\/\/www.zerdab.com\/index.php?rest_route=%2Fwp%2Fv2%2Fcategories&post=18604"},{"taxonomy":"post_tag","embeddable":true,"href":"https:\/\/www.zerdab.com\/index.php?rest_route=%2Fwp%2Fv2%2Ftags&post=18604"}],"curies":[{"name":"wp","href":"https:\/\/api.w.org\/{rel}","templated":true}]}}