{"id":18614,"date":"2015-03-06T13:02:15","date_gmt":"2015-03-06T09:02:15","guid":{"rendered":"http:\/\/www.zerdab.com\/?p=18614"},"modified":"2015-03-06T13:02:15","modified_gmt":"2015-03-06T09:02:15","slug":"z%c9%99rdab-sakinini-bakida-vurdular","status":"publish","type":"post","link":"https:\/\/www.zerdab.com\/?p=18614","title":{"rendered":"Z\u0259rdab sakinini Bak\u0131da vurdular"},"content":{"rendered":"<p><a href=\"http:\/\/www.zerdab.com\/wp-content\/uploads\/2014\/05\/tecili-yardim.jpg\"><img loading=\"lazy\" decoding=\"async\" class=\"aligncenter size-full wp-image-15965\" src=\"http:\/\/www.zerdab.com\/wp-content\/uploads\/2014\/05\/tecili-yardim.jpg\" alt=\"tecili yardim\" width=\"440\" height=\"330\" \/><\/a>Ab\u015feronda avtomobil yolu ke\u00e7\u0259n iki piyadan\u0131 vurub. Zerdab.com-un Daxili \u0130\u015fl\u0259r Nazirliyin\u0259 istinad\u0259n verdiyi m\u0259lumata g\u00f6r\u0259, mart\u0131n 5-d\u0259 saat 20:00 rad\u0259l\u0259rind\u0259 Ab\u015feron rayonu \u0259razisind\u0259 m\u00fc\u0259yy\u0259n edilm\u0259mi\u015f avtomobill\u0259 yolu ke\u00e7\u0259n Yard\u0131ml\u0131 rayon sakini Maqsud \u015e\u0259biyev v\u0259\u00a0Z\u0259rdab\u00a0rayon sakini N\u0259simi \u018fl\u00f6vs\u0259tli vurulublar. M. \u015e\u0259biyev hadis\u0259 yerind\u0259 \u00f6l\u00fcb, N.\u018fl\u00f6vs\u0259tli is\u0259 x\u0259st\u0259xanaya yerl\u0259\u015fdirilib. Faktla ba\u011fl\u0131\u00a0<span style=\"font-style: inherit; font-weight: inherit;\">Ba\u015f D\u00f6vl\u0259t Yol Polisi \u0130dar\u0259si \u00a0t\u0259r\u0259find\u0259n \u0259m\u0259liyyat-axtar\u0131\u015f t\u0259dbirl\u0259ri apar\u0131l\u0131r.<\/span><\/p>\n<p>Zerdab.com<\/p>\n","protected":false},"excerpt":{"rendered":"<p>Ab\u015feronda avtomobil yolu ke\u00e7\u0259n iki piyadan\u0131 vurub. Zerdab.com-un Daxili \u0130\u015fl\u0259r Nazirliyin\u0259 istinad\u0259n verdiyi m\u0259lumata g\u00f6r\u0259, mart\u0131n 5-d\u0259 saat 20:00 rad\u0259l\u0259rind\u0259 Ab\u015feron rayonu \u0259razisind\u0259 m\u00fc\u0259yy\u0259n edilm\u0259mi\u015f avtomobill\u0259 yolu ke\u00e7\u0259n Yard\u0131ml\u0131 rayon sakini Maqsud \u015e\u0259biyev v\u0259\u00a0Z\u0259rdab\u00a0rayon sakini N\u0259simi \u018fl\u00f6vs\u0259tli vurulublar. M. \u015e\u0259biyev hadis\u0259 yerind\u0259 \u00f6l\u00fcb, N.\u018fl\u00f6vs\u0259tli is\u0259 x\u0259st\u0259xanaya yerl\u0259\u015fdirilib. Faktla ba\u011fl\u0131\u00a0Ba\u015f D\u00f6vl\u0259t Yol Polisi \u0130dar\u0259si \u00a0t\u0259r\u0259find\u0259n \u0259m\u0259liyyat-axtar\u0131\u015f [&hellip;]<\/p>\n","protected":false},"author":1,"featured_media":0,"comment_status":"open","ping_status":"open","sticky":false,"template":"","format":"standard","meta":{"footnotes":""},"categories":[46],"tags":[],"class_list":{"0":"post-18614","1":"post","2":"type-post","3":"status-publish","4":"format-standard","6":"category-hadis"},"yoast_head":"<!-- This site is optimized with the Yoast SEO plugin v27.0 - https:\/\/yoast.com\/product\/yoast-seo-wordpress\/ -->\n<title>Z\u0259rdab sakinini Bak\u0131da vurdular - Z\u0259rdab.com<\/title>\n<meta name=\"robots\" content=\"index, follow, max-snippet:-1, max-image-preview:large, max-video-preview:-1\" \/>\n<link rel=\"canonical\" href=\"https:\/\/www.zerdab.com\/?p=18614\" \/>\n<meta property=\"og:locale\" content=\"az_AZ\" \/>\n<meta property=\"og:type\" content=\"article\" \/>\n<meta property=\"og:title\" content=\"Z\u0259rdab sakinini Bak\u0131da vurdular - Z\u0259rdab.com\" \/>\n<meta property=\"og:description\" content=\"Ab\u015feronda avtomobil yolu ke\u00e7\u0259n iki piyadan\u0131 vurub. Zerdab.com-un Daxili \u0130\u015fl\u0259r Nazirliyin\u0259 istinad\u0259n verdiyi m\u0259lumata g\u00f6r\u0259, mart\u0131n 5-d\u0259 saat 20:00 rad\u0259l\u0259rind\u0259 Ab\u015feron rayonu \u0259razisind\u0259 m\u00fc\u0259yy\u0259n edilm\u0259mi\u015f avtomobill\u0259 yolu ke\u00e7\u0259n Yard\u0131ml\u0131 rayon sakini Maqsud \u015e\u0259biyev v\u0259\u00a0Z\u0259rdab\u00a0rayon sakini N\u0259simi \u018fl\u00f6vs\u0259tli vurulublar. M. \u015e\u0259biyev hadis\u0259 yerind\u0259 \u00f6l\u00fcb, N.\u018fl\u00f6vs\u0259tli is\u0259 x\u0259st\u0259xanaya yerl\u0259\u015fdirilib. Faktla ba\u011fl\u0131\u00a0Ba\u015f D\u00f6vl\u0259t Yol Polisi \u0130dar\u0259si \u00a0t\u0259r\u0259find\u0259n \u0259m\u0259liyyat-axtar\u0131\u015f [&hellip;]\" \/>\n<meta property=\"og:url\" content=\"https:\/\/www.zerdab.com\/?p=18614\" \/>\n<meta property=\"og:site_name\" content=\"Z\u0259rdab.com\" \/>\n<meta property=\"article:published_time\" content=\"2015-03-06T09:02:15+00:00\" \/>\n<meta property=\"og:image\" content=\"http:\/\/www.zerdab.com\/wp-content\/uploads\/2014\/05\/tecili-yardim.jpg\" \/>\n<meta name=\"author\" content=\"admin\" \/>\n<meta name=\"twitter:card\" content=\"summary_large_image\" \/>\n<meta name=\"twitter:label1\" content=\"Written by\" \/>\n\t<meta name=\"twitter:data1\" content=\"admin\" \/>\n\t<meta name=\"twitter:label2\" content=\"Est. reading time\" \/>\n\t<meta name=\"twitter:data2\" content=\"1 minute\" \/>\n<script type=\"application\/ld+json\" class=\"yoast-schema-graph\">{\"@context\":\"https:\/\/schema.org\",\"@graph\":[{\"@type\":\"Article\",\"@id\":\"https:\/\/www.zerdab.com\/?p=18614#article\",\"isPartOf\":{\"@id\":\"https:\/\/www.zerdab.com\/?p=18614\"},\"author\":{\"name\":\"admin\",\"@id\":\"https:\/\/www.zerdab.com\/#\/schema\/person\/97079b7570c1e89ec0d9e138c3672136\"},\"headline\":\"Z\u0259rdab sakinini Bak\u0131da vurdular\",\"datePublished\":\"2015-03-06T09:02:15+00:00\",\"mainEntityOfPage\":{\"@id\":\"https:\/\/www.zerdab.com\/?p=18614\"},\"wordCount\":106,\"commentCount\":0,\"image\":{\"@id\":\"https:\/\/www.zerdab.com\/?p=18614#primaryimage\"},\"thumbnailUrl\":\"http:\/\/www.zerdab.com\/wp-content\/uploads\/2014\/05\/tecili-yardim.jpg\",\"articleSection\":[\"HAD\u0130S\u018f\"],\"inLanguage\":\"az\",\"potentialAction\":[{\"@type\":\"CommentAction\",\"name\":\"Comment\",\"target\":[\"https:\/\/www.zerdab.com\/?p=18614#respond\"]}]},{\"@type\":\"WebPage\",\"@id\":\"https:\/\/www.zerdab.com\/?p=18614\",\"url\":\"https:\/\/www.zerdab.com\/?p=18614\",\"name\":\"Z\u0259rdab sakinini Bak\u0131da vurdular - Z\u0259rdab.com\",\"isPartOf\":{\"@id\":\"https:\/\/www.zerdab.com\/#website\"},\"primaryImageOfPage\":{\"@id\":\"https:\/\/www.zerdab.com\/?p=18614#primaryimage\"},\"image\":{\"@id\":\"https:\/\/www.zerdab.com\/?p=18614#primaryimage\"},\"thumbnailUrl\":\"http:\/\/www.zerdab.com\/wp-content\/uploads\/2014\/05\/tecili-yardim.jpg\",\"datePublished\":\"2015-03-06T09:02:15+00:00\",\"author\":{\"@id\":\"https:\/\/www.zerdab.com\/#\/schema\/person\/97079b7570c1e89ec0d9e138c3672136\"},\"breadcrumb\":{\"@id\":\"https:\/\/www.zerdab.com\/?p=18614#breadcrumb\"},\"inLanguage\":\"az\",\"potentialAction\":[{\"@type\":\"ReadAction\",\"target\":[\"https:\/\/www.zerdab.com\/?p=18614\"]}]},{\"@type\":\"ImageObject\",\"inLanguage\":\"az\",\"@id\":\"https:\/\/www.zerdab.com\/?p=18614#primaryimage\",\"url\":\"http:\/\/www.zerdab.com\/wp-content\/uploads\/2014\/05\/tecili-yardim.jpg\",\"contentUrl\":\"http:\/\/www.zerdab.com\/wp-content\/uploads\/2014\/05\/tecili-yardim.jpg\"},{\"@type\":\"BreadcrumbList\",\"@id\":\"https:\/\/www.zerdab.com\/?p=18614#breadcrumb\",\"itemListElement\":[{\"@type\":\"ListItem\",\"position\":1,\"name\":\"Home\",\"item\":\"https:\/\/www.zerdab.com\/\"},{\"@type\":\"ListItem\",\"position\":2,\"name\":\"Z\u0259rdab sakinini Bak\u0131da vurdular\"}]},{\"@type\":\"WebSite\",\"@id\":\"https:\/\/www.zerdab.com\/#website\",\"url\":\"https:\/\/www.zerdab.com\/\",\"name\":\"Z\u0259rdab.com\",\"description\":\"\",\"potentialAction\":[{\"@type\":\"SearchAction\",\"target\":{\"@type\":\"EntryPoint\",\"urlTemplate\":\"https:\/\/www.zerdab.com\/?s={search_term_string}\"},\"query-input\":{\"@type\":\"PropertyValueSpecification\",\"valueRequired\":true,\"valueName\":\"search_term_string\"}}],\"inLanguage\":\"az\"},{\"@type\":\"Person\",\"@id\":\"https:\/\/www.zerdab.com\/#\/schema\/person\/97079b7570c1e89ec0d9e138c3672136\",\"name\":\"admin\",\"image\":{\"@type\":\"ImageObject\",\"inLanguage\":\"az\",\"@id\":\"https:\/\/www.zerdab.com\/#\/schema\/person\/image\/\",\"url\":\"https:\/\/secure.gravatar.com\/avatar\/d9c52a9a27c32119cb6679a077fa3e2779e5f822c451cbf01098004361d466ec?s=96&d=mm&r=g\",\"contentUrl\":\"https:\/\/secure.gravatar.com\/avatar\/d9c52a9a27c32119cb6679a077fa3e2779e5f822c451cbf01098004361d466ec?s=96&d=mm&r=g\",\"caption\":\"admin\"},\"url\":\"https:\/\/www.zerdab.com\/?author=1\"}]}<\/script>\n<!-- \/ Yoast SEO plugin. -->","yoast_head_json":{"title":"Z\u0259rdab sakinini Bak\u0131da vurdular - Z\u0259rdab.com","robots":{"index":"index","follow":"follow","max-snippet":"max-snippet:-1","max-image-preview":"max-image-preview:large","max-video-preview":"max-video-preview:-1"},"canonical":"https:\/\/www.zerdab.com\/?p=18614","og_locale":"az_AZ","og_type":"article","og_title":"Z\u0259rdab sakinini Bak\u0131da vurdular - Z\u0259rdab.com","og_description":"Ab\u015feronda avtomobil yolu ke\u00e7\u0259n iki piyadan\u0131 vurub. Zerdab.com-un Daxili \u0130\u015fl\u0259r Nazirliyin\u0259 istinad\u0259n verdiyi m\u0259lumata g\u00f6r\u0259, mart\u0131n 5-d\u0259 saat 20:00 rad\u0259l\u0259rind\u0259 Ab\u015feron rayonu \u0259razisind\u0259 m\u00fc\u0259yy\u0259n edilm\u0259mi\u015f avtomobill\u0259 yolu ke\u00e7\u0259n Yard\u0131ml\u0131 rayon sakini Maqsud \u015e\u0259biyev v\u0259\u00a0Z\u0259rdab\u00a0rayon sakini N\u0259simi \u018fl\u00f6vs\u0259tli vurulublar. M. \u015e\u0259biyev hadis\u0259 yerind\u0259 \u00f6l\u00fcb, N.\u018fl\u00f6vs\u0259tli is\u0259 x\u0259st\u0259xanaya yerl\u0259\u015fdirilib. Faktla ba\u011fl\u0131\u00a0Ba\u015f D\u00f6vl\u0259t Yol Polisi \u0130dar\u0259si \u00a0t\u0259r\u0259find\u0259n \u0259m\u0259liyyat-axtar\u0131\u015f [&hellip;]","og_url":"https:\/\/www.zerdab.com\/?p=18614","og_site_name":"Z\u0259rdab.com","article_published_time":"2015-03-06T09:02:15+00:00","og_image":[{"url":"http:\/\/www.zerdab.com\/wp-content\/uploads\/2014\/05\/tecili-yardim.jpg","type":"","width":"","height":""}],"author":"admin","twitter_card":"summary_large_image","twitter_misc":{"Written by":"admin","Est. reading time":"1 minute"},"schema":{"@context":"https:\/\/schema.org","@graph":[{"@type":"Article","@id":"https:\/\/www.zerdab.com\/?p=18614#article","isPartOf":{"@id":"https:\/\/www.zerdab.com\/?p=18614"},"author":{"name":"admin","@id":"https:\/\/www.zerdab.com\/#\/schema\/person\/97079b7570c1e89ec0d9e138c3672136"},"headline":"Z\u0259rdab sakinini Bak\u0131da vurdular","datePublished":"2015-03-06T09:02:15+00:00","mainEntityOfPage":{"@id":"https:\/\/www.zerdab.com\/?p=18614"},"wordCount":106,"commentCount":0,"image":{"@id":"https:\/\/www.zerdab.com\/?p=18614#primaryimage"},"thumbnailUrl":"http:\/\/www.zerdab.com\/wp-content\/uploads\/2014\/05\/tecili-yardim.jpg","articleSection":["HAD\u0130S\u018f"],"inLanguage":"az","potentialAction":[{"@type":"CommentAction","name":"Comment","target":["https:\/\/www.zerdab.com\/?p=18614#respond"]}]},{"@type":"WebPage","@id":"https:\/\/www.zerdab.com\/?p=18614","url":"https:\/\/www.zerdab.com\/?p=18614","name":"Z\u0259rdab sakinini Bak\u0131da vurdular - Z\u0259rdab.com","isPartOf":{"@id":"https:\/\/www.zerdab.com\/#website"},"primaryImageOfPage":{"@id":"https:\/\/www.zerdab.com\/?p=18614#primaryimage"},"image":{"@id":"https:\/\/www.zerdab.com\/?p=18614#primaryimage"},"thumbnailUrl":"http:\/\/www.zerdab.com\/wp-content\/uploads\/2014\/05\/tecili-yardim.jpg","datePublished":"2015-03-06T09:02:15+00:00","author":{"@id":"https:\/\/www.zerdab.com\/#\/schema\/person\/97079b7570c1e89ec0d9e138c3672136"},"breadcrumb":{"@id":"https:\/\/www.zerdab.com\/?p=18614#breadcrumb"},"inLanguage":"az","potentialAction":[{"@type":"ReadAction","target":["https:\/\/www.zerdab.com\/?p=18614"]}]},{"@type":"ImageObject","inLanguage":"az","@id":"https:\/\/www.zerdab.com\/?p=18614#primaryimage","url":"http:\/\/www.zerdab.com\/wp-content\/uploads\/2014\/05\/tecili-yardim.jpg","contentUrl":"http:\/\/www.zerdab.com\/wp-content\/uploads\/2014\/05\/tecili-yardim.jpg"},{"@type":"BreadcrumbList","@id":"https:\/\/www.zerdab.com\/?p=18614#breadcrumb","itemListElement":[{"@type":"ListItem","position":1,"name":"Home","item":"https:\/\/www.zerdab.com\/"},{"@type":"ListItem","position":2,"name":"Z\u0259rdab sakinini Bak\u0131da vurdular"}]},{"@type":"WebSite","@id":"https:\/\/www.zerdab.com\/#website","url":"https:\/\/www.zerdab.com\/","name":"Z\u0259rdab.com","description":"","potentialAction":[{"@type":"SearchAction","target":{"@type":"EntryPoint","urlTemplate":"https:\/\/www.zerdab.com\/?s={search_term_string}"},"query-input":{"@type":"PropertyValueSpecification","valueRequired":true,"valueName":"search_term_string"}}],"inLanguage":"az"},{"@type":"Person","@id":"https:\/\/www.zerdab.com\/#\/schema\/person\/97079b7570c1e89ec0d9e138c3672136","name":"admin","image":{"@type":"ImageObject","inLanguage":"az","@id":"https:\/\/www.zerdab.com\/#\/schema\/person\/image\/","url":"https:\/\/secure.gravatar.com\/avatar\/d9c52a9a27c32119cb6679a077fa3e2779e5f822c451cbf01098004361d466ec?s=96&d=mm&r=g","contentUrl":"https:\/\/secure.gravatar.com\/avatar\/d9c52a9a27c32119cb6679a077fa3e2779e5f822c451cbf01098004361d466ec?s=96&d=mm&r=g","caption":"admin"},"url":"https:\/\/www.zerdab.com\/?author=1"}]}},"_links":{"self":[{"href":"https:\/\/www.zerdab.com\/index.php?rest_route=\/wp\/v2\/posts\/18614","targetHints":{"allow":["GET"]}}],"collection":[{"href":"https:\/\/www.zerdab.com\/index.php?rest_route=\/wp\/v2\/posts"}],"about":[{"href":"https:\/\/www.zerdab.com\/index.php?rest_route=\/wp\/v2\/types\/post"}],"author":[{"embeddable":true,"href":"https:\/\/www.zerdab.com\/index.php?rest_route=\/wp\/v2\/users\/1"}],"replies":[{"embeddable":true,"href":"https:\/\/www.zerdab.com\/index.php?rest_route=%2Fwp%2Fv2%2Fcomments&post=18614"}],"version-history":[{"count":1,"href":"https:\/\/www.zerdab.com\/index.php?rest_route=\/wp\/v2\/posts\/18614\/revisions"}],"predecessor-version":[{"id":18615,"href":"https:\/\/www.zerdab.com\/index.php?rest_route=\/wp\/v2\/posts\/18614\/revisions\/18615"}],"wp:attachment":[{"href":"https:\/\/www.zerdab.com\/index.php?rest_route=%2Fwp%2Fv2%2Fmedia&parent=18614"}],"wp:term":[{"taxonomy":"category","embeddable":true,"href":"https:\/\/www.zerdab.com\/index.php?rest_route=%2Fwp%2Fv2%2Fcategories&post=18614"},{"taxonomy":"post_tag","embeddable":true,"href":"https:\/\/www.zerdab.com\/index.php?rest_route=%2Fwp%2Fv2%2Ftags&post=18614"}],"curies":[{"name":"wp","href":"https:\/\/api.w.org\/{rel}","templated":true}]}}