{"id":18653,"date":"2015-03-13T16:59:06","date_gmt":"2015-03-13T12:59:06","guid":{"rendered":"http:\/\/www.zerdab.com\/?p=18653"},"modified":"2015-03-13T16:59:06","modified_gmt":"2015-03-13T12:59:06","slug":"z%c9%99rdab-rayonunda-novruz-bayramina-hazirliq-isl%c9%99ri-davam-edir","status":"publish","type":"post","link":"https:\/\/www.zerdab.com\/?p=18653","title":{"rendered":"Z\u0259rdab rayonunda Novruz bayram\u0131na haz\u0131rl\u0131q i\u015fl\u0259ri davam edir"},"content":{"rendered":"<p><a href=\"http:\/\/www.zerdab.com\/wp-content\/uploads\/2015\/03\/Zerdab-bayram3.jpg\"><img loading=\"lazy\" decoding=\"async\" class=\"aligncenter size-large wp-image-18657\" src=\"http:\/\/www.zerdab.com\/wp-content\/uploads\/2015\/03\/Zerdab-bayram3-550x413.jpg\" alt=\"Zerdab-bayram\" width=\"550\" height=\"413\" \/><\/a> <a href=\"http:\/\/www.zerdab.com\/wp-content\/uploads\/2015\/03\/Zerdab-bayram4.jpg\"><br \/>\n<\/a>Xalq\u0131m\u0131z\u0131n milli ad\u0259t v\u0259 \u0259n\u0259n\u0259l\u0259rini \u00f6z\u00fcnd\u0259 \u0259ks etdir\u0259n Novruz bayram\u0131n\u0131n g\u0259li\u015fi m\u00fcnasib\u0259til\u0259 Z\u0259rdab rayonunda \u0130cra Hakimiyy\u0259tinin r\u0259hb\u0259rliyi t\u0259r\u0259find\u0259n t\u0259sdiq olunmu\u015f x\u00fcsusi t\u0259dbirl\u0259r plan\u0131na uy\u011fun olaraq silsil\u0259 t\u0259dbirl\u0259r h\u0259yata ke\u00e7irilir. T\u0259dbirl\u0259r plan\u0131 \u00e7\u0259r\u00e7iv\u0259sind\u0259 \u015f\u0259h\u0259rin t\u0259mizliyi, s\u0259liq\u0259-sahman i\u015fl\u0259ri, a\u011fac \u0259kilm\u0259si v\u0259 dig\u0259r i\u015fl\u0259r x\u00fcsusi yer tutur.<\/p>\n<p>13 mart 2015-ci il tarixd\u0259 t\u0259dbirl\u0259r plan\u0131na uy\u011fun olaraq rayon \u0259razisind\u0259 k\u00fctl\u0259vi im\u0259cilik t\u0259\u015fkil olunmu\u015fdur. \u0130m\u0259cilikd\u0259 rayon r\u0259hb\u0259rliyi, rayonun idar\u0259, m\u00fc\u0259ssis\u0259 v\u0259 t\u0259\u015fkilatlar\u0131n\u0131n \u0259m\u0259k kollektivl\u0259ri, yerli icra v\u0259 b\u0259l\u0259diyy\u0259 orqanlar\u0131n\u0131n n\u00fcmay\u0259nd\u0259l\u0259ri \u2013 b\u00fct\u00f6vl\u00fckd\u0259 300 n\u0259f\u0259r\u0259 q\u0259d\u0259r adam i\u015ftirak etmi\u015fdir. \u00a0\u0130m\u0259cilik Heyd\u0259r \u018fliyev prospektini, Az\u0259rbaycan, Z\u0259rdabi, Ramiz K\u0259rimov k\u00fc\u00e7\u0259l\u0259rini, Heyd\u0259r \u018fliyev, Sahil v\u0259 \u015e\u0259hidl\u0259rin xatir\u0259 parklar\u0131n\u0131 \u0259hat\u0259 etmi\u015fdir. G\u00fcn \u0259rzind\u0259 \u015f\u0259h\u0259rin k\u00fc\u00e7\u0259l\u0259rind\u0259 su kanallar\u0131 t\u0259mizl\u0259nmi\u015f, su ke\u00e7idl\u0259ri a\u00e7\u0131lm\u0131\u015f, a\u011faclar budanm\u0131\u015f, a\u011faclar\u0131n v\u0259 elektrik dir\u0259kl\u0259rinin g\u00f6vd\u0259l\u0259ri r\u0259ngl\u0259nmi\u015fdir. Heyd\u0259r \u018fliyev prospektind\u0259 bard\u00fcrl\u0259rin a\u011f-sar\u0131 r\u0259ngl\u0259nm\u0259si i\u015fl\u0259rin\u0259 ba\u015flanm\u0131\u015fd\u0131r. \u015e\u0259h\u0259rin k\u00fc\u00e7\u0259 v\u0259 meydanlar\u0131 bayraq v\u0259 bayraqc\u0131qlarla, Novruza aid \u015f\u00fcar v\u0259 plakatlarla b\u0259z\u0259dilmi\u015fdir. \u0130m\u0259cilik \u00e7\u0259r\u00e7iv\u0259sind\u0259 ayr\u0131-ayr\u0131 k\u00fc\u00e7\u0259 v\u0259 parklarda 300-\u0259 q\u0259d\u0259r m\u00fcxt\u0259lif n\u00f6v a\u011faclar v\u0259 Heyd\u0259r \u018fliyev park\u0131nda 1200 \u0259d\u0259d \u00e7i\u00e7\u0259k \u0259kilmi\u015fdir.<\/p>\n<p>Rayonda Novruz bayram\u0131na haz\u0131rl\u0131q \u00e7\u0259r\u00e7iv\u0259sind\u0259 t\u0259dbirl\u0259r 18 mart 2015-ci il tarix\u0259 kimi davam etdiril\u0259c\u0259kdir.<\/p>\n<p><span style=\"color: #0000ff;\"><strong>Z\u0259rdab Rayon \u0130cra Hakimiyy\u0259ti<a href=\"http:\/\/www.zerdab.com\/wp-content\/uploads\/2015\/03\/Zerdab-bayram2.jpg\"><img loading=\"lazy\" decoding=\"async\" class=\"aligncenter size-large wp-image-18656\" src=\"http:\/\/www.zerdab.com\/wp-content\/uploads\/2015\/03\/Zerdab-bayram2-550x413.jpg\" alt=\"Zerdab-bayram\" width=\"550\" height=\"413\" \/><\/a><a href=\"http:\/\/www.zerdab.com\/wp-content\/uploads\/2015\/03\/Zerdab-bayram4.jpg\"><img loading=\"lazy\" decoding=\"async\" class=\"aligncenter size-large wp-image-18658\" src=\"http:\/\/www.zerdab.com\/wp-content\/uploads\/2015\/03\/Zerdab-bayram4-550x413.jpg\" alt=\"Zerdab-bayram\" width=\"550\" height=\"413\" \/><\/a><a href=\"http:\/\/www.zerdab.com\/wp-content\/uploads\/2015\/03\/Zerdab-bayram1.jpg\"><img loading=\"lazy\" decoding=\"async\" class=\"aligncenter size-large wp-image-18655\" src=\"http:\/\/www.zerdab.com\/wp-content\/uploads\/2015\/03\/Zerdab-bayram1-550x413.jpg\" alt=\"Zerdab-bayram\" width=\"550\" height=\"413\" \/><\/a><a href=\"http:\/\/www.zerdab.com\/wp-content\/uploads\/2015\/03\/Zerdab-bayram.jpg\"><img loading=\"lazy\" decoding=\"async\" class=\"aligncenter size-large wp-image-18654\" src=\"http:\/\/www.zerdab.com\/wp-content\/uploads\/2015\/03\/Zerdab-bayram-413x550.jpg\" alt=\"Zerdab-bayram\" width=\"413\" height=\"550\" \/><\/a><a href=\"http:\/\/www.zerdab.com\/wp-content\/uploads\/2015\/03\/Zerdab-bayram5.jpg\"><img loading=\"lazy\" decoding=\"async\" class=\"aligncenter size-large wp-image-18659\" src=\"http:\/\/www.zerdab.com\/wp-content\/uploads\/2015\/03\/Zerdab-bayram5-550x413.jpg\" alt=\"Zerdab-bayram\" width=\"550\" height=\"413\" \/><\/a><\/strong><\/span><\/p>\n","protected":false},"excerpt":{"rendered":"<p>Xalq\u0131m\u0131z\u0131n milli ad\u0259t v\u0259 \u0259n\u0259n\u0259l\u0259rini \u00f6z\u00fcnd\u0259 \u0259ks etdir\u0259n Novruz bayram\u0131n\u0131n g\u0259li\u015fi m\u00fcnasib\u0259til\u0259 Z\u0259rdab rayonunda \u0130cra Hakimiyy\u0259tinin r\u0259hb\u0259rliyi t\u0259r\u0259find\u0259n t\u0259sdiq olunmu\u015f x\u00fcsusi t\u0259dbirl\u0259r plan\u0131na uy\u011fun olaraq silsil\u0259 t\u0259dbirl\u0259r h\u0259yata ke\u00e7irilir. T\u0259dbirl\u0259r plan\u0131 \u00e7\u0259r\u00e7iv\u0259sind\u0259 \u015f\u0259h\u0259rin t\u0259mizliyi, s\u0259liq\u0259-sahman i\u015fl\u0259ri, a\u011fac \u0259kilm\u0259si v\u0259 dig\u0259r i\u015fl\u0259r x\u00fcsusi yer tutur. 13 mart 2015-ci il tarixd\u0259 t\u0259dbirl\u0259r plan\u0131na uy\u011fun olaraq rayon \u0259razisind\u0259 [&hellip;]<\/p>\n","protected":false},"author":1,"featured_media":0,"comment_status":"open","ping_status":"open","sticky":false,"template":"","format":"standard","meta":{"footnotes":""},"categories":[5],"tags":[],"class_list":{"0":"post-18653","1":"post","2":"type-post","3":"status-publish","4":"format-standard","6":"category-knd"},"yoast_head":"<!-- This site is optimized with the Yoast SEO plugin v27.0 - https:\/\/yoast.com\/product\/yoast-seo-wordpress\/ -->\n<title>Z\u0259rdab rayonunda Novruz bayram\u0131na haz\u0131rl\u0131q i\u015fl\u0259ri davam edir - Z\u0259rdab.com<\/title>\n<meta name=\"robots\" content=\"index, follow, max-snippet:-1, max-image-preview:large, max-video-preview:-1\" \/>\n<link rel=\"canonical\" href=\"https:\/\/www.zerdab.com\/?p=18653\" \/>\n<meta property=\"og:locale\" content=\"az_AZ\" \/>\n<meta property=\"og:type\" content=\"article\" \/>\n<meta property=\"og:title\" content=\"Z\u0259rdab rayonunda Novruz bayram\u0131na haz\u0131rl\u0131q i\u015fl\u0259ri davam edir - Z\u0259rdab.com\" \/>\n<meta property=\"og:description\" content=\"Xalq\u0131m\u0131z\u0131n milli ad\u0259t v\u0259 \u0259n\u0259n\u0259l\u0259rini \u00f6z\u00fcnd\u0259 \u0259ks etdir\u0259n Novruz bayram\u0131n\u0131n g\u0259li\u015fi m\u00fcnasib\u0259til\u0259 Z\u0259rdab rayonunda \u0130cra Hakimiyy\u0259tinin r\u0259hb\u0259rliyi t\u0259r\u0259find\u0259n t\u0259sdiq olunmu\u015f x\u00fcsusi t\u0259dbirl\u0259r plan\u0131na uy\u011fun olaraq silsil\u0259 t\u0259dbirl\u0259r h\u0259yata ke\u00e7irilir. T\u0259dbirl\u0259r plan\u0131 \u00e7\u0259r\u00e7iv\u0259sind\u0259 \u015f\u0259h\u0259rin t\u0259mizliyi, s\u0259liq\u0259-sahman i\u015fl\u0259ri, a\u011fac \u0259kilm\u0259si v\u0259 dig\u0259r i\u015fl\u0259r x\u00fcsusi yer tutur. 13 mart 2015-ci il tarixd\u0259 t\u0259dbirl\u0259r plan\u0131na uy\u011fun olaraq rayon \u0259razisind\u0259 [&hellip;]\" \/>\n<meta property=\"og:url\" content=\"https:\/\/www.zerdab.com\/?p=18653\" \/>\n<meta property=\"og:site_name\" content=\"Z\u0259rdab.com\" \/>\n<meta property=\"article:published_time\" content=\"2015-03-13T12:59:06+00:00\" \/>\n<meta property=\"og:image\" content=\"http:\/\/www.zerdab.com\/wp-content\/uploads\/2015\/03\/Zerdab-bayram3-550x413.jpg\" \/>\n<meta name=\"author\" content=\"admin\" \/>\n<meta name=\"twitter:card\" content=\"summary_large_image\" \/>\n<meta name=\"twitter:label1\" content=\"Written by\" \/>\n\t<meta name=\"twitter:data1\" content=\"admin\" \/>\n\t<meta name=\"twitter:label2\" content=\"Est. reading time\" \/>\n\t<meta name=\"twitter:data2\" content=\"2 minutes\" \/>\n<script type=\"application\/ld+json\" class=\"yoast-schema-graph\">{\"@context\":\"https:\/\/schema.org\",\"@graph\":[{\"@type\":\"Article\",\"@id\":\"https:\/\/www.zerdab.com\/?p=18653#article\",\"isPartOf\":{\"@id\":\"https:\/\/www.zerdab.com\/?p=18653\"},\"author\":{\"name\":\"admin\",\"@id\":\"https:\/\/www.zerdab.com\/#\/schema\/person\/97079b7570c1e89ec0d9e138c3672136\"},\"headline\":\"Z\u0259rdab rayonunda Novruz bayram\u0131na haz\u0131rl\u0131q i\u015fl\u0259ri davam edir\",\"datePublished\":\"2015-03-13T12:59:06+00:00\",\"mainEntityOfPage\":{\"@id\":\"https:\/\/www.zerdab.com\/?p=18653\"},\"wordCount\":343,\"commentCount\":0,\"image\":{\"@id\":\"https:\/\/www.zerdab.com\/?p=18653#primaryimage\"},\"thumbnailUrl\":\"http:\/\/www.zerdab.com\/wp-content\/uploads\/2015\/03\/Zerdab-bayram3-550x413.jpg\",\"articleSection\":[\"X\u018fB\u018fRL\u018fR\"],\"inLanguage\":\"az\",\"potentialAction\":[{\"@type\":\"CommentAction\",\"name\":\"Comment\",\"target\":[\"https:\/\/www.zerdab.com\/?p=18653#respond\"]}]},{\"@type\":\"WebPage\",\"@id\":\"https:\/\/www.zerdab.com\/?p=18653\",\"url\":\"https:\/\/www.zerdab.com\/?p=18653\",\"name\":\"Z\u0259rdab rayonunda Novruz bayram\u0131na haz\u0131rl\u0131q i\u015fl\u0259ri davam edir - Z\u0259rdab.com\",\"isPartOf\":{\"@id\":\"https:\/\/www.zerdab.com\/#website\"},\"primaryImageOfPage\":{\"@id\":\"https:\/\/www.zerdab.com\/?p=18653#primaryimage\"},\"image\":{\"@id\":\"https:\/\/www.zerdab.com\/?p=18653#primaryimage\"},\"thumbnailUrl\":\"http:\/\/www.zerdab.com\/wp-content\/uploads\/2015\/03\/Zerdab-bayram3-550x413.jpg\",\"datePublished\":\"2015-03-13T12:59:06+00:00\",\"author\":{\"@id\":\"https:\/\/www.zerdab.com\/#\/schema\/person\/97079b7570c1e89ec0d9e138c3672136\"},\"breadcrumb\":{\"@id\":\"https:\/\/www.zerdab.com\/?p=18653#breadcrumb\"},\"inLanguage\":\"az\",\"potentialAction\":[{\"@type\":\"ReadAction\",\"target\":[\"https:\/\/www.zerdab.com\/?p=18653\"]}]},{\"@type\":\"ImageObject\",\"inLanguage\":\"az\",\"@id\":\"https:\/\/www.zerdab.com\/?p=18653#primaryimage\",\"url\":\"\",\"contentUrl\":\"\"},{\"@type\":\"BreadcrumbList\",\"@id\":\"https:\/\/www.zerdab.com\/?p=18653#breadcrumb\",\"itemListElement\":[{\"@type\":\"ListItem\",\"position\":1,\"name\":\"Home\",\"item\":\"https:\/\/www.zerdab.com\/\"},{\"@type\":\"ListItem\",\"position\":2,\"name\":\"Z\u0259rdab rayonunda Novruz bayram\u0131na haz\u0131rl\u0131q i\u015fl\u0259ri davam edir\"}]},{\"@type\":\"WebSite\",\"@id\":\"https:\/\/www.zerdab.com\/#website\",\"url\":\"https:\/\/www.zerdab.com\/\",\"name\":\"Z\u0259rdab.com\",\"description\":\"\",\"potentialAction\":[{\"@type\":\"SearchAction\",\"target\":{\"@type\":\"EntryPoint\",\"urlTemplate\":\"https:\/\/www.zerdab.com\/?s={search_term_string}\"},\"query-input\":{\"@type\":\"PropertyValueSpecification\",\"valueRequired\":true,\"valueName\":\"search_term_string\"}}],\"inLanguage\":\"az\"},{\"@type\":\"Person\",\"@id\":\"https:\/\/www.zerdab.com\/#\/schema\/person\/97079b7570c1e89ec0d9e138c3672136\",\"name\":\"admin\",\"image\":{\"@type\":\"ImageObject\",\"inLanguage\":\"az\",\"@id\":\"https:\/\/www.zerdab.com\/#\/schema\/person\/image\/\",\"url\":\"https:\/\/secure.gravatar.com\/avatar\/d9c52a9a27c32119cb6679a077fa3e2779e5f822c451cbf01098004361d466ec?s=96&d=mm&r=g\",\"contentUrl\":\"https:\/\/secure.gravatar.com\/avatar\/d9c52a9a27c32119cb6679a077fa3e2779e5f822c451cbf01098004361d466ec?s=96&d=mm&r=g\",\"caption\":\"admin\"},\"url\":\"https:\/\/www.zerdab.com\/?author=1\"}]}<\/script>\n<!-- \/ Yoast SEO plugin. -->","yoast_head_json":{"title":"Z\u0259rdab rayonunda Novruz bayram\u0131na haz\u0131rl\u0131q i\u015fl\u0259ri davam edir - Z\u0259rdab.com","robots":{"index":"index","follow":"follow","max-snippet":"max-snippet:-1","max-image-preview":"max-image-preview:large","max-video-preview":"max-video-preview:-1"},"canonical":"https:\/\/www.zerdab.com\/?p=18653","og_locale":"az_AZ","og_type":"article","og_title":"Z\u0259rdab rayonunda Novruz bayram\u0131na haz\u0131rl\u0131q i\u015fl\u0259ri davam edir - Z\u0259rdab.com","og_description":"Xalq\u0131m\u0131z\u0131n milli ad\u0259t v\u0259 \u0259n\u0259n\u0259l\u0259rini \u00f6z\u00fcnd\u0259 \u0259ks etdir\u0259n Novruz bayram\u0131n\u0131n g\u0259li\u015fi m\u00fcnasib\u0259til\u0259 Z\u0259rdab rayonunda \u0130cra Hakimiyy\u0259tinin r\u0259hb\u0259rliyi t\u0259r\u0259find\u0259n t\u0259sdiq olunmu\u015f x\u00fcsusi t\u0259dbirl\u0259r plan\u0131na uy\u011fun olaraq silsil\u0259 t\u0259dbirl\u0259r h\u0259yata ke\u00e7irilir. T\u0259dbirl\u0259r plan\u0131 \u00e7\u0259r\u00e7iv\u0259sind\u0259 \u015f\u0259h\u0259rin t\u0259mizliyi, s\u0259liq\u0259-sahman i\u015fl\u0259ri, a\u011fac \u0259kilm\u0259si v\u0259 dig\u0259r i\u015fl\u0259r x\u00fcsusi yer tutur. 13 mart 2015-ci il tarixd\u0259 t\u0259dbirl\u0259r plan\u0131na uy\u011fun olaraq rayon \u0259razisind\u0259 [&hellip;]","og_url":"https:\/\/www.zerdab.com\/?p=18653","og_site_name":"Z\u0259rdab.com","article_published_time":"2015-03-13T12:59:06+00:00","og_image":[{"url":"http:\/\/www.zerdab.com\/wp-content\/uploads\/2015\/03\/Zerdab-bayram3-550x413.jpg","type":"","width":"","height":""}],"author":"admin","twitter_card":"summary_large_image","twitter_misc":{"Written by":"admin","Est. reading time":"2 minutes"},"schema":{"@context":"https:\/\/schema.org","@graph":[{"@type":"Article","@id":"https:\/\/www.zerdab.com\/?p=18653#article","isPartOf":{"@id":"https:\/\/www.zerdab.com\/?p=18653"},"author":{"name":"admin","@id":"https:\/\/www.zerdab.com\/#\/schema\/person\/97079b7570c1e89ec0d9e138c3672136"},"headline":"Z\u0259rdab rayonunda Novruz bayram\u0131na haz\u0131rl\u0131q i\u015fl\u0259ri davam edir","datePublished":"2015-03-13T12:59:06+00:00","mainEntityOfPage":{"@id":"https:\/\/www.zerdab.com\/?p=18653"},"wordCount":343,"commentCount":0,"image":{"@id":"https:\/\/www.zerdab.com\/?p=18653#primaryimage"},"thumbnailUrl":"http:\/\/www.zerdab.com\/wp-content\/uploads\/2015\/03\/Zerdab-bayram3-550x413.jpg","articleSection":["X\u018fB\u018fRL\u018fR"],"inLanguage":"az","potentialAction":[{"@type":"CommentAction","name":"Comment","target":["https:\/\/www.zerdab.com\/?p=18653#respond"]}]},{"@type":"WebPage","@id":"https:\/\/www.zerdab.com\/?p=18653","url":"https:\/\/www.zerdab.com\/?p=18653","name":"Z\u0259rdab rayonunda Novruz bayram\u0131na haz\u0131rl\u0131q i\u015fl\u0259ri davam edir - Z\u0259rdab.com","isPartOf":{"@id":"https:\/\/www.zerdab.com\/#website"},"primaryImageOfPage":{"@id":"https:\/\/www.zerdab.com\/?p=18653#primaryimage"},"image":{"@id":"https:\/\/www.zerdab.com\/?p=18653#primaryimage"},"thumbnailUrl":"http:\/\/www.zerdab.com\/wp-content\/uploads\/2015\/03\/Zerdab-bayram3-550x413.jpg","datePublished":"2015-03-13T12:59:06+00:00","author":{"@id":"https:\/\/www.zerdab.com\/#\/schema\/person\/97079b7570c1e89ec0d9e138c3672136"},"breadcrumb":{"@id":"https:\/\/www.zerdab.com\/?p=18653#breadcrumb"},"inLanguage":"az","potentialAction":[{"@type":"ReadAction","target":["https:\/\/www.zerdab.com\/?p=18653"]}]},{"@type":"ImageObject","inLanguage":"az","@id":"https:\/\/www.zerdab.com\/?p=18653#primaryimage","url":"","contentUrl":""},{"@type":"BreadcrumbList","@id":"https:\/\/www.zerdab.com\/?p=18653#breadcrumb","itemListElement":[{"@type":"ListItem","position":1,"name":"Home","item":"https:\/\/www.zerdab.com\/"},{"@type":"ListItem","position":2,"name":"Z\u0259rdab rayonunda Novruz bayram\u0131na haz\u0131rl\u0131q i\u015fl\u0259ri davam edir"}]},{"@type":"WebSite","@id":"https:\/\/www.zerdab.com\/#website","url":"https:\/\/www.zerdab.com\/","name":"Z\u0259rdab.com","description":"","potentialAction":[{"@type":"SearchAction","target":{"@type":"EntryPoint","urlTemplate":"https:\/\/www.zerdab.com\/?s={search_term_string}"},"query-input":{"@type":"PropertyValueSpecification","valueRequired":true,"valueName":"search_term_string"}}],"inLanguage":"az"},{"@type":"Person","@id":"https:\/\/www.zerdab.com\/#\/schema\/person\/97079b7570c1e89ec0d9e138c3672136","name":"admin","image":{"@type":"ImageObject","inLanguage":"az","@id":"https:\/\/www.zerdab.com\/#\/schema\/person\/image\/","url":"https:\/\/secure.gravatar.com\/avatar\/d9c52a9a27c32119cb6679a077fa3e2779e5f822c451cbf01098004361d466ec?s=96&d=mm&r=g","contentUrl":"https:\/\/secure.gravatar.com\/avatar\/d9c52a9a27c32119cb6679a077fa3e2779e5f822c451cbf01098004361d466ec?s=96&d=mm&r=g","caption":"admin"},"url":"https:\/\/www.zerdab.com\/?author=1"}]}},"_links":{"self":[{"href":"https:\/\/www.zerdab.com\/index.php?rest_route=\/wp\/v2\/posts\/18653","targetHints":{"allow":["GET"]}}],"collection":[{"href":"https:\/\/www.zerdab.com\/index.php?rest_route=\/wp\/v2\/posts"}],"about":[{"href":"https:\/\/www.zerdab.com\/index.php?rest_route=\/wp\/v2\/types\/post"}],"author":[{"embeddable":true,"href":"https:\/\/www.zerdab.com\/index.php?rest_route=\/wp\/v2\/users\/1"}],"replies":[{"embeddable":true,"href":"https:\/\/www.zerdab.com\/index.php?rest_route=%2Fwp%2Fv2%2Fcomments&post=18653"}],"version-history":[{"count":1,"href":"https:\/\/www.zerdab.com\/index.php?rest_route=\/wp\/v2\/posts\/18653\/revisions"}],"predecessor-version":[{"id":18660,"href":"https:\/\/www.zerdab.com\/index.php?rest_route=\/wp\/v2\/posts\/18653\/revisions\/18660"}],"wp:attachment":[{"href":"https:\/\/www.zerdab.com\/index.php?rest_route=%2Fwp%2Fv2%2Fmedia&parent=18653"}],"wp:term":[{"taxonomy":"category","embeddable":true,"href":"https:\/\/www.zerdab.com\/index.php?rest_route=%2Fwp%2Fv2%2Fcategories&post=18653"},{"taxonomy":"post_tag","embeddable":true,"href":"https:\/\/www.zerdab.com\/index.php?rest_route=%2Fwp%2Fv2%2Ftags&post=18653"}],"curies":[{"name":"wp","href":"https:\/\/api.w.org\/{rel}","templated":true}]}}