{"id":18747,"date":"2015-03-18T15:24:21","date_gmt":"2015-03-18T11:24:21","guid":{"rendered":"http:\/\/www.zerdab.com\/?p=18747"},"modified":"2015-03-18T15:24:21","modified_gmt":"2015-03-18T11:24:21","slug":"z%c9%99rdabda-novruz-s%c9%99nlikl%c9%99ri-kecirildi-fotolar","status":"publish","type":"post","link":"https:\/\/www.zerdab.com\/?p=18747","title":{"rendered":"Z\u0259rdabda Novruz \u015f\u0259nlikl\u0259ri ke\u00e7irildi &#8211; FOTOLAR"},"content":{"rendered":"<p><a href=\"http:\/\/www.zerdab.com\/wp-content\/uploads\/2015\/03\/bayram9.jpg\"><img loading=\"lazy\" decoding=\"async\" class=\"aligncenter size-large wp-image-18757\" src=\"http:\/\/www.zerdab.com\/wp-content\/uploads\/2015\/03\/bayram9-550x365.jpg\" alt=\"Z\u0259rdab rayonu\" width=\"550\" height=\"365\" \/><\/a>18 mart 2015-ci il tarixd\u0259 Z\u0259rdab rayonunda t\u0259mizlik, \u00fclvilik v\u0259 safl\u0131q r\u0259mzi olan Novruz bayram\u0131 k\u00fctl\u0259vi \u015f\u0259nlikl\u0259rl\u0259 qeyd olunub. \u00d6nc\u0259 Rayon \u0130cra Hakimiyy\u0259tind\u0259 kims\u0259siz v\u0259 valideyn himay\u0259sind\u0259n m\u0259hrum olan u\u015faqlarla, o c\u00fcml\u0259d\u0259n azt\u0259minatl\u0131 ail\u0259l\u0259rl\u0259 g\u00f6r\u00fc\u015f ke\u00e7irilib. G\u00f6r\u00fc\u015fd\u0259 sosial m\u00fcdafi\u0259y\u0259 ehtiyac\u0131 olan insanlara g\u00f6st\u0259ril\u0259n d\u00f6vl\u0259t qay\u011f\u0131s\u0131ndan s\u00f6z a\u00e7\u0131l\u0131b. 60-dan \u00e7ox ail\u0259y\u0259 bayram sovqatlar\u0131 paylan\u0131l\u0131b v\u0259 maddi yard\u0131mlar edilib.<\/p>\n<p>Daha sonra Heyd\u0259r \u018fliyev park\u0131nda \u00fcmumrayon \u015f\u0259nliyi t\u0259\u015fkil olunub. Parkda a\u00e7\u0131lan bayram s\u00fcfr\u0259l\u0259ri, yerli m\u00fc\u0259ssis\u0259l\u0259rd\u0259 istehsal olunan m\u0259hsullar\u0131n s\u0259rgisi, milli ad\u0259t-\u0259n\u0259n\u0259l\u0259rimizin q\u0259dimliyind\u0259n soraq ver\u0259n palaz, kilim, c\u0259hr\u0259, d\u00f6rdayaq, nehr\u0259 kimi \u0259\u015fyalarla tan\u0131\u015fl\u0131q \u015f\u0259nlik i\u015ftirak\u00e7\u0131lar\u0131nda xo\u015f hissl\u0259r yarad\u0131b. K\u00fcr \u00e7ay\u0131 \u00fcz\u0259rind\u0259 alovland\u0131r\u0131lan m\u0259\u015f\u0259l \u015f\u0259h\u0259r \u0259razisind\u0259n ke\u00e7\u0259r\u0259k parka g\u0259tirilmi\u015f, bayram tonqal\u0131 alovland\u0131r\u0131ld\u0131qdan sonra D\u0259d\u0259 Qorqudla Bahar q\u0131z\u0131 t\u0259dbir i\u015ftirak\u00e7\u0131lar\u0131n\u0131 t\u0259brik etmi\u015f, onlara \u0259min-amanl\u0131q, bol ruzi arzulam\u0131\u015flar.<\/p>\n<p>Z\u0259rdab rayon ictimaiyy\u0259tin\u0259 bayram t\u0259brikl\u0259rini \u00e7atd\u0131ran Rayon \u0130cra Hakimiyy\u0259tinin ba\u015f\u00e7\u0131s\u0131 L\u00fctv\u0259li Babayev Novruz ad\u0259tl\u0259rinin z\u0259nginliyind\u0259n, insanlara xo\u015f hisl\u0259r a\u015f\u0131lamas\u0131ndan s\u00f6z a\u00e7\u0131b. Bildirib ki, tarix boyu he\u00e7 bir q\u00fcvv\u0259 Novruz ad\u0259tl\u0259rini xalq\u0131m\u0131z\u0131n \u0259lind\u0259n alma\u011fa, q\u0259lbind\u0259n silm\u0259y\u0259 m\u00fcv\u0259ff\u0259q olmay\u0131b. Novruzun t\u0259nt\u0259n\u0259li milli bayram kimi qeyd edilm\u0259si Az\u0259rbaycan\u0131n D\u00f6vl\u0259t M\u00fcst\u0259qilliyinin xalq\u0131m\u0131za verdiyi b\u0259hr\u0259l\u0259rd\u0259n biridir. \u00dcmummilli liderimiz Heyd\u0259r \u018fliyevin r\u0259hb\u0259rliyi say\u0259sind\u0259 tarixi k\u00f6k\u00fcm\u00fcz\u0259 qay\u0131d\u0131\u015f\u0131n t\u0259zah\u00fcr\u00fc, m\u0259d\u0259niyy\u0259timizin z\u0259ngin x\u0259zin\u0259si olan Novruz bayram\u0131 son ill\u0259r t\u0259qvimimiz\u0259 Az\u0259rbaycan\u00a0 Respublikas\u0131n\u0131n r\u0259smi bayramlar\u0131ndan biri kimi h\u0259mi\u015f\u0259lik d\u00fc\u015fm\u00fc\u015fd\u00fcr.<\/p>\n<p>Natiq \u00e7\u0131x\u0131\u015f\u0131nda qeyd etmi\u015fdir ki, Az\u0259rbaycan Respublikas\u0131n\u0131n Prezidenti c\u0259nab \u0130lham \u018fliyevin r\u0259hb\u0259rliyi il\u0259 art\u0131q 12-ci ildir ki, xalq\u0131m\u0131z \u00f6z ad\u0259t v\u0259 \u0259n\u0259n\u0259l\u0259rin\u0259 sadiq qalaraq m\u0259n\u0259vi d\u0259y\u0259rl\u0259rimizi daim uca tutmu\u015f, onlar\u0131 qoruyub saxlam\u0131\u015f v\u0259 daha da inki\u015faf etdirmi\u015fdir.<\/p>\n<p>Az\u0259rbaycan\u0131n birinci xan\u0131m\u0131, Heyd\u0259r \u018fliyev Fondunun Prezidenti, mill\u0259t v\u0259kili Mehriban \u018fliyevan\u0131n t\u0259\u015f\u0259bb\u00fcs\u00fc il\u0259 Novruz YUNESKO-nun qeyri-maddi m\u0259d\u0259ni irs siyah\u0131s\u0131na daxil edilmi\u015fdir. Birl\u0259\u015fmi\u015f Mill\u0259tl\u0259r T\u0259\u015fkilat\u0131n\u0131n Ba\u015f M\u0259clisi is\u0259 mart\u0131n 21-ni \u201cBeyn\u0259lxalq Novruz g\u00fcn\u00fc\u201d elan etmi\u015fdir.<\/p>\n<p>Rayon r\u0259hb\u0259ri \u00e7\u0131x\u0131\u015f\u0131na davam ed\u0259r\u0259k vur\u011fulam\u0131\u015fd\u0131r ki, son d\u00f6vrd\u0259 \u00f6lk\u0259mizd\u0259 b\u00fct\u00fcn sah\u0259l\u0259rd\u0259 qazan\u0131lan u\u011furlar Z\u0259rdab rayonundan da yan ke\u00e7m\u0259mi\u015f, rayonun sosial-iqtisadi inki\u015faf\u0131, aqrar sah\u0259nin inki\u015faf etdirilm\u0259si, tikinti-abadl\u0131q i\u015fl\u0259rinin geni\u015fl\u0259ndirilm\u0259si, insanlar\u0131n sosial probleml\u0259rinin h\u0259lli istiqam\u0259tind\u0259 konkret t\u0259dbirl\u0259r g\u00f6r\u00fclm\u00fc\u015fd\u00fcr.<\/p>\n<p>\u0130cra ba\u015f\u00e7\u0131s\u0131 b\u00fct\u00fcn z\u0259rdabl\u0131lar\u0131 Bahar m\u00fcjd\u0259li Novruz bayram\u0131 m\u00fcnasib\u0259til\u0259 t\u0259brik etmi\u015f, onlara m\u00f6hk\u0259m can sa\u011fl\u0131\u011f\u0131, ail\u0259 s\u0259ad\u0259ti, xo\u015fb\u0259xtlik arzulam\u0131\u015f, h\u0259r bir ev\u0259 v\u0259 ail\u0259y\u0259 bol-bol ruzi, b\u0259r\u0259k\u0259t, xalq\u0131m\u0131za s\u00fclh v\u0259 \u0259min-amanl\u0131q dil\u0259mi\u015fdir.<\/p>\n<p>R\u0259qs qruplar\u0131n\u0131n, musiqi kollektivl\u0259rinin n\u00fcmun\u0259vi \u00e7\u0131x\u0131\u015flar\u0131, ke\u00e7\u0259l v\u0259 kosan\u0131n m\u0259z\u0259li oyunlar\u0131, idman\u00e7\u0131lar\u0131n, k\u0259ndirbaz\u0131n n\u00f6mr\u0259l\u0259ri maraqla qar\u015f\u0131lan\u0131b. M\u0259kt\u0259blil\u0259r q\u0259dim oyunlar\u0131m\u0131z n\u00fcmayi\u015f etdiribl\u0259r. Yuxa, k\u0259t\u0259, a\u015f, qutab, \u015f\u0259k\u0259rbura, paxlava bi\u015firilib. \u018fli xon\u00e7al\u0131 q\u0131zlar \u015f\u0259nlik i\u015ftirak\u00e7\u0131lar\u0131na Novruz sovqatlar\u0131 paylay\u0131blar. 3000 \u0259d\u0259dd\u0259n \u00e7ox s\u0259m\u0259ni il\u0259 b\u0259z\u0259dil\u0259n parkda k\u0259nd t\u0259s\u0259rr\u00fcfat\u0131 m\u0259hsullar\u0131ndan ibar\u0259t bayram yarmarkas\u0131 v\u0259 ia\u015f\u0259 xidm\u0259ti d\u0259 t\u0259\u015fkil olunub.<\/p>\n<p>Z\u0259rdabda Novruz \u015f\u0259nlikl\u0259ri el g\u0259zintisi v\u0259 bayram konserti il\u0259 davam etdirilib.<\/p>\n<p><span style=\"color: #0000ff;\"><strong>Z\u018fRDAB RAYON \u0130CRA HAK\u0130M\u0130YY\u018fT\u0130<a href=\"http:\/\/www.zerdab.com\/wp-content\/uploads\/2015\/03\/bayram.jpg\"><img loading=\"lazy\" decoding=\"async\" class=\"aligncenter size-large wp-image-18748\" src=\"http:\/\/www.zerdab.com\/wp-content\/uploads\/2015\/03\/bayram-550x365.jpg\" alt=\"Z\u0259rdab rayonu\" width=\"550\" height=\"365\" \/><\/a><a href=\"http:\/\/www.zerdab.com\/wp-content\/uploads\/2015\/03\/bayram5.jpg\"><img loading=\"lazy\" decoding=\"async\" class=\"aligncenter size-large wp-image-18753\" src=\"http:\/\/www.zerdab.com\/wp-content\/uploads\/2015\/03\/bayram5-550x365.jpg\" alt=\"Z\u0259rdab rayonu\" width=\"550\" height=\"365\" \/><\/a><a href=\"http:\/\/www.zerdab.com\/wp-content\/uploads\/2015\/03\/bayram4.jpg\"><br \/>\n<\/a><a href=\"http:\/\/www.zerdab.com\/wp-content\/uploads\/2015\/03\/bayram3.jpg\"><img loading=\"lazy\" decoding=\"async\" class=\"aligncenter size-large wp-image-18751\" src=\"http:\/\/www.zerdab.com\/wp-content\/uploads\/2015\/03\/bayram3-365x550.jpg\" alt=\"Z\u0259rdab rayonu\" width=\"365\" height=\"550\" \/><\/a><a href=\"http:\/\/www.zerdab.com\/wp-content\/uploads\/2015\/03\/bayram2.jpg\"><img loading=\"lazy\" decoding=\"async\" class=\"aligncenter size-large wp-image-18750\" src=\"http:\/\/www.zerdab.com\/wp-content\/uploads\/2015\/03\/bayram2-550x365.jpg\" alt=\"Z\u0259rdab rayonu\" width=\"550\" height=\"365\" \/><\/a><a href=\"http:\/\/www.zerdab.com\/wp-content\/uploads\/2015\/03\/bayram1.jpg\"><img loading=\"lazy\" decoding=\"async\" class=\"aligncenter size-large wp-image-18749\" src=\"http:\/\/www.zerdab.com\/wp-content\/uploads\/2015\/03\/bayram1-550x365.jpg\" alt=\"Z\u0259rdab rayonu\" width=\"550\" height=\"365\" \/><\/a><a href=\"http:\/\/www.zerdab.com\/wp-content\/uploads\/2015\/03\/bayram.jpg\"><br \/>\n<\/a><a href=\"http:\/\/www.zerdab.com\/wp-content\/uploads\/2015\/03\/bayram8.jpg\"><img loading=\"lazy\" decoding=\"async\" class=\"aligncenter size-large wp-image-18756\" src=\"http:\/\/www.zerdab.com\/wp-content\/uploads\/2015\/03\/bayram8-550x365.jpg\" alt=\"Z\u0259rdab rayonu\" width=\"550\" height=\"365\" \/><\/a><a href=\"http:\/\/www.zerdab.com\/wp-content\/uploads\/2015\/03\/bayram7.jpg\"><img loading=\"lazy\" decoding=\"async\" class=\"aligncenter size-large wp-image-18755\" src=\"http:\/\/www.zerdab.com\/wp-content\/uploads\/2015\/03\/bayram7-550x365.jpg\" alt=\"Z\u0259rdab rayonu\" width=\"550\" height=\"365\" \/><\/a><a href=\"http:\/\/www.zerdab.com\/wp-content\/uploads\/2015\/03\/bayram6.jpg\"><img loading=\"lazy\" decoding=\"async\" class=\"aligncenter size-large wp-image-18754\" src=\"http:\/\/www.zerdab.com\/wp-content\/uploads\/2015\/03\/bayram6-550x365.jpg\" alt=\"Z\u0259rdab rayonu\" width=\"550\" height=\"365\" \/><\/a><a href=\"http:\/\/www.zerdab.com\/wp-content\/uploads\/2015\/03\/bayram4.jpg\"><img loading=\"lazy\" decoding=\"async\" class=\"aligncenter size-large wp-image-18752\" src=\"http:\/\/www.zerdab.com\/wp-content\/uploads\/2015\/03\/bayram4-550x365.jpg\" alt=\"Z\u0259rdab rayonu\" width=\"550\" height=\"365\" \/><\/a><a href=\"http:\/\/www.zerdab.com\/wp-content\/uploads\/2015\/03\/bayram10.jpg\"><img loading=\"lazy\" decoding=\"async\" class=\"aligncenter size-large wp-image-18758\" src=\"http:\/\/www.zerdab.com\/wp-content\/uploads\/2015\/03\/bayram10-550x365.jpg\" alt=\"Z\u0259rdab rayonu\" width=\"550\" height=\"365\" \/><\/a><a href=\"http:\/\/www.zerdab.com\/wp-content\/uploads\/2015\/03\/bayram4.jpg\"><img loading=\"lazy\" decoding=\"async\" class=\"aligncenter size-large wp-image-18752\" src=\"http:\/\/www.zerdab.com\/wp-content\/uploads\/2015\/03\/bayram4-550x365.jpg\" alt=\"Z\u0259rdab rayonu\" width=\"550\" height=\"365\" \/><\/a><\/strong><\/span><\/p>\n","protected":false},"excerpt":{"rendered":"<p>18 mart 2015-ci il tarixd\u0259 Z\u0259rdab rayonunda t\u0259mizlik, \u00fclvilik v\u0259 safl\u0131q r\u0259mzi olan Novruz bayram\u0131 k\u00fctl\u0259vi \u015f\u0259nlikl\u0259rl\u0259 qeyd olunub. \u00d6nc\u0259 Rayon \u0130cra Hakimiyy\u0259tind\u0259 kims\u0259siz v\u0259 valideyn himay\u0259sind\u0259n m\u0259hrum olan u\u015faqlarla, o c\u00fcml\u0259d\u0259n azt\u0259minatl\u0131 ail\u0259l\u0259rl\u0259 g\u00f6r\u00fc\u015f ke\u00e7irilib. G\u00f6r\u00fc\u015fd\u0259 sosial m\u00fcdafi\u0259y\u0259 ehtiyac\u0131 olan insanlara g\u00f6st\u0259ril\u0259n d\u00f6vl\u0259t qay\u011f\u0131s\u0131ndan s\u00f6z a\u00e7\u0131l\u0131b. 60-dan \u00e7ox ail\u0259y\u0259 bayram sovqatlar\u0131 paylan\u0131l\u0131b v\u0259 maddi [&hellip;]<\/p>\n","protected":false},"author":1,"featured_media":0,"comment_status":"open","ping_status":"open","sticky":false,"template":"","format":"standard","meta":{"footnotes":""},"categories":[21],"tags":[],"class_list":{"0":"post-18747","1":"post","2":"type-post","3":"status-publish","4":"format-standard","6":"category-zrdab"},"yoast_head":"<!-- This site is optimized with the Yoast SEO plugin v27.0 - https:\/\/yoast.com\/product\/yoast-seo-wordpress\/ -->\n<title>Z\u0259rdabda Novruz \u015f\u0259nlikl\u0259ri ke\u00e7irildi - FOTOLAR - Z\u0259rdab.com<\/title>\n<meta name=\"robots\" content=\"index, follow, max-snippet:-1, max-image-preview:large, max-video-preview:-1\" \/>\n<link rel=\"canonical\" href=\"https:\/\/www.zerdab.com\/?p=18747\" \/>\n<meta property=\"og:locale\" content=\"az_AZ\" \/>\n<meta property=\"og:type\" content=\"article\" \/>\n<meta property=\"og:title\" content=\"Z\u0259rdabda Novruz \u015f\u0259nlikl\u0259ri ke\u00e7irildi - FOTOLAR - Z\u0259rdab.com\" \/>\n<meta property=\"og:description\" content=\"18 mart 2015-ci il tarixd\u0259 Z\u0259rdab rayonunda t\u0259mizlik, \u00fclvilik v\u0259 safl\u0131q r\u0259mzi olan Novruz bayram\u0131 k\u00fctl\u0259vi \u015f\u0259nlikl\u0259rl\u0259 qeyd olunub. \u00d6nc\u0259 Rayon \u0130cra Hakimiyy\u0259tind\u0259 kims\u0259siz v\u0259 valideyn himay\u0259sind\u0259n m\u0259hrum olan u\u015faqlarla, o c\u00fcml\u0259d\u0259n azt\u0259minatl\u0131 ail\u0259l\u0259rl\u0259 g\u00f6r\u00fc\u015f ke\u00e7irilib. G\u00f6r\u00fc\u015fd\u0259 sosial m\u00fcdafi\u0259y\u0259 ehtiyac\u0131 olan insanlara g\u00f6st\u0259ril\u0259n d\u00f6vl\u0259t qay\u011f\u0131s\u0131ndan s\u00f6z a\u00e7\u0131l\u0131b. 60-dan \u00e7ox ail\u0259y\u0259 bayram sovqatlar\u0131 paylan\u0131l\u0131b v\u0259 maddi [&hellip;]\" \/>\n<meta property=\"og:url\" content=\"https:\/\/www.zerdab.com\/?p=18747\" \/>\n<meta property=\"og:site_name\" content=\"Z\u0259rdab.com\" \/>\n<meta property=\"article:published_time\" content=\"2015-03-18T11:24:21+00:00\" \/>\n<meta property=\"og:image\" content=\"http:\/\/www.zerdab.com\/wp-content\/uploads\/2015\/03\/bayram9-550x365.jpg\" \/>\n<meta name=\"author\" content=\"admin\" \/>\n<meta name=\"twitter:card\" content=\"summary_large_image\" \/>\n<meta name=\"twitter:label1\" content=\"Written by\" \/>\n\t<meta name=\"twitter:data1\" content=\"admin\" \/>\n\t<meta name=\"twitter:label2\" content=\"Est. reading time\" \/>\n\t<meta name=\"twitter:data2\" content=\"4 minutes\" \/>\n<script type=\"application\/ld+json\" class=\"yoast-schema-graph\">{\"@context\":\"https:\/\/schema.org\",\"@graph\":[{\"@type\":\"Article\",\"@id\":\"https:\/\/www.zerdab.com\/?p=18747#article\",\"isPartOf\":{\"@id\":\"https:\/\/www.zerdab.com\/?p=18747\"},\"author\":{\"name\":\"admin\",\"@id\":\"https:\/\/www.zerdab.com\/#\/schema\/person\/97079b7570c1e89ec0d9e138c3672136\"},\"headline\":\"Z\u0259rdabda Novruz \u015f\u0259nlikl\u0259ri ke\u00e7irildi &#8211; FOTOLAR\",\"datePublished\":\"2015-03-18T11:24:21+00:00\",\"mainEntityOfPage\":{\"@id\":\"https:\/\/www.zerdab.com\/?p=18747\"},\"wordCount\":759,\"commentCount\":9,\"image\":{\"@id\":\"https:\/\/www.zerdab.com\/?p=18747#primaryimage\"},\"thumbnailUrl\":\"http:\/\/www.zerdab.com\/wp-content\/uploads\/2015\/03\/bayram9-550x365.jpg\",\"articleSection\":[\"C\u018fM\u0130YY\u018fT\"],\"inLanguage\":\"az\",\"potentialAction\":[{\"@type\":\"CommentAction\",\"name\":\"Comment\",\"target\":[\"https:\/\/www.zerdab.com\/?p=18747#respond\"]}]},{\"@type\":\"WebPage\",\"@id\":\"https:\/\/www.zerdab.com\/?p=18747\",\"url\":\"https:\/\/www.zerdab.com\/?p=18747\",\"name\":\"Z\u0259rdabda Novruz \u015f\u0259nlikl\u0259ri ke\u00e7irildi - FOTOLAR - Z\u0259rdab.com\",\"isPartOf\":{\"@id\":\"https:\/\/www.zerdab.com\/#website\"},\"primaryImageOfPage\":{\"@id\":\"https:\/\/www.zerdab.com\/?p=18747#primaryimage\"},\"image\":{\"@id\":\"https:\/\/www.zerdab.com\/?p=18747#primaryimage\"},\"thumbnailUrl\":\"http:\/\/www.zerdab.com\/wp-content\/uploads\/2015\/03\/bayram9-550x365.jpg\",\"datePublished\":\"2015-03-18T11:24:21+00:00\",\"author\":{\"@id\":\"https:\/\/www.zerdab.com\/#\/schema\/person\/97079b7570c1e89ec0d9e138c3672136\"},\"breadcrumb\":{\"@id\":\"https:\/\/www.zerdab.com\/?p=18747#breadcrumb\"},\"inLanguage\":\"az\",\"potentialAction\":[{\"@type\":\"ReadAction\",\"target\":[\"https:\/\/www.zerdab.com\/?p=18747\"]}]},{\"@type\":\"ImageObject\",\"inLanguage\":\"az\",\"@id\":\"https:\/\/www.zerdab.com\/?p=18747#primaryimage\",\"url\":\"\",\"contentUrl\":\"\"},{\"@type\":\"BreadcrumbList\",\"@id\":\"https:\/\/www.zerdab.com\/?p=18747#breadcrumb\",\"itemListElement\":[{\"@type\":\"ListItem\",\"position\":1,\"name\":\"Home\",\"item\":\"https:\/\/www.zerdab.com\/\"},{\"@type\":\"ListItem\",\"position\":2,\"name\":\"Z\u0259rdabda Novruz \u015f\u0259nlikl\u0259ri ke\u00e7irildi &#8211; FOTOLAR\"}]},{\"@type\":\"WebSite\",\"@id\":\"https:\/\/www.zerdab.com\/#website\",\"url\":\"https:\/\/www.zerdab.com\/\",\"name\":\"Z\u0259rdab.com\",\"description\":\"\",\"potentialAction\":[{\"@type\":\"SearchAction\",\"target\":{\"@type\":\"EntryPoint\",\"urlTemplate\":\"https:\/\/www.zerdab.com\/?s={search_term_string}\"},\"query-input\":{\"@type\":\"PropertyValueSpecification\",\"valueRequired\":true,\"valueName\":\"search_term_string\"}}],\"inLanguage\":\"az\"},{\"@type\":\"Person\",\"@id\":\"https:\/\/www.zerdab.com\/#\/schema\/person\/97079b7570c1e89ec0d9e138c3672136\",\"name\":\"admin\",\"image\":{\"@type\":\"ImageObject\",\"inLanguage\":\"az\",\"@id\":\"https:\/\/www.zerdab.com\/#\/schema\/person\/image\/\",\"url\":\"https:\/\/secure.gravatar.com\/avatar\/d9c52a9a27c32119cb6679a077fa3e2779e5f822c451cbf01098004361d466ec?s=96&d=mm&r=g\",\"contentUrl\":\"https:\/\/secure.gravatar.com\/avatar\/d9c52a9a27c32119cb6679a077fa3e2779e5f822c451cbf01098004361d466ec?s=96&d=mm&r=g\",\"caption\":\"admin\"},\"url\":\"https:\/\/www.zerdab.com\/?author=1\"}]}<\/script>\n<!-- \/ Yoast SEO plugin. -->","yoast_head_json":{"title":"Z\u0259rdabda Novruz \u015f\u0259nlikl\u0259ri ke\u00e7irildi - FOTOLAR - Z\u0259rdab.com","robots":{"index":"index","follow":"follow","max-snippet":"max-snippet:-1","max-image-preview":"max-image-preview:large","max-video-preview":"max-video-preview:-1"},"canonical":"https:\/\/www.zerdab.com\/?p=18747","og_locale":"az_AZ","og_type":"article","og_title":"Z\u0259rdabda Novruz \u015f\u0259nlikl\u0259ri ke\u00e7irildi - FOTOLAR - Z\u0259rdab.com","og_description":"18 mart 2015-ci il tarixd\u0259 Z\u0259rdab rayonunda t\u0259mizlik, \u00fclvilik v\u0259 safl\u0131q r\u0259mzi olan Novruz bayram\u0131 k\u00fctl\u0259vi \u015f\u0259nlikl\u0259rl\u0259 qeyd olunub. \u00d6nc\u0259 Rayon \u0130cra Hakimiyy\u0259tind\u0259 kims\u0259siz v\u0259 valideyn himay\u0259sind\u0259n m\u0259hrum olan u\u015faqlarla, o c\u00fcml\u0259d\u0259n azt\u0259minatl\u0131 ail\u0259l\u0259rl\u0259 g\u00f6r\u00fc\u015f ke\u00e7irilib. G\u00f6r\u00fc\u015fd\u0259 sosial m\u00fcdafi\u0259y\u0259 ehtiyac\u0131 olan insanlara g\u00f6st\u0259ril\u0259n d\u00f6vl\u0259t qay\u011f\u0131s\u0131ndan s\u00f6z a\u00e7\u0131l\u0131b. 60-dan \u00e7ox ail\u0259y\u0259 bayram sovqatlar\u0131 paylan\u0131l\u0131b v\u0259 maddi [&hellip;]","og_url":"https:\/\/www.zerdab.com\/?p=18747","og_site_name":"Z\u0259rdab.com","article_published_time":"2015-03-18T11:24:21+00:00","og_image":[{"url":"http:\/\/www.zerdab.com\/wp-content\/uploads\/2015\/03\/bayram9-550x365.jpg","type":"","width":"","height":""}],"author":"admin","twitter_card":"summary_large_image","twitter_misc":{"Written by":"admin","Est. reading time":"4 minutes"},"schema":{"@context":"https:\/\/schema.org","@graph":[{"@type":"Article","@id":"https:\/\/www.zerdab.com\/?p=18747#article","isPartOf":{"@id":"https:\/\/www.zerdab.com\/?p=18747"},"author":{"name":"admin","@id":"https:\/\/www.zerdab.com\/#\/schema\/person\/97079b7570c1e89ec0d9e138c3672136"},"headline":"Z\u0259rdabda Novruz \u015f\u0259nlikl\u0259ri ke\u00e7irildi &#8211; FOTOLAR","datePublished":"2015-03-18T11:24:21+00:00","mainEntityOfPage":{"@id":"https:\/\/www.zerdab.com\/?p=18747"},"wordCount":759,"commentCount":9,"image":{"@id":"https:\/\/www.zerdab.com\/?p=18747#primaryimage"},"thumbnailUrl":"http:\/\/www.zerdab.com\/wp-content\/uploads\/2015\/03\/bayram9-550x365.jpg","articleSection":["C\u018fM\u0130YY\u018fT"],"inLanguage":"az","potentialAction":[{"@type":"CommentAction","name":"Comment","target":["https:\/\/www.zerdab.com\/?p=18747#respond"]}]},{"@type":"WebPage","@id":"https:\/\/www.zerdab.com\/?p=18747","url":"https:\/\/www.zerdab.com\/?p=18747","name":"Z\u0259rdabda Novruz \u015f\u0259nlikl\u0259ri ke\u00e7irildi - FOTOLAR - Z\u0259rdab.com","isPartOf":{"@id":"https:\/\/www.zerdab.com\/#website"},"primaryImageOfPage":{"@id":"https:\/\/www.zerdab.com\/?p=18747#primaryimage"},"image":{"@id":"https:\/\/www.zerdab.com\/?p=18747#primaryimage"},"thumbnailUrl":"http:\/\/www.zerdab.com\/wp-content\/uploads\/2015\/03\/bayram9-550x365.jpg","datePublished":"2015-03-18T11:24:21+00:00","author":{"@id":"https:\/\/www.zerdab.com\/#\/schema\/person\/97079b7570c1e89ec0d9e138c3672136"},"breadcrumb":{"@id":"https:\/\/www.zerdab.com\/?p=18747#breadcrumb"},"inLanguage":"az","potentialAction":[{"@type":"ReadAction","target":["https:\/\/www.zerdab.com\/?p=18747"]}]},{"@type":"ImageObject","inLanguage":"az","@id":"https:\/\/www.zerdab.com\/?p=18747#primaryimage","url":"","contentUrl":""},{"@type":"BreadcrumbList","@id":"https:\/\/www.zerdab.com\/?p=18747#breadcrumb","itemListElement":[{"@type":"ListItem","position":1,"name":"Home","item":"https:\/\/www.zerdab.com\/"},{"@type":"ListItem","position":2,"name":"Z\u0259rdabda Novruz \u015f\u0259nlikl\u0259ri ke\u00e7irildi &#8211; FOTOLAR"}]},{"@type":"WebSite","@id":"https:\/\/www.zerdab.com\/#website","url":"https:\/\/www.zerdab.com\/","name":"Z\u0259rdab.com","description":"","potentialAction":[{"@type":"SearchAction","target":{"@type":"EntryPoint","urlTemplate":"https:\/\/www.zerdab.com\/?s={search_term_string}"},"query-input":{"@type":"PropertyValueSpecification","valueRequired":true,"valueName":"search_term_string"}}],"inLanguage":"az"},{"@type":"Person","@id":"https:\/\/www.zerdab.com\/#\/schema\/person\/97079b7570c1e89ec0d9e138c3672136","name":"admin","image":{"@type":"ImageObject","inLanguage":"az","@id":"https:\/\/www.zerdab.com\/#\/schema\/person\/image\/","url":"https:\/\/secure.gravatar.com\/avatar\/d9c52a9a27c32119cb6679a077fa3e2779e5f822c451cbf01098004361d466ec?s=96&d=mm&r=g","contentUrl":"https:\/\/secure.gravatar.com\/avatar\/d9c52a9a27c32119cb6679a077fa3e2779e5f822c451cbf01098004361d466ec?s=96&d=mm&r=g","caption":"admin"},"url":"https:\/\/www.zerdab.com\/?author=1"}]}},"_links":{"self":[{"href":"https:\/\/www.zerdab.com\/index.php?rest_route=\/wp\/v2\/posts\/18747","targetHints":{"allow":["GET"]}}],"collection":[{"href":"https:\/\/www.zerdab.com\/index.php?rest_route=\/wp\/v2\/posts"}],"about":[{"href":"https:\/\/www.zerdab.com\/index.php?rest_route=\/wp\/v2\/types\/post"}],"author":[{"embeddable":true,"href":"https:\/\/www.zerdab.com\/index.php?rest_route=\/wp\/v2\/users\/1"}],"replies":[{"embeddable":true,"href":"https:\/\/www.zerdab.com\/index.php?rest_route=%2Fwp%2Fv2%2Fcomments&post=18747"}],"version-history":[{"count":1,"href":"https:\/\/www.zerdab.com\/index.php?rest_route=\/wp\/v2\/posts\/18747\/revisions"}],"predecessor-version":[{"id":18759,"href":"https:\/\/www.zerdab.com\/index.php?rest_route=\/wp\/v2\/posts\/18747\/revisions\/18759"}],"wp:attachment":[{"href":"https:\/\/www.zerdab.com\/index.php?rest_route=%2Fwp%2Fv2%2Fmedia&parent=18747"}],"wp:term":[{"taxonomy":"category","embeddable":true,"href":"https:\/\/www.zerdab.com\/index.php?rest_route=%2Fwp%2Fv2%2Fcategories&post=18747"},{"taxonomy":"post_tag","embeddable":true,"href":"https:\/\/www.zerdab.com\/index.php?rest_route=%2Fwp%2Fv2%2Ftags&post=18747"}],"curies":[{"name":"wp","href":"https:\/\/api.w.org\/{rel}","templated":true}]}}