{"id":18874,"date":"2015-04-01T15:27:54","date_gmt":"2015-04-01T10:27:54","guid":{"rendered":"http:\/\/www.zerdab.com\/?p=18874"},"modified":"2015-04-01T15:30:57","modified_gmt":"2015-04-01T10:30:57","slug":"allahverdi-s%c9%99f%c9%99rov-isd%c9%99n-cixmagimda-icra-bascisinin-hec-bir-gunahi-yoxdur","status":"publish","type":"post","link":"https:\/\/www.zerdab.com\/?p=18874","title":{"rendered":"Allahverdi S\u0259f\u0259rov: &#8220;\u0130\u015fd\u0259n \u00e7\u0131xma\u011f\u0131mda icra ba\u015f\u00e7\u0131s\u0131n\u0131n he\u00e7 bir g\u00fcnah\u0131 yoxdur&#8221;"},"content":{"rendered":"<p><a href=\"http:\/\/www.zerdab.com\/wp-content\/uploads\/2015\/04\/Z\u0259rdab-rayonu-.jpg\"><img loading=\"lazy\" decoding=\"async\" class=\"aligncenter size-large wp-image-18876\" src=\"http:\/\/www.zerdab.com\/wp-content\/uploads\/2015\/04\/Z\u0259rdab-rayonu--550x285.jpg\" alt=\"Z\u0259rdab rayonu\" width=\"550\" height=\"285\" \/><\/a>\u201c\u00d6vlad\u0131m \u00f6z\u00fcn\u00fc yax\u015f\u0131 aparmad\u0131, s\u0259hv el\u0259di. \u0130ndi d\u0259 c\u0259zas\u0131n\u0131 m\u0259n \u00e7\u0259kir\u0259m\u201d.<b> <\/b><\/p>\n<p>Bunu <strong>AzVision.az<\/strong>-a a\u00e7\u0131qlamas\u0131nda \u00f6t\u0259n g\u00fcn v\u0259zif\u0259sind\u0259n azad edil\u0259n Z\u0259rdab rayonunun icra ba\u015f\u00e7\u0131s\u0131n\u0131n sabiq birinci m\u00fcavini Allahverdi S\u0259f\u0259rov deyib.<\/p>\n<p>A. S\u0259f\u0259rov i\u015fd\u0259n o\u011flunun xuliqanl\u0131\u011f\u0131na g\u00f6r\u0259 \u00e7\u0131xar\u0131ld\u0131\u011f\u0131 t\u0259sdiq edib: \u201cM\u0259nim i\u015fd\u0259n \u00e7\u0131xma\u011f\u0131mda icra ba\u015f\u00e7\u0131s\u0131n\u0131n he\u00e7 bir g\u00fcnah\u0131 yoxdur. C\u0259nab prezidentin tap\u015f\u0131r\u0131\u011f\u0131 var ki, d\u00f6vl\u0259t m\u0259murunun \u00f6vlad\u0131 \u00f6z\u00fcn\u00fc yax\u015f\u0131 aparmal\u0131d\u0131r. M\u0259nim o\u011flum is\u0259 s\u0259hv el\u0259di. Ona g\u00f6r\u0259 d\u0259 bu g\u00fcn i\u015fsiz qald\u0131m\u201d.<\/p>\n<p>Ke\u00e7mi\u015f m\u0259mur \u0259lav\u0259 edib ki, \u00f6vlad\u0131 g\u00fcnah edibs\u0259, c\u0259zas\u0131n\u0131 da valideyni \u00e7\u0259km\u0259lidir:<\/p>\n<p>\u201c\u00d6vlad\u0131n c\u0259zas\u0131n\u0131 valideyn \u00e7\u0259km\u0259lidir. M\u0259nim i\u015fd\u0259n \u00e7\u0131xma\u011f\u0131ma g\u00f6r\u0259 o\u011flum pe\u015fman\u00e7\u0131l\u0131q \u00e7\u0259kir. Bu hadis\u0259d\u0259n sonra o\u011flumla s\u00f6hb\u0259t el\u0259dim. Ona i\u00e7kinin t\u00f6r\u0259tdiyi hadis\u0259l\u0259rd\u0259n dan\u0131\u015fd\u0131m. Ona i\u00e7ki i\u00e7m\u0259m\u0259si il\u0259 ba\u011fl\u0131 x\u0259b\u0259rdarl\u0131q etdim. Ceyhun \u00f6z\u00fc d\u0259 evlidir. Bir n\u0259v\u0259m var. O\u011flum haz\u0131rda i\u015fl\u0259yir. Hadis\u0259 bayram g\u00fcn\u00fc olub. H\u0259min g\u00fcn Ceyyun s\u0259rxo\u015f halda avtomobil idar\u0259 edib v\u0259 tutulub. O\u011flum bu \u0259m\u0259linin c\u0259zas\u0131n\u0131 da \u00e7\u0259kib\u201d.<\/p>\n<p>Qeyd ed\u0259k ki, A.S\u0259f\u0259rovun o\u011flu Ceyhun S\u0259f\u0259rov bu il mart\u0131n 22-d\u0259 saat 16.00 rad\u0259l\u0259rind\u0259 s\u00fckan arxas\u0131nda i\u00e7kili v\u0259ziyy\u0259td\u0259 olark\u0259n polis zabitinin s\u0259n\u0259d t\u0259qdim etm\u0259 t\u0259l\u0259bin\u0259 tabe olmaqdan imtina etdiyin\u0259 g\u00f6r\u0259 saxlan\u0131l\u0131b. Z\u0259rdab rayon M\u0259hk\u0259m\u0259si t\u0259r\u0259find\u0259n C.S\u0259f\u0259rov bar\u0259sind\u0259 \u0130nzibati X\u0259talar M\u0259c\u0259ll\u0259sinin 310.1-ci madd\u0259si il\u0259 inzibati qaydada 5 sutka m\u00fcdd\u0259tin\u0259 h\u0259bs c\u0259zas\u0131 t\u0259tbiq edilib.<\/p>\n<p>Mart\u0131n 27-d\u0259 C.S\u0259f\u0259rov h\u0259bs m\u00fcdd\u0259ti ba\u015fa \u00e7atd\u0131\u011f\u0131 \u00fc\u00e7\u00fcn s\u0259rb\u0259st burax\u0131l\u0131b. \u00d6t\u0259n g\u00fcn is\u0259 Z\u0259rdab rayon icra hakimiyy\u0259ti ba\u015f\u00e7\u0131s\u0131n\u0131n birinci m\u00fcavini Allahverdi S\u0259f\u0259rov tutdu\u011fu v\u0259zif\u0259sind\u0259n azad edilib.<\/p>\n<p><strong>AzVision.az<\/strong><\/p>\n","protected":false},"excerpt":{"rendered":"<p>\u201c\u00d6vlad\u0131m \u00f6z\u00fcn\u00fc yax\u015f\u0131 aparmad\u0131, s\u0259hv el\u0259di. \u0130ndi d\u0259 c\u0259zas\u0131n\u0131 m\u0259n \u00e7\u0259kir\u0259m\u201d. Bunu AzVision.az-a a\u00e7\u0131qlamas\u0131nda \u00f6t\u0259n g\u00fcn v\u0259zif\u0259sind\u0259n azad edil\u0259n Z\u0259rdab rayonunun icra ba\u015f\u00e7\u0131s\u0131n\u0131n sabiq birinci m\u00fcavini Allahverdi S\u0259f\u0259rov deyib. A. S\u0259f\u0259rov i\u015fd\u0259n o\u011flunun xuliqanl\u0131\u011f\u0131na g\u00f6r\u0259 \u00e7\u0131xar\u0131ld\u0131\u011f\u0131 t\u0259sdiq edib: \u201cM\u0259nim i\u015fd\u0259n \u00e7\u0131xma\u011f\u0131mda icra ba\u015f\u00e7\u0131s\u0131n\u0131n he\u00e7 bir g\u00fcnah\u0131 yoxdur. C\u0259nab prezidentin tap\u015f\u0131r\u0131\u011f\u0131 var ki, d\u00f6vl\u0259t m\u0259murunun \u00f6vlad\u0131 [&hellip;]<\/p>\n","protected":false},"author":1,"featured_media":0,"comment_status":"open","ping_status":"open","sticky":false,"template":"","format":"standard","meta":{"footnotes":""},"categories":[21],"tags":[],"class_list":{"0":"post-18874","1":"post","2":"type-post","3":"status-publish","4":"format-standard","6":"category-zrdab"},"yoast_head":"<!-- This site is optimized with the Yoast SEO plugin v27.0 - https:\/\/yoast.com\/product\/yoast-seo-wordpress\/ -->\n<title>Allahverdi S\u0259f\u0259rov: &quot;\u0130\u015fd\u0259n \u00e7\u0131xma\u011f\u0131mda icra ba\u015f\u00e7\u0131s\u0131n\u0131n he\u00e7 bir g\u00fcnah\u0131 yoxdur&quot; - Z\u0259rdab.com<\/title>\n<meta name=\"robots\" content=\"index, follow, max-snippet:-1, max-image-preview:large, max-video-preview:-1\" \/>\n<link rel=\"canonical\" href=\"https:\/\/www.zerdab.com\/?p=18874\" \/>\n<meta property=\"og:locale\" content=\"az_AZ\" \/>\n<meta property=\"og:type\" content=\"article\" \/>\n<meta property=\"og:title\" content=\"Allahverdi S\u0259f\u0259rov: &quot;\u0130\u015fd\u0259n \u00e7\u0131xma\u011f\u0131mda icra ba\u015f\u00e7\u0131s\u0131n\u0131n he\u00e7 bir g\u00fcnah\u0131 yoxdur&quot; - Z\u0259rdab.com\" \/>\n<meta property=\"og:description\" content=\"\u201c\u00d6vlad\u0131m \u00f6z\u00fcn\u00fc yax\u015f\u0131 aparmad\u0131, s\u0259hv el\u0259di. \u0130ndi d\u0259 c\u0259zas\u0131n\u0131 m\u0259n \u00e7\u0259kir\u0259m\u201d. Bunu AzVision.az-a a\u00e7\u0131qlamas\u0131nda \u00f6t\u0259n g\u00fcn v\u0259zif\u0259sind\u0259n azad edil\u0259n Z\u0259rdab rayonunun icra ba\u015f\u00e7\u0131s\u0131n\u0131n sabiq birinci m\u00fcavini Allahverdi S\u0259f\u0259rov deyib. A. S\u0259f\u0259rov i\u015fd\u0259n o\u011flunun xuliqanl\u0131\u011f\u0131na g\u00f6r\u0259 \u00e7\u0131xar\u0131ld\u0131\u011f\u0131 t\u0259sdiq edib: \u201cM\u0259nim i\u015fd\u0259n \u00e7\u0131xma\u011f\u0131mda icra ba\u015f\u00e7\u0131s\u0131n\u0131n he\u00e7 bir g\u00fcnah\u0131 yoxdur. C\u0259nab prezidentin tap\u015f\u0131r\u0131\u011f\u0131 var ki, d\u00f6vl\u0259t m\u0259murunun \u00f6vlad\u0131 [&hellip;]\" \/>\n<meta property=\"og:url\" content=\"https:\/\/www.zerdab.com\/?p=18874\" \/>\n<meta property=\"og:site_name\" content=\"Z\u0259rdab.com\" \/>\n<meta property=\"article:published_time\" content=\"2015-04-01T10:27:54+00:00\" \/>\n<meta property=\"article:modified_time\" content=\"2015-04-01T10:30:57+00:00\" \/>\n<meta name=\"author\" content=\"admin\" \/>\n<meta name=\"twitter:card\" content=\"summary_large_image\" \/>\n<meta name=\"twitter:label1\" content=\"Written by\" \/>\n\t<meta name=\"twitter:data1\" content=\"admin\" \/>\n\t<meta name=\"twitter:label2\" content=\"Est. reading time\" \/>\n\t<meta name=\"twitter:data2\" content=\"2 minutes\" \/>\n<script type=\"application\/ld+json\" class=\"yoast-schema-graph\">{\"@context\":\"https:\/\/schema.org\",\"@graph\":[{\"@type\":\"Article\",\"@id\":\"https:\/\/www.zerdab.com\/?p=18874#article\",\"isPartOf\":{\"@id\":\"https:\/\/www.zerdab.com\/?p=18874\"},\"author\":{\"name\":\"admin\",\"@id\":\"https:\/\/www.zerdab.com\/#\/schema\/person\/97079b7570c1e89ec0d9e138c3672136\"},\"headline\":\"Allahverdi S\u0259f\u0259rov: &#8220;\u0130\u015fd\u0259n \u00e7\u0131xma\u011f\u0131mda icra ba\u015f\u00e7\u0131s\u0131n\u0131n he\u00e7 bir g\u00fcnah\u0131 yoxdur&#8221;\",\"datePublished\":\"2015-04-01T10:27:54+00:00\",\"dateModified\":\"2015-04-01T10:30:57+00:00\",\"mainEntityOfPage\":{\"@id\":\"https:\/\/www.zerdab.com\/?p=18874\"},\"wordCount\":420,\"commentCount\":2,\"articleSection\":[\"C\u018fM\u0130YY\u018fT\"],\"inLanguage\":\"az\",\"potentialAction\":[{\"@type\":\"CommentAction\",\"name\":\"Comment\",\"target\":[\"https:\/\/www.zerdab.com\/?p=18874#respond\"]}]},{\"@type\":\"WebPage\",\"@id\":\"https:\/\/www.zerdab.com\/?p=18874\",\"url\":\"https:\/\/www.zerdab.com\/?p=18874\",\"name\":\"Allahverdi S\u0259f\u0259rov: \\\"\u0130\u015fd\u0259n \u00e7\u0131xma\u011f\u0131mda icra ba\u015f\u00e7\u0131s\u0131n\u0131n he\u00e7 bir g\u00fcnah\u0131 yoxdur\\\" - Z\u0259rdab.com\",\"isPartOf\":{\"@id\":\"https:\/\/www.zerdab.com\/#website\"},\"datePublished\":\"2015-04-01T10:27:54+00:00\",\"dateModified\":\"2015-04-01T10:30:57+00:00\",\"author\":{\"@id\":\"https:\/\/www.zerdab.com\/#\/schema\/person\/97079b7570c1e89ec0d9e138c3672136\"},\"breadcrumb\":{\"@id\":\"https:\/\/www.zerdab.com\/?p=18874#breadcrumb\"},\"inLanguage\":\"az\",\"potentialAction\":[{\"@type\":\"ReadAction\",\"target\":[\"https:\/\/www.zerdab.com\/?p=18874\"]}]},{\"@type\":\"BreadcrumbList\",\"@id\":\"https:\/\/www.zerdab.com\/?p=18874#breadcrumb\",\"itemListElement\":[{\"@type\":\"ListItem\",\"position\":1,\"name\":\"Home\",\"item\":\"https:\/\/www.zerdab.com\/\"},{\"@type\":\"ListItem\",\"position\":2,\"name\":\"Allahverdi S\u0259f\u0259rov: &#8220;\u0130\u015fd\u0259n \u00e7\u0131xma\u011f\u0131mda icra ba\u015f\u00e7\u0131s\u0131n\u0131n he\u00e7 bir g\u00fcnah\u0131 yoxdur&#8221;\"}]},{\"@type\":\"WebSite\",\"@id\":\"https:\/\/www.zerdab.com\/#website\",\"url\":\"https:\/\/www.zerdab.com\/\",\"name\":\"Z\u0259rdab.com\",\"description\":\"\",\"potentialAction\":[{\"@type\":\"SearchAction\",\"target\":{\"@type\":\"EntryPoint\",\"urlTemplate\":\"https:\/\/www.zerdab.com\/?s={search_term_string}\"},\"query-input\":{\"@type\":\"PropertyValueSpecification\",\"valueRequired\":true,\"valueName\":\"search_term_string\"}}],\"inLanguage\":\"az\"},{\"@type\":\"Person\",\"@id\":\"https:\/\/www.zerdab.com\/#\/schema\/person\/97079b7570c1e89ec0d9e138c3672136\",\"name\":\"admin\",\"image\":{\"@type\":\"ImageObject\",\"inLanguage\":\"az\",\"@id\":\"https:\/\/www.zerdab.com\/#\/schema\/person\/image\/\",\"url\":\"https:\/\/secure.gravatar.com\/avatar\/d9c52a9a27c32119cb6679a077fa3e2779e5f822c451cbf01098004361d466ec?s=96&d=mm&r=g\",\"contentUrl\":\"https:\/\/secure.gravatar.com\/avatar\/d9c52a9a27c32119cb6679a077fa3e2779e5f822c451cbf01098004361d466ec?s=96&d=mm&r=g\",\"caption\":\"admin\"},\"url\":\"https:\/\/www.zerdab.com\/?author=1\"}]}<\/script>\n<!-- \/ Yoast SEO plugin. -->","yoast_head_json":{"title":"Allahverdi S\u0259f\u0259rov: \"\u0130\u015fd\u0259n \u00e7\u0131xma\u011f\u0131mda icra ba\u015f\u00e7\u0131s\u0131n\u0131n he\u00e7 bir g\u00fcnah\u0131 yoxdur\" - Z\u0259rdab.com","robots":{"index":"index","follow":"follow","max-snippet":"max-snippet:-1","max-image-preview":"max-image-preview:large","max-video-preview":"max-video-preview:-1"},"canonical":"https:\/\/www.zerdab.com\/?p=18874","og_locale":"az_AZ","og_type":"article","og_title":"Allahverdi S\u0259f\u0259rov: \"\u0130\u015fd\u0259n \u00e7\u0131xma\u011f\u0131mda icra ba\u015f\u00e7\u0131s\u0131n\u0131n he\u00e7 bir g\u00fcnah\u0131 yoxdur\" - Z\u0259rdab.com","og_description":"\u201c\u00d6vlad\u0131m \u00f6z\u00fcn\u00fc yax\u015f\u0131 aparmad\u0131, s\u0259hv el\u0259di. \u0130ndi d\u0259 c\u0259zas\u0131n\u0131 m\u0259n \u00e7\u0259kir\u0259m\u201d. Bunu AzVision.az-a a\u00e7\u0131qlamas\u0131nda \u00f6t\u0259n g\u00fcn v\u0259zif\u0259sind\u0259n azad edil\u0259n Z\u0259rdab rayonunun icra ba\u015f\u00e7\u0131s\u0131n\u0131n sabiq birinci m\u00fcavini Allahverdi S\u0259f\u0259rov deyib. A. S\u0259f\u0259rov i\u015fd\u0259n o\u011flunun xuliqanl\u0131\u011f\u0131na g\u00f6r\u0259 \u00e7\u0131xar\u0131ld\u0131\u011f\u0131 t\u0259sdiq edib: \u201cM\u0259nim i\u015fd\u0259n \u00e7\u0131xma\u011f\u0131mda icra ba\u015f\u00e7\u0131s\u0131n\u0131n he\u00e7 bir g\u00fcnah\u0131 yoxdur. C\u0259nab prezidentin tap\u015f\u0131r\u0131\u011f\u0131 var ki, d\u00f6vl\u0259t m\u0259murunun \u00f6vlad\u0131 [&hellip;]","og_url":"https:\/\/www.zerdab.com\/?p=18874","og_site_name":"Z\u0259rdab.com","article_published_time":"2015-04-01T10:27:54+00:00","article_modified_time":"2015-04-01T10:30:57+00:00","author":"admin","twitter_card":"summary_large_image","twitter_misc":{"Written by":"admin","Est. reading time":"2 minutes"},"schema":{"@context":"https:\/\/schema.org","@graph":[{"@type":"Article","@id":"https:\/\/www.zerdab.com\/?p=18874#article","isPartOf":{"@id":"https:\/\/www.zerdab.com\/?p=18874"},"author":{"name":"admin","@id":"https:\/\/www.zerdab.com\/#\/schema\/person\/97079b7570c1e89ec0d9e138c3672136"},"headline":"Allahverdi S\u0259f\u0259rov: &#8220;\u0130\u015fd\u0259n \u00e7\u0131xma\u011f\u0131mda icra ba\u015f\u00e7\u0131s\u0131n\u0131n he\u00e7 bir g\u00fcnah\u0131 yoxdur&#8221;","datePublished":"2015-04-01T10:27:54+00:00","dateModified":"2015-04-01T10:30:57+00:00","mainEntityOfPage":{"@id":"https:\/\/www.zerdab.com\/?p=18874"},"wordCount":420,"commentCount":2,"articleSection":["C\u018fM\u0130YY\u018fT"],"inLanguage":"az","potentialAction":[{"@type":"CommentAction","name":"Comment","target":["https:\/\/www.zerdab.com\/?p=18874#respond"]}]},{"@type":"WebPage","@id":"https:\/\/www.zerdab.com\/?p=18874","url":"https:\/\/www.zerdab.com\/?p=18874","name":"Allahverdi S\u0259f\u0259rov: \"\u0130\u015fd\u0259n \u00e7\u0131xma\u011f\u0131mda icra ba\u015f\u00e7\u0131s\u0131n\u0131n he\u00e7 bir g\u00fcnah\u0131 yoxdur\" - Z\u0259rdab.com","isPartOf":{"@id":"https:\/\/www.zerdab.com\/#website"},"datePublished":"2015-04-01T10:27:54+00:00","dateModified":"2015-04-01T10:30:57+00:00","author":{"@id":"https:\/\/www.zerdab.com\/#\/schema\/person\/97079b7570c1e89ec0d9e138c3672136"},"breadcrumb":{"@id":"https:\/\/www.zerdab.com\/?p=18874#breadcrumb"},"inLanguage":"az","potentialAction":[{"@type":"ReadAction","target":["https:\/\/www.zerdab.com\/?p=18874"]}]},{"@type":"BreadcrumbList","@id":"https:\/\/www.zerdab.com\/?p=18874#breadcrumb","itemListElement":[{"@type":"ListItem","position":1,"name":"Home","item":"https:\/\/www.zerdab.com\/"},{"@type":"ListItem","position":2,"name":"Allahverdi S\u0259f\u0259rov: &#8220;\u0130\u015fd\u0259n \u00e7\u0131xma\u011f\u0131mda icra ba\u015f\u00e7\u0131s\u0131n\u0131n he\u00e7 bir g\u00fcnah\u0131 yoxdur&#8221;"}]},{"@type":"WebSite","@id":"https:\/\/www.zerdab.com\/#website","url":"https:\/\/www.zerdab.com\/","name":"Z\u0259rdab.com","description":"","potentialAction":[{"@type":"SearchAction","target":{"@type":"EntryPoint","urlTemplate":"https:\/\/www.zerdab.com\/?s={search_term_string}"},"query-input":{"@type":"PropertyValueSpecification","valueRequired":true,"valueName":"search_term_string"}}],"inLanguage":"az"},{"@type":"Person","@id":"https:\/\/www.zerdab.com\/#\/schema\/person\/97079b7570c1e89ec0d9e138c3672136","name":"admin","image":{"@type":"ImageObject","inLanguage":"az","@id":"https:\/\/www.zerdab.com\/#\/schema\/person\/image\/","url":"https:\/\/secure.gravatar.com\/avatar\/d9c52a9a27c32119cb6679a077fa3e2779e5f822c451cbf01098004361d466ec?s=96&d=mm&r=g","contentUrl":"https:\/\/secure.gravatar.com\/avatar\/d9c52a9a27c32119cb6679a077fa3e2779e5f822c451cbf01098004361d466ec?s=96&d=mm&r=g","caption":"admin"},"url":"https:\/\/www.zerdab.com\/?author=1"}]}},"_links":{"self":[{"href":"https:\/\/www.zerdab.com\/index.php?rest_route=\/wp\/v2\/posts\/18874","targetHints":{"allow":["GET"]}}],"collection":[{"href":"https:\/\/www.zerdab.com\/index.php?rest_route=\/wp\/v2\/posts"}],"about":[{"href":"https:\/\/www.zerdab.com\/index.php?rest_route=\/wp\/v2\/types\/post"}],"author":[{"embeddable":true,"href":"https:\/\/www.zerdab.com\/index.php?rest_route=\/wp\/v2\/users\/1"}],"replies":[{"embeddable":true,"href":"https:\/\/www.zerdab.com\/index.php?rest_route=%2Fwp%2Fv2%2Fcomments&post=18874"}],"version-history":[{"count":3,"href":"https:\/\/www.zerdab.com\/index.php?rest_route=\/wp\/v2\/posts\/18874\/revisions"}],"predecessor-version":[{"id":18879,"href":"https:\/\/www.zerdab.com\/index.php?rest_route=\/wp\/v2\/posts\/18874\/revisions\/18879"}],"wp:attachment":[{"href":"https:\/\/www.zerdab.com\/index.php?rest_route=%2Fwp%2Fv2%2Fmedia&parent=18874"}],"wp:term":[{"taxonomy":"category","embeddable":true,"href":"https:\/\/www.zerdab.com\/index.php?rest_route=%2Fwp%2Fv2%2Fcategories&post=18874"},{"taxonomy":"post_tag","embeddable":true,"href":"https:\/\/www.zerdab.com\/index.php?rest_route=%2Fwp%2Fv2%2Ftags&post=18874"}],"curies":[{"name":"wp","href":"https:\/\/api.w.org\/{rel}","templated":true}]}}