{"id":18880,"date":"2015-04-02T12:28:37","date_gmt":"2015-04-02T07:28:37","guid":{"rendered":"http:\/\/www.zerdab.com\/?p=18880"},"modified":"2015-04-02T12:28:37","modified_gmt":"2015-04-02T07:28:37","slug":"yap-z%c9%99rdab-rayon-t%c9%99skilati-g%c9%99ncl%c9%99r-birliyinin-iv-hesabat-secki-konfransi-kecirildi","status":"publish","type":"post","link":"https:\/\/www.zerdab.com\/?p=18880","title":{"rendered":"YAP Z\u0259rdab rayon t\u0259\u015fkilat\u0131 G\u0259ncl\u0259r Birliyinin  IV hesabat se\u00e7ki konfrans\u0131 ke\u00e7irildi"},"content":{"rendered":"<p><a href=\"http:\/\/www.zerdab.com\/wp-content\/uploads\/2015\/04\/YAP-Z\u0259rdab-Rayon-T\u0259\u015fkilat\u0131-1.jpg\"><img loading=\"lazy\" decoding=\"async\" class=\"aligncenter size-large wp-image-18882\" src=\"http:\/\/www.zerdab.com\/wp-content\/uploads\/2015\/04\/YAP-Z\u0259rdab-Rayon-T\u0259\u015fkilat\u0131-1-550x365.jpg\" alt=\"YAP Z\u0259rdab Rayon T\u0259\u015fkilat\u0131\" width=\"550\" height=\"365\" \/><\/a> <a href=\"http:\/\/www.zerdab.com\/wp-content\/uploads\/2015\/04\/YAP-Z\u0259rdab-Rayon-T\u0259\u015fkilat\u0131-2.jpg\"><br \/>\n<\/a>Yeni Az\u0259rbaycan Partiyas\u0131 Z\u0259rdab rayon t\u0259\u015fkilat\u0131 G\u0259ncl\u0259r Birliyinin IV konfrans\u0131 ke\u00e7irildi. Konfransda &#8220;Yeni Az\u0259rbaycan&#8221; q\u0259zetinin ba\u015f redaktoru, siyasi elml\u0259r doktoru, yaz\u0131\u00e7\u0131, Az\u0259rbaycan Jurnalistl\u0259r Birliyinin \u00fczv\u00fc Hikm\u0259t Babao\u011flu, YAP Siyasi \u015euras\u0131n\u0131n \u00fczv\u00fc, YAP G\u0259ncl\u0259r Birliyinin s\u0259dri Seymur Orucov, YAP \u0130cra Katibliyinin m\u0259sul i\u015f\u00e7isi H\u0259s\u0259n Da\u015fd\u0259mirov, YAP Z\u0259rdab rayon t\u0259\u015fkilat\u0131n\u0131n idar\u0259 hey\u0259tinin \u00fczv\u00fc, Z\u0259rdab rayon \u0130cra Hakimiyy\u0259tinin ba\u015f\u00e7\u0131s\u0131 L\u00fctv\u0259li Babayev i\u015ftirak edirdi. Konfrans i\u015ftirak\u00e7\u0131lar\u0131 \u00f6nc\u0259 Ulu \u00d6nd\u0259r Heyd\u0259r \u018fliyevin abid\u0259si \u00f6n\u00fcn\u0259 g\u00fcl d\u0259st\u0259l\u0259ri d\u00fcz\u0259r\u0259k, xatir\u0259sini b\u00f6y\u00fck ehtiramla yad edibl\u0259r. Daha sonra konfrans Z\u0259rdab rayonu, Heyd\u0259r \u018fliyev M\u0259rk\u0259zind\u0259 davam etdirilib. Konfransda D\u00f6vl\u0259t Himni s\u0259sl\u0259ndirilib. Yeni Az\u0259rbaycan Partiyas\u0131n\u0131n qurucusu, m\u00fcst\u0259qil Az\u0259rbaycan d\u00f6vl\u0259tinin banisi \u00fcmummilli lider\u00a0 Heyd\u0259r \u018fliyevin \u0259ziz xatir\u0259si bir d\u0259qiq\u0259lik s\u00fckutla yad edilib.<\/p>\n<p>Konfrans\u0131 giri\u015f s\u00f6z\u00fc il\u0259 Yeni Az\u0259rbaycan Partiyas\u0131 Z\u0259rdab rayon t\u0259\u015fkilat\u0131n\u0131n s\u0259dri P\u0259rvin Mahmudova a\u00e7araq bildirdi ki, bu g\u00fcn Yeni Az\u0259rbaycan Partiyas\u0131n\u0131n h\u0259r bir \u00fczv\u00fc, o c\u00fcml\u0259d\u0259n Z\u0259rdab rayon t\u0259\u015fkilat\u0131n\u0131n \u0259traf\u0131nda birl\u0259\u015fmi\u015f partiya \u00fczvl\u0259ri ulu \u00f6nd\u0259r Heyd\u0259r \u018fliyev siyasi m\u0259kt\u0259binin yetirm\u0259si v\u0259 ideyalar\u0131n\u0131n davam\u00e7\u0131lar\u0131d\u0131r. \u201cBu m\u00fcq\u0259dd\u0259s yol Az\u0259rbaycan\u0131 xo\u015fb\u0259xt v\u0259 i\u015f\u0131ql\u0131 g\u0259l\u0259c\u0259y\u0259, firavanl\u0131\u011fa aparan yoldur. Bu yolun d\u00fczg\u00fcnl\u00fcy\u00fcn\u00fc h\u0259yat \u00f6z\u00fc t\u0259sdiq edib, partiyam\u0131z\u0131n Az\u0259rbaycan\u0131n ictimai-siyasi h\u0259yat\u0131nda m\u00f6vqeyi daha da m\u00f6hk\u0259ml\u0259nir.\u201d P.Mahmudova vur\u011fulad\u0131 ki, Az\u0259rbaycan\u0131n inki\u015faf\u0131n\u0131, t\u0259r\u0259qqisini v\u0259 xalq\u0131m\u0131z\u0131n xo\u015fb\u0259xtliyini Heyd\u0259r \u018fliyev siyasi kursunun davam\u0131nda g\u00f6r\u0259n YAP Z\u0259rdab rayon t\u0259\u015fkilat\u0131n\u0131n g\u0259ncl\u0259ri \u00f6z konfranslar\u0131n\u0131 y\u00fcks\u0259k sevinc v\u0259 \u0259m\u0259k nailiyy\u0259tl\u0259ri il\u0259, Yeni Az\u0259rbaycan Partiyas\u0131n\u0131n S\u0259dri, \u00f6lk\u0259 Prezidenti \u0130lham \u018fliyevin \u0259traf\u0131nda s\u0131x birl\u0259\u015fm\u0259kl\u0259, s\u0259m\u0259r\u0259li v\u0259 m\u00f6ht\u0259\u015f\u0259m f\u0259aliyy\u0259tini d\u0259st\u0259kl\u0259m\u0259k \u0259zmi il\u0259 qeyd edirl\u0259r. \u201cSon g\u00fcnl\u0259r rayonda\u00a0 geni\u015f\u00a0 v\u00fcs\u0259t alm\u0131\u015f quruculuq-abadl\u0131q i\u015fl\u0259rind\u0259 YAP f\u0259allar\u0131, o c\u00fcml\u0259d\u0259n g\u0259ncl\u0259r d\u0259 x\u00fcsusi\u00a0 aktivlik g\u00f6st\u0259rir v\u0259 rayonun daha da g\u00f6z\u0259ll\u0259\u015fm\u0259si istiqam\u0259tind\u0259 rayon r\u0259hb\u0259rliyi il\u0259 birg\u0259 olduqlar\u0131n\u0131 n\u00fcmayi\u015f etdirirl\u0259r.\u201d<\/p>\n<p>\u00d6t\u0259n konfransdan ke\u00e7\u0259n m\u00fcdd\u0259t \u0259rzind\u0259 YAP Z\u0259rdab rayon t\u0259\u015fkilat\u0131 G\u0259ncl\u0259r Birliyinin g\u00f6rd\u00fcy\u00fc i\u015fl\u0259r bar\u0259d\u0259 rayon t\u0259\u015fkilat\u0131 G\u0259ncl\u0259r Birliyinin s\u0259dri Ramin \u018fliyev m\u0259ruz\u0259 il\u0259 \u00e7\u0131x\u0131\u015f ed\u0259r\u0259k m\u0259lumat verdi ki, Yeni Az\u0259rbaycan Partiyas\u0131 Z\u0259rdab rayon t\u0259\u015fkilat\u0131n\u0131n G\u0259ncl\u0259r Birliyinin\u00a0 \u00fczvl\u0259rinin say\u0131 1747 n\u0259f\u0259rdir. Onlardan 538 n\u0259f\u0259ri ali t\u0259hsilli, 275 n\u0259f\u0259ri orta ixtisas t\u0259hsilli, 934 n\u0259f\u0259ri is\u0259 orta t\u0259hsillidir. YAP Z\u0259rdab rayon t\u0259\u015fkilat\u0131 G\u0259ncl\u0259r Birliyi \u00fczvl\u0259rinin 701 n\u0259f\u0259ri qad\u0131nlard\u0131r.<\/p>\n<p>T\u0259\u015fkilat\u0131n g\u0259nc \u00fczvl\u0259ri aras\u0131nda 3 n\u0259f\u0259r ustal\u0131\u011fa namiz\u0259d,\u00a0 2 n\u0259f\u0259r idman ustas\u0131,\u00a0 2 n\u0259f\u0259r Respublika \u00e7empionu, 1 n\u0259f\u0259r Avropa \u00e7empionu var.<\/p>\n<p>\u201c\u00dczvl\u0259rimizin b\u00f6y\u00fck \u0259ks\u0259riyy\u0259tini g\u0259ncl\u0259rin t\u0259\u015fkil etm\u0259si, m\u00fcst\u0259qillik qazanm\u0131\u015f v\u0259 \u00e7\u0259tin ke\u00e7id d\u00f6vr\u00fcn\u00fc ya\u015fayan \u00f6lk\u0259mizd\u0259 \u0259ld\u0259 olunan nailiyy\u0259tl\u0259rin n\u0259tic\u0259si kimi v\u0259 Yeni Az\u0259rbaycan Partiyas\u0131na c\u0259miyy\u0259td\u0259 artan inam\u0131n t\u0259zah\u00fcr\u00fc, ulu \u00f6nd\u0259r Heyd\u0259r \u018fliyevin siyasi kursunun layiqli davam\u00e7\u0131s\u0131 \u00f6lk\u0259 Prezidenti \u0130lham \u018fliyevin Az\u0259rbaycan xalq\u0131na \u0259n \u0259sas\u0131 is\u0259 g\u0259ncl\u0259r\u0259 g\u00f6st\u0259ril\u0259n diqq\u0259t v\u0259 qay\u011f\u0131n\u0131n n\u0259tic\u0259si kimi, qiym\u0259tl\u0259ndirm\u0259k olar.\u201d R.\u018fliyev qeyd etdi ki, YAP Z\u0259rdab rayon t\u0259\u015fkilat\u0131n\u0131n g\u0259ncl\u0259ri Partiya S\u0259dri, d\u00f6vl\u0259t ba\u015f\u00e7\u0131s\u0131 \u0130lham \u018fliyevin \u00f6lk\u0259miz \u00fc\u00e7\u00fcn h\u0259yata ke\u00e7irdiyi u\u011furlu siyas\u0259t\u0259 \u00f6z t\u00f6hf\u0259sini verirl\u0259r.<\/p>\n<p>YAP Z\u0259rdab rayon t\u0259\u015fkilat\u0131 G\u0259ncl\u0259r Birliyinin s\u0259dri sonda vur\u011fulad\u0131 ki, YAP S\u0259dri, Prezident \u0130lham \u018fliyevi \u0259min edirik ki, Yeni Az\u0259rbaycan Partiyas\u0131 Z\u0259rdab rayon t\u0259\u015fkilat\u0131 v\u0259 onun G\u0259ncl\u0259r Birliyi bundan sonra da \u00f6z \u00fcz\u0259rin\u0259 d\u00fc\u015f\u0259n v\u0259zif\u0259l\u0259rin \u00f6hd\u0259sind\u0259n layiqinc\u0259 g\u0259l\u0259c\u0259k v\u0259 Prezidentimizin \u0259n yax\u0131n k\u00f6m\u0259k\u00e7isi olacaq.<\/p>\n<p>YAP Z\u0259rdab rayon t\u0259\u015fkilat\u0131n\u0131n f\u0259al g\u0259ncl\u0259rind\u0259n Mais\u0259 \u0130smay\u0131lova, \u015e\u0259hriyar \u0130smiyev m\u0259ruz\u0259 \u0259traf\u0131nda \u00e7\u0131x\u0131\u015f etdil\u0259r.<\/p>\n<p>Daha sonra t\u0259\u015fkilat\u0131 m\u0259s\u0259l\u0259l\u0259r\u0259 bax\u0131ld\u0131. YAP Z\u0259rdab rayon t\u0259\u015fkilat\u0131 G\u0259ncl\u0259r Birliyinin 17 n\u0259f\u0259rd\u0259n ibar\u0259t \u015eura \u00fczv\u00fc, 11 n\u0259f\u0259rd\u0259n ibar\u0259t G\u0259ncl\u0259r Birliyinin \u0130dar\u0259 hey\u0259tinin \u00fczv\u00fc, rayon G\u0259ncl\u0259r Birliyinin s\u0259dri \u018fl\u0259kb\u0259r K\u0259rimov, m\u00fcavinl\u0259ri\u00a0 Nihad Q\u0259nim\u0259to\u011flu v\u0259 Aynur M\u0259mm\u0259dova se\u00e7ildil\u0259r. YAP G\u0259ncl\u0259r Birliyinin respublika konfrans\u0131na 2 n\u0259f\u0259r n\u00fcmay\u0259nd\u0259 se\u00e7ildi.<\/p>\n<p>Konfransda &#8220;Yeni Az\u0259rbaycan&#8221; q\u0259zetinin ba\u015f redaktoru, siyasi elml\u0259r doktoru, yaz\u0131\u00e7\u0131, Az\u0259rbaycan Jurnalistl\u0259r Birliyinin \u00fczv\u00fc Hikm\u0259t Babao\u011flu, YAP Siyasi \u015euras\u0131n\u0131n \u00fczv\u00fc, YAP G\u0259ncl\u0259r Birliyinin s\u0259dri Seymur Orucov, YAP \u0130cra Katibliyinin m\u0259sul i\u015f\u00e7isi H\u0259s\u0259n Da\u015fd\u0259mirov, YAP Z\u0259rdab rayon t\u0259\u015fkilat\u0131n\u0131n idar\u0259 hey\u0259tinin \u00fczv\u00fc, Z\u0259rdab rayon \u0130cra Hakimiyy\u0259tinin ba\u015f\u00e7\u0131s\u0131 L\u00fctv\u0259li Babayev \u00e7\u0131x\u0131\u015f etdil\u0259r.<\/p>\n<p>T\u0259dbird\u0259 konfrans i\u015ftirak\u00e7\u0131lar\u0131 ad\u0131ndan Yeni Az\u0259rbaycan Partiyas\u0131n\u0131n\u00a0 S\u0259dri, Prezident \u0130lham \u018fliyev\u0259 m\u00fcraci\u0259t q\u0259bul olundu.<\/p>\n<p>Konfrans\u0131n sonunda partiya s\u0131ralar\u0131na q\u0259bul olunmu\u015f bir qrup g\u0259nc\u0259 Yeni Az\u0259rbaycan Partiyas\u0131n\u0131n \u00fczvl\u00fck v\u0259siq\u0259l\u0259ri t\u0259qdim olunub.<\/p>\n<p><span style=\"color: #0000ff;\"><strong>YAP <\/strong><strong>Z\u0259rdab<\/strong><strong> rayon t\u0259\u015fkilat\u0131<a href=\"http:\/\/www.zerdab.com\/wp-content\/uploads\/2015\/04\/YAP-Z\u0259rdab-Rayon-T\u0259\u015fkilat\u0131-2.jpg\"><br \/>\n<\/a><a href=\"http:\/\/www.zerdab.com\/wp-content\/uploads\/2015\/04\/YAP-Z\u0259rdab-Rayon-T\u0259\u015fkilat\u0131-.jpg\"><img loading=\"lazy\" decoding=\"async\" class=\"aligncenter size-large wp-image-18881\" src=\"http:\/\/www.zerdab.com\/wp-content\/uploads\/2015\/04\/YAP-Z\u0259rdab-Rayon-T\u0259\u015fkilat\u0131--550x365.jpg\" alt=\"YAP Z\u0259rdab Rayon T\u0259\u015fkilat\u0131\" width=\"550\" height=\"365\" \/><\/a><a href=\"http:\/\/www.zerdab.com\/wp-content\/uploads\/2015\/04\/YAP-Z\u0259rdab-Rayon-T\u0259\u015fkilat\u0131-2.jpg\"><img loading=\"lazy\" decoding=\"async\" class=\"aligncenter size-large wp-image-18883\" src=\"http:\/\/www.zerdab.com\/wp-content\/uploads\/2015\/04\/YAP-Z\u0259rdab-Rayon-T\u0259\u015fkilat\u0131-2-550x365.jpg\" alt=\"YAP Z\u0259rdab Rayon T\u0259\u015fkilat\u0131\" width=\"550\" height=\"365\" \/><\/a><\/strong><\/span><\/p>\n","protected":false},"excerpt":{"rendered":"<p>Yeni Az\u0259rbaycan Partiyas\u0131 Z\u0259rdab rayon t\u0259\u015fkilat\u0131 G\u0259ncl\u0259r Birliyinin IV konfrans\u0131 ke\u00e7irildi. Konfransda &#8220;Yeni Az\u0259rbaycan&#8221; q\u0259zetinin ba\u015f redaktoru, siyasi elml\u0259r doktoru, yaz\u0131\u00e7\u0131, Az\u0259rbaycan Jurnalistl\u0259r Birliyinin \u00fczv\u00fc Hikm\u0259t Babao\u011flu, YAP Siyasi \u015euras\u0131n\u0131n \u00fczv\u00fc, YAP G\u0259ncl\u0259r Birliyinin s\u0259dri Seymur Orucov, YAP \u0130cra Katibliyinin m\u0259sul i\u015f\u00e7isi H\u0259s\u0259n Da\u015fd\u0259mirov, YAP Z\u0259rdab rayon t\u0259\u015fkilat\u0131n\u0131n idar\u0259 hey\u0259tinin \u00fczv\u00fc, Z\u0259rdab rayon \u0130cra Hakimiyy\u0259tinin [&hellip;]<\/p>\n","protected":false},"author":1,"featured_media":0,"comment_status":"open","ping_status":"open","sticky":false,"template":"","format":"standard","meta":{"footnotes":""},"categories":[5],"tags":[],"class_list":{"0":"post-18880","1":"post","2":"type-post","3":"status-publish","4":"format-standard","6":"category-knd"},"yoast_head":"<!-- This site is optimized with the Yoast SEO plugin v27.0 - https:\/\/yoast.com\/product\/yoast-seo-wordpress\/ -->\n<title>YAP Z\u0259rdab rayon t\u0259\u015fkilat\u0131 G\u0259ncl\u0259r Birliyinin IV hesabat se\u00e7ki konfrans\u0131 ke\u00e7irildi - Z\u0259rdab.com<\/title>\n<meta name=\"robots\" content=\"index, follow, max-snippet:-1, max-image-preview:large, max-video-preview:-1\" \/>\n<link rel=\"canonical\" href=\"https:\/\/www.zerdab.com\/?p=18880\" \/>\n<meta property=\"og:locale\" content=\"az_AZ\" \/>\n<meta property=\"og:type\" content=\"article\" \/>\n<meta property=\"og:title\" content=\"YAP Z\u0259rdab rayon t\u0259\u015fkilat\u0131 G\u0259ncl\u0259r Birliyinin IV hesabat se\u00e7ki konfrans\u0131 ke\u00e7irildi - Z\u0259rdab.com\" \/>\n<meta property=\"og:description\" content=\"Yeni Az\u0259rbaycan Partiyas\u0131 Z\u0259rdab rayon t\u0259\u015fkilat\u0131 G\u0259ncl\u0259r Birliyinin IV konfrans\u0131 ke\u00e7irildi. Konfransda &#8220;Yeni Az\u0259rbaycan&#8221; q\u0259zetinin ba\u015f redaktoru, siyasi elml\u0259r doktoru, yaz\u0131\u00e7\u0131, Az\u0259rbaycan Jurnalistl\u0259r Birliyinin \u00fczv\u00fc Hikm\u0259t Babao\u011flu, YAP Siyasi \u015euras\u0131n\u0131n \u00fczv\u00fc, YAP G\u0259ncl\u0259r Birliyinin s\u0259dri Seymur Orucov, YAP \u0130cra Katibliyinin m\u0259sul i\u015f\u00e7isi H\u0259s\u0259n Da\u015fd\u0259mirov, YAP Z\u0259rdab rayon t\u0259\u015fkilat\u0131n\u0131n idar\u0259 hey\u0259tinin \u00fczv\u00fc, Z\u0259rdab rayon \u0130cra Hakimiyy\u0259tinin [&hellip;]\" \/>\n<meta property=\"og:url\" content=\"https:\/\/www.zerdab.com\/?p=18880\" \/>\n<meta property=\"og:site_name\" content=\"Z\u0259rdab.com\" \/>\n<meta property=\"article:published_time\" content=\"2015-04-02T07:28:37+00:00\" \/>\n<meta name=\"author\" content=\"admin\" \/>\n<meta name=\"twitter:card\" content=\"summary_large_image\" \/>\n<meta name=\"twitter:label1\" content=\"Written by\" \/>\n\t<meta name=\"twitter:data1\" content=\"admin\" \/>\n\t<meta name=\"twitter:label2\" content=\"Est. reading time\" \/>\n\t<meta name=\"twitter:data2\" content=\"5 minutes\" \/>\n<script type=\"application\/ld+json\" class=\"yoast-schema-graph\">{\"@context\":\"https:\/\/schema.org\",\"@graph\":[{\"@type\":\"Article\",\"@id\":\"https:\/\/www.zerdab.com\/?p=18880#article\",\"isPartOf\":{\"@id\":\"https:\/\/www.zerdab.com\/?p=18880\"},\"author\":{\"name\":\"admin\",\"@id\":\"https:\/\/www.zerdab.com\/#\/schema\/person\/97079b7570c1e89ec0d9e138c3672136\"},\"headline\":\"YAP Z\u0259rdab rayon t\u0259\u015fkilat\u0131 G\u0259ncl\u0259r Birliyinin IV hesabat se\u00e7ki konfrans\u0131 ke\u00e7irildi\",\"datePublished\":\"2015-04-02T07:28:37+00:00\",\"mainEntityOfPage\":{\"@id\":\"https:\/\/www.zerdab.com\/?p=18880\"},\"wordCount\":1086,\"commentCount\":0,\"articleSection\":[\"X\u018fB\u018fRL\u018fR\"],\"inLanguage\":\"az\",\"potentialAction\":[{\"@type\":\"CommentAction\",\"name\":\"Comment\",\"target\":[\"https:\/\/www.zerdab.com\/?p=18880#respond\"]}]},{\"@type\":\"WebPage\",\"@id\":\"https:\/\/www.zerdab.com\/?p=18880\",\"url\":\"https:\/\/www.zerdab.com\/?p=18880\",\"name\":\"YAP Z\u0259rdab rayon t\u0259\u015fkilat\u0131 G\u0259ncl\u0259r Birliyinin IV hesabat se\u00e7ki konfrans\u0131 ke\u00e7irildi - Z\u0259rdab.com\",\"isPartOf\":{\"@id\":\"https:\/\/www.zerdab.com\/#website\"},\"datePublished\":\"2015-04-02T07:28:37+00:00\",\"author\":{\"@id\":\"https:\/\/www.zerdab.com\/#\/schema\/person\/97079b7570c1e89ec0d9e138c3672136\"},\"breadcrumb\":{\"@id\":\"https:\/\/www.zerdab.com\/?p=18880#breadcrumb\"},\"inLanguage\":\"az\",\"potentialAction\":[{\"@type\":\"ReadAction\",\"target\":[\"https:\/\/www.zerdab.com\/?p=18880\"]}]},{\"@type\":\"BreadcrumbList\",\"@id\":\"https:\/\/www.zerdab.com\/?p=18880#breadcrumb\",\"itemListElement\":[{\"@type\":\"ListItem\",\"position\":1,\"name\":\"Home\",\"item\":\"https:\/\/www.zerdab.com\/\"},{\"@type\":\"ListItem\",\"position\":2,\"name\":\"YAP Z\u0259rdab rayon t\u0259\u015fkilat\u0131 G\u0259ncl\u0259r Birliyinin IV hesabat se\u00e7ki konfrans\u0131 ke\u00e7irildi\"}]},{\"@type\":\"WebSite\",\"@id\":\"https:\/\/www.zerdab.com\/#website\",\"url\":\"https:\/\/www.zerdab.com\/\",\"name\":\"Z\u0259rdab.com\",\"description\":\"\",\"potentialAction\":[{\"@type\":\"SearchAction\",\"target\":{\"@type\":\"EntryPoint\",\"urlTemplate\":\"https:\/\/www.zerdab.com\/?s={search_term_string}\"},\"query-input\":{\"@type\":\"PropertyValueSpecification\",\"valueRequired\":true,\"valueName\":\"search_term_string\"}}],\"inLanguage\":\"az\"},{\"@type\":\"Person\",\"@id\":\"https:\/\/www.zerdab.com\/#\/schema\/person\/97079b7570c1e89ec0d9e138c3672136\",\"name\":\"admin\",\"image\":{\"@type\":\"ImageObject\",\"inLanguage\":\"az\",\"@id\":\"https:\/\/www.zerdab.com\/#\/schema\/person\/image\/\",\"url\":\"https:\/\/secure.gravatar.com\/avatar\/d9c52a9a27c32119cb6679a077fa3e2779e5f822c451cbf01098004361d466ec?s=96&d=mm&r=g\",\"contentUrl\":\"https:\/\/secure.gravatar.com\/avatar\/d9c52a9a27c32119cb6679a077fa3e2779e5f822c451cbf01098004361d466ec?s=96&d=mm&r=g\",\"caption\":\"admin\"},\"url\":\"https:\/\/www.zerdab.com\/?author=1\"}]}<\/script>\n<!-- \/ Yoast SEO plugin. -->","yoast_head_json":{"title":"YAP Z\u0259rdab rayon t\u0259\u015fkilat\u0131 G\u0259ncl\u0259r Birliyinin IV hesabat se\u00e7ki konfrans\u0131 ke\u00e7irildi - Z\u0259rdab.com","robots":{"index":"index","follow":"follow","max-snippet":"max-snippet:-1","max-image-preview":"max-image-preview:large","max-video-preview":"max-video-preview:-1"},"canonical":"https:\/\/www.zerdab.com\/?p=18880","og_locale":"az_AZ","og_type":"article","og_title":"YAP Z\u0259rdab rayon t\u0259\u015fkilat\u0131 G\u0259ncl\u0259r Birliyinin IV hesabat se\u00e7ki konfrans\u0131 ke\u00e7irildi - Z\u0259rdab.com","og_description":"Yeni Az\u0259rbaycan Partiyas\u0131 Z\u0259rdab rayon t\u0259\u015fkilat\u0131 G\u0259ncl\u0259r Birliyinin IV konfrans\u0131 ke\u00e7irildi. Konfransda &#8220;Yeni Az\u0259rbaycan&#8221; q\u0259zetinin ba\u015f redaktoru, siyasi elml\u0259r doktoru, yaz\u0131\u00e7\u0131, Az\u0259rbaycan Jurnalistl\u0259r Birliyinin \u00fczv\u00fc Hikm\u0259t Babao\u011flu, YAP Siyasi \u015euras\u0131n\u0131n \u00fczv\u00fc, YAP G\u0259ncl\u0259r Birliyinin s\u0259dri Seymur Orucov, YAP \u0130cra Katibliyinin m\u0259sul i\u015f\u00e7isi H\u0259s\u0259n Da\u015fd\u0259mirov, YAP Z\u0259rdab rayon t\u0259\u015fkilat\u0131n\u0131n idar\u0259 hey\u0259tinin \u00fczv\u00fc, Z\u0259rdab rayon \u0130cra Hakimiyy\u0259tinin [&hellip;]","og_url":"https:\/\/www.zerdab.com\/?p=18880","og_site_name":"Z\u0259rdab.com","article_published_time":"2015-04-02T07:28:37+00:00","author":"admin","twitter_card":"summary_large_image","twitter_misc":{"Written by":"admin","Est. reading time":"5 minutes"},"schema":{"@context":"https:\/\/schema.org","@graph":[{"@type":"Article","@id":"https:\/\/www.zerdab.com\/?p=18880#article","isPartOf":{"@id":"https:\/\/www.zerdab.com\/?p=18880"},"author":{"name":"admin","@id":"https:\/\/www.zerdab.com\/#\/schema\/person\/97079b7570c1e89ec0d9e138c3672136"},"headline":"YAP Z\u0259rdab rayon t\u0259\u015fkilat\u0131 G\u0259ncl\u0259r Birliyinin IV hesabat se\u00e7ki konfrans\u0131 ke\u00e7irildi","datePublished":"2015-04-02T07:28:37+00:00","mainEntityOfPage":{"@id":"https:\/\/www.zerdab.com\/?p=18880"},"wordCount":1086,"commentCount":0,"articleSection":["X\u018fB\u018fRL\u018fR"],"inLanguage":"az","potentialAction":[{"@type":"CommentAction","name":"Comment","target":["https:\/\/www.zerdab.com\/?p=18880#respond"]}]},{"@type":"WebPage","@id":"https:\/\/www.zerdab.com\/?p=18880","url":"https:\/\/www.zerdab.com\/?p=18880","name":"YAP Z\u0259rdab rayon t\u0259\u015fkilat\u0131 G\u0259ncl\u0259r Birliyinin IV hesabat se\u00e7ki konfrans\u0131 ke\u00e7irildi - Z\u0259rdab.com","isPartOf":{"@id":"https:\/\/www.zerdab.com\/#website"},"datePublished":"2015-04-02T07:28:37+00:00","author":{"@id":"https:\/\/www.zerdab.com\/#\/schema\/person\/97079b7570c1e89ec0d9e138c3672136"},"breadcrumb":{"@id":"https:\/\/www.zerdab.com\/?p=18880#breadcrumb"},"inLanguage":"az","potentialAction":[{"@type":"ReadAction","target":["https:\/\/www.zerdab.com\/?p=18880"]}]},{"@type":"BreadcrumbList","@id":"https:\/\/www.zerdab.com\/?p=18880#breadcrumb","itemListElement":[{"@type":"ListItem","position":1,"name":"Home","item":"https:\/\/www.zerdab.com\/"},{"@type":"ListItem","position":2,"name":"YAP Z\u0259rdab rayon t\u0259\u015fkilat\u0131 G\u0259ncl\u0259r Birliyinin IV hesabat se\u00e7ki konfrans\u0131 ke\u00e7irildi"}]},{"@type":"WebSite","@id":"https:\/\/www.zerdab.com\/#website","url":"https:\/\/www.zerdab.com\/","name":"Z\u0259rdab.com","description":"","potentialAction":[{"@type":"SearchAction","target":{"@type":"EntryPoint","urlTemplate":"https:\/\/www.zerdab.com\/?s={search_term_string}"},"query-input":{"@type":"PropertyValueSpecification","valueRequired":true,"valueName":"search_term_string"}}],"inLanguage":"az"},{"@type":"Person","@id":"https:\/\/www.zerdab.com\/#\/schema\/person\/97079b7570c1e89ec0d9e138c3672136","name":"admin","image":{"@type":"ImageObject","inLanguage":"az","@id":"https:\/\/www.zerdab.com\/#\/schema\/person\/image\/","url":"https:\/\/secure.gravatar.com\/avatar\/d9c52a9a27c32119cb6679a077fa3e2779e5f822c451cbf01098004361d466ec?s=96&d=mm&r=g","contentUrl":"https:\/\/secure.gravatar.com\/avatar\/d9c52a9a27c32119cb6679a077fa3e2779e5f822c451cbf01098004361d466ec?s=96&d=mm&r=g","caption":"admin"},"url":"https:\/\/www.zerdab.com\/?author=1"}]}},"_links":{"self":[{"href":"https:\/\/www.zerdab.com\/index.php?rest_route=\/wp\/v2\/posts\/18880","targetHints":{"allow":["GET"]}}],"collection":[{"href":"https:\/\/www.zerdab.com\/index.php?rest_route=\/wp\/v2\/posts"}],"about":[{"href":"https:\/\/www.zerdab.com\/index.php?rest_route=\/wp\/v2\/types\/post"}],"author":[{"embeddable":true,"href":"https:\/\/www.zerdab.com\/index.php?rest_route=\/wp\/v2\/users\/1"}],"replies":[{"embeddable":true,"href":"https:\/\/www.zerdab.com\/index.php?rest_route=%2Fwp%2Fv2%2Fcomments&post=18880"}],"version-history":[{"count":2,"href":"https:\/\/www.zerdab.com\/index.php?rest_route=\/wp\/v2\/posts\/18880\/revisions"}],"predecessor-version":[{"id":18885,"href":"https:\/\/www.zerdab.com\/index.php?rest_route=\/wp\/v2\/posts\/18880\/revisions\/18885"}],"wp:attachment":[{"href":"https:\/\/www.zerdab.com\/index.php?rest_route=%2Fwp%2Fv2%2Fmedia&parent=18880"}],"wp:term":[{"taxonomy":"category","embeddable":true,"href":"https:\/\/www.zerdab.com\/index.php?rest_route=%2Fwp%2Fv2%2Fcategories&post=18880"},{"taxonomy":"post_tag","embeddable":true,"href":"https:\/\/www.zerdab.com\/index.php?rest_route=%2Fwp%2Fv2%2Ftags&post=18880"}],"curies":[{"name":"wp","href":"https:\/\/api.w.org\/{rel}","templated":true}]}}