{"id":18993,"date":"2015-04-12T13:28:13","date_gmt":"2015-04-12T08:28:13","guid":{"rendered":"http:\/\/www.zerdab.com\/?p=18993"},"modified":"2015-04-12T13:28:13","modified_gmt":"2015-04-12T08:28:13","slug":"z%c9%99rdabda-m%c9%99kt%c9%99bli-g%c9%99ncl%c9%99r%c9%99-seminar-kecirildi","status":"publish","type":"post","link":"https:\/\/www.zerdab.com\/?p=18993","title":{"rendered":"Z\u0259rdabda m\u0259kt\u0259bli g\u0259ncl\u0259r\u0259 seminar ke\u00e7irildi"},"content":{"rendered":"<p><a href=\"http:\/\/www.zerdab.com\/wp-content\/uploads\/2015\/04\/G\u0259ncliy\u0259-D\u0259st\u0259k.jpg\"><img loading=\"lazy\" decoding=\"async\" class=\"aligncenter size-large wp-image-18994\" src=\"http:\/\/www.zerdab.com\/wp-content\/uploads\/2015\/04\/G\u0259ncliy\u0259-D\u0259st\u0259k-550x413.jpg\" alt=\"G\u0259ncliy\u0259 D\u0259st\u0259k\" width=\"550\" height=\"413\" \/><\/a>\u00a0\u00a0 &#8220;G\u0259ncliy\u0259 D\u0259st\u0259k&#8221; \u0130ctimai Birliyi Az\u0259rbaycan G\u0259ncl\u0259r Fondunun d\u0259st\u0259yi il\u0259 Z\u0259rdab \u015f\u0259h\u0259r 3 sayl\u0131 tam orta m\u0259kt\u0259bind\u0259 &#8220;V\u0259t\u0259nimizi sev\u0259k-tariximizi \u00f6yr\u0259n\u0259k!&#8221; adl\u0131 layih\u0259 \u00e7\u0259r\u00e7iv\u0259sind\u0259 m\u0259kt\u0259bli g\u0259ncl\u0259r\u0259 seminar ke\u00e7irdi. M\u0259kt\u0259bli g\u0259ncl\u0259r\u0259 tariximizin \u0259n parlaq s\u0259hif\u0259l\u0259rind\u0259n olan d\u00f6vl\u0259t\u00e7ilik salnam\u0259l\u0259ri, x\u00fcsusil\u0259 m\u00fcs\u0259lman \u015f\u0259rqind\u0259 ilk parlament respublikas\u0131 olan Az\u0259rbaycan Xalq C\u00fcmhuriyy\u0259ti tarixi haqq\u0131nda bilikl\u0259r \u00e7atd\u0131r\u0131ld\u0131. T\u0259dbird\u0259 layih\u0259nin r\u0259hb\u0259ri, &#8220;G\u0259ncliy\u0259 D\u0259st\u0259k&#8221; \u0130ctimai Birliyinin s\u0259dri Eldar X\u0259lilov layih\u0259nin m\u0259qs\u0259dind\u0259n, Az\u0259rbaycan Xalq Cumhiriyy\u0259tinin v\u0259 el\u0259c\u0259d\u0259 tariximizin \u00f6yr\u0259nilm\u0259sinin \u0259h\u0259miyy\u0259tind\u0259n dan\u0131\u015fd\u0131 v\u0259 m\u0259kt\u0259bli g\u0259ncl\u0259r\u0259 Az\u0259rbaycan\u0131n milli d\u00f6vl\u0259t atributlar\u0131n\u0131 uca tutma\u011f\u0131, v\u0259t\u0259ni sevm\u0259yi v\u0259 xalq\u0131m\u0131z\u0131n d\u00f6vl\u0259t\u00e7ilik salnam\u0259l\u0259rini \u00f6yr\u0259nm\u0259yi t\u00f6vsiy\u0259 etdi. T\u0259dbird\u0259 Z\u0259rdab \u015f\u0259h\u0259r 3 sayl\u0131 m\u0259kt\u0259bin direktoru R\u0259na \u018fhm\u0259dova \u00e7\u0131x\u0131\u015f ed\u0259r\u0259k layih\u0259nin m\u0259qs\u0259dind\u0259n, Az\u0259rbaycan Xalq Cumhiriyy\u0259tinin v\u0259 el\u0259c\u0259d\u0259 tariximizin \u00f6yr\u0259nilm\u0259sinin \u0259h\u0259miyy\u0259tind\u0259n dan\u0131\u015fd\u0131. Qeyd olundu ki, bu layih\u0259nin icra olunmas\u0131 g\u0259ncl\u0259rin v\u0259t\u0259np\u0259rv\u0259rlik hissl\u0259rinin inki\u015faf\u0131na b\u00f6y\u00fck t\u0259siri olacaqd\u0131r. Xat\u0131rladaq ki, layih\u0259nin m\u0259qs\u0259di g\u0259ncl\u0259r\u0259 Az\u0259rbaycan\u0131n milli d\u00f6vl\u0259t atributlar\u0131n\u0131 uca tutma\u011f\u0131, v\u0259t\u0259ni sevm\u0259yi a\u015f\u0131lamaq v\u0259 xalq\u0131m\u0131z\u0131n d\u00f6vl\u0259t\u00e7ilik salnam\u0259sini \u00f6yr\u0259tm\u0259kd\u0259n ibar\u0259tdir.<\/p>\n<p><strong>&#8220;G\u0259ncliy\u0259 D\u0259st\u0259k&#8221; \u0130ctimai Birliyi<\/strong><\/p>\n<p><strong><a href=\"http:\/\/www.zerdab.com\/wp-content\/uploads\/2015\/04\/G\u0259ncliy\u0259-D\u0259st\u0259k3.jpg\"><img loading=\"lazy\" decoding=\"async\" class=\"aligncenter size-large wp-image-18997\" src=\"http:\/\/www.zerdab.com\/wp-content\/uploads\/2015\/04\/G\u0259ncliy\u0259-D\u0259st\u0259k3-550x413.jpg\" alt=\"G\u0259ncliy\u0259 D\u0259st\u0259k\" width=\"550\" height=\"413\" \/><\/a><a href=\"http:\/\/www.zerdab.com\/wp-content\/uploads\/2015\/04\/G\u0259ncliy\u0259-D\u0259st\u0259k1.jpg\"><img loading=\"lazy\" decoding=\"async\" class=\"aligncenter size-large wp-image-18995\" src=\"http:\/\/www.zerdab.com\/wp-content\/uploads\/2015\/04\/G\u0259ncliy\u0259-D\u0259st\u0259k1-550x413.jpg\" alt=\"G\u0259ncliy\u0259 D\u0259st\u0259k\" width=\"550\" height=\"413\" \/><\/a><\/strong><\/p>\n<p><a href=\"http:\/\/www.zerdab.com\/wp-content\/uploads\/2015\/04\/G\u0259ncliy\u0259-D\u0259st\u0259k2.jpg\"><img loading=\"lazy\" decoding=\"async\" class=\"aligncenter size-large wp-image-18996\" src=\"http:\/\/www.zerdab.com\/wp-content\/uploads\/2015\/04\/G\u0259ncliy\u0259-D\u0259st\u0259k2-550x413.jpg\" alt=\"G\u0259ncliy\u0259 D\u0259st\u0259k\" width=\"550\" height=\"413\" \/><\/a><\/p>\n","protected":false},"excerpt":{"rendered":"<p>\u00a0\u00a0 &#8220;G\u0259ncliy\u0259 D\u0259st\u0259k&#8221; \u0130ctimai Birliyi Az\u0259rbaycan G\u0259ncl\u0259r Fondunun d\u0259st\u0259yi il\u0259 Z\u0259rdab \u015f\u0259h\u0259r 3 sayl\u0131 tam orta m\u0259kt\u0259bind\u0259 &#8220;V\u0259t\u0259nimizi sev\u0259k-tariximizi \u00f6yr\u0259n\u0259k!&#8221; adl\u0131 layih\u0259 \u00e7\u0259r\u00e7iv\u0259sind\u0259 m\u0259kt\u0259bli g\u0259ncl\u0259r\u0259 seminar ke\u00e7irdi. M\u0259kt\u0259bli g\u0259ncl\u0259r\u0259 tariximizin \u0259n parlaq s\u0259hif\u0259l\u0259rind\u0259n olan d\u00f6vl\u0259t\u00e7ilik salnam\u0259l\u0259ri, x\u00fcsusil\u0259 m\u00fcs\u0259lman \u015f\u0259rqind\u0259 ilk parlament respublikas\u0131 olan Az\u0259rbaycan Xalq C\u00fcmhuriyy\u0259ti tarixi haqq\u0131nda bilikl\u0259r \u00e7atd\u0131r\u0131ld\u0131. T\u0259dbird\u0259 layih\u0259nin r\u0259hb\u0259ri, &#8220;G\u0259ncliy\u0259 D\u0259st\u0259k&#8221; [&hellip;]<\/p>\n","protected":false},"author":1,"featured_media":0,"comment_status":"open","ping_status":"open","sticky":false,"template":"","format":"standard","meta":{"footnotes":""},"categories":[5],"tags":[],"class_list":{"0":"post-18993","1":"post","2":"type-post","3":"status-publish","4":"format-standard","6":"category-knd"},"yoast_head":"<!-- This site is optimized with the Yoast SEO plugin v27.0 - https:\/\/yoast.com\/product\/yoast-seo-wordpress\/ -->\n<title>Z\u0259rdabda m\u0259kt\u0259bli g\u0259ncl\u0259r\u0259 seminar ke\u00e7irildi - Z\u0259rdab.com<\/title>\n<meta name=\"robots\" content=\"index, follow, max-snippet:-1, max-image-preview:large, max-video-preview:-1\" \/>\n<link rel=\"canonical\" href=\"https:\/\/www.zerdab.com\/?p=18993\" \/>\n<meta property=\"og:locale\" content=\"az_AZ\" \/>\n<meta property=\"og:type\" content=\"article\" \/>\n<meta property=\"og:title\" content=\"Z\u0259rdabda m\u0259kt\u0259bli g\u0259ncl\u0259r\u0259 seminar ke\u00e7irildi - Z\u0259rdab.com\" \/>\n<meta property=\"og:description\" content=\"\u00a0\u00a0 &#8220;G\u0259ncliy\u0259 D\u0259st\u0259k&#8221; \u0130ctimai Birliyi Az\u0259rbaycan G\u0259ncl\u0259r Fondunun d\u0259st\u0259yi il\u0259 Z\u0259rdab \u015f\u0259h\u0259r 3 sayl\u0131 tam orta m\u0259kt\u0259bind\u0259 &#8220;V\u0259t\u0259nimizi sev\u0259k-tariximizi \u00f6yr\u0259n\u0259k!&#8221; adl\u0131 layih\u0259 \u00e7\u0259r\u00e7iv\u0259sind\u0259 m\u0259kt\u0259bli g\u0259ncl\u0259r\u0259 seminar ke\u00e7irdi. M\u0259kt\u0259bli g\u0259ncl\u0259r\u0259 tariximizin \u0259n parlaq s\u0259hif\u0259l\u0259rind\u0259n olan d\u00f6vl\u0259t\u00e7ilik salnam\u0259l\u0259ri, x\u00fcsusil\u0259 m\u00fcs\u0259lman \u015f\u0259rqind\u0259 ilk parlament respublikas\u0131 olan Az\u0259rbaycan Xalq C\u00fcmhuriyy\u0259ti tarixi haqq\u0131nda bilikl\u0259r \u00e7atd\u0131r\u0131ld\u0131. T\u0259dbird\u0259 layih\u0259nin r\u0259hb\u0259ri, &#8220;G\u0259ncliy\u0259 D\u0259st\u0259k&#8221; [&hellip;]\" \/>\n<meta property=\"og:url\" content=\"https:\/\/www.zerdab.com\/?p=18993\" \/>\n<meta property=\"og:site_name\" content=\"Z\u0259rdab.com\" \/>\n<meta property=\"article:published_time\" content=\"2015-04-12T08:28:13+00:00\" \/>\n<meta name=\"author\" content=\"admin\" \/>\n<meta name=\"twitter:card\" content=\"summary_large_image\" \/>\n<meta name=\"twitter:label1\" content=\"Written by\" \/>\n\t<meta name=\"twitter:data1\" content=\"admin\" \/>\n\t<meta name=\"twitter:label2\" content=\"Est. reading time\" \/>\n\t<meta name=\"twitter:data2\" content=\"2 minutes\" \/>\n<script type=\"application\/ld+json\" class=\"yoast-schema-graph\">{\"@context\":\"https:\/\/schema.org\",\"@graph\":[{\"@type\":\"Article\",\"@id\":\"https:\/\/www.zerdab.com\/?p=18993#article\",\"isPartOf\":{\"@id\":\"https:\/\/www.zerdab.com\/?p=18993\"},\"author\":{\"name\":\"admin\",\"@id\":\"https:\/\/www.zerdab.com\/#\/schema\/person\/97079b7570c1e89ec0d9e138c3672136\"},\"headline\":\"Z\u0259rdabda m\u0259kt\u0259bli g\u0259ncl\u0259r\u0259 seminar ke\u00e7irildi\",\"datePublished\":\"2015-04-12T08:28:13+00:00\",\"mainEntityOfPage\":{\"@id\":\"https:\/\/www.zerdab.com\/?p=18993\"},\"wordCount\":316,\"commentCount\":0,\"articleSection\":[\"X\u018fB\u018fRL\u018fR\"],\"inLanguage\":\"az\",\"potentialAction\":[{\"@type\":\"CommentAction\",\"name\":\"Comment\",\"target\":[\"https:\/\/www.zerdab.com\/?p=18993#respond\"]}]},{\"@type\":\"WebPage\",\"@id\":\"https:\/\/www.zerdab.com\/?p=18993\",\"url\":\"https:\/\/www.zerdab.com\/?p=18993\",\"name\":\"Z\u0259rdabda m\u0259kt\u0259bli g\u0259ncl\u0259r\u0259 seminar ke\u00e7irildi - Z\u0259rdab.com\",\"isPartOf\":{\"@id\":\"https:\/\/www.zerdab.com\/#website\"},\"datePublished\":\"2015-04-12T08:28:13+00:00\",\"author\":{\"@id\":\"https:\/\/www.zerdab.com\/#\/schema\/person\/97079b7570c1e89ec0d9e138c3672136\"},\"breadcrumb\":{\"@id\":\"https:\/\/www.zerdab.com\/?p=18993#breadcrumb\"},\"inLanguage\":\"az\",\"potentialAction\":[{\"@type\":\"ReadAction\",\"target\":[\"https:\/\/www.zerdab.com\/?p=18993\"]}]},{\"@type\":\"BreadcrumbList\",\"@id\":\"https:\/\/www.zerdab.com\/?p=18993#breadcrumb\",\"itemListElement\":[{\"@type\":\"ListItem\",\"position\":1,\"name\":\"Home\",\"item\":\"https:\/\/www.zerdab.com\/\"},{\"@type\":\"ListItem\",\"position\":2,\"name\":\"Z\u0259rdabda m\u0259kt\u0259bli g\u0259ncl\u0259r\u0259 seminar ke\u00e7irildi\"}]},{\"@type\":\"WebSite\",\"@id\":\"https:\/\/www.zerdab.com\/#website\",\"url\":\"https:\/\/www.zerdab.com\/\",\"name\":\"Z\u0259rdab.com\",\"description\":\"\",\"potentialAction\":[{\"@type\":\"SearchAction\",\"target\":{\"@type\":\"EntryPoint\",\"urlTemplate\":\"https:\/\/www.zerdab.com\/?s={search_term_string}\"},\"query-input\":{\"@type\":\"PropertyValueSpecification\",\"valueRequired\":true,\"valueName\":\"search_term_string\"}}],\"inLanguage\":\"az\"},{\"@type\":\"Person\",\"@id\":\"https:\/\/www.zerdab.com\/#\/schema\/person\/97079b7570c1e89ec0d9e138c3672136\",\"name\":\"admin\",\"image\":{\"@type\":\"ImageObject\",\"inLanguage\":\"az\",\"@id\":\"https:\/\/www.zerdab.com\/#\/schema\/person\/image\/\",\"url\":\"https:\/\/secure.gravatar.com\/avatar\/d9c52a9a27c32119cb6679a077fa3e2779e5f822c451cbf01098004361d466ec?s=96&d=mm&r=g\",\"contentUrl\":\"https:\/\/secure.gravatar.com\/avatar\/d9c52a9a27c32119cb6679a077fa3e2779e5f822c451cbf01098004361d466ec?s=96&d=mm&r=g\",\"caption\":\"admin\"},\"url\":\"https:\/\/www.zerdab.com\/?author=1\"}]}<\/script>\n<!-- \/ Yoast SEO plugin. -->","yoast_head_json":{"title":"Z\u0259rdabda m\u0259kt\u0259bli g\u0259ncl\u0259r\u0259 seminar ke\u00e7irildi - Z\u0259rdab.com","robots":{"index":"index","follow":"follow","max-snippet":"max-snippet:-1","max-image-preview":"max-image-preview:large","max-video-preview":"max-video-preview:-1"},"canonical":"https:\/\/www.zerdab.com\/?p=18993","og_locale":"az_AZ","og_type":"article","og_title":"Z\u0259rdabda m\u0259kt\u0259bli g\u0259ncl\u0259r\u0259 seminar ke\u00e7irildi - Z\u0259rdab.com","og_description":"\u00a0\u00a0 &#8220;G\u0259ncliy\u0259 D\u0259st\u0259k&#8221; \u0130ctimai Birliyi Az\u0259rbaycan G\u0259ncl\u0259r Fondunun d\u0259st\u0259yi il\u0259 Z\u0259rdab \u015f\u0259h\u0259r 3 sayl\u0131 tam orta m\u0259kt\u0259bind\u0259 &#8220;V\u0259t\u0259nimizi sev\u0259k-tariximizi \u00f6yr\u0259n\u0259k!&#8221; adl\u0131 layih\u0259 \u00e7\u0259r\u00e7iv\u0259sind\u0259 m\u0259kt\u0259bli g\u0259ncl\u0259r\u0259 seminar ke\u00e7irdi. M\u0259kt\u0259bli g\u0259ncl\u0259r\u0259 tariximizin \u0259n parlaq s\u0259hif\u0259l\u0259rind\u0259n olan d\u00f6vl\u0259t\u00e7ilik salnam\u0259l\u0259ri, x\u00fcsusil\u0259 m\u00fcs\u0259lman \u015f\u0259rqind\u0259 ilk parlament respublikas\u0131 olan Az\u0259rbaycan Xalq C\u00fcmhuriyy\u0259ti tarixi haqq\u0131nda bilikl\u0259r \u00e7atd\u0131r\u0131ld\u0131. T\u0259dbird\u0259 layih\u0259nin r\u0259hb\u0259ri, &#8220;G\u0259ncliy\u0259 D\u0259st\u0259k&#8221; [&hellip;]","og_url":"https:\/\/www.zerdab.com\/?p=18993","og_site_name":"Z\u0259rdab.com","article_published_time":"2015-04-12T08:28:13+00:00","author":"admin","twitter_card":"summary_large_image","twitter_misc":{"Written by":"admin","Est. reading time":"2 minutes"},"schema":{"@context":"https:\/\/schema.org","@graph":[{"@type":"Article","@id":"https:\/\/www.zerdab.com\/?p=18993#article","isPartOf":{"@id":"https:\/\/www.zerdab.com\/?p=18993"},"author":{"name":"admin","@id":"https:\/\/www.zerdab.com\/#\/schema\/person\/97079b7570c1e89ec0d9e138c3672136"},"headline":"Z\u0259rdabda m\u0259kt\u0259bli g\u0259ncl\u0259r\u0259 seminar ke\u00e7irildi","datePublished":"2015-04-12T08:28:13+00:00","mainEntityOfPage":{"@id":"https:\/\/www.zerdab.com\/?p=18993"},"wordCount":316,"commentCount":0,"articleSection":["X\u018fB\u018fRL\u018fR"],"inLanguage":"az","potentialAction":[{"@type":"CommentAction","name":"Comment","target":["https:\/\/www.zerdab.com\/?p=18993#respond"]}]},{"@type":"WebPage","@id":"https:\/\/www.zerdab.com\/?p=18993","url":"https:\/\/www.zerdab.com\/?p=18993","name":"Z\u0259rdabda m\u0259kt\u0259bli g\u0259ncl\u0259r\u0259 seminar ke\u00e7irildi - Z\u0259rdab.com","isPartOf":{"@id":"https:\/\/www.zerdab.com\/#website"},"datePublished":"2015-04-12T08:28:13+00:00","author":{"@id":"https:\/\/www.zerdab.com\/#\/schema\/person\/97079b7570c1e89ec0d9e138c3672136"},"breadcrumb":{"@id":"https:\/\/www.zerdab.com\/?p=18993#breadcrumb"},"inLanguage":"az","potentialAction":[{"@type":"ReadAction","target":["https:\/\/www.zerdab.com\/?p=18993"]}]},{"@type":"BreadcrumbList","@id":"https:\/\/www.zerdab.com\/?p=18993#breadcrumb","itemListElement":[{"@type":"ListItem","position":1,"name":"Home","item":"https:\/\/www.zerdab.com\/"},{"@type":"ListItem","position":2,"name":"Z\u0259rdabda m\u0259kt\u0259bli g\u0259ncl\u0259r\u0259 seminar ke\u00e7irildi"}]},{"@type":"WebSite","@id":"https:\/\/www.zerdab.com\/#website","url":"https:\/\/www.zerdab.com\/","name":"Z\u0259rdab.com","description":"","potentialAction":[{"@type":"SearchAction","target":{"@type":"EntryPoint","urlTemplate":"https:\/\/www.zerdab.com\/?s={search_term_string}"},"query-input":{"@type":"PropertyValueSpecification","valueRequired":true,"valueName":"search_term_string"}}],"inLanguage":"az"},{"@type":"Person","@id":"https:\/\/www.zerdab.com\/#\/schema\/person\/97079b7570c1e89ec0d9e138c3672136","name":"admin","image":{"@type":"ImageObject","inLanguage":"az","@id":"https:\/\/www.zerdab.com\/#\/schema\/person\/image\/","url":"https:\/\/secure.gravatar.com\/avatar\/d9c52a9a27c32119cb6679a077fa3e2779e5f822c451cbf01098004361d466ec?s=96&d=mm&r=g","contentUrl":"https:\/\/secure.gravatar.com\/avatar\/d9c52a9a27c32119cb6679a077fa3e2779e5f822c451cbf01098004361d466ec?s=96&d=mm&r=g","caption":"admin"},"url":"https:\/\/www.zerdab.com\/?author=1"}]}},"_links":{"self":[{"href":"https:\/\/www.zerdab.com\/index.php?rest_route=\/wp\/v2\/posts\/18993","targetHints":{"allow":["GET"]}}],"collection":[{"href":"https:\/\/www.zerdab.com\/index.php?rest_route=\/wp\/v2\/posts"}],"about":[{"href":"https:\/\/www.zerdab.com\/index.php?rest_route=\/wp\/v2\/types\/post"}],"author":[{"embeddable":true,"href":"https:\/\/www.zerdab.com\/index.php?rest_route=\/wp\/v2\/users\/1"}],"replies":[{"embeddable":true,"href":"https:\/\/www.zerdab.com\/index.php?rest_route=%2Fwp%2Fv2%2Fcomments&post=18993"}],"version-history":[{"count":1,"href":"https:\/\/www.zerdab.com\/index.php?rest_route=\/wp\/v2\/posts\/18993\/revisions"}],"predecessor-version":[{"id":18998,"href":"https:\/\/www.zerdab.com\/index.php?rest_route=\/wp\/v2\/posts\/18993\/revisions\/18998"}],"wp:attachment":[{"href":"https:\/\/www.zerdab.com\/index.php?rest_route=%2Fwp%2Fv2%2Fmedia&parent=18993"}],"wp:term":[{"taxonomy":"category","embeddable":true,"href":"https:\/\/www.zerdab.com\/index.php?rest_route=%2Fwp%2Fv2%2Fcategories&post=18993"},{"taxonomy":"post_tag","embeddable":true,"href":"https:\/\/www.zerdab.com\/index.php?rest_route=%2Fwp%2Fv2%2Ftags&post=18993"}],"curies":[{"name":"wp","href":"https:\/\/api.w.org\/{rel}","templated":true}]}}