{"id":19023,"date":"2015-04-15T12:39:29","date_gmt":"2015-04-15T07:39:29","guid":{"rendered":"http:\/\/www.zerdab.com\/?p=19023"},"modified":"2015-04-15T19:39:28","modified_gmt":"2015-04-15T14:39:28","slug":"z%c9%99rdabda-abid%c9%99l%c9%99r-ziyar%c9%99t-olunub-fotolar","status":"publish","type":"post","link":"https:\/\/www.zerdab.com\/?p=19023","title":{"rendered":"Z\u0259rdabda abid\u0259l\u0259r ziyar\u0259t olunub &#8211; FOTOLAR"},"content":{"rendered":"<p><a href=\"http:\/\/www.zerdab.com\/wp-content\/uploads\/2015\/04\/Z\u0259rdab-rayonu51.jpg\"><img loading=\"lazy\" decoding=\"async\" class=\"aligncenter size-large wp-image-19029\" src=\"http:\/\/www.zerdab.com\/wp-content\/uploads\/2015\/04\/Z\u0259rdab-rayonu51-550x365.jpg\" alt=\"Z\u0259rdab rayonu\" width=\"550\" height=\"365\" \/><\/a>Aprelin 18-i b\u00fct\u00fcn d\u00fcnyada Beyn\u0259lxalq Abid\u0259l\u0259r v\u0259 Tarixi Yerl\u0259r G\u00fcn\u00fc kimi qeyd olunur. Bu \u0259lam\u0259tdar g\u00fcn 1983-c\u00fc ild\u0259 UNESCO-nun yan\u0131nda Tarixi Yerl\u0259r v\u0259 Abid\u0259l\u0259rin M\u00fchafiz\u0259si \u015euras\u0131n\u0131n Beyn\u0259lxalq Assambleyas\u0131 t\u0259r\u0259find\u0259n t\u0259sis olunub. M\u0259qs\u0259d insanlar\u0131n diqq\u0259tini abid\u0259l\u0259rin v\u0259 tarixi yerl\u0259rin qorunmas\u0131na y\u00f6n\u0259ltm\u0259kdir. Az\u0259rbaycan Respublikas\u0131 M\u0259d\u0259niyy\u0259t v\u0259 Turizm Nazirliyinin m\u00fcvafiq \u0259mrin\u0259 \u0259sas\u0259n, cari ilin 18 aprel tarixi respublikam\u0131z\u0131n \u015f\u0259h\u0259r v\u0259 rayonlar\u0131nda \u0259halinin nazirliyin tabeliyind\u0259 f\u0259aliyy\u0259t g\u00f6st\u0259r\u0259n m\u0259d\u0259niyy\u0259t qoruqlar\u0131na v\u0259 muzeyl\u0259rin\u0259 s\u0259rb\u0259st ziyar\u0259tinin t\u0259\u015fkili m\u0259qs\u0259dil\u0259 &#8220;A\u00e7\u0131q qap\u0131&#8221; g\u00fcn\u00fc elan edilib. <strong>Zerdab.com<\/strong> sayt\u0131na veril\u0259n m\u0259lumata g\u00f6r\u0259, bununla \u0259laq\u0259dar Z\u0259rdab Rayon M\u0259d\u0259niyy\u0259t Evind\u0259 &#8220;Tarixi abid\u0259l\u0259rimiz bizim milli s\u0259rv\u0259timizdir&#8221; ba\u015fl\u0131\u011f\u0131 alt\u0131nda t\u0259dbir ke\u00e7irilib. T\u0259dbird\u0259 rayonda olan abid\u0259l\u0259r haqq\u0131nda, onlar\u0131n yaranma tarixi haqq\u0131nda s\u00f6hb\u0259tl\u0259r apar\u0131l\u0131b, m\u0259kt\u0259blil\u0259r\u0259, i\u015ftirak\u00e7\u0131lara b\u0259zi m\u0259lumatlar verilib. Sonra \u015f\u0259h\u0259r 1 sayl\u0131 orta m\u0259kt\u0259bd\u0259 yerl\u0259\u015f\u0259n H\u0259s\u0259n B\u0259y Z\u0259rdabinin b\u00fcst\u00fc, Nam\u0259lum \u0259sg\u0259rin, M\u0259lik M\u0259h\u0259rr\u0259movun, \u00dczeyir Hac\u0131b\u0259yovun b\u00fcstl\u0259ri ziyar\u0259t olunub.<\/p>\n<p><strong>Zerdab.com<a href=\"http:\/\/www.zerdab.com\/wp-content\/uploads\/2015\/04\/Z\u0259rdab-rayonu.jpg\"><img loading=\"lazy\" decoding=\"async\" class=\"aligncenter size-large wp-image-19034\" src=\"http:\/\/www.zerdab.com\/wp-content\/uploads\/2015\/04\/Z\u0259rdab-rayonu-550x365.jpg\" alt=\"Z\u0259rdab rayonu\" width=\"550\" height=\"365\" \/><\/a><a href=\"http:\/\/www.zerdab.com\/wp-content\/uploads\/2015\/04\/Z\u0259rdab-rayonu41.jpg\"><img loading=\"lazy\" decoding=\"async\" class=\"aligncenter size-large wp-image-19027\" src=\"http:\/\/www.zerdab.com\/wp-content\/uploads\/2015\/04\/Z\u0259rdab-rayonu41-550x365.jpg\" alt=\"Z\u0259rdab rayonu\" width=\"550\" height=\"365\" \/><\/a><a href=\"http:\/\/www.zerdab.com\/wp-content\/uploads\/2015\/04\/Z\u0259rdab-rayonu51.jpg\"><br \/>\n<\/a><a href=\"http:\/\/www.zerdab.com\/wp-content\/uploads\/2015\/04\/Z\u0259rdab-rayonu31.jpg\"><img loading=\"lazy\" decoding=\"async\" class=\"aligncenter size-large wp-image-19026\" src=\"http:\/\/www.zerdab.com\/wp-content\/uploads\/2015\/04\/Z\u0259rdab-rayonu31-550x365.jpg\" alt=\"Z\u0259rdab rayonu\" width=\"550\" height=\"365\" \/><\/a><a href=\"http:\/\/www.zerdab.com\/wp-content\/uploads\/2015\/04\/Z\u0259rdab-rayonu21.jpg\"><img loading=\"lazy\" decoding=\"async\" class=\"aligncenter size-large wp-image-19025\" src=\"http:\/\/www.zerdab.com\/wp-content\/uploads\/2015\/04\/Z\u0259rdab-rayonu21-550x365.jpg\" alt=\"Z\u0259rdab rayonu\" width=\"550\" height=\"365\" \/><\/a><a href=\"http:\/\/www.zerdab.com\/wp-content\/uploads\/2015\/04\/Z\u0259rdab-rayonu11.jpg\"><img loading=\"lazy\" decoding=\"async\" class=\"aligncenter size-large wp-image-19024\" src=\"http:\/\/www.zerdab.com\/wp-content\/uploads\/2015\/04\/Z\u0259rdab-rayonu11-550x365.jpg\" alt=\"Z\u0259rdab rayonu\" width=\"550\" height=\"365\" \/><\/a><\/strong><\/p>\n","protected":false},"excerpt":{"rendered":"<p>Aprelin 18-i b\u00fct\u00fcn d\u00fcnyada Beyn\u0259lxalq Abid\u0259l\u0259r v\u0259 Tarixi Yerl\u0259r G\u00fcn\u00fc kimi qeyd olunur. Bu \u0259lam\u0259tdar g\u00fcn 1983-c\u00fc ild\u0259 UNESCO-nun yan\u0131nda Tarixi Yerl\u0259r v\u0259 Abid\u0259l\u0259rin M\u00fchafiz\u0259si \u015euras\u0131n\u0131n Beyn\u0259lxalq Assambleyas\u0131 t\u0259r\u0259find\u0259n t\u0259sis olunub. M\u0259qs\u0259d insanlar\u0131n diqq\u0259tini abid\u0259l\u0259rin v\u0259 tarixi yerl\u0259rin qorunmas\u0131na y\u00f6n\u0259ltm\u0259kdir. Az\u0259rbaycan Respublikas\u0131 M\u0259d\u0259niyy\u0259t v\u0259 Turizm Nazirliyinin m\u00fcvafiq \u0259mrin\u0259 \u0259sas\u0259n, cari ilin 18 aprel tarixi respublikam\u0131z\u0131n [&hellip;]<\/p>\n","protected":false},"author":1,"featured_media":0,"comment_status":"open","ping_status":"open","sticky":false,"template":"","format":"standard","meta":{"footnotes":""},"categories":[5],"tags":[],"class_list":{"0":"post-19023","1":"post","2":"type-post","3":"status-publish","4":"format-standard","6":"category-knd"},"yoast_head":"<!-- This site is optimized with the Yoast SEO plugin v27.0 - https:\/\/yoast.com\/product\/yoast-seo-wordpress\/ -->\n<title>Z\u0259rdabda abid\u0259l\u0259r ziyar\u0259t olunub - FOTOLAR - Z\u0259rdab.com<\/title>\n<meta name=\"robots\" content=\"index, follow, max-snippet:-1, max-image-preview:large, max-video-preview:-1\" \/>\n<link rel=\"canonical\" href=\"https:\/\/www.zerdab.com\/?p=19023\" \/>\n<meta property=\"og:locale\" content=\"az_AZ\" \/>\n<meta property=\"og:type\" content=\"article\" \/>\n<meta property=\"og:title\" content=\"Z\u0259rdabda abid\u0259l\u0259r ziyar\u0259t olunub - FOTOLAR - Z\u0259rdab.com\" \/>\n<meta property=\"og:description\" content=\"Aprelin 18-i b\u00fct\u00fcn d\u00fcnyada Beyn\u0259lxalq Abid\u0259l\u0259r v\u0259 Tarixi Yerl\u0259r G\u00fcn\u00fc kimi qeyd olunur. Bu \u0259lam\u0259tdar g\u00fcn 1983-c\u00fc ild\u0259 UNESCO-nun yan\u0131nda Tarixi Yerl\u0259r v\u0259 Abid\u0259l\u0259rin M\u00fchafiz\u0259si \u015euras\u0131n\u0131n Beyn\u0259lxalq Assambleyas\u0131 t\u0259r\u0259find\u0259n t\u0259sis olunub. M\u0259qs\u0259d insanlar\u0131n diqq\u0259tini abid\u0259l\u0259rin v\u0259 tarixi yerl\u0259rin qorunmas\u0131na y\u00f6n\u0259ltm\u0259kdir. Az\u0259rbaycan Respublikas\u0131 M\u0259d\u0259niyy\u0259t v\u0259 Turizm Nazirliyinin m\u00fcvafiq \u0259mrin\u0259 \u0259sas\u0259n, cari ilin 18 aprel tarixi respublikam\u0131z\u0131n [&hellip;]\" \/>\n<meta property=\"og:url\" content=\"https:\/\/www.zerdab.com\/?p=19023\" \/>\n<meta property=\"og:site_name\" content=\"Z\u0259rdab.com\" \/>\n<meta property=\"article:published_time\" content=\"2015-04-15T07:39:29+00:00\" \/>\n<meta property=\"article:modified_time\" content=\"2015-04-15T14:39:28+00:00\" \/>\n<meta name=\"author\" content=\"admin\" \/>\n<meta name=\"twitter:card\" content=\"summary_large_image\" \/>\n<meta name=\"twitter:label1\" content=\"Written by\" \/>\n\t<meta name=\"twitter:data1\" content=\"admin\" \/>\n\t<meta name=\"twitter:label2\" content=\"Est. reading time\" \/>\n\t<meta name=\"twitter:data2\" content=\"1 minute\" \/>\n<script type=\"application\/ld+json\" class=\"yoast-schema-graph\">{\"@context\":\"https:\/\/schema.org\",\"@graph\":[{\"@type\":\"Article\",\"@id\":\"https:\/\/www.zerdab.com\/?p=19023#article\",\"isPartOf\":{\"@id\":\"https:\/\/www.zerdab.com\/?p=19023\"},\"author\":{\"name\":\"admin\",\"@id\":\"https:\/\/www.zerdab.com\/#\/schema\/person\/97079b7570c1e89ec0d9e138c3672136\"},\"headline\":\"Z\u0259rdabda abid\u0259l\u0259r ziyar\u0259t olunub &#8211; FOTOLAR\",\"datePublished\":\"2015-04-15T07:39:29+00:00\",\"dateModified\":\"2015-04-15T14:39:28+00:00\",\"mainEntityOfPage\":{\"@id\":\"https:\/\/www.zerdab.com\/?p=19023\"},\"wordCount\":260,\"commentCount\":0,\"articleSection\":[\"X\u018fB\u018fRL\u018fR\"],\"inLanguage\":\"az\",\"potentialAction\":[{\"@type\":\"CommentAction\",\"name\":\"Comment\",\"target\":[\"https:\/\/www.zerdab.com\/?p=19023#respond\"]}]},{\"@type\":\"WebPage\",\"@id\":\"https:\/\/www.zerdab.com\/?p=19023\",\"url\":\"https:\/\/www.zerdab.com\/?p=19023\",\"name\":\"Z\u0259rdabda abid\u0259l\u0259r ziyar\u0259t olunub - FOTOLAR - Z\u0259rdab.com\",\"isPartOf\":{\"@id\":\"https:\/\/www.zerdab.com\/#website\"},\"datePublished\":\"2015-04-15T07:39:29+00:00\",\"dateModified\":\"2015-04-15T14:39:28+00:00\",\"author\":{\"@id\":\"https:\/\/www.zerdab.com\/#\/schema\/person\/97079b7570c1e89ec0d9e138c3672136\"},\"breadcrumb\":{\"@id\":\"https:\/\/www.zerdab.com\/?p=19023#breadcrumb\"},\"inLanguage\":\"az\",\"potentialAction\":[{\"@type\":\"ReadAction\",\"target\":[\"https:\/\/www.zerdab.com\/?p=19023\"]}]},{\"@type\":\"BreadcrumbList\",\"@id\":\"https:\/\/www.zerdab.com\/?p=19023#breadcrumb\",\"itemListElement\":[{\"@type\":\"ListItem\",\"position\":1,\"name\":\"Home\",\"item\":\"https:\/\/www.zerdab.com\/\"},{\"@type\":\"ListItem\",\"position\":2,\"name\":\"Z\u0259rdabda abid\u0259l\u0259r ziyar\u0259t olunub &#8211; FOTOLAR\"}]},{\"@type\":\"WebSite\",\"@id\":\"https:\/\/www.zerdab.com\/#website\",\"url\":\"https:\/\/www.zerdab.com\/\",\"name\":\"Z\u0259rdab.com\",\"description\":\"\",\"potentialAction\":[{\"@type\":\"SearchAction\",\"target\":{\"@type\":\"EntryPoint\",\"urlTemplate\":\"https:\/\/www.zerdab.com\/?s={search_term_string}\"},\"query-input\":{\"@type\":\"PropertyValueSpecification\",\"valueRequired\":true,\"valueName\":\"search_term_string\"}}],\"inLanguage\":\"az\"},{\"@type\":\"Person\",\"@id\":\"https:\/\/www.zerdab.com\/#\/schema\/person\/97079b7570c1e89ec0d9e138c3672136\",\"name\":\"admin\",\"image\":{\"@type\":\"ImageObject\",\"inLanguage\":\"az\",\"@id\":\"https:\/\/www.zerdab.com\/#\/schema\/person\/image\/\",\"url\":\"https:\/\/secure.gravatar.com\/avatar\/d9c52a9a27c32119cb6679a077fa3e2779e5f822c451cbf01098004361d466ec?s=96&d=mm&r=g\",\"contentUrl\":\"https:\/\/secure.gravatar.com\/avatar\/d9c52a9a27c32119cb6679a077fa3e2779e5f822c451cbf01098004361d466ec?s=96&d=mm&r=g\",\"caption\":\"admin\"},\"url\":\"https:\/\/www.zerdab.com\/?author=1\"}]}<\/script>\n<!-- \/ Yoast SEO plugin. -->","yoast_head_json":{"title":"Z\u0259rdabda abid\u0259l\u0259r ziyar\u0259t olunub - FOTOLAR - Z\u0259rdab.com","robots":{"index":"index","follow":"follow","max-snippet":"max-snippet:-1","max-image-preview":"max-image-preview:large","max-video-preview":"max-video-preview:-1"},"canonical":"https:\/\/www.zerdab.com\/?p=19023","og_locale":"az_AZ","og_type":"article","og_title":"Z\u0259rdabda abid\u0259l\u0259r ziyar\u0259t olunub - FOTOLAR - Z\u0259rdab.com","og_description":"Aprelin 18-i b\u00fct\u00fcn d\u00fcnyada Beyn\u0259lxalq Abid\u0259l\u0259r v\u0259 Tarixi Yerl\u0259r G\u00fcn\u00fc kimi qeyd olunur. Bu \u0259lam\u0259tdar g\u00fcn 1983-c\u00fc ild\u0259 UNESCO-nun yan\u0131nda Tarixi Yerl\u0259r v\u0259 Abid\u0259l\u0259rin M\u00fchafiz\u0259si \u015euras\u0131n\u0131n Beyn\u0259lxalq Assambleyas\u0131 t\u0259r\u0259find\u0259n t\u0259sis olunub. M\u0259qs\u0259d insanlar\u0131n diqq\u0259tini abid\u0259l\u0259rin v\u0259 tarixi yerl\u0259rin qorunmas\u0131na y\u00f6n\u0259ltm\u0259kdir. Az\u0259rbaycan Respublikas\u0131 M\u0259d\u0259niyy\u0259t v\u0259 Turizm Nazirliyinin m\u00fcvafiq \u0259mrin\u0259 \u0259sas\u0259n, cari ilin 18 aprel tarixi respublikam\u0131z\u0131n [&hellip;]","og_url":"https:\/\/www.zerdab.com\/?p=19023","og_site_name":"Z\u0259rdab.com","article_published_time":"2015-04-15T07:39:29+00:00","article_modified_time":"2015-04-15T14:39:28+00:00","author":"admin","twitter_card":"summary_large_image","twitter_misc":{"Written by":"admin","Est. reading time":"1 minute"},"schema":{"@context":"https:\/\/schema.org","@graph":[{"@type":"Article","@id":"https:\/\/www.zerdab.com\/?p=19023#article","isPartOf":{"@id":"https:\/\/www.zerdab.com\/?p=19023"},"author":{"name":"admin","@id":"https:\/\/www.zerdab.com\/#\/schema\/person\/97079b7570c1e89ec0d9e138c3672136"},"headline":"Z\u0259rdabda abid\u0259l\u0259r ziyar\u0259t olunub &#8211; FOTOLAR","datePublished":"2015-04-15T07:39:29+00:00","dateModified":"2015-04-15T14:39:28+00:00","mainEntityOfPage":{"@id":"https:\/\/www.zerdab.com\/?p=19023"},"wordCount":260,"commentCount":0,"articleSection":["X\u018fB\u018fRL\u018fR"],"inLanguage":"az","potentialAction":[{"@type":"CommentAction","name":"Comment","target":["https:\/\/www.zerdab.com\/?p=19023#respond"]}]},{"@type":"WebPage","@id":"https:\/\/www.zerdab.com\/?p=19023","url":"https:\/\/www.zerdab.com\/?p=19023","name":"Z\u0259rdabda abid\u0259l\u0259r ziyar\u0259t olunub - FOTOLAR - Z\u0259rdab.com","isPartOf":{"@id":"https:\/\/www.zerdab.com\/#website"},"datePublished":"2015-04-15T07:39:29+00:00","dateModified":"2015-04-15T14:39:28+00:00","author":{"@id":"https:\/\/www.zerdab.com\/#\/schema\/person\/97079b7570c1e89ec0d9e138c3672136"},"breadcrumb":{"@id":"https:\/\/www.zerdab.com\/?p=19023#breadcrumb"},"inLanguage":"az","potentialAction":[{"@type":"ReadAction","target":["https:\/\/www.zerdab.com\/?p=19023"]}]},{"@type":"BreadcrumbList","@id":"https:\/\/www.zerdab.com\/?p=19023#breadcrumb","itemListElement":[{"@type":"ListItem","position":1,"name":"Home","item":"https:\/\/www.zerdab.com\/"},{"@type":"ListItem","position":2,"name":"Z\u0259rdabda abid\u0259l\u0259r ziyar\u0259t olunub &#8211; FOTOLAR"}]},{"@type":"WebSite","@id":"https:\/\/www.zerdab.com\/#website","url":"https:\/\/www.zerdab.com\/","name":"Z\u0259rdab.com","description":"","potentialAction":[{"@type":"SearchAction","target":{"@type":"EntryPoint","urlTemplate":"https:\/\/www.zerdab.com\/?s={search_term_string}"},"query-input":{"@type":"PropertyValueSpecification","valueRequired":true,"valueName":"search_term_string"}}],"inLanguage":"az"},{"@type":"Person","@id":"https:\/\/www.zerdab.com\/#\/schema\/person\/97079b7570c1e89ec0d9e138c3672136","name":"admin","image":{"@type":"ImageObject","inLanguage":"az","@id":"https:\/\/www.zerdab.com\/#\/schema\/person\/image\/","url":"https:\/\/secure.gravatar.com\/avatar\/d9c52a9a27c32119cb6679a077fa3e2779e5f822c451cbf01098004361d466ec?s=96&d=mm&r=g","contentUrl":"https:\/\/secure.gravatar.com\/avatar\/d9c52a9a27c32119cb6679a077fa3e2779e5f822c451cbf01098004361d466ec?s=96&d=mm&r=g","caption":"admin"},"url":"https:\/\/www.zerdab.com\/?author=1"}]}},"_links":{"self":[{"href":"https:\/\/www.zerdab.com\/index.php?rest_route=\/wp\/v2\/posts\/19023","targetHints":{"allow":["GET"]}}],"collection":[{"href":"https:\/\/www.zerdab.com\/index.php?rest_route=\/wp\/v2\/posts"}],"about":[{"href":"https:\/\/www.zerdab.com\/index.php?rest_route=\/wp\/v2\/types\/post"}],"author":[{"embeddable":true,"href":"https:\/\/www.zerdab.com\/index.php?rest_route=\/wp\/v2\/users\/1"}],"replies":[{"embeddable":true,"href":"https:\/\/www.zerdab.com\/index.php?rest_route=%2Fwp%2Fv2%2Fcomments&post=19023"}],"version-history":[{"count":4,"href":"https:\/\/www.zerdab.com\/index.php?rest_route=\/wp\/v2\/posts\/19023\/revisions"}],"predecessor-version":[{"id":19035,"href":"https:\/\/www.zerdab.com\/index.php?rest_route=\/wp\/v2\/posts\/19023\/revisions\/19035"}],"wp:attachment":[{"href":"https:\/\/www.zerdab.com\/index.php?rest_route=%2Fwp%2Fv2%2Fmedia&parent=19023"}],"wp:term":[{"taxonomy":"category","embeddable":true,"href":"https:\/\/www.zerdab.com\/index.php?rest_route=%2Fwp%2Fv2%2Fcategories&post=19023"},{"taxonomy":"post_tag","embeddable":true,"href":"https:\/\/www.zerdab.com\/index.php?rest_route=%2Fwp%2Fv2%2Ftags&post=19023"}],"curies":[{"name":"wp","href":"https:\/\/api.w.org\/{rel}","templated":true}]}}