{"id":19246,"date":"2015-04-29T14:58:35","date_gmt":"2015-04-29T09:58:35","guid":{"rendered":"http:\/\/www.zerdab.com\/?p=19246"},"modified":"2015-04-29T15:00:36","modified_gmt":"2015-04-29T10:00:36","slug":"z%c9%99rdabda-sahibkarlarla-gorus-kecirildi","status":"publish","type":"post","link":"https:\/\/www.zerdab.com\/?p=19246","title":{"rendered":"Z\u0259rdabda sahibkarlarla g\u00f6r\u00fc\u015f ke\u00e7irildi"},"content":{"rendered":"<p><a href=\"http:\/\/www.zerdab.com\/z%c9%99rdabda-sahibkarlarla-gorus-kecirildi\/z%c9%99rdab-rayonu1-28\/\" rel=\"attachment wp-att-19249\"><img loading=\"lazy\" decoding=\"async\" class=\"aligncenter size-large wp-image-19249\" src=\"http:\/\/www.zerdab.com\/wp-content\/uploads\/2015\/04\/Z\u0259rdab-rayonu112-550x365.jpg\" alt=\"Z\u0259rdab rayonu\" width=\"550\" height=\"365\" \/><\/a>Z\u0259rdab \u015f\u0259h\u0259rind\u0259 rayon r\u0259hb\u0259rliyinin yerli sahibkarlarla g\u00f6r\u00fc\u015f\u00fc ke\u00e7irilmi\u015fdir.<\/p>\n<p>G\u00f6r\u00fc\u015fd\u0259 \u00e7\u0131x\u0131\u015f ed\u0259n Rayon \u0130cra Hakimiyy\u0259tinin ba\u015f\u00e7\u0131s\u0131 L\u00fctv\u0259li Babayev son ill\u0259r \u00f6lk\u0259 Prezidenti c\u0259nab \u0130lham \u018fliyevin r\u0259hb\u0259rliyi il\u0259 respublikam\u0131zda g\u00f6r\u00fcl\u0259n i\u015fl\u0259r v\u0259 qazan\u0131lan u\u011furlar bar\u0259d\u0259 m\u0259lumat vermi\u015fdir. Z\u0259rdabda son ill\u0259rd\u0259 g\u00f6r\u00fcl\u0259n i\u015fl\u0259ri diqq\u0259t\u0259 \u00e7atd\u0131ran icra ba\u015f\u00e7\u0131s\u0131 bildirmi\u015fdir ki, \u00f6lk\u0259mizd\u0259 sahibkarl\u0131\u011f\u0131n inki\u015faf etdirilm\u0259si \u00fc\u00e7\u00fcn c\u0259nab Prezidentimiz \u0130lham \u018fliyevin h\u0259yata ke\u00e7irdiyi iqtisadi strategiyaya uy\u011fun olaraq rayonda bu sah\u0259nin inki\u015faf\u0131na diqq\u0259t daha da art\u0131r\u0131lm\u0131\u015f, vaxta\u015f\u0131r\u0131 olaraq sahibkarlarla ke\u00e7irilmi\u015f g\u00f6r\u00fc\u015fl\u0259rd\u0259 onlar\u0131 narahat ed\u0259n m\u0259s\u0259l\u0259l\u0259r \u00f6yr\u0259nilmi\u015f v\u0259 h\u0259lli \u00fc\u00e7\u00fcn konkret t\u0259dbirl\u0259r g\u00f6r\u00fclm\u00fc\u015fd\u00fcr. Son ill\u0259rd\u0259 tikil\u0259n m\u00fcasir tipli \u00e7oxsayl\u0131 sahibkarl\u0131q obyektl\u0259ri rayonun sosial m\u0259nz\u0259r\u0259sini xeyli g\u00f6z\u0259ll\u0259\u015fdirmi\u015fdir. Sahibkarl\u0131\u011f\u0131n inki\u015faf\u0131na d\u00f6vl\u0259t d\u0259st\u0259yinin daha da g\u00fccl\u0259ndirilm\u0259si m\u0259qs\u0259dil\u0259 bir ne\u00e7\u0259 m\u00fch\u00fcm t\u0259dbirl\u0259r ke\u00e7irilmi\u015f, onlara g\u00fcz\u0259\u015ftli kreditl\u0259r verilmi\u015fdir. Rayonda sahibkarl\u0131\u011f\u0131n daha da inki\u015faf etdirilm\u0259si \u00fc\u00e7\u00fcn \u0259lav\u0259 t\u0259dbirl\u0259rin h\u0259yata ke\u00e7irilm\u0259si davam etdirilir.<\/p>\n<p>Rayon r\u0259hb\u0259rliyi t\u0259r\u0259find\u0259n yeni sahibkarl\u0131q obyektl\u0259rinin m\u00fcasir \u00fcslubda tikilm\u0259si, k\u00fc\u00e7\u0259 ticar\u0259tinin y\u0131\u011f\u0131\u015fd\u0131r\u0131lmas\u0131, \u0259haliy\u0259 n\u00fcmun\u0259vi xidm\u0259t g\u00f6st\u0259rilm\u0259si, vaxt\u0131 ke\u00e7mi\u015f qida m\u0259hsullar\u0131n\u0131n sat\u0131\u015f\u0131na yol verilm\u0259m\u0259si, qiym\u0259tl\u0259rin s\u00fcni \u015f\u0259kild\u0259 art\u0131r\u0131lmamas\u0131, sahibkarl\u0131q obyektl\u0259rinin \u0259razisinin t\u0259mizliyi, \u0259traf\u0131nda s\u0259liq\u0259-sahman i\u015fl\u0259rinin apar\u0131lmas\u0131 v\u0259 sair m\u0259s\u0259l\u0259l\u0259rl\u0259 ba\u011fl\u0131 m\u00fcvafiq t\u00f6vsiy\u0259l\u0259r verilmi\u015fdir.<\/p>\n<p>Rayon r\u0259hb\u0259ri \u00e7\u0131x\u0131\u015f\u0131na davam ed\u0259r\u0259k 2015-ci ilin son d\u0259r\u0259c\u0259 m\u0259sul il olmas\u0131n\u0131 vur\u011fulayaraq ilk Avropa Oyunlar\u0131n\u0131n m\u0259hz bu il \u00f6lk\u0259mizd\u0259 ke\u00e7irilm\u0259sini, Avropa Oyunlar\u0131n\u0131n m\u0259\u015f\u0259linin bir s\u0131ra rayonlarla yana\u015f\u0131 Z\u0259rdabdan da ke\u00e7m\u0259sini, 2015-ci ilin h\u0259m d\u0259 n\u00f6vb\u0259ti parlament se\u00e7kil\u0259ri il\u0259 \u0259lam\u0259tdar olaca\u011f\u0131n\u0131 i\u015ftirak\u00e7\u0131lar\u0131n diqq\u0259tin\u0259 \u00e7atd\u0131rm\u0131\u015fd\u0131r. Bu m\u00fch\u00fcm hadis\u0259l\u0259r\u0259 h\u0259r bir Az\u0259rbaycan v\u0259t\u0259nda\u015f\u0131n\u0131n, o c\u00fcml\u0259d\u0259n z\u0259rdabl\u0131lar\u0131n ciddi haz\u0131rla\u015fmas\u0131 vur\u011fulanm\u0131\u015fd\u0131r.<\/p>\n<p>\u00c7\u0131x\u0131\u015f ed\u0259n sahibkarlar onlara g\u00f6st\u0259ril\u0259n diqq\u0259t v\u0259 qay\u011f\u0131ya g\u00f6r\u0259 \u00f6lk\u0259 Prezidentin\u0259 minn\u0259tdarl\u0131qlar\u0131n\u0131 ifad\u0259 etmi\u015fl\u0259r.<\/p>\n<p><span style=\"color: #0000ff;\"><strong>Z\u0259rdab Rayon \u0130cra Hakimiyy\u0259ti<a href=\"http:\/\/www.zerdab.com\/z%c9%99rdabda-sahibkarlarla-gorus-kecirildi\/z%c9%99rdab-rayonu-88\/\" rel=\"attachment wp-att-19247\"><img loading=\"lazy\" decoding=\"async\" class=\"aligncenter size-large wp-image-19247\" src=\"http:\/\/www.zerdab.com\/wp-content\/uploads\/2015\/04\/Z\u0259rdab-rayonu27-550x365.jpg\" alt=\"Z\u0259rdab rayonu\" width=\"550\" height=\"365\" \/><\/a><\/strong><\/span><\/p>\n","protected":false},"excerpt":{"rendered":"<p>Z\u0259rdab \u015f\u0259h\u0259rind\u0259 rayon r\u0259hb\u0259rliyinin yerli sahibkarlarla g\u00f6r\u00fc\u015f\u00fc ke\u00e7irilmi\u015fdir. G\u00f6r\u00fc\u015fd\u0259 \u00e7\u0131x\u0131\u015f ed\u0259n Rayon \u0130cra Hakimiyy\u0259tinin ba\u015f\u00e7\u0131s\u0131 L\u00fctv\u0259li Babayev son ill\u0259r \u00f6lk\u0259 Prezidenti c\u0259nab \u0130lham \u018fliyevin r\u0259hb\u0259rliyi il\u0259 respublikam\u0131zda g\u00f6r\u00fcl\u0259n i\u015fl\u0259r v\u0259 qazan\u0131lan u\u011furlar bar\u0259d\u0259 m\u0259lumat vermi\u015fdir. Z\u0259rdabda son ill\u0259rd\u0259 g\u00f6r\u00fcl\u0259n i\u015fl\u0259ri diqq\u0259t\u0259 \u00e7atd\u0131ran icra ba\u015f\u00e7\u0131s\u0131 bildirmi\u015fdir ki, \u00f6lk\u0259mizd\u0259 sahibkarl\u0131\u011f\u0131n inki\u015faf etdirilm\u0259si \u00fc\u00e7\u00fcn c\u0259nab Prezidentimiz \u0130lham \u018fliyevin [&hellip;]<\/p>\n","protected":false},"author":1,"featured_media":0,"comment_status":"open","ping_status":"open","sticky":false,"template":"","format":"standard","meta":{"footnotes":""},"categories":[5],"tags":[],"class_list":{"0":"post-19246","1":"post","2":"type-post","3":"status-publish","4":"format-standard","6":"category-knd"},"yoast_head":"<!-- This site is optimized with the Yoast SEO plugin v27.0 - https:\/\/yoast.com\/product\/yoast-seo-wordpress\/ -->\n<title>Z\u0259rdabda sahibkarlarla g\u00f6r\u00fc\u015f ke\u00e7irildi - Z\u0259rdab.com<\/title>\n<meta name=\"robots\" content=\"index, follow, max-snippet:-1, max-image-preview:large, max-video-preview:-1\" \/>\n<link rel=\"canonical\" href=\"https:\/\/www.zerdab.com\/?p=19246\" \/>\n<meta property=\"og:locale\" content=\"az_AZ\" \/>\n<meta property=\"og:type\" content=\"article\" \/>\n<meta property=\"og:title\" content=\"Z\u0259rdabda sahibkarlarla g\u00f6r\u00fc\u015f ke\u00e7irildi - Z\u0259rdab.com\" \/>\n<meta property=\"og:description\" content=\"Z\u0259rdab \u015f\u0259h\u0259rind\u0259 rayon r\u0259hb\u0259rliyinin yerli sahibkarlarla g\u00f6r\u00fc\u015f\u00fc ke\u00e7irilmi\u015fdir. G\u00f6r\u00fc\u015fd\u0259 \u00e7\u0131x\u0131\u015f ed\u0259n Rayon \u0130cra Hakimiyy\u0259tinin ba\u015f\u00e7\u0131s\u0131 L\u00fctv\u0259li Babayev son ill\u0259r \u00f6lk\u0259 Prezidenti c\u0259nab \u0130lham \u018fliyevin r\u0259hb\u0259rliyi il\u0259 respublikam\u0131zda g\u00f6r\u00fcl\u0259n i\u015fl\u0259r v\u0259 qazan\u0131lan u\u011furlar bar\u0259d\u0259 m\u0259lumat vermi\u015fdir. Z\u0259rdabda son ill\u0259rd\u0259 g\u00f6r\u00fcl\u0259n i\u015fl\u0259ri diqq\u0259t\u0259 \u00e7atd\u0131ran icra ba\u015f\u00e7\u0131s\u0131 bildirmi\u015fdir ki, \u00f6lk\u0259mizd\u0259 sahibkarl\u0131\u011f\u0131n inki\u015faf etdirilm\u0259si \u00fc\u00e7\u00fcn c\u0259nab Prezidentimiz \u0130lham \u018fliyevin [&hellip;]\" \/>\n<meta property=\"og:url\" content=\"https:\/\/www.zerdab.com\/?p=19246\" \/>\n<meta property=\"og:site_name\" content=\"Z\u0259rdab.com\" \/>\n<meta property=\"article:published_time\" content=\"2015-04-29T09:58:35+00:00\" \/>\n<meta property=\"article:modified_time\" content=\"2015-04-29T10:00:36+00:00\" \/>\n<meta name=\"author\" content=\"admin\" \/>\n<meta name=\"twitter:card\" content=\"summary_large_image\" \/>\n<meta name=\"twitter:label1\" content=\"Written by\" \/>\n\t<meta name=\"twitter:data1\" content=\"admin\" \/>\n\t<meta name=\"twitter:label2\" content=\"Est. reading time\" \/>\n\t<meta name=\"twitter:data2\" content=\"2 minutes\" \/>\n<script type=\"application\/ld+json\" class=\"yoast-schema-graph\">{\"@context\":\"https:\/\/schema.org\",\"@graph\":[{\"@type\":\"Article\",\"@id\":\"https:\/\/www.zerdab.com\/?p=19246#article\",\"isPartOf\":{\"@id\":\"https:\/\/www.zerdab.com\/?p=19246\"},\"author\":{\"name\":\"admin\",\"@id\":\"https:\/\/www.zerdab.com\/#\/schema\/person\/97079b7570c1e89ec0d9e138c3672136\"},\"headline\":\"Z\u0259rdabda sahibkarlarla g\u00f6r\u00fc\u015f ke\u00e7irildi\",\"datePublished\":\"2015-04-29T09:58:35+00:00\",\"dateModified\":\"2015-04-29T10:00:36+00:00\",\"mainEntityOfPage\":{\"@id\":\"https:\/\/www.zerdab.com\/?p=19246\"},\"wordCount\":487,\"commentCount\":0,\"articleSection\":[\"X\u018fB\u018fRL\u018fR\"],\"inLanguage\":\"az\",\"potentialAction\":[{\"@type\":\"CommentAction\",\"name\":\"Comment\",\"target\":[\"https:\/\/www.zerdab.com\/?p=19246#respond\"]}]},{\"@type\":\"WebPage\",\"@id\":\"https:\/\/www.zerdab.com\/?p=19246\",\"url\":\"https:\/\/www.zerdab.com\/?p=19246\",\"name\":\"Z\u0259rdabda sahibkarlarla g\u00f6r\u00fc\u015f ke\u00e7irildi - Z\u0259rdab.com\",\"isPartOf\":{\"@id\":\"https:\/\/www.zerdab.com\/#website\"},\"datePublished\":\"2015-04-29T09:58:35+00:00\",\"dateModified\":\"2015-04-29T10:00:36+00:00\",\"author\":{\"@id\":\"https:\/\/www.zerdab.com\/#\/schema\/person\/97079b7570c1e89ec0d9e138c3672136\"},\"breadcrumb\":{\"@id\":\"https:\/\/www.zerdab.com\/?p=19246#breadcrumb\"},\"inLanguage\":\"az\",\"potentialAction\":[{\"@type\":\"ReadAction\",\"target\":[\"https:\/\/www.zerdab.com\/?p=19246\"]}]},{\"@type\":\"BreadcrumbList\",\"@id\":\"https:\/\/www.zerdab.com\/?p=19246#breadcrumb\",\"itemListElement\":[{\"@type\":\"ListItem\",\"position\":1,\"name\":\"Home\",\"item\":\"https:\/\/www.zerdab.com\/\"},{\"@type\":\"ListItem\",\"position\":2,\"name\":\"Z\u0259rdabda sahibkarlarla g\u00f6r\u00fc\u015f ke\u00e7irildi\"}]},{\"@type\":\"WebSite\",\"@id\":\"https:\/\/www.zerdab.com\/#website\",\"url\":\"https:\/\/www.zerdab.com\/\",\"name\":\"Z\u0259rdab.com\",\"description\":\"\",\"potentialAction\":[{\"@type\":\"SearchAction\",\"target\":{\"@type\":\"EntryPoint\",\"urlTemplate\":\"https:\/\/www.zerdab.com\/?s={search_term_string}\"},\"query-input\":{\"@type\":\"PropertyValueSpecification\",\"valueRequired\":true,\"valueName\":\"search_term_string\"}}],\"inLanguage\":\"az\"},{\"@type\":\"Person\",\"@id\":\"https:\/\/www.zerdab.com\/#\/schema\/person\/97079b7570c1e89ec0d9e138c3672136\",\"name\":\"admin\",\"image\":{\"@type\":\"ImageObject\",\"inLanguage\":\"az\",\"@id\":\"https:\/\/www.zerdab.com\/#\/schema\/person\/image\/\",\"url\":\"https:\/\/secure.gravatar.com\/avatar\/d9c52a9a27c32119cb6679a077fa3e2779e5f822c451cbf01098004361d466ec?s=96&d=mm&r=g\",\"contentUrl\":\"https:\/\/secure.gravatar.com\/avatar\/d9c52a9a27c32119cb6679a077fa3e2779e5f822c451cbf01098004361d466ec?s=96&d=mm&r=g\",\"caption\":\"admin\"},\"url\":\"https:\/\/www.zerdab.com\/?author=1\"}]}<\/script>\n<!-- \/ Yoast SEO plugin. -->","yoast_head_json":{"title":"Z\u0259rdabda sahibkarlarla g\u00f6r\u00fc\u015f ke\u00e7irildi - Z\u0259rdab.com","robots":{"index":"index","follow":"follow","max-snippet":"max-snippet:-1","max-image-preview":"max-image-preview:large","max-video-preview":"max-video-preview:-1"},"canonical":"https:\/\/www.zerdab.com\/?p=19246","og_locale":"az_AZ","og_type":"article","og_title":"Z\u0259rdabda sahibkarlarla g\u00f6r\u00fc\u015f ke\u00e7irildi - Z\u0259rdab.com","og_description":"Z\u0259rdab \u015f\u0259h\u0259rind\u0259 rayon r\u0259hb\u0259rliyinin yerli sahibkarlarla g\u00f6r\u00fc\u015f\u00fc ke\u00e7irilmi\u015fdir. G\u00f6r\u00fc\u015fd\u0259 \u00e7\u0131x\u0131\u015f ed\u0259n Rayon \u0130cra Hakimiyy\u0259tinin ba\u015f\u00e7\u0131s\u0131 L\u00fctv\u0259li Babayev son ill\u0259r \u00f6lk\u0259 Prezidenti c\u0259nab \u0130lham \u018fliyevin r\u0259hb\u0259rliyi il\u0259 respublikam\u0131zda g\u00f6r\u00fcl\u0259n i\u015fl\u0259r v\u0259 qazan\u0131lan u\u011furlar bar\u0259d\u0259 m\u0259lumat vermi\u015fdir. Z\u0259rdabda son ill\u0259rd\u0259 g\u00f6r\u00fcl\u0259n i\u015fl\u0259ri diqq\u0259t\u0259 \u00e7atd\u0131ran icra ba\u015f\u00e7\u0131s\u0131 bildirmi\u015fdir ki, \u00f6lk\u0259mizd\u0259 sahibkarl\u0131\u011f\u0131n inki\u015faf etdirilm\u0259si \u00fc\u00e7\u00fcn c\u0259nab Prezidentimiz \u0130lham \u018fliyevin [&hellip;]","og_url":"https:\/\/www.zerdab.com\/?p=19246","og_site_name":"Z\u0259rdab.com","article_published_time":"2015-04-29T09:58:35+00:00","article_modified_time":"2015-04-29T10:00:36+00:00","author":"admin","twitter_card":"summary_large_image","twitter_misc":{"Written by":"admin","Est. reading time":"2 minutes"},"schema":{"@context":"https:\/\/schema.org","@graph":[{"@type":"Article","@id":"https:\/\/www.zerdab.com\/?p=19246#article","isPartOf":{"@id":"https:\/\/www.zerdab.com\/?p=19246"},"author":{"name":"admin","@id":"https:\/\/www.zerdab.com\/#\/schema\/person\/97079b7570c1e89ec0d9e138c3672136"},"headline":"Z\u0259rdabda sahibkarlarla g\u00f6r\u00fc\u015f ke\u00e7irildi","datePublished":"2015-04-29T09:58:35+00:00","dateModified":"2015-04-29T10:00:36+00:00","mainEntityOfPage":{"@id":"https:\/\/www.zerdab.com\/?p=19246"},"wordCount":487,"commentCount":0,"articleSection":["X\u018fB\u018fRL\u018fR"],"inLanguage":"az","potentialAction":[{"@type":"CommentAction","name":"Comment","target":["https:\/\/www.zerdab.com\/?p=19246#respond"]}]},{"@type":"WebPage","@id":"https:\/\/www.zerdab.com\/?p=19246","url":"https:\/\/www.zerdab.com\/?p=19246","name":"Z\u0259rdabda sahibkarlarla g\u00f6r\u00fc\u015f ke\u00e7irildi - Z\u0259rdab.com","isPartOf":{"@id":"https:\/\/www.zerdab.com\/#website"},"datePublished":"2015-04-29T09:58:35+00:00","dateModified":"2015-04-29T10:00:36+00:00","author":{"@id":"https:\/\/www.zerdab.com\/#\/schema\/person\/97079b7570c1e89ec0d9e138c3672136"},"breadcrumb":{"@id":"https:\/\/www.zerdab.com\/?p=19246#breadcrumb"},"inLanguage":"az","potentialAction":[{"@type":"ReadAction","target":["https:\/\/www.zerdab.com\/?p=19246"]}]},{"@type":"BreadcrumbList","@id":"https:\/\/www.zerdab.com\/?p=19246#breadcrumb","itemListElement":[{"@type":"ListItem","position":1,"name":"Home","item":"https:\/\/www.zerdab.com\/"},{"@type":"ListItem","position":2,"name":"Z\u0259rdabda sahibkarlarla g\u00f6r\u00fc\u015f ke\u00e7irildi"}]},{"@type":"WebSite","@id":"https:\/\/www.zerdab.com\/#website","url":"https:\/\/www.zerdab.com\/","name":"Z\u0259rdab.com","description":"","potentialAction":[{"@type":"SearchAction","target":{"@type":"EntryPoint","urlTemplate":"https:\/\/www.zerdab.com\/?s={search_term_string}"},"query-input":{"@type":"PropertyValueSpecification","valueRequired":true,"valueName":"search_term_string"}}],"inLanguage":"az"},{"@type":"Person","@id":"https:\/\/www.zerdab.com\/#\/schema\/person\/97079b7570c1e89ec0d9e138c3672136","name":"admin","image":{"@type":"ImageObject","inLanguage":"az","@id":"https:\/\/www.zerdab.com\/#\/schema\/person\/image\/","url":"https:\/\/secure.gravatar.com\/avatar\/d9c52a9a27c32119cb6679a077fa3e2779e5f822c451cbf01098004361d466ec?s=96&d=mm&r=g","contentUrl":"https:\/\/secure.gravatar.com\/avatar\/d9c52a9a27c32119cb6679a077fa3e2779e5f822c451cbf01098004361d466ec?s=96&d=mm&r=g","caption":"admin"},"url":"https:\/\/www.zerdab.com\/?author=1"}]}},"_links":{"self":[{"href":"https:\/\/www.zerdab.com\/index.php?rest_route=\/wp\/v2\/posts\/19246","targetHints":{"allow":["GET"]}}],"collection":[{"href":"https:\/\/www.zerdab.com\/index.php?rest_route=\/wp\/v2\/posts"}],"about":[{"href":"https:\/\/www.zerdab.com\/index.php?rest_route=\/wp\/v2\/types\/post"}],"author":[{"embeddable":true,"href":"https:\/\/www.zerdab.com\/index.php?rest_route=\/wp\/v2\/users\/1"}],"replies":[{"embeddable":true,"href":"https:\/\/www.zerdab.com\/index.php?rest_route=%2Fwp%2Fv2%2Fcomments&post=19246"}],"version-history":[{"count":3,"href":"https:\/\/www.zerdab.com\/index.php?rest_route=\/wp\/v2\/posts\/19246\/revisions"}],"predecessor-version":[{"id":19251,"href":"https:\/\/www.zerdab.com\/index.php?rest_route=\/wp\/v2\/posts\/19246\/revisions\/19251"}],"wp:attachment":[{"href":"https:\/\/www.zerdab.com\/index.php?rest_route=%2Fwp%2Fv2%2Fmedia&parent=19246"}],"wp:term":[{"taxonomy":"category","embeddable":true,"href":"https:\/\/www.zerdab.com\/index.php?rest_route=%2Fwp%2Fv2%2Fcategories&post=19246"},{"taxonomy":"post_tag","embeddable":true,"href":"https:\/\/www.zerdab.com\/index.php?rest_route=%2Fwp%2Fv2%2Ftags&post=19246"}],"curies":[{"name":"wp","href":"https:\/\/api.w.org\/{rel}","templated":true}]}}