{"id":19287,"date":"2015-04-30T16:35:30","date_gmt":"2015-04-30T11:35:30","guid":{"rendered":"http:\/\/www.zerdab.com\/?p=19287"},"modified":"2015-04-30T16:36:09","modified_gmt":"2015-04-30T11:36:09","slug":"z%c9%99rdabda-sohr%c9%99t-ordenli-muradali-heyd%c9%99rovun-s%c9%99r%c9%99fin%c9%99-t%c9%99dbir-kecirilib","status":"publish","type":"post","link":"https:\/\/www.zerdab.com\/?p=19287","title":{"rendered":"Z\u0259rdabda \u015e\u00f6hr\u0259t Ordenli Muradal\u0131 Heyd\u0259rovun \u015f\u0259r\u0259fin\u0259 t\u0259dbir ke\u00e7irildi"},"content":{"rendered":"<p>&nbsp;<\/p>\n<p><a href=\"http:\/\/www.zerdab.com\/z%c9%99rdabda-sohr%c9%99t-ordenli-muradali-heyd%c9%99rovun-s%c9%99r%c9%99fin%c9%99-t%c9%99dbir-kecirilib\/z%c9%99rdab-rayonu-89\/\" rel=\"attachment wp-att-19288\"><img loading=\"lazy\" decoding=\"async\" class=\"aligncenter size-large wp-image-19288\" src=\"http:\/\/www.zerdab.com\/wp-content\/uploads\/2015\/04\/Z\u0259rdab-rayonu28-420x550.jpg\" alt=\"Z\u0259rdab rayonu\" width=\"420\" height=\"550\" \/><\/a>B\u00f6y\u00fck V\u0259t\u0259n m\u00fcharib\u0259sind\u0259 g\u00f6st\u0259rdiyi \u0259sg\u0259ri \u015f\u00fcca\u0259t v\u0259 r\u0259\u015fad\u0259t\u0259 g\u00f6r\u0259 \u015e\u00f6hr\u0259t Ordeninin h\u0259r \u00fc\u00e7 d\u0259r\u0259c\u0259si il\u0259 t\u0259ltif olunmu\u015f 16 n\u0259f\u0259r az\u0259rbaycanl\u0131 d\u00f6y\u00fc\u015f\u00e7\u00fcd\u0259n yaln\u0131z bir n\u0259f\u0259ri bu g\u00fcn h\u0259yatdad\u0131r. Z\u0259rdab rayonunun M\u0259mm\u0259dqas\u0131ml\u0131 k\u0259ndind\u0259 ya\u015fayan Muradal\u0131 \u015eavaqat o\u011flu Heyd\u0259rovun 94 ya\u015f\u0131 olmas\u0131na baxmayaraq yen\u0259 d\u0259 g\u00fcmrahd\u0131r, b\u00f6y\u00fck h\u0259v\u0259sl\u0259 g\u0259ncl\u0259rin v\u0259t\u0259np\u0259rv\u0259rlik t\u0259rbiy\u0259sind\u0259 yax\u0131ndan i\u015ftirak edir.<\/p>\n<p>416-c\u0131 Az\u0259rbaycan at\u0131c\u0131 diviziyas\u0131n\u0131n artilleriya alay\u0131n\u0131n t\u0259rkibind\u0259 Qafqaz da\u011flar\u0131n\u0131n \u0259t\u0259kl\u0259rind\u0259n Berlin\u0259d\u0259k \u015fanl\u0131 d\u00f6y\u00fc\u015f yolu ke\u00e7mi\u015f v\u0259 pe\u015f\u0259kar top\u00e7u kimi m\u0259\u015fhurla\u015fm\u0131\u015f Muradal\u0131 baban\u0131 tez-tez m\u0259kt\u0259bl\u0259rd\u0259, h\u0259rbi hiss\u0259l\u0259rd\u0259 g\u00f6rm\u0259k olar. C\u0259bh\u0259 xatir\u0259l\u0259rind\u0259n h\u0259mi\u015f\u0259 b\u00f6y\u00fck maraqla s\u00f6hb\u0259t a\u00e7an veteran g\u0259ncl\u0259rin orduya haz\u0131rlanmas\u0131nda, el\u0259c\u0259 d\u0259 Silahl\u0131 Q\u00fcvv\u0259l\u0259rimizin \u015f\u0259xsi hey\u0259tinin d\u00f6y\u00fc\u015f ruhunun y\u00fcks\u0259ldilm\u0259sind\u0259 s\u0259yl\u0259rini \u0259sirg\u0259mir.<\/p>\n<p>1941-1945-ci ill\u0259r m\u00fcharib\u0259sind\u0259 fa\u015fizm \u00fcz\u0259rind\u0259 q\u0259l\u0259b\u0259nin 70 illiyi \u0259r\u0259f\u0259sind\u0259 Z\u0259rdabda \u015e\u00f6hr\u0259t Ordeninin h\u0259r \u00fc\u00e7 d\u0259r\u0259c\u0259sinin kavaleri Muradal\u0131 Heyd\u0259rovun \u015f\u0259r\u0259fin\u0259 t\u0259dbir ke\u00e7irilib.<\/p>\n<p>\u018fvv\u0259lc\u0259 bir qrup m\u00fcharib\u0259 veteran\u0131, rayon ictimaiyy\u0259tinin n\u00fcmay\u0259nd\u0259l\u0259ri v\u0259 qonaqlar xalq\u0131m\u0131z\u0131n \u00dcmummilli lideri Heyd\u0259r \u018fliyevin abid\u0259sini ziyar\u0259t edib, qar\u015f\u0131s\u0131na h\u00f6rm\u0259t v\u0259 ehtiram \u0259lam\u0259ti olaraq g\u00fcl d\u0259st\u0259l\u0259ri qoyublar.<\/p>\n<p>Heyd\u0259r \u018fliyev M\u0259rk\u0259zinin qar\u015f\u0131s\u0131nda m\u00fcharib\u0259 veteranlar\u0131n\u0131 (Z\u0259rdabda onlar\u0131n say\u0131 19-dur, sa\u011flaml\u0131qlar\u0131 imkan verm\u0259diyind\u0259n t\u0259dbird\u0259 yaln\u0131z 7 n\u0259f\u0259ri i\u015ftirak edib) h\u0259rbi libas geyinmi\u015f u\u015faqlar, m\u0259kt\u0259blil\u0259r g\u00fcl-\u00e7i\u00e7\u0259k d\u0259st\u0259l\u0259ri il\u0259 qar\u015f\u0131lay\u0131blar.<\/p>\n<p>M\u0259rk\u0259zin ekspozisiyas\u0131 il\u0259 tan\u0131\u015fl\u0131qdan sonra M\u00fcdafi\u0259 Nazirliyi v\u0259 Z\u0259rdab Rayon \u0130cra Hakimiyy\u0259tinin birg\u0259 t\u0259\u015fkilat\u00e7\u0131l\u0131\u011f\u0131 il\u0259 \u201cBabalar\u0131m\u0131z\u0131n q\u0259hr\u0259manl\u0131q \u0259n\u0259n\u0259l\u0259rini ya\u015fadaq!\u201d devizi alt\u0131nda m\u0259rasim ba\u015flan\u0131b.<\/p>\n<p>M\u0259rasimi Z\u0259rdab Rayon \u0130cra Hakimiyy\u0259tinin ba\u015f\u00e7\u0131s\u0131 L\u00fctv\u0259li Babayev a\u00e7araq bildirib ki, Az\u0259rbaycan Respublikas\u0131n\u0131n Prezidenti c\u0259nab \u0130lham \u018fliyevin s\u0259r\u0259ncam\u0131 il\u0259 t\u0259sdiq edilmi\u015f \u201c1941-1945-ci ill\u0259r m\u00fcharib\u0259sind\u0259 q\u0259l\u0259b\u0259nin 70 illik yubileyinin t\u0259\u015fkili v\u0259 ke\u00e7irilm\u0259si il\u0259 ba\u011fl\u0131 T\u0259dbirl\u0259r Plan\u0131\u201dndan ir\u0259li g\u0259l\u0259n v\u0259zif\u0259l\u0259r \u00f6lk\u0259mizin h\u0259r yerind\u0259 oldu\u011fu kimi Z\u0259rdab rayonunda da u\u011furla h\u0259yata ke\u00e7irilir.<\/p>\n<p>Z\u0259rdabl\u0131lar B\u00f6y\u00fck V\u0259t\u0259n m\u00fcharib\u0259sinin ilk g\u00fcnl\u0259rind\u0259n ba\u015flayaraq h\u0259m \u00f6n, h\u0259m d\u0259 arxa c\u0259bh\u0259d\u0259 q\u0259l\u0259b\u0259 namin\u0259 b\u00f6y\u00fck f\u0259dakarl\u0131qlar g\u00f6st\u0259ribl\u0259r. C\u0259bh\u0259y\u0259 yollanm\u0131\u015f 3384 n\u0259f\u0259r Z\u0259rdab sakinind\u0259n 1407 n\u0259f\u0259ri d\u00f6y\u00fc\u015f meydanlar\u0131nda q\u0259hr\u0259manl\u0131qla h\u0259lak olmu\u015f, geri d\u00f6nm\u0259mi\u015fdir. Onlardan 1977 n\u0259f\u0259r m\u00fcharib\u0259d\u0259n qay\u0131td\u0131qdan sonra da \u0259m\u0259k c\u0259bh\u0259l\u0259rind\u0259 v\u0259t\u0259n\u0259 s\u0259daq\u0259tl\u0259 xidm\u0259t etmi\u015fl\u0259r. Z\u0259rdab\u0131n igid o\u011fullar\u0131ndan \u0259fsan\u0259vi Dnepr q\u0259hr\u0259man\u0131 M\u0259lik M\u0259h\u0259rr\u0259mov Sovet \u0130ttifaq\u0131 Q\u0259hr\u0259man\u0131, Muradal\u0131 Heyd\u0259rov is\u0259 \u015e\u00f6hr\u0259t Ordeninin h\u0259r \u00fc\u00e7 d\u0259r\u0259c\u0259si il\u0259 t\u0259ltif olunmu\u015fdur. Z\u0259rdabl\u0131lar \u00f6z q\u0259hr\u0259manlar\u0131n\u0131 he\u00e7 vaxt unutmur, onlar\u0131n xatir\u0259l\u0259rini h\u0259mi\u015f\u0259 \u0259ziz tutur v\u0259 q\u0259hr\u0259manl\u0131q \u0259n\u0259n\u0259l\u0259rini \u015f\u0259r\u0259fl\u0259 davam etdirirl\u0259r. Rayon m\u0259rk\u0259zind\u0259 v\u0259 k\u0259ndl\u0259rd\u0259 B\u00f6y\u00fck V\u0259t\u0259n m\u00fcharib\u0259sind\u0259 h\u0259lak olanlar\u0131n xatir\u0259 kompleksl\u0259ri yarad\u0131lm\u0131\u015f, Sovet \u0130ttifaq\u0131 Q\u0259hr\u0259man\u0131 M\u0259lik M\u0259h\u0259rr\u0259movun qranit b\u00fcst\u00fc ucald\u0131lm\u0131\u015fd\u0131r.\u00a0 Haz\u0131rda Silahl\u0131 Q\u00fcvv\u0259l\u0259rin ayr\u0131-ayr\u0131 qo\u015fun n\u00f6vl\u0259rind\u0259 y\u00fczl\u0259rl\u0259 z\u0259rdabl\u0131 \u0259sg\u0259r v\u0259 zabit xidm\u0259t edir. 118 n\u0259f\u0259r z\u0259rdabl\u0131 v\u0259t\u0259np\u0259rv\u0259r Az\u0259rbaycan\u0131n \u0259razi b\u00fct\u00f6vl\u00fcy\u00fc, suverenliyi v\u0259 dinc \u0259halinin t\u0259hl\u00fck\u0259sizliyinin qorunmas\u0131 u\u011frunda d\u00f6y\u00fc\u015fl\u0259rd\u0259 \u015f\u0259hidlik zirv\u0259sin\u0259 ucal\u0131b.<\/p>\n<p>\u0130st\u0259r m\u00fcharib\u0259 veteranlar\u0131, ist\u0259rs\u0259 d\u0259 onlar\u0131n ail\u0259 \u00fczvl\u0259ri, arxa c\u0259bh\u0259nin f\u0259dakar insanlar\u0131 h\u0259mi\u015f\u0259 diqq\u0259t m\u0259rk\u0259zind\u0259dir v\u0259 onlar \u00f6lk\u0259 r\u0259hb\u0259rliyinin qay\u011f\u0131s\u0131ndan \u00e7ox raz\u0131d\u0131rlar.<\/p>\n<p>\u201cQ\u0259l\u0259b\u0259 g\u00fcn\u00fc\u201d mahn\u0131s\u0131n\u0131n s\u0259dalar\u0131 alt\u0131nda vaxtil\u0259 xidm\u0259t etdikl\u0259ri Az\u0259rbaycan milli diviziyalar\u0131n\u0131n bayraqlar\u0131 alt\u0131nda salona daxil olan veteranlar\u0131 t\u0259dbir i\u015ftirak\u00e7\u0131lar\u0131 ayaq \u00fcst\u0259 alq\u0131\u015flarla qar\u015f\u0131lay\u0131b v\u0259 onlar\u0131n h\u0259r birinin d\u00f6y\u00fc\u015f yolu bar\u0259d\u0259 m\u0259lumat verilib.<\/p>\n<p>M\u00fcdafi\u0259 Nazirliyinin zabiti, polkovnik Abdulla Qurbani Z\u0259rdab rayonunda g\u0259ncl\u0259rin h\u0259rbi v\u0259t\u0259np\u0259rv\u0259rlik ruhunda t\u0259rbiy\u0259 olunmas\u0131 sah\u0259sind\u0259 t\u0259qdir\u0259layiq t\u0259dbirl\u0259rin m\u00fct\u0259madi olaraq ke\u00e7irilm\u0259sini qeyd edib v\u0259 M\u00fcdafi\u0259 naziri, general-polkovnik Zakir H\u0259s\u0259novun veteranlara t\u0259brikini oxuyub. Sonra is\u0259 kavaler ordenli Muradal\u0131 Heyd\u0259rova M\u00fcdafi\u0259 nazirinin t\u0259brik \u00fcnvan\u0131 v\u0259 qiym\u0259tli h\u0259diyy\u0259si t\u0259qdim olunub. T\u0259brikd\u0259 deyilir: \u201cH\u00f6rm\u0259tli Muradal\u0131 \u015eavaqat o\u011flu! Sizin m\u0259nal\u0131 h\u0259yat v\u0259 d\u00f6y\u00fc\u015f yolunuz g\u0259ncl\u0259rimiz \u00fc\u00e7\u00fcn \u00f6rn\u0259kdir. Ukrayna, Belorusiya c\u0259bh\u0259l\u0259rind\u0259, Pol\u015fan\u0131n fa\u015fistl\u0259rd\u0259n azad edilm\u0259sind\u0259 g\u00f6st\u0259rdiyiniz q\u0259hr\u0259manl\u0131qlara g\u00f6r\u0259 Siz 3-c\u00fc v\u0259 2-ci d\u0259r\u0259c\u0259li \u015e\u00f6hr\u0259t Ordenl\u0259ri il\u0259 t\u0259ltif olunmu\u015f, d\u0259f\u0259l\u0259rl\u0259 yaralanma\u011f\u0131n\u0131za baxmayaraq d\u00f6y\u00fc\u015f meydan\u0131n\u0131 he\u00e7 vaxt t\u0259rk etm\u0259misiniz.<\/p>\n<p>Berlin u\u011frunda ged\u0259n d\u00f6y\u00fc\u015fl\u0259rd\u0259 komandiri oldu\u011funuz top hey\u0259ti d\u00fc\u015fm\u0259nin 6 pulemyotunu, d\u00f6y\u00fc\u015f sursat\u0131 il\u0259 dolu 6 avtomobilini, 2 topunu v\u0259 20-y\u0259 yax\u0131n \u0259sg\u0259r v\u0259 zabitini m\u0259hv etmi\u015fdir. Siz is\u0259 1945-ci ilin ilk may g\u00fcn\u00fcnd\u0259 d\u00fc\u015fm\u0259nin at\u0259\u015fi alt\u0131nda topunuzu ir\u0259li \u00e7\u0259k\u0259r\u0259k, \u00e7ox yax\u0131n m\u0259saf\u0259d\u0259n at\u0131c\u0131 b\u00f6lm\u0259l\u0259rin ir\u0259lil\u0259m\u0259sin\u0259 mane olan istehkam qur\u011fular\u0131n\u0131 da\u011f\u0131tm\u0131\u015f v\u0259 bu igidliyiniz \u015e\u00f6hr\u0259t Ordeninin 1-ci d\u0259r\u0259c\u0259sin\u0259 layiq g\u00f6r\u00fclm\u00fc\u015fd\u00fcr.<\/p>\n<p>1946-c\u0131 ild\u0259 v\u0259t\u0259n\u0259 qay\u0131td\u0131qdan sonra \u0259m\u0259k c\u0259bh\u0259sind\u0259 d\u0259 h\u0259mi\u015f\u0259 ad\u0131n\u0131z yar\u0131\u015f qalibl\u0259rinin \u00f6n s\u0131ralar\u0131nda \u00e7\u0259kilmi\u015fdir. 1-ci v\u0259 2-ci d\u0259r\u0259c\u0259li B\u00f6y\u00fck V\u0259t\u0259n m\u00fcharib\u0259si il\u0259 yana\u015f\u0131, Sizin sin\u0259nizi \u0259m\u0259k medallar\u0131 da b\u0259z\u0259yir. Siz 1995-ci ild\u0259 Moskvada ke\u00e7iril\u0259n q\u0259l\u0259b\u0259 parad\u0131n\u0131n i\u015ftirak\u00e7\u0131s\u0131, f\u0259rdi Prezident t\u0259qa\u00fcd\u00e7\u00fcs\u00fcn\u00fcz. Ya\u015f\u0131n\u0131z\u0131n 93-\u00fc \u00f6tm\u0259sin\u0259 baxmayaraq Siz bu g\u00fcn d\u0259 g\u0259ncl\u0259rimizin v\u0259t\u0259np\u0259rv\u0259rlik ruhunda t\u0259rbiy\u0259sind\u0259 yax\u0131ndan i\u015ftirak edir, Silahl\u0131 Q\u00fcvv\u0259l\u0259rin \u015f\u0259xsi hey\u0259tinin m\u0259n\u0259vi-psixoloji haz\u0131rl\u0131\u011f\u0131n\u0131n, d\u00f6y\u00fc\u015f ruhunun y\u00fcks\u0259ldilm\u0259sind\u0259 s\u0259yl\u0259rinizi \u0259sirg\u0259mirsiniz.<\/p>\n<p>H\u00f6rm\u0259tli Muradal\u0131 \u015eavaqat o\u011flu!<\/p>\n<p>Bir daha Sizi q\u0259l\u0259b\u0259 g\u00fcn\u00fc m\u00fcnasib\u0259til\u0259 \u00fcr\u0259kd\u0259n t\u0259brik edir, sonrak\u0131 \u00f6m\u00fcr pay\u0131n\u0131z\u0131 da n\u0259v\u0259-n\u0259tic\u0259l\u0259rinizl\u0259 birlikd\u0259 \u015fad-firavan ya\u015faman\u0131z\u0131 arzulay\u0131ram\u201d.<\/p>\n<p>Muradal\u0131 \u015eavaqat o\u011flu veteranlara g\u00f6st\u0259ril\u0259n diqq\u0259t v\u0259 qay\u011f\u0131ya g\u00f6r\u0259 silahda\u015flar\u0131 ad\u0131ndan m\u00f6ht\u0259r\u0259m Prezidentimiz c\u0259nab \u0130lham \u018fliyev\u0259 v\u0259 M\u00fcdafi\u0259 Nazirliyinin r\u0259hb\u0259rliyin\u0259 minn\u0259tdarl\u0131\u011f\u0131n\u0131 bildirib. Qeyd edib ki, bir ne\u00e7\u0259 g\u00fcn \u00f6nc\u0259 respublikam\u0131zda ke\u00e7iril\u0259c\u0259k Birinci Avropa Oyunlar\u0131n\u0131n m\u0259\u015f\u0259linin At\u0259\u015fgahda yand\u0131r\u0131lmas\u0131 v\u0259 bu m\u0259\u015f\u0259lin \u00f6lk\u0259mizd\u0259 b\u00f6lg\u0259-b\u00f6lg\u0259 g\u0259zdirilm\u0259si biz veteranlar\u0131n da h\u0259dsiz sevincin\u0259 s\u0259b\u0259b olub. Biz Avropan\u0131 fa\u015fizmd\u0259n xilas etdik, indi d\u0259 Avropa g\u00fcnd\u0259n-g\u00fcn\u0259 \u00e7i\u00e7\u0259kl\u0259n\u0259n Az\u0259rbaycana idman, dostluq bayram\u0131na g\u0259lir. Bu \u00f6lk\u0259mizin b\u00f6y\u00fck q\u00fcrurudur v\u0259 z\u0259rdabl\u0131lar Avropa Oyunlar\u0131 m\u0259\u015f\u0259linin Z\u0259rdaba g\u0259tiril\u0259c\u0259yi g\u00fcn\u00fc s\u0259brsizlikl\u0259 g\u00f6zl\u0259yirl\u0259r.<\/p>\n<p>Sonra \u201cOrdu xalq\u0131n, xalq ordunun daya\u011f\u0131\u201d kitab-albomunun t\u0259qdimat\u0131 olub. \u0130lk n\u00fcsx\u0259l\u0259r m\u00fcharib\u0259 veteranlar\u0131na v\u0259 g\u0259ncl\u0259rin h\u0259rbi v\u0259t\u0259np\u0259rv\u0259rlik t\u0259rbiy\u0259sind\u0259 x\u00fcsusi xidm\u0259ti olanlara t\u0259qdim edilib.<\/p>\n<p>19 n\u0259f\u0259r m\u00fcharib\u0259 veteran\u0131na Rayon \u0130cra Hakimiyy\u0259tinin r\u0259hb\u0259rliyi t\u0259r\u0259find\u0259n pul m\u00fckafatlar\u0131 verilib.<\/p>\n<p>T\u0259dbirin sonunda veteranlar v\u0259 t\u0259dbir i\u015ftirak\u00e7\u0131lar\u0131 ilk Avropa Oyunlar\u0131n\u0131n m\u0259\u015f\u0259lini qar\u015f\u0131lamaq \u00fc\u00e7\u00fcn Z\u0259rdabda g\u00f6r\u00fcl\u0259n i\u015fl\u0259rl\u0259 tan\u0131\u015f olub, g\u00fcl-\u00e7i\u00e7\u0259kd\u0259n yarad\u0131lm\u0131\u015f Avropa Oyunlar\u0131n\u0131n loqosu qar\u015f\u0131s\u0131nda xatir\u0259 \u015f\u0259kill\u0259ri \u00e7\u0259kdiribl\u0259r.<\/p>\n<p>Muradal\u0131 Heyd\u0259rov \u00f6n s\u0259ng\u0259rd\u0259ki top\u00e7ularla g\u00f6r\u00fc\u015fm\u0259k \u00fc\u00e7\u00fcn c\u0259bh\u0259 b\u00f6lg\u0259sin\u0259 yola sal\u0131n\u0131b.<\/p>\n<p>H\u0259min g\u00fcn Z\u0259rdab Rayon \u0130cra Hakimiyy\u0259tinin ba\u015f\u00e7\u0131s\u0131 v\u0259 M\u00fcdafi\u0259 Nazirliyinin n\u00fcmay\u0259nd\u0259si t\u0259dbird\u0259 i\u015ftirak etm\u0259y\u0259 sa\u011flaml\u0131qlar\u0131 imkan verm\u0259y\u0259n m\u00fcharib\u0259 veteranlar\u0131n\u0131n evl\u0259rin\u0259 ged\u0259r\u0259k onlara ba\u015f \u00e7\u0259kibl\u0259r.<\/p>\n<p><span style=\"color: #0000ff;\"><strong>Z\u0259rdab Rayon \u0130cra Hakimiyy\u0259ti<a href=\"http:\/\/www.zerdab.com\/z%c9%99rdabda-sohr%c9%99t-ordenli-muradali-heyd%c9%99rovun-s%c9%99r%c9%99fin%c9%99-t%c9%99dbir-kecirilib\/z%c9%99rdab-rayonu2-27\/\" rel=\"attachment wp-att-19290\"><img loading=\"lazy\" decoding=\"async\" class=\"aligncenter size-large wp-image-19290\" src=\"http:\/\/www.zerdab.com\/wp-content\/uploads\/2015\/04\/Z\u0259rdab-rayonu29-550x415.jpg\" alt=\"Z\u0259rdab rayonu\" width=\"550\" height=\"415\" \/><\/a><a href=\"http:\/\/www.zerdab.com\/z%c9%99rdabda-sohr%c9%99t-ordenli-muradali-heyd%c9%99rovun-s%c9%99r%c9%99fin%c9%99-t%c9%99dbir-kecirilib\/z%c9%99rdab-rayonu1-29\/\" rel=\"attachment wp-att-19289\"><img loading=\"lazy\" decoding=\"async\" class=\"aligncenter size-large wp-image-19289\" src=\"http:\/\/www.zerdab.com\/wp-content\/uploads\/2015\/04\/Z\u0259rdab-rayonu113-365x550.jpg\" alt=\"Z\u0259rdab rayonu\" width=\"365\" height=\"550\" \/><\/a><a href=\"http:\/\/www.zerdab.com\/z%c9%99rdabda-sohr%c9%99t-ordenli-muradali-heyd%c9%99rovun-s%c9%99r%c9%99fin%c9%99-t%c9%99dbir-kecirilib\/z%c9%99rdab-rayonu3-21\/\" rel=\"attachment wp-att-19291\"><img loading=\"lazy\" decoding=\"async\" class=\"aligncenter size-large wp-image-19291\" src=\"http:\/\/www.zerdab.com\/wp-content\/uploads\/2015\/04\/Z\u0259rdab-rayonu36-550x365.jpg\" alt=\"Z\u0259rdab rayonu\" width=\"550\" height=\"365\" \/><\/a><a href=\"http:\/\/www.zerdab.com\/z%c9%99rdabda-sohr%c9%99t-ordenli-muradali-heyd%c9%99rovun-s%c9%99r%c9%99fin%c9%99-t%c9%99dbir-kecirilib\/z%c9%99rdab-rayonu11-2\/\" rel=\"attachment wp-att-19299\"><img loading=\"lazy\" decoding=\"async\" class=\"aligncenter size-large wp-image-19299\" src=\"http:\/\/www.zerdab.com\/wp-content\/uploads\/2015\/04\/Z\u0259rdab-rayonu114-550x444.jpg\" alt=\"Z\u0259rdab rayonu\" width=\"550\" height=\"444\" \/><\/a><a href=\"http:\/\/www.zerdab.com\/z%c9%99rdabda-sohr%c9%99t-ordenli-muradali-heyd%c9%99rovun-s%c9%99r%c9%99fin%c9%99-t%c9%99dbir-kecirilib\/z%c9%99rdab-rayonu4-19\/\" rel=\"attachment wp-att-19292\"><img loading=\"lazy\" decoding=\"async\" class=\"aligncenter size-large wp-image-19292\" src=\"http:\/\/www.zerdab.com\/wp-content\/uploads\/2015\/04\/Z\u0259rdab-rayonu44-550x365.jpg\" alt=\"Z\u0259rdab rayonu\" width=\"550\" height=\"365\" \/><\/a><a href=\"http:\/\/www.zerdab.com\/z%c9%99rdabda-sohr%c9%99t-ordenli-muradali-heyd%c9%99rovun-s%c9%99r%c9%99fin%c9%99-t%c9%99dbir-kecirilib\/z%c9%99rdab-rayonu5-14\/\" rel=\"attachment wp-att-19293\"><img loading=\"lazy\" decoding=\"async\" class=\"aligncenter size-large wp-image-19293\" src=\"http:\/\/www.zerdab.com\/wp-content\/uploads\/2015\/04\/Z\u0259rdab-rayonu54-365x550.jpg\" alt=\"Z\u0259rdab rayonu\" width=\"365\" height=\"550\" \/><\/a><a href=\"http:\/\/www.zerdab.com\/z%c9%99rdabda-sohr%c9%99t-ordenli-muradali-heyd%c9%99rovun-s%c9%99r%c9%99fin%c9%99-t%c9%99dbir-kecirilib\/z%c9%99rdab-rayonu6-12\/\" rel=\"attachment wp-att-19294\"><img loading=\"lazy\" decoding=\"async\" class=\"aligncenter size-large wp-image-19294\" src=\"http:\/\/www.zerdab.com\/wp-content\/uploads\/2015\/04\/Z\u0259rdab-rayonu63-550x365.jpg\" alt=\"Z\u0259rdab rayonu\" width=\"550\" height=\"365\" \/><\/a><a href=\"http:\/\/www.zerdab.com\/z%c9%99rdabda-sohr%c9%99t-ordenli-muradali-heyd%c9%99rovun-s%c9%99r%c9%99fin%c9%99-t%c9%99dbir-kecirilib\/z%c9%99rdab-rayonu7-8\/\" rel=\"attachment wp-att-19295\"><img loading=\"lazy\" decoding=\"async\" class=\"aligncenter size-large wp-image-19295\" src=\"http:\/\/www.zerdab.com\/wp-content\/uploads\/2015\/04\/Z\u0259rdab-rayonu72-550x365.jpg\" alt=\"Z\u0259rdab rayonu\" width=\"550\" height=\"365\" \/><\/a><a href=\"http:\/\/www.zerdab.com\/z%c9%99rdabda-sohr%c9%99t-ordenli-muradali-heyd%c9%99rovun-s%c9%99r%c9%99fin%c9%99-t%c9%99dbir-kecirilib\/z%c9%99rdab-rayonu8-9\/\" rel=\"attachment wp-att-19296\"><img loading=\"lazy\" decoding=\"async\" class=\"aligncenter size-large wp-image-19296\" src=\"http:\/\/www.zerdab.com\/wp-content\/uploads\/2015\/04\/Z\u0259rdab-rayonu82-550x365.jpg\" alt=\"Z\u0259rdab rayonu\" width=\"550\" height=\"365\" \/><\/a><a href=\"http:\/\/www.zerdab.com\/z%c9%99rdabda-sohr%c9%99t-ordenli-muradali-heyd%c9%99rovun-s%c9%99r%c9%99fin%c9%99-t%c9%99dbir-kecirilib\/z%c9%99rdab-rayonu9-8\/\" rel=\"attachment wp-att-19297\"><img loading=\"lazy\" decoding=\"async\" class=\"aligncenter size-large wp-image-19297\" src=\"http:\/\/www.zerdab.com\/wp-content\/uploads\/2015\/04\/Z\u0259rdab-rayonu91-459x550.jpg\" alt=\"Z\u0259rdab rayonu\" width=\"459\" height=\"550\" \/><\/a><a href=\"http:\/\/www.zerdab.com\/z%c9%99rdabda-sohr%c9%99t-ordenli-muradali-heyd%c9%99rovun-s%c9%99r%c9%99fin%c9%99-t%c9%99dbir-kecirilib\/z%c9%99rdab-rayonu9-8\/\" rel=\"attachment wp-att-19297\"><img loading=\"lazy\" decoding=\"async\" class=\"aligncenter size-large wp-image-19297\" src=\"http:\/\/www.zerdab.com\/wp-content\/uploads\/2015\/04\/Z\u0259rdab-rayonu91-459x550.jpg\" alt=\"Z\u0259rdab rayonu\" width=\"459\" height=\"550\" \/><\/a><a href=\"http:\/\/www.zerdab.com\/z%c9%99rdabda-sohr%c9%99t-ordenli-muradali-heyd%c9%99rovun-s%c9%99r%c9%99fin%c9%99-t%c9%99dbir-kecirilib\/z%c9%99rdab-rayonu10-7\/\" rel=\"attachment wp-att-19298\"><img loading=\"lazy\" decoding=\"async\" class=\"aligncenter size-large wp-image-19298\" src=\"http:\/\/www.zerdab.com\/wp-content\/uploads\/2015\/04\/Z\u0259rdab-rayonu101-550x365.jpg\" alt=\"Z\u0259rdab rayonu\" width=\"550\" height=\"365\" \/><\/a><a href=\"http:\/\/www.zerdab.com\/z%c9%99rdabda-sohr%c9%99t-ordenli-muradali-heyd%c9%99rovun-s%c9%99r%c9%99fin%c9%99-t%c9%99dbir-kecirilib\/z%c9%99rdab-rayonu11-2\/\" rel=\"attachment wp-att-19299\"><img loading=\"lazy\" decoding=\"async\" class=\"aligncenter size-large wp-image-19299\" src=\"http:\/\/www.zerdab.com\/wp-content\/uploads\/2015\/04\/Z\u0259rdab-rayonu114-550x444.jpg\" alt=\"Z\u0259rdab rayonu\" width=\"550\" height=\"444\" \/><\/a><a href=\"http:\/\/www.zerdab.com\/z%c9%99rdabda-sohr%c9%99t-ordenli-muradali-heyd%c9%99rovun-s%c9%99r%c9%99fin%c9%99-t%c9%99dbir-kecirilib\/z%c9%99rdab-rayonu12-2\/\" rel=\"attachment wp-att-19300\"><img loading=\"lazy\" decoding=\"async\" class=\"aligncenter size-large wp-image-19300\" src=\"http:\/\/www.zerdab.com\/wp-content\/uploads\/2015\/04\/Z\u0259rdab-rayonu121-550x465.jpg\" alt=\"Z\u0259rdab rayonu\" width=\"550\" height=\"465\" \/><\/a><\/strong><\/span><\/p>\n","protected":false},"excerpt":{"rendered":"<p>&nbsp; B\u00f6y\u00fck V\u0259t\u0259n m\u00fcharib\u0259sind\u0259 g\u00f6st\u0259rdiyi \u0259sg\u0259ri \u015f\u00fcca\u0259t v\u0259 r\u0259\u015fad\u0259t\u0259 g\u00f6r\u0259 \u015e\u00f6hr\u0259t Ordeninin h\u0259r \u00fc\u00e7 d\u0259r\u0259c\u0259si il\u0259 t\u0259ltif olunmu\u015f 16 n\u0259f\u0259r az\u0259rbaycanl\u0131 d\u00f6y\u00fc\u015f\u00e7\u00fcd\u0259n yaln\u0131z bir n\u0259f\u0259ri bu g\u00fcn h\u0259yatdad\u0131r. Z\u0259rdab rayonunun M\u0259mm\u0259dqas\u0131ml\u0131 k\u0259ndind\u0259 ya\u015fayan Muradal\u0131 \u015eavaqat o\u011flu Heyd\u0259rovun 94 ya\u015f\u0131 olmas\u0131na baxmayaraq yen\u0259 d\u0259 g\u00fcmrahd\u0131r, b\u00f6y\u00fck h\u0259v\u0259sl\u0259 g\u0259ncl\u0259rin v\u0259t\u0259np\u0259rv\u0259rlik t\u0259rbiy\u0259sind\u0259 yax\u0131ndan i\u015ftirak edir. 416-c\u0131 Az\u0259rbaycan at\u0131c\u0131 [&hellip;]<\/p>\n","protected":false},"author":1,"featured_media":0,"comment_status":"open","ping_status":"open","sticky":false,"template":"","format":"standard","meta":{"footnotes":""},"categories":[5],"tags":[],"class_list":{"0":"post-19287","1":"post","2":"type-post","3":"status-publish","4":"format-standard","6":"category-knd"},"yoast_head":"<!-- This site is optimized with the Yoast SEO plugin v27.0 - https:\/\/yoast.com\/product\/yoast-seo-wordpress\/ -->\n<title>Z\u0259rdabda \u015e\u00f6hr\u0259t Ordenli Muradal\u0131 Heyd\u0259rovun \u015f\u0259r\u0259fin\u0259 t\u0259dbir ke\u00e7irildi - Z\u0259rdab.com<\/title>\n<meta name=\"robots\" content=\"index, follow, max-snippet:-1, max-image-preview:large, max-video-preview:-1\" \/>\n<link rel=\"canonical\" href=\"https:\/\/www.zerdab.com\/?p=19287\" \/>\n<meta property=\"og:locale\" content=\"az_AZ\" \/>\n<meta property=\"og:type\" content=\"article\" \/>\n<meta property=\"og:title\" content=\"Z\u0259rdabda \u015e\u00f6hr\u0259t Ordenli Muradal\u0131 Heyd\u0259rovun \u015f\u0259r\u0259fin\u0259 t\u0259dbir ke\u00e7irildi - Z\u0259rdab.com\" \/>\n<meta property=\"og:description\" content=\"&nbsp; B\u00f6y\u00fck V\u0259t\u0259n m\u00fcharib\u0259sind\u0259 g\u00f6st\u0259rdiyi \u0259sg\u0259ri \u015f\u00fcca\u0259t v\u0259 r\u0259\u015fad\u0259t\u0259 g\u00f6r\u0259 \u015e\u00f6hr\u0259t Ordeninin h\u0259r \u00fc\u00e7 d\u0259r\u0259c\u0259si il\u0259 t\u0259ltif olunmu\u015f 16 n\u0259f\u0259r az\u0259rbaycanl\u0131 d\u00f6y\u00fc\u015f\u00e7\u00fcd\u0259n yaln\u0131z bir n\u0259f\u0259ri bu g\u00fcn h\u0259yatdad\u0131r. Z\u0259rdab rayonunun M\u0259mm\u0259dqas\u0131ml\u0131 k\u0259ndind\u0259 ya\u015fayan Muradal\u0131 \u015eavaqat o\u011flu Heyd\u0259rovun 94 ya\u015f\u0131 olmas\u0131na baxmayaraq yen\u0259 d\u0259 g\u00fcmrahd\u0131r, b\u00f6y\u00fck h\u0259v\u0259sl\u0259 g\u0259ncl\u0259rin v\u0259t\u0259np\u0259rv\u0259rlik t\u0259rbiy\u0259sind\u0259 yax\u0131ndan i\u015ftirak edir. 416-c\u0131 Az\u0259rbaycan at\u0131c\u0131 [&hellip;]\" \/>\n<meta property=\"og:url\" content=\"https:\/\/www.zerdab.com\/?p=19287\" \/>\n<meta property=\"og:site_name\" content=\"Z\u0259rdab.com\" \/>\n<meta property=\"article:published_time\" content=\"2015-04-30T11:35:30+00:00\" \/>\n<meta property=\"article:modified_time\" content=\"2015-04-30T11:36:09+00:00\" \/>\n<meta name=\"author\" content=\"admin\" \/>\n<meta name=\"twitter:card\" content=\"summary_large_image\" \/>\n<meta name=\"twitter:label1\" content=\"Written by\" \/>\n\t<meta name=\"twitter:data1\" content=\"admin\" \/>\n\t<meta name=\"twitter:label2\" content=\"Est. reading time\" \/>\n\t<meta name=\"twitter:data2\" content=\"8 minutes\" \/>\n<script type=\"application\/ld+json\" class=\"yoast-schema-graph\">{\"@context\":\"https:\/\/schema.org\",\"@graph\":[{\"@type\":\"Article\",\"@id\":\"https:\/\/www.zerdab.com\/?p=19287#article\",\"isPartOf\":{\"@id\":\"https:\/\/www.zerdab.com\/?p=19287\"},\"author\":{\"name\":\"admin\",\"@id\":\"https:\/\/www.zerdab.com\/#\/schema\/person\/97079b7570c1e89ec0d9e138c3672136\"},\"headline\":\"Z\u0259rdabda \u015e\u00f6hr\u0259t Ordenli Muradal\u0131 Heyd\u0259rovun \u015f\u0259r\u0259fin\u0259 t\u0259dbir ke\u00e7irildi\",\"datePublished\":\"2015-04-30T11:35:30+00:00\",\"dateModified\":\"2015-04-30T11:36:09+00:00\",\"mainEntityOfPage\":{\"@id\":\"https:\/\/www.zerdab.com\/?p=19287\"},\"wordCount\":1674,\"commentCount\":0,\"articleSection\":[\"X\u018fB\u018fRL\u018fR\"],\"inLanguage\":\"az\",\"potentialAction\":[{\"@type\":\"CommentAction\",\"name\":\"Comment\",\"target\":[\"https:\/\/www.zerdab.com\/?p=19287#respond\"]}]},{\"@type\":\"WebPage\",\"@id\":\"https:\/\/www.zerdab.com\/?p=19287\",\"url\":\"https:\/\/www.zerdab.com\/?p=19287\",\"name\":\"Z\u0259rdabda \u015e\u00f6hr\u0259t Ordenli Muradal\u0131 Heyd\u0259rovun \u015f\u0259r\u0259fin\u0259 t\u0259dbir ke\u00e7irildi - Z\u0259rdab.com\",\"isPartOf\":{\"@id\":\"https:\/\/www.zerdab.com\/#website\"},\"datePublished\":\"2015-04-30T11:35:30+00:00\",\"dateModified\":\"2015-04-30T11:36:09+00:00\",\"author\":{\"@id\":\"https:\/\/www.zerdab.com\/#\/schema\/person\/97079b7570c1e89ec0d9e138c3672136\"},\"breadcrumb\":{\"@id\":\"https:\/\/www.zerdab.com\/?p=19287#breadcrumb\"},\"inLanguage\":\"az\",\"potentialAction\":[{\"@type\":\"ReadAction\",\"target\":[\"https:\/\/www.zerdab.com\/?p=19287\"]}]},{\"@type\":\"BreadcrumbList\",\"@id\":\"https:\/\/www.zerdab.com\/?p=19287#breadcrumb\",\"itemListElement\":[{\"@type\":\"ListItem\",\"position\":1,\"name\":\"Home\",\"item\":\"https:\/\/www.zerdab.com\/\"},{\"@type\":\"ListItem\",\"position\":2,\"name\":\"Z\u0259rdabda \u015e\u00f6hr\u0259t Ordenli Muradal\u0131 Heyd\u0259rovun \u015f\u0259r\u0259fin\u0259 t\u0259dbir ke\u00e7irildi\"}]},{\"@type\":\"WebSite\",\"@id\":\"https:\/\/www.zerdab.com\/#website\",\"url\":\"https:\/\/www.zerdab.com\/\",\"name\":\"Z\u0259rdab.com\",\"description\":\"\",\"potentialAction\":[{\"@type\":\"SearchAction\",\"target\":{\"@type\":\"EntryPoint\",\"urlTemplate\":\"https:\/\/www.zerdab.com\/?s={search_term_string}\"},\"query-input\":{\"@type\":\"PropertyValueSpecification\",\"valueRequired\":true,\"valueName\":\"search_term_string\"}}],\"inLanguage\":\"az\"},{\"@type\":\"Person\",\"@id\":\"https:\/\/www.zerdab.com\/#\/schema\/person\/97079b7570c1e89ec0d9e138c3672136\",\"name\":\"admin\",\"image\":{\"@type\":\"ImageObject\",\"inLanguage\":\"az\",\"@id\":\"https:\/\/www.zerdab.com\/#\/schema\/person\/image\/\",\"url\":\"https:\/\/secure.gravatar.com\/avatar\/d9c52a9a27c32119cb6679a077fa3e2779e5f822c451cbf01098004361d466ec?s=96&d=mm&r=g\",\"contentUrl\":\"https:\/\/secure.gravatar.com\/avatar\/d9c52a9a27c32119cb6679a077fa3e2779e5f822c451cbf01098004361d466ec?s=96&d=mm&r=g\",\"caption\":\"admin\"},\"url\":\"https:\/\/www.zerdab.com\/?author=1\"}]}<\/script>\n<!-- \/ Yoast SEO plugin. -->","yoast_head_json":{"title":"Z\u0259rdabda \u015e\u00f6hr\u0259t Ordenli Muradal\u0131 Heyd\u0259rovun \u015f\u0259r\u0259fin\u0259 t\u0259dbir ke\u00e7irildi - Z\u0259rdab.com","robots":{"index":"index","follow":"follow","max-snippet":"max-snippet:-1","max-image-preview":"max-image-preview:large","max-video-preview":"max-video-preview:-1"},"canonical":"https:\/\/www.zerdab.com\/?p=19287","og_locale":"az_AZ","og_type":"article","og_title":"Z\u0259rdabda \u015e\u00f6hr\u0259t Ordenli Muradal\u0131 Heyd\u0259rovun \u015f\u0259r\u0259fin\u0259 t\u0259dbir ke\u00e7irildi - Z\u0259rdab.com","og_description":"&nbsp; B\u00f6y\u00fck V\u0259t\u0259n m\u00fcharib\u0259sind\u0259 g\u00f6st\u0259rdiyi \u0259sg\u0259ri \u015f\u00fcca\u0259t v\u0259 r\u0259\u015fad\u0259t\u0259 g\u00f6r\u0259 \u015e\u00f6hr\u0259t Ordeninin h\u0259r \u00fc\u00e7 d\u0259r\u0259c\u0259si il\u0259 t\u0259ltif olunmu\u015f 16 n\u0259f\u0259r az\u0259rbaycanl\u0131 d\u00f6y\u00fc\u015f\u00e7\u00fcd\u0259n yaln\u0131z bir n\u0259f\u0259ri bu g\u00fcn h\u0259yatdad\u0131r. Z\u0259rdab rayonunun M\u0259mm\u0259dqas\u0131ml\u0131 k\u0259ndind\u0259 ya\u015fayan Muradal\u0131 \u015eavaqat o\u011flu Heyd\u0259rovun 94 ya\u015f\u0131 olmas\u0131na baxmayaraq yen\u0259 d\u0259 g\u00fcmrahd\u0131r, b\u00f6y\u00fck h\u0259v\u0259sl\u0259 g\u0259ncl\u0259rin v\u0259t\u0259np\u0259rv\u0259rlik t\u0259rbiy\u0259sind\u0259 yax\u0131ndan i\u015ftirak edir. 416-c\u0131 Az\u0259rbaycan at\u0131c\u0131 [&hellip;]","og_url":"https:\/\/www.zerdab.com\/?p=19287","og_site_name":"Z\u0259rdab.com","article_published_time":"2015-04-30T11:35:30+00:00","article_modified_time":"2015-04-30T11:36:09+00:00","author":"admin","twitter_card":"summary_large_image","twitter_misc":{"Written by":"admin","Est. reading time":"8 minutes"},"schema":{"@context":"https:\/\/schema.org","@graph":[{"@type":"Article","@id":"https:\/\/www.zerdab.com\/?p=19287#article","isPartOf":{"@id":"https:\/\/www.zerdab.com\/?p=19287"},"author":{"name":"admin","@id":"https:\/\/www.zerdab.com\/#\/schema\/person\/97079b7570c1e89ec0d9e138c3672136"},"headline":"Z\u0259rdabda \u015e\u00f6hr\u0259t Ordenli Muradal\u0131 Heyd\u0259rovun \u015f\u0259r\u0259fin\u0259 t\u0259dbir ke\u00e7irildi","datePublished":"2015-04-30T11:35:30+00:00","dateModified":"2015-04-30T11:36:09+00:00","mainEntityOfPage":{"@id":"https:\/\/www.zerdab.com\/?p=19287"},"wordCount":1674,"commentCount":0,"articleSection":["X\u018fB\u018fRL\u018fR"],"inLanguage":"az","potentialAction":[{"@type":"CommentAction","name":"Comment","target":["https:\/\/www.zerdab.com\/?p=19287#respond"]}]},{"@type":"WebPage","@id":"https:\/\/www.zerdab.com\/?p=19287","url":"https:\/\/www.zerdab.com\/?p=19287","name":"Z\u0259rdabda \u015e\u00f6hr\u0259t Ordenli Muradal\u0131 Heyd\u0259rovun \u015f\u0259r\u0259fin\u0259 t\u0259dbir ke\u00e7irildi - Z\u0259rdab.com","isPartOf":{"@id":"https:\/\/www.zerdab.com\/#website"},"datePublished":"2015-04-30T11:35:30+00:00","dateModified":"2015-04-30T11:36:09+00:00","author":{"@id":"https:\/\/www.zerdab.com\/#\/schema\/person\/97079b7570c1e89ec0d9e138c3672136"},"breadcrumb":{"@id":"https:\/\/www.zerdab.com\/?p=19287#breadcrumb"},"inLanguage":"az","potentialAction":[{"@type":"ReadAction","target":["https:\/\/www.zerdab.com\/?p=19287"]}]},{"@type":"BreadcrumbList","@id":"https:\/\/www.zerdab.com\/?p=19287#breadcrumb","itemListElement":[{"@type":"ListItem","position":1,"name":"Home","item":"https:\/\/www.zerdab.com\/"},{"@type":"ListItem","position":2,"name":"Z\u0259rdabda \u015e\u00f6hr\u0259t Ordenli Muradal\u0131 Heyd\u0259rovun \u015f\u0259r\u0259fin\u0259 t\u0259dbir ke\u00e7irildi"}]},{"@type":"WebSite","@id":"https:\/\/www.zerdab.com\/#website","url":"https:\/\/www.zerdab.com\/","name":"Z\u0259rdab.com","description":"","potentialAction":[{"@type":"SearchAction","target":{"@type":"EntryPoint","urlTemplate":"https:\/\/www.zerdab.com\/?s={search_term_string}"},"query-input":{"@type":"PropertyValueSpecification","valueRequired":true,"valueName":"search_term_string"}}],"inLanguage":"az"},{"@type":"Person","@id":"https:\/\/www.zerdab.com\/#\/schema\/person\/97079b7570c1e89ec0d9e138c3672136","name":"admin","image":{"@type":"ImageObject","inLanguage":"az","@id":"https:\/\/www.zerdab.com\/#\/schema\/person\/image\/","url":"https:\/\/secure.gravatar.com\/avatar\/d9c52a9a27c32119cb6679a077fa3e2779e5f822c451cbf01098004361d466ec?s=96&d=mm&r=g","contentUrl":"https:\/\/secure.gravatar.com\/avatar\/d9c52a9a27c32119cb6679a077fa3e2779e5f822c451cbf01098004361d466ec?s=96&d=mm&r=g","caption":"admin"},"url":"https:\/\/www.zerdab.com\/?author=1"}]}},"_links":{"self":[{"href":"https:\/\/www.zerdab.com\/index.php?rest_route=\/wp\/v2\/posts\/19287","targetHints":{"allow":["GET"]}}],"collection":[{"href":"https:\/\/www.zerdab.com\/index.php?rest_route=\/wp\/v2\/posts"}],"about":[{"href":"https:\/\/www.zerdab.com\/index.php?rest_route=\/wp\/v2\/types\/post"}],"author":[{"embeddable":true,"href":"https:\/\/www.zerdab.com\/index.php?rest_route=\/wp\/v2\/users\/1"}],"replies":[{"embeddable":true,"href":"https:\/\/www.zerdab.com\/index.php?rest_route=%2Fwp%2Fv2%2Fcomments&post=19287"}],"version-history":[{"count":3,"href":"https:\/\/www.zerdab.com\/index.php?rest_route=\/wp\/v2\/posts\/19287\/revisions"}],"predecessor-version":[{"id":19303,"href":"https:\/\/www.zerdab.com\/index.php?rest_route=\/wp\/v2\/posts\/19287\/revisions\/19303"}],"wp:attachment":[{"href":"https:\/\/www.zerdab.com\/index.php?rest_route=%2Fwp%2Fv2%2Fmedia&parent=19287"}],"wp:term":[{"taxonomy":"category","embeddable":true,"href":"https:\/\/www.zerdab.com\/index.php?rest_route=%2Fwp%2Fv2%2Fcategories&post=19287"},{"taxonomy":"post_tag","embeddable":true,"href":"https:\/\/www.zerdab.com\/index.php?rest_route=%2Fwp%2Fv2%2Ftags&post=19287"}],"curies":[{"name":"wp","href":"https:\/\/api.w.org\/{rel}","templated":true}]}}