{"id":19327,"date":"2015-05-02T12:49:53","date_gmt":"2015-05-02T07:49:53","guid":{"rendered":"http:\/\/www.zerdab.com\/?p=19327"},"modified":"2015-05-02T12:50:00","modified_gmt":"2015-05-02T07:50:00","slug":"z%c9%99rdabda-gul-bayramina-hazirliq-isl%c9%99ri-davam-edir","status":"publish","type":"post","link":"https:\/\/www.zerdab.com\/?p=19327","title":{"rendered":"Z\u0259rdabda g\u00fcl bayram\u0131na haz\u0131rl\u0131q i\u015fl\u0259ri davam edir"},"content":{"rendered":"<p><a href=\"http:\/\/www.zerdab.com\/z%c9%99rdabda-gul-bayramina-hazirliq-isl%c9%99ri-davam-edir\/z%c9%99rdab-gul-bayrami2\/\" rel=\"attachment wp-att-19330\"><img loading=\"lazy\" decoding=\"async\" class=\"aligncenter size-large wp-image-19330\" src=\"http:\/\/www.zerdab.com\/wp-content\/uploads\/2015\/05\/Z\u0259rdab-g\u00fcl-bayram\u01312-550x413.jpg\" alt=\"Z\u0259rdab g\u00fcl bayram\u0131\" width=\"550\" height=\"413\" \/><\/a>Z\u0259rdab rayonunda \u00dcmummilli lider Heyd\u0259r \u018fliyevin anadan olmas\u0131n\u0131n 92-ci ild\u00f6n\u00fcm\u00fc m\u00fcnasib\u0259til\u0259 ke\u00e7iril\u0259c\u0259k g\u00fcl bayram\u0131na haz\u0131rl\u0131q i\u015fl\u0259ri davam etdirilir. Rayon \u0259razisind\u0259ki k\u00fc\u00e7\u0259 v\u0259 parklarda, x\u00fcsusil\u0259 Heyd\u0259r \u018fliyev park\u0131nda v\u0259 prospektind\u0259 s\u0259liq\u0259-sahman i\u015fl\u0259ri apar\u0131l\u0131r, m\u00fcxt\u0259lif \u00e7i\u00e7\u0259kl\u0259r, g\u00fcl kollar\u0131 v\u0259 ayr\u0131-ayr\u0131 a\u011faclar \u0259kilir. Yeni \u0259kilmi\u015f a\u011fac v\u0259 \u00e7i\u00e7\u0259kl\u0259r\u0259 laz\u0131mi qulluq g\u00f6st\u0259rilir, onlar\u0131n qorunmas\u0131 t\u0259min edilir.<\/p>\n<p>T\u0259dbirl\u0259r m\u00fcnt\u0259z\u0259m olaraq davam etdirilir.<\/p>\n<p><span style=\"color: #0000ff;\"><strong>Z\u0259rdab Rayon \u0130cra Hakimiyy\u0259ti<a href=\"http:\/\/www.zerdab.com\/z%c9%99rdabda-gul-bayramina-hazirliq-isl%c9%99ri-davam-edir\/z%c9%99rdab-gul-bayrami1\/\" rel=\"attachment wp-att-19329\"><img loading=\"lazy\" decoding=\"async\" class=\"aligncenter size-large wp-image-19329\" src=\"http:\/\/www.zerdab.com\/wp-content\/uploads\/2015\/05\/Z\u0259rdab-g\u00fcl-bayram\u01311-550x413.jpg\" alt=\"Z\u0259rdab g\u00fcl bayram\u0131\" width=\"550\" height=\"413\" \/><\/a><a href=\"http:\/\/www.zerdab.com\/z%c9%99rdabda-gul-bayramina-hazirliq-isl%c9%99ri-davam-edir\/z%c9%99rdab-gul-bayrami\/\" rel=\"attachment wp-att-19328\"><img loading=\"lazy\" decoding=\"async\" class=\"aligncenter size-large wp-image-19328\" src=\"http:\/\/www.zerdab.com\/wp-content\/uploads\/2015\/05\/Z\u0259rdab-g\u00fcl-bayram\u0131-550x413.jpg\" alt=\"Z\u0259rdab g\u00fcl bayram\u0131\" width=\"550\" height=\"413\" \/><\/a><\/strong><\/span><\/p>\n","protected":false},"excerpt":{"rendered":"<p>Z\u0259rdab rayonunda \u00dcmummilli lider Heyd\u0259r \u018fliyevin anadan olmas\u0131n\u0131n 92-ci ild\u00f6n\u00fcm\u00fc m\u00fcnasib\u0259til\u0259 ke\u00e7iril\u0259c\u0259k g\u00fcl bayram\u0131na haz\u0131rl\u0131q i\u015fl\u0259ri davam etdirilir. Rayon \u0259razisind\u0259ki k\u00fc\u00e7\u0259 v\u0259 parklarda, x\u00fcsusil\u0259 Heyd\u0259r \u018fliyev park\u0131nda v\u0259 prospektind\u0259 s\u0259liq\u0259-sahman i\u015fl\u0259ri apar\u0131l\u0131r, m\u00fcxt\u0259lif \u00e7i\u00e7\u0259kl\u0259r, g\u00fcl kollar\u0131 v\u0259 ayr\u0131-ayr\u0131 a\u011faclar \u0259kilir. Yeni \u0259kilmi\u015f a\u011fac v\u0259 \u00e7i\u00e7\u0259kl\u0259r\u0259 laz\u0131mi qulluq g\u00f6st\u0259rilir, onlar\u0131n qorunmas\u0131 t\u0259min edilir. T\u0259dbirl\u0259r m\u00fcnt\u0259z\u0259m olaraq [&hellip;]<\/p>\n","protected":false},"author":1,"featured_media":0,"comment_status":"open","ping_status":"open","sticky":false,"template":"","format":"standard","meta":{"footnotes":""},"categories":[5],"tags":[],"class_list":{"0":"post-19327","1":"post","2":"type-post","3":"status-publish","4":"format-standard","6":"category-knd"},"yoast_head":"<!-- This site is optimized with the Yoast SEO plugin v27.0 - https:\/\/yoast.com\/product\/yoast-seo-wordpress\/ -->\n<title>Z\u0259rdabda g\u00fcl bayram\u0131na haz\u0131rl\u0131q i\u015fl\u0259ri davam edir - Z\u0259rdab.com<\/title>\n<meta name=\"robots\" content=\"index, follow, max-snippet:-1, max-image-preview:large, max-video-preview:-1\" \/>\n<link rel=\"canonical\" href=\"https:\/\/www.zerdab.com\/?p=19327\" \/>\n<meta property=\"og:locale\" content=\"az_AZ\" \/>\n<meta property=\"og:type\" content=\"article\" \/>\n<meta property=\"og:title\" content=\"Z\u0259rdabda g\u00fcl bayram\u0131na haz\u0131rl\u0131q i\u015fl\u0259ri davam edir - Z\u0259rdab.com\" \/>\n<meta property=\"og:description\" content=\"Z\u0259rdab rayonunda \u00dcmummilli lider Heyd\u0259r \u018fliyevin anadan olmas\u0131n\u0131n 92-ci ild\u00f6n\u00fcm\u00fc m\u00fcnasib\u0259til\u0259 ke\u00e7iril\u0259c\u0259k g\u00fcl bayram\u0131na haz\u0131rl\u0131q i\u015fl\u0259ri davam etdirilir. Rayon \u0259razisind\u0259ki k\u00fc\u00e7\u0259 v\u0259 parklarda, x\u00fcsusil\u0259 Heyd\u0259r \u018fliyev park\u0131nda v\u0259 prospektind\u0259 s\u0259liq\u0259-sahman i\u015fl\u0259ri apar\u0131l\u0131r, m\u00fcxt\u0259lif \u00e7i\u00e7\u0259kl\u0259r, g\u00fcl kollar\u0131 v\u0259 ayr\u0131-ayr\u0131 a\u011faclar \u0259kilir. Yeni \u0259kilmi\u015f a\u011fac v\u0259 \u00e7i\u00e7\u0259kl\u0259r\u0259 laz\u0131mi qulluq g\u00f6st\u0259rilir, onlar\u0131n qorunmas\u0131 t\u0259min edilir. T\u0259dbirl\u0259r m\u00fcnt\u0259z\u0259m olaraq [&hellip;]\" \/>\n<meta property=\"og:url\" content=\"https:\/\/www.zerdab.com\/?p=19327\" \/>\n<meta property=\"og:site_name\" content=\"Z\u0259rdab.com\" \/>\n<meta property=\"article:published_time\" content=\"2015-05-02T07:49:53+00:00\" \/>\n<meta property=\"article:modified_time\" content=\"2015-05-02T07:50:00+00:00\" \/>\n<meta name=\"author\" content=\"admin\" \/>\n<meta name=\"twitter:card\" content=\"summary_large_image\" \/>\n<meta name=\"twitter:label1\" content=\"Written by\" \/>\n\t<meta name=\"twitter:data1\" content=\"admin\" \/>\n\t<meta name=\"twitter:label2\" content=\"Est. reading time\" \/>\n\t<meta name=\"twitter:data2\" content=\"1 minute\" \/>\n<script type=\"application\/ld+json\" class=\"yoast-schema-graph\">{\"@context\":\"https:\/\/schema.org\",\"@graph\":[{\"@type\":\"Article\",\"@id\":\"https:\/\/www.zerdab.com\/?p=19327#article\",\"isPartOf\":{\"@id\":\"https:\/\/www.zerdab.com\/?p=19327\"},\"author\":{\"name\":\"admin\",\"@id\":\"https:\/\/www.zerdab.com\/#\/schema\/person\/97079b7570c1e89ec0d9e138c3672136\"},\"headline\":\"Z\u0259rdabda g\u00fcl bayram\u0131na haz\u0131rl\u0131q i\u015fl\u0259ri davam edir\",\"datePublished\":\"2015-05-02T07:49:53+00:00\",\"dateModified\":\"2015-05-02T07:50:00+00:00\",\"mainEntityOfPage\":{\"@id\":\"https:\/\/www.zerdab.com\/?p=19327\"},\"wordCount\":124,\"commentCount\":0,\"articleSection\":[\"X\u018fB\u018fRL\u018fR\"],\"inLanguage\":\"az\",\"potentialAction\":[{\"@type\":\"CommentAction\",\"name\":\"Comment\",\"target\":[\"https:\/\/www.zerdab.com\/?p=19327#respond\"]}]},{\"@type\":\"WebPage\",\"@id\":\"https:\/\/www.zerdab.com\/?p=19327\",\"url\":\"https:\/\/www.zerdab.com\/?p=19327\",\"name\":\"Z\u0259rdabda g\u00fcl bayram\u0131na haz\u0131rl\u0131q i\u015fl\u0259ri davam edir - Z\u0259rdab.com\",\"isPartOf\":{\"@id\":\"https:\/\/www.zerdab.com\/#website\"},\"datePublished\":\"2015-05-02T07:49:53+00:00\",\"dateModified\":\"2015-05-02T07:50:00+00:00\",\"author\":{\"@id\":\"https:\/\/www.zerdab.com\/#\/schema\/person\/97079b7570c1e89ec0d9e138c3672136\"},\"breadcrumb\":{\"@id\":\"https:\/\/www.zerdab.com\/?p=19327#breadcrumb\"},\"inLanguage\":\"az\",\"potentialAction\":[{\"@type\":\"ReadAction\",\"target\":[\"https:\/\/www.zerdab.com\/?p=19327\"]}]},{\"@type\":\"BreadcrumbList\",\"@id\":\"https:\/\/www.zerdab.com\/?p=19327#breadcrumb\",\"itemListElement\":[{\"@type\":\"ListItem\",\"position\":1,\"name\":\"Home\",\"item\":\"https:\/\/www.zerdab.com\/\"},{\"@type\":\"ListItem\",\"position\":2,\"name\":\"Z\u0259rdabda g\u00fcl bayram\u0131na haz\u0131rl\u0131q i\u015fl\u0259ri davam edir\"}]},{\"@type\":\"WebSite\",\"@id\":\"https:\/\/www.zerdab.com\/#website\",\"url\":\"https:\/\/www.zerdab.com\/\",\"name\":\"Z\u0259rdab.com\",\"description\":\"\",\"potentialAction\":[{\"@type\":\"SearchAction\",\"target\":{\"@type\":\"EntryPoint\",\"urlTemplate\":\"https:\/\/www.zerdab.com\/?s={search_term_string}\"},\"query-input\":{\"@type\":\"PropertyValueSpecification\",\"valueRequired\":true,\"valueName\":\"search_term_string\"}}],\"inLanguage\":\"az\"},{\"@type\":\"Person\",\"@id\":\"https:\/\/www.zerdab.com\/#\/schema\/person\/97079b7570c1e89ec0d9e138c3672136\",\"name\":\"admin\",\"image\":{\"@type\":\"ImageObject\",\"inLanguage\":\"az\",\"@id\":\"https:\/\/www.zerdab.com\/#\/schema\/person\/image\/\",\"url\":\"https:\/\/secure.gravatar.com\/avatar\/d9c52a9a27c32119cb6679a077fa3e2779e5f822c451cbf01098004361d466ec?s=96&d=mm&r=g\",\"contentUrl\":\"https:\/\/secure.gravatar.com\/avatar\/d9c52a9a27c32119cb6679a077fa3e2779e5f822c451cbf01098004361d466ec?s=96&d=mm&r=g\",\"caption\":\"admin\"},\"url\":\"https:\/\/www.zerdab.com\/?author=1\"}]}<\/script>\n<!-- \/ Yoast SEO plugin. -->","yoast_head_json":{"title":"Z\u0259rdabda g\u00fcl bayram\u0131na haz\u0131rl\u0131q i\u015fl\u0259ri davam edir - Z\u0259rdab.com","robots":{"index":"index","follow":"follow","max-snippet":"max-snippet:-1","max-image-preview":"max-image-preview:large","max-video-preview":"max-video-preview:-1"},"canonical":"https:\/\/www.zerdab.com\/?p=19327","og_locale":"az_AZ","og_type":"article","og_title":"Z\u0259rdabda g\u00fcl bayram\u0131na haz\u0131rl\u0131q i\u015fl\u0259ri davam edir - Z\u0259rdab.com","og_description":"Z\u0259rdab rayonunda \u00dcmummilli lider Heyd\u0259r \u018fliyevin anadan olmas\u0131n\u0131n 92-ci ild\u00f6n\u00fcm\u00fc m\u00fcnasib\u0259til\u0259 ke\u00e7iril\u0259c\u0259k g\u00fcl bayram\u0131na haz\u0131rl\u0131q i\u015fl\u0259ri davam etdirilir. Rayon \u0259razisind\u0259ki k\u00fc\u00e7\u0259 v\u0259 parklarda, x\u00fcsusil\u0259 Heyd\u0259r \u018fliyev park\u0131nda v\u0259 prospektind\u0259 s\u0259liq\u0259-sahman i\u015fl\u0259ri apar\u0131l\u0131r, m\u00fcxt\u0259lif \u00e7i\u00e7\u0259kl\u0259r, g\u00fcl kollar\u0131 v\u0259 ayr\u0131-ayr\u0131 a\u011faclar \u0259kilir. Yeni \u0259kilmi\u015f a\u011fac v\u0259 \u00e7i\u00e7\u0259kl\u0259r\u0259 laz\u0131mi qulluq g\u00f6st\u0259rilir, onlar\u0131n qorunmas\u0131 t\u0259min edilir. T\u0259dbirl\u0259r m\u00fcnt\u0259z\u0259m olaraq [&hellip;]","og_url":"https:\/\/www.zerdab.com\/?p=19327","og_site_name":"Z\u0259rdab.com","article_published_time":"2015-05-02T07:49:53+00:00","article_modified_time":"2015-05-02T07:50:00+00:00","author":"admin","twitter_card":"summary_large_image","twitter_misc":{"Written by":"admin","Est. reading time":"1 minute"},"schema":{"@context":"https:\/\/schema.org","@graph":[{"@type":"Article","@id":"https:\/\/www.zerdab.com\/?p=19327#article","isPartOf":{"@id":"https:\/\/www.zerdab.com\/?p=19327"},"author":{"name":"admin","@id":"https:\/\/www.zerdab.com\/#\/schema\/person\/97079b7570c1e89ec0d9e138c3672136"},"headline":"Z\u0259rdabda g\u00fcl bayram\u0131na haz\u0131rl\u0131q i\u015fl\u0259ri davam edir","datePublished":"2015-05-02T07:49:53+00:00","dateModified":"2015-05-02T07:50:00+00:00","mainEntityOfPage":{"@id":"https:\/\/www.zerdab.com\/?p=19327"},"wordCount":124,"commentCount":0,"articleSection":["X\u018fB\u018fRL\u018fR"],"inLanguage":"az","potentialAction":[{"@type":"CommentAction","name":"Comment","target":["https:\/\/www.zerdab.com\/?p=19327#respond"]}]},{"@type":"WebPage","@id":"https:\/\/www.zerdab.com\/?p=19327","url":"https:\/\/www.zerdab.com\/?p=19327","name":"Z\u0259rdabda g\u00fcl bayram\u0131na haz\u0131rl\u0131q i\u015fl\u0259ri davam edir - Z\u0259rdab.com","isPartOf":{"@id":"https:\/\/www.zerdab.com\/#website"},"datePublished":"2015-05-02T07:49:53+00:00","dateModified":"2015-05-02T07:50:00+00:00","author":{"@id":"https:\/\/www.zerdab.com\/#\/schema\/person\/97079b7570c1e89ec0d9e138c3672136"},"breadcrumb":{"@id":"https:\/\/www.zerdab.com\/?p=19327#breadcrumb"},"inLanguage":"az","potentialAction":[{"@type":"ReadAction","target":["https:\/\/www.zerdab.com\/?p=19327"]}]},{"@type":"BreadcrumbList","@id":"https:\/\/www.zerdab.com\/?p=19327#breadcrumb","itemListElement":[{"@type":"ListItem","position":1,"name":"Home","item":"https:\/\/www.zerdab.com\/"},{"@type":"ListItem","position":2,"name":"Z\u0259rdabda g\u00fcl bayram\u0131na haz\u0131rl\u0131q i\u015fl\u0259ri davam edir"}]},{"@type":"WebSite","@id":"https:\/\/www.zerdab.com\/#website","url":"https:\/\/www.zerdab.com\/","name":"Z\u0259rdab.com","description":"","potentialAction":[{"@type":"SearchAction","target":{"@type":"EntryPoint","urlTemplate":"https:\/\/www.zerdab.com\/?s={search_term_string}"},"query-input":{"@type":"PropertyValueSpecification","valueRequired":true,"valueName":"search_term_string"}}],"inLanguage":"az"},{"@type":"Person","@id":"https:\/\/www.zerdab.com\/#\/schema\/person\/97079b7570c1e89ec0d9e138c3672136","name":"admin","image":{"@type":"ImageObject","inLanguage":"az","@id":"https:\/\/www.zerdab.com\/#\/schema\/person\/image\/","url":"https:\/\/secure.gravatar.com\/avatar\/d9c52a9a27c32119cb6679a077fa3e2779e5f822c451cbf01098004361d466ec?s=96&d=mm&r=g","contentUrl":"https:\/\/secure.gravatar.com\/avatar\/d9c52a9a27c32119cb6679a077fa3e2779e5f822c451cbf01098004361d466ec?s=96&d=mm&r=g","caption":"admin"},"url":"https:\/\/www.zerdab.com\/?author=1"}]}},"_links":{"self":[{"href":"https:\/\/www.zerdab.com\/index.php?rest_route=\/wp\/v2\/posts\/19327","targetHints":{"allow":["GET"]}}],"collection":[{"href":"https:\/\/www.zerdab.com\/index.php?rest_route=\/wp\/v2\/posts"}],"about":[{"href":"https:\/\/www.zerdab.com\/index.php?rest_route=\/wp\/v2\/types\/post"}],"author":[{"embeddable":true,"href":"https:\/\/www.zerdab.com\/index.php?rest_route=\/wp\/v2\/users\/1"}],"replies":[{"embeddable":true,"href":"https:\/\/www.zerdab.com\/index.php?rest_route=%2Fwp%2Fv2%2Fcomments&post=19327"}],"version-history":[{"count":2,"href":"https:\/\/www.zerdab.com\/index.php?rest_route=\/wp\/v2\/posts\/19327\/revisions"}],"predecessor-version":[{"id":19332,"href":"https:\/\/www.zerdab.com\/index.php?rest_route=\/wp\/v2\/posts\/19327\/revisions\/19332"}],"wp:attachment":[{"href":"https:\/\/www.zerdab.com\/index.php?rest_route=%2Fwp%2Fv2%2Fmedia&parent=19327"}],"wp:term":[{"taxonomy":"category","embeddable":true,"href":"https:\/\/www.zerdab.com\/index.php?rest_route=%2Fwp%2Fv2%2Fcategories&post=19327"},{"taxonomy":"post_tag","embeddable":true,"href":"https:\/\/www.zerdab.com\/index.php?rest_route=%2Fwp%2Fv2%2Ftags&post=19327"}],"curies":[{"name":"wp","href":"https:\/\/api.w.org\/{rel}","templated":true}]}}