{"id":19411,"date":"2015-05-08T12:33:44","date_gmt":"2015-05-08T07:33:44","guid":{"rendered":"http:\/\/www.zerdab.com\/?p=19411"},"modified":"2018-08-02T18:42:19","modified_gmt":"2018-08-02T14:42:19","slug":"1923-cu-il-z%c9%99rdab-rayonu-xanm%c9%99mm%c9%99dli-k%c9%99ndind%c9%99-anadan-olub","status":"publish","type":"post","link":"https:\/\/www.zerdab.com\/?p=19411","title":{"rendered":"1923-c\u00fc ild\u0259 Z\u0259rdab rayonunun Xanm\u0259mm\u0259dli k\u0259ndind\u0259 anadan olub&#8230;"},"content":{"rendered":"<p>Babam ya\u015f\u0131nda \u018fmiral\u0131 \u018fmir\u0259liyevin m\u00fcharib\u0259 il\u0259 ba\u011fl\u0131 xatir\u0259l\u0259rini maraql\u0131 bir na\u011f\u0131la qulaq as\u0131rm\u0131\u015f kimi dinl\u0259dim.\u00a0 Amma bu, na\u011f\u0131l deyil, bir h\u0259yat hekay\u0259si, bir ail\u0259nin \u0259zabl\u0131 g\u00fcnl\u0259ri, itkil\u0259ri idi\u2026<\/p>\n<p>\u00d6mr\u00fcn\u00fcn bu \u00e7a\u011f\u0131nda 70 il bundan \u0259vv\u0259l ba\u015f vermi\u015f hadis\u0259l\u0259rin b\u0259zil\u0259ri yadda\u015f\u0131ndan silins\u0259 d\u0259,\u00a0b\u0259zil\u0259rini g\u00fcn\u00fc v\u0259 saat\u0131na q\u0259d\u0259r xat\u0131rlayaraq dan\u0131\u015f\u0131r.<\/p>\n<p>B\u0259z\u0259n k\u00f6vr\u0259lir, b\u0259z\u0259n \u0259s\u0259bil\u0259\u015fir, amma m\u00fcharib\u0259d\u0259n dan\u0131\u015fark\u0259n g\u00f6zl\u0259rinin i\u00e7i par\u0131lday\u0131rd\u0131.<\/p>\n<p>92 ya\u015fl\u0131 m\u00fcsahibim h\u0259m m\u00fcharib\u0259, h\u0259m d\u0259 \u0259m\u0259k veteran\u0131d\u0131r. \u201cQafqaz\u0131n m\u00fcdafi\u0259sin\u0259 g\u00f6r\u0259\u201d, \u201c\u0130gidliy\u0259 g\u00f6r\u0259\u201d, \u201cQ\u0259l\u0259b\u0259\u201d medallar\u0131, \u201cAlmaniya fa\u015fizmi \u00fcz\u0259rind\u0259 q\u0259l\u0259b\u0259y\u0259 g\u00f6r\u0259\u201d ordenl\u0259rl\u0259 t\u0259ltif edilib. \u00dcmumilikd\u0259 18 orden v\u0259 medal\u0131 var.<\/p>\n<p>1923-c\u00fc il Z\u0259rdab rayonu\u00a0Xanm\u0259mm\u0259dli k\u0259ndind\u0259 anadan olub. Amma bir \u00e7ox SSR\u0130 v\u0259t\u0259nda\u015f\u0131 kimi ittifaq\u0131n b\u00fct\u00fcn \u00f6lk\u0259l\u0259ri onun \u00fc\u00e7\u00fcn v\u0259t\u0259n olub.<\/p>\n<p>\u201cBizim batalyon daxilind\u0259 ba\u015fqa mill\u0259tl\u0259rd\u0259n d\u0259 olanlar var idi, buna baxmayaraq, \u00e7ox s\u0259mimi v\u0259 mehriban idik.\u00a0 T\u0259kc\u0259 \u00f6n yox, el\u0259 arxa c\u0259bh\u0259d\u0259 d\u0259 insanlar aras\u0131nda q\u0259rib\u0259 birlik var idi. M\u00fcharib\u0259 siz\u0259 \u00e7ox asan g\u0259lm\u0259sin. H\u0259mi\u015f\u0259 u\u011furlar\u0131m\u0131zdan dan\u0131\u015f\u0131r\u0131q, amma \u00e7\u0259tin g\u00fcnl\u0259rimiz \u00e7ox olub. O vaxtlar d\u00f6vl\u0259tin n\u00fcfuzuna z\u0259r\u0259r g\u0259lm\u0259sin dey\u0259, bu bar\u0259d\u0259 dan\u0131\u015fm\u0131rd\u0131q. Amma h\u0259ft\u0259l\u0259rl\u0259 ac qald\u0131\u011f\u0131m\u0131z g\u00fcnl\u0259r olub. T\u0259s\u0259vv\u00fcr edin, silah tutma\u011fa qolumuzda taq\u0259timiz yox idi, amma ayaqda qalma\u011fa m\u0259cbur idik. B\u0259z\u0259n g\u00fcnl\u0259rl\u0259 piyada yol gedirdik.\u00a0Ayaq \u00fcst\u0259 yat\u0131rd\u0131q. \u018fslind\u0259, beynimiz yatm\u0131rd\u0131, g\u00f6zl\u0259rimiz is\u0259 ba\u011flan\u0131rd\u0131\u201d.<\/p>\n<p>\u00dcmumi m\u0259nz\u0259r\u0259ni t\u0259svir ed\u0259nd\u0259n sonra s\u0259s tonunu d\u0259yi\u015f\u0259r\u0259k, h\u0259y\u0259canla almanlar ilk h\u00fccuma ba\u015flayanda Stalinin radio vasit\u0259sil\u0259 xalqa m\u00fcraci\u0259tind\u0259 dediyi s\u00f6zl\u0259ri t\u0259krar edir:\u00a0<strong>\u201cAlman i\u015f\u011fal\u00e7\u0131lar\u0131 elan etm\u0259d\u0259n, q\u0259fl\u0259t\u0259n v\u0259t\u0259nimiz\u0259 h\u00fccum edib. Bu fa\u015fistl\u0259r t\u0259r\u0259find\u0259n i\u015f\u011fal\u00e7\u0131, bizim \u00fc\u00e7\u00fcn is\u0259 \u00f6lk\u0259mizi m\u00fcdafi\u0259 ed\u0259c\u0259yimiz m\u00fcharib\u0259dir. Bizim t\u0259r\u0259fimizd\u0259n bu \u0259dal\u0259tli m\u00fcharib\u0259dir, biz qalib g\u0259l\u0259c\u0259yik!\u201d<\/strong><\/p>\n<p>\u00c7\u0131x\u0131\u015f\u0131 bitirir v\u0259 sakit s\u0259sl\u0259 \u201co, qalib g\u0259l\u0259c\u0259yimizi dedi v\u0259 biz qalib g\u0259ldik\u201d.<\/p>\n<p>Amma qalibiyy\u0259tin s\u0259b\u0259bi t\u0259k bu \u00e7\u0131x\u0131\u015f deyildi. 1942-ci ild\u0259 SSR\u0130 ali sovetinin f\u0259rman\u0131 il\u0259\u00a0 milli diviziyalar yarad\u0131ld\u0131. Az\u0259rbaycanl\u0131lardan ibar\u0259t 77, 223, 402 v\u0259 416-c\u0131 diviziyalar\u0131 quruldu v\u0259 bunlar\u0131n t\u0259rkibind\u0259 \u00f6lk\u0259nin m\u00fcxt\u0259lif regionlar\u0131ndan insanlar toplan\u0131rd\u0131.<\/p>\n<p><strong>\u0130ndi d\u0259 g\u00f6z\u00fcm yoldad\u0131r&#8230;<\/strong><\/p>\n<p>\u018f.\u018fmir\u0259liyevin 4 qarda\u015f\u0131, 3 bac\u0131s\u0131 olub. \u00d6z\u00fcnd\u0259n ba\u015fqa\u00a0iki qarda\u015f\u0131 da \u00a0m\u00fcharib\u0259 i\u015ftirak\u00e7\u0131s\u0131 olub. M\u00fcharib\u0259 bu ail\u0259nin taleyind\u0259 a\u011f\u0131r izl\u0259r qoyub. Onlar\u0131n d\u0259rdli g\u00fcnl\u0259ri h\u0259l\u0259 m\u00fcharib\u0259d\u0259n \u0259vv\u0259l ba\u015flay\u0131b.<\/p>\n<p>\u201cH\u0259l\u0259 m\u00fcharib\u0259 ba\u015flamam\u0131\u015fd\u0131. Almaniya il\u0259 SSR\u0130 aras\u0131nda m\u00fcharib\u0259 etm\u0259m\u0259k bar\u0259d\u0259 m\u00fcqavil\u0259 ba\u011flanm\u0131\u015fd\u0131. Az\u0259rbaycandan Almaniyaya tax\u0131l apar\u0131l\u0131rd\u0131. Qarda\u015f\u0131m da h\u0259min vaqonlarda gedirdi.\u00a01939-cu ild\u0259 ax\u0131r\u0131nc\u0131 d\u0259f\u0259 h\u0259min vaqonla getdi, \u201cAlmaniyaya \u00e7atm\u0131\u015fam\u201d dey\u0259 sonuncu m\u0259ktubunda yazm\u0131\u015fd\u0131. O, bir daha geri qay\u0131tmad\u0131. Onun n\u0259 \u00f6l\u00fcs\u00fcnd\u0259n, n\u0259 d\u0259 dirisind\u0259n x\u0259b\u0259r ala bildik. \u0130ll\u0259rdir g\u00f6z\u00fcm yoldad\u0131r. Ondan bir x\u0259b\u0259r g\u00f6zl\u0259yir\u0259m. H\u0259r gec\u0259 yuxuma girir. El\u0259 bilir\u0259m ger\u00e7\u0259kdi, qarda\u015f\u0131m g\u0259lib. \u00d6lm\u0259d\u0259n ondan bir x\u0259b\u0259r ala bils\u0259ydim&#8230;\u201d<\/p>\n<p>Qarda\u015f\u0131ndan he\u00e7 bir x\u0259b\u0259r olmasa da, ail\u0259d\u0259 xidm\u0259t\u0259 yararl\u0131 olan b\u00fct\u00fcn ki\u015fil\u0259r k\u00f6n\u00fcll\u00fc olaraq c\u0259bh\u0259y\u0259 gedib. Ondan \u0259vv\u0259l iki qarda\u015f\u0131 m\u00fcharib\u0259y\u0259 gets\u0259 d\u0259, 1942-ci ild\u0259 orta m\u0259kt\u0259bi bitir\u0259n kimi o da k\u00f6n\u00fcll\u00fc olaraq orduya yaz\u0131l\u0131b. 416-c\u0131 diviziyan\u0131n 368-ci polkunda pulemyot\u00e7u olub. Bu diviziya m\u00fcharib\u0259 ill\u0259rind\u0259 bir \u00e7ox r\u0259\u015fad\u0259t g\u00f6st\u0259rib, u\u011furlara imza at\u0131b.<\/p>\n<p>Bu u\u011furlar\u0131 qazanmaq \u00fc\u00e7\u00fcn orduya bacar\u0131ql\u0131 \u0259sg\u0259rl\u0259r laz\u0131m idi. Ona g\u00f6r\u0259 d\u0259\u00a0ilk n\u00f6vb\u0259d\u0259 orduya g\u0259l\u0259nl\u0259r t\u0259limatland\u0131r\u0131l\u0131r, m\u00fcharib\u0259nin s\u0259rt qaydalar\u0131 bar\u0259d\u0259 m\u0259lumatland\u0131r\u0131l\u0131rd\u0131lar.<\/p>\n<p>\u201cD\u00f6y\u00fc\u015f yolum \u0130nqu\u015fetiyadan ba\u015flad\u0131. H\u0259min vaxt almanlar s\u0259rh\u0259d\u0259 q\u0259d\u0259r g\u0259lib \u00e7atm\u0131\u015fd\u0131. V\u0259ziyy\u0259t \u00e7\u0259tin idi. Biz bir me\u015f\u0259d\u0259 m\u00fcdafi\u0259d\u0259 idik. \u0130ki ay h\u0259min \u0259razid\u0259 olduq. Avqust ay\u0131nda v\u0259ziyy\u0259t daha da g\u0259rginl\u0259\u015fdi. D\u00fc\u015fm\u0259nl\u0259 \u00fczb\u0259\u00fcz d\u00f6y\u00fc\u015f\u0259 ba\u015flad\u0131q. \u0130ndi d\u0259 h\u0259min s\u0259hn\u0259 g\u00f6z\u00fcm\u00fcn qar\u015f\u0131s\u0131na g\u0259lir. D\u00f6y\u00fc\u015fl\u0259rd\u0259n birind\u0259 almanlar tanklarla h\u00fccuma ke\u00e7di. Onlar bir ne\u00e7\u0259 h\u0259ml\u0259 ed\u0259nd\u0259n sonra komandirl\u0259rimiz \u0259lav\u0259 qo\u015fun \u00e7a\u011f\u0131rd\u0131lar v\u0259 d\u00f6y\u00fc\u015f ba\u015flad\u0131. Ard\u0131c\u0131l olaraq almanlara a\u011f\u0131r z\u0259rb\u0259l\u0259r endirdik. Bu, dem\u0259k olar ki, h\u0259lledici d\u00f6y\u00fc\u015f oldu. Onlara g\u00f6zl\u0259rini a\u00e7ma\u011fa imkan verm\u0259dik. H\u0259min d\u00f6y\u00fc\u015fd\u0259 biz onlar\u0131 geri \u00e7\u0259kilm\u0259y\u0259 vadar etdik\u201d.<\/p>\n<p><strong>1500 n\u0259f\u0259rin yar\u0131s\u0131n\u0131 o d\u00f6y\u00fc\u015fd\u0259 itirdik<\/strong><\/p>\n<p>M\u00fcsahibim deyir ki, \u0259n d\u0259h\u015f\u0259tli d\u00f6y\u00fc\u015f xatir\u0259l\u0259ri Rostov vilay\u0259tinin azad edilm\u0259si il\u0259 ba\u011fl\u0131d\u0131r.<\/p>\n<p>\u201cBiz h\u0259min vilay\u0259tin Taqanroq \u015f\u0259h\u0259rinin azad edilm\u0259sind\u0259 i\u015ftirak etmi\u015fik. Bu \u015f\u0259h\u0259r almanlar\u0131n \u0259n m\u00f6hk\u0259m, strateji dayaq m\u0259nt\u0259q\u0259si idi. Bu \u015f\u0259h\u0259rin azad edilm\u0259si u\u011frunda \u00e7ox a\u011f\u0131r d\u00f6y\u00fc\u015fl\u0259r gedib. H\u0259tta almanlar\u0131n bu \u015f\u0259h\u0259ri he\u00e7 vaxt geri qaytarmayacaqlar\u0131 il\u0259 ba\u011fl\u0131 iddialar\u0131 var idi. H\u0259min d\u00f6y\u00fc\u015fl\u0259r\u0259 bizim diviziya 1500 d\u00f6y\u00fc\u015f\u00e7\u00fc il\u0259 ba\u015flad\u0131. Amma onlar\u0131n yar\u0131s\u0131 h\u0259min d\u00f6y\u00fc\u015fd\u0259 \u00f6ld\u00fc. Buna g\u00f6r\u0259 d\u0259\u00a0h\u0259min \u015f\u0259h\u0259rd\u0259 d\u00f6y\u00fc\u015f\u00e7\u00fcl\u0259rimizin q\u0259biristanl\u0131\u011f\u0131 sal\u0131n\u0131b. D\u00f6rd d\u0259f\u0259 Taqanroqa gedib d\u00f6y\u00fc\u015f\u00e7\u00fc yolda\u015flar\u0131m\u0131n q\u0259brini ziyar\u0259t etmi\u015f\u0259m. Ora sanki m\u0259nim ikinci v\u0259t\u0259nimdir. Ax\u0131 orada n\u0259 q\u0259d\u0259r dostlar\u0131m d\u0259fn olunub. Dem\u0259k olar ki, \u015f\u0259h\u0259rin b\u00fct\u00fcn sakinl\u0259ri m\u0259ni tan\u0131y\u0131r. H\u0259tta m\u0259n\u0259 Taqanroq \u015f\u0259h\u0259rinin f\u0259xri v\u0259t\u0259nda\u015fl\u0131\u011f\u0131n\u0131 verm\u0259k ist\u0259dil\u0259r. Amma s\u0259n\u0259dl\u0259ri toplamaq \u00e7\u0259tin oldu\u011funa g\u00f6r\u0259\u00a0al\u0131nmad\u0131\u201d.<\/p>\n<p><strong>\u201cG\u00fcll\u0259 bil\u0259yimd\u0259n girib dirs\u0259kd\u0259n \u00e7\u0131xd\u0131\u201d<\/strong><\/p>\n<p>Azov d\u0259nizinin sahilind\u0259 yerl\u0259\u015f\u0259n Novorossiysk \u015f\u0259h\u0259rind\u0259 d\u0259 olan d\u00f6y\u00fc\u015fl\u0259r m\u00fcsahibim \u00fc\u00e7\u00fcn sonuncu v\u0259 a\u011f\u0131r d\u00f6y\u00fc\u015f olur. O, bu d\u00f6y\u00fc\u015fd\u0259n qalan xatir\u0259ni bu g\u00fcn d\u0259 \u00fcz\u0259rind\u0259 da\u015f\u0131y\u0131r:\u00a0 \u201cSonradan \u00f6yr\u0259ndik ki, Novorossiysk d\u00f6y\u00fc\u015fl\u0259rind\u0259 almanlar \u00e7ox q\u00fcvv\u0259 s\u0259f\u0259rb\u0259r edibmi\u015f. O vaxt bunu bilm\u0259s\u0259k d\u0259, h\u00fccum v\u0259 d\u00f6y\u00fc\u015f\u00fcn a\u011f\u0131rl\u0131\u011f\u0131ndan bunu t\u0259xmin etm\u0259k \u00e7\u0259tin deyildi. Bu d\u00f6y\u00fc\u015fl\u0259rd\u0259 bir d\u0259f\u0259 aya\u011f\u0131mdan yaraland\u0131m. Yolda\u015flar\u0131m m\u0259ni d\u00f6y\u00fc\u015f meydan\u0131ndan \u00e7\u0131xartd\u0131. H\u0259min yaraya g\u00f6r\u0259 bir m\u00fcdd\u0259t hospitalda qald\u0131m, o q\u0259lp\u0259 h\u0259l\u0259 d\u0259 aya\u011f\u0131mdad\u0131r. \u00d6z\u00fcm\u0259 g\u0259l\u0259nd\u0259n sonra yenid\u0259n d\u00f6y\u00fc\u015f yolda\u015flar\u0131m\u0131n yan\u0131na qay\u0131td\u0131m. \u0130kinci d\u0259f\u0259 d\u0259 Novorossiysk d\u00f6y\u00fc\u015fl\u0259rind\u0259 yaraland\u0131m. \u018flimd\u0259 silahla d\u00f6y\u00fc\u015f\u0259rk\u0259n, d\u00fc\u015fm\u0259n snayperi m\u0259ni ni\u015fan al\u0131bm\u0131\u015f.\u00a0 D\u00fc\u015fm\u0259n snayperi \u00fcr\u0259yimi ni\u015fan alsa da, \u0259limd\u0259ki silah m\u0259ni qorudu. G\u00fcll\u0259 qoluma d\u0259ydi, sa\u011f qolumda bil\u0259kd\u0259n girib, s\u00fcm\u00fckd\u0259n ke\u00e7ib, dirs\u0259yimi par\u00e7alay\u0131b \u00e7\u0131xm\u0131\u015fd\u0131. H\u0259kiml\u0259r qolumu k\u0259sm\u0259k ist\u0259dil\u0259r. Amma m\u0259n raz\u0131 olmad\u0131m. H\u0259kiml\u0259r \u00e7\u0259tinlikl\u0259 \u0259m\u0259liyyat edib, qolumu k\u0259sm\u0259d\u0259n m\u0259ni sa\u011falda bildil\u0259r. 5 ay hospitalda qald\u0131m, ondan sonra art\u0131q d\u00f6y\u00fc\u015f\u0259 bilm\u0259zdim. \u00c7\u00fcnki yaral\u0131 \u0259limin i\u015f qabiliyy\u0259ti yox idi. \u0130ndi d\u0259 bu \u0259limd\u0259 he\u00e7 n\u0259 tuta bilmir\u0259m. H\u0259kiml\u0259r qolumu k\u0259sm\u0259dil\u0259r, amma sa\u011f \u0259lim ancaq g\u00f6r\u00fcn\u00fc\u015f \u00fc\u00e7\u00fcnd\u00fcr. Normal i\u015f qabiliyy\u0259ti yoxdur\u201d.<a href=\"http:\/\/www.zerdab.com\/1923-cu-il-z%c9%99rdab-rayonu-xanm%c9%99mm%c9%99dli-k%c9%99ndind%c9%99-anadan-olub\/%c9%99mirali-%c9%99mir%c9%99liyev1-2\/\" rel=\"attachment wp-att-19413\"><img loading=\"lazy\" decoding=\"async\" class=\"aligncenter size-large wp-image-19413\" src=\"http:\/\/www.zerdab.com\/wp-content\/uploads\/2015\/05\/\u018fmiral\u0131-\u018fmir\u0259liyev1-309x550.jpg\" alt=\"\u018fmiral\u0131 \u018fmir\u0259liyev\" width=\"309\" height=\"550\" \/><\/a><\/p>\n<p><strong>\u201cM\u0259nd\u0259n sonra ev\u0259 qara ka\u011f\u0131z g\u0259ldi\u201d<\/strong><\/p>\n<p>\u00c7\u0259tin d\u00f6y\u00fc\u015f yolunu gerid\u0259 qoyan, yaral\u0131 halda ev\u0259 qay\u0131dan m\u00fcsahibimi q\u0259rib\u0259 s\u00fcrpriz g\u00f6zl\u0259yir.<\/p>\n<p>\u201cO zaman evl\u0259 \u0259laq\u0259 saxlamaq asan deyildi. Ona g\u00f6r\u0259 d\u0259, ail\u0259m m\u0259nim yaralanma\u011f\u0131m, geri qay\u0131tma\u011f\u0131m bar\u0259d\u0259 x\u0259b\u0259rsiz idi. H\u0259min vaxt\u00a0 b\u00f6y\u00fck qarda\u015f\u0131m a\u011f\u0131r yaralan\u0131b\u00a0geri qay\u0131tm\u0131\u015fd\u0131, qay\u0131dandan bir ne\u00e7\u0259 il sonra yaralar a\u011f\u0131rla\u015fd\u0131 v\u0259 \u00f6ld\u00fc. \u0130kinci qarda\u015f\u0131m h\u0259l\u0259 d\u00f6y\u00fc\u015fd\u0259 idi. Qolum v\u0259 \u00a0aya\u011f\u0131mdan yaralansam da, h\u0259min ill\u0259rd\u0259 ev\u0259 sa\u011f qay\u0131tmaq b\u00f6y\u00fck bir xo\u015fb\u0259xtlik idi. El\u0259 m\u0259ni d\u0259 b\u00f6y\u00fck \u015fadl\u0131qla qar\u015f\u0131lad\u0131lar. Bir h\u0259ft\u0259 sonra is\u0259 k\u0259nd sovetinin s\u0259dri k\u0259ndin bir ne\u00e7\u0259 a\u011fsaqqal\u0131n\u0131 toplay\u0131b biz\u0259 g\u0259lmi\u015fdi. Onlar evimiz\u0259 qara ka\u011f\u0131z g\u0259tirmi\u015fdil\u0259r. Q\u0259rib\u0259si odur ki, bu qara ka\u011f\u0131z m\u0259nim haqq\u0131mda g\u0259lmi\u015fdi. Orada m\u0259nim d\u00f6y\u00fc\u015fd\u0259 a\u011f\u0131r yaralan\u0131b, \u00f6ld\u00fcy\u00fcm yaz\u0131lm\u0131\u015fd\u0131. M\u0259ni evd\u0259 sa\u011f g\u00f6r\u0259nd\u0259 onlar \u015foka d\u00fc\u015fm\u00fc\u015fd\u00fcl\u0259r. H\u0259min ill\u0259rd\u0259 bel\u0259 s\u0259hvl\u0259r olurdu\u201d.<\/p>\n<p>1943-c\u00fc ild\u0259 d\u00f6y\u00fc\u015f f\u0259aliyy\u0259ti ba\u015fa \u00e7atsa da, v\u0259t\u0259nda\u015f olaraq m\u00fcharib\u0259y\u0259 \u00f6z t\u00f6hf\u0259sini verm\u0259kd\u0259 davam edir. M\u00fcsahibim orta m\u0259kt\u0259bi bitir\u0259n kimi\u00a0m\u00fcharib\u0259y\u0259 yolland\u0131\u011f\u0131ndan t\u0259hsil ala bilm\u0259yib. Amma m\u00fcharib\u0259d\u0259n t\u0259rxis olan kimi t\u0259hsilini tamamlay\u0131b.<\/p>\n<p>\u018fvv\u0259lc\u0259 G\u00f6y\u00e7ayda pedaqoji m\u0259kt\u0259bi bitirib,\u00a0ibtidai m\u0259kt\u0259b m\u00fcdiri i\u015fl\u0259yib. \u0130\u015fl\u0259diyi d\u00f6vrd\u0259 Az\u0259rbaycan Pedaqoji \u0130nstitutuna daxil olub, burada tarix fak\u00fclt\u0259sind\u0259 qiyabi t\u0259hsil al\u0131b. Rayon t\u0259hsilin\u0259 verdiyi t\u00f6hf\u0259l\u0259r\u0259 g\u00f6r\u0259 d\u0259f\u0259l\u0259rl\u0259 rayon r\u0259hb\u0259rliyi t\u0259r\u0259find\u0259n t\u0259\u015f\u0259kk\u00fcrnam\u0259l\u0259r veribl\u0259r.<a href=\"http:\/\/www.zerdab.com\/1923-cu-il-z%c9%99rdab-rayonu-xanm%c9%99mm%c9%99dli-k%c9%99ndind%c9%99-anadan-olub\/%c9%99mirali-%c9%99mir%c9%99liyev2\/\" rel=\"attachment wp-att-19414\"><img loading=\"lazy\" decoding=\"async\" class=\"aligncenter size-large wp-image-19414\" src=\"http:\/\/www.zerdab.com\/wp-content\/uploads\/2015\/05\/\u018fmiral\u0131-\u018fmir\u0259liyev2-550x309.jpg\" alt=\"\u018fmiral\u0131 \u018fmir\u0259liyev\" width=\"550\" height=\"309\" \/><\/a><\/p>\n<p><strong>\u201cOt qaynad\u0131b yeyirdik\u201d<\/strong><\/p>\n<p>M\u00fcsahibim h\u0259min ill\u0259rd\u0259 \u0259halinin ya\u015fad\u0131\u011f\u0131 \u00e7\u0259tinlikl\u0259rd\u0259n dan\u0131\u015f\u0131r.<\/p>\n<p>\u201cM\u00fcharib\u0259d\u0259n qay\u0131danda k\u0259ndimizd\u0259 v\u0259ziyy\u0259t he\u00e7 d\u0259 yax\u015f\u0131 deyildi. \u0130nsanlar \u00e7ox ac\u0131nacaql\u0131 halda idi. Yem\u0259y\u0259 he\u00e7 n\u0259 yox idi. \u0130nsanlar m\u00fcxt\u0259lif otlar\u0131 qaynad\u0131b, azca un s\u0259pib yeyirdil\u0259r. Qarda\u015f\u0131m fermada i\u015fl\u0259yirdi. H\u0259min ill\u0259rd\u0259 heyvanlar aras\u0131nda da itki \u00e7ox olurdu. Onlar\u0131n qursa\u011f\u0131ndan maya kimi istifad\u0259 edilirdi. Bir d\u0259f\u0259 \u00f6z g\u00f6z\u00fcml\u0259 g\u00f6rd\u00fcm ki, qon\u015fular\u0131m\u0131zdan biri h\u0259min qursa\u011f\u0131 al\u0131b, yem\u0259k \u00fc\u00e7\u00fcn apar\u0131r. \u00c7\u00f6ld\u0259 \u00f6lm\u00fc\u015f heyvanlar\u0131n \u0259tind\u0259n istifad\u0259 edirdil\u0259r. Acl\u0131q idi, yem\u0259k tap\u0131lm\u0131rd\u0131, he\u00e7 kimi etdiyin\u0259 g\u00f6r\u0259 q\u0131naya bilm\u0259zdik. Anamla birlikd\u0259 evimizd\u0259ki q\u0131z\u0131l\u0131, pula d\u0259y\u0259r olan \u0259\u015fyalar\u0131 G\u00fcrc\u00fcstanda sat\u0131b, \u0259v\u0259zind\u0259 tax\u0131l, qar\u011f\u0131dal\u0131 al\u0131rd\u0131q. T\u0259kc\u0259 biz getmirdik, qon\u015fular\u0131m\u0131z da biziml\u0259 birlikd\u0259 idi. \u00a0Bundan \u00e7\u0259tin g\u00fcnl\u0259r ya\u015fam\u0131\u015f\u0131q, q\u0259l\u0259b\u0259ni asanl\u0131qla \u0259ld\u0259 etm\u0259k m\u00fcmk\u00fcn deyildi\u201d.<\/p>\n<p>B\u00fct\u00fcn bu \u00e7\u0259tinlikl\u0259rin fonunda m\u00fcsahibim qalibiyy\u0259tin sevincini dadma\u011f\u0131n daha m\u00f6ht\u0259\u015f\u0259m hiss oldu\u011funu deyir.<\/p>\n<p>\u201cH\u0259min d\u00f6vrd\u0259 h\u0259rbi generallar\u0131n d\u00fczg\u00fcn istiqam\u0259ti q\u0259l\u0259b\u0259y\u0259 s\u0259b\u0259b oldu. G\u00fcnd\u0259 \u00fc\u00e7 d\u0259f\u0259 d\u00f6y\u00fc\u015fl\u0259rin gedi\u015fat\u0131 bar\u0259d\u0259 Stalin\u0259 m\u0259lumat verirdil\u0259r. Y\u0259ni ba\u015f\u00e7\u0131dan tutmu\u015f adi sakin\u0259 q\u0259d\u0259r h\u0259r k\u0259s m\u00fcharib\u0259, q\u0259l\u0259b\u0259 \u00fc\u00e7\u00fcn \u00e7al\u0131\u015f\u0131rd\u0131. Bu sava\u015f milliy\u0259tind\u0259n as\u0131l\u0131 olmayaraq bizim birg\u0259 m\u00fcharib\u0259miz idi. Ona g\u00f6r\u0259 d\u0259\u00a0biz qalib g\u0259ldik\u201d. publika.az<a href=\"http:\/\/www.zerdab.com\/1923-cu-il-z%c9%99rdab-rayonu-xanm%c9%99mm%c9%99dli-k%c9%99ndind%c9%99-anadan-olub\/%c9%99mirali-%c9%99mir%c9%99liyev-2\/\" rel=\"attachment wp-att-19412\"><img loading=\"lazy\" decoding=\"async\" class=\"aligncenter size-large wp-image-19412\" src=\"http:\/\/www.zerdab.com\/wp-content\/uploads\/2015\/05\/\u018fmiral\u0131-\u018fmir\u0259liyev-309x550.jpg\" alt=\"\u018fmiral\u0131 \u018fmir\u0259liyev\" width=\"309\" height=\"550\" \/><\/a><a href=\"http:\/\/www.zerdab.com\/1923-cu-il-z%c9%99rdab-rayonu-xanm%c9%99mm%c9%99dli-k%c9%99ndind%c9%99-anadan-olub\/%c9%99mirali-%c9%99mir%c9%99liyev2\/\" rel=\"attachment wp-att-19414\"><br \/>\n<\/a><\/p>\n","protected":false},"excerpt":{"rendered":"<p>Babam ya\u015f\u0131nda \u018fmiral\u0131 \u018fmir\u0259liyevin m\u00fcharib\u0259 il\u0259 ba\u011fl\u0131 xatir\u0259l\u0259rini maraql\u0131 bir na\u011f\u0131la qulaq as\u0131rm\u0131\u015f kimi dinl\u0259dim.\u00a0 Amma bu, na\u011f\u0131l deyil, bir h\u0259yat hekay\u0259si, bir ail\u0259nin \u0259zabl\u0131 g\u00fcnl\u0259ri, itkil\u0259ri idi\u2026 \u00d6mr\u00fcn\u00fcn bu \u00e7a\u011f\u0131nda 70 il bundan \u0259vv\u0259l ba\u015f vermi\u015f hadis\u0259l\u0259rin b\u0259zil\u0259ri yadda\u015f\u0131ndan silins\u0259 d\u0259,\u00a0b\u0259zil\u0259rini g\u00fcn\u00fc v\u0259 saat\u0131na q\u0259d\u0259r xat\u0131rlayaraq dan\u0131\u015f\u0131r. B\u0259z\u0259n k\u00f6vr\u0259lir, b\u0259z\u0259n \u0259s\u0259bil\u0259\u015fir, amma m\u00fcharib\u0259d\u0259n dan\u0131\u015fark\u0259n [&hellip;]<\/p>\n","protected":false},"author":1,"featured_media":25090,"comment_status":"open","ping_status":"open","sticky":false,"template":"","format":"standard","meta":{"footnotes":""},"categories":[7,63],"tags":[],"class_list":{"0":"post-19411","1":"post","2":"type-post","3":"status-publish","4":"format-standard","5":"has-post-thumbnail","7":"category-ziyalilar","8":"category-manset"},"yoast_head":"<!-- This site is optimized with the Yoast SEO plugin v27.0 - https:\/\/yoast.com\/product\/yoast-seo-wordpress\/ -->\n<title>1923-c\u00fc ild\u0259 Z\u0259rdab rayonunun Xanm\u0259mm\u0259dli k\u0259ndind\u0259 anadan olub... - Z\u0259rdab.com<\/title>\n<meta name=\"robots\" content=\"index, follow, max-snippet:-1, max-image-preview:large, max-video-preview:-1\" \/>\n<link rel=\"canonical\" href=\"https:\/\/www.zerdab.com\/?p=19411\" \/>\n<meta property=\"og:locale\" content=\"az_AZ\" \/>\n<meta property=\"og:type\" content=\"article\" \/>\n<meta property=\"og:title\" content=\"1923-c\u00fc ild\u0259 Z\u0259rdab rayonunun Xanm\u0259mm\u0259dli k\u0259ndind\u0259 anadan olub... - Z\u0259rdab.com\" \/>\n<meta property=\"og:description\" content=\"Babam ya\u015f\u0131nda \u018fmiral\u0131 \u018fmir\u0259liyevin m\u00fcharib\u0259 il\u0259 ba\u011fl\u0131 xatir\u0259l\u0259rini maraql\u0131 bir na\u011f\u0131la qulaq as\u0131rm\u0131\u015f kimi dinl\u0259dim.\u00a0 Amma bu, na\u011f\u0131l deyil, bir h\u0259yat hekay\u0259si, bir ail\u0259nin \u0259zabl\u0131 g\u00fcnl\u0259ri, itkil\u0259ri idi\u2026 \u00d6mr\u00fcn\u00fcn bu \u00e7a\u011f\u0131nda 70 il bundan \u0259vv\u0259l ba\u015f vermi\u015f hadis\u0259l\u0259rin b\u0259zil\u0259ri yadda\u015f\u0131ndan silins\u0259 d\u0259,\u00a0b\u0259zil\u0259rini g\u00fcn\u00fc v\u0259 saat\u0131na q\u0259d\u0259r xat\u0131rlayaraq dan\u0131\u015f\u0131r. B\u0259z\u0259n k\u00f6vr\u0259lir, b\u0259z\u0259n \u0259s\u0259bil\u0259\u015fir, amma m\u00fcharib\u0259d\u0259n dan\u0131\u015fark\u0259n [&hellip;]\" \/>\n<meta property=\"og:url\" content=\"https:\/\/www.zerdab.com\/?p=19411\" \/>\n<meta property=\"og:site_name\" content=\"Z\u0259rdab.com\" \/>\n<meta property=\"article:published_time\" content=\"2015-05-08T07:33:44+00:00\" \/>\n<meta property=\"article:modified_time\" content=\"2018-08-02T14:42:19+00:00\" \/>\n<meta property=\"og:image\" content=\"https:\/\/www.zerdab.com\/wp-content\/uploads\/2012\/01\/Zerdab-rayonu.jpg\" \/>\n\t<meta property=\"og:image:width\" content=\"1000\" \/>\n\t<meta property=\"og:image:height\" content=\"662\" \/>\n\t<meta property=\"og:image:type\" content=\"image\/jpeg\" \/>\n<meta name=\"author\" content=\"admin\" \/>\n<meta name=\"twitter:card\" content=\"summary_large_image\" \/>\n<meta name=\"twitter:label1\" content=\"Written by\" \/>\n\t<meta name=\"twitter:data1\" content=\"admin\" \/>\n\t<meta name=\"twitter:label2\" content=\"Est. reading time\" \/>\n\t<meta name=\"twitter:data2\" content=\"11 minutes\" \/>\n<script type=\"application\/ld+json\" class=\"yoast-schema-graph\">{\"@context\":\"https:\/\/schema.org\",\"@graph\":[{\"@type\":\"Article\",\"@id\":\"https:\/\/www.zerdab.com\/?p=19411#article\",\"isPartOf\":{\"@id\":\"https:\/\/www.zerdab.com\/?p=19411\"},\"author\":{\"name\":\"admin\",\"@id\":\"https:\/\/www.zerdab.com\/#\/schema\/person\/97079b7570c1e89ec0d9e138c3672136\"},\"headline\":\"1923-c\u00fc ild\u0259 Z\u0259rdab rayonunun Xanm\u0259mm\u0259dli k\u0259ndind\u0259 anadan olub&#8230;\",\"datePublished\":\"2015-05-08T07:33:44+00:00\",\"dateModified\":\"2018-08-02T14:42:19+00:00\",\"mainEntityOfPage\":{\"@id\":\"https:\/\/www.zerdab.com\/?p=19411\"},\"wordCount\":2151,\"commentCount\":0,\"image\":{\"@id\":\"https:\/\/www.zerdab.com\/?p=19411#primaryimage\"},\"thumbnailUrl\":\"https:\/\/www.zerdab.com\/wp-content\/uploads\/2012\/01\/Zerdab-rayonu.jpg\",\"articleSection\":[\"F\u018fXRL\u018fR\u0130M\u0130Z\",\"MAN\u015eET\"],\"inLanguage\":\"az\",\"potentialAction\":[{\"@type\":\"CommentAction\",\"name\":\"Comment\",\"target\":[\"https:\/\/www.zerdab.com\/?p=19411#respond\"]}]},{\"@type\":\"WebPage\",\"@id\":\"https:\/\/www.zerdab.com\/?p=19411\",\"url\":\"https:\/\/www.zerdab.com\/?p=19411\",\"name\":\"1923-c\u00fc ild\u0259 Z\u0259rdab rayonunun Xanm\u0259mm\u0259dli k\u0259ndind\u0259 anadan olub... - Z\u0259rdab.com\",\"isPartOf\":{\"@id\":\"https:\/\/www.zerdab.com\/#website\"},\"primaryImageOfPage\":{\"@id\":\"https:\/\/www.zerdab.com\/?p=19411#primaryimage\"},\"image\":{\"@id\":\"https:\/\/www.zerdab.com\/?p=19411#primaryimage\"},\"thumbnailUrl\":\"https:\/\/www.zerdab.com\/wp-content\/uploads\/2012\/01\/Zerdab-rayonu.jpg\",\"datePublished\":\"2015-05-08T07:33:44+00:00\",\"dateModified\":\"2018-08-02T14:42:19+00:00\",\"author\":{\"@id\":\"https:\/\/www.zerdab.com\/#\/schema\/person\/97079b7570c1e89ec0d9e138c3672136\"},\"breadcrumb\":{\"@id\":\"https:\/\/www.zerdab.com\/?p=19411#breadcrumb\"},\"inLanguage\":\"az\",\"potentialAction\":[{\"@type\":\"ReadAction\",\"target\":[\"https:\/\/www.zerdab.com\/?p=19411\"]}]},{\"@type\":\"ImageObject\",\"inLanguage\":\"az\",\"@id\":\"https:\/\/www.zerdab.com\/?p=19411#primaryimage\",\"url\":\"https:\/\/www.zerdab.com\/wp-content\/uploads\/2012\/01\/Zerdab-rayonu.jpg\",\"contentUrl\":\"https:\/\/www.zerdab.com\/wp-content\/uploads\/2012\/01\/Zerdab-rayonu.jpg\",\"width\":1000,\"height\":662},{\"@type\":\"BreadcrumbList\",\"@id\":\"https:\/\/www.zerdab.com\/?p=19411#breadcrumb\",\"itemListElement\":[{\"@type\":\"ListItem\",\"position\":1,\"name\":\"Home\",\"item\":\"https:\/\/www.zerdab.com\/\"},{\"@type\":\"ListItem\",\"position\":2,\"name\":\"1923-c\u00fc ild\u0259 Z\u0259rdab rayonunun Xanm\u0259mm\u0259dli k\u0259ndind\u0259 anadan olub&#8230;\"}]},{\"@type\":\"WebSite\",\"@id\":\"https:\/\/www.zerdab.com\/#website\",\"url\":\"https:\/\/www.zerdab.com\/\",\"name\":\"Z\u0259rdab.com\",\"description\":\"\",\"potentialAction\":[{\"@type\":\"SearchAction\",\"target\":{\"@type\":\"EntryPoint\",\"urlTemplate\":\"https:\/\/www.zerdab.com\/?s={search_term_string}\"},\"query-input\":{\"@type\":\"PropertyValueSpecification\",\"valueRequired\":true,\"valueName\":\"search_term_string\"}}],\"inLanguage\":\"az\"},{\"@type\":\"Person\",\"@id\":\"https:\/\/www.zerdab.com\/#\/schema\/person\/97079b7570c1e89ec0d9e138c3672136\",\"name\":\"admin\",\"image\":{\"@type\":\"ImageObject\",\"inLanguage\":\"az\",\"@id\":\"https:\/\/www.zerdab.com\/#\/schema\/person\/image\/\",\"url\":\"https:\/\/secure.gravatar.com\/avatar\/d9c52a9a27c32119cb6679a077fa3e2779e5f822c451cbf01098004361d466ec?s=96&d=mm&r=g\",\"contentUrl\":\"https:\/\/secure.gravatar.com\/avatar\/d9c52a9a27c32119cb6679a077fa3e2779e5f822c451cbf01098004361d466ec?s=96&d=mm&r=g\",\"caption\":\"admin\"},\"url\":\"https:\/\/www.zerdab.com\/?author=1\"}]}<\/script>\n<!-- \/ Yoast SEO plugin. -->","yoast_head_json":{"title":"1923-c\u00fc ild\u0259 Z\u0259rdab rayonunun Xanm\u0259mm\u0259dli k\u0259ndind\u0259 anadan olub... - Z\u0259rdab.com","robots":{"index":"index","follow":"follow","max-snippet":"max-snippet:-1","max-image-preview":"max-image-preview:large","max-video-preview":"max-video-preview:-1"},"canonical":"https:\/\/www.zerdab.com\/?p=19411","og_locale":"az_AZ","og_type":"article","og_title":"1923-c\u00fc ild\u0259 Z\u0259rdab rayonunun Xanm\u0259mm\u0259dli k\u0259ndind\u0259 anadan olub... - Z\u0259rdab.com","og_description":"Babam ya\u015f\u0131nda \u018fmiral\u0131 \u018fmir\u0259liyevin m\u00fcharib\u0259 il\u0259 ba\u011fl\u0131 xatir\u0259l\u0259rini maraql\u0131 bir na\u011f\u0131la qulaq as\u0131rm\u0131\u015f kimi dinl\u0259dim.\u00a0 Amma bu, na\u011f\u0131l deyil, bir h\u0259yat hekay\u0259si, bir ail\u0259nin \u0259zabl\u0131 g\u00fcnl\u0259ri, itkil\u0259ri idi\u2026 \u00d6mr\u00fcn\u00fcn bu \u00e7a\u011f\u0131nda 70 il bundan \u0259vv\u0259l ba\u015f vermi\u015f hadis\u0259l\u0259rin b\u0259zil\u0259ri yadda\u015f\u0131ndan silins\u0259 d\u0259,\u00a0b\u0259zil\u0259rini g\u00fcn\u00fc v\u0259 saat\u0131na q\u0259d\u0259r xat\u0131rlayaraq dan\u0131\u015f\u0131r. B\u0259z\u0259n k\u00f6vr\u0259lir, b\u0259z\u0259n \u0259s\u0259bil\u0259\u015fir, amma m\u00fcharib\u0259d\u0259n dan\u0131\u015fark\u0259n [&hellip;]","og_url":"https:\/\/www.zerdab.com\/?p=19411","og_site_name":"Z\u0259rdab.com","article_published_time":"2015-05-08T07:33:44+00:00","article_modified_time":"2018-08-02T14:42:19+00:00","og_image":[{"width":1000,"height":662,"url":"https:\/\/www.zerdab.com\/wp-content\/uploads\/2012\/01\/Zerdab-rayonu.jpg","type":"image\/jpeg"}],"author":"admin","twitter_card":"summary_large_image","twitter_misc":{"Written by":"admin","Est. reading time":"11 minutes"},"schema":{"@context":"https:\/\/schema.org","@graph":[{"@type":"Article","@id":"https:\/\/www.zerdab.com\/?p=19411#article","isPartOf":{"@id":"https:\/\/www.zerdab.com\/?p=19411"},"author":{"name":"admin","@id":"https:\/\/www.zerdab.com\/#\/schema\/person\/97079b7570c1e89ec0d9e138c3672136"},"headline":"1923-c\u00fc ild\u0259 Z\u0259rdab rayonunun Xanm\u0259mm\u0259dli k\u0259ndind\u0259 anadan olub&#8230;","datePublished":"2015-05-08T07:33:44+00:00","dateModified":"2018-08-02T14:42:19+00:00","mainEntityOfPage":{"@id":"https:\/\/www.zerdab.com\/?p=19411"},"wordCount":2151,"commentCount":0,"image":{"@id":"https:\/\/www.zerdab.com\/?p=19411#primaryimage"},"thumbnailUrl":"https:\/\/www.zerdab.com\/wp-content\/uploads\/2012\/01\/Zerdab-rayonu.jpg","articleSection":["F\u018fXRL\u018fR\u0130M\u0130Z","MAN\u015eET"],"inLanguage":"az","potentialAction":[{"@type":"CommentAction","name":"Comment","target":["https:\/\/www.zerdab.com\/?p=19411#respond"]}]},{"@type":"WebPage","@id":"https:\/\/www.zerdab.com\/?p=19411","url":"https:\/\/www.zerdab.com\/?p=19411","name":"1923-c\u00fc ild\u0259 Z\u0259rdab rayonunun Xanm\u0259mm\u0259dli k\u0259ndind\u0259 anadan olub... - Z\u0259rdab.com","isPartOf":{"@id":"https:\/\/www.zerdab.com\/#website"},"primaryImageOfPage":{"@id":"https:\/\/www.zerdab.com\/?p=19411#primaryimage"},"image":{"@id":"https:\/\/www.zerdab.com\/?p=19411#primaryimage"},"thumbnailUrl":"https:\/\/www.zerdab.com\/wp-content\/uploads\/2012\/01\/Zerdab-rayonu.jpg","datePublished":"2015-05-08T07:33:44+00:00","dateModified":"2018-08-02T14:42:19+00:00","author":{"@id":"https:\/\/www.zerdab.com\/#\/schema\/person\/97079b7570c1e89ec0d9e138c3672136"},"breadcrumb":{"@id":"https:\/\/www.zerdab.com\/?p=19411#breadcrumb"},"inLanguage":"az","potentialAction":[{"@type":"ReadAction","target":["https:\/\/www.zerdab.com\/?p=19411"]}]},{"@type":"ImageObject","inLanguage":"az","@id":"https:\/\/www.zerdab.com\/?p=19411#primaryimage","url":"https:\/\/www.zerdab.com\/wp-content\/uploads\/2012\/01\/Zerdab-rayonu.jpg","contentUrl":"https:\/\/www.zerdab.com\/wp-content\/uploads\/2012\/01\/Zerdab-rayonu.jpg","width":1000,"height":662},{"@type":"BreadcrumbList","@id":"https:\/\/www.zerdab.com\/?p=19411#breadcrumb","itemListElement":[{"@type":"ListItem","position":1,"name":"Home","item":"https:\/\/www.zerdab.com\/"},{"@type":"ListItem","position":2,"name":"1923-c\u00fc ild\u0259 Z\u0259rdab rayonunun Xanm\u0259mm\u0259dli k\u0259ndind\u0259 anadan olub&#8230;"}]},{"@type":"WebSite","@id":"https:\/\/www.zerdab.com\/#website","url":"https:\/\/www.zerdab.com\/","name":"Z\u0259rdab.com","description":"","potentialAction":[{"@type":"SearchAction","target":{"@type":"EntryPoint","urlTemplate":"https:\/\/www.zerdab.com\/?s={search_term_string}"},"query-input":{"@type":"PropertyValueSpecification","valueRequired":true,"valueName":"search_term_string"}}],"inLanguage":"az"},{"@type":"Person","@id":"https:\/\/www.zerdab.com\/#\/schema\/person\/97079b7570c1e89ec0d9e138c3672136","name":"admin","image":{"@type":"ImageObject","inLanguage":"az","@id":"https:\/\/www.zerdab.com\/#\/schema\/person\/image\/","url":"https:\/\/secure.gravatar.com\/avatar\/d9c52a9a27c32119cb6679a077fa3e2779e5f822c451cbf01098004361d466ec?s=96&d=mm&r=g","contentUrl":"https:\/\/secure.gravatar.com\/avatar\/d9c52a9a27c32119cb6679a077fa3e2779e5f822c451cbf01098004361d466ec?s=96&d=mm&r=g","caption":"admin"},"url":"https:\/\/www.zerdab.com\/?author=1"}]}},"_links":{"self":[{"href":"https:\/\/www.zerdab.com\/index.php?rest_route=\/wp\/v2\/posts\/19411","targetHints":{"allow":["GET"]}}],"collection":[{"href":"https:\/\/www.zerdab.com\/index.php?rest_route=\/wp\/v2\/posts"}],"about":[{"href":"https:\/\/www.zerdab.com\/index.php?rest_route=\/wp\/v2\/types\/post"}],"author":[{"embeddable":true,"href":"https:\/\/www.zerdab.com\/index.php?rest_route=\/wp\/v2\/users\/1"}],"replies":[{"embeddable":true,"href":"https:\/\/www.zerdab.com\/index.php?rest_route=%2Fwp%2Fv2%2Fcomments&post=19411"}],"version-history":[{"count":4,"href":"https:\/\/www.zerdab.com\/index.php?rest_route=\/wp\/v2\/posts\/19411\/revisions"}],"predecessor-version":[{"id":26037,"href":"https:\/\/www.zerdab.com\/index.php?rest_route=\/wp\/v2\/posts\/19411\/revisions\/26037"}],"wp:featuredmedia":[{"embeddable":true,"href":"https:\/\/www.zerdab.com\/index.php?rest_route=\/wp\/v2\/media\/25090"}],"wp:attachment":[{"href":"https:\/\/www.zerdab.com\/index.php?rest_route=%2Fwp%2Fv2%2Fmedia&parent=19411"}],"wp:term":[{"taxonomy":"category","embeddable":true,"href":"https:\/\/www.zerdab.com\/index.php?rest_route=%2Fwp%2Fv2%2Fcategories&post=19411"},{"taxonomy":"post_tag","embeddable":true,"href":"https:\/\/www.zerdab.com\/index.php?rest_route=%2Fwp%2Fv2%2Ftags&post=19411"}],"curies":[{"name":"wp","href":"https:\/\/api.w.org\/{rel}","templated":true}]}}