{"id":19419,"date":"2015-05-08T12:44:06","date_gmt":"2015-05-08T07:44:06","guid":{"rendered":"http:\/\/www.zerdab.com\/?p=19419"},"modified":"2015-05-08T12:44:10","modified_gmt":"2015-05-08T07:44:10","slug":"z%c9%99rdabda-susanin-isgali-gunu-il%c9%99-bagli-yigincaq-kecirildi","status":"publish","type":"post","link":"https:\/\/www.zerdab.com\/?p=19419","title":{"rendered":"Z\u0259rdabda \u015eu\u015fan\u0131n i\u015f\u011fal\u0131 g\u00fcn\u00fc il\u0259 ba\u011fl\u0131 y\u0131\u011f\u0131ncaq ke\u00e7irildi"},"content":{"rendered":"<p>&nbsp;<\/p>\n<p><a href=\"http:\/\/www.zerdab.com\/z%c9%99rdabda-susanin-isgali-gunu-il%c9%99-bagli-yigincaq-kecirildi\/z%c9%99rdab-rayonu1-32\/\" rel=\"attachment wp-att-19422\"><img loading=\"lazy\" decoding=\"async\" class=\"aligncenter size-large wp-image-19422\" src=\"http:\/\/www.zerdab.com\/wp-content\/uploads\/2015\/05\/Z\u0259rdab-rayonu12-550x422.jpg\" alt=\"Z\u0259rdab rayonu\" width=\"550\" height=\"422\" \/><\/a>\u015eu\u015fa \u015f\u0259h\u0259rinin i\u015f\u011fal olunmas\u0131n\u0131n 23-c\u00fc ild\u00f6n\u00fcm\u00fc g\u00fcn\u00fc il\u0259 \u0259laq\u0259dar Z\u0259rdab Rayon \u0130cra Hakimiyy\u0259tind\u0259 y\u0131\u011f\u0131ncaq ke\u00e7irilmi\u015fdir.<\/p>\n<p>Y\u0131\u011f\u0131ncaqda \u00e7\u0131x\u0131\u015f ed\u0259n Z\u0259rdab rayon icra hakimiyy\u0259tinin ba\u015f\u00e7\u0131s\u0131 L\u00fctv\u0259li Babayev bildirdi ki, ba\u015fdan-ba\u015fa tarixi abid\u0259l\u0259r \u015f\u0259h\u0259ri, musiqi m\u0259d\u0259niyy\u0259timizin be\u015fiyi, t\u0259bii\u00a0 al\u0131nmaz qala olan \u015eu\u015fan\u0131n i\u015f\u011fal\u0131ndan 23 il ke\u00e7ir. B\u00fct\u00fcn d\u00fcnyan\u0131n, beyn\u0259lxalq t\u0259\u015fkilatlar\u0131n i\u015f\u011fal\u00e7\u0131 \u00f6lk\u0259 kimi tan\u0131d\u0131\u011f\u0131 Erm\u0259nistan\u0131n silahl\u0131 q\u00fcvv\u0259l\u0259ri bu \u015f\u0259h\u0259rd\u0259 Az\u0259rbaycan xalq\u0131n\u0131n izl\u0259rini silm\u0259k, onu unutdurmaq \u00fc\u00e7\u00fcn \u0259n a\u011flag\u0259lm\u0259z cinay\u0259tl\u0259r\u0259 \u0259l atm\u0131\u015flar. Qaraba\u011f xanl\u0131\u011f\u0131n\u0131n paytaxt\u0131 olmu\u015f \u015eu\u015fa \u015f\u0259h\u0259rinin qiym\u0259tli tarixi abid\u0259l\u0259rini da\u011f\u0131tm\u0131\u015f, milli arxitekturas\u0131n\u0131 silmi\u015f, ist\u0259dikl\u0259ri kimi yenid\u0259n qurma\u011fa c\u0259hd etmi\u015fl\u0259r.\u00a0Nadir tarix-memarl\u0131q tikilil\u0259ri, q\u0259dim abid\u0259l\u0259r, inanc yerl\u0259ri, ya\u015fay\u0131\u015f binalar\u0131, h\u0259tta m\u0259zarl\u0131qlar da\u011f\u0131d\u0131lm\u0131\u015fd\u0131r. <strong>\u0130\u015f\u011fal\u0131<\/strong><strong>\u00a0 <\/strong><strong>n\u0259tic\u0259sind\u0259<\/strong><strong>\u00a0 <\/strong><strong>\u015f\u0259h\u0259rd\u0259 195 n\u0259f\u0259r Az\u0259rbaycan v\u0259t\u0259nda\u015f\u0131<\/strong> <strong>x\u00fcsusi amans\u0131zl\u0131qla<\/strong> <strong>q\u0259tl\u0259 yetirilmi\u015f, 165 n\u0259f\u0259r yaralanm\u0131\u015f, onlardan 150 n\u0259f\u0259ri<\/strong> <strong>\u0259lil olmu\u015f, 552 k\u00f6rp\u0259<\/strong> <strong>valideynl\u0259rini<\/strong> <strong>itirmi\u015f, 20 mind\u0259n art\u0131q \u0259hali is\u0259 do\u011fma<\/strong> <strong>yuvas\u0131n\u0131<\/strong> <strong>t\u0259rk<\/strong> <strong>ed\u0259r\u0259k<\/strong> <strong>m\u0259cburi k\u00f6\u00e7k\u00fcn v\u0259ziyy\u0259tin\u0259 d\u00fc\u015fm\u00fc\u015fd\u00fcr.<\/strong> <strong>\u018fsir<\/strong> <strong>v\u0259<\/strong> <strong>girov<\/strong> <strong>g\u00f6t\u00fcr\u00fclm\u00fc\u015f<\/strong> <strong>58 az\u0259rbaycanl\u0131n\u0131n<\/strong> <strong>taleyi bar\u0259d\u0259 bu g\u00fcn\u0259 q\u0259d\u0259r m\u0259lumat yoxdur.<\/strong><\/p>\n<p>\u00dcmummilli liderimiz Heyd\u0259r \u018fliyevin hakimiyy\u0259t\u0259 g\u0259li\u015find\u0259n sonra m\u0259cburi k\u00f6\u00e7k\u00fcn h\u0259yat\u0131 ya\u015fayan insanlar\u0131n h\u0259yat \u015f\u0259raitinin yax\u015f\u0131la\u015fd\u0131r\u0131lmas\u0131 \u00fc\u00e7\u00fcn z\u0259ruri olan b\u00fct\u00fcn t\u0259dbirl\u0259r g\u00f6r\u00fclm\u00fc\u015fd\u00fcr. Haz\u0131rda c\u0259nab Prezident, Ali Ba\u015f Komandan \u0130lham \u018fliyev t\u0259r\u0259find\u0259n d\u0259 bu t\u0259dbirl\u0259r u\u011furla davam etdirilir, i\u015f\u011fal alt\u0131ndak\u0131 torpaqlar\u0131m\u0131z\u0131n s\u00fclh yolu il\u0259 azad olunmas\u0131 istiqam\u0259tind\u0259 m\u00fch\u00fcm add\u0131mlar at\u0131l\u0131r.<\/p>\n<p>Y\u0131\u011f\u0131ncaqda \u00e7\u0131x\u0131\u015f ed\u0259nl\u0259r Ali Ba\u015f Komandan, m\u00f6ht\u0259r\u0259m Prezidentimiz c\u0259nab \u0130lham \u018fliyevin diplomatik s\u0259yi n\u0259tic\u0259sind\u0259 i\u015f\u011fal olunmu\u015f b\u00fct\u00fcn torpaqlar\u0131m\u0131z\u0131n, o c\u00fcml\u0259d\u0259n \u015eu\u015fa \u015f\u0259h\u0259rinin tezlikl\u0259 i\u015f\u011faldan azad olunaca\u011f\u0131na \u0259minlikl\u0259rini bildirmi\u015fl\u0259r.<\/p>\n<p><span style=\"color: #0000ff;\"><strong>Z\u0259rdab Rayon \u0130cra Hakimiyy\u0259ti <\/strong><\/span><\/p>\n<p><a href=\"http:\/\/www.zerdab.com\/z%c9%99rdabda-susanin-isgali-gunu-il%c9%99-bagli-yigincaq-kecirildi\/z%c9%99rdab-rayonu-94\/\" rel=\"attachment wp-att-19420\"><img loading=\"lazy\" decoding=\"async\" class=\"aligncenter size-large wp-image-19420\" src=\"http:\/\/www.zerdab.com\/wp-content\/uploads\/2015\/05\/Z\u0259rdab-rayonu9-550x365.jpg\" alt=\"Z\u0259rdab rayonu\" width=\"550\" height=\"365\" \/><\/a><\/p>\n","protected":false},"excerpt":{"rendered":"<p>&nbsp; \u015eu\u015fa \u015f\u0259h\u0259rinin i\u015f\u011fal olunmas\u0131n\u0131n 23-c\u00fc ild\u00f6n\u00fcm\u00fc g\u00fcn\u00fc il\u0259 \u0259laq\u0259dar Z\u0259rdab Rayon \u0130cra Hakimiyy\u0259tind\u0259 y\u0131\u011f\u0131ncaq ke\u00e7irilmi\u015fdir. Y\u0131\u011f\u0131ncaqda \u00e7\u0131x\u0131\u015f ed\u0259n Z\u0259rdab rayon icra hakimiyy\u0259tinin ba\u015f\u00e7\u0131s\u0131 L\u00fctv\u0259li Babayev bildirdi ki, ba\u015fdan-ba\u015fa tarixi abid\u0259l\u0259r \u015f\u0259h\u0259ri, musiqi m\u0259d\u0259niyy\u0259timizin be\u015fiyi, t\u0259bii\u00a0 al\u0131nmaz qala olan \u015eu\u015fan\u0131n i\u015f\u011fal\u0131ndan 23 il ke\u00e7ir. B\u00fct\u00fcn d\u00fcnyan\u0131n, beyn\u0259lxalq t\u0259\u015fkilatlar\u0131n i\u015f\u011fal\u00e7\u0131 \u00f6lk\u0259 kimi tan\u0131d\u0131\u011f\u0131 Erm\u0259nistan\u0131n silahl\u0131 q\u00fcvv\u0259l\u0259ri [&hellip;]<\/p>\n","protected":false},"author":1,"featured_media":0,"comment_status":"open","ping_status":"open","sticky":false,"template":"","format":"standard","meta":{"footnotes":""},"categories":[5],"tags":[],"class_list":{"0":"post-19419","1":"post","2":"type-post","3":"status-publish","4":"format-standard","6":"category-knd"},"yoast_head":"<!-- This site is optimized with the Yoast SEO plugin v27.0 - https:\/\/yoast.com\/product\/yoast-seo-wordpress\/ -->\n<title>Z\u0259rdabda \u015eu\u015fan\u0131n i\u015f\u011fal\u0131 g\u00fcn\u00fc il\u0259 ba\u011fl\u0131 y\u0131\u011f\u0131ncaq ke\u00e7irildi - Z\u0259rdab.com<\/title>\n<meta name=\"robots\" content=\"index, follow, max-snippet:-1, max-image-preview:large, max-video-preview:-1\" \/>\n<link rel=\"canonical\" href=\"https:\/\/www.zerdab.com\/?p=19419\" \/>\n<meta property=\"og:locale\" content=\"az_AZ\" \/>\n<meta property=\"og:type\" content=\"article\" \/>\n<meta property=\"og:title\" content=\"Z\u0259rdabda \u015eu\u015fan\u0131n i\u015f\u011fal\u0131 g\u00fcn\u00fc il\u0259 ba\u011fl\u0131 y\u0131\u011f\u0131ncaq ke\u00e7irildi - Z\u0259rdab.com\" \/>\n<meta property=\"og:description\" content=\"&nbsp; \u015eu\u015fa \u015f\u0259h\u0259rinin i\u015f\u011fal olunmas\u0131n\u0131n 23-c\u00fc ild\u00f6n\u00fcm\u00fc g\u00fcn\u00fc il\u0259 \u0259laq\u0259dar Z\u0259rdab Rayon \u0130cra Hakimiyy\u0259tind\u0259 y\u0131\u011f\u0131ncaq ke\u00e7irilmi\u015fdir. Y\u0131\u011f\u0131ncaqda \u00e7\u0131x\u0131\u015f ed\u0259n Z\u0259rdab rayon icra hakimiyy\u0259tinin ba\u015f\u00e7\u0131s\u0131 L\u00fctv\u0259li Babayev bildirdi ki, ba\u015fdan-ba\u015fa tarixi abid\u0259l\u0259r \u015f\u0259h\u0259ri, musiqi m\u0259d\u0259niyy\u0259timizin be\u015fiyi, t\u0259bii\u00a0 al\u0131nmaz qala olan \u015eu\u015fan\u0131n i\u015f\u011fal\u0131ndan 23 il ke\u00e7ir. B\u00fct\u00fcn d\u00fcnyan\u0131n, beyn\u0259lxalq t\u0259\u015fkilatlar\u0131n i\u015f\u011fal\u00e7\u0131 \u00f6lk\u0259 kimi tan\u0131d\u0131\u011f\u0131 Erm\u0259nistan\u0131n silahl\u0131 q\u00fcvv\u0259l\u0259ri [&hellip;]\" \/>\n<meta property=\"og:url\" content=\"https:\/\/www.zerdab.com\/?p=19419\" \/>\n<meta property=\"og:site_name\" content=\"Z\u0259rdab.com\" \/>\n<meta property=\"article:published_time\" content=\"2015-05-08T07:44:06+00:00\" \/>\n<meta property=\"article:modified_time\" content=\"2015-05-08T07:44:10+00:00\" \/>\n<meta name=\"author\" content=\"admin\" \/>\n<meta name=\"twitter:card\" content=\"summary_large_image\" \/>\n<meta name=\"twitter:label1\" content=\"Written by\" \/>\n\t<meta name=\"twitter:data1\" content=\"admin\" \/>\n\t<meta name=\"twitter:label2\" content=\"Est. reading time\" \/>\n\t<meta name=\"twitter:data2\" content=\"2 minutes\" \/>\n<script type=\"application\/ld+json\" class=\"yoast-schema-graph\">{\"@context\":\"https:\/\/schema.org\",\"@graph\":[{\"@type\":\"Article\",\"@id\":\"https:\/\/www.zerdab.com\/?p=19419#article\",\"isPartOf\":{\"@id\":\"https:\/\/www.zerdab.com\/?p=19419\"},\"author\":{\"name\":\"admin\",\"@id\":\"https:\/\/www.zerdab.com\/#\/schema\/person\/97079b7570c1e89ec0d9e138c3672136\"},\"headline\":\"Z\u0259rdabda \u015eu\u015fan\u0131n i\u015f\u011fal\u0131 g\u00fcn\u00fc il\u0259 ba\u011fl\u0131 y\u0131\u011f\u0131ncaq ke\u00e7irildi\",\"datePublished\":\"2015-05-08T07:44:06+00:00\",\"dateModified\":\"2015-05-08T07:44:10+00:00\",\"mainEntityOfPage\":{\"@id\":\"https:\/\/www.zerdab.com\/?p=19419\"},\"wordCount\":448,\"commentCount\":0,\"articleSection\":[\"X\u018fB\u018fRL\u018fR\"],\"inLanguage\":\"az\",\"potentialAction\":[{\"@type\":\"CommentAction\",\"name\":\"Comment\",\"target\":[\"https:\/\/www.zerdab.com\/?p=19419#respond\"]}]},{\"@type\":\"WebPage\",\"@id\":\"https:\/\/www.zerdab.com\/?p=19419\",\"url\":\"https:\/\/www.zerdab.com\/?p=19419\",\"name\":\"Z\u0259rdabda \u015eu\u015fan\u0131n i\u015f\u011fal\u0131 g\u00fcn\u00fc il\u0259 ba\u011fl\u0131 y\u0131\u011f\u0131ncaq ke\u00e7irildi - Z\u0259rdab.com\",\"isPartOf\":{\"@id\":\"https:\/\/www.zerdab.com\/#website\"},\"datePublished\":\"2015-05-08T07:44:06+00:00\",\"dateModified\":\"2015-05-08T07:44:10+00:00\",\"author\":{\"@id\":\"https:\/\/www.zerdab.com\/#\/schema\/person\/97079b7570c1e89ec0d9e138c3672136\"},\"breadcrumb\":{\"@id\":\"https:\/\/www.zerdab.com\/?p=19419#breadcrumb\"},\"inLanguage\":\"az\",\"potentialAction\":[{\"@type\":\"ReadAction\",\"target\":[\"https:\/\/www.zerdab.com\/?p=19419\"]}]},{\"@type\":\"BreadcrumbList\",\"@id\":\"https:\/\/www.zerdab.com\/?p=19419#breadcrumb\",\"itemListElement\":[{\"@type\":\"ListItem\",\"position\":1,\"name\":\"Home\",\"item\":\"https:\/\/www.zerdab.com\/\"},{\"@type\":\"ListItem\",\"position\":2,\"name\":\"Z\u0259rdabda \u015eu\u015fan\u0131n i\u015f\u011fal\u0131 g\u00fcn\u00fc il\u0259 ba\u011fl\u0131 y\u0131\u011f\u0131ncaq ke\u00e7irildi\"}]},{\"@type\":\"WebSite\",\"@id\":\"https:\/\/www.zerdab.com\/#website\",\"url\":\"https:\/\/www.zerdab.com\/\",\"name\":\"Z\u0259rdab.com\",\"description\":\"\",\"potentialAction\":[{\"@type\":\"SearchAction\",\"target\":{\"@type\":\"EntryPoint\",\"urlTemplate\":\"https:\/\/www.zerdab.com\/?s={search_term_string}\"},\"query-input\":{\"@type\":\"PropertyValueSpecification\",\"valueRequired\":true,\"valueName\":\"search_term_string\"}}],\"inLanguage\":\"az\"},{\"@type\":\"Person\",\"@id\":\"https:\/\/www.zerdab.com\/#\/schema\/person\/97079b7570c1e89ec0d9e138c3672136\",\"name\":\"admin\",\"image\":{\"@type\":\"ImageObject\",\"inLanguage\":\"az\",\"@id\":\"https:\/\/www.zerdab.com\/#\/schema\/person\/image\/\",\"url\":\"https:\/\/secure.gravatar.com\/avatar\/d9c52a9a27c32119cb6679a077fa3e2779e5f822c451cbf01098004361d466ec?s=96&d=mm&r=g\",\"contentUrl\":\"https:\/\/secure.gravatar.com\/avatar\/d9c52a9a27c32119cb6679a077fa3e2779e5f822c451cbf01098004361d466ec?s=96&d=mm&r=g\",\"caption\":\"admin\"},\"url\":\"https:\/\/www.zerdab.com\/?author=1\"}]}<\/script>\n<!-- \/ Yoast SEO plugin. -->","yoast_head_json":{"title":"Z\u0259rdabda \u015eu\u015fan\u0131n i\u015f\u011fal\u0131 g\u00fcn\u00fc il\u0259 ba\u011fl\u0131 y\u0131\u011f\u0131ncaq ke\u00e7irildi - Z\u0259rdab.com","robots":{"index":"index","follow":"follow","max-snippet":"max-snippet:-1","max-image-preview":"max-image-preview:large","max-video-preview":"max-video-preview:-1"},"canonical":"https:\/\/www.zerdab.com\/?p=19419","og_locale":"az_AZ","og_type":"article","og_title":"Z\u0259rdabda \u015eu\u015fan\u0131n i\u015f\u011fal\u0131 g\u00fcn\u00fc il\u0259 ba\u011fl\u0131 y\u0131\u011f\u0131ncaq ke\u00e7irildi - Z\u0259rdab.com","og_description":"&nbsp; \u015eu\u015fa \u015f\u0259h\u0259rinin i\u015f\u011fal olunmas\u0131n\u0131n 23-c\u00fc ild\u00f6n\u00fcm\u00fc g\u00fcn\u00fc il\u0259 \u0259laq\u0259dar Z\u0259rdab Rayon \u0130cra Hakimiyy\u0259tind\u0259 y\u0131\u011f\u0131ncaq ke\u00e7irilmi\u015fdir. Y\u0131\u011f\u0131ncaqda \u00e7\u0131x\u0131\u015f ed\u0259n Z\u0259rdab rayon icra hakimiyy\u0259tinin ba\u015f\u00e7\u0131s\u0131 L\u00fctv\u0259li Babayev bildirdi ki, ba\u015fdan-ba\u015fa tarixi abid\u0259l\u0259r \u015f\u0259h\u0259ri, musiqi m\u0259d\u0259niyy\u0259timizin be\u015fiyi, t\u0259bii\u00a0 al\u0131nmaz qala olan \u015eu\u015fan\u0131n i\u015f\u011fal\u0131ndan 23 il ke\u00e7ir. B\u00fct\u00fcn d\u00fcnyan\u0131n, beyn\u0259lxalq t\u0259\u015fkilatlar\u0131n i\u015f\u011fal\u00e7\u0131 \u00f6lk\u0259 kimi tan\u0131d\u0131\u011f\u0131 Erm\u0259nistan\u0131n silahl\u0131 q\u00fcvv\u0259l\u0259ri [&hellip;]","og_url":"https:\/\/www.zerdab.com\/?p=19419","og_site_name":"Z\u0259rdab.com","article_published_time":"2015-05-08T07:44:06+00:00","article_modified_time":"2015-05-08T07:44:10+00:00","author":"admin","twitter_card":"summary_large_image","twitter_misc":{"Written by":"admin","Est. reading time":"2 minutes"},"schema":{"@context":"https:\/\/schema.org","@graph":[{"@type":"Article","@id":"https:\/\/www.zerdab.com\/?p=19419#article","isPartOf":{"@id":"https:\/\/www.zerdab.com\/?p=19419"},"author":{"name":"admin","@id":"https:\/\/www.zerdab.com\/#\/schema\/person\/97079b7570c1e89ec0d9e138c3672136"},"headline":"Z\u0259rdabda \u015eu\u015fan\u0131n i\u015f\u011fal\u0131 g\u00fcn\u00fc il\u0259 ba\u011fl\u0131 y\u0131\u011f\u0131ncaq ke\u00e7irildi","datePublished":"2015-05-08T07:44:06+00:00","dateModified":"2015-05-08T07:44:10+00:00","mainEntityOfPage":{"@id":"https:\/\/www.zerdab.com\/?p=19419"},"wordCount":448,"commentCount":0,"articleSection":["X\u018fB\u018fRL\u018fR"],"inLanguage":"az","potentialAction":[{"@type":"CommentAction","name":"Comment","target":["https:\/\/www.zerdab.com\/?p=19419#respond"]}]},{"@type":"WebPage","@id":"https:\/\/www.zerdab.com\/?p=19419","url":"https:\/\/www.zerdab.com\/?p=19419","name":"Z\u0259rdabda \u015eu\u015fan\u0131n i\u015f\u011fal\u0131 g\u00fcn\u00fc il\u0259 ba\u011fl\u0131 y\u0131\u011f\u0131ncaq ke\u00e7irildi - Z\u0259rdab.com","isPartOf":{"@id":"https:\/\/www.zerdab.com\/#website"},"datePublished":"2015-05-08T07:44:06+00:00","dateModified":"2015-05-08T07:44:10+00:00","author":{"@id":"https:\/\/www.zerdab.com\/#\/schema\/person\/97079b7570c1e89ec0d9e138c3672136"},"breadcrumb":{"@id":"https:\/\/www.zerdab.com\/?p=19419#breadcrumb"},"inLanguage":"az","potentialAction":[{"@type":"ReadAction","target":["https:\/\/www.zerdab.com\/?p=19419"]}]},{"@type":"BreadcrumbList","@id":"https:\/\/www.zerdab.com\/?p=19419#breadcrumb","itemListElement":[{"@type":"ListItem","position":1,"name":"Home","item":"https:\/\/www.zerdab.com\/"},{"@type":"ListItem","position":2,"name":"Z\u0259rdabda \u015eu\u015fan\u0131n i\u015f\u011fal\u0131 g\u00fcn\u00fc il\u0259 ba\u011fl\u0131 y\u0131\u011f\u0131ncaq ke\u00e7irildi"}]},{"@type":"WebSite","@id":"https:\/\/www.zerdab.com\/#website","url":"https:\/\/www.zerdab.com\/","name":"Z\u0259rdab.com","description":"","potentialAction":[{"@type":"SearchAction","target":{"@type":"EntryPoint","urlTemplate":"https:\/\/www.zerdab.com\/?s={search_term_string}"},"query-input":{"@type":"PropertyValueSpecification","valueRequired":true,"valueName":"search_term_string"}}],"inLanguage":"az"},{"@type":"Person","@id":"https:\/\/www.zerdab.com\/#\/schema\/person\/97079b7570c1e89ec0d9e138c3672136","name":"admin","image":{"@type":"ImageObject","inLanguage":"az","@id":"https:\/\/www.zerdab.com\/#\/schema\/person\/image\/","url":"https:\/\/secure.gravatar.com\/avatar\/d9c52a9a27c32119cb6679a077fa3e2779e5f822c451cbf01098004361d466ec?s=96&d=mm&r=g","contentUrl":"https:\/\/secure.gravatar.com\/avatar\/d9c52a9a27c32119cb6679a077fa3e2779e5f822c451cbf01098004361d466ec?s=96&d=mm&r=g","caption":"admin"},"url":"https:\/\/www.zerdab.com\/?author=1"}]}},"_links":{"self":[{"href":"https:\/\/www.zerdab.com\/index.php?rest_route=\/wp\/v2\/posts\/19419","targetHints":{"allow":["GET"]}}],"collection":[{"href":"https:\/\/www.zerdab.com\/index.php?rest_route=\/wp\/v2\/posts"}],"about":[{"href":"https:\/\/www.zerdab.com\/index.php?rest_route=\/wp\/v2\/types\/post"}],"author":[{"embeddable":true,"href":"https:\/\/www.zerdab.com\/index.php?rest_route=\/wp\/v2\/users\/1"}],"replies":[{"embeddable":true,"href":"https:\/\/www.zerdab.com\/index.php?rest_route=%2Fwp%2Fv2%2Fcomments&post=19419"}],"version-history":[{"count":2,"href":"https:\/\/www.zerdab.com\/index.php?rest_route=\/wp\/v2\/posts\/19419\/revisions"}],"predecessor-version":[{"id":19424,"href":"https:\/\/www.zerdab.com\/index.php?rest_route=\/wp\/v2\/posts\/19419\/revisions\/19424"}],"wp:attachment":[{"href":"https:\/\/www.zerdab.com\/index.php?rest_route=%2Fwp%2Fv2%2Fmedia&parent=19419"}],"wp:term":[{"taxonomy":"category","embeddable":true,"href":"https:\/\/www.zerdab.com\/index.php?rest_route=%2Fwp%2Fv2%2Fcategories&post=19419"},{"taxonomy":"post_tag","embeddable":true,"href":"https:\/\/www.zerdab.com\/index.php?rest_route=%2Fwp%2Fv2%2Ftags&post=19419"}],"curies":[{"name":"wp","href":"https:\/\/api.w.org\/{rel}","templated":true}]}}