{"id":19454,"date":"2015-05-09T23:07:28","date_gmt":"2015-05-09T18:07:28","guid":{"rendered":"http:\/\/www.zerdab.com\/?p=19454"},"modified":"2015-05-09T23:07:32","modified_gmt":"2015-05-09T18:07:32","slug":"z%c9%99rdabda-fasizm-uz%c9%99rind%c9%99-q%c9%99l%c9%99b%c9%99nin-70-ci-ildonumu-qeyd-olundu","status":"publish","type":"post","link":"https:\/\/www.zerdab.com\/?p=19454","title":{"rendered":"Z\u0259rdabda fa\u015fizm \u00fcz\u0259rind\u0259 q\u0259l\u0259b\u0259nin 70-ci ild\u00f6n\u00fcm\u00fc qeyd olundu"},"content":{"rendered":"<p><a href=\"http:\/\/www.zerdab.com\/z%c9%99rdabda-fasizm-uz%c9%99rind%c9%99-q%c9%99l%c9%99b%c9%99nin-70-ci-ildonumu-qeyd-olundu\/z%c9%99rdab-rayonu5-16\/\" rel=\"attachment wp-att-19460\"><img loading=\"lazy\" decoding=\"async\" class=\"aligncenter size-large wp-image-19460\" src=\"http:\/\/www.zerdab.com\/wp-content\/uploads\/2015\/05\/Z\u0259rdab-rayonu51-545x550.jpg\" alt=\"Z\u0259rdab rayonu\" width=\"545\" height=\"550\" \/><\/a>Z\u0259rdab \u015f\u0259h\u0259rind\u0259, K\u00fcr \u00e7ay\u0131 sahilind\u0259ki Q\u0259l\u0259b\u0259 meydan\u0131nda 1941-1945-ci ill\u0259r B\u00f6y\u00fck V\u0259t\u0259n M\u00fcharib\u0259sind\u0259 fa\u015fizm \u00fcz\u0259rind\u0259 q\u0259l\u0259b\u0259nin 70-ci ild\u00f6n\u00fcm\u00fc m\u00fcnasib\u0259til\u0259 \u00fcmumrayon m\u0259rasimi ke\u00e7irilmi\u015fdir. T\u0259dbir i\u015ftirak\u00e7\u0131lar\u0131 \u0259vv\u0259lc\u0259 1941-1945-ci ill\u0259r m\u00fcharib\u0259sind\u0259 h\u0259lak olmu\u015f z\u0259rdabl\u0131lar\u0131n xatir\u0259sin\u0259 ucald\u0131lm\u0131\u015f abid\u0259 kompleksi \u00f6n\u00fcn\u0259, sonra is\u0259 Z\u0259rdab rayonundan olan Sovet \u0130ttifaq\u0131 Q\u0259hr\u0259man\u0131 M\u0259lik M\u0259h\u0259rr\u0259movun b\u00fcst\u00fc \u00f6n\u00fcn\u0259 g\u00fcl d\u0259st\u0259l\u0259ri qoymu\u015flar.<\/p>\n<p>Z\u0259rdab Rayon \u0130cra Hakimiyy\u0259tinin ba\u015f\u00e7\u0131s\u0131 L\u00fctv\u0259li Babayev m\u0259rasimd\u0259 \u00e7\u0131x\u0131\u015f ed\u0259r\u0259k bildirmi\u015fdir ki, \u0130kinci D\u00fcnya m\u00fcharib\u0259si ill\u0259ri b\u0259\u015f\u0259riyy\u0259t \u00fc\u00e7\u00fcn \u0259n a\u011f\u0131r v\u0259 d\u0259h\u015f\u0259tli bir d\u00f6vr olmu\u015fdur. M\u00fcharib\u0259 ill\u0259rind\u0259 xalq\u0131m\u0131z h\u0259m c\u0259bh\u0259 b\u00f6lg\u0259l\u0259rind\u0259, h\u0259m d\u0259 arxa c\u0259bh\u0259d\u0259 b\u00f6y\u00fck q\u0259hr\u0259manl\u0131qlar g\u00f6st\u0259rmi\u015fdir.\u00a0Bu q\u0259hr\u0259manlar aras\u0131nda z\u0259rdabl\u0131lar da \u00e7ox olmu\u015fdur. M\u00fcharib\u0259d\u0259 Z\u0259rdabdan 3384 n\u0259f\u0259r i\u015ftirak etmi\u015f, onlardan 1407 n\u0259f\u0259r geri d\u00f6nm\u0259mi\u015fdir. H\u0259myerlil\u0259rimiz olan M\u0259lik M\u0259h\u0259rr\u0259mov Sovet \u0130ttifaq\u0131 Q\u0259hr\u0259man\u0131 ad\u0131na layiq g\u00f6r\u00fclm\u00fc\u015f, Muradal\u0131 Heyd\u0259rov is\u0259 \u201c\u015e\u00f6hr\u0259t\u201d ordeninin h\u0259r 3 d\u0259r\u0259c\u0259si il\u0259 t\u0259ltif edilmi\u015fdir. 2011-ci ild\u0259 o, Prezident t\u0259qa\u00fcd\u00fcn\u0259 layiq g\u00f6r\u00fclm\u00fc\u015f, daha sonra pulsuz minik avtomobili il\u0259 t\u0259min edilmi\u015fdir. Natiq qeyd etmi\u015fdir ki, \u00f6lk\u0259miz haz\u0131rda m\u00fcharib\u0259 \u015f\u0259raitind\u0259 olmas\u0131na baxmayaraq d\u00f6vl\u0259timizin ba\u015f\u00e7\u0131s\u0131 b\u00fct\u00fcn insanlara, x\u00fcsusil\u0259, m\u00fcharib\u0259 veteranlar\u0131na, onlar\u0131n sosial probleml\u0259rinin h\u0259llin\u0259 y\u00fcks\u0259k diqq\u0259t v\u0259 qay\u011f\u0131 g\u00f6st\u0259rir. \u201c<a href=\"http:\/\/president.az\/articles\/14688\">1941-1945-ci ill\u0259r B\u00f6y\u00fck V\u0259t\u0259n m\u00fcharib\u0259si i\u015ftirak\u00e7\u0131lar\u0131na, h\u0259lak olmu\u015f v\u0259 ya sonralar v\u0259fat etmi\u015f d\u00f6y\u00fc\u015f\u00e7\u00fcl\u0259rin dul arvadlar\u0131na, arxa c\u0259bh\u0259d\u0259 f\u0259dakar \u0259m\u0259yin\u0259 g\u00f6r\u0259 orden v\u0259 medallarla t\u0259ltif edilmi\u015f \u015f\u0259xsl\u0259r\u0259 bird\u0259f\u0259lik maddi yard\u0131m verilm\u0259si haqq\u0131nda\u201d Az\u0259rbaycan Respublikas\u0131 Prezidentinin 03 aprel 2015-ci il tarixli S\u0259r\u0259ncam\u0131<\/a> il\u0259 veteranlara 800 manat, arxa c\u0259bh\u0259d\u0259 \u00e7al\u0131\u015fanlara 400 manat v\u0259saitin verilm\u0259si d\u0259 bu diqq\u0259t v\u0259 qay\u011f\u0131n\u0131n \u0259yani t\u0259zah\u00fcr\u00fcd\u00fcr. Ali Ba\u015f Komandan\u0131m\u0131z\u0131n Az\u0259rbaycan\u0131n m\u00fcdafi\u0259 q\u00fcdr\u0259tinin m\u00f6hk\u0259ml\u0259ndirilm\u0259sin\u0259 g\u00f6st\u0259rdiyi diqq\u0259t v\u0259 qay\u011f\u0131 h\u0259r bir az\u0259rbaycanl\u0131n\u0131 \u00fcr\u0259kd\u0259n sevindirir. Bizim Erm\u0259nistan\u0131 susdurma\u011fa qadir ordumuz var. Lakin inan\u0131r\u0131q ki, Erm\u0259nistan-Az\u0259rbaycan-Da\u011fl\u0131q Qaraba\u011f problemi c\u0259nab \u0130lham \u018fliyevin m\u00fcdrik siyas\u0259ti il\u0259 s\u00fclh yolu il\u0259 \u00f6z h\u0259llini tapacaqd\u0131r.<\/p>\n<p>Daha sonra icra ba\u015f\u00e7\u0131s\u0131 c\u0259nab Prezidentin 02 fevral 2015-ci il tarixli s\u0259r\u0259ncam\u0131 il\u0259 70 illik yubiley medal\u0131 il\u0259 t\u0259ltif edilmi\u015f m\u00fcharib\u0259 veteranlar\u0131na h\u0259min medallar\u0131 t\u0259qdim etmi\u015fdir.<\/p>\n<p>M\u0259rasimd\u0259 \u00e7\u0131x\u0131\u015f ed\u0259nl\u0259r m\u00fcharib\u0259 veteranlar\u0131na g\u00f6st\u0259ril\u0259n diqq\u0259t v\u0259 qay\u011f\u0131ya g\u00f6r\u0259 \u00f6lk\u0259 ba\u015f\u00e7\u0131s\u0131na minn\u0259tdarl\u0131qlar\u0131n\u0131 bildirmi\u015fdirl\u0259r.<\/p>\n<p>T\u0259dbir konsert proqram\u0131 il\u0259 davam etdirilmi\u015fdir.<\/p>\n<p><span style=\"color: #0000ff;\"><strong>Z\u0259rdab Rayon \u0130cra Hakimiyy\u0259ti<\/strong><\/span><\/p>\n<p><span style=\"color: #0000ff;\">\u00a0<\/span><a href=\"http:\/\/www.zerdab.com\/z%c9%99rdabda-fasizm-uz%c9%99rind%c9%99-q%c9%99l%c9%99b%c9%99nin-70-ci-ildonumu-qeyd-olundu\/z%c9%99rdab-rayonu-96\/\" rel=\"attachment wp-att-19455\"><img loading=\"lazy\" decoding=\"async\" class=\"aligncenter size-large wp-image-19455\" src=\"http:\/\/www.zerdab.com\/wp-content\/uploads\/2015\/05\/Z\u0259rdab-rayonu13-550x365.jpg\" alt=\"Z\u0259rdab rayonu\" width=\"550\" height=\"365\" \/><\/a> <a href=\"http:\/\/www.zerdab.com\/z%c9%99rdabda-fasizm-uz%c9%99rind%c9%99-q%c9%99l%c9%99b%c9%99nin-70-ci-ildonumu-qeyd-olundu\/z%c9%99rdab-rayonu1-33\/\" rel=\"attachment wp-att-19456\"><img loading=\"lazy\" decoding=\"async\" class=\"aligncenter size-large wp-image-19456\" src=\"http:\/\/www.zerdab.com\/wp-content\/uploads\/2015\/05\/Z\u0259rdab-rayonu14-550x365.jpg\" alt=\"Z\u0259rdab rayonu\" width=\"550\" height=\"365\" \/><\/a> <a href=\"http:\/\/www.zerdab.com\/z%c9%99rdabda-fasizm-uz%c9%99rind%c9%99-q%c9%99l%c9%99b%c9%99nin-70-ci-ildonumu-qeyd-olundu\/z%c9%99rdab-rayonu2-29\/\" rel=\"attachment wp-att-19457\"><img loading=\"lazy\" decoding=\"async\" class=\"aligncenter size-large wp-image-19457\" src=\"http:\/\/www.zerdab.com\/wp-content\/uploads\/2015\/05\/Z\u0259rdab-rayonu22-550x365.jpg\" alt=\"Z\u0259rdab rayonu\" width=\"550\" height=\"365\" \/><\/a> <a href=\"http:\/\/www.zerdab.com\/z%c9%99rdabda-fasizm-uz%c9%99rind%c9%99-q%c9%99l%c9%99b%c9%99nin-70-ci-ildonumu-qeyd-olundu\/z%c9%99rdab-rayonu3-23\/\" rel=\"attachment wp-att-19458\"><img loading=\"lazy\" decoding=\"async\" class=\"aligncenter size-large wp-image-19458\" src=\"http:\/\/www.zerdab.com\/wp-content\/uploads\/2015\/05\/Z\u0259rdab-rayonu31-550x422.jpg\" alt=\"Z\u0259rdab rayonu\" width=\"550\" height=\"422\" \/><\/a> <a href=\"http:\/\/www.zerdab.com\/z%c9%99rdabda-fasizm-uz%c9%99rind%c9%99-q%c9%99l%c9%99b%c9%99nin-70-ci-ildonumu-qeyd-olundu\/z%c9%99rdab-rayonu5-16\/\" rel=\"attachment wp-att-19460\"><img loading=\"lazy\" decoding=\"async\" class=\"aligncenter size-large wp-image-19460\" src=\"http:\/\/www.zerdab.com\/wp-content\/uploads\/2015\/05\/Z\u0259rdab-rayonu51-545x550.jpg\" alt=\"Z\u0259rdab rayonu\" width=\"545\" height=\"550\" \/><\/a><\/p>\n","protected":false},"excerpt":{"rendered":"<p>Z\u0259rdab \u015f\u0259h\u0259rind\u0259, K\u00fcr \u00e7ay\u0131 sahilind\u0259ki Q\u0259l\u0259b\u0259 meydan\u0131nda 1941-1945-ci ill\u0259r B\u00f6y\u00fck V\u0259t\u0259n M\u00fcharib\u0259sind\u0259 fa\u015fizm \u00fcz\u0259rind\u0259 q\u0259l\u0259b\u0259nin 70-ci ild\u00f6n\u00fcm\u00fc m\u00fcnasib\u0259til\u0259 \u00fcmumrayon m\u0259rasimi ke\u00e7irilmi\u015fdir. T\u0259dbir i\u015ftirak\u00e7\u0131lar\u0131 \u0259vv\u0259lc\u0259 1941-1945-ci ill\u0259r m\u00fcharib\u0259sind\u0259 h\u0259lak olmu\u015f z\u0259rdabl\u0131lar\u0131n xatir\u0259sin\u0259 ucald\u0131lm\u0131\u015f abid\u0259 kompleksi \u00f6n\u00fcn\u0259, sonra is\u0259 Z\u0259rdab rayonundan olan Sovet \u0130ttifaq\u0131 Q\u0259hr\u0259man\u0131 M\u0259lik M\u0259h\u0259rr\u0259movun b\u00fcst\u00fc \u00f6n\u00fcn\u0259 g\u00fcl d\u0259st\u0259l\u0259ri qoymu\u015flar. Z\u0259rdab Rayon \u0130cra Hakimiyy\u0259tinin ba\u015f\u00e7\u0131s\u0131 [&hellip;]<\/p>\n","protected":false},"author":1,"featured_media":0,"comment_status":"open","ping_status":"open","sticky":false,"template":"","format":"standard","meta":{"footnotes":""},"categories":[5],"tags":[],"class_list":{"0":"post-19454","1":"post","2":"type-post","3":"status-publish","4":"format-standard","6":"category-knd"},"yoast_head":"<!-- This site is optimized with the Yoast SEO plugin v27.0 - https:\/\/yoast.com\/product\/yoast-seo-wordpress\/ -->\n<title>Z\u0259rdabda fa\u015fizm \u00fcz\u0259rind\u0259 q\u0259l\u0259b\u0259nin 70-ci ild\u00f6n\u00fcm\u00fc qeyd olundu - Z\u0259rdab.com<\/title>\n<meta name=\"robots\" content=\"index, follow, max-snippet:-1, max-image-preview:large, max-video-preview:-1\" \/>\n<link rel=\"canonical\" href=\"https:\/\/www.zerdab.com\/?p=19454\" \/>\n<meta property=\"og:locale\" content=\"az_AZ\" \/>\n<meta property=\"og:type\" content=\"article\" \/>\n<meta property=\"og:title\" content=\"Z\u0259rdabda fa\u015fizm \u00fcz\u0259rind\u0259 q\u0259l\u0259b\u0259nin 70-ci ild\u00f6n\u00fcm\u00fc qeyd olundu - Z\u0259rdab.com\" \/>\n<meta property=\"og:description\" content=\"Z\u0259rdab \u015f\u0259h\u0259rind\u0259, K\u00fcr \u00e7ay\u0131 sahilind\u0259ki Q\u0259l\u0259b\u0259 meydan\u0131nda 1941-1945-ci ill\u0259r B\u00f6y\u00fck V\u0259t\u0259n M\u00fcharib\u0259sind\u0259 fa\u015fizm \u00fcz\u0259rind\u0259 q\u0259l\u0259b\u0259nin 70-ci ild\u00f6n\u00fcm\u00fc m\u00fcnasib\u0259til\u0259 \u00fcmumrayon m\u0259rasimi ke\u00e7irilmi\u015fdir. T\u0259dbir i\u015ftirak\u00e7\u0131lar\u0131 \u0259vv\u0259lc\u0259 1941-1945-ci ill\u0259r m\u00fcharib\u0259sind\u0259 h\u0259lak olmu\u015f z\u0259rdabl\u0131lar\u0131n xatir\u0259sin\u0259 ucald\u0131lm\u0131\u015f abid\u0259 kompleksi \u00f6n\u00fcn\u0259, sonra is\u0259 Z\u0259rdab rayonundan olan Sovet \u0130ttifaq\u0131 Q\u0259hr\u0259man\u0131 M\u0259lik M\u0259h\u0259rr\u0259movun b\u00fcst\u00fc \u00f6n\u00fcn\u0259 g\u00fcl d\u0259st\u0259l\u0259ri qoymu\u015flar. Z\u0259rdab Rayon \u0130cra Hakimiyy\u0259tinin ba\u015f\u00e7\u0131s\u0131 [&hellip;]\" \/>\n<meta property=\"og:url\" content=\"https:\/\/www.zerdab.com\/?p=19454\" \/>\n<meta property=\"og:site_name\" content=\"Z\u0259rdab.com\" \/>\n<meta property=\"article:published_time\" content=\"2015-05-09T18:07:28+00:00\" \/>\n<meta property=\"article:modified_time\" content=\"2015-05-09T18:07:32+00:00\" \/>\n<meta name=\"author\" content=\"admin\" \/>\n<meta name=\"twitter:card\" content=\"summary_large_image\" \/>\n<meta name=\"twitter:label1\" content=\"Written by\" \/>\n\t<meta name=\"twitter:data1\" content=\"admin\" \/>\n\t<meta name=\"twitter:label2\" content=\"Est. reading time\" \/>\n\t<meta name=\"twitter:data2\" content=\"3 minutes\" \/>\n<script type=\"application\/ld+json\" class=\"yoast-schema-graph\">{\"@context\":\"https:\/\/schema.org\",\"@graph\":[{\"@type\":\"Article\",\"@id\":\"https:\/\/www.zerdab.com\/?p=19454#article\",\"isPartOf\":{\"@id\":\"https:\/\/www.zerdab.com\/?p=19454\"},\"author\":{\"name\":\"admin\",\"@id\":\"https:\/\/www.zerdab.com\/#\/schema\/person\/97079b7570c1e89ec0d9e138c3672136\"},\"headline\":\"Z\u0259rdabda fa\u015fizm \u00fcz\u0259rind\u0259 q\u0259l\u0259b\u0259nin 70-ci ild\u00f6n\u00fcm\u00fc qeyd olundu\",\"datePublished\":\"2015-05-09T18:07:28+00:00\",\"dateModified\":\"2015-05-09T18:07:32+00:00\",\"mainEntityOfPage\":{\"@id\":\"https:\/\/www.zerdab.com\/?p=19454\"},\"wordCount\":595,\"commentCount\":0,\"articleSection\":[\"X\u018fB\u018fRL\u018fR\"],\"inLanguage\":\"az\",\"potentialAction\":[{\"@type\":\"CommentAction\",\"name\":\"Comment\",\"target\":[\"https:\/\/www.zerdab.com\/?p=19454#respond\"]}]},{\"@type\":\"WebPage\",\"@id\":\"https:\/\/www.zerdab.com\/?p=19454\",\"url\":\"https:\/\/www.zerdab.com\/?p=19454\",\"name\":\"Z\u0259rdabda fa\u015fizm \u00fcz\u0259rind\u0259 q\u0259l\u0259b\u0259nin 70-ci ild\u00f6n\u00fcm\u00fc qeyd olundu - Z\u0259rdab.com\",\"isPartOf\":{\"@id\":\"https:\/\/www.zerdab.com\/#website\"},\"datePublished\":\"2015-05-09T18:07:28+00:00\",\"dateModified\":\"2015-05-09T18:07:32+00:00\",\"author\":{\"@id\":\"https:\/\/www.zerdab.com\/#\/schema\/person\/97079b7570c1e89ec0d9e138c3672136\"},\"breadcrumb\":{\"@id\":\"https:\/\/www.zerdab.com\/?p=19454#breadcrumb\"},\"inLanguage\":\"az\",\"potentialAction\":[{\"@type\":\"ReadAction\",\"target\":[\"https:\/\/www.zerdab.com\/?p=19454\"]}]},{\"@type\":\"BreadcrumbList\",\"@id\":\"https:\/\/www.zerdab.com\/?p=19454#breadcrumb\",\"itemListElement\":[{\"@type\":\"ListItem\",\"position\":1,\"name\":\"Home\",\"item\":\"https:\/\/www.zerdab.com\/\"},{\"@type\":\"ListItem\",\"position\":2,\"name\":\"Z\u0259rdabda fa\u015fizm \u00fcz\u0259rind\u0259 q\u0259l\u0259b\u0259nin 70-ci ild\u00f6n\u00fcm\u00fc qeyd olundu\"}]},{\"@type\":\"WebSite\",\"@id\":\"https:\/\/www.zerdab.com\/#website\",\"url\":\"https:\/\/www.zerdab.com\/\",\"name\":\"Z\u0259rdab.com\",\"description\":\"\",\"potentialAction\":[{\"@type\":\"SearchAction\",\"target\":{\"@type\":\"EntryPoint\",\"urlTemplate\":\"https:\/\/www.zerdab.com\/?s={search_term_string}\"},\"query-input\":{\"@type\":\"PropertyValueSpecification\",\"valueRequired\":true,\"valueName\":\"search_term_string\"}}],\"inLanguage\":\"az\"},{\"@type\":\"Person\",\"@id\":\"https:\/\/www.zerdab.com\/#\/schema\/person\/97079b7570c1e89ec0d9e138c3672136\",\"name\":\"admin\",\"image\":{\"@type\":\"ImageObject\",\"inLanguage\":\"az\",\"@id\":\"https:\/\/www.zerdab.com\/#\/schema\/person\/image\/\",\"url\":\"https:\/\/secure.gravatar.com\/avatar\/d9c52a9a27c32119cb6679a077fa3e2779e5f822c451cbf01098004361d466ec?s=96&d=mm&r=g\",\"contentUrl\":\"https:\/\/secure.gravatar.com\/avatar\/d9c52a9a27c32119cb6679a077fa3e2779e5f822c451cbf01098004361d466ec?s=96&d=mm&r=g\",\"caption\":\"admin\"},\"url\":\"https:\/\/www.zerdab.com\/?author=1\"}]}<\/script>\n<!-- \/ Yoast SEO plugin. -->","yoast_head_json":{"title":"Z\u0259rdabda fa\u015fizm \u00fcz\u0259rind\u0259 q\u0259l\u0259b\u0259nin 70-ci ild\u00f6n\u00fcm\u00fc qeyd olundu - Z\u0259rdab.com","robots":{"index":"index","follow":"follow","max-snippet":"max-snippet:-1","max-image-preview":"max-image-preview:large","max-video-preview":"max-video-preview:-1"},"canonical":"https:\/\/www.zerdab.com\/?p=19454","og_locale":"az_AZ","og_type":"article","og_title":"Z\u0259rdabda fa\u015fizm \u00fcz\u0259rind\u0259 q\u0259l\u0259b\u0259nin 70-ci ild\u00f6n\u00fcm\u00fc qeyd olundu - Z\u0259rdab.com","og_description":"Z\u0259rdab \u015f\u0259h\u0259rind\u0259, K\u00fcr \u00e7ay\u0131 sahilind\u0259ki Q\u0259l\u0259b\u0259 meydan\u0131nda 1941-1945-ci ill\u0259r B\u00f6y\u00fck V\u0259t\u0259n M\u00fcharib\u0259sind\u0259 fa\u015fizm \u00fcz\u0259rind\u0259 q\u0259l\u0259b\u0259nin 70-ci ild\u00f6n\u00fcm\u00fc m\u00fcnasib\u0259til\u0259 \u00fcmumrayon m\u0259rasimi ke\u00e7irilmi\u015fdir. T\u0259dbir i\u015ftirak\u00e7\u0131lar\u0131 \u0259vv\u0259lc\u0259 1941-1945-ci ill\u0259r m\u00fcharib\u0259sind\u0259 h\u0259lak olmu\u015f z\u0259rdabl\u0131lar\u0131n xatir\u0259sin\u0259 ucald\u0131lm\u0131\u015f abid\u0259 kompleksi \u00f6n\u00fcn\u0259, sonra is\u0259 Z\u0259rdab rayonundan olan Sovet \u0130ttifaq\u0131 Q\u0259hr\u0259man\u0131 M\u0259lik M\u0259h\u0259rr\u0259movun b\u00fcst\u00fc \u00f6n\u00fcn\u0259 g\u00fcl d\u0259st\u0259l\u0259ri qoymu\u015flar. Z\u0259rdab Rayon \u0130cra Hakimiyy\u0259tinin ba\u015f\u00e7\u0131s\u0131 [&hellip;]","og_url":"https:\/\/www.zerdab.com\/?p=19454","og_site_name":"Z\u0259rdab.com","article_published_time":"2015-05-09T18:07:28+00:00","article_modified_time":"2015-05-09T18:07:32+00:00","author":"admin","twitter_card":"summary_large_image","twitter_misc":{"Written by":"admin","Est. reading time":"3 minutes"},"schema":{"@context":"https:\/\/schema.org","@graph":[{"@type":"Article","@id":"https:\/\/www.zerdab.com\/?p=19454#article","isPartOf":{"@id":"https:\/\/www.zerdab.com\/?p=19454"},"author":{"name":"admin","@id":"https:\/\/www.zerdab.com\/#\/schema\/person\/97079b7570c1e89ec0d9e138c3672136"},"headline":"Z\u0259rdabda fa\u015fizm \u00fcz\u0259rind\u0259 q\u0259l\u0259b\u0259nin 70-ci ild\u00f6n\u00fcm\u00fc qeyd olundu","datePublished":"2015-05-09T18:07:28+00:00","dateModified":"2015-05-09T18:07:32+00:00","mainEntityOfPage":{"@id":"https:\/\/www.zerdab.com\/?p=19454"},"wordCount":595,"commentCount":0,"articleSection":["X\u018fB\u018fRL\u018fR"],"inLanguage":"az","potentialAction":[{"@type":"CommentAction","name":"Comment","target":["https:\/\/www.zerdab.com\/?p=19454#respond"]}]},{"@type":"WebPage","@id":"https:\/\/www.zerdab.com\/?p=19454","url":"https:\/\/www.zerdab.com\/?p=19454","name":"Z\u0259rdabda fa\u015fizm \u00fcz\u0259rind\u0259 q\u0259l\u0259b\u0259nin 70-ci ild\u00f6n\u00fcm\u00fc qeyd olundu - Z\u0259rdab.com","isPartOf":{"@id":"https:\/\/www.zerdab.com\/#website"},"datePublished":"2015-05-09T18:07:28+00:00","dateModified":"2015-05-09T18:07:32+00:00","author":{"@id":"https:\/\/www.zerdab.com\/#\/schema\/person\/97079b7570c1e89ec0d9e138c3672136"},"breadcrumb":{"@id":"https:\/\/www.zerdab.com\/?p=19454#breadcrumb"},"inLanguage":"az","potentialAction":[{"@type":"ReadAction","target":["https:\/\/www.zerdab.com\/?p=19454"]}]},{"@type":"BreadcrumbList","@id":"https:\/\/www.zerdab.com\/?p=19454#breadcrumb","itemListElement":[{"@type":"ListItem","position":1,"name":"Home","item":"https:\/\/www.zerdab.com\/"},{"@type":"ListItem","position":2,"name":"Z\u0259rdabda fa\u015fizm \u00fcz\u0259rind\u0259 q\u0259l\u0259b\u0259nin 70-ci ild\u00f6n\u00fcm\u00fc qeyd olundu"}]},{"@type":"WebSite","@id":"https:\/\/www.zerdab.com\/#website","url":"https:\/\/www.zerdab.com\/","name":"Z\u0259rdab.com","description":"","potentialAction":[{"@type":"SearchAction","target":{"@type":"EntryPoint","urlTemplate":"https:\/\/www.zerdab.com\/?s={search_term_string}"},"query-input":{"@type":"PropertyValueSpecification","valueRequired":true,"valueName":"search_term_string"}}],"inLanguage":"az"},{"@type":"Person","@id":"https:\/\/www.zerdab.com\/#\/schema\/person\/97079b7570c1e89ec0d9e138c3672136","name":"admin","image":{"@type":"ImageObject","inLanguage":"az","@id":"https:\/\/www.zerdab.com\/#\/schema\/person\/image\/","url":"https:\/\/secure.gravatar.com\/avatar\/d9c52a9a27c32119cb6679a077fa3e2779e5f822c451cbf01098004361d466ec?s=96&d=mm&r=g","contentUrl":"https:\/\/secure.gravatar.com\/avatar\/d9c52a9a27c32119cb6679a077fa3e2779e5f822c451cbf01098004361d466ec?s=96&d=mm&r=g","caption":"admin"},"url":"https:\/\/www.zerdab.com\/?author=1"}]}},"_links":{"self":[{"href":"https:\/\/www.zerdab.com\/index.php?rest_route=\/wp\/v2\/posts\/19454","targetHints":{"allow":["GET"]}}],"collection":[{"href":"https:\/\/www.zerdab.com\/index.php?rest_route=\/wp\/v2\/posts"}],"about":[{"href":"https:\/\/www.zerdab.com\/index.php?rest_route=\/wp\/v2\/types\/post"}],"author":[{"embeddable":true,"href":"https:\/\/www.zerdab.com\/index.php?rest_route=\/wp\/v2\/users\/1"}],"replies":[{"embeddable":true,"href":"https:\/\/www.zerdab.com\/index.php?rest_route=%2Fwp%2Fv2%2Fcomments&post=19454"}],"version-history":[{"count":2,"href":"https:\/\/www.zerdab.com\/index.php?rest_route=\/wp\/v2\/posts\/19454\/revisions"}],"predecessor-version":[{"id":19462,"href":"https:\/\/www.zerdab.com\/index.php?rest_route=\/wp\/v2\/posts\/19454\/revisions\/19462"}],"wp:attachment":[{"href":"https:\/\/www.zerdab.com\/index.php?rest_route=%2Fwp%2Fv2%2Fmedia&parent=19454"}],"wp:term":[{"taxonomy":"category","embeddable":true,"href":"https:\/\/www.zerdab.com\/index.php?rest_route=%2Fwp%2Fv2%2Fcategories&post=19454"},{"taxonomy":"post_tag","embeddable":true,"href":"https:\/\/www.zerdab.com\/index.php?rest_route=%2Fwp%2Fv2%2Ftags&post=19454"}],"curies":[{"name":"wp","href":"https:\/\/api.w.org\/{rel}","templated":true}]}}