{"id":19482,"date":"2015-05-10T22:22:36","date_gmt":"2015-05-10T17:22:36","guid":{"rendered":"http:\/\/www.zerdab.com\/?p=19482"},"modified":"2015-05-10T22:22:40","modified_gmt":"2015-05-10T17:22:40","slug":"z%c9%99rdabda-ulu-ond%c9%99rin-anadan-olmasinin-ildonumu-qeyd-olundu","status":"publish","type":"post","link":"https:\/\/www.zerdab.com\/?p=19482","title":{"rendered":"Z\u0259rdabda Ulu \u00d6nd\u0259rin anadan olmas\u0131n\u0131n ild\u00f6n\u00fcm\u00fc qeyd olundu"},"content":{"rendered":"<p><a href=\"http:\/\/www.zerdab.com\/z%c9%99rdabda-ulu-ond%c9%99rin-anadan-olmasinin-ildonumu-qeyd-olundu\/z%c9%99rdab-rayonu1-34\/\" rel=\"attachment wp-att-19484\"><img loading=\"lazy\" decoding=\"async\" class=\"aligncenter size-large wp-image-19484\" src=\"http:\/\/www.zerdab.com\/wp-content\/uploads\/2015\/05\/Z\u0259rdab-rayonu16-550x365.jpg\" alt=\"Z\u0259rdab rayonu\" width=\"550\" height=\"365\" \/><\/a> Z\u0259rdab Rayon \u0130cra Hakimiyy\u0259tind\u0259 t\u0259sdiq olunmu\u015f t\u0259dbirl\u0259r plan\u0131na uy\u011fun olaraq Ulu \u00d6nd\u0259r Heyd\u0259r \u018fliyevin anadan olmas\u0131n\u0131n 92-ci ild\u00f6n\u00fcm\u00fc m\u00fcnasib\u0259til\u0259 rayonda silsil\u0259 t\u0259dbirl\u0259r ke\u00e7irilmi\u015fdir. Rayonun \u018flv\u0259nd k\u0259ndind\u0259 \u0259sasl\u0131 t\u0259mir olunmu\u015f tam orta m\u0259kt\u0259b binas\u0131n\u0131n a\u00e7\u0131l\u0131\u015f m\u0259rasimi olmu\u015fdur. M\u0259rasimd\u0259 Z\u0259rdab Rayon \u0130cra Hakimiyy\u0259tinin ba\u015f\u00e7\u0131s\u0131 L\u00fctv\u0259li Babayev i\u015ftirak v\u0259 \u00e7\u0131x\u0131\u015f etmi\u015fdir.<\/p>\n<p>Daha sonra t\u0259dbirl\u0259r Heyd\u0259r \u018fliyev park\u0131nda davam etdirilmi\u015fdir. Z\u0259rdabl\u0131lar Ulu \u00d6nd\u0259rin abid\u0259si \u00f6n\u00fcn\u0259 g\u00fcl-\u00e7i\u00e7\u0259k d\u0259st\u0259l\u0259ri qoymu\u015flar. M\u0259rasimd\u0259 rayon r\u0259hb\u0259rliyi, idar\u0259, m\u00fc\u0259ssis\u0259 v\u0259 t\u0259\u015fkilatlar\u0131n \u0259m\u0259k kollektivl\u0259ri, rayon ictimaiyy\u0259tinin n\u00fcmay\u0259nd\u0259l\u0259ri i\u015ftirak etmi\u015fl\u0259r.<\/p>\n<p>\u00dcmummilli liderin h\u0259yat v\u0259 f\u0259aliyy\u0259ti bar\u0259d\u0259 m\u0259lumat ver\u0259n Rayon \u0130cra Hakimiyy\u0259tinin ba\u015f\u00e7\u0131s\u0131 qeyd etmi\u015fdir ki, 1969-cu ild\u0259 siyasi hakimiyy\u0259t\u0259 \u201cQoy \u0259dal\u0259t z\u0259f\u0259r \u00e7als\u0131n\u201d devizi il\u0259 g\u0259l\u0259n Heyd\u0259r \u018fliyev saf \u0259m\u0259ll\u0259ri il\u0259 b\u00fct\u00fcn \u00f6mr\u00fcn\u00fc \u00f6z do\u011fma xalq\u0131na ba\u011f\u0131\u015flad\u0131\u011f\u0131na g\u00f6r\u0259 dahilik zirv\u0259sini f\u0259th etmi\u015f, Az\u0259rbaycan tarixin\u0259 \u00f6z \u015f\u0259r\u0259fli ad\u0131n\u0131 q\u0131z\u0131l h\u0259rfl\u0259rl\u0259 yazm\u0131\u015fd\u0131r. Az\u0259rbaycan\u0131n son onillikl\u0259r \u0259rzind\u0259 qazand\u0131\u011f\u0131 u\u011furlar Ulu \u00d6nd\u0259r Heyd\u0259r \u018fliyevin h\u0259yat v\u0259 f\u0259aliyy\u0259ti il\u0259 birba\u015fa ba\u011fl\u0131d\u0131r. Onun Az\u0259rbaycan\u0131n r\u0259hb\u0259ri se\u00e7ilm\u0259si \u0259slind\u0259 \u00e7a\u011fda\u015f tariximiz\u0259 \u00f6lk\u0259mizin s\u00fcr\u0259tli v\u0259 uzunm\u00fcdd\u0259tli inki\u015faf\u0131n\u0131n \u0259sas\u0131n\u0131n qoyulmas\u0131 kimi daxil olmu\u015fdur. Heyd\u0259r \u018fliyev el\u0259 dahi \u015f\u0259xsiyy\u0259tl\u0259rd\u0259ndir ki, onun ke\u00e7diyi h\u0259yat yolu xalq\u0131n\u0131n d\u00fcn\u0259nini, bu g\u00fcn\u00fcn\u00fc v\u0259 sabah\u0131n\u0131 ayd\u0131n g\u00f6st\u0259rir. 46 il \u00f6nc\u0259 Ulu \u00d6nd\u0259rin respublikam\u0131zda ilk d\u0259f\u0259 siyasi r\u0259hb\u0259rliy\u0259 g\u0259lm\u0259si Az\u0259rbaycanda b\u00f6y\u00fck iqtisadi, elmi v\u0259 \u0259d\u0259bi-m\u0259d\u0259ni inki\u015fafa, m\u00fcst\u0259qil d\u00fc\u015f\u00fcnc\u0259y\u0259 yol a\u00e7m\u0131\u015fd\u0131r. T\u0259sad\u00fcfi deyil ki, h\u0259min ill\u0259r respublikam\u0131z\u0131n intibah d\u00f6vr\u00fc kimi s\u0259ciyy\u0259l\u0259nir. V\u0259 t\u0259biidir ki, bug\u00fcnk\u00fc M\u00fcst\u0259qil Az\u0259rbaycan Heyd\u0259r \u018fliyevin \u015fah \u0259s\u0259ri adland\u0131r\u0131l\u0131r.<\/p>\n<p>Bildirilmi\u015fdir ki, \u00e7ox g\u0259rgin i\u015f rejimin\u0259 baxmayaraq Ulu \u00d6nd\u0259r Heyd\u0259r \u018fliyev tez-tez respublikan\u0131n b\u00f6lg\u0259l\u0259rind\u0259 olma\u011fa v\u0259 \u0259hali il\u0259 yerl\u0259rd\u0259 g\u00f6r\u00fc\u015fl\u0259r\u0259 d\u0259 vaxt tap\u0131rd\u0131. 29 may 1978-ci ild\u0259 Ulu \u00d6nd\u0259r Heyd\u0259r \u018fliyevin K\u00fcr \u00e7ay\u0131n\u0131n h\u0259ddind\u0259n \u00e7ox qalxmas\u0131 il\u0259 ba\u011fl\u0131 m\u0259hz Z\u0259rdaba s\u0259f\u0259rini v\u0259 onun xilaskarl\u0131q missiyas\u0131n\u0131 z\u0259rdabl\u0131lar bu g\u00fcn d\u0259 d\u0259rin minn\u0259tdarl\u0131q hissi il\u0259 xat\u0131rlay\u0131rlar. Qeyd olundu ki, Ulu \u00d6nd\u0259r Heyd\u0259r \u018fliyevin \u0259n b\u00f6y\u00fck xidm\u0259tl\u0259rind\u0259n biri d\u0259 \u00f6z\u00fcnd\u0259n sonra xalq\u0131na layiqinc\u0259 xidm\u0259t ed\u0259 bil\u0259c\u0259k bir siyasi varis yeti\u015fdirm\u0259sidir. 2003-c\u00fc, 2008-ci v\u0259 2013-c\u00fc ill\u0259rd\u0259 Ulu \u00d6nd\u0259rin layiqli varisi \u0130lham \u018fliyevin Az\u0259rbaycan Respublikas\u0131n\u0131n Prezidenti se\u00e7ilm\u0259si Heyd\u0259r \u018fliyev yolunun d\u00fczg\u00fcnl\u00fcy\u00fcn\u00fc, Heyd\u0259r \u018fliyev ideyalar\u0131n\u0131n \u00f6lm\u0259zliyini, bu siyasi kursun m\u00f6ht\u0259r\u0259m Prezidentimiz t\u0259r\u0259find\u0259n u\u011furla davam etdirilm\u0259sini bir daha t\u0259sdiql\u0259mi\u015fdir. \u00d6lk\u0259 Prezidentinin h\u0259yata ke\u00e7irdiyi d\u00fczg\u00fcn sosial-iqtisadi inki\u015faf strategiyas\u0131 n\u0259tic\u0259sind\u0259 \u00f6lk\u0259miz g\u00fcn\u00fc-g\u00fcnd\u0259n inki\u015faf edir, \u00e7i\u00e7\u0259kl\u0259nir. Natiq qeyd etmi\u015fdir ki, Ulu \u00d6nd\u0259rimiz Heyd\u0259r \u018fliyevin \u0259ziz xatir\u0259si b\u00fct\u00fcn Az\u0259rbaycan xalq\u0131 kimi z\u0259rdabl\u0131lar\u0131n da q\u0259lbind\u0259 \u0259b\u0259di ya\u015fayacaq v\u0259 Az\u0259rbaycan xalq\u0131n\u0131 daha xo\u015fb\u0259xt g\u00fcnl\u0259r\u0259 qovu\u015fduracaqd\u0131r.<\/p>\n<p>Daha sonra rayon \u0259razisind\u0259ki t\u0259hsil, m\u0259d\u0259ni-maarif m\u00fc\u0259ssis\u0259l\u0259rinin, u\u015faq ba\u011f\u00e7alar\u0131n\u0131n b\u0259dii \u00f6zf\u0259aliyy\u0259t yarad\u0131c\u0131l\u0131qlar\u0131 il\u0259 tan\u0131\u015fl\u0131q olmu\u015fdur. Parkda t\u0259\u015fkil olunmu\u015f kitab bayram\u0131 v\u0259 g\u00fcl bayram\u0131 i\u015ftirak\u00e7\u0131lara xo\u015f anlar ya\u015fatm\u0131\u015fd\u0131r.<\/p>\n<p>T\u0259dbirl\u0259r b\u00f6y\u00fck konsert proqram\u0131 il\u0259 davam etdirilmi\u015fdir.<\/p>\n<p><strong>Z\u0259rdab Rayon \u0130cra Hakimiyy\u0259ti<\/strong><\/p>\n<p><a href=\"http:\/\/www.zerdab.com\/z%c9%99rdabda-ulu-ond%c9%99rin-anadan-olmasinin-ildonumu-qeyd-olundu\/z%c9%99rdab-rayonu3-24\/\" rel=\"attachment wp-att-19486\"><img loading=\"lazy\" decoding=\"async\" class=\"aligncenter size-large wp-image-19486\" src=\"http:\/\/www.zerdab.com\/wp-content\/uploads\/2015\/05\/Z\u0259rdab-rayonu32-550x365.jpg\" alt=\"Z\u0259rdab rayonu\" width=\"550\" height=\"365\" \/><\/a> <a href=\"http:\/\/www.zerdab.com\/z%c9%99rdabda-ulu-ond%c9%99rin-anadan-olmasinin-ildonumu-qeyd-olundu\/z%c9%99rdab-rayonu4-22\/\" rel=\"attachment wp-att-19487\"><img loading=\"lazy\" decoding=\"async\" class=\"aligncenter size-large wp-image-19487\" src=\"http:\/\/www.zerdab.com\/wp-content\/uploads\/2015\/05\/Z\u0259rdab-rayonu42-550x365.jpg\" alt=\"Z\u0259rdab rayonu\" width=\"550\" height=\"365\" \/><\/a> <a href=\"http:\/\/www.zerdab.com\/z%c9%99rdabda-ulu-ond%c9%99rin-anadan-olmasinin-ildonumu-qeyd-olundu\/z%c9%99rdab-rayonu5-17\/\" rel=\"attachment wp-att-19488\"><img loading=\"lazy\" decoding=\"async\" class=\"aligncenter size-large wp-image-19488\" src=\"http:\/\/www.zerdab.com\/wp-content\/uploads\/2015\/05\/Z\u0259rdab-rayonu52-550x365.jpg\" alt=\"Z\u0259rdab rayonu\" width=\"550\" height=\"365\" \/><\/a> <a href=\"http:\/\/www.zerdab.com\/z%c9%99rdabda-ulu-ond%c9%99rin-anadan-olmasinin-ildonumu-qeyd-olundu\/z%c9%99rdab-rayonu6-14\/\" rel=\"attachment wp-att-19489\"><img loading=\"lazy\" decoding=\"async\" class=\"aligncenter size-large wp-image-19489\" src=\"http:\/\/www.zerdab.com\/wp-content\/uploads\/2015\/05\/Z\u0259rdab-rayonu61-550x365.jpg\" alt=\"Z\u0259rdab rayonu\" width=\"550\" height=\"365\" \/><\/a> <a href=\"http:\/\/www.zerdab.com\/z%c9%99rdabda-ulu-ond%c9%99rin-anadan-olmasinin-ildonumu-qeyd-olundu\/z%c9%99rdab-rayonu7-9\/\" rel=\"attachment wp-att-19490\"><img loading=\"lazy\" decoding=\"async\" class=\"aligncenter size-large wp-image-19490\" src=\"http:\/\/www.zerdab.com\/wp-content\/uploads\/2015\/05\/Z\u0259rdab-rayonu71-550x377.jpg\" alt=\"Z\u0259rdab rayonu\" width=\"550\" height=\"377\" \/><\/a>\u00a0 <a href=\"http:\/\/www.zerdab.com\/z%c9%99rdabda-ulu-ond%c9%99rin-anadan-olmasinin-ildonumu-qeyd-olundu\/z%c9%99rdab-rayonu9-9\/\" rel=\"attachment wp-att-19492\"><img loading=\"lazy\" decoding=\"async\" class=\"aligncenter size-large wp-image-19492\" src=\"http:\/\/www.zerdab.com\/wp-content\/uploads\/2015\/05\/Z\u0259rdab-rayonu91-550x365.jpg\" alt=\"Z\u0259rdab rayonu\" width=\"550\" height=\"365\" \/><\/a> <a href=\"http:\/\/www.zerdab.com\/z%c9%99rdabda-ulu-ond%c9%99rin-anadan-olmasinin-ildonumu-qeyd-olundu\/z%c9%99rdab-rayonu10-8\/\" rel=\"attachment wp-att-19493\"><img loading=\"lazy\" decoding=\"async\" class=\"aligncenter size-large wp-image-19493\" src=\"http:\/\/www.zerdab.com\/wp-content\/uploads\/2015\/05\/Z\u0259rdab-rayonu101-550x365.jpg\" alt=\"Z\u0259rdab rayonu\" width=\"550\" height=\"365\" \/><\/a> <a href=\"http:\/\/www.zerdab.com\/z%c9%99rdabda-ulu-ond%c9%99rin-anadan-olmasinin-ildonumu-qeyd-olundu\/z%c9%99rdab-rayonu11-3\/\" rel=\"attachment wp-att-19494\"><img loading=\"lazy\" decoding=\"async\" class=\"aligncenter size-large wp-image-19494\" src=\"http:\/\/www.zerdab.com\/wp-content\/uploads\/2015\/05\/Z\u0259rdab-rayonu111-550x365.jpg\" alt=\"Z\u0259rdab rayonu\" width=\"550\" height=\"365\" \/><\/a> <a href=\"http:\/\/www.zerdab.com\/z%c9%99rdabda-ulu-ond%c9%99rin-anadan-olmasinin-ildonumu-qeyd-olundu\/z%c9%99rdab-rayonu12-3\/\" rel=\"attachment wp-att-19495\"><img loading=\"lazy\" decoding=\"async\" class=\"aligncenter size-large wp-image-19495\" src=\"http:\/\/www.zerdab.com\/wp-content\/uploads\/2015\/05\/Z\u0259rdab-rayonu121-550x365.jpg\" alt=\"Z\u0259rdab rayonu\" width=\"550\" height=\"365\" \/><\/a> <a href=\"http:\/\/www.zerdab.com\/z%c9%99rdabda-ulu-ond%c9%99rin-anadan-olmasinin-ildonumu-qeyd-olundu\/z%c9%99rdab-rayonu13-2\/\" rel=\"attachment wp-att-19496\"><img loading=\"lazy\" decoding=\"async\" class=\"aligncenter size-large wp-image-19496\" src=\"http:\/\/www.zerdab.com\/wp-content\/uploads\/2015\/05\/Z\u0259rdab-rayonu131-550x365.jpg\" alt=\"Z\u0259rdab rayonu13\" width=\"550\" height=\"365\" \/><\/a> <a href=\"http:\/\/www.zerdab.com\/z%c9%99rdabda-ulu-ond%c9%99rin-anadan-olmasinin-ildonumu-qeyd-olundu\/z%c9%99rdab-rayonu14-2\/\" rel=\"attachment wp-att-19497\"><img loading=\"lazy\" decoding=\"async\" class=\"aligncenter size-large wp-image-19497\" src=\"http:\/\/www.zerdab.com\/wp-content\/uploads\/2015\/05\/Z\u0259rdab-rayonu141-550x365.jpg\" alt=\"Z\u0259rdab rayonu14\" width=\"550\" height=\"365\" \/><\/a> <a href=\"http:\/\/www.zerdab.com\/z%c9%99rdabda-ulu-ond%c9%99rin-anadan-olmasinin-ildonumu-qeyd-olundu\/z%c9%99rdab-rayonu15\/\" rel=\"attachment wp-att-19498\"><img loading=\"lazy\" decoding=\"async\" class=\"aligncenter size-large wp-image-19498\" src=\"http:\/\/www.zerdab.com\/wp-content\/uploads\/2015\/05\/Z\u0259rdab-rayonu151-365x550.jpg\" alt=\"Z\u0259rdab rayonu15\" width=\"365\" height=\"550\" \/><\/a> <a href=\"http:\/\/www.zerdab.com\/z%c9%99rdabda-ulu-ond%c9%99rin-anadan-olmasinin-ildonumu-qeyd-olundu\/z%c9%99rdab-rayonu16\/\" rel=\"attachment wp-att-19499\"><img loading=\"lazy\" decoding=\"async\" class=\"aligncenter size-large wp-image-19499\" src=\"http:\/\/www.zerdab.com\/wp-content\/uploads\/2015\/05\/Z\u0259rdab-rayonu161-550x408.jpg\" alt=\"Z\u0259rdab rayonu16\" width=\"550\" height=\"408\" \/><\/a> <a href=\"http:\/\/www.zerdab.com\/z%c9%99rdabda-ulu-ond%c9%99rin-anadan-olmasinin-ildonumu-qeyd-olundu\/z%c9%99rdab-rayonu17\/\" rel=\"attachment wp-att-19500\"><img loading=\"lazy\" decoding=\"async\" class=\"aligncenter size-large wp-image-19500\" src=\"http:\/\/www.zerdab.com\/wp-content\/uploads\/2015\/05\/Z\u0259rdab-rayonu17-550x365.jpg\" alt=\"Z\u0259rdab rayonu17\" width=\"550\" height=\"365\" \/><\/a><a href=\"http:\/\/www.zerdab.com\/z%c9%99rdabda-ulu-ond%c9%99rin-anadan-olmasinin-ildonumu-qeyd-olundu\/z%c9%99rdab-rayonu-97\/\" rel=\"attachment wp-att-19483\"><img loading=\"lazy\" decoding=\"async\" class=\"aligncenter size-large wp-image-19483\" src=\"http:\/\/www.zerdab.com\/wp-content\/uploads\/2015\/05\/Z\u0259rdab-rayonu15-550x365.jpg\" alt=\"Z\u0259rdab rayonu\" width=\"550\" height=\"365\" \/><\/a><\/p>\n","protected":false},"excerpt":{"rendered":"<p>Z\u0259rdab Rayon \u0130cra Hakimiyy\u0259tind\u0259 t\u0259sdiq olunmu\u015f t\u0259dbirl\u0259r plan\u0131na uy\u011fun olaraq Ulu \u00d6nd\u0259r Heyd\u0259r \u018fliyevin anadan olmas\u0131n\u0131n 92-ci ild\u00f6n\u00fcm\u00fc m\u00fcnasib\u0259til\u0259 rayonda silsil\u0259 t\u0259dbirl\u0259r ke\u00e7irilmi\u015fdir. Rayonun \u018flv\u0259nd k\u0259ndind\u0259 \u0259sasl\u0131 t\u0259mir olunmu\u015f tam orta m\u0259kt\u0259b binas\u0131n\u0131n a\u00e7\u0131l\u0131\u015f m\u0259rasimi olmu\u015fdur. M\u0259rasimd\u0259 Z\u0259rdab Rayon \u0130cra Hakimiyy\u0259tinin ba\u015f\u00e7\u0131s\u0131 L\u00fctv\u0259li Babayev i\u015ftirak v\u0259 \u00e7\u0131x\u0131\u015f etmi\u015fdir. Daha sonra t\u0259dbirl\u0259r Heyd\u0259r \u018fliyev park\u0131nda davam [&hellip;]<\/p>\n","protected":false},"author":1,"featured_media":0,"comment_status":"open","ping_status":"open","sticky":false,"template":"","format":"standard","meta":{"footnotes":""},"categories":[21],"tags":[],"class_list":{"0":"post-19482","1":"post","2":"type-post","3":"status-publish","4":"format-standard","6":"category-zrdab"},"yoast_head":"<!-- This site is optimized with the Yoast SEO plugin v27.0 - https:\/\/yoast.com\/product\/yoast-seo-wordpress\/ -->\n<title>Z\u0259rdabda Ulu \u00d6nd\u0259rin anadan olmas\u0131n\u0131n ild\u00f6n\u00fcm\u00fc qeyd olundu - Z\u0259rdab.com<\/title>\n<meta name=\"robots\" content=\"index, follow, max-snippet:-1, max-image-preview:large, max-video-preview:-1\" \/>\n<link rel=\"canonical\" href=\"https:\/\/www.zerdab.com\/?p=19482\" \/>\n<meta property=\"og:locale\" content=\"az_AZ\" \/>\n<meta property=\"og:type\" content=\"article\" \/>\n<meta property=\"og:title\" content=\"Z\u0259rdabda Ulu \u00d6nd\u0259rin anadan olmas\u0131n\u0131n ild\u00f6n\u00fcm\u00fc qeyd olundu - Z\u0259rdab.com\" \/>\n<meta property=\"og:description\" content=\"Z\u0259rdab Rayon \u0130cra Hakimiyy\u0259tind\u0259 t\u0259sdiq olunmu\u015f t\u0259dbirl\u0259r plan\u0131na uy\u011fun olaraq Ulu \u00d6nd\u0259r Heyd\u0259r \u018fliyevin anadan olmas\u0131n\u0131n 92-ci ild\u00f6n\u00fcm\u00fc m\u00fcnasib\u0259til\u0259 rayonda silsil\u0259 t\u0259dbirl\u0259r ke\u00e7irilmi\u015fdir. Rayonun \u018flv\u0259nd k\u0259ndind\u0259 \u0259sasl\u0131 t\u0259mir olunmu\u015f tam orta m\u0259kt\u0259b binas\u0131n\u0131n a\u00e7\u0131l\u0131\u015f m\u0259rasimi olmu\u015fdur. M\u0259rasimd\u0259 Z\u0259rdab Rayon \u0130cra Hakimiyy\u0259tinin ba\u015f\u00e7\u0131s\u0131 L\u00fctv\u0259li Babayev i\u015ftirak v\u0259 \u00e7\u0131x\u0131\u015f etmi\u015fdir. Daha sonra t\u0259dbirl\u0259r Heyd\u0259r \u018fliyev park\u0131nda davam [&hellip;]\" \/>\n<meta property=\"og:url\" content=\"https:\/\/www.zerdab.com\/?p=19482\" \/>\n<meta property=\"og:site_name\" content=\"Z\u0259rdab.com\" \/>\n<meta property=\"article:published_time\" content=\"2015-05-10T17:22:36+00:00\" \/>\n<meta property=\"article:modified_time\" content=\"2015-05-10T17:22:40+00:00\" \/>\n<meta name=\"author\" content=\"admin\" \/>\n<meta name=\"twitter:card\" content=\"summary_large_image\" \/>\n<meta name=\"twitter:label1\" content=\"Written by\" \/>\n\t<meta name=\"twitter:data1\" content=\"admin\" \/>\n\t<meta name=\"twitter:label2\" content=\"Est. reading time\" \/>\n\t<meta name=\"twitter:data2\" content=\"4 minutes\" \/>\n<script type=\"application\/ld+json\" class=\"yoast-schema-graph\">{\"@context\":\"https:\/\/schema.org\",\"@graph\":[{\"@type\":\"Article\",\"@id\":\"https:\/\/www.zerdab.com\/?p=19482#article\",\"isPartOf\":{\"@id\":\"https:\/\/www.zerdab.com\/?p=19482\"},\"author\":{\"name\":\"admin\",\"@id\":\"https:\/\/www.zerdab.com\/#\/schema\/person\/97079b7570c1e89ec0d9e138c3672136\"},\"headline\":\"Z\u0259rdabda Ulu \u00d6nd\u0259rin anadan olmas\u0131n\u0131n ild\u00f6n\u00fcm\u00fc qeyd olundu\",\"datePublished\":\"2015-05-10T17:22:36+00:00\",\"dateModified\":\"2015-05-10T17:22:40+00:00\",\"mainEntityOfPage\":{\"@id\":\"https:\/\/www.zerdab.com\/?p=19482\"},\"wordCount\":768,\"commentCount\":0,\"articleSection\":[\"C\u018fM\u0130YY\u018fT\"],\"inLanguage\":\"az\",\"potentialAction\":[{\"@type\":\"CommentAction\",\"name\":\"Comment\",\"target\":[\"https:\/\/www.zerdab.com\/?p=19482#respond\"]}]},{\"@type\":\"WebPage\",\"@id\":\"https:\/\/www.zerdab.com\/?p=19482\",\"url\":\"https:\/\/www.zerdab.com\/?p=19482\",\"name\":\"Z\u0259rdabda Ulu \u00d6nd\u0259rin anadan olmas\u0131n\u0131n ild\u00f6n\u00fcm\u00fc qeyd olundu - Z\u0259rdab.com\",\"isPartOf\":{\"@id\":\"https:\/\/www.zerdab.com\/#website\"},\"datePublished\":\"2015-05-10T17:22:36+00:00\",\"dateModified\":\"2015-05-10T17:22:40+00:00\",\"author\":{\"@id\":\"https:\/\/www.zerdab.com\/#\/schema\/person\/97079b7570c1e89ec0d9e138c3672136\"},\"breadcrumb\":{\"@id\":\"https:\/\/www.zerdab.com\/?p=19482#breadcrumb\"},\"inLanguage\":\"az\",\"potentialAction\":[{\"@type\":\"ReadAction\",\"target\":[\"https:\/\/www.zerdab.com\/?p=19482\"]}]},{\"@type\":\"BreadcrumbList\",\"@id\":\"https:\/\/www.zerdab.com\/?p=19482#breadcrumb\",\"itemListElement\":[{\"@type\":\"ListItem\",\"position\":1,\"name\":\"Home\",\"item\":\"https:\/\/www.zerdab.com\/\"},{\"@type\":\"ListItem\",\"position\":2,\"name\":\"Z\u0259rdabda Ulu \u00d6nd\u0259rin anadan olmas\u0131n\u0131n ild\u00f6n\u00fcm\u00fc qeyd olundu\"}]},{\"@type\":\"WebSite\",\"@id\":\"https:\/\/www.zerdab.com\/#website\",\"url\":\"https:\/\/www.zerdab.com\/\",\"name\":\"Z\u0259rdab.com\",\"description\":\"\",\"potentialAction\":[{\"@type\":\"SearchAction\",\"target\":{\"@type\":\"EntryPoint\",\"urlTemplate\":\"https:\/\/www.zerdab.com\/?s={search_term_string}\"},\"query-input\":{\"@type\":\"PropertyValueSpecification\",\"valueRequired\":true,\"valueName\":\"search_term_string\"}}],\"inLanguage\":\"az\"},{\"@type\":\"Person\",\"@id\":\"https:\/\/www.zerdab.com\/#\/schema\/person\/97079b7570c1e89ec0d9e138c3672136\",\"name\":\"admin\",\"image\":{\"@type\":\"ImageObject\",\"inLanguage\":\"az\",\"@id\":\"https:\/\/www.zerdab.com\/#\/schema\/person\/image\/\",\"url\":\"https:\/\/secure.gravatar.com\/avatar\/d9c52a9a27c32119cb6679a077fa3e2779e5f822c451cbf01098004361d466ec?s=96&d=mm&r=g\",\"contentUrl\":\"https:\/\/secure.gravatar.com\/avatar\/d9c52a9a27c32119cb6679a077fa3e2779e5f822c451cbf01098004361d466ec?s=96&d=mm&r=g\",\"caption\":\"admin\"},\"url\":\"https:\/\/www.zerdab.com\/?author=1\"}]}<\/script>\n<!-- \/ Yoast SEO plugin. -->","yoast_head_json":{"title":"Z\u0259rdabda Ulu \u00d6nd\u0259rin anadan olmas\u0131n\u0131n ild\u00f6n\u00fcm\u00fc qeyd olundu - Z\u0259rdab.com","robots":{"index":"index","follow":"follow","max-snippet":"max-snippet:-1","max-image-preview":"max-image-preview:large","max-video-preview":"max-video-preview:-1"},"canonical":"https:\/\/www.zerdab.com\/?p=19482","og_locale":"az_AZ","og_type":"article","og_title":"Z\u0259rdabda Ulu \u00d6nd\u0259rin anadan olmas\u0131n\u0131n ild\u00f6n\u00fcm\u00fc qeyd olundu - Z\u0259rdab.com","og_description":"Z\u0259rdab Rayon \u0130cra Hakimiyy\u0259tind\u0259 t\u0259sdiq olunmu\u015f t\u0259dbirl\u0259r plan\u0131na uy\u011fun olaraq Ulu \u00d6nd\u0259r Heyd\u0259r \u018fliyevin anadan olmas\u0131n\u0131n 92-ci ild\u00f6n\u00fcm\u00fc m\u00fcnasib\u0259til\u0259 rayonda silsil\u0259 t\u0259dbirl\u0259r ke\u00e7irilmi\u015fdir. Rayonun \u018flv\u0259nd k\u0259ndind\u0259 \u0259sasl\u0131 t\u0259mir olunmu\u015f tam orta m\u0259kt\u0259b binas\u0131n\u0131n a\u00e7\u0131l\u0131\u015f m\u0259rasimi olmu\u015fdur. M\u0259rasimd\u0259 Z\u0259rdab Rayon \u0130cra Hakimiyy\u0259tinin ba\u015f\u00e7\u0131s\u0131 L\u00fctv\u0259li Babayev i\u015ftirak v\u0259 \u00e7\u0131x\u0131\u015f etmi\u015fdir. Daha sonra t\u0259dbirl\u0259r Heyd\u0259r \u018fliyev park\u0131nda davam [&hellip;]","og_url":"https:\/\/www.zerdab.com\/?p=19482","og_site_name":"Z\u0259rdab.com","article_published_time":"2015-05-10T17:22:36+00:00","article_modified_time":"2015-05-10T17:22:40+00:00","author":"admin","twitter_card":"summary_large_image","twitter_misc":{"Written by":"admin","Est. reading time":"4 minutes"},"schema":{"@context":"https:\/\/schema.org","@graph":[{"@type":"Article","@id":"https:\/\/www.zerdab.com\/?p=19482#article","isPartOf":{"@id":"https:\/\/www.zerdab.com\/?p=19482"},"author":{"name":"admin","@id":"https:\/\/www.zerdab.com\/#\/schema\/person\/97079b7570c1e89ec0d9e138c3672136"},"headline":"Z\u0259rdabda Ulu \u00d6nd\u0259rin anadan olmas\u0131n\u0131n ild\u00f6n\u00fcm\u00fc qeyd olundu","datePublished":"2015-05-10T17:22:36+00:00","dateModified":"2015-05-10T17:22:40+00:00","mainEntityOfPage":{"@id":"https:\/\/www.zerdab.com\/?p=19482"},"wordCount":768,"commentCount":0,"articleSection":["C\u018fM\u0130YY\u018fT"],"inLanguage":"az","potentialAction":[{"@type":"CommentAction","name":"Comment","target":["https:\/\/www.zerdab.com\/?p=19482#respond"]}]},{"@type":"WebPage","@id":"https:\/\/www.zerdab.com\/?p=19482","url":"https:\/\/www.zerdab.com\/?p=19482","name":"Z\u0259rdabda Ulu \u00d6nd\u0259rin anadan olmas\u0131n\u0131n ild\u00f6n\u00fcm\u00fc qeyd olundu - Z\u0259rdab.com","isPartOf":{"@id":"https:\/\/www.zerdab.com\/#website"},"datePublished":"2015-05-10T17:22:36+00:00","dateModified":"2015-05-10T17:22:40+00:00","author":{"@id":"https:\/\/www.zerdab.com\/#\/schema\/person\/97079b7570c1e89ec0d9e138c3672136"},"breadcrumb":{"@id":"https:\/\/www.zerdab.com\/?p=19482#breadcrumb"},"inLanguage":"az","potentialAction":[{"@type":"ReadAction","target":["https:\/\/www.zerdab.com\/?p=19482"]}]},{"@type":"BreadcrumbList","@id":"https:\/\/www.zerdab.com\/?p=19482#breadcrumb","itemListElement":[{"@type":"ListItem","position":1,"name":"Home","item":"https:\/\/www.zerdab.com\/"},{"@type":"ListItem","position":2,"name":"Z\u0259rdabda Ulu \u00d6nd\u0259rin anadan olmas\u0131n\u0131n ild\u00f6n\u00fcm\u00fc qeyd olundu"}]},{"@type":"WebSite","@id":"https:\/\/www.zerdab.com\/#website","url":"https:\/\/www.zerdab.com\/","name":"Z\u0259rdab.com","description":"","potentialAction":[{"@type":"SearchAction","target":{"@type":"EntryPoint","urlTemplate":"https:\/\/www.zerdab.com\/?s={search_term_string}"},"query-input":{"@type":"PropertyValueSpecification","valueRequired":true,"valueName":"search_term_string"}}],"inLanguage":"az"},{"@type":"Person","@id":"https:\/\/www.zerdab.com\/#\/schema\/person\/97079b7570c1e89ec0d9e138c3672136","name":"admin","image":{"@type":"ImageObject","inLanguage":"az","@id":"https:\/\/www.zerdab.com\/#\/schema\/person\/image\/","url":"https:\/\/secure.gravatar.com\/avatar\/d9c52a9a27c32119cb6679a077fa3e2779e5f822c451cbf01098004361d466ec?s=96&d=mm&r=g","contentUrl":"https:\/\/secure.gravatar.com\/avatar\/d9c52a9a27c32119cb6679a077fa3e2779e5f822c451cbf01098004361d466ec?s=96&d=mm&r=g","caption":"admin"},"url":"https:\/\/www.zerdab.com\/?author=1"}]}},"_links":{"self":[{"href":"https:\/\/www.zerdab.com\/index.php?rest_route=\/wp\/v2\/posts\/19482","targetHints":{"allow":["GET"]}}],"collection":[{"href":"https:\/\/www.zerdab.com\/index.php?rest_route=\/wp\/v2\/posts"}],"about":[{"href":"https:\/\/www.zerdab.com\/index.php?rest_route=\/wp\/v2\/types\/post"}],"author":[{"embeddable":true,"href":"https:\/\/www.zerdab.com\/index.php?rest_route=\/wp\/v2\/users\/1"}],"replies":[{"embeddable":true,"href":"https:\/\/www.zerdab.com\/index.php?rest_route=%2Fwp%2Fv2%2Fcomments&post=19482"}],"version-history":[{"count":2,"href":"https:\/\/www.zerdab.com\/index.php?rest_route=\/wp\/v2\/posts\/19482\/revisions"}],"predecessor-version":[{"id":19502,"href":"https:\/\/www.zerdab.com\/index.php?rest_route=\/wp\/v2\/posts\/19482\/revisions\/19502"}],"wp:attachment":[{"href":"https:\/\/www.zerdab.com\/index.php?rest_route=%2Fwp%2Fv2%2Fmedia&parent=19482"}],"wp:term":[{"taxonomy":"category","embeddable":true,"href":"https:\/\/www.zerdab.com\/index.php?rest_route=%2Fwp%2Fv2%2Fcategories&post=19482"},{"taxonomy":"post_tag","embeddable":true,"href":"https:\/\/www.zerdab.com\/index.php?rest_route=%2Fwp%2Fv2%2Ftags&post=19482"}],"curies":[{"name":"wp","href":"https:\/\/api.w.org\/{rel}","templated":true}]}}