{"id":19503,"date":"2015-05-11T12:28:49","date_gmt":"2015-05-11T07:28:49","guid":{"rendered":"http:\/\/www.zerdab.com\/?p=19503"},"modified":"2015-05-11T12:28:54","modified_gmt":"2015-05-11T07:28:54","slug":"z%c9%99rdabin-futbol-uzr%c9%99-cempion-komandasi-m%c9%99lum-oldu-fotolar","status":"publish","type":"post","link":"https:\/\/www.zerdab.com\/?p=19503","title":{"rendered":"Z\u0259rdab\u0131n futbol \u00fczr\u0259 \u00e7empion komandas\u0131 m\u0259lum oldu &#8211; FOTOLAR"},"content":{"rendered":"<p><a href=\"http:\/\/www.zerdab.com\/z%c9%99rdabin-futbol-uzr%c9%99-cempion-komandasi-m%c9%99lum-oldu-fotolar\/z%c9%99rdab-futbol1-3\/\" rel=\"attachment wp-att-19505\"><img loading=\"lazy\" decoding=\"async\" class=\"aligncenter size-large wp-image-19505\" src=\"http:\/\/www.zerdab.com\/wp-content\/uploads\/2015\/05\/Z\u0259rdab-futbol1-550x413.jpg\" alt=\"Z\u0259rdab-futbol1\" width=\"550\" height=\"413\" \/><\/a> <a href=\"http:\/\/www.zerdab.com\/z%c9%99rdabin-futbol-uzr%c9%99-cempion-komandasi-m%c9%99lum-oldu-fotolar\/z%c9%99rdab-futbol2-3\/\" rel=\"attachment wp-att-19506\"><br \/>\n<\/a>\u00dcmummilli Lider Heyd\u0259r \u018fliyevin anadan olmas\u0131n\u0131n 92-ci ild\u00f6n\u00fcm\u00fcn\u0259 h\u0259sr olunmu\u015f futbol idman n\u00f6v\u00fc \u00fczr\u0259 rayon \u00e7empionat\u0131na yekun vuruldu.\u00a0Yeni Az\u0259rbaycan Partiyas\u0131 Z\u0259rdab Rayon T\u0259\u015fkilat\u0131n\u0131n, Z\u0259rdab Rayon G\u0259ncl\u0259r v\u0259 \u0130dman \u0130dar\u0259sinin v\u0259 Region G\u0259ncl\u0259rinin \u0130nki\u015faf\u0131na T\u00f6hf\u0259 \u0130ctimai Birliyinin birg\u0259 t\u0259\u015fkilat\u00e7\u0131l\u0131\u011f\u0131 il\u0259 ke\u00e7iril\u0259n \u00dcmummilli Lider Heyd\u0259r \u018fliyevin anadan olmas\u0131n\u0131n 92-ci ild\u00f6n\u00fcm\u00fcn\u0259 h\u0259sr olunmu\u015f futbol idman n\u00f6v\u00fc \u00fczr\u0259 rayon \u00e7empionat\u0131na yekun vuruldu. G\u0259rgin m\u00fcbariz\u0259l\u0259r v\u0259 maraql\u0131 qar\u015f\u0131la\u015fmalarla yadda qalan Rayon Polis \u015e\u00f6b\u0259sinin v\u0259 Xanm\u0259mm\u0259dli k\u0259nd komandas\u0131n\u0131n yar\u0131\u015fd\u0131\u011f\u0131 final oyununda birinci v\u0259 ikinci hiss\u0259l\u0259rd\u0259 qap\u0131lara top vurulmad\u0131. Oyunun \u0259sas vaxt\u0131na \u0259lav\u0259 olunmu\u015f ikinci 15 d\u0259qiq\u0259d\u0259 Rayon Polis \u015e\u00f6b\u0259sinin komandas\u0131 2-0 hesab\u0131 il\u0259 \u00fcst\u00fcnl\u00fck \u0259ld\u0259 ed\u0259r\u0259k \u00e7empionat\u0131n qalibi ad\u0131n\u0131 qazand\u0131.<br \/>\n\u00c7empionat\u0131n ba\u011flan\u0131\u015f m\u0259rasimind\u0259 i\u015ftirak v\u0259 \u00e7\u0131x\u0131\u015f ed\u0259n Yeni Az\u0259rbaycan Partiyas\u0131 Z\u0259rdab Rayon T\u0259\u015fkilat\u0131n\u0131n s\u0259dri P\u0259rvin Mahmudova v\u0259 Z\u0259rdab Rayon G\u0259ncl\u0259r v\u0259 \u0130dman \u0130dar\u0259sinin r\u0259isi \u0130lkin \u018fliyev qalibl\u0259ri t\u0259brik ed\u0259r\u0259k g\u0259l\u0259c\u0259k f\u0259aliyy\u0259tl\u0259rind\u0259 u\u011furlar arzu etdil\u0259r. Qeyd ed\u0259k ki, 1-ciyeri tutmu\u015f Rayon Polis \u015e\u00f6b\u0259sinin komandas\u0131na kubok, pul m\u00fckafat\u0131 v\u0259 diplomlar, ikinci yeri tutmu\u015f Xanm\u0259mm\u0259dli k\u0259ndinin komandas\u0131na pul m\u00fckafat\u0131 v\u0259 diplomlar, h\u0259m\u00e7inin \u00e7empionatda i\u015ftirak etmi\u015f komandalara m\u00fcxt\u0259lif nominasiyalar \u00fczr\u0259 diplomlar t\u0259qdim olundu. Qalib olmu\u015f komandalar\u0131 \u00e7empionat\u0131n t\u0259\u015fkilat\u00e7\u0131lar\u0131 ad\u0131ndan t\u0259brik edirik.<\/p>\n<p><strong>Z\u0259rdab Rayon G\u0259ncl\u0259r v\u0259 \u0130dman \u0130dar\u0259si<a href=\"http:\/\/www.zerdab.com\/z%c9%99rdabin-futbol-uzr%c9%99-cempion-komandasi-m%c9%99lum-oldu-fotolar\/z%c9%99rdab-futbol2-3\/\" rel=\"attachment wp-att-19506\"><img loading=\"lazy\" decoding=\"async\" class=\"aligncenter size-large wp-image-19506\" src=\"http:\/\/www.zerdab.com\/wp-content\/uploads\/2015\/05\/Z\u0259rdab-futbol2-550x413.jpg\" alt=\"Z\u0259rdab-futbol2\" width=\"550\" height=\"413\" \/><\/a><a href=\"http:\/\/www.zerdab.com\/z%c9%99rdabin-futbol-uzr%c9%99-cempion-komandasi-m%c9%99lum-oldu-fotolar\/z%c9%99rdab-futbol5-2\/\" rel=\"attachment wp-att-19509\"><img loading=\"lazy\" decoding=\"async\" class=\"aligncenter size-large wp-image-19509\" src=\"http:\/\/www.zerdab.com\/wp-content\/uploads\/2015\/05\/Z\u0259rdab-futbol5-550x413.jpg\" alt=\"Z\u0259rdab-futbol5\" width=\"550\" height=\"413\" \/><\/a><a href=\"http:\/\/www.zerdab.com\/z%c9%99rdabin-futbol-uzr%c9%99-cempion-komandasi-m%c9%99lum-oldu-fotolar\/z%c9%99rdab-futbol6-2\/\" rel=\"attachment wp-att-19510\"><img loading=\"lazy\" decoding=\"async\" class=\"aligncenter size-large wp-image-19510\" src=\"http:\/\/www.zerdab.com\/wp-content\/uploads\/2015\/05\/Z\u0259rdab-futbol6-550x413.jpg\" alt=\"Z\u0259rdab-futbol6\" width=\"550\" height=\"413\" \/><\/a><a href=\"http:\/\/www.zerdab.com\/z%c9%99rdabin-futbol-uzr%c9%99-cempion-komandasi-m%c9%99lum-oldu-fotolar\/z%c9%99rdab-futbol4-2\/\" rel=\"attachment wp-att-19508\"><img loading=\"lazy\" decoding=\"async\" class=\"aligncenter size-large wp-image-19508\" src=\"http:\/\/www.zerdab.com\/wp-content\/uploads\/2015\/05\/Z\u0259rdab-futbol4-550x413.jpg\" alt=\"Z\u0259rdab-futbol4\" width=\"550\" height=\"413\" \/><\/a><a href=\"http:\/\/www.zerdab.com\/z%c9%99rdabin-futbol-uzr%c9%99-cempion-komandasi-m%c9%99lum-oldu-fotolar\/z%c9%99rdab-futbol5-2\/\" rel=\"attachment wp-att-19509\"><img loading=\"lazy\" decoding=\"async\" class=\"aligncenter size-large wp-image-19509\" src=\"http:\/\/www.zerdab.com\/wp-content\/uploads\/2015\/05\/Z\u0259rdab-futbol5-550x413.jpg\" alt=\"Z\u0259rdab-futbol5\" width=\"550\" height=\"413\" \/><\/a><\/strong><\/p>\n","protected":false},"excerpt":{"rendered":"<p>\u00dcmummilli Lider Heyd\u0259r \u018fliyevin anadan olmas\u0131n\u0131n 92-ci ild\u00f6n\u00fcm\u00fcn\u0259 h\u0259sr olunmu\u015f futbol idman n\u00f6v\u00fc \u00fczr\u0259 rayon \u00e7empionat\u0131na yekun vuruldu.\u00a0Yeni Az\u0259rbaycan Partiyas\u0131 Z\u0259rdab Rayon T\u0259\u015fkilat\u0131n\u0131n, Z\u0259rdab Rayon G\u0259ncl\u0259r v\u0259 \u0130dman \u0130dar\u0259sinin v\u0259 Region G\u0259ncl\u0259rinin \u0130nki\u015faf\u0131na T\u00f6hf\u0259 \u0130ctimai Birliyinin birg\u0259 t\u0259\u015fkilat\u00e7\u0131l\u0131\u011f\u0131 il\u0259 ke\u00e7iril\u0259n \u00dcmummilli Lider Heyd\u0259r \u018fliyevin anadan olmas\u0131n\u0131n 92-ci ild\u00f6n\u00fcm\u00fcn\u0259 h\u0259sr olunmu\u015f futbol idman n\u00f6v\u00fc \u00fczr\u0259 rayon [&hellip;]<\/p>\n","protected":false},"author":1,"featured_media":0,"comment_status":"open","ping_status":"open","sticky":false,"template":"","format":"standard","meta":{"footnotes":""},"categories":[21],"tags":[],"class_list":{"0":"post-19503","1":"post","2":"type-post","3":"status-publish","4":"format-standard","6":"category-zrdab"},"yoast_head":"<!-- This site is optimized with the Yoast SEO plugin v27.0 - https:\/\/yoast.com\/product\/yoast-seo-wordpress\/ -->\n<title>Z\u0259rdab\u0131n futbol \u00fczr\u0259 \u00e7empion komandas\u0131 m\u0259lum oldu - FOTOLAR - Z\u0259rdab.com<\/title>\n<meta name=\"robots\" content=\"index, follow, max-snippet:-1, max-image-preview:large, max-video-preview:-1\" \/>\n<link rel=\"canonical\" href=\"https:\/\/www.zerdab.com\/?p=19503\" \/>\n<meta property=\"og:locale\" content=\"az_AZ\" \/>\n<meta property=\"og:type\" content=\"article\" \/>\n<meta property=\"og:title\" content=\"Z\u0259rdab\u0131n futbol \u00fczr\u0259 \u00e7empion komandas\u0131 m\u0259lum oldu - FOTOLAR - Z\u0259rdab.com\" \/>\n<meta property=\"og:description\" content=\"\u00dcmummilli Lider Heyd\u0259r \u018fliyevin anadan olmas\u0131n\u0131n 92-ci ild\u00f6n\u00fcm\u00fcn\u0259 h\u0259sr olunmu\u015f futbol idman n\u00f6v\u00fc \u00fczr\u0259 rayon \u00e7empionat\u0131na yekun vuruldu.\u00a0Yeni Az\u0259rbaycan Partiyas\u0131 Z\u0259rdab Rayon T\u0259\u015fkilat\u0131n\u0131n, Z\u0259rdab Rayon G\u0259ncl\u0259r v\u0259 \u0130dman \u0130dar\u0259sinin v\u0259 Region G\u0259ncl\u0259rinin \u0130nki\u015faf\u0131na T\u00f6hf\u0259 \u0130ctimai Birliyinin birg\u0259 t\u0259\u015fkilat\u00e7\u0131l\u0131\u011f\u0131 il\u0259 ke\u00e7iril\u0259n \u00dcmummilli Lider Heyd\u0259r \u018fliyevin anadan olmas\u0131n\u0131n 92-ci ild\u00f6n\u00fcm\u00fcn\u0259 h\u0259sr olunmu\u015f futbol idman n\u00f6v\u00fc \u00fczr\u0259 rayon [&hellip;]\" \/>\n<meta property=\"og:url\" content=\"https:\/\/www.zerdab.com\/?p=19503\" \/>\n<meta property=\"og:site_name\" content=\"Z\u0259rdab.com\" \/>\n<meta property=\"article:published_time\" content=\"2015-05-11T07:28:49+00:00\" \/>\n<meta property=\"article:modified_time\" content=\"2015-05-11T07:28:54+00:00\" \/>\n<meta name=\"author\" content=\"admin\" \/>\n<meta name=\"twitter:card\" content=\"summary_large_image\" \/>\n<meta name=\"twitter:label1\" content=\"Written by\" \/>\n\t<meta name=\"twitter:data1\" content=\"admin\" \/>\n\t<meta name=\"twitter:label2\" content=\"Est. reading time\" \/>\n\t<meta name=\"twitter:data2\" content=\"2 minutes\" \/>\n<script type=\"application\/ld+json\" class=\"yoast-schema-graph\">{\"@context\":\"https:\/\/schema.org\",\"@graph\":[{\"@type\":\"Article\",\"@id\":\"https:\/\/www.zerdab.com\/?p=19503#article\",\"isPartOf\":{\"@id\":\"https:\/\/www.zerdab.com\/?p=19503\"},\"author\":{\"name\":\"admin\",\"@id\":\"https:\/\/www.zerdab.com\/#\/schema\/person\/97079b7570c1e89ec0d9e138c3672136\"},\"headline\":\"Z\u0259rdab\u0131n futbol \u00fczr\u0259 \u00e7empion komandas\u0131 m\u0259lum oldu &#8211; FOTOLAR\",\"datePublished\":\"2015-05-11T07:28:49+00:00\",\"dateModified\":\"2015-05-11T07:28:54+00:00\",\"mainEntityOfPage\":{\"@id\":\"https:\/\/www.zerdab.com\/?p=19503\"},\"wordCount\":314,\"commentCount\":0,\"articleSection\":[\"C\u018fM\u0130YY\u018fT\"],\"inLanguage\":\"az\",\"potentialAction\":[{\"@type\":\"CommentAction\",\"name\":\"Comment\",\"target\":[\"https:\/\/www.zerdab.com\/?p=19503#respond\"]}]},{\"@type\":\"WebPage\",\"@id\":\"https:\/\/www.zerdab.com\/?p=19503\",\"url\":\"https:\/\/www.zerdab.com\/?p=19503\",\"name\":\"Z\u0259rdab\u0131n futbol \u00fczr\u0259 \u00e7empion komandas\u0131 m\u0259lum oldu - FOTOLAR - Z\u0259rdab.com\",\"isPartOf\":{\"@id\":\"https:\/\/www.zerdab.com\/#website\"},\"datePublished\":\"2015-05-11T07:28:49+00:00\",\"dateModified\":\"2015-05-11T07:28:54+00:00\",\"author\":{\"@id\":\"https:\/\/www.zerdab.com\/#\/schema\/person\/97079b7570c1e89ec0d9e138c3672136\"},\"breadcrumb\":{\"@id\":\"https:\/\/www.zerdab.com\/?p=19503#breadcrumb\"},\"inLanguage\":\"az\",\"potentialAction\":[{\"@type\":\"ReadAction\",\"target\":[\"https:\/\/www.zerdab.com\/?p=19503\"]}]},{\"@type\":\"BreadcrumbList\",\"@id\":\"https:\/\/www.zerdab.com\/?p=19503#breadcrumb\",\"itemListElement\":[{\"@type\":\"ListItem\",\"position\":1,\"name\":\"Home\",\"item\":\"https:\/\/www.zerdab.com\/\"},{\"@type\":\"ListItem\",\"position\":2,\"name\":\"Z\u0259rdab\u0131n futbol \u00fczr\u0259 \u00e7empion komandas\u0131 m\u0259lum oldu &#8211; FOTOLAR\"}]},{\"@type\":\"WebSite\",\"@id\":\"https:\/\/www.zerdab.com\/#website\",\"url\":\"https:\/\/www.zerdab.com\/\",\"name\":\"Z\u0259rdab.com\",\"description\":\"\",\"potentialAction\":[{\"@type\":\"SearchAction\",\"target\":{\"@type\":\"EntryPoint\",\"urlTemplate\":\"https:\/\/www.zerdab.com\/?s={search_term_string}\"},\"query-input\":{\"@type\":\"PropertyValueSpecification\",\"valueRequired\":true,\"valueName\":\"search_term_string\"}}],\"inLanguage\":\"az\"},{\"@type\":\"Person\",\"@id\":\"https:\/\/www.zerdab.com\/#\/schema\/person\/97079b7570c1e89ec0d9e138c3672136\",\"name\":\"admin\",\"image\":{\"@type\":\"ImageObject\",\"inLanguage\":\"az\",\"@id\":\"https:\/\/www.zerdab.com\/#\/schema\/person\/image\/\",\"url\":\"https:\/\/secure.gravatar.com\/avatar\/d9c52a9a27c32119cb6679a077fa3e2779e5f822c451cbf01098004361d466ec?s=96&d=mm&r=g\",\"contentUrl\":\"https:\/\/secure.gravatar.com\/avatar\/d9c52a9a27c32119cb6679a077fa3e2779e5f822c451cbf01098004361d466ec?s=96&d=mm&r=g\",\"caption\":\"admin\"},\"url\":\"https:\/\/www.zerdab.com\/?author=1\"}]}<\/script>\n<!-- \/ Yoast SEO plugin. -->","yoast_head_json":{"title":"Z\u0259rdab\u0131n futbol \u00fczr\u0259 \u00e7empion komandas\u0131 m\u0259lum oldu - FOTOLAR - Z\u0259rdab.com","robots":{"index":"index","follow":"follow","max-snippet":"max-snippet:-1","max-image-preview":"max-image-preview:large","max-video-preview":"max-video-preview:-1"},"canonical":"https:\/\/www.zerdab.com\/?p=19503","og_locale":"az_AZ","og_type":"article","og_title":"Z\u0259rdab\u0131n futbol \u00fczr\u0259 \u00e7empion komandas\u0131 m\u0259lum oldu - FOTOLAR - Z\u0259rdab.com","og_description":"\u00dcmummilli Lider Heyd\u0259r \u018fliyevin anadan olmas\u0131n\u0131n 92-ci ild\u00f6n\u00fcm\u00fcn\u0259 h\u0259sr olunmu\u015f futbol idman n\u00f6v\u00fc \u00fczr\u0259 rayon \u00e7empionat\u0131na yekun vuruldu.\u00a0Yeni Az\u0259rbaycan Partiyas\u0131 Z\u0259rdab Rayon T\u0259\u015fkilat\u0131n\u0131n, Z\u0259rdab Rayon G\u0259ncl\u0259r v\u0259 \u0130dman \u0130dar\u0259sinin v\u0259 Region G\u0259ncl\u0259rinin \u0130nki\u015faf\u0131na T\u00f6hf\u0259 \u0130ctimai Birliyinin birg\u0259 t\u0259\u015fkilat\u00e7\u0131l\u0131\u011f\u0131 il\u0259 ke\u00e7iril\u0259n \u00dcmummilli Lider Heyd\u0259r \u018fliyevin anadan olmas\u0131n\u0131n 92-ci ild\u00f6n\u00fcm\u00fcn\u0259 h\u0259sr olunmu\u015f futbol idman n\u00f6v\u00fc \u00fczr\u0259 rayon [&hellip;]","og_url":"https:\/\/www.zerdab.com\/?p=19503","og_site_name":"Z\u0259rdab.com","article_published_time":"2015-05-11T07:28:49+00:00","article_modified_time":"2015-05-11T07:28:54+00:00","author":"admin","twitter_card":"summary_large_image","twitter_misc":{"Written by":"admin","Est. reading time":"2 minutes"},"schema":{"@context":"https:\/\/schema.org","@graph":[{"@type":"Article","@id":"https:\/\/www.zerdab.com\/?p=19503#article","isPartOf":{"@id":"https:\/\/www.zerdab.com\/?p=19503"},"author":{"name":"admin","@id":"https:\/\/www.zerdab.com\/#\/schema\/person\/97079b7570c1e89ec0d9e138c3672136"},"headline":"Z\u0259rdab\u0131n futbol \u00fczr\u0259 \u00e7empion komandas\u0131 m\u0259lum oldu &#8211; FOTOLAR","datePublished":"2015-05-11T07:28:49+00:00","dateModified":"2015-05-11T07:28:54+00:00","mainEntityOfPage":{"@id":"https:\/\/www.zerdab.com\/?p=19503"},"wordCount":314,"commentCount":0,"articleSection":["C\u018fM\u0130YY\u018fT"],"inLanguage":"az","potentialAction":[{"@type":"CommentAction","name":"Comment","target":["https:\/\/www.zerdab.com\/?p=19503#respond"]}]},{"@type":"WebPage","@id":"https:\/\/www.zerdab.com\/?p=19503","url":"https:\/\/www.zerdab.com\/?p=19503","name":"Z\u0259rdab\u0131n futbol \u00fczr\u0259 \u00e7empion komandas\u0131 m\u0259lum oldu - FOTOLAR - Z\u0259rdab.com","isPartOf":{"@id":"https:\/\/www.zerdab.com\/#website"},"datePublished":"2015-05-11T07:28:49+00:00","dateModified":"2015-05-11T07:28:54+00:00","author":{"@id":"https:\/\/www.zerdab.com\/#\/schema\/person\/97079b7570c1e89ec0d9e138c3672136"},"breadcrumb":{"@id":"https:\/\/www.zerdab.com\/?p=19503#breadcrumb"},"inLanguage":"az","potentialAction":[{"@type":"ReadAction","target":["https:\/\/www.zerdab.com\/?p=19503"]}]},{"@type":"BreadcrumbList","@id":"https:\/\/www.zerdab.com\/?p=19503#breadcrumb","itemListElement":[{"@type":"ListItem","position":1,"name":"Home","item":"https:\/\/www.zerdab.com\/"},{"@type":"ListItem","position":2,"name":"Z\u0259rdab\u0131n futbol \u00fczr\u0259 \u00e7empion komandas\u0131 m\u0259lum oldu &#8211; FOTOLAR"}]},{"@type":"WebSite","@id":"https:\/\/www.zerdab.com\/#website","url":"https:\/\/www.zerdab.com\/","name":"Z\u0259rdab.com","description":"","potentialAction":[{"@type":"SearchAction","target":{"@type":"EntryPoint","urlTemplate":"https:\/\/www.zerdab.com\/?s={search_term_string}"},"query-input":{"@type":"PropertyValueSpecification","valueRequired":true,"valueName":"search_term_string"}}],"inLanguage":"az"},{"@type":"Person","@id":"https:\/\/www.zerdab.com\/#\/schema\/person\/97079b7570c1e89ec0d9e138c3672136","name":"admin","image":{"@type":"ImageObject","inLanguage":"az","@id":"https:\/\/www.zerdab.com\/#\/schema\/person\/image\/","url":"https:\/\/secure.gravatar.com\/avatar\/d9c52a9a27c32119cb6679a077fa3e2779e5f822c451cbf01098004361d466ec?s=96&d=mm&r=g","contentUrl":"https:\/\/secure.gravatar.com\/avatar\/d9c52a9a27c32119cb6679a077fa3e2779e5f822c451cbf01098004361d466ec?s=96&d=mm&r=g","caption":"admin"},"url":"https:\/\/www.zerdab.com\/?author=1"}]}},"_links":{"self":[{"href":"https:\/\/www.zerdab.com\/index.php?rest_route=\/wp\/v2\/posts\/19503","targetHints":{"allow":["GET"]}}],"collection":[{"href":"https:\/\/www.zerdab.com\/index.php?rest_route=\/wp\/v2\/posts"}],"about":[{"href":"https:\/\/www.zerdab.com\/index.php?rest_route=\/wp\/v2\/types\/post"}],"author":[{"embeddable":true,"href":"https:\/\/www.zerdab.com\/index.php?rest_route=\/wp\/v2\/users\/1"}],"replies":[{"embeddable":true,"href":"https:\/\/www.zerdab.com\/index.php?rest_route=%2Fwp%2Fv2%2Fcomments&post=19503"}],"version-history":[{"count":2,"href":"https:\/\/www.zerdab.com\/index.php?rest_route=\/wp\/v2\/posts\/19503\/revisions"}],"predecessor-version":[{"id":19512,"href":"https:\/\/www.zerdab.com\/index.php?rest_route=\/wp\/v2\/posts\/19503\/revisions\/19512"}],"wp:attachment":[{"href":"https:\/\/www.zerdab.com\/index.php?rest_route=%2Fwp%2Fv2%2Fmedia&parent=19503"}],"wp:term":[{"taxonomy":"category","embeddable":true,"href":"https:\/\/www.zerdab.com\/index.php?rest_route=%2Fwp%2Fv2%2Fcategories&post=19503"},{"taxonomy":"post_tag","embeddable":true,"href":"https:\/\/www.zerdab.com\/index.php?rest_route=%2Fwp%2Fv2%2Ftags&post=19503"}],"curies":[{"name":"wp","href":"https:\/\/api.w.org\/{rel}","templated":true}]}}