{"id":19609,"date":"2015-05-14T07:30:52","date_gmt":"2015-05-14T02:30:52","guid":{"rendered":"http:\/\/www.zerdab.com\/?p=19609"},"modified":"2015-05-13T20:35:40","modified_gmt":"2015-05-13T15:35:40","slug":"m%c9%99zari-belorusiyada-olan-veteran-h%c9%99myerlimiz-c%c9%99f%c9%99rqulu-c%c9%99f%c9%99rov","status":"publish","type":"post","link":"https:\/\/www.zerdab.com\/?p=19609","title":{"rendered":"M\u0259zar\u0131 Belorusiyada olan veteran h\u0259myerlimiz &#8211; C\u0259f\u0259rqulu C\u0259f\u0259rov"},"content":{"rendered":"<p class=\"yiv9903975824MsoNormal\" align=\"center\"><span lang=\"AZ-LATIN\"><a href=\"http:\/\/www.zerdab.com\/boyuk-v%c9%99t%c9%99n-muharib%c9%99sinin-canli-%c9%99fsan%c9%99si-z%c9%99rdabda-yasayir-foto\/ikinci-dunya-muharib%c9%99si-2\/\" rel=\"attachment wp-att-7960\"><img loading=\"lazy\" decoding=\"async\" class=\"aligncenter size-full wp-image-7960\" src=\"http:\/\/www.zerdab.com\/wp-content\/uploads\/2013\/03\/\u0130kinci-d\u00fcnya-m\u00fcharib\u0259si.jpg\" alt=\"\u0130kinci d\u00fcnya m\u00fcharib\u0259si\" width=\"406\" height=\"300\" \/><\/a>C\u0259f\u0259rov C\u0259f\u0259rqulu \u018fziz o\u011flu 1920-ci ild\u0259 Z\u0259rdab rayonunun \u0130saqba\u011f\u0131 k\u0259ndind\u0259 anadan olub. B\u00f6y\u00fck V\u0259t\u0259n m\u00fcharib\u0259si ba\u015flayanda G\u00f6y\u00e7ay pedaqoji texnikumunda oxuyurdu. Arzusu m\u00fc\u0259llim olmaq, Az\u0259rbaycan balalar\u0131na t\u0259hsil verm\u0259k idi. Amma C\u0259f\u0259rqulu da y\u00fcz minl\u0259rl\u0259 az\u0259rbaycanl\u0131 igidl\u0259r kimi c\u0259bh\u0259y\u0259 yollan\u0131r. Onun d\u00f6y\u00fc\u015f yolu Berlin\u0259 q\u0259d\u0259r davam edir. H\u0259tta Pol\u015fan\u0131n b\u00f6y\u00fck bir \u015f\u0259h\u0259rin\u0259 h\u0259rbi komendat da t\u0259yin olunur.<\/span><\/p>\n<p class=\"yiv9903975824MsoNormal\"><span lang=\"AZ-LATIN\">B\u00f6y\u00fck V\u0259t\u0259n m\u00fcharib\u0259si Q\u0259l\u0259b\u0259 il\u0259 ba\u015fa \u00e7at\u0131r. <\/span><span lang=\"EN-US\">C\u0259f\u0259rqulu\u00a0 do\u011fuldu\u011fu el-obaya qay\u0131d\u0131r. Onun b\u00fct\u00fcn \u015f\u0259xsi keyfiyy\u0259tl\u0259rini n\u0259z\u0259r\u0259 al\u0131b, Bak\u0131n\u0131n bir rayonuna h\u0259rbi komissar t\u0259yin etm\u0259k ist\u0259yirl\u0259r. Lakin kiml\u0259rs\u0259 bu i\u015f\u0259 \u0259ng\u0259l t\u00f6r\u0259dirl\u0259r v\u0259 C\u0259f\u0259rqulu bir vaxtlar d\u00f6y\u00fc\u015fd\u00fcy\u00fc Belorusiyaya \u00fcz tutur. Belorusiya Xalq T\u0259s\u0259rr\u00fcfat\u0131 \u0130nstitunu bitirir. Sonra belorus q\u0131z\u0131 il\u0259 ail\u0259 qurur. 2 \u00f6vladlar\u0131 olur. C\u0259f\u0259rqulu o\u011fluna atas\u0131n\u0131n ad\u0131n\u0131 &#8212; \u018fziz, q\u0131z\u0131na is\u0259 anas\u0131n\u0131n ad\u0131n\u0131 \u2013 \u018fziz\u0259 qoyur. Onun bilik v\u0259 bacar\u0131\u011f\u0131n\u0131, yuks\u0259k qabiliyy\u0259tini n\u0259z\u0259r\u0259 alaraq Belorusiyada b\u00f6y\u00fck bir zavoda direktor t\u0259yin edirl\u0259r. Daha sonra Belorusiya Xalq N\u0259zar\u0259ti Komit\u0259sid\u0259 m\u0259sul v\u0259zif\u0259y\u0259 ir\u0259li \u00e7\u0259kilir.<\/span><\/p>\n<p class=\"yiv9903975824MsoNormal\"><span lang=\"EN-US\">C\u0259f\u0259rqulu \u0259m\u0259k m\u0259zuniyy\u0259tind\u0259 olark\u0259n \u00f6z do\u011fma k\u0259ndin\u0259 g\u0259lirdi. Onun g\u0259li\u015fi b\u00fct\u00fcn k\u0259ndin sevincin\u0259 s\u0259b\u0259b olurdu. Ham\u0131 \u00e7al\u0131\u015f\u0131rd\u0131 ki, C\u0259f\u0259rqulu onun qona\u011f\u0131 olsun. H\u0259yat yolda\u015f\u0131 belorus q\u0131z\u0131 olmas\u0131na baxmayaraq, Az\u0259rbaycan qad\u0131n\u0131na xas olan b\u00fct\u00fcn m\u00fcsb\u0259t keyfiyy\u0259tl\u0259r onda vard\u0131.<\/span><\/p>\n<p class=\"yiv9903975824MsoNormal\"><span lang=\"EN-US\">C\u0259f\u0259rqulu C\u0259f\u0259rov 1970-ci ill\u0259rin sonunda v\u0259fat etmi\u015f v\u0259 Belorusiyada d\u0259fn olunmu\u015fdur.<\/span><\/p>\n<p class=\"yiv9903975824MsoNormal\"><span lang=\"EN-US\">Bu q\u0131sa yaz\u0131n\u0131 yazmaqda m\u0259qs\u0259dim bel\u0259 igid h\u0259myerlil\u0259rimizl\u0259 f\u0259xr etm\u0259k, onlar\u0131n h\u0259yat yollar\u0131n\u0131 g\u0259ncl\u0259r\u0259 \u00e7atd\u0131rmaqd\u0131r.<\/span><\/p>\n<p class=\"yiv9903975824MsoNormal\" align=\"right\"><span style=\"color: #0000ff;\"><strong><em><span lang=\"EN-US\">R\u0259him R\u018fH\u0130MOV,<\/span><\/em><\/strong><\/span><\/p>\n<p class=\"yiv9903975824MsoNormal\" align=\"right\"><span style=\"color: #0000ff;\"><strong><em><span lang=\"EN-US\">\u0130saqba\u011f\u0131 k\u0259nd<\/span><\/em><\/strong><strong><em><span lang=\"AZ-LATIN\"> tam<\/span><\/em><\/strong><strong><em><span lang=\"EN-US\"> orta m\u0259kt\u0259binin direktoru.<\/span><\/em><\/strong><\/span><\/p>\n<p>&nbsp;<\/p>\n","protected":false},"excerpt":{"rendered":"<p>C\u0259f\u0259rov C\u0259f\u0259rqulu \u018fziz o\u011flu 1920-ci ild\u0259 Z\u0259rdab rayonunun \u0130saqba\u011f\u0131 k\u0259ndind\u0259 anadan olub. B\u00f6y\u00fck V\u0259t\u0259n m\u00fcharib\u0259si ba\u015flayanda G\u00f6y\u00e7ay pedaqoji texnikumunda oxuyurdu. Arzusu m\u00fc\u0259llim olmaq, Az\u0259rbaycan balalar\u0131na t\u0259hsil verm\u0259k idi. Amma C\u0259f\u0259rqulu da y\u00fcz minl\u0259rl\u0259 az\u0259rbaycanl\u0131 igidl\u0259r kimi c\u0259bh\u0259y\u0259 yollan\u0131r. Onun d\u00f6y\u00fc\u015f yolu Berlin\u0259 q\u0259d\u0259r davam edir. H\u0259tta Pol\u015fan\u0131n b\u00f6y\u00fck bir \u015f\u0259h\u0259rin\u0259 h\u0259rbi komendat da t\u0259yin olunur. [&hellip;]<\/p>\n","protected":false},"author":1,"featured_media":0,"comment_status":"open","ping_status":"open","sticky":false,"template":"","format":"standard","meta":{"footnotes":""},"categories":[7],"tags":[],"class_list":{"0":"post-19609","1":"post","2":"type-post","3":"status-publish","4":"format-standard","6":"category-ziyalilar"},"yoast_head":"<!-- This site is optimized with the Yoast SEO plugin v27.0 - https:\/\/yoast.com\/product\/yoast-seo-wordpress\/ -->\n<title>M\u0259zar\u0131 Belorusiyada olan veteran h\u0259myerlimiz - C\u0259f\u0259rqulu C\u0259f\u0259rov - Z\u0259rdab.com<\/title>\n<meta name=\"robots\" content=\"index, follow, max-snippet:-1, max-image-preview:large, max-video-preview:-1\" \/>\n<link rel=\"canonical\" href=\"https:\/\/www.zerdab.com\/?p=19609\" \/>\n<meta property=\"og:locale\" content=\"az_AZ\" \/>\n<meta property=\"og:type\" content=\"article\" \/>\n<meta property=\"og:title\" content=\"M\u0259zar\u0131 Belorusiyada olan veteran h\u0259myerlimiz - C\u0259f\u0259rqulu C\u0259f\u0259rov - Z\u0259rdab.com\" \/>\n<meta property=\"og:description\" content=\"C\u0259f\u0259rov C\u0259f\u0259rqulu \u018fziz o\u011flu 1920-ci ild\u0259 Z\u0259rdab rayonunun \u0130saqba\u011f\u0131 k\u0259ndind\u0259 anadan olub. B\u00f6y\u00fck V\u0259t\u0259n m\u00fcharib\u0259si ba\u015flayanda G\u00f6y\u00e7ay pedaqoji texnikumunda oxuyurdu. Arzusu m\u00fc\u0259llim olmaq, Az\u0259rbaycan balalar\u0131na t\u0259hsil verm\u0259k idi. Amma C\u0259f\u0259rqulu da y\u00fcz minl\u0259rl\u0259 az\u0259rbaycanl\u0131 igidl\u0259r kimi c\u0259bh\u0259y\u0259 yollan\u0131r. Onun d\u00f6y\u00fc\u015f yolu Berlin\u0259 q\u0259d\u0259r davam edir. H\u0259tta Pol\u015fan\u0131n b\u00f6y\u00fck bir \u015f\u0259h\u0259rin\u0259 h\u0259rbi komendat da t\u0259yin olunur. [&hellip;]\" \/>\n<meta property=\"og:url\" content=\"https:\/\/www.zerdab.com\/?p=19609\" \/>\n<meta property=\"og:site_name\" content=\"Z\u0259rdab.com\" \/>\n<meta property=\"article:published_time\" content=\"2015-05-14T02:30:52+00:00\" \/>\n<meta name=\"author\" content=\"admin\" \/>\n<meta name=\"twitter:card\" content=\"summary_large_image\" \/>\n<meta name=\"twitter:label1\" content=\"Written by\" \/>\n\t<meta name=\"twitter:data1\" content=\"admin\" \/>\n\t<meta name=\"twitter:label2\" content=\"Est. reading time\" \/>\n\t<meta name=\"twitter:data2\" content=\"2 minutes\" \/>\n<script type=\"application\/ld+json\" class=\"yoast-schema-graph\">{\"@context\":\"https:\/\/schema.org\",\"@graph\":[{\"@type\":\"Article\",\"@id\":\"https:\/\/www.zerdab.com\/?p=19609#article\",\"isPartOf\":{\"@id\":\"https:\/\/www.zerdab.com\/?p=19609\"},\"author\":{\"name\":\"admin\",\"@id\":\"https:\/\/www.zerdab.com\/#\/schema\/person\/97079b7570c1e89ec0d9e138c3672136\"},\"headline\":\"M\u0259zar\u0131 Belorusiyada olan veteran h\u0259myerlimiz &#8211; C\u0259f\u0259rqulu C\u0259f\u0259rov\",\"datePublished\":\"2015-05-14T02:30:52+00:00\",\"mainEntityOfPage\":{\"@id\":\"https:\/\/www.zerdab.com\/?p=19609\"},\"wordCount\":402,\"commentCount\":0,\"articleSection\":[\"F\u018fXRL\u018fR\u0130M\u0130Z\"],\"inLanguage\":\"az\",\"potentialAction\":[{\"@type\":\"CommentAction\",\"name\":\"Comment\",\"target\":[\"https:\/\/www.zerdab.com\/?p=19609#respond\"]}]},{\"@type\":\"WebPage\",\"@id\":\"https:\/\/www.zerdab.com\/?p=19609\",\"url\":\"https:\/\/www.zerdab.com\/?p=19609\",\"name\":\"M\u0259zar\u0131 Belorusiyada olan veteran h\u0259myerlimiz - C\u0259f\u0259rqulu C\u0259f\u0259rov - Z\u0259rdab.com\",\"isPartOf\":{\"@id\":\"https:\/\/www.zerdab.com\/#website\"},\"datePublished\":\"2015-05-14T02:30:52+00:00\",\"author\":{\"@id\":\"https:\/\/www.zerdab.com\/#\/schema\/person\/97079b7570c1e89ec0d9e138c3672136\"},\"breadcrumb\":{\"@id\":\"https:\/\/www.zerdab.com\/?p=19609#breadcrumb\"},\"inLanguage\":\"az\",\"potentialAction\":[{\"@type\":\"ReadAction\",\"target\":[\"https:\/\/www.zerdab.com\/?p=19609\"]}]},{\"@type\":\"BreadcrumbList\",\"@id\":\"https:\/\/www.zerdab.com\/?p=19609#breadcrumb\",\"itemListElement\":[{\"@type\":\"ListItem\",\"position\":1,\"name\":\"Home\",\"item\":\"https:\/\/www.zerdab.com\/\"},{\"@type\":\"ListItem\",\"position\":2,\"name\":\"M\u0259zar\u0131 Belorusiyada olan veteran h\u0259myerlimiz &#8211; C\u0259f\u0259rqulu C\u0259f\u0259rov\"}]},{\"@type\":\"WebSite\",\"@id\":\"https:\/\/www.zerdab.com\/#website\",\"url\":\"https:\/\/www.zerdab.com\/\",\"name\":\"Z\u0259rdab.com\",\"description\":\"\",\"potentialAction\":[{\"@type\":\"SearchAction\",\"target\":{\"@type\":\"EntryPoint\",\"urlTemplate\":\"https:\/\/www.zerdab.com\/?s={search_term_string}\"},\"query-input\":{\"@type\":\"PropertyValueSpecification\",\"valueRequired\":true,\"valueName\":\"search_term_string\"}}],\"inLanguage\":\"az\"},{\"@type\":\"Person\",\"@id\":\"https:\/\/www.zerdab.com\/#\/schema\/person\/97079b7570c1e89ec0d9e138c3672136\",\"name\":\"admin\",\"image\":{\"@type\":\"ImageObject\",\"inLanguage\":\"az\",\"@id\":\"https:\/\/www.zerdab.com\/#\/schema\/person\/image\/\",\"url\":\"https:\/\/secure.gravatar.com\/avatar\/d9c52a9a27c32119cb6679a077fa3e2779e5f822c451cbf01098004361d466ec?s=96&d=mm&r=g\",\"contentUrl\":\"https:\/\/secure.gravatar.com\/avatar\/d9c52a9a27c32119cb6679a077fa3e2779e5f822c451cbf01098004361d466ec?s=96&d=mm&r=g\",\"caption\":\"admin\"},\"url\":\"https:\/\/www.zerdab.com\/?author=1\"}]}<\/script>\n<!-- \/ Yoast SEO plugin. -->","yoast_head_json":{"title":"M\u0259zar\u0131 Belorusiyada olan veteran h\u0259myerlimiz - C\u0259f\u0259rqulu C\u0259f\u0259rov - Z\u0259rdab.com","robots":{"index":"index","follow":"follow","max-snippet":"max-snippet:-1","max-image-preview":"max-image-preview:large","max-video-preview":"max-video-preview:-1"},"canonical":"https:\/\/www.zerdab.com\/?p=19609","og_locale":"az_AZ","og_type":"article","og_title":"M\u0259zar\u0131 Belorusiyada olan veteran h\u0259myerlimiz - C\u0259f\u0259rqulu C\u0259f\u0259rov - Z\u0259rdab.com","og_description":"C\u0259f\u0259rov C\u0259f\u0259rqulu \u018fziz o\u011flu 1920-ci ild\u0259 Z\u0259rdab rayonunun \u0130saqba\u011f\u0131 k\u0259ndind\u0259 anadan olub. B\u00f6y\u00fck V\u0259t\u0259n m\u00fcharib\u0259si ba\u015flayanda G\u00f6y\u00e7ay pedaqoji texnikumunda oxuyurdu. Arzusu m\u00fc\u0259llim olmaq, Az\u0259rbaycan balalar\u0131na t\u0259hsil verm\u0259k idi. Amma C\u0259f\u0259rqulu da y\u00fcz minl\u0259rl\u0259 az\u0259rbaycanl\u0131 igidl\u0259r kimi c\u0259bh\u0259y\u0259 yollan\u0131r. Onun d\u00f6y\u00fc\u015f yolu Berlin\u0259 q\u0259d\u0259r davam edir. H\u0259tta Pol\u015fan\u0131n b\u00f6y\u00fck bir \u015f\u0259h\u0259rin\u0259 h\u0259rbi komendat da t\u0259yin olunur. [&hellip;]","og_url":"https:\/\/www.zerdab.com\/?p=19609","og_site_name":"Z\u0259rdab.com","article_published_time":"2015-05-14T02:30:52+00:00","author":"admin","twitter_card":"summary_large_image","twitter_misc":{"Written by":"admin","Est. reading time":"2 minutes"},"schema":{"@context":"https:\/\/schema.org","@graph":[{"@type":"Article","@id":"https:\/\/www.zerdab.com\/?p=19609#article","isPartOf":{"@id":"https:\/\/www.zerdab.com\/?p=19609"},"author":{"name":"admin","@id":"https:\/\/www.zerdab.com\/#\/schema\/person\/97079b7570c1e89ec0d9e138c3672136"},"headline":"M\u0259zar\u0131 Belorusiyada olan veteran h\u0259myerlimiz &#8211; C\u0259f\u0259rqulu C\u0259f\u0259rov","datePublished":"2015-05-14T02:30:52+00:00","mainEntityOfPage":{"@id":"https:\/\/www.zerdab.com\/?p=19609"},"wordCount":402,"commentCount":0,"articleSection":["F\u018fXRL\u018fR\u0130M\u0130Z"],"inLanguage":"az","potentialAction":[{"@type":"CommentAction","name":"Comment","target":["https:\/\/www.zerdab.com\/?p=19609#respond"]}]},{"@type":"WebPage","@id":"https:\/\/www.zerdab.com\/?p=19609","url":"https:\/\/www.zerdab.com\/?p=19609","name":"M\u0259zar\u0131 Belorusiyada olan veteran h\u0259myerlimiz - C\u0259f\u0259rqulu C\u0259f\u0259rov - Z\u0259rdab.com","isPartOf":{"@id":"https:\/\/www.zerdab.com\/#website"},"datePublished":"2015-05-14T02:30:52+00:00","author":{"@id":"https:\/\/www.zerdab.com\/#\/schema\/person\/97079b7570c1e89ec0d9e138c3672136"},"breadcrumb":{"@id":"https:\/\/www.zerdab.com\/?p=19609#breadcrumb"},"inLanguage":"az","potentialAction":[{"@type":"ReadAction","target":["https:\/\/www.zerdab.com\/?p=19609"]}]},{"@type":"BreadcrumbList","@id":"https:\/\/www.zerdab.com\/?p=19609#breadcrumb","itemListElement":[{"@type":"ListItem","position":1,"name":"Home","item":"https:\/\/www.zerdab.com\/"},{"@type":"ListItem","position":2,"name":"M\u0259zar\u0131 Belorusiyada olan veteran h\u0259myerlimiz &#8211; C\u0259f\u0259rqulu C\u0259f\u0259rov"}]},{"@type":"WebSite","@id":"https:\/\/www.zerdab.com\/#website","url":"https:\/\/www.zerdab.com\/","name":"Z\u0259rdab.com","description":"","potentialAction":[{"@type":"SearchAction","target":{"@type":"EntryPoint","urlTemplate":"https:\/\/www.zerdab.com\/?s={search_term_string}"},"query-input":{"@type":"PropertyValueSpecification","valueRequired":true,"valueName":"search_term_string"}}],"inLanguage":"az"},{"@type":"Person","@id":"https:\/\/www.zerdab.com\/#\/schema\/person\/97079b7570c1e89ec0d9e138c3672136","name":"admin","image":{"@type":"ImageObject","inLanguage":"az","@id":"https:\/\/www.zerdab.com\/#\/schema\/person\/image\/","url":"https:\/\/secure.gravatar.com\/avatar\/d9c52a9a27c32119cb6679a077fa3e2779e5f822c451cbf01098004361d466ec?s=96&d=mm&r=g","contentUrl":"https:\/\/secure.gravatar.com\/avatar\/d9c52a9a27c32119cb6679a077fa3e2779e5f822c451cbf01098004361d466ec?s=96&d=mm&r=g","caption":"admin"},"url":"https:\/\/www.zerdab.com\/?author=1"}]}},"_links":{"self":[{"href":"https:\/\/www.zerdab.com\/index.php?rest_route=\/wp\/v2\/posts\/19609","targetHints":{"allow":["GET"]}}],"collection":[{"href":"https:\/\/www.zerdab.com\/index.php?rest_route=\/wp\/v2\/posts"}],"about":[{"href":"https:\/\/www.zerdab.com\/index.php?rest_route=\/wp\/v2\/types\/post"}],"author":[{"embeddable":true,"href":"https:\/\/www.zerdab.com\/index.php?rest_route=\/wp\/v2\/users\/1"}],"replies":[{"embeddable":true,"href":"https:\/\/www.zerdab.com\/index.php?rest_route=%2Fwp%2Fv2%2Fcomments&post=19609"}],"version-history":[{"count":1,"href":"https:\/\/www.zerdab.com\/index.php?rest_route=\/wp\/v2\/posts\/19609\/revisions"}],"predecessor-version":[{"id":19610,"href":"https:\/\/www.zerdab.com\/index.php?rest_route=\/wp\/v2\/posts\/19609\/revisions\/19610"}],"wp:attachment":[{"href":"https:\/\/www.zerdab.com\/index.php?rest_route=%2Fwp%2Fv2%2Fmedia&parent=19609"}],"wp:term":[{"taxonomy":"category","embeddable":true,"href":"https:\/\/www.zerdab.com\/index.php?rest_route=%2Fwp%2Fv2%2Fcategories&post=19609"},{"taxonomy":"post_tag","embeddable":true,"href":"https:\/\/www.zerdab.com\/index.php?rest_route=%2Fwp%2Fv2%2Ftags&post=19609"}],"curies":[{"name":"wp","href":"https:\/\/api.w.org\/{rel}","templated":true}]}}