{"id":19618,"date":"2015-05-14T19:29:46","date_gmt":"2015-05-14T14:29:46","guid":{"rendered":"http:\/\/www.zerdab.com\/?p=19618"},"modified":"2015-05-14T19:31:14","modified_gmt":"2015-05-14T14:31:14","slug":"z%c9%99rdabda-uzr%c9%99-vergi-od%c9%99yicil%c9%99rin%c9%99-xidm%c9%99t-m%c9%99rk%c9%99zinin-acilisi-oldu","status":"publish","type":"post","link":"https:\/\/www.zerdab.com\/?p=19618","title":{"rendered":"Z\u0259rdab \u00fczr\u0259 Vergi \u00d6d\u0259yicil\u0259rin\u0259 Xidm\u0259t M\u0259rk\u0259zinin a\u00e7\u0131l\u0131\u015f\u0131 oldu"},"content":{"rendered":"<p><a href=\"http:\/\/www.zerdab.com\/z%c9%99rdabda-uzr%c9%99-vergi-od%c9%99yicil%c9%99rin%c9%99-xidm%c9%99t-m%c9%99rk%c9%99zinin-acilisi-oldu\/z%c9%99rdab-rayonu-99\/\" rel=\"attachment wp-att-19619\"><img loading=\"lazy\" decoding=\"async\" class=\"aligncenter size-large wp-image-19619\" src=\"http:\/\/www.zerdab.com\/wp-content\/uploads\/2015\/05\/Z\u0259rdab-rayonu20-550x365.jpg\" alt=\"Z\u0259rdab rayonu\" width=\"550\" height=\"365\" \/><\/a> <a href=\"http:\/\/www.zerdab.com\/z%c9%99rdabda-uzr%c9%99-vergi-od%c9%99yicil%c9%99rin%c9%99-xidm%c9%99t-m%c9%99rk%c9%99zinin-acilisi-oldu\/z%c9%99rdab-rayonu1-36\/\" rel=\"attachment wp-att-19620\"><br \/>\n<\/a>Az\u0259rbaycan Respublikas\u0131 Vergil\u0259r Nazirliyi 9 sayl\u0131 \u018frazi Vergil\u0259r \u0130dar\u0259sinin Z\u0259rdab rayonu \u00fczr\u0259 Vergi \u00d6d\u0259yicil\u0259rin\u0259 Xidm\u0259t M\u0259rk\u0259zinin a\u00e7\u0131l\u0131\u015f m\u0259rasimi ke\u00e7irilmi\u015fdir.<\/p>\n<p>A\u00e7\u0131l\u0131\u015f m\u0259rasimind\u0259 Az\u0259rbaycan Respublikas\u0131 Vergil\u0259r nazirinin m\u00fc\u015faviri \u018fl\u0259kb\u0259r M\u0259mm\u0259dov, Vergil\u0259r Nazirliyinin Xidm\u0259t ba\u015f idar\u0259sinin r\u0259isi El\u00e7in M\u0259mm\u0259dov, 9 sayl\u0131 \u018frazi Vergil\u0259r \u0130dar\u0259sinin r\u0259isi \u018fdal\u0259t F\u0259r\u0259cov v\u0259 Z\u0259rdab Rayon \u0130cra Hakimiyy\u0259tinin ba\u015f\u00e7\u0131s\u0131 L\u00fctv\u0259li Babayev i\u015ftirak etmi\u015fl\u0259r.<\/p>\n<p>Rayon \u0130cra Hakimiyy\u0259tinin ba\u015f\u00e7\u0131s\u0131 c\u0259nab L\u00fctv\u0259li Babayev a\u00e7\u0131l\u0131\u015f m\u0259rasimind\u0259 \u00e7\u0131x\u0131\u015f ed\u0259r\u0259k qonaqlar\u0131 salamlam\u0131\u015f, a\u00e7\u0131l\u0131\u015f m\u00fcnasib\u0259til\u0259 i\u015ftirak\u00e7\u0131lar\u0131 t\u0259brik etmi\u015fdir.<\/p>\n<p>Vergi \u00f6d\u0259yicil\u0259rin\u0259 xidm\u0259t m\u0259rk\u0259zinin yeni inzibati binas\u0131n\u0131n r\u0259mzi q\u0131rm\u0131z\u0131 lenti k\u0259sil\u0259r\u0259k inzibati binan\u0131n a\u00e7\u0131l\u0131\u015f\u0131 r\u0259sm\u0259n qeyd edilmi\u015f, qonaqlar binada yarad\u0131lm\u0131\u015f \u015f\u0259raitl\u0259 tan\u0131\u015f olmu\u015flar.<\/p>\n<p>\u00c7\u0131x\u0131\u015f ed\u0259nl\u0259r bildirmi\u015fl\u0259r ki, yeni istifad\u0259y\u0259 veril\u0259n xidm\u0259t m\u0259rk\u0259zi vergi \u00f6d\u0259yicil\u0259rini narahat ed\u0259n m\u0259s\u0259l\u0259l\u0259rin h\u0259llind\u0259 onlara yard\u0131m\u00e7\u0131 olacaq, el\u0259c\u0259 d\u0259 rayon \u0259razisind\u0259 vergi y\u0131\u011f\u0131m\u0131na \u00f6z m\u00fcsb\u0259t t\u0259sirini g\u00f6st\u0259r\u0259c\u0259kdir. Odur ki, onlar vergi \u00f6d\u0259yicil\u0259rin\u0259 g\u00f6st\u0259ril\u0259n bu diqq\u0259t v\u0259 qay\u011f\u0131ya g\u00f6r\u0259 \u00f6lk\u0259 Prezidentin\u0259 minn\u0259tdarl\u0131qlar\u0131n\u0131 bildirmi\u015fl\u0259r.<\/p>\n<p><span style=\"color: #0000ff;\"><strong>Z\u0259rdab Rayon \u0130cra Hakimiyy\u0259ti<\/strong><\/span><\/p>\n","protected":false},"excerpt":{"rendered":"<p>Az\u0259rbaycan Respublikas\u0131 Vergil\u0259r Nazirliyi 9 sayl\u0131 \u018frazi Vergil\u0259r \u0130dar\u0259sinin Z\u0259rdab rayonu \u00fczr\u0259 Vergi \u00d6d\u0259yicil\u0259rin\u0259 Xidm\u0259t M\u0259rk\u0259zinin a\u00e7\u0131l\u0131\u015f m\u0259rasimi ke\u00e7irilmi\u015fdir. A\u00e7\u0131l\u0131\u015f m\u0259rasimind\u0259 Az\u0259rbaycan Respublikas\u0131 Vergil\u0259r nazirinin m\u00fc\u015faviri \u018fl\u0259kb\u0259r M\u0259mm\u0259dov, Vergil\u0259r Nazirliyinin Xidm\u0259t ba\u015f idar\u0259sinin r\u0259isi El\u00e7in M\u0259mm\u0259dov, 9 sayl\u0131 \u018frazi Vergil\u0259r \u0130dar\u0259sinin r\u0259isi \u018fdal\u0259t F\u0259r\u0259cov v\u0259 Z\u0259rdab Rayon \u0130cra Hakimiyy\u0259tinin ba\u015f\u00e7\u0131s\u0131 L\u00fctv\u0259li Babayev i\u015ftirak etmi\u015fl\u0259r. Rayon [&hellip;]<\/p>\n","protected":false},"author":1,"featured_media":0,"comment_status":"open","ping_status":"open","sticky":false,"template":"","format":"standard","meta":{"footnotes":""},"categories":[21],"tags":[],"class_list":{"0":"post-19618","1":"post","2":"type-post","3":"status-publish","4":"format-standard","6":"category-zrdab"},"yoast_head":"<!-- This site is optimized with the Yoast SEO plugin v27.0 - https:\/\/yoast.com\/product\/yoast-seo-wordpress\/ -->\n<title>Z\u0259rdab \u00fczr\u0259 Vergi \u00d6d\u0259yicil\u0259rin\u0259 Xidm\u0259t M\u0259rk\u0259zinin a\u00e7\u0131l\u0131\u015f\u0131 oldu - Z\u0259rdab.com<\/title>\n<meta name=\"robots\" content=\"index, follow, max-snippet:-1, max-image-preview:large, max-video-preview:-1\" \/>\n<link rel=\"canonical\" href=\"https:\/\/www.zerdab.com\/?p=19618\" \/>\n<meta property=\"og:locale\" content=\"az_AZ\" \/>\n<meta property=\"og:type\" content=\"article\" \/>\n<meta property=\"og:title\" content=\"Z\u0259rdab \u00fczr\u0259 Vergi \u00d6d\u0259yicil\u0259rin\u0259 Xidm\u0259t M\u0259rk\u0259zinin a\u00e7\u0131l\u0131\u015f\u0131 oldu - Z\u0259rdab.com\" \/>\n<meta property=\"og:description\" content=\"Az\u0259rbaycan Respublikas\u0131 Vergil\u0259r Nazirliyi 9 sayl\u0131 \u018frazi Vergil\u0259r \u0130dar\u0259sinin Z\u0259rdab rayonu \u00fczr\u0259 Vergi \u00d6d\u0259yicil\u0259rin\u0259 Xidm\u0259t M\u0259rk\u0259zinin a\u00e7\u0131l\u0131\u015f m\u0259rasimi ke\u00e7irilmi\u015fdir. A\u00e7\u0131l\u0131\u015f m\u0259rasimind\u0259 Az\u0259rbaycan Respublikas\u0131 Vergil\u0259r nazirinin m\u00fc\u015faviri \u018fl\u0259kb\u0259r M\u0259mm\u0259dov, Vergil\u0259r Nazirliyinin Xidm\u0259t ba\u015f idar\u0259sinin r\u0259isi El\u00e7in M\u0259mm\u0259dov, 9 sayl\u0131 \u018frazi Vergil\u0259r \u0130dar\u0259sinin r\u0259isi \u018fdal\u0259t F\u0259r\u0259cov v\u0259 Z\u0259rdab Rayon \u0130cra Hakimiyy\u0259tinin ba\u015f\u00e7\u0131s\u0131 L\u00fctv\u0259li Babayev i\u015ftirak etmi\u015fl\u0259r. Rayon [&hellip;]\" \/>\n<meta property=\"og:url\" content=\"https:\/\/www.zerdab.com\/?p=19618\" \/>\n<meta property=\"og:site_name\" content=\"Z\u0259rdab.com\" \/>\n<meta property=\"article:published_time\" content=\"2015-05-14T14:29:46+00:00\" \/>\n<meta property=\"article:modified_time\" content=\"2015-05-14T14:31:14+00:00\" \/>\n<meta name=\"author\" content=\"admin\" \/>\n<meta name=\"twitter:card\" content=\"summary_large_image\" \/>\n<meta name=\"twitter:label1\" content=\"Written by\" \/>\n\t<meta name=\"twitter:data1\" content=\"admin\" \/>\n\t<meta name=\"twitter:label2\" content=\"Est. reading time\" \/>\n\t<meta name=\"twitter:data2\" content=\"1 minute\" \/>\n<script type=\"application\/ld+json\" class=\"yoast-schema-graph\">{\"@context\":\"https:\/\/schema.org\",\"@graph\":[{\"@type\":\"Article\",\"@id\":\"https:\/\/www.zerdab.com\/?p=19618#article\",\"isPartOf\":{\"@id\":\"https:\/\/www.zerdab.com\/?p=19618\"},\"author\":{\"name\":\"admin\",\"@id\":\"https:\/\/www.zerdab.com\/#\/schema\/person\/97079b7570c1e89ec0d9e138c3672136\"},\"headline\":\"Z\u0259rdab \u00fczr\u0259 Vergi \u00d6d\u0259yicil\u0259rin\u0259 Xidm\u0259t M\u0259rk\u0259zinin a\u00e7\u0131l\u0131\u015f\u0131 oldu\",\"datePublished\":\"2015-05-14T14:29:46+00:00\",\"dateModified\":\"2015-05-14T14:31:14+00:00\",\"mainEntityOfPage\":{\"@id\":\"https:\/\/www.zerdab.com\/?p=19618\"},\"wordCount\":277,\"commentCount\":0,\"articleSection\":[\"C\u018fM\u0130YY\u018fT\"],\"inLanguage\":\"az\",\"potentialAction\":[{\"@type\":\"CommentAction\",\"name\":\"Comment\",\"target\":[\"https:\/\/www.zerdab.com\/?p=19618#respond\"]}]},{\"@type\":\"WebPage\",\"@id\":\"https:\/\/www.zerdab.com\/?p=19618\",\"url\":\"https:\/\/www.zerdab.com\/?p=19618\",\"name\":\"Z\u0259rdab \u00fczr\u0259 Vergi \u00d6d\u0259yicil\u0259rin\u0259 Xidm\u0259t M\u0259rk\u0259zinin a\u00e7\u0131l\u0131\u015f\u0131 oldu - Z\u0259rdab.com\",\"isPartOf\":{\"@id\":\"https:\/\/www.zerdab.com\/#website\"},\"datePublished\":\"2015-05-14T14:29:46+00:00\",\"dateModified\":\"2015-05-14T14:31:14+00:00\",\"author\":{\"@id\":\"https:\/\/www.zerdab.com\/#\/schema\/person\/97079b7570c1e89ec0d9e138c3672136\"},\"breadcrumb\":{\"@id\":\"https:\/\/www.zerdab.com\/?p=19618#breadcrumb\"},\"inLanguage\":\"az\",\"potentialAction\":[{\"@type\":\"ReadAction\",\"target\":[\"https:\/\/www.zerdab.com\/?p=19618\"]}]},{\"@type\":\"BreadcrumbList\",\"@id\":\"https:\/\/www.zerdab.com\/?p=19618#breadcrumb\",\"itemListElement\":[{\"@type\":\"ListItem\",\"position\":1,\"name\":\"Home\",\"item\":\"https:\/\/www.zerdab.com\/\"},{\"@type\":\"ListItem\",\"position\":2,\"name\":\"Z\u0259rdab \u00fczr\u0259 Vergi \u00d6d\u0259yicil\u0259rin\u0259 Xidm\u0259t M\u0259rk\u0259zinin a\u00e7\u0131l\u0131\u015f\u0131 oldu\"}]},{\"@type\":\"WebSite\",\"@id\":\"https:\/\/www.zerdab.com\/#website\",\"url\":\"https:\/\/www.zerdab.com\/\",\"name\":\"Z\u0259rdab.com\",\"description\":\"\",\"potentialAction\":[{\"@type\":\"SearchAction\",\"target\":{\"@type\":\"EntryPoint\",\"urlTemplate\":\"https:\/\/www.zerdab.com\/?s={search_term_string}\"},\"query-input\":{\"@type\":\"PropertyValueSpecification\",\"valueRequired\":true,\"valueName\":\"search_term_string\"}}],\"inLanguage\":\"az\"},{\"@type\":\"Person\",\"@id\":\"https:\/\/www.zerdab.com\/#\/schema\/person\/97079b7570c1e89ec0d9e138c3672136\",\"name\":\"admin\",\"image\":{\"@type\":\"ImageObject\",\"inLanguage\":\"az\",\"@id\":\"https:\/\/www.zerdab.com\/#\/schema\/person\/image\/\",\"url\":\"https:\/\/secure.gravatar.com\/avatar\/d9c52a9a27c32119cb6679a077fa3e2779e5f822c451cbf01098004361d466ec?s=96&d=mm&r=g\",\"contentUrl\":\"https:\/\/secure.gravatar.com\/avatar\/d9c52a9a27c32119cb6679a077fa3e2779e5f822c451cbf01098004361d466ec?s=96&d=mm&r=g\",\"caption\":\"admin\"},\"url\":\"https:\/\/www.zerdab.com\/?author=1\"}]}<\/script>\n<!-- \/ Yoast SEO plugin. -->","yoast_head_json":{"title":"Z\u0259rdab \u00fczr\u0259 Vergi \u00d6d\u0259yicil\u0259rin\u0259 Xidm\u0259t M\u0259rk\u0259zinin a\u00e7\u0131l\u0131\u015f\u0131 oldu - Z\u0259rdab.com","robots":{"index":"index","follow":"follow","max-snippet":"max-snippet:-1","max-image-preview":"max-image-preview:large","max-video-preview":"max-video-preview:-1"},"canonical":"https:\/\/www.zerdab.com\/?p=19618","og_locale":"az_AZ","og_type":"article","og_title":"Z\u0259rdab \u00fczr\u0259 Vergi \u00d6d\u0259yicil\u0259rin\u0259 Xidm\u0259t M\u0259rk\u0259zinin a\u00e7\u0131l\u0131\u015f\u0131 oldu - Z\u0259rdab.com","og_description":"Az\u0259rbaycan Respublikas\u0131 Vergil\u0259r Nazirliyi 9 sayl\u0131 \u018frazi Vergil\u0259r \u0130dar\u0259sinin Z\u0259rdab rayonu \u00fczr\u0259 Vergi \u00d6d\u0259yicil\u0259rin\u0259 Xidm\u0259t M\u0259rk\u0259zinin a\u00e7\u0131l\u0131\u015f m\u0259rasimi ke\u00e7irilmi\u015fdir. A\u00e7\u0131l\u0131\u015f m\u0259rasimind\u0259 Az\u0259rbaycan Respublikas\u0131 Vergil\u0259r nazirinin m\u00fc\u015faviri \u018fl\u0259kb\u0259r M\u0259mm\u0259dov, Vergil\u0259r Nazirliyinin Xidm\u0259t ba\u015f idar\u0259sinin r\u0259isi El\u00e7in M\u0259mm\u0259dov, 9 sayl\u0131 \u018frazi Vergil\u0259r \u0130dar\u0259sinin r\u0259isi \u018fdal\u0259t F\u0259r\u0259cov v\u0259 Z\u0259rdab Rayon \u0130cra Hakimiyy\u0259tinin ba\u015f\u00e7\u0131s\u0131 L\u00fctv\u0259li Babayev i\u015ftirak etmi\u015fl\u0259r. Rayon [&hellip;]","og_url":"https:\/\/www.zerdab.com\/?p=19618","og_site_name":"Z\u0259rdab.com","article_published_time":"2015-05-14T14:29:46+00:00","article_modified_time":"2015-05-14T14:31:14+00:00","author":"admin","twitter_card":"summary_large_image","twitter_misc":{"Written by":"admin","Est. reading time":"1 minute"},"schema":{"@context":"https:\/\/schema.org","@graph":[{"@type":"Article","@id":"https:\/\/www.zerdab.com\/?p=19618#article","isPartOf":{"@id":"https:\/\/www.zerdab.com\/?p=19618"},"author":{"name":"admin","@id":"https:\/\/www.zerdab.com\/#\/schema\/person\/97079b7570c1e89ec0d9e138c3672136"},"headline":"Z\u0259rdab \u00fczr\u0259 Vergi \u00d6d\u0259yicil\u0259rin\u0259 Xidm\u0259t M\u0259rk\u0259zinin a\u00e7\u0131l\u0131\u015f\u0131 oldu","datePublished":"2015-05-14T14:29:46+00:00","dateModified":"2015-05-14T14:31:14+00:00","mainEntityOfPage":{"@id":"https:\/\/www.zerdab.com\/?p=19618"},"wordCount":277,"commentCount":0,"articleSection":["C\u018fM\u0130YY\u018fT"],"inLanguage":"az","potentialAction":[{"@type":"CommentAction","name":"Comment","target":["https:\/\/www.zerdab.com\/?p=19618#respond"]}]},{"@type":"WebPage","@id":"https:\/\/www.zerdab.com\/?p=19618","url":"https:\/\/www.zerdab.com\/?p=19618","name":"Z\u0259rdab \u00fczr\u0259 Vergi \u00d6d\u0259yicil\u0259rin\u0259 Xidm\u0259t M\u0259rk\u0259zinin a\u00e7\u0131l\u0131\u015f\u0131 oldu - Z\u0259rdab.com","isPartOf":{"@id":"https:\/\/www.zerdab.com\/#website"},"datePublished":"2015-05-14T14:29:46+00:00","dateModified":"2015-05-14T14:31:14+00:00","author":{"@id":"https:\/\/www.zerdab.com\/#\/schema\/person\/97079b7570c1e89ec0d9e138c3672136"},"breadcrumb":{"@id":"https:\/\/www.zerdab.com\/?p=19618#breadcrumb"},"inLanguage":"az","potentialAction":[{"@type":"ReadAction","target":["https:\/\/www.zerdab.com\/?p=19618"]}]},{"@type":"BreadcrumbList","@id":"https:\/\/www.zerdab.com\/?p=19618#breadcrumb","itemListElement":[{"@type":"ListItem","position":1,"name":"Home","item":"https:\/\/www.zerdab.com\/"},{"@type":"ListItem","position":2,"name":"Z\u0259rdab \u00fczr\u0259 Vergi \u00d6d\u0259yicil\u0259rin\u0259 Xidm\u0259t M\u0259rk\u0259zinin a\u00e7\u0131l\u0131\u015f\u0131 oldu"}]},{"@type":"WebSite","@id":"https:\/\/www.zerdab.com\/#website","url":"https:\/\/www.zerdab.com\/","name":"Z\u0259rdab.com","description":"","potentialAction":[{"@type":"SearchAction","target":{"@type":"EntryPoint","urlTemplate":"https:\/\/www.zerdab.com\/?s={search_term_string}"},"query-input":{"@type":"PropertyValueSpecification","valueRequired":true,"valueName":"search_term_string"}}],"inLanguage":"az"},{"@type":"Person","@id":"https:\/\/www.zerdab.com\/#\/schema\/person\/97079b7570c1e89ec0d9e138c3672136","name":"admin","image":{"@type":"ImageObject","inLanguage":"az","@id":"https:\/\/www.zerdab.com\/#\/schema\/person\/image\/","url":"https:\/\/secure.gravatar.com\/avatar\/d9c52a9a27c32119cb6679a077fa3e2779e5f822c451cbf01098004361d466ec?s=96&d=mm&r=g","contentUrl":"https:\/\/secure.gravatar.com\/avatar\/d9c52a9a27c32119cb6679a077fa3e2779e5f822c451cbf01098004361d466ec?s=96&d=mm&r=g","caption":"admin"},"url":"https:\/\/www.zerdab.com\/?author=1"}]}},"_links":{"self":[{"href":"https:\/\/www.zerdab.com\/index.php?rest_route=\/wp\/v2\/posts\/19618","targetHints":{"allow":["GET"]}}],"collection":[{"href":"https:\/\/www.zerdab.com\/index.php?rest_route=\/wp\/v2\/posts"}],"about":[{"href":"https:\/\/www.zerdab.com\/index.php?rest_route=\/wp\/v2\/types\/post"}],"author":[{"embeddable":true,"href":"https:\/\/www.zerdab.com\/index.php?rest_route=\/wp\/v2\/users\/1"}],"replies":[{"embeddable":true,"href":"https:\/\/www.zerdab.com\/index.php?rest_route=%2Fwp%2Fv2%2Fcomments&post=19618"}],"version-history":[{"count":4,"href":"https:\/\/www.zerdab.com\/index.php?rest_route=\/wp\/v2\/posts\/19618\/revisions"}],"predecessor-version":[{"id":19626,"href":"https:\/\/www.zerdab.com\/index.php?rest_route=\/wp\/v2\/posts\/19618\/revisions\/19626"}],"wp:attachment":[{"href":"https:\/\/www.zerdab.com\/index.php?rest_route=%2Fwp%2Fv2%2Fmedia&parent=19618"}],"wp:term":[{"taxonomy":"category","embeddable":true,"href":"https:\/\/www.zerdab.com\/index.php?rest_route=%2Fwp%2Fv2%2Fcategories&post=19618"},{"taxonomy":"post_tag","embeddable":true,"href":"https:\/\/www.zerdab.com\/index.php?rest_route=%2Fwp%2Fv2%2Ftags&post=19618"}],"curies":[{"name":"wp","href":"https:\/\/api.w.org\/{rel}","templated":true}]}}