{"id":19839,"date":"2015-06-10T06:00:42","date_gmt":"2015-06-10T01:00:42","guid":{"rendered":"http:\/\/www.zerdab.com\/?p=19839"},"modified":"2015-06-09T21:29:25","modified_gmt":"2015-06-09T16:29:25","slug":"i-avropa-oyunlarinin-olk%c9%99miz-ucun-%c9%99h%c9%99miyy%c9%99ti","status":"publish","type":"post","link":"https:\/\/www.zerdab.com\/?p=19839","title":{"rendered":"I Avropa Oyunlar\u0131n\u0131n \u00f6lk\u0259miz \u00fc\u00e7\u00fcn \u0259h\u0259miyy\u0259ti"},"content":{"rendered":"<figure id=\"attachment_19785\" aria-describedby=\"caption-attachment-19785\" style=\"width: 400px\" class=\"wp-caption aligncenter\"><a href=\"http:\/\/www.zerdab.com\/milli-m%c9%99n%c9%99vi-d%c9%99y%c9%99rl%c9%99r-v%c9%99-muasirlik\/qurban-suleymanov\/\" rel=\"attachment wp-att-19785\"><img loading=\"lazy\" decoding=\"async\" class=\"size-full wp-image-19785\" src=\"http:\/\/www.zerdab.com\/wp-content\/uploads\/2015\/06\/Qurban-S\u00fcleymanov.jpg\" alt=\"Qurban S\u00fcleymanov\" width=\"400\" height=\"481\" srcset=\"https:\/\/www.zerdab.com\/wp-content\/uploads\/2015\/06\/Qurban-S\u00fcleymanov.jpg 400w, https:\/\/www.zerdab.com\/wp-content\/uploads\/2015\/06\/Qurban-S\u00fcleymanov-333x400.jpg 333w, https:\/\/www.zerdab.com\/wp-content\/uploads\/2015\/06\/Qurban-S\u00fcleymanov-42x50.jpg 42w, https:\/\/www.zerdab.com\/wp-content\/uploads\/2015\/06\/Qurban-S\u00fcleymanov-300x361.jpg 300w\" sizes=\"auto, (max-width: 400px) 100vw, 400px\" \/><\/a><figcaption id=\"caption-attachment-19785\" class=\"wp-caption-text\"><span style=\"color: #0000ff;\"><strong>Qurban S\u00fcleymanov<\/strong><\/span><\/figcaption><\/figure>\n<p><strong>H\u0259d\u0259f\u0259 do\u011fru<\/strong><\/p>\n<p><strong>\u00a0\u00a0 <\/strong>Az\u0259rbaycan bir ilk\u0259 imza atma\u011fa haz\u0131rla\u015f\u0131r. Bak\u0131 birinci Avropa Oyunlar\u0131na ev sahibliyi ed\u0259c\u0259k. Bu, d\u00f6vl\u0259timizin u\u011furlu siyas\u0259ti v\u0259 d\u00fcnyadak\u0131 n\u00fcfuzunun m\u0259ntiqi n\u0259tic\u0259sidir. M\u00fcst\u0259qilliyimizi \u0259ld\u0259 etdikd\u0259n sonra d\u00f6vl\u0259t s\u0259viyy\u0259sind\u0259 idmana x\u00fcsusi diqq\u0259t g\u00f6st\u0259rilm\u0259y\u0259 ba\u015fland\u0131. Milli Liderimizin prezidentliyinin ilk d\u00f6vrl\u0259rind\u0259 idman ictimaiyy\u0259ti il\u0259 g\u00f6r\u00fc\u015f\u00fcnd\u0259 \u201cAz\u0259rbaycan prezidenti kimi, \u015f\u0259xs\u0259n m\u0259n s\u00f6z vermi\u015f\u0259m v\u0259 indi d\u0259 bunu t\u0259sdiq edir\u0259m ki, idmana x\u00fcsusi qay\u011f\u0131n\u0131 \u00f6z \u00fcz\u0259rim\u0259 g\u00f6t\u00fcr\u00fcr\u0259m\u201d dem\u0259si bunun bariz s\u00fcbutudur.<\/p>\n<p>Heyd\u0259r \u018fliyevin \u0259sas m\u0259qs\u0259di xalq\u0131m\u0131z\u0131n sa\u011flam g\u0259l\u0259c\u0259yini qurmaq, h\u0259m\u00e7inin idman\u00e7\u0131lar\u0131m\u0131z\u0131n beyn\u0259lxalq t\u0259dbirl\u0259rd\u0259 qazanacaqlar\u0131 \u00e7oxsayl\u0131 u\u011furlar, el\u0259c\u0259 d\u0259 \u0259n m\u00f6t\u0259b\u0259r yar\u0131\u015flar\u0131 \u00f6lk\u0259miz\u0259 g\u0259tirm\u0259kl\u0259 onu d\u00fcnyada daha yax\u0131ndan tan\u0131tmaq v\u0259 q\u00fcdr\u0259tli \u00f6lk\u0259y\u0259 \u00e7evirm\u0259k idi. O, deyirdi: \u201c\u0130dman kimi Az\u0259rbaycan\u0131n m\u00fcst\u0259qilliyinin r\u0259mzl\u0259rini n\u00fcmayi\u015f etdir\u0259n ikinci bir vasit\u0259 yoxdur\u201d. M\u0259hz bu s\u0259b\u0259bd\u0259n d\u0259 idman respublikam\u0131zda d\u00f6vl\u0259t s\u0259viyy\u0259sind\u0259 daim b\u00f6y\u00fck qay\u011f\u0131 il\u0259 yana\u015f\u0131lm\u0131\u015f strateji m\u0259qs\u0259d olub. Heyd\u0259r \u018fliyevin Milli Olimpiya Komit\u0259sin\u0259 o\u011flu\u00a0 \u0130lham \u018fliyevi r\u0259hb\u0259r t\u0259yin etm\u0259si, el\u0259c\u0259 d\u0259 Prezident \u0130lham \u018fliyevin birinci Avropa Oyunlar\u0131n\u0131n T\u0259\u015fkilat Komit\u0259sin\u0259 r\u0259hb\u0259rliyi \u0259n etibar etdiyi \u015f\u0259xs\u0259 \u2013 h\u0259yat yolda\u015f\u0131 Mehriban \u018fliyevaya h\u0259val\u0259 etm\u0259si bu m\u0259s\u0259l\u0259y\u0259 b\u00f6y\u00fck h\u0259ssasl\u0131qla yana\u015f\u0131ld\u0131\u011f\u0131n\u0131n g\u00f6st\u0259ricisidir. Bu irad\u0259nin n\u0259tic\u0259sidir ki, respublikam\u0131zda idman\u0131n inki\u015faf\u0131 \u0259n y\u00fcks\u0259k s\u0259viyy\u0259y\u0259 \u00e7atm\u0131\u015fd\u0131r. T\u0259kc\u0259 bir fakt\u0131 qeyd etm\u0259k yerin\u0259 d\u00fc\u015f\u0259r ki, Bak\u0131 v\u0259 rayonlarda m\u00fcasir \u015f\u0259raitli 40-dan \u00e7ox Olimpiya \u0130dman Kompleksi tikilmi\u015f, m\u00fcxt\u0259lif beyn\u0259lxalq t\u0259dbirl\u0259r\u0259 ev sahibliyi etm\u0259kl\u0259 \u00f6lk\u0259miz idman al\u0259min\u0259 t\u00f6hf\u0259l\u0259r vermi\u015fdir.<\/p>\n<p>\u00d6t\u0259n d\u00f6vr bu siyas\u0259tin do\u011frulu\u011funu s\u00fcbut etdi \u2013 d\u00fcnyada layiqli yerimizi tutduq v\u0259 idman \u00f6lk\u0259si kimi tan\u0131nd\u0131q.<\/p>\n<p>\u018fsas h\u0259d\u0259f is\u0259 torpaqlar\u0131m\u0131z\u0131 i\u015f\u011faldan azad etm\u0259k idi\u2026<\/p>\n<p><strong>D\u00fcnya idman\u0131n\u0131n lokomotivi<\/strong><\/p>\n<p>Olimpiya oyunlar\u0131n\u0131n tarixini izl\u0259dikd\u0259 g\u00f6rm\u0259k olar ki, bu c\u00fcr \u0259h\u0259miyy\u0259tli t\u0259dbirl\u0259r\u0259 ad\u0259t\u0259n n\u00fcfuzlu \u00f6lk\u0259l\u0259r ev sahibliyi edir. 1896-c\u0131 ild\u0259n indiy\u0259d\u0259k 27 d\u0259f\u0259 ba\u015f tutmu\u015f d\u00fcnyan\u0131n \u0259n b\u00f6y\u00fck idman t\u0259dbiri olan Yay Olimpiya Oyunlar\u0131nda yaln\u0131z 18 \u00f6lk\u0259 bu \u015f\u0259r\u0259f\u0259 nail olub. Oyunlar\u0131n AB\u015e-da 4, Birl\u0259\u015fmi\u015f Krall\u0131q, Yunan\u0131stan, Almaniya, Fransa v\u0259 Avstraliyada h\u0259r\u0259sind\u0259 2 d\u0259f\u0259 t\u0259krar ke\u00e7irildiyini n\u0259z\u0259r\u0259 alsaq, 27 t\u0259dbird\u0259n 14-n\u00fcn yaln\u0131z bu alt\u0131 \u00f6lk\u0259d\u0259 t\u0259\u015fkil olundu\u011funu g\u00f6r\u0259rik. T\u0259dbirl\u0259rin 16-s\u0131 Avropa, 6-s\u0131 Amerika, 3-\u00fc Asiya, 2-si is\u0259 Avstraliya qit\u0259l\u0259rinin pay\u0131na d\u00fc\u015f\u00fcr. Y\u0259ni, dig\u0259r \u00fc\u00e7 qit\u0259d\u0259 ke\u00e7irilmi\u015f 11 t\u0259dbir birlikd\u0259 bel\u0259 Avropadan azd\u0131r.<\/p>\n<p>N\u0259tic\u0259l\u0259r d\u0259 ox\u015fard\u0131r. Bel\u0259 ki, ke\u00e7iril\u0259n 27 t\u0259dbird\u0259 komanda \u015f\u0259klind\u0259 c\u0259mi 18 \u00f6lk\u0259 78 d\u0259f\u0259 f\u0259xri k\u00fcrs\u00fcy\u0259 qalxm\u0131\u015fd\u0131r. Bu \u00f6lk\u0259l\u0259rin 13-\u00fc Avropan\u0131 t\u0259msil edir. C\u0259mi qazan\u0131lm\u0131\u015f 78 yerin 43-n\u00fc \u0259ld\u0259 etm\u0259kl\u0259 is\u0259 \u201cQoca qit\u0259\u201d burada da liderliyini qoruyur. Yar\u0131\u015flar\u0131 ke\u00e7irmi\u015f dig\u0259r 13 \u00f6lk\u0259y\u0259 d\u0259 n\u0259z\u0259r sald\u0131qda m\u0259lum olur ki, d\u00fcnyan\u0131n \u0259n m\u00f6t\u0259b\u0259r idman t\u0259dbirl\u0259ri el\u0259 d\u00fcnyan\u0131n \u0259n m\u00f6t\u0259b\u0259r siyasi-iqtisadi g\u00fcc\u00fc olan \u00f6lk\u0259l\u0259rd\u0259 ke\u00e7irilir. Bel\u0259likl\u0259 d\u0259 Olimpiya oyunlar\u0131n\u0131n b\u00f6y\u00fck siyasi anlam\u0131n\u0131, el\u0259c\u0259 d\u0259 Avropan\u0131n d\u00fcnya idman\u0131ndak\u0131 y\u00fcks\u0259k x\u00fcsusi \u00e7\u0259kisini g\u00f6r\u00fcr\u00fck.<\/p>\n<p><strong>Rekordlar \u00f6lk\u0259si<\/strong><\/p>\n<p><strong>\u00a0<\/strong><strong>\u00a0\u00a0\u00a0 <\/strong>M\u0259hz h\u0259min Avropan\u0131n \u0259sas\u0259n xristianlardan ibar\u0259t 49 d\u00f6vl\u0259tinin 38-i tarixd\u0259 ilk d\u0259f\u0259 ba\u015f tutacaq, m\u00fcr\u0259kk\u0259blik v\u0259 mahiyy\u0259t etibaril\u0259 yaln\u0131z Olimpiya oyunlar\u0131 il\u0259 eyni s\u0259viyy\u0259li olan birinci Avropa Oyunlar\u0131n\u0131n g\u0259nc m\u00fcs\u0259lman \u00f6lk\u0259si olan Az\u0259rbaycan\u0131n paytaxt\u0131 Bak\u0131 \u015f\u0259h\u0259rind\u0259 ke\u00e7irilm\u0259sin\u0259 q\u0259rar verdil\u0259r. Bu, \u0130lham \u018fliyevin \u015f\u0259xsind\u0259 biz\u0259 olan b\u00f6y\u00fck inam v\u0259 etimad\u0131n n\u0259tic\u0259sidir.<\/p>\n<p>26 aprel 2015-ci ild\u0259 Bak\u0131da alovun g\u00f6t\u00fcr\u00fclm\u0259si m\u0259rasimind\u0259 Avropa Olimpiya Komit\u0259sinin prezidenti Patrik Hikinin \u00e7ox q\u0131sa m\u00fcdd\u0259t \u0259rzind\u0259 Az\u0259rbaycan\u0131n \u0259n \u00e7\u0131l\u011f\u0131n arzularla bel\u0259 d\u00fc\u015f\u00fcn\u00fclm\u0259y\u0259c\u0259k s\u0259viyy\u0259d\u0259 i\u015f g\u00f6rm\u0259kl\u0259 rekorda imza atd\u0131\u011f\u0131n\u0131 x\u00fcsusi qeyd etm\u0259si \u00f6lk\u0259mizin q\u00fcdr\u0259tinin, h\u0259m\u00e7inin \u201cQoca qit\u0259nin\u201d biz\u0259 etimad g\u00f6st\u0259rm\u0259kd\u0259 yan\u0131lmad\u0131\u011f\u0131n\u0131n s\u00fcbutudur.<\/p>\n<p>D\u00f6vl\u0259ti israf\u00e7\u0131l\u0131qda \u0259sass\u0131z olaraq ittiham ed\u0259nl\u0259r\u0259 tutarl\u0131 cavabd\u0131r ki, bu c\u00fcr qlobal t\u0259dbirl\u0259r\u0259 ev sahibliyi ed\u0259c\u0259k \u00f6lk\u0259nin se\u00e7imind\u0259 t\u0259sad\u00fcfl\u0259r\u0259 q\u0259tiyy\u0259n yer yoxdur. Bu, d\u00f6vl\u0259timizin b\u00f6y\u00fck z\u0259hm\u0259tl\u0259 qazand\u0131\u011f\u0131 h\u00f6rm\u0259t v\u0259 idman\u0131m\u0131z\u0131n n\u00fcfuzunun Avropa t\u0259r\u0259find\u0259n d\u0259y\u0259rl\u0259ndirilm\u0259sidir.<\/p>\n<p>Oyunlara ev sahibliyinin \u0259h\u0259miyy\u0259ti v\u0259 onun n\u0259tic\u0259sind\u0259n \u0259ld\u0259 olunacaq m\u0259nf\u0259\u0259t \u0259sas etibaril\u0259 beyn\u0259lxalq arenada n\u00fcfuz m\u0259s\u0259l\u0259si il\u0259 ba\u011fl\u0131d\u0131r v\u0259 h\u0259r \u015feyd\u0259n \u0259vv\u0259l, Az\u0259rbaycan \u00fc\u00e7\u00fcn a\u015fa\u011f\u0131dak\u0131 g\u00f6zl\u0259ntil\u0259ri xarakteriz\u0259 edir:<\/p>\n<p>&#8211; Bel\u0259 t\u0259dbirl\u0259rin ke\u00e7irilm\u0259sind\u0259 ba\u015fl\u0131ca\u00a0 m\u0259qs\u0259d s\u00fclh\u00fcn, m\u00fcq\u0259dd\u0259s ideyalar\u0131n d\u00fcnyaya t\u0259bli\u011fidir. M\u00f6vcud m\u00fcharib\u0259l\u0259r \u015f\u0259raitind\u0259, bar\u0131\u015fa daha \u00e7ox ehtiyac duyuldu\u011fu bir d\u00f6vrd\u0259 bu t\u0259\u015fkilat\u00e7\u0131l\u0131\u011f\u0131m\u0131zla \u0259n az\u0131 17 g\u00fcn \u0259rzind\u0259 m\u00f6ht\u0259\u015f\u0259m s\u00fclh ab-havas\u0131 yaradacaq v\u0259 bununla da beyn\u0259lxalq al\u0259md\u0259 n\u00fcfuzumuzu daha da g\u00fccl\u0259ndir\u0259c\u0259yik;<\/p>\n<p>&#8211; D\u00fcnyaya, x\u00fcsus\u0259n d\u0259 islamofobiyan\u0131n daha s\u0259rt xarakter ald\u0131\u011f\u0131 xristian Avropas\u0131na s\u00fclh car\u00e7\u0131s\u0131 olan demokratik m\u00fcs\u0259lman \u00f6lk\u0259sini t\u0259qdim ed\u0259c\u0259k, dinl\u0259raras\u0131 g\u0259rginliy\u0259 m\u00fclayimlik g\u0259tir\u0259c\u0259yik;<\/p>\n<p>&#8211; Oyunlar \u0259r\u0259f\u0259sind\u0259 f\u0259rqli m\u0259d\u0259niyy\u0259tl\u0259r\u0259 m\u0259xsus \u00e7oxlu xarici qona\u011f\u0131 q\u0259bul ed\u0259c\u0259yik. M\u00fcxt\u0259lif \u00f6lk\u0259l\u0259rin yay\u0131m \u015firk\u0259tl\u0259ri, el\u0259c\u0259 d\u0259 t\u0259dbir\u0259 qat\u0131lacaq 1500-d\u0259n art\u0131q m\u0259tbuat n\u00fcmay\u0259nd\u0259si vasit\u0259sil\u0259 geni\u015f t\u0259qdimat\u0131m\u0131z ba\u015f tutacaq. D\u00fcnya xalq\u0131m\u0131z\u0131n y\u00fcks\u0259k tolerantl\u0131q, qonaqp\u0259rv\u0259rlik x\u00fcsusiyy\u0259tl\u0259rin\u0259, z\u0259ngin m\u0259n\u0259vi d\u0259y\u0259rl\u0259ri, musiqisi v\u0259 m\u0259tb\u0259xin\u0259 valeh olacaq. \u00d6lk\u0259miz m\u0259d\u0259niyy\u0259tl\u0259raras\u0131 sivilizasiyan\u0131n m\u0259rk\u0259zi oldu\u011funu bir daha t\u0259sdiq ed\u0259c\u0259k. Bu unikal x\u00fcsusiyy\u0259tl\u0259rimizin t\u0259bli\u011fi siyasi \u00e7\u0259kimizi daha da art\u0131racaq, Qaraba\u011f problemini \u0259trafl\u0131 \u015f\u0259kild\u0259 anlatmaq imkan\u0131m\u0131z yaranacaq;<\/p>\n<p>&#8211; Oyunlar\u0131n alovunun \u00f6lk\u0259mizin h\u0259r t\u0259r\u0259fini dola\u015fmas\u0131yla f\u00fcsnkar t\u0259bi\u0259timiz, q\u0259dim tariximiz y\u00fcks\u0259k \u015f\u0259kild\u0259 t\u0259bli\u011f olunacaq. Yar\u0131\u015flar\u0131n bir qisminin Ming\u0259\u00e7evird\u0259 ke\u00e7irilm\u0259si is\u0259 b\u00f6lg\u0259l\u0259rimizin turizm imkanlar\u0131n\u0131n t\u0259bli\u011find\u0259 m\u00fcst\u0259sna rol oynayacaq. Bel\u0259 ki, qonaqlar g\u00f6z\u0259l G\u0259nc\u0259miz\u0259, m\u00fcasir Ming\u0259\u00e7evirimiz\u0259, q\u0259dim \u015e\u0259kimiz\u0259, qonaqp\u0259rv\u0259r Z\u0259rdab\u0131m\u0131za getm\u0259kl\u0259 rayonlar\u0131m\u0131zdak\u0131 intibah\u0131 g\u00f6r\u0259c\u0259kl\u0259r. Bel\u0259likl\u0259 d\u0259 regionlar\u0131m\u0131zda turizmin inki\u015faf\u0131n\u0131n yeni m\u0259rh\u0259l\u0259si ba\u015flayacaq;<\/p>\n<p>&#8211; Birinci Avropa Oyunlar\u0131 biz\u0259 d\u00f6vl\u0259t v\u0259 xalq olaraq h\u0259mr\u0259yliyimizi, bacar\u0131q v\u0259 iddiam\u0131z\u0131 d\u00fcnyaya t\u0259qdim etm\u0259k, d\u00fc\u015fm\u0259n\u0259 is\u0259 g\u00f6st\u0259rm\u0259k \u00fc\u00e7\u00fcn g\u00f6z\u0259l f\u00fcrs\u0259tdir. Art\u0131q m\u00fc\u0259yy\u0259n m\u0259nada buna nail olmu\u015fuq. Bel\u0259 ki, t\u0259dbirl\u0259r \u00f6nc\u0259si q\u0131sa\u00a0 m\u00fcdd\u0259td\u0259 18\u00a0 idman\u00a0 obyekti tikilmi\u015f v\u0259 yenid\u0259n qurulmu\u015f, idman\u00e7\u0131lar\u0131n rahat \u015f\u0259kild\u0259 m\u0259skunla\u015faca\u011f\u0131 13 yeni ya\u015fay\u0131\u015f binas\u0131ndan ibar\u0259t \u201cAtletl\u0259r k\u0259ndi\u201d sal\u0131nm\u0131\u015fd\u0131r. 68 min 195 tama\u015fa\u00e7\u0131 tutumlu Olimpiya Stadionu is\u0259 \u0259n m\u00f6ht\u0259\u015f\u0259m idman m\u0259rk\u0259zl\u0259rind\u0259n biridir. T\u0259dbir\u0259 haz\u0131rl\u0131q m\u0259rh\u0259l\u0259sind\u0259 b\u00fct\u00fcn \u00f6lk\u0259, x\u00fcsus\u0259n d\u0259 paytaxt\u0131m\u0131z daha da g\u00f6z\u0259ll\u0259\u015fib, yollar, binalar yenil\u0259nib. M\u00fcasir obyektl\u0259r, otell\u0259r tikilm\u0259kl\u0259 turizm \u015f\u0259b\u0259k\u0259si inki\u015faf etdirilib. Ba\u015fl\u0131cas\u0131 is\u0259 idman infrastrukturu \u0259n y\u00fcks\u0259k s\u0259viyy\u0259d\u0259 qurulub. Bu da n\u00f6vb\u0259ti beyn\u0259lxalq t\u0259dbirl\u0259r\u0259, x\u00fcsus\u0259n d\u0259 Olimpiya oyunlar\u0131na daha inaml\u0131 \u015f\u0259kild\u0259 iddia etm\u0259yimiz\u0259 imkan ver\u0259c\u0259k;<\/p>\n<p>&#8211; Oyunlar g\u0259ncl\u0259rimiz\u0259 d\u0259 b\u00f6y\u00fck imkanlar yarad\u0131r. Bel\u0259 ki, t\u0259dbir\u0259 c\u0259lb olunacaq 13000 k\u00f6n\u00fcll\u00fc, qonaqlarla \u00fcnsiyy\u0259td\u0259 olmaqla dil \u00f6yr\u0259nm\u0259, t\u0259\u015fkilat\u00e7\u0131l\u0131q, m\u00fcnasib\u0259t qurma qabiliyy\u0259tin\u0259 yiy\u0259l\u0259n\u0259c\u0259k, yeni dostlar qazanacaq, t\u0259cr\u00fcb\u0259 \u0259ld\u0259 ed\u0259c\u0259kl\u0259r;<\/p>\n<p>&#8211; 2024-c\u00fc ild\u0259 ke\u00e7iril\u0259c\u0259k Yay Olimpiya Oyunlar\u0131n\u0131 qazanmaq u\u011frunda \u00f6lk\u0259l\u0259r aras\u0131nda g\u0259rgin m\u00fcbariz\u0259 ba\u015flay\u0131b. Art\u0131q Boston v\u0259 Roma \u015f\u0259h\u0259rl\u0259ri namiz\u0259dlikl\u0259rini ir\u0259li s\u00fcr\u00fcbl\u0259r. Berlin, yaxud Hamburq, el\u0259c\u0259 d\u0259 Parisin d\u0259 m\u00fcbariz\u0259y\u0259 qo\u015fulaca\u011f\u0131 g\u00f6zl\u0259nilir.<\/p>\n<p>D\u00fcnya o q\u0259d\u0259r d\u0259 sad\u0259l\u00f6vh deyil. \u018fg\u0259r AB\u015e, Almaniya, Fransa, \u0130taliya kimi b\u00f6y\u00fck g\u00fccl\u0259r bir ne\u00e7\u0259 d\u0259f\u0259 ev sahibliyi etdikl\u0259ri halda, m\u00fcr\u0259kk\u0259b\u00a0 \u015f\u0259rtl\u0259r\u0259\u00a0 r\u0259\u011fm\u0259n\u00a0 yenid\u0259n\u00a0 bu\u00a0 iddiaya d\u00fc\u015f\u00fcrl\u0259rs\u0259, burada art\u0131q oyunlar\u0131n qlobal v\u0259 siyasi mahiyy\u0259ti ortaya \u00e7\u0131x\u0131r. Bu m\u0259nada g\u0259nc \u00f6lk\u0259 olaraq ev sahibliyimizd\u0259n \u0259ld\u0259 ed\u0259c\u0259yimiz b\u00f6y\u00fck siyasi dividendl\u0259ri t\u0259s\u0259vv\u00fcr etm\u0259k o q\u0259d\u0259r d\u0259 \u00e7\u0259tin deyil. Prezident \u0130lham \u018fliyevin d\u0259 idman siyas\u0259tind\u0259 bu amil daim \u0259sas g\u00f6t\u00fcr\u00fcl\u00fcr. Bu imkan\u0131n \u0259ld\u0259 olunmas\u0131 is\u0259 d\u00f6vl\u0259t ba\u015f\u00e7\u0131s\u0131n\u0131n r\u0259hb\u0259rliyi alt\u0131nda aidiyyat\u0131 qurumlar\u0131n, x\u00fcsus\u0259n d\u0259 Milli Olimpiya Komit\u0259sinin m\u0259hsuldar f\u0259aliyy\u0259tinin n\u0259tic\u0259sidir. O n\u0259tic\u0259 ki, beyn\u0259lxalq yar\u0131\u015flarda, x\u00fcsus\u0259n d\u0259 Olimpiya oyunlar\u0131nda \u0259ld\u0259 etdiyimiz q\u0259l\u0259b\u0259l\u0259rin k\u0259miyy\u0259t v\u0259 keyfiyy\u0259t g\u00f6st\u0259ricil\u0259rinin artan templ\u0259 davam etm\u0259si \u2013 Atlantada 1, Sidneyd\u0259 3, Afinada 5, Pekind\u0259 7 v\u0259 Londonda 10 medal qazanmam\u0131z \u00f6lk\u0259mizin n\u00fcfuzunu daha da m\u00f6hk\u0259ml\u0259ndirib. Nailiyy\u0259tl\u0259r 2014-c\u00fc ild\u0259 is\u0259 \u0259n y\u00fcks\u0259k h\u0259dd\u0259 \u00e7at\u0131b. Bel\u0259 ki, \u00f6t\u0259n il i\u015ftirak etdiyimiz yar\u0131\u015flarda \u00fcmumilikd\u0259 275-i q\u0131z\u0131l olan 805 medal qazanmaqla idman tariximizin \u0259n \u00e7oxsayl\u0131 q\u0259l\u0259b\u0259 rekorduna imza atm\u0131\u015f\u0131q. \u018fn b\u00f6y\u00fck d\u00fcnya rekordunu is\u0259 ke\u00e7ir\u0259c\u0259yimiz birinci Avropa Oyunlar\u0131n\u0131n b\u00fct\u00fcn parametrl\u0259r \u00fczr\u0259 planetin \u0259n m\u00f6ht\u0259\u015f\u0259m v\u0259 yaddaqalan idman t\u0259dbiri olmas\u0131yla \u0259ld\u0259 ed\u0259c\u0259yik.<\/p>\n<p><strong>Olimpiya q\u0259hr\u0259man\u0131m\u0131z\u0131n t\u0259\u0259ss\u00fcratlar\u0131<\/strong><\/p>\n<p>Paytaxt\u0131m\u0131zda ba\u015f tutacaq bu yar\u0131\u015fda idman\u00e7\u0131lar\u0131m\u0131z\u0131n \u00f6lk\u0259mizi qalibl\u0259r s\u0131ras\u0131na y\u00fcks\u0259ltm\u0259l\u0259ri \u0259n b\u00f6y\u00fck ist\u0259yimizdir. Bu arzuya Namiq Abdullayev d\u0259 qo\u015fulur. Tarixi hadis\u0259nin onu \u00e7ox q\u00fcrurland\u0131rd\u0131\u011f\u0131n\u0131, sevincinin h\u00fcdudu olmad\u0131\u011f\u0131n\u0131 dey\u0259n olimpiya \u00e7empionumuz s\u00f6hb\u0259timizd\u0259 bildirdi ki, ad\u0259t\u0259n idman\u00e7\u0131lar xarici \u00f6lk\u0259l\u0259r\u0259 ged\u0259nd\u0259 ilk n\u00f6vb\u0259d\u0259 yar\u0131\u015flar\u0131n ke\u00e7irildiyi m\u0259kana v\u0259 yarad\u0131lm\u0131\u015f m\u00fchit\u0259 diqq\u0259t edirl\u0259r. Biz d\u0259 xaricd\u0259 olark\u0259n d\u0259rhal g\u00f6z\u00fcm\u00fcz \u00f6n\u00fcn\u0259 v\u0259t\u0259nimiz v\u0259 Prezidentimiz, onun idmana, idman\u00e7\u0131lar\u0131m\u0131za qay\u011f\u0131s\u0131, yaratd\u0131\u011f\u0131 y\u00fcks\u0259k \u015f\u0259rait g\u0259lir.<\/p>\n<p>Oyunlar\u0131n T\u0259\u015fkilat Komit\u0259sinin r\u0259hb\u0259ri Mehriban xan\u0131m \u018fliyevan\u0131n r\u0259hb\u0259rliyi il\u0259 c\u0259mi iki il yar\u0131ma g\u00f6r\u00fcl\u0259n\u00a0 b\u00f6y\u00fck i\u015fl\u0259r \u0259n y\u00fcks\u0259k d\u00fcnya standartlar\u0131na cavab verir. Bir misal\u0131 qeyd edim ki, bu yax\u0131nlarda Bak\u0131da Az\u0259rbaycan G\u00fcl\u0259\u015f Federasiyas\u0131n\u0131n kuboku u\u011frunda 12 \u00f6lk\u0259nin idman\u00e7\u0131 v\u0259 m\u00fct\u0259x\u0259ssisl\u0259rinin d\u0259 i\u015ftirak\u0131yla y\u00fcks\u0259k s\u0259viyy\u0259li yar\u0131\u015f ke\u00e7irildi. T\u0259dbir ilk d\u0259f\u0259 yenid\u0259nqurma i\u015fl\u0259rind\u0259n sonra Heyd\u0259r \u018fliyev ad\u0131na \u0130dman Saray\u0131nda oldu. Qonaqlar 2 il \u00f6nc\u0259 olduqlar\u0131 m\u0259kanda ba\u015f ver\u0259n m\u00f6ht\u0259\u015f\u0259m d\u0259yi\u015fiklik v\u0259 yarad\u0131lm\u0131\u015f y\u00fcks\u0259k \u015f\u0259rait\u0259 valeh olmu\u015fdular, g\u00f6rd\u00fckl\u0259rin\u0259 inanm\u0131rd\u0131lar. Q\u00fcrurverici hald\u0131r ki, dig\u0259r b\u00fct\u00fcn idman obyektl\u0259rimizd\u0259 d\u0259 v\u0259ziyy\u0259t eynidir v\u0259 a\u00e7\u0131l\u0131\u015f\u0131na h\u0259l\u0259 xeyli m\u00fcdd\u0259t qalsa da, art\u0131q \u00f6lk\u0259miz idman bayram\u0131na tam haz\u0131rd\u0131r. \u0130nan\u0131ram ki, xalq\u0131m\u0131z\u0131n y\u00fcks\u0259k d\u0259st\u0259yini hiss ed\u0259c\u0259k idman\u00e7\u0131lar\u0131m\u0131z h\u0259mi\u015f\u0259 oldu\u011fu kimi, x\u00fcsus\u0259n d\u0259 do\u011fma divarlar aras\u0131nda daha b\u00f6y\u00fck q\u0259l\u0259b\u0259l\u0259r\u0259 imza atacaq, himnimizi s\u0259sl\u0259ndir\u0259c\u0259k v\u0259 bayra\u011f\u0131m\u0131z\u0131 y\u00fcks\u0259ld\u0259c\u0259kl\u0259r.<\/p>\n<p><strong>Yolumuz \u015eu\u015fayad\u0131r<\/strong><\/p>\n<p>20 n\u00f6v \u00fczr\u0259 49 \u00f6lk\u0259nin 6000-d\u0259n \u00e7ox idman\u00e7\u0131s\u0131n\u0131n yar\u0131\u015faca\u011f\u0131 birinci Avropa Oyunlar\u0131n\u0131 d\u00f6vl\u0259timizin \u0259n y\u00fcks\u0259k s\u0259viyy\u0259d\u0259 ke\u00e7ir\u0259c\u0259yin\u0259 v\u0259 bununla da idman\u0131m\u0131z\u0131n inki\u015faf\u0131n\u0131n yeni m\u0259rh\u0259l\u0259y\u0259 q\u0259d\u0259m qoyaca\u011f\u0131na tam inan\u0131r\u0131q. H\u0259m d\u0259 \u0259minik ki, bu g\u00f6z\u0259l hadis\u0259 v\u0259t\u0259nda\u015flar\u0131m\u0131zda \u00f6z\u00fcn\u0259 inam\u0131, milli q\u00fcrur v\u0259 t\u0259\u0259ss\u00fcbke\u015flik hissini \u0259n y\u00fcks\u0259k s\u0259viyy\u0259y\u0259\u00a0 qald\u0131racaq, d\u00f6vl\u0259tl\u0259 xalq\u0131n birliyini daha da m\u00f6hk\u0259ml\u0259ndir\u0259c\u0259k, d\u00fcnyada artan n\u00fcfuzumuz\u00a0 is\u0259 inki\u015faf etmi\u015f \u00f6lk\u0259l\u0259r s\u0131ras\u0131na y\u00fcks\u0259lm\u0259kl\u0259 s\u00f6z sahibi olmam\u0131z\u0131 \u015f\u0259rtl\u0259ndir\u0259c\u0259k.<\/p>\n<p>\u2026H\u0259d\u0259f\u0259 \u00e7at\u0131r\u0131q. Milli liderimizin arzulad\u0131\u011f\u0131 \u0259n b\u00f6y\u00fck m\u0259qs\u0259d\u0259 siyasi varisi \u0130lham \u018fliyevin r\u0259hb\u0259rliyi alt\u0131nda s\u00fcr\u0259tl\u0259 yax\u0131nla\u015f\u0131r\u0131q. Bu g\u00f6z\u0259l idman bayram\u0131n\u0131 ba\u015fa vurmaqla b\u0259dxahlar\u0131m\u0131z \u00fcz\u0259rind\u0259 layiqli q\u0259l\u0259b\u0259 qazanaca\u011f\u0131q. \u018fn m\u00f6ht\u0259\u015f\u0259m q\u0259l\u0259b\u0259miz is\u0259 oyunlardan sonra f\u00f6vq\u0259lad\u0259 artacaq siyasi q\u00fcdr\u0259timizl\u0259 Qaraba\u011fda, d\u00fc\u015fm\u0259n \u00fcz\u0259rind\u0259 olacaq. El\u0259 is\u0259 n\u00f6vb\u0259ti oyunlar\u0131 \u015eu\u015fada qar\u015f\u0131layar\u0131q! \u0130n\u015faALLAH, C\u0131d\u0131r d\u00fcz\u00fcnd\u0259 g\u00f6r\u00fc\u015f\u0259rik!&#8230;<\/p>\n","protected":false},"excerpt":{"rendered":"<p>H\u0259d\u0259f\u0259 do\u011fru \u00a0\u00a0 Az\u0259rbaycan bir ilk\u0259 imza atma\u011fa haz\u0131rla\u015f\u0131r. Bak\u0131 birinci Avropa Oyunlar\u0131na ev sahibliyi ed\u0259c\u0259k. Bu, d\u00f6vl\u0259timizin u\u011furlu siyas\u0259ti v\u0259 d\u00fcnyadak\u0131 n\u00fcfuzunun m\u0259ntiqi n\u0259tic\u0259sidir. M\u00fcst\u0259qilliyimizi \u0259ld\u0259 etdikd\u0259n sonra d\u00f6vl\u0259t s\u0259viyy\u0259sind\u0259 idmana x\u00fcsusi diqq\u0259t g\u00f6st\u0259rilm\u0259y\u0259 ba\u015fland\u0131. Milli Liderimizin prezidentliyinin ilk d\u00f6vrl\u0259rind\u0259 idman ictimaiyy\u0259ti il\u0259 g\u00f6r\u00fc\u015f\u00fcnd\u0259 \u201cAz\u0259rbaycan prezidenti kimi, \u015f\u0259xs\u0259n m\u0259n s\u00f6z vermi\u015f\u0259m v\u0259 indi d\u0259 [&hellip;]<\/p>\n","protected":false},"author":1,"featured_media":0,"comment_status":"open","ping_status":"open","sticky":false,"template":"","format":"standard","meta":{"footnotes":""},"categories":[21],"tags":[],"class_list":{"0":"post-19839","1":"post","2":"type-post","3":"status-publish","4":"format-standard","6":"category-zrdab"},"yoast_head":"<!-- This site is optimized with the Yoast SEO plugin v27.0 - https:\/\/yoast.com\/product\/yoast-seo-wordpress\/ -->\n<title>I Avropa Oyunlar\u0131n\u0131n \u00f6lk\u0259miz \u00fc\u00e7\u00fcn \u0259h\u0259miyy\u0259ti - Z\u0259rdab.com<\/title>\n<meta name=\"robots\" content=\"index, follow, max-snippet:-1, max-image-preview:large, max-video-preview:-1\" \/>\n<link rel=\"canonical\" href=\"https:\/\/www.zerdab.com\/?p=19839\" \/>\n<meta property=\"og:locale\" content=\"az_AZ\" \/>\n<meta property=\"og:type\" content=\"article\" \/>\n<meta property=\"og:title\" content=\"I Avropa Oyunlar\u0131n\u0131n \u00f6lk\u0259miz \u00fc\u00e7\u00fcn \u0259h\u0259miyy\u0259ti - Z\u0259rdab.com\" \/>\n<meta property=\"og:description\" content=\"H\u0259d\u0259f\u0259 do\u011fru \u00a0\u00a0 Az\u0259rbaycan bir ilk\u0259 imza atma\u011fa haz\u0131rla\u015f\u0131r. Bak\u0131 birinci Avropa Oyunlar\u0131na ev sahibliyi ed\u0259c\u0259k. Bu, d\u00f6vl\u0259timizin u\u011furlu siyas\u0259ti v\u0259 d\u00fcnyadak\u0131 n\u00fcfuzunun m\u0259ntiqi n\u0259tic\u0259sidir. M\u00fcst\u0259qilliyimizi \u0259ld\u0259 etdikd\u0259n sonra d\u00f6vl\u0259t s\u0259viyy\u0259sind\u0259 idmana x\u00fcsusi diqq\u0259t g\u00f6st\u0259rilm\u0259y\u0259 ba\u015fland\u0131. Milli Liderimizin prezidentliyinin ilk d\u00f6vrl\u0259rind\u0259 idman ictimaiyy\u0259ti il\u0259 g\u00f6r\u00fc\u015f\u00fcnd\u0259 \u201cAz\u0259rbaycan prezidenti kimi, \u015f\u0259xs\u0259n m\u0259n s\u00f6z vermi\u015f\u0259m v\u0259 indi d\u0259 [&hellip;]\" \/>\n<meta property=\"og:url\" content=\"https:\/\/www.zerdab.com\/?p=19839\" \/>\n<meta property=\"og:site_name\" content=\"Z\u0259rdab.com\" \/>\n<meta property=\"article:published_time\" content=\"2015-06-10T01:00:42+00:00\" \/>\n<meta name=\"author\" content=\"admin\" \/>\n<meta name=\"twitter:card\" content=\"summary_large_image\" \/>\n<meta name=\"twitter:label1\" content=\"Written by\" \/>\n\t<meta name=\"twitter:data1\" content=\"admin\" \/>\n\t<meta name=\"twitter:label2\" content=\"Est. reading time\" \/>\n\t<meta name=\"twitter:data2\" content=\"13 minutes\" \/>\n<script type=\"application\/ld+json\" class=\"yoast-schema-graph\">{\"@context\":\"https:\/\/schema.org\",\"@graph\":[{\"@type\":\"Article\",\"@id\":\"https:\/\/www.zerdab.com\/?p=19839#article\",\"isPartOf\":{\"@id\":\"https:\/\/www.zerdab.com\/?p=19839\"},\"author\":{\"name\":\"admin\",\"@id\":\"https:\/\/www.zerdab.com\/#\/schema\/person\/97079b7570c1e89ec0d9e138c3672136\"},\"headline\":\"I Avropa Oyunlar\u0131n\u0131n \u00f6lk\u0259miz \u00fc\u00e7\u00fcn \u0259h\u0259miyy\u0259ti\",\"datePublished\":\"2015-06-10T01:00:42+00:00\",\"mainEntityOfPage\":{\"@id\":\"https:\/\/www.zerdab.com\/?p=19839\"},\"wordCount\":2596,\"commentCount\":0,\"articleSection\":[\"C\u018fM\u0130YY\u018fT\"],\"inLanguage\":\"az\",\"potentialAction\":[{\"@type\":\"CommentAction\",\"name\":\"Comment\",\"target\":[\"https:\/\/www.zerdab.com\/?p=19839#respond\"]}]},{\"@type\":\"WebPage\",\"@id\":\"https:\/\/www.zerdab.com\/?p=19839\",\"url\":\"https:\/\/www.zerdab.com\/?p=19839\",\"name\":\"I Avropa Oyunlar\u0131n\u0131n \u00f6lk\u0259miz \u00fc\u00e7\u00fcn \u0259h\u0259miyy\u0259ti - Z\u0259rdab.com\",\"isPartOf\":{\"@id\":\"https:\/\/www.zerdab.com\/#website\"},\"datePublished\":\"2015-06-10T01:00:42+00:00\",\"author\":{\"@id\":\"https:\/\/www.zerdab.com\/#\/schema\/person\/97079b7570c1e89ec0d9e138c3672136\"},\"breadcrumb\":{\"@id\":\"https:\/\/www.zerdab.com\/?p=19839#breadcrumb\"},\"inLanguage\":\"az\",\"potentialAction\":[{\"@type\":\"ReadAction\",\"target\":[\"https:\/\/www.zerdab.com\/?p=19839\"]}]},{\"@type\":\"BreadcrumbList\",\"@id\":\"https:\/\/www.zerdab.com\/?p=19839#breadcrumb\",\"itemListElement\":[{\"@type\":\"ListItem\",\"position\":1,\"name\":\"Home\",\"item\":\"https:\/\/www.zerdab.com\/\"},{\"@type\":\"ListItem\",\"position\":2,\"name\":\"I Avropa Oyunlar\u0131n\u0131n \u00f6lk\u0259miz \u00fc\u00e7\u00fcn \u0259h\u0259miyy\u0259ti\"}]},{\"@type\":\"WebSite\",\"@id\":\"https:\/\/www.zerdab.com\/#website\",\"url\":\"https:\/\/www.zerdab.com\/\",\"name\":\"Z\u0259rdab.com\",\"description\":\"\",\"potentialAction\":[{\"@type\":\"SearchAction\",\"target\":{\"@type\":\"EntryPoint\",\"urlTemplate\":\"https:\/\/www.zerdab.com\/?s={search_term_string}\"},\"query-input\":{\"@type\":\"PropertyValueSpecification\",\"valueRequired\":true,\"valueName\":\"search_term_string\"}}],\"inLanguage\":\"az\"},{\"@type\":\"Person\",\"@id\":\"https:\/\/www.zerdab.com\/#\/schema\/person\/97079b7570c1e89ec0d9e138c3672136\",\"name\":\"admin\",\"image\":{\"@type\":\"ImageObject\",\"inLanguage\":\"az\",\"@id\":\"https:\/\/www.zerdab.com\/#\/schema\/person\/image\/\",\"url\":\"https:\/\/secure.gravatar.com\/avatar\/d9c52a9a27c32119cb6679a077fa3e2779e5f822c451cbf01098004361d466ec?s=96&d=mm&r=g\",\"contentUrl\":\"https:\/\/secure.gravatar.com\/avatar\/d9c52a9a27c32119cb6679a077fa3e2779e5f822c451cbf01098004361d466ec?s=96&d=mm&r=g\",\"caption\":\"admin\"},\"url\":\"https:\/\/www.zerdab.com\/?author=1\"}]}<\/script>\n<!-- \/ Yoast SEO plugin. -->","yoast_head_json":{"title":"I Avropa Oyunlar\u0131n\u0131n \u00f6lk\u0259miz \u00fc\u00e7\u00fcn \u0259h\u0259miyy\u0259ti - Z\u0259rdab.com","robots":{"index":"index","follow":"follow","max-snippet":"max-snippet:-1","max-image-preview":"max-image-preview:large","max-video-preview":"max-video-preview:-1"},"canonical":"https:\/\/www.zerdab.com\/?p=19839","og_locale":"az_AZ","og_type":"article","og_title":"I Avropa Oyunlar\u0131n\u0131n \u00f6lk\u0259miz \u00fc\u00e7\u00fcn \u0259h\u0259miyy\u0259ti - Z\u0259rdab.com","og_description":"H\u0259d\u0259f\u0259 do\u011fru \u00a0\u00a0 Az\u0259rbaycan bir ilk\u0259 imza atma\u011fa haz\u0131rla\u015f\u0131r. Bak\u0131 birinci Avropa Oyunlar\u0131na ev sahibliyi ed\u0259c\u0259k. Bu, d\u00f6vl\u0259timizin u\u011furlu siyas\u0259ti v\u0259 d\u00fcnyadak\u0131 n\u00fcfuzunun m\u0259ntiqi n\u0259tic\u0259sidir. M\u00fcst\u0259qilliyimizi \u0259ld\u0259 etdikd\u0259n sonra d\u00f6vl\u0259t s\u0259viyy\u0259sind\u0259 idmana x\u00fcsusi diqq\u0259t g\u00f6st\u0259rilm\u0259y\u0259 ba\u015fland\u0131. Milli Liderimizin prezidentliyinin ilk d\u00f6vrl\u0259rind\u0259 idman ictimaiyy\u0259ti il\u0259 g\u00f6r\u00fc\u015f\u00fcnd\u0259 \u201cAz\u0259rbaycan prezidenti kimi, \u015f\u0259xs\u0259n m\u0259n s\u00f6z vermi\u015f\u0259m v\u0259 indi d\u0259 [&hellip;]","og_url":"https:\/\/www.zerdab.com\/?p=19839","og_site_name":"Z\u0259rdab.com","article_published_time":"2015-06-10T01:00:42+00:00","author":"admin","twitter_card":"summary_large_image","twitter_misc":{"Written by":"admin","Est. reading time":"13 minutes"},"schema":{"@context":"https:\/\/schema.org","@graph":[{"@type":"Article","@id":"https:\/\/www.zerdab.com\/?p=19839#article","isPartOf":{"@id":"https:\/\/www.zerdab.com\/?p=19839"},"author":{"name":"admin","@id":"https:\/\/www.zerdab.com\/#\/schema\/person\/97079b7570c1e89ec0d9e138c3672136"},"headline":"I Avropa Oyunlar\u0131n\u0131n \u00f6lk\u0259miz \u00fc\u00e7\u00fcn \u0259h\u0259miyy\u0259ti","datePublished":"2015-06-10T01:00:42+00:00","mainEntityOfPage":{"@id":"https:\/\/www.zerdab.com\/?p=19839"},"wordCount":2596,"commentCount":0,"articleSection":["C\u018fM\u0130YY\u018fT"],"inLanguage":"az","potentialAction":[{"@type":"CommentAction","name":"Comment","target":["https:\/\/www.zerdab.com\/?p=19839#respond"]}]},{"@type":"WebPage","@id":"https:\/\/www.zerdab.com\/?p=19839","url":"https:\/\/www.zerdab.com\/?p=19839","name":"I Avropa Oyunlar\u0131n\u0131n \u00f6lk\u0259miz \u00fc\u00e7\u00fcn \u0259h\u0259miyy\u0259ti - Z\u0259rdab.com","isPartOf":{"@id":"https:\/\/www.zerdab.com\/#website"},"datePublished":"2015-06-10T01:00:42+00:00","author":{"@id":"https:\/\/www.zerdab.com\/#\/schema\/person\/97079b7570c1e89ec0d9e138c3672136"},"breadcrumb":{"@id":"https:\/\/www.zerdab.com\/?p=19839#breadcrumb"},"inLanguage":"az","potentialAction":[{"@type":"ReadAction","target":["https:\/\/www.zerdab.com\/?p=19839"]}]},{"@type":"BreadcrumbList","@id":"https:\/\/www.zerdab.com\/?p=19839#breadcrumb","itemListElement":[{"@type":"ListItem","position":1,"name":"Home","item":"https:\/\/www.zerdab.com\/"},{"@type":"ListItem","position":2,"name":"I Avropa Oyunlar\u0131n\u0131n \u00f6lk\u0259miz \u00fc\u00e7\u00fcn \u0259h\u0259miyy\u0259ti"}]},{"@type":"WebSite","@id":"https:\/\/www.zerdab.com\/#website","url":"https:\/\/www.zerdab.com\/","name":"Z\u0259rdab.com","description":"","potentialAction":[{"@type":"SearchAction","target":{"@type":"EntryPoint","urlTemplate":"https:\/\/www.zerdab.com\/?s={search_term_string}"},"query-input":{"@type":"PropertyValueSpecification","valueRequired":true,"valueName":"search_term_string"}}],"inLanguage":"az"},{"@type":"Person","@id":"https:\/\/www.zerdab.com\/#\/schema\/person\/97079b7570c1e89ec0d9e138c3672136","name":"admin","image":{"@type":"ImageObject","inLanguage":"az","@id":"https:\/\/www.zerdab.com\/#\/schema\/person\/image\/","url":"https:\/\/secure.gravatar.com\/avatar\/d9c52a9a27c32119cb6679a077fa3e2779e5f822c451cbf01098004361d466ec?s=96&d=mm&r=g","contentUrl":"https:\/\/secure.gravatar.com\/avatar\/d9c52a9a27c32119cb6679a077fa3e2779e5f822c451cbf01098004361d466ec?s=96&d=mm&r=g","caption":"admin"},"url":"https:\/\/www.zerdab.com\/?author=1"}]}},"_links":{"self":[{"href":"https:\/\/www.zerdab.com\/index.php?rest_route=\/wp\/v2\/posts\/19839","targetHints":{"allow":["GET"]}}],"collection":[{"href":"https:\/\/www.zerdab.com\/index.php?rest_route=\/wp\/v2\/posts"}],"about":[{"href":"https:\/\/www.zerdab.com\/index.php?rest_route=\/wp\/v2\/types\/post"}],"author":[{"embeddable":true,"href":"https:\/\/www.zerdab.com\/index.php?rest_route=\/wp\/v2\/users\/1"}],"replies":[{"embeddable":true,"href":"https:\/\/www.zerdab.com\/index.php?rest_route=%2Fwp%2Fv2%2Fcomments&post=19839"}],"version-history":[{"count":1,"href":"https:\/\/www.zerdab.com\/index.php?rest_route=\/wp\/v2\/posts\/19839\/revisions"}],"predecessor-version":[{"id":19841,"href":"https:\/\/www.zerdab.com\/index.php?rest_route=\/wp\/v2\/posts\/19839\/revisions\/19841"}],"wp:attachment":[{"href":"https:\/\/www.zerdab.com\/index.php?rest_route=%2Fwp%2Fv2%2Fmedia&parent=19839"}],"wp:term":[{"taxonomy":"category","embeddable":true,"href":"https:\/\/www.zerdab.com\/index.php?rest_route=%2Fwp%2Fv2%2Fcategories&post=19839"},{"taxonomy":"post_tag","embeddable":true,"href":"https:\/\/www.zerdab.com\/index.php?rest_route=%2Fwp%2Fv2%2Ftags&post=19839"}],"curies":[{"name":"wp","href":"https:\/\/api.w.org\/{rel}","templated":true}]}}