{"id":19901,"date":"2015-06-13T23:41:36","date_gmt":"2015-06-13T18:41:36","guid":{"rendered":"http:\/\/www.zerdab.com\/?p=19901"},"modified":"2015-06-13T23:41:40","modified_gmt":"2015-06-13T18:41:40","slug":"qoruqbagi-k%c9%99ndind%c9%99-milli-qurtulus-gunu-il%c9%99-bagli-t%c9%99dbir-oldu","status":"publish","type":"post","link":"https:\/\/www.zerdab.com\/?p=19901","title":{"rendered":"Qoruqba\u011f\u0131 k\u0259ndind\u0259 Milli Qurtulu\u015f G\u00fcn\u00fc il\u0259 ba\u011fl\u0131 t\u0259dbir oldu"},"content":{"rendered":"<p><a href=\"http:\/\/www.zerdab.com\/qoruqbagi-k%c9%99ndind%c9%99-milli-qurtulus-gunu-il%c9%99-bagli-t%c9%99dbir-oldu\/z%c9%99rdab-qoruqbagi\/\" rel=\"attachment wp-att-19904\"><img loading=\"lazy\" decoding=\"async\" class=\"aligncenter size-large wp-image-19904\" src=\"http:\/\/www.zerdab.com\/wp-content\/uploads\/2015\/06\/Z\u0259rdab-Qoruqba\u011f\u0131-550x413.jpg\" alt=\"Z\u0259rdab-Qoruqba\u011f\u0131\" width=\"550\" height=\"413\" \/><\/a>\u00a0\u00a0 Qoruqba\u011f\u0131 k\u0259nd M\u0259d\u0259niyy\u0259t Evi v\u0259 6 sayl\u0131 k\u0259nd kitabxanas\u0131nda 15 iyun-Milli Qurtulu\u015f G\u00fcn\u00fc il\u0259 ba\u011fl\u0131 t\u0259dbir ke\u00e7irildi. M\u0259d\u0259niyy\u0259t Evinin m\u00fcdiri Hicran Manafova bildirdi ki, 22 ildir xalq\u0131m\u0131z 15 iyun g\u00fcn\u00fcn\u00fc \u00fcmumxalq bayram\u0131 kimi qeyd edir. Az\u0259rbaycan\u0131n &#8220;olum, ya \u00f6l\u00fcm&#8221; se\u00e7imi qar\u015f\u0131s\u0131nda qald\u0131\u011f\u0131, azadl\u0131\u011f\u0131m\u0131z\u0131n v\u0259 m\u00fcst\u0259qilliyimizin b\u00f6y\u00fck t\u0259hl\u00fck\u0259 il\u0259 \u00fczl\u0259\u015fdiyi 1993-c\u00fc ilin d\u0259h\u015f\u0259tli iyun g\u00fcnl\u0259rind\u0259 xalq\u0131n t\u0259kidli t\u0259l\u0259bi il\u0259 ulu \u00f6nd\u0259r Heyd\u0259r \u018fliyevin \u00f6lk\u0259mizin r\u0259hb\u0259rliyin\u0259 qay\u0131d\u0131\u015f\u0131 m\u00fcst\u0259qilliyini yenic\u0259 b\u0259rpa etmi\u015f respublikam\u0131z\u0131 m\u0259hv olmaq t\u0259hl\u00fck\u0259sind\u0259n xilas etdi v\u0259 xalq\u0131m\u0131z\u0131n tarixin\u0259 Milli Qurtulu\u015f g\u00fcn\u00fc kimi \u0259b\u0259di h\u0259kk olundu.<a href=\"http:\/\/www.zerdab.com\/qoruqbagi-k%c9%99ndind%c9%99-milli-qurtulus-gunu-il%c9%99-bagli-t%c9%99dbir-oldu\/z%c9%99rdab-qoruqbagi1\/\" rel=\"attachment wp-att-19905\"><img loading=\"lazy\" decoding=\"async\" class=\"aligncenter size-large wp-image-19905\" src=\"http:\/\/www.zerdab.com\/wp-content\/uploads\/2015\/06\/Z\u0259rdab-Qoruqba\u011f\u01311-550x413.jpg\" alt=\"Z\u0259rdab-Qoruqba\u011f\u0131\" width=\"550\" height=\"413\" \/><\/a><a href=\"http:\/\/www.zerdab.com\/qoruqbagi-k%c9%99ndind%c9%99-milli-qurtulus-gunu-il%c9%99-bagli-t%c9%99dbir-oldu\/z%c9%99rdab-qoruqbagi3\/\" rel=\"attachment wp-att-19907\"><img loading=\"lazy\" decoding=\"async\" class=\"aligncenter size-large wp-image-19907\" src=\"http:\/\/www.zerdab.com\/wp-content\/uploads\/2015\/06\/Z\u0259rdab-Qoruqba\u011f\u01313-550x413.jpg\" alt=\"Z\u0259rdab-Qoruqba\u011f\u0131\" width=\"550\" height=\"413\" \/><\/a><\/p>\n<p>Kitabxanan\u0131n direktoru R\u0259smiyy\u0259 \u018fhm\u0259dova is\u0259 \u00e7\u0131x\u0131\u015f\u0131nda dedi ki, \u00dcmummilli Liderimiz V\u0259t\u0259n v\u0259 xalq namin\u0259 \u00e7ox a\u011f\u0131r v\u0259 m\u0259suliyy\u0259tli missiyan\u0131 \u00f6hd\u0259sin\u0259 g\u00f6t\u00fcr\u0259r\u0259k bu yolda h\u0259r bir az\u0259rbaycanl\u0131 \u00fc\u00e7\u00fcn \u00f6rn\u0259k ola bil\u0259c\u0259k f\u0259dakarl\u0131q n\u00fcmun\u0259l\u0259ri g\u00f6st\u0259rdi. Unudulmaz dahi r\u0259hb\u0259rimiz xalq\u0131 \u00f6z inam\u0131n\u0131 itirm\u0259m\u0259y\u0259, m\u0259sl\u0259yind\u0259n d\u00f6nm\u0259m\u0259y\u0259, Az\u0259rbaycan\u0131n m\u00fcst\u0259qilliyi, milli azadl\u0131\u011f\u0131, m\u00fcst\u0259qil d\u00f6vl\u0259t kimi \u0259b\u0259di ya\u015famas\u0131 yolundan \u00e7\u0259kinm\u0259m\u0259y\u0259, \u00f6lk\u0259mizi d\u00fc\u00e7ar oldu\u011fu b\u00f6hrandan \u00e7\u0131xarma\u011fa \u00e7a\u011f\u0131rd\u0131.<\/p>\n<p><span style=\"color: #0000ff;\"><strong>G\u00fcl\u0259r ALLAHVERDIYEVA,<\/strong><\/span><\/p>\n<p><span style=\"color: #0000ff;\"><strong>Qoruqba\u011f\u0131 k\u0259ndi, 6 sayl\u0131 kitabxanan\u0131n \u0259m\u0259kda\u015f\u0131<\/strong><\/span><\/p>\n","protected":false},"excerpt":{"rendered":"<p>\u00a0\u00a0 Qoruqba\u011f\u0131 k\u0259nd M\u0259d\u0259niyy\u0259t Evi v\u0259 6 sayl\u0131 k\u0259nd kitabxanas\u0131nda 15 iyun-Milli Qurtulu\u015f G\u00fcn\u00fc il\u0259 ba\u011fl\u0131 t\u0259dbir ke\u00e7irildi. M\u0259d\u0259niyy\u0259t Evinin m\u00fcdiri Hicran Manafova bildirdi ki, 22 ildir xalq\u0131m\u0131z 15 iyun g\u00fcn\u00fcn\u00fc \u00fcmumxalq bayram\u0131 kimi qeyd edir. Az\u0259rbaycan\u0131n &#8220;olum, ya \u00f6l\u00fcm&#8221; se\u00e7imi qar\u015f\u0131s\u0131nda qald\u0131\u011f\u0131, azadl\u0131\u011f\u0131m\u0131z\u0131n v\u0259 m\u00fcst\u0259qilliyimizin b\u00f6y\u00fck t\u0259hl\u00fck\u0259 il\u0259 \u00fczl\u0259\u015fdiyi 1993-c\u00fc ilin d\u0259h\u015f\u0259tli iyun g\u00fcnl\u0259rind\u0259 [&hellip;]<\/p>\n","protected":false},"author":1,"featured_media":0,"comment_status":"open","ping_status":"open","sticky":false,"template":"","format":"standard","meta":{"footnotes":""},"categories":[21],"tags":[],"class_list":{"0":"post-19901","1":"post","2":"type-post","3":"status-publish","4":"format-standard","6":"category-zrdab"},"yoast_head":"<!-- This site is optimized with the Yoast SEO plugin v27.0 - https:\/\/yoast.com\/product\/yoast-seo-wordpress\/ -->\n<title>Qoruqba\u011f\u0131 k\u0259ndind\u0259 Milli Qurtulu\u015f G\u00fcn\u00fc il\u0259 ba\u011fl\u0131 t\u0259dbir oldu - Z\u0259rdab.com<\/title>\n<meta name=\"robots\" content=\"index, follow, max-snippet:-1, max-image-preview:large, max-video-preview:-1\" \/>\n<link rel=\"canonical\" href=\"https:\/\/www.zerdab.com\/?p=19901\" \/>\n<meta property=\"og:locale\" content=\"az_AZ\" \/>\n<meta property=\"og:type\" content=\"article\" \/>\n<meta property=\"og:title\" content=\"Qoruqba\u011f\u0131 k\u0259ndind\u0259 Milli Qurtulu\u015f G\u00fcn\u00fc il\u0259 ba\u011fl\u0131 t\u0259dbir oldu - Z\u0259rdab.com\" \/>\n<meta property=\"og:description\" content=\"\u00a0\u00a0 Qoruqba\u011f\u0131 k\u0259nd M\u0259d\u0259niyy\u0259t Evi v\u0259 6 sayl\u0131 k\u0259nd kitabxanas\u0131nda 15 iyun-Milli Qurtulu\u015f G\u00fcn\u00fc il\u0259 ba\u011fl\u0131 t\u0259dbir ke\u00e7irildi. M\u0259d\u0259niyy\u0259t Evinin m\u00fcdiri Hicran Manafova bildirdi ki, 22 ildir xalq\u0131m\u0131z 15 iyun g\u00fcn\u00fcn\u00fc \u00fcmumxalq bayram\u0131 kimi qeyd edir. Az\u0259rbaycan\u0131n &#8220;olum, ya \u00f6l\u00fcm&#8221; se\u00e7imi qar\u015f\u0131s\u0131nda qald\u0131\u011f\u0131, azadl\u0131\u011f\u0131m\u0131z\u0131n v\u0259 m\u00fcst\u0259qilliyimizin b\u00f6y\u00fck t\u0259hl\u00fck\u0259 il\u0259 \u00fczl\u0259\u015fdiyi 1993-c\u00fc ilin d\u0259h\u015f\u0259tli iyun g\u00fcnl\u0259rind\u0259 [&hellip;]\" \/>\n<meta property=\"og:url\" content=\"https:\/\/www.zerdab.com\/?p=19901\" \/>\n<meta property=\"og:site_name\" content=\"Z\u0259rdab.com\" \/>\n<meta property=\"article:published_time\" content=\"2015-06-13T18:41:36+00:00\" \/>\n<meta property=\"article:modified_time\" content=\"2015-06-13T18:41:40+00:00\" \/>\n<meta name=\"author\" content=\"admin\" \/>\n<meta name=\"twitter:card\" content=\"summary_large_image\" \/>\n<meta name=\"twitter:label1\" content=\"Written by\" \/>\n\t<meta name=\"twitter:data1\" content=\"admin\" \/>\n\t<meta name=\"twitter:label2\" content=\"Est. reading time\" \/>\n\t<meta name=\"twitter:data2\" content=\"1 minute\" \/>\n<script type=\"application\/ld+json\" class=\"yoast-schema-graph\">{\"@context\":\"https:\/\/schema.org\",\"@graph\":[{\"@type\":\"Article\",\"@id\":\"https:\/\/www.zerdab.com\/?p=19901#article\",\"isPartOf\":{\"@id\":\"https:\/\/www.zerdab.com\/?p=19901\"},\"author\":{\"name\":\"admin\",\"@id\":\"https:\/\/www.zerdab.com\/#\/schema\/person\/97079b7570c1e89ec0d9e138c3672136\"},\"headline\":\"Qoruqba\u011f\u0131 k\u0259ndind\u0259 Milli Qurtulu\u015f G\u00fcn\u00fc il\u0259 ba\u011fl\u0131 t\u0259dbir oldu\",\"datePublished\":\"2015-06-13T18:41:36+00:00\",\"dateModified\":\"2015-06-13T18:41:40+00:00\",\"mainEntityOfPage\":{\"@id\":\"https:\/\/www.zerdab.com\/?p=19901\"},\"wordCount\":283,\"commentCount\":0,\"articleSection\":[\"C\u018fM\u0130YY\u018fT\"],\"inLanguage\":\"az\",\"potentialAction\":[{\"@type\":\"CommentAction\",\"name\":\"Comment\",\"target\":[\"https:\/\/www.zerdab.com\/?p=19901#respond\"]}]},{\"@type\":\"WebPage\",\"@id\":\"https:\/\/www.zerdab.com\/?p=19901\",\"url\":\"https:\/\/www.zerdab.com\/?p=19901\",\"name\":\"Qoruqba\u011f\u0131 k\u0259ndind\u0259 Milli Qurtulu\u015f G\u00fcn\u00fc il\u0259 ba\u011fl\u0131 t\u0259dbir oldu - Z\u0259rdab.com\",\"isPartOf\":{\"@id\":\"https:\/\/www.zerdab.com\/#website\"},\"datePublished\":\"2015-06-13T18:41:36+00:00\",\"dateModified\":\"2015-06-13T18:41:40+00:00\",\"author\":{\"@id\":\"https:\/\/www.zerdab.com\/#\/schema\/person\/97079b7570c1e89ec0d9e138c3672136\"},\"breadcrumb\":{\"@id\":\"https:\/\/www.zerdab.com\/?p=19901#breadcrumb\"},\"inLanguage\":\"az\",\"potentialAction\":[{\"@type\":\"ReadAction\",\"target\":[\"https:\/\/www.zerdab.com\/?p=19901\"]}]},{\"@type\":\"BreadcrumbList\",\"@id\":\"https:\/\/www.zerdab.com\/?p=19901#breadcrumb\",\"itemListElement\":[{\"@type\":\"ListItem\",\"position\":1,\"name\":\"Home\",\"item\":\"https:\/\/www.zerdab.com\/\"},{\"@type\":\"ListItem\",\"position\":2,\"name\":\"Qoruqba\u011f\u0131 k\u0259ndind\u0259 Milli Qurtulu\u015f G\u00fcn\u00fc il\u0259 ba\u011fl\u0131 t\u0259dbir oldu\"}]},{\"@type\":\"WebSite\",\"@id\":\"https:\/\/www.zerdab.com\/#website\",\"url\":\"https:\/\/www.zerdab.com\/\",\"name\":\"Z\u0259rdab.com\",\"description\":\"\",\"potentialAction\":[{\"@type\":\"SearchAction\",\"target\":{\"@type\":\"EntryPoint\",\"urlTemplate\":\"https:\/\/www.zerdab.com\/?s={search_term_string}\"},\"query-input\":{\"@type\":\"PropertyValueSpecification\",\"valueRequired\":true,\"valueName\":\"search_term_string\"}}],\"inLanguage\":\"az\"},{\"@type\":\"Person\",\"@id\":\"https:\/\/www.zerdab.com\/#\/schema\/person\/97079b7570c1e89ec0d9e138c3672136\",\"name\":\"admin\",\"image\":{\"@type\":\"ImageObject\",\"inLanguage\":\"az\",\"@id\":\"https:\/\/www.zerdab.com\/#\/schema\/person\/image\/\",\"url\":\"https:\/\/secure.gravatar.com\/avatar\/d9c52a9a27c32119cb6679a077fa3e2779e5f822c451cbf01098004361d466ec?s=96&d=mm&r=g\",\"contentUrl\":\"https:\/\/secure.gravatar.com\/avatar\/d9c52a9a27c32119cb6679a077fa3e2779e5f822c451cbf01098004361d466ec?s=96&d=mm&r=g\",\"caption\":\"admin\"},\"url\":\"https:\/\/www.zerdab.com\/?author=1\"}]}<\/script>\n<!-- \/ Yoast SEO plugin. -->","yoast_head_json":{"title":"Qoruqba\u011f\u0131 k\u0259ndind\u0259 Milli Qurtulu\u015f G\u00fcn\u00fc il\u0259 ba\u011fl\u0131 t\u0259dbir oldu - Z\u0259rdab.com","robots":{"index":"index","follow":"follow","max-snippet":"max-snippet:-1","max-image-preview":"max-image-preview:large","max-video-preview":"max-video-preview:-1"},"canonical":"https:\/\/www.zerdab.com\/?p=19901","og_locale":"az_AZ","og_type":"article","og_title":"Qoruqba\u011f\u0131 k\u0259ndind\u0259 Milli Qurtulu\u015f G\u00fcn\u00fc il\u0259 ba\u011fl\u0131 t\u0259dbir oldu - Z\u0259rdab.com","og_description":"\u00a0\u00a0 Qoruqba\u011f\u0131 k\u0259nd M\u0259d\u0259niyy\u0259t Evi v\u0259 6 sayl\u0131 k\u0259nd kitabxanas\u0131nda 15 iyun-Milli Qurtulu\u015f G\u00fcn\u00fc il\u0259 ba\u011fl\u0131 t\u0259dbir ke\u00e7irildi. M\u0259d\u0259niyy\u0259t Evinin m\u00fcdiri Hicran Manafova bildirdi ki, 22 ildir xalq\u0131m\u0131z 15 iyun g\u00fcn\u00fcn\u00fc \u00fcmumxalq bayram\u0131 kimi qeyd edir. Az\u0259rbaycan\u0131n &#8220;olum, ya \u00f6l\u00fcm&#8221; se\u00e7imi qar\u015f\u0131s\u0131nda qald\u0131\u011f\u0131, azadl\u0131\u011f\u0131m\u0131z\u0131n v\u0259 m\u00fcst\u0259qilliyimizin b\u00f6y\u00fck t\u0259hl\u00fck\u0259 il\u0259 \u00fczl\u0259\u015fdiyi 1993-c\u00fc ilin d\u0259h\u015f\u0259tli iyun g\u00fcnl\u0259rind\u0259 [&hellip;]","og_url":"https:\/\/www.zerdab.com\/?p=19901","og_site_name":"Z\u0259rdab.com","article_published_time":"2015-06-13T18:41:36+00:00","article_modified_time":"2015-06-13T18:41:40+00:00","author":"admin","twitter_card":"summary_large_image","twitter_misc":{"Written by":"admin","Est. reading time":"1 minute"},"schema":{"@context":"https:\/\/schema.org","@graph":[{"@type":"Article","@id":"https:\/\/www.zerdab.com\/?p=19901#article","isPartOf":{"@id":"https:\/\/www.zerdab.com\/?p=19901"},"author":{"name":"admin","@id":"https:\/\/www.zerdab.com\/#\/schema\/person\/97079b7570c1e89ec0d9e138c3672136"},"headline":"Qoruqba\u011f\u0131 k\u0259ndind\u0259 Milli Qurtulu\u015f G\u00fcn\u00fc il\u0259 ba\u011fl\u0131 t\u0259dbir oldu","datePublished":"2015-06-13T18:41:36+00:00","dateModified":"2015-06-13T18:41:40+00:00","mainEntityOfPage":{"@id":"https:\/\/www.zerdab.com\/?p=19901"},"wordCount":283,"commentCount":0,"articleSection":["C\u018fM\u0130YY\u018fT"],"inLanguage":"az","potentialAction":[{"@type":"CommentAction","name":"Comment","target":["https:\/\/www.zerdab.com\/?p=19901#respond"]}]},{"@type":"WebPage","@id":"https:\/\/www.zerdab.com\/?p=19901","url":"https:\/\/www.zerdab.com\/?p=19901","name":"Qoruqba\u011f\u0131 k\u0259ndind\u0259 Milli Qurtulu\u015f G\u00fcn\u00fc il\u0259 ba\u011fl\u0131 t\u0259dbir oldu - Z\u0259rdab.com","isPartOf":{"@id":"https:\/\/www.zerdab.com\/#website"},"datePublished":"2015-06-13T18:41:36+00:00","dateModified":"2015-06-13T18:41:40+00:00","author":{"@id":"https:\/\/www.zerdab.com\/#\/schema\/person\/97079b7570c1e89ec0d9e138c3672136"},"breadcrumb":{"@id":"https:\/\/www.zerdab.com\/?p=19901#breadcrumb"},"inLanguage":"az","potentialAction":[{"@type":"ReadAction","target":["https:\/\/www.zerdab.com\/?p=19901"]}]},{"@type":"BreadcrumbList","@id":"https:\/\/www.zerdab.com\/?p=19901#breadcrumb","itemListElement":[{"@type":"ListItem","position":1,"name":"Home","item":"https:\/\/www.zerdab.com\/"},{"@type":"ListItem","position":2,"name":"Qoruqba\u011f\u0131 k\u0259ndind\u0259 Milli Qurtulu\u015f G\u00fcn\u00fc il\u0259 ba\u011fl\u0131 t\u0259dbir oldu"}]},{"@type":"WebSite","@id":"https:\/\/www.zerdab.com\/#website","url":"https:\/\/www.zerdab.com\/","name":"Z\u0259rdab.com","description":"","potentialAction":[{"@type":"SearchAction","target":{"@type":"EntryPoint","urlTemplate":"https:\/\/www.zerdab.com\/?s={search_term_string}"},"query-input":{"@type":"PropertyValueSpecification","valueRequired":true,"valueName":"search_term_string"}}],"inLanguage":"az"},{"@type":"Person","@id":"https:\/\/www.zerdab.com\/#\/schema\/person\/97079b7570c1e89ec0d9e138c3672136","name":"admin","image":{"@type":"ImageObject","inLanguage":"az","@id":"https:\/\/www.zerdab.com\/#\/schema\/person\/image\/","url":"https:\/\/secure.gravatar.com\/avatar\/d9c52a9a27c32119cb6679a077fa3e2779e5f822c451cbf01098004361d466ec?s=96&d=mm&r=g","contentUrl":"https:\/\/secure.gravatar.com\/avatar\/d9c52a9a27c32119cb6679a077fa3e2779e5f822c451cbf01098004361d466ec?s=96&d=mm&r=g","caption":"admin"},"url":"https:\/\/www.zerdab.com\/?author=1"}]}},"_links":{"self":[{"href":"https:\/\/www.zerdab.com\/index.php?rest_route=\/wp\/v2\/posts\/19901","targetHints":{"allow":["GET"]}}],"collection":[{"href":"https:\/\/www.zerdab.com\/index.php?rest_route=\/wp\/v2\/posts"}],"about":[{"href":"https:\/\/www.zerdab.com\/index.php?rest_route=\/wp\/v2\/types\/post"}],"author":[{"embeddable":true,"href":"https:\/\/www.zerdab.com\/index.php?rest_route=\/wp\/v2\/users\/1"}],"replies":[{"embeddable":true,"href":"https:\/\/www.zerdab.com\/index.php?rest_route=%2Fwp%2Fv2%2Fcomments&post=19901"}],"version-history":[{"count":2,"href":"https:\/\/www.zerdab.com\/index.php?rest_route=\/wp\/v2\/posts\/19901\/revisions"}],"predecessor-version":[{"id":19909,"href":"https:\/\/www.zerdab.com\/index.php?rest_route=\/wp\/v2\/posts\/19901\/revisions\/19909"}],"wp:attachment":[{"href":"https:\/\/www.zerdab.com\/index.php?rest_route=%2Fwp%2Fv2%2Fmedia&parent=19901"}],"wp:term":[{"taxonomy":"category","embeddable":true,"href":"https:\/\/www.zerdab.com\/index.php?rest_route=%2Fwp%2Fv2%2Fcategories&post=19901"},{"taxonomy":"post_tag","embeddable":true,"href":"https:\/\/www.zerdab.com\/index.php?rest_route=%2Fwp%2Fv2%2Ftags&post=19901"}],"curies":[{"name":"wp","href":"https:\/\/api.w.org\/{rel}","templated":true}]}}