{"id":19952,"date":"2015-06-18T15:45:09","date_gmt":"2015-06-18T10:45:09","guid":{"rendered":"http:\/\/www.zerdab.com\/?p=19952"},"modified":"2015-06-19T12:31:42","modified_gmt":"2015-06-19T07:31:42","slug":"m%c9%99tbuatin-140-illiyi-il%c9%99-bagli-t%c9%99dbirl%c9%99r%c9%99-z%c9%99rdabdan-baslanacaq","status":"publish","type":"post","link":"https:\/\/www.zerdab.com\/?p=19952","title":{"rendered":"&#8220;M\u0259tbuat\u0131n 140 illiyi il\u0259 ba\u011fl\u0131 t\u0259dbirl\u0259r\u0259 Z\u0259rdabdan ba\u015flanacaq&#8221;"},"content":{"rendered":"<p><a href=\"http:\/\/www.zerdab.com\/m%c9%99tbuatin-140-illiyi-il%c9%99-bagli-t%c9%99dbirl%c9%99r%c9%99-z%c9%99rdabdan-baslanacaq\/m%c9%99tbuatin-140-illiyi1\/\" rel=\"attachment wp-att-19954\"><img loading=\"lazy\" decoding=\"async\" class=\"aligncenter size-large wp-image-19954\" src=\"http:\/\/www.zerdab.com\/wp-content\/uploads\/2015\/06\/m\u0259tbuat\u0131n-140-illiyi1-550x330.jpg\" alt=\"m\u0259tbuat\u0131n 140 illiyi1\" width=\"550\" height=\"330\" \/><\/a>Az\u0259rbaycan Prezidentinin ictimai-siyasi m\u0259s\u0259l\u0259l\u0259r \u00fczr\u0259 k\u00f6m\u0259k\u00e7isi \u018fli H\u0259s\u0259nov Az\u0259rbaycan Prezidenti \u0130lham \u018fliyevin Az\u0259rbaycan milli m\u0259tbuat\u0131n\u0131n 140 illik yubileyinin ke\u00e7irilm\u0259si haqq\u0131nda s\u0259r\u0259ncam\u0131n\u0131n icras\u0131 il\u0259 ba\u011fl\u0131 m\u0259s\u0259l\u0259l\u0259ri \u00f6lk\u0259nin tan\u0131nm\u0131\u015f K\u0130V r\u0259hb\u0259rl\u0259ri il\u0259 m\u00fczakir\u0259 edib. T\u0259dbird\u0259 <span style=\"color: #000000;\"><strong>Zerdab.com<\/strong><\/span> <strong>sayt\u0131<\/strong>n\u0131n\u00a0\u0259m\u0259kda\u015f\u0131 da i\u015ftirak edib.<\/p>\n<p>\u018f.H\u0259s\u0259nov bildirib ki, Az\u0259rbaycan Prezidentinin r\u0259smi s\u0259r\u0259ncam\u0131na m\u00fcvafiq olaraq, milli m\u0259tbuat\u0131m\u0131z\u0131n 140 illik yubileyi y\u00fcks\u0259k s\u0259viyy\u0259d\u0259 qeyd edilm\u0259lidir.<\/p>\n<p>\u018f.H\u0259s\u0259nov qeyd edib ki, burada iki m\u0259qam m\u00fczakir\u0259 t\u0259l\u0259b edir: \u201cBunlardan biri yubiley t\u0259dbirl\u0259rinin hans\u0131 rayonlarda ke\u00e7irilm\u0259si m\u0259s\u0259l\u0259sidir. \u018flb\u0259tt\u0259, harada ke\u00e7irilm\u0259sind\u0259n as\u0131l\u0131 olmayaraq, biz t\u0259dbirl\u0259rd\u0259 m\u00fcxt\u0259lif strukturlar\u0131 bir araya toplayaca\u011f\u0131q. M\u0259s\u0259l\u0259n, G\u0259nc\u0259d\u0259 ke\u00e7iririks\u0259, G\u0259nc\u0259 \u0259traf\u0131 rayonlar\u0131n m\u00fcvafiq strukturlar\u0131n\u0131 oraya toplayaca\u011f\u0131q. Rayonlar\u0131n siyah\u0131s\u0131 m\u00fc\u0259yy\u0259n olunacaq. \u018flb\u0259tt\u0259, h\u0259r rayona buradan n\u00fcmay\u0259nd\u0259 g\u00f6nd\u0259rm\u0259k \u00e7\u0259tindir, h\u0259m\u00e7inin n\u0259z\u0259r\u0259 alsaq ki, Birinci Avropa Oyunlar\u0131na haz\u0131rla\u015f\u0131r\u0131q&#8221;.<\/p>\n<p>\u018f.H\u0259s\u0259nov vur\u011fulay\u0131b ki, m\u0259tbuat\u0131n inki\u015faf\u0131nda rolu olan jurnalistl\u0259rin Prezidentin m\u00fckafat\u0131 il\u0259 t\u0259ltif edilm\u0259si \u00fc\u00e7\u00fcn siyah\u0131 t\u0259qdim edil\u0259c\u0259k. Onun s\u00f6zl\u0259rin\u0259 g\u00f6r\u0259, f\u0259xri adlar \u00fc\u00e7\u00fcn namiz\u0259dl\u0259r redaksiyalar t\u0259r\u0259find\u0259n m\u00fc\u0259yy\u0259n olunub t\u0259qdim olunmal\u0131d\u0131r.<\/p>\n<p>PA s\u0259smisi qeyd edib ki, s\u0259r\u0259ncamda T\u0259dbirl\u0259r Plan\u0131n\u0131n haz\u0131rlanmas\u0131 n\u0259z\u0259rd\u0259 tutulub: &#8220;Bu T\u0259dbirl\u0259r Plan\u0131n\u0131 K\u0130V r\u0259hb\u0259rl\u0259ri il\u0259 m\u00fczakir\u0259 etm\u0259yi z\u0259ruri sayd\u0131q. G\u00f6r\u00fc\u015f\u00fcn n\u0259tic\u0259si olaraq T\u0259dbirl\u0259r Plan\u0131 il\u0259 ba\u011fl\u0131 t\u00f6vsiy\u0259l\u0259ri Prezident Administrasiyas\u0131n\u0131n r\u0259hb\u0259ri Ramiz Mehdiyev\u0259 t\u0259qdim ed\u0259c\u0259yik v\u0259 T\u0259dbirl\u0259r Plan\u0131 t\u0259sdiq olunacaq&#8221;.<\/p>\n<p>PA r\u0259smisi bildirib ki, orden v\u0259 medallarla ba\u011fl\u0131 standartlar var: &#8220;Jurnalist \u0259n az\u0131 10 il s\u0259m\u0259r\u0259li f\u0259aliyy\u0259t g\u00f6st\u0259rm\u0259lidir ki, T\u0259r\u0259qqi medal\u0131 verilsin. D\u00f6vl\u0259t ba\u015f\u00e7\u0131s\u0131 m\u00fct\u0259madi olaraq xidm\u0259tl\u0259rin\u0259 g\u00f6r\u0259, jurnalistl\u0259ri m\u00fckafatland\u0131r\u0131r, ancaq yubileyl\u0259r d\u00f6vr\u00fcnd\u0259 bu siyah\u0131 geni\u015f olur&#8221;.<\/p>\n<p>Daha sonra \u00e7\u0131x\u0131\u015f ed\u0259n M\u0259tbuat \u015euras\u0131n\u0131n s\u0259dri \u018fflatun Ama\u015fov bildirib ki, m\u0259tbuat\u0131n 140 illik yubileyinin ke\u00e7irilm\u0259si il\u0259 ba\u011fl\u0131 s\u0259r\u0259ncamda milli m\u0259tbuat\u0131m\u0131z\u0131n 140 illiyin\u0259 bax\u0131\u015f var v\u0259 s\u0259n\u0259dd\u0259 m\u0259tbuat\u0131n indiki v\u0259 g\u0259l\u0259c\u0259k durumu, demokratik prosesl\u0259rd\u0259 rolu \u00f6n\u0259 \u00e7\u0259kilir.<\/p>\n<p>Onun s\u00f6zl\u0259rin\u0259 g\u00f6r\u0259, m\u0259tbuat\u0131n 130, 135 v\u0259 140 illiyi il\u0259 ba\u011fl\u0131 veril\u0259n s\u0259r\u0259ncamlar m\u0259tbuat\u0131n bayram\u0131na \u00e7evrilib: &#8220;M\u0259tbuat\u0131m\u0131z\u0131n 130 illiyi il\u0259 ba\u011fl\u0131 s\u0259r\u0259ncamla \u201c\u018fm\u0259kdar jurnalist\u201d v\u0259 dig\u0259r f\u0259xri adlar b\u0259rpa olundu. M\u0259tbuat \u015euras\u0131na f\u0259xri ad almaqla ba\u011fl\u0131 son g\u00fcnl\u0259r 30 \u0259riz\u0259 daxil olub, bu, son g\u00fcn\u0259 q\u0259d\u0259r 1000-\u0259 \u00e7atacaq. Ancaq biz bilmirik ki, hans\u0131 parametrl\u0259rl\u0259 o jurnalistl\u0259ri se\u00e7m\u0259liyik. El\u0259 jurnalistl\u0259r var ki, 40-50 il \u00e7al\u0131\u015f\u0131b, ancaq n\u0259d\u0259ns\u0259 \u00e7\u0259kinirl\u0259r, m\u00fcraci\u0259t etmirl\u0259r. El\u0259c\u0259 d\u0259 m\u00fcxt\u0259lif qurumlar\u0131n m\u0259tbuat xidm\u0259tl\u0259rind\u0259 \u00e7al\u0131\u015fanlar var\u201d.<\/p>\n<p>Az\u0259rbaycan Prezidenti yan\u0131nda K\u00fctl\u0259vi \u0130nformasiya Vasit\u0259l\u0259rinin \u0130nki\u015faf\u0131na D\u00f6vl\u0259t D\u0259st\u0259yi Fondunun s\u0259dri V\u00fcqar S\u0259f\u0259rli m\u0259tbuat\u0131n 140 illiyi il\u0259 ba\u011fl\u0131 t\u0259dbirl\u0259rin Az\u0259rbayan m\u0259tbuat\u0131n\u0131n banisi H\u0259s\u0259n b\u0259y Z\u0259rdabi il\u0259 ba\u011fl\u0131 Z\u0259rdab rayonundan ba\u015flayaca\u011f\u0131n\u0131 n\u0259z\u0259r\u0259 \u00e7atd\u0131r\u0131b.<\/p>\n<p>V.S\u0259f\u0259rli Az\u0259rbaycanda m\u0259tbuata d\u0259st\u0259k istiqam\u0259tind\u0259 g\u00f6r\u00fcl\u0259n i\u015fl\u0259rd\u0259n, Fond t\u0259r\u0259find\u0259n q\u0259zetl\u0259r\u0259 ayr\u0131lan yard\u0131mlardan s\u00f6z a\u00e7\u0131b. O, bundan sonra da bu istiqam\u0259td\u0259 yard\u0131mlar\u0131n davam etdiril\u0259c\u0259yini s\u00f6yl\u0259yib.<\/p>\n<p><strong>Zerdab.com<\/strong><a href=\"http:\/\/www.zerdab.com\/m%c9%99tbuatin-140-illiyi-il%c9%99-bagli-t%c9%99dbirl%c9%99r%c9%99-z%c9%99rdabdan-baslanacaq\/m%c9%99tbuatin-140-illiyi\/\" rel=\"attachment wp-att-19953\"><img loading=\"lazy\" decoding=\"async\" class=\"aligncenter size-large wp-image-19953\" src=\"http:\/\/www.zerdab.com\/wp-content\/uploads\/2015\/06\/m\u0259tbuat\u0131n-140-illiyi-550x359.jpg\" alt=\"m\u0259tbuat\u0131n 140 illiyi\" width=\"550\" height=\"359\" \/><\/a><\/p>\n","protected":false},"excerpt":{"rendered":"<p>Az\u0259rbaycan Prezidentinin ictimai-siyasi m\u0259s\u0259l\u0259l\u0259r \u00fczr\u0259 k\u00f6m\u0259k\u00e7isi \u018fli H\u0259s\u0259nov Az\u0259rbaycan Prezidenti \u0130lham \u018fliyevin Az\u0259rbaycan milli m\u0259tbuat\u0131n\u0131n 140 illik yubileyinin ke\u00e7irilm\u0259si haqq\u0131nda s\u0259r\u0259ncam\u0131n\u0131n icras\u0131 il\u0259 ba\u011fl\u0131 m\u0259s\u0259l\u0259l\u0259ri \u00f6lk\u0259nin tan\u0131nm\u0131\u015f K\u0130V r\u0259hb\u0259rl\u0259ri il\u0259 m\u00fczakir\u0259 edib. T\u0259dbird\u0259 Zerdab.com sayt\u0131n\u0131n\u00a0\u0259m\u0259kda\u015f\u0131 da i\u015ftirak edib. \u018f.H\u0259s\u0259nov bildirib ki, Az\u0259rbaycan Prezidentinin r\u0259smi s\u0259r\u0259ncam\u0131na m\u00fcvafiq olaraq, milli m\u0259tbuat\u0131m\u0131z\u0131n 140 illik yubileyi y\u00fcks\u0259k s\u0259viyy\u0259d\u0259 qeyd [&hellip;]<\/p>\n","protected":false},"author":1,"featured_media":0,"comment_status":"open","ping_status":"open","sticky":false,"template":"","format":"standard","meta":{"footnotes":""},"categories":[21],"tags":[],"class_list":{"0":"post-19952","1":"post","2":"type-post","3":"status-publish","4":"format-standard","6":"category-zrdab"},"yoast_head":"<!-- This site is optimized with the Yoast SEO plugin v27.0 - https:\/\/yoast.com\/product\/yoast-seo-wordpress\/ -->\n<title>&quot;M\u0259tbuat\u0131n 140 illiyi il\u0259 ba\u011fl\u0131 t\u0259dbirl\u0259r\u0259 Z\u0259rdabdan ba\u015flanacaq&quot; - Z\u0259rdab.com<\/title>\n<meta name=\"robots\" content=\"index, follow, max-snippet:-1, max-image-preview:large, max-video-preview:-1\" \/>\n<link rel=\"canonical\" href=\"https:\/\/www.zerdab.com\/?p=19952\" \/>\n<meta property=\"og:locale\" content=\"az_AZ\" \/>\n<meta property=\"og:type\" content=\"article\" \/>\n<meta property=\"og:title\" content=\"&quot;M\u0259tbuat\u0131n 140 illiyi il\u0259 ba\u011fl\u0131 t\u0259dbirl\u0259r\u0259 Z\u0259rdabdan ba\u015flanacaq&quot; - Z\u0259rdab.com\" \/>\n<meta property=\"og:description\" content=\"Az\u0259rbaycan Prezidentinin ictimai-siyasi m\u0259s\u0259l\u0259l\u0259r \u00fczr\u0259 k\u00f6m\u0259k\u00e7isi \u018fli H\u0259s\u0259nov Az\u0259rbaycan Prezidenti \u0130lham \u018fliyevin Az\u0259rbaycan milli m\u0259tbuat\u0131n\u0131n 140 illik yubileyinin ke\u00e7irilm\u0259si haqq\u0131nda s\u0259r\u0259ncam\u0131n\u0131n icras\u0131 il\u0259 ba\u011fl\u0131 m\u0259s\u0259l\u0259l\u0259ri \u00f6lk\u0259nin tan\u0131nm\u0131\u015f K\u0130V r\u0259hb\u0259rl\u0259ri il\u0259 m\u00fczakir\u0259 edib. T\u0259dbird\u0259 Zerdab.com sayt\u0131n\u0131n\u00a0\u0259m\u0259kda\u015f\u0131 da i\u015ftirak edib. \u018f.H\u0259s\u0259nov bildirib ki, Az\u0259rbaycan Prezidentinin r\u0259smi s\u0259r\u0259ncam\u0131na m\u00fcvafiq olaraq, milli m\u0259tbuat\u0131m\u0131z\u0131n 140 illik yubileyi y\u00fcks\u0259k s\u0259viyy\u0259d\u0259 qeyd [&hellip;]\" \/>\n<meta property=\"og:url\" content=\"https:\/\/www.zerdab.com\/?p=19952\" \/>\n<meta property=\"og:site_name\" content=\"Z\u0259rdab.com\" \/>\n<meta property=\"article:published_time\" content=\"2015-06-18T10:45:09+00:00\" \/>\n<meta property=\"article:modified_time\" content=\"2015-06-19T07:31:42+00:00\" \/>\n<meta name=\"author\" content=\"admin\" \/>\n<meta name=\"twitter:card\" content=\"summary_large_image\" \/>\n<meta name=\"twitter:label1\" content=\"Written by\" \/>\n\t<meta name=\"twitter:data1\" content=\"admin\" \/>\n\t<meta name=\"twitter:label2\" content=\"Est. reading time\" \/>\n\t<meta name=\"twitter:data2\" content=\"4 minutes\" \/>\n<script type=\"application\/ld+json\" class=\"yoast-schema-graph\">{\"@context\":\"https:\/\/schema.org\",\"@graph\":[{\"@type\":\"Article\",\"@id\":\"https:\/\/www.zerdab.com\/?p=19952#article\",\"isPartOf\":{\"@id\":\"https:\/\/www.zerdab.com\/?p=19952\"},\"author\":{\"name\":\"admin\",\"@id\":\"https:\/\/www.zerdab.com\/#\/schema\/person\/97079b7570c1e89ec0d9e138c3672136\"},\"headline\":\"&#8220;M\u0259tbuat\u0131n 140 illiyi il\u0259 ba\u011fl\u0131 t\u0259dbirl\u0259r\u0259 Z\u0259rdabdan ba\u015flanacaq&#8221;\",\"datePublished\":\"2015-06-18T10:45:09+00:00\",\"dateModified\":\"2015-06-19T07:31:42+00:00\",\"mainEntityOfPage\":{\"@id\":\"https:\/\/www.zerdab.com\/?p=19952\"},\"wordCount\":750,\"commentCount\":0,\"articleSection\":[\"C\u018fM\u0130YY\u018fT\"],\"inLanguage\":\"az\",\"potentialAction\":[{\"@type\":\"CommentAction\",\"name\":\"Comment\",\"target\":[\"https:\/\/www.zerdab.com\/?p=19952#respond\"]}]},{\"@type\":\"WebPage\",\"@id\":\"https:\/\/www.zerdab.com\/?p=19952\",\"url\":\"https:\/\/www.zerdab.com\/?p=19952\",\"name\":\"\\\"M\u0259tbuat\u0131n 140 illiyi il\u0259 ba\u011fl\u0131 t\u0259dbirl\u0259r\u0259 Z\u0259rdabdan ba\u015flanacaq\\\" - Z\u0259rdab.com\",\"isPartOf\":{\"@id\":\"https:\/\/www.zerdab.com\/#website\"},\"datePublished\":\"2015-06-18T10:45:09+00:00\",\"dateModified\":\"2015-06-19T07:31:42+00:00\",\"author\":{\"@id\":\"https:\/\/www.zerdab.com\/#\/schema\/person\/97079b7570c1e89ec0d9e138c3672136\"},\"breadcrumb\":{\"@id\":\"https:\/\/www.zerdab.com\/?p=19952#breadcrumb\"},\"inLanguage\":\"az\",\"potentialAction\":[{\"@type\":\"ReadAction\",\"target\":[\"https:\/\/www.zerdab.com\/?p=19952\"]}]},{\"@type\":\"BreadcrumbList\",\"@id\":\"https:\/\/www.zerdab.com\/?p=19952#breadcrumb\",\"itemListElement\":[{\"@type\":\"ListItem\",\"position\":1,\"name\":\"Home\",\"item\":\"https:\/\/www.zerdab.com\/\"},{\"@type\":\"ListItem\",\"position\":2,\"name\":\"&#8220;M\u0259tbuat\u0131n 140 illiyi il\u0259 ba\u011fl\u0131 t\u0259dbirl\u0259r\u0259 Z\u0259rdabdan ba\u015flanacaq&#8221;\"}]},{\"@type\":\"WebSite\",\"@id\":\"https:\/\/www.zerdab.com\/#website\",\"url\":\"https:\/\/www.zerdab.com\/\",\"name\":\"Z\u0259rdab.com\",\"description\":\"\",\"potentialAction\":[{\"@type\":\"SearchAction\",\"target\":{\"@type\":\"EntryPoint\",\"urlTemplate\":\"https:\/\/www.zerdab.com\/?s={search_term_string}\"},\"query-input\":{\"@type\":\"PropertyValueSpecification\",\"valueRequired\":true,\"valueName\":\"search_term_string\"}}],\"inLanguage\":\"az\"},{\"@type\":\"Person\",\"@id\":\"https:\/\/www.zerdab.com\/#\/schema\/person\/97079b7570c1e89ec0d9e138c3672136\",\"name\":\"admin\",\"image\":{\"@type\":\"ImageObject\",\"inLanguage\":\"az\",\"@id\":\"https:\/\/www.zerdab.com\/#\/schema\/person\/image\/\",\"url\":\"https:\/\/secure.gravatar.com\/avatar\/d9c52a9a27c32119cb6679a077fa3e2779e5f822c451cbf01098004361d466ec?s=96&d=mm&r=g\",\"contentUrl\":\"https:\/\/secure.gravatar.com\/avatar\/d9c52a9a27c32119cb6679a077fa3e2779e5f822c451cbf01098004361d466ec?s=96&d=mm&r=g\",\"caption\":\"admin\"},\"url\":\"https:\/\/www.zerdab.com\/?author=1\"}]}<\/script>\n<!-- \/ Yoast SEO plugin. -->","yoast_head_json":{"title":"\"M\u0259tbuat\u0131n 140 illiyi il\u0259 ba\u011fl\u0131 t\u0259dbirl\u0259r\u0259 Z\u0259rdabdan ba\u015flanacaq\" - Z\u0259rdab.com","robots":{"index":"index","follow":"follow","max-snippet":"max-snippet:-1","max-image-preview":"max-image-preview:large","max-video-preview":"max-video-preview:-1"},"canonical":"https:\/\/www.zerdab.com\/?p=19952","og_locale":"az_AZ","og_type":"article","og_title":"\"M\u0259tbuat\u0131n 140 illiyi il\u0259 ba\u011fl\u0131 t\u0259dbirl\u0259r\u0259 Z\u0259rdabdan ba\u015flanacaq\" - Z\u0259rdab.com","og_description":"Az\u0259rbaycan Prezidentinin ictimai-siyasi m\u0259s\u0259l\u0259l\u0259r \u00fczr\u0259 k\u00f6m\u0259k\u00e7isi \u018fli H\u0259s\u0259nov Az\u0259rbaycan Prezidenti \u0130lham \u018fliyevin Az\u0259rbaycan milli m\u0259tbuat\u0131n\u0131n 140 illik yubileyinin ke\u00e7irilm\u0259si haqq\u0131nda s\u0259r\u0259ncam\u0131n\u0131n icras\u0131 il\u0259 ba\u011fl\u0131 m\u0259s\u0259l\u0259l\u0259ri \u00f6lk\u0259nin tan\u0131nm\u0131\u015f K\u0130V r\u0259hb\u0259rl\u0259ri il\u0259 m\u00fczakir\u0259 edib. T\u0259dbird\u0259 Zerdab.com sayt\u0131n\u0131n\u00a0\u0259m\u0259kda\u015f\u0131 da i\u015ftirak edib. \u018f.H\u0259s\u0259nov bildirib ki, Az\u0259rbaycan Prezidentinin r\u0259smi s\u0259r\u0259ncam\u0131na m\u00fcvafiq olaraq, milli m\u0259tbuat\u0131m\u0131z\u0131n 140 illik yubileyi y\u00fcks\u0259k s\u0259viyy\u0259d\u0259 qeyd [&hellip;]","og_url":"https:\/\/www.zerdab.com\/?p=19952","og_site_name":"Z\u0259rdab.com","article_published_time":"2015-06-18T10:45:09+00:00","article_modified_time":"2015-06-19T07:31:42+00:00","author":"admin","twitter_card":"summary_large_image","twitter_misc":{"Written by":"admin","Est. reading time":"4 minutes"},"schema":{"@context":"https:\/\/schema.org","@graph":[{"@type":"Article","@id":"https:\/\/www.zerdab.com\/?p=19952#article","isPartOf":{"@id":"https:\/\/www.zerdab.com\/?p=19952"},"author":{"name":"admin","@id":"https:\/\/www.zerdab.com\/#\/schema\/person\/97079b7570c1e89ec0d9e138c3672136"},"headline":"&#8220;M\u0259tbuat\u0131n 140 illiyi il\u0259 ba\u011fl\u0131 t\u0259dbirl\u0259r\u0259 Z\u0259rdabdan ba\u015flanacaq&#8221;","datePublished":"2015-06-18T10:45:09+00:00","dateModified":"2015-06-19T07:31:42+00:00","mainEntityOfPage":{"@id":"https:\/\/www.zerdab.com\/?p=19952"},"wordCount":750,"commentCount":0,"articleSection":["C\u018fM\u0130YY\u018fT"],"inLanguage":"az","potentialAction":[{"@type":"CommentAction","name":"Comment","target":["https:\/\/www.zerdab.com\/?p=19952#respond"]}]},{"@type":"WebPage","@id":"https:\/\/www.zerdab.com\/?p=19952","url":"https:\/\/www.zerdab.com\/?p=19952","name":"\"M\u0259tbuat\u0131n 140 illiyi il\u0259 ba\u011fl\u0131 t\u0259dbirl\u0259r\u0259 Z\u0259rdabdan ba\u015flanacaq\" - Z\u0259rdab.com","isPartOf":{"@id":"https:\/\/www.zerdab.com\/#website"},"datePublished":"2015-06-18T10:45:09+00:00","dateModified":"2015-06-19T07:31:42+00:00","author":{"@id":"https:\/\/www.zerdab.com\/#\/schema\/person\/97079b7570c1e89ec0d9e138c3672136"},"breadcrumb":{"@id":"https:\/\/www.zerdab.com\/?p=19952#breadcrumb"},"inLanguage":"az","potentialAction":[{"@type":"ReadAction","target":["https:\/\/www.zerdab.com\/?p=19952"]}]},{"@type":"BreadcrumbList","@id":"https:\/\/www.zerdab.com\/?p=19952#breadcrumb","itemListElement":[{"@type":"ListItem","position":1,"name":"Home","item":"https:\/\/www.zerdab.com\/"},{"@type":"ListItem","position":2,"name":"&#8220;M\u0259tbuat\u0131n 140 illiyi il\u0259 ba\u011fl\u0131 t\u0259dbirl\u0259r\u0259 Z\u0259rdabdan ba\u015flanacaq&#8221;"}]},{"@type":"WebSite","@id":"https:\/\/www.zerdab.com\/#website","url":"https:\/\/www.zerdab.com\/","name":"Z\u0259rdab.com","description":"","potentialAction":[{"@type":"SearchAction","target":{"@type":"EntryPoint","urlTemplate":"https:\/\/www.zerdab.com\/?s={search_term_string}"},"query-input":{"@type":"PropertyValueSpecification","valueRequired":true,"valueName":"search_term_string"}}],"inLanguage":"az"},{"@type":"Person","@id":"https:\/\/www.zerdab.com\/#\/schema\/person\/97079b7570c1e89ec0d9e138c3672136","name":"admin","image":{"@type":"ImageObject","inLanguage":"az","@id":"https:\/\/www.zerdab.com\/#\/schema\/person\/image\/","url":"https:\/\/secure.gravatar.com\/avatar\/d9c52a9a27c32119cb6679a077fa3e2779e5f822c451cbf01098004361d466ec?s=96&d=mm&r=g","contentUrl":"https:\/\/secure.gravatar.com\/avatar\/d9c52a9a27c32119cb6679a077fa3e2779e5f822c451cbf01098004361d466ec?s=96&d=mm&r=g","caption":"admin"},"url":"https:\/\/www.zerdab.com\/?author=1"}]}},"_links":{"self":[{"href":"https:\/\/www.zerdab.com\/index.php?rest_route=\/wp\/v2\/posts\/19952","targetHints":{"allow":["GET"]}}],"collection":[{"href":"https:\/\/www.zerdab.com\/index.php?rest_route=\/wp\/v2\/posts"}],"about":[{"href":"https:\/\/www.zerdab.com\/index.php?rest_route=\/wp\/v2\/types\/post"}],"author":[{"embeddable":true,"href":"https:\/\/www.zerdab.com\/index.php?rest_route=\/wp\/v2\/users\/1"}],"replies":[{"embeddable":true,"href":"https:\/\/www.zerdab.com\/index.php?rest_route=%2Fwp%2Fv2%2Fcomments&post=19952"}],"version-history":[{"count":3,"href":"https:\/\/www.zerdab.com\/index.php?rest_route=\/wp\/v2\/posts\/19952\/revisions"}],"predecessor-version":[{"id":19957,"href":"https:\/\/www.zerdab.com\/index.php?rest_route=\/wp\/v2\/posts\/19952\/revisions\/19957"}],"wp:attachment":[{"href":"https:\/\/www.zerdab.com\/index.php?rest_route=%2Fwp%2Fv2%2Fmedia&parent=19952"}],"wp:term":[{"taxonomy":"category","embeddable":true,"href":"https:\/\/www.zerdab.com\/index.php?rest_route=%2Fwp%2Fv2%2Fcategories&post=19952"},{"taxonomy":"post_tag","embeddable":true,"href":"https:\/\/www.zerdab.com\/index.php?rest_route=%2Fwp%2Fv2%2Ftags&post=19952"}],"curies":[{"name":"wp","href":"https:\/\/api.w.org\/{rel}","templated":true}]}}