{"id":19964,"date":"2015-06-19T11:00:09","date_gmt":"2015-06-19T06:00:09","guid":{"rendered":"http:\/\/www.zerdab.com\/?p=19964"},"modified":"2015-06-19T13:03:54","modified_gmt":"2015-06-19T08:03:54","slug":"jurnalistl%c9%99r-sahdag-turizm-kompleksind%c9%99-fotolar","status":"publish","type":"post","link":"https:\/\/www.zerdab.com\/?p=19964","title":{"rendered":"Jurnalistl\u0259r \u015eahda\u011f Turizm Kompleksind\u0259 &#8211; FOTOLAR"},"content":{"rendered":"<p><a href=\"http:\/\/www.zerdab.com\/jurnalistl%c9%99r-sahdag-turizm-kompleksind%c9%99-fotolar\/5-8\/\" rel=\"attachment wp-att-19969\"><img loading=\"lazy\" decoding=\"async\" class=\"aligncenter size-large wp-image-19969\" src=\"http:\/\/www.zerdab.com\/wp-content\/uploads\/2015\/06\/5-550x309.jpg\" alt=\"5\" width=\"550\" height=\"309\" \/><\/a>Az\u0259rbaycanda ilk d\u0259f\u0259 \u201cJurnalistl\u0259r\u0259 d\u0259y\u0259r ver\u0259k&#8221; layih\u0259si ger\u00e7\u0259kl\u0259\u015fdirilib. Jurnalist V\u00fcqar Quliyevin t\u0259\u015f\u0259bb\u00fcs\u00fc il\u0259 realla\u015fan layih\u0259 \u00e7\u0259r\u00e7iv\u0259sind\u0259 \u201cTodaysbaku.az\u201d sayt\u0131 il\u0259 \u015eahda\u011f Turizm Kompleksinin \u0259m\u0259kda\u015fl\u0131\u011f\u0131 il\u0259 jurnalistl\u0259r \u00fc\u00e7\u00fcn mediatur ke\u00e7irilib.<span id=\"more-15528\"><\/span><\/p>\n<p>\u00d6lk\u0259 m\u0259tbuat\u0131nda \u00e7al\u0131\u015fan 30 jurnalist Qusar rayonuna s\u0259f\u0259r edib, \u015eahda\u011f Turizm Kompleksinin v\u0259 burda yerl\u0259\u015f\u0259n &#8220;Zirv\u0259&#8221; otelinin q\u0131\u015f turizmi il\u0259 yana\u015f\u0131, yay turizm imkanlar\u0131 il\u0259 tan\u0131\u015f olub.<\/p>\n<p><strong>Mediaturda Zerdab.com sayt\u0131n\u0131n\u00a0\u0259m\u0259kda\u015f\u0131 da i\u015ftirak edib.<\/strong><\/p>\n<p>Layih\u0259 r\u0259hb\u0259ri V\u00fcqar Quliyev\u00a0\u201cJurnalistl\u0259r\u0259 d\u0259y\u0259r ver\u0259k\u201d layih\u0259sinin \u0259sas m\u0259qs\u0259dini a\u00e7\u0131qlay\u0131b: \u201c\u018fsas m\u0259qs\u0259d media n\u00fcmay\u0259nd\u0259l\u0259rinin istirah\u0259tinin t\u0259\u015fkil edilm\u0259sidir. Jurnalistl\u0259r b\u0259lk\u0259 d\u0259 c\u0259miyy\u0259tin \u0259n \u00e7ox \u00e7al\u0131\u015fan \u015f\u0259xsl\u0259ridir. Onlar \u00e7\u0259tinliy\u0259, hava \u015f\u0259raitin\u0259 baxmayaraq, ictimaiyy\u0259ti informasiya il\u0259 t\u0259min edirl\u0259r. Ona g\u00f6r\u0259 ist\u0259dim ki, media n\u00fcmay\u0259nd\u0259l\u0259rinin istirah\u0259tini t\u0259\u015fkil edib \u00f6z diqq\u0259timizi g\u00f6st\u0259r\u0259k. D\u00fczd\u00fcr, layih\u0259 mediatur hesab olunur. Amma yarad\u0131lan \u015f\u0259rait\u0259 diqq\u0259t ets\u0259niz, \u0259sas h\u0259d\u0259f jurnalistl\u0259r \u00fc\u00e7\u00fcn xo\u015f g\u00fcn t\u0259\u015fkil etm\u0259kdir\u201d.<\/p>\n<p>Mediaturda i\u015ftirak ed\u0259n jurnalistl\u0259r \u015eahda\u011f Turizm Kompleksind\u0259 t\u0259\u015fkil olunan 14 yay \u0259yl\u0259nc\u0259sind\u0259n istifad\u0259 edibl\u0259r. M\u0259lumat verilib ki, yay turizminin inki\u015faf\u0131n\u0131 qar\u015f\u0131s\u0131na m\u0259qs\u0259d qoyan Komleks d\u00fcnya turizminin \u0259yl\u0259nc\u0259l\u0259rini Az\u0259rbaycana g\u0259tirm\u0259kl\u0259 kifay\u0259tl\u0259nm\u0259yib. Turistl\u0259rin rahatl\u0131\u011f\u0131n\u0131n t\u0259minat\u0131 \u00fc\u00e7\u00fcn n\u0259qliyyat xidm\u0259ti d\u0259 yarad\u0131l\u0131b ki, x\u00fcsusi avtobuslarla birba\u015fa reysl\u0259r t\u0259\u015fkil edilir.<\/p>\n<p>Sonda onu da qeyd ed\u0259k ki, \u201cJurnalistl\u0259r\u0259 d\u0259y\u0259r ver\u0259k&#8221; lahiy\u0259sinin r\u0259hb\u0259ri V\u00fcqar Quliyev bu layih\u0259nin 3 m\u0259rh\u0259l\u0259d\u0259 h\u0259yata ke\u00e7iril\u0259c\u0259yini diqq\u0259t\u0259 \u00e7atd\u0131r\u0131b: \u201c H\u0259d\u0259fl\u0259rimiz b\u00f6y\u00fckd\u00fcr.Bu layih\u0259ni 3 m\u0259rh\u0259l\u0259d\u0259 realla\u015fd\u0131rma\u011f\u0131 n\u0259z\u0259rd\u0259 tuturuq. \u201c Jurnalistl\u0259r\u0259 d\u0259y\u0259r ver\u0259k\u201d layih\u0259sinin davam\u0131 T\u00fcrkiy\u0259d\u0259 olacaq. \u018fn son h\u0259d\u0259fimiz is\u0259 Amerikad\u0131r\u201d.<\/p>\n<p><strong>Zerdab.com<a href=\"http:\/\/www.zerdab.com\/jurnalistl%c9%99r-sahdag-turizm-kompleksind%c9%99-fotolar\/3-12\/\" rel=\"attachment wp-att-19967\"><img loading=\"lazy\" decoding=\"async\" class=\"aligncenter size-large wp-image-19967\" src=\"http:\/\/www.zerdab.com\/wp-content\/uploads\/2015\/06\/3-550x309.jpg\" alt=\"3\" width=\"550\" height=\"309\" \/><\/a><a href=\"http:\/\/www.zerdab.com\/jurnalistl%c9%99r-sahdag-turizm-kompleksind%c9%99-fotolar\/4-10\/\" rel=\"attachment wp-att-19968\"><img loading=\"lazy\" decoding=\"async\" class=\"aligncenter size-large wp-image-19968\" src=\"http:\/\/www.zerdab.com\/wp-content\/uploads\/2015\/06\/4-550x309.jpg\" alt=\"4\" width=\"550\" height=\"309\" \/><\/a><a href=\"http:\/\/www.zerdab.com\/jurnalistl%c9%99r-sahdag-turizm-kompleksind%c9%99-fotolar\/1-21\/\" rel=\"attachment wp-att-19965\"><img loading=\"lazy\" decoding=\"async\" class=\"aligncenter size-large wp-image-19965\" src=\"http:\/\/www.zerdab.com\/wp-content\/uploads\/2015\/06\/1-550x365.jpg\" alt=\"1\" width=\"550\" height=\"365\" \/><\/a><a href=\"http:\/\/www.zerdab.com\/jurnalistl%c9%99r-sahdag-turizm-kompleksind%c9%99-fotolar\/2-15\/\" rel=\"attachment wp-att-19966\"><img loading=\"lazy\" decoding=\"async\" class=\"aligncenter size-large wp-image-19966\" src=\"http:\/\/www.zerdab.com\/wp-content\/uploads\/2015\/06\/2-550x309.jpg\" alt=\"2\" width=\"550\" height=\"309\" \/><\/a><\/strong><\/p>\n","protected":false},"excerpt":{"rendered":"<p>Az\u0259rbaycanda ilk d\u0259f\u0259 \u201cJurnalistl\u0259r\u0259 d\u0259y\u0259r ver\u0259k&#8221; layih\u0259si ger\u00e7\u0259kl\u0259\u015fdirilib. Jurnalist V\u00fcqar Quliyevin t\u0259\u015f\u0259bb\u00fcs\u00fc il\u0259 realla\u015fan layih\u0259 \u00e7\u0259r\u00e7iv\u0259sind\u0259 \u201cTodaysbaku.az\u201d sayt\u0131 il\u0259 \u015eahda\u011f Turizm Kompleksinin \u0259m\u0259kda\u015fl\u0131\u011f\u0131 il\u0259 jurnalistl\u0259r \u00fc\u00e7\u00fcn mediatur ke\u00e7irilib. \u00d6lk\u0259 m\u0259tbuat\u0131nda \u00e7al\u0131\u015fan 30 jurnalist Qusar rayonuna s\u0259f\u0259r edib, \u015eahda\u011f Turizm Kompleksinin v\u0259 burda yerl\u0259\u015f\u0259n &#8220;Zirv\u0259&#8221; otelinin q\u0131\u015f turizmi il\u0259 yana\u015f\u0131, yay turizm imkanlar\u0131 il\u0259 tan\u0131\u015f olub. [&hellip;]<\/p>\n","protected":false},"author":1,"featured_media":0,"comment_status":"open","ping_status":"open","sticky":false,"template":"","format":"standard","meta":{"footnotes":""},"categories":[5],"tags":[],"class_list":{"0":"post-19964","1":"post","2":"type-post","3":"status-publish","4":"format-standard","6":"category-knd"},"yoast_head":"<!-- This site is optimized with the Yoast SEO plugin v27.0 - https:\/\/yoast.com\/product\/yoast-seo-wordpress\/ -->\n<title>Jurnalistl\u0259r \u015eahda\u011f Turizm Kompleksind\u0259 - FOTOLAR - Z\u0259rdab.com<\/title>\n<meta name=\"robots\" content=\"index, follow, max-snippet:-1, max-image-preview:large, max-video-preview:-1\" \/>\n<link rel=\"canonical\" href=\"https:\/\/www.zerdab.com\/?p=19964\" \/>\n<meta property=\"og:locale\" content=\"az_AZ\" \/>\n<meta property=\"og:type\" content=\"article\" \/>\n<meta property=\"og:title\" content=\"Jurnalistl\u0259r \u015eahda\u011f Turizm Kompleksind\u0259 - FOTOLAR - Z\u0259rdab.com\" \/>\n<meta property=\"og:description\" content=\"Az\u0259rbaycanda ilk d\u0259f\u0259 \u201cJurnalistl\u0259r\u0259 d\u0259y\u0259r ver\u0259k&#8221; layih\u0259si ger\u00e7\u0259kl\u0259\u015fdirilib. Jurnalist V\u00fcqar Quliyevin t\u0259\u015f\u0259bb\u00fcs\u00fc il\u0259 realla\u015fan layih\u0259 \u00e7\u0259r\u00e7iv\u0259sind\u0259 \u201cTodaysbaku.az\u201d sayt\u0131 il\u0259 \u015eahda\u011f Turizm Kompleksinin \u0259m\u0259kda\u015fl\u0131\u011f\u0131 il\u0259 jurnalistl\u0259r \u00fc\u00e7\u00fcn mediatur ke\u00e7irilib. \u00d6lk\u0259 m\u0259tbuat\u0131nda \u00e7al\u0131\u015fan 30 jurnalist Qusar rayonuna s\u0259f\u0259r edib, \u015eahda\u011f Turizm Kompleksinin v\u0259 burda yerl\u0259\u015f\u0259n &#8220;Zirv\u0259&#8221; otelinin q\u0131\u015f turizmi il\u0259 yana\u015f\u0131, yay turizm imkanlar\u0131 il\u0259 tan\u0131\u015f olub. [&hellip;]\" \/>\n<meta property=\"og:url\" content=\"https:\/\/www.zerdab.com\/?p=19964\" \/>\n<meta property=\"og:site_name\" content=\"Z\u0259rdab.com\" \/>\n<meta property=\"article:published_time\" content=\"2015-06-19T06:00:09+00:00\" \/>\n<meta property=\"article:modified_time\" content=\"2015-06-19T08:03:54+00:00\" \/>\n<meta property=\"og:image\" content=\"http:\/\/www.zerdab.com\/wp-content\/uploads\/2015\/06\/5-550x309.jpg\" \/>\n<meta name=\"author\" content=\"admin\" \/>\n<meta name=\"twitter:card\" content=\"summary_large_image\" \/>\n<meta name=\"twitter:label1\" content=\"Written by\" \/>\n\t<meta name=\"twitter:data1\" content=\"admin\" \/>\n\t<meta name=\"twitter:label2\" content=\"Est. reading time\" \/>\n\t<meta name=\"twitter:data2\" content=\"2 minutes\" \/>\n<script type=\"application\/ld+json\" class=\"yoast-schema-graph\">{\"@context\":\"https:\/\/schema.org\",\"@graph\":[{\"@type\":\"Article\",\"@id\":\"https:\/\/www.zerdab.com\/?p=19964#article\",\"isPartOf\":{\"@id\":\"https:\/\/www.zerdab.com\/?p=19964\"},\"author\":{\"name\":\"admin\",\"@id\":\"https:\/\/www.zerdab.com\/#\/schema\/person\/97079b7570c1e89ec0d9e138c3672136\"},\"headline\":\"Jurnalistl\u0259r \u015eahda\u011f Turizm Kompleksind\u0259 &#8211; FOTOLAR\",\"datePublished\":\"2015-06-19T06:00:09+00:00\",\"dateModified\":\"2015-06-19T08:03:54+00:00\",\"mainEntityOfPage\":{\"@id\":\"https:\/\/www.zerdab.com\/?p=19964\"},\"wordCount\":385,\"commentCount\":0,\"image\":{\"@id\":\"https:\/\/www.zerdab.com\/?p=19964#primaryimage\"},\"thumbnailUrl\":\"http:\/\/www.zerdab.com\/wp-content\/uploads\/2015\/06\/5-550x309.jpg\",\"articleSection\":[\"X\u018fB\u018fRL\u018fR\"],\"inLanguage\":\"az\",\"potentialAction\":[{\"@type\":\"CommentAction\",\"name\":\"Comment\",\"target\":[\"https:\/\/www.zerdab.com\/?p=19964#respond\"]}]},{\"@type\":\"WebPage\",\"@id\":\"https:\/\/www.zerdab.com\/?p=19964\",\"url\":\"https:\/\/www.zerdab.com\/?p=19964\",\"name\":\"Jurnalistl\u0259r \u015eahda\u011f Turizm Kompleksind\u0259 - FOTOLAR - Z\u0259rdab.com\",\"isPartOf\":{\"@id\":\"https:\/\/www.zerdab.com\/#website\"},\"primaryImageOfPage\":{\"@id\":\"https:\/\/www.zerdab.com\/?p=19964#primaryimage\"},\"image\":{\"@id\":\"https:\/\/www.zerdab.com\/?p=19964#primaryimage\"},\"thumbnailUrl\":\"http:\/\/www.zerdab.com\/wp-content\/uploads\/2015\/06\/5-550x309.jpg\",\"datePublished\":\"2015-06-19T06:00:09+00:00\",\"dateModified\":\"2015-06-19T08:03:54+00:00\",\"author\":{\"@id\":\"https:\/\/www.zerdab.com\/#\/schema\/person\/97079b7570c1e89ec0d9e138c3672136\"},\"breadcrumb\":{\"@id\":\"https:\/\/www.zerdab.com\/?p=19964#breadcrumb\"},\"inLanguage\":\"az\",\"potentialAction\":[{\"@type\":\"ReadAction\",\"target\":[\"https:\/\/www.zerdab.com\/?p=19964\"]}]},{\"@type\":\"ImageObject\",\"inLanguage\":\"az\",\"@id\":\"https:\/\/www.zerdab.com\/?p=19964#primaryimage\",\"url\":\"\",\"contentUrl\":\"\"},{\"@type\":\"BreadcrumbList\",\"@id\":\"https:\/\/www.zerdab.com\/?p=19964#breadcrumb\",\"itemListElement\":[{\"@type\":\"ListItem\",\"position\":1,\"name\":\"Home\",\"item\":\"https:\/\/www.zerdab.com\/\"},{\"@type\":\"ListItem\",\"position\":2,\"name\":\"Jurnalistl\u0259r \u015eahda\u011f Turizm Kompleksind\u0259 &#8211; FOTOLAR\"}]},{\"@type\":\"WebSite\",\"@id\":\"https:\/\/www.zerdab.com\/#website\",\"url\":\"https:\/\/www.zerdab.com\/\",\"name\":\"Z\u0259rdab.com\",\"description\":\"\",\"potentialAction\":[{\"@type\":\"SearchAction\",\"target\":{\"@type\":\"EntryPoint\",\"urlTemplate\":\"https:\/\/www.zerdab.com\/?s={search_term_string}\"},\"query-input\":{\"@type\":\"PropertyValueSpecification\",\"valueRequired\":true,\"valueName\":\"search_term_string\"}}],\"inLanguage\":\"az\"},{\"@type\":\"Person\",\"@id\":\"https:\/\/www.zerdab.com\/#\/schema\/person\/97079b7570c1e89ec0d9e138c3672136\",\"name\":\"admin\",\"image\":{\"@type\":\"ImageObject\",\"inLanguage\":\"az\",\"@id\":\"https:\/\/www.zerdab.com\/#\/schema\/person\/image\/\",\"url\":\"https:\/\/secure.gravatar.com\/avatar\/d9c52a9a27c32119cb6679a077fa3e2779e5f822c451cbf01098004361d466ec?s=96&d=mm&r=g\",\"contentUrl\":\"https:\/\/secure.gravatar.com\/avatar\/d9c52a9a27c32119cb6679a077fa3e2779e5f822c451cbf01098004361d466ec?s=96&d=mm&r=g\",\"caption\":\"admin\"},\"url\":\"https:\/\/www.zerdab.com\/?author=1\"}]}<\/script>\n<!-- \/ Yoast SEO plugin. -->","yoast_head_json":{"title":"Jurnalistl\u0259r \u015eahda\u011f Turizm Kompleksind\u0259 - FOTOLAR - Z\u0259rdab.com","robots":{"index":"index","follow":"follow","max-snippet":"max-snippet:-1","max-image-preview":"max-image-preview:large","max-video-preview":"max-video-preview:-1"},"canonical":"https:\/\/www.zerdab.com\/?p=19964","og_locale":"az_AZ","og_type":"article","og_title":"Jurnalistl\u0259r \u015eahda\u011f Turizm Kompleksind\u0259 - FOTOLAR - Z\u0259rdab.com","og_description":"Az\u0259rbaycanda ilk d\u0259f\u0259 \u201cJurnalistl\u0259r\u0259 d\u0259y\u0259r ver\u0259k&#8221; layih\u0259si ger\u00e7\u0259kl\u0259\u015fdirilib. Jurnalist V\u00fcqar Quliyevin t\u0259\u015f\u0259bb\u00fcs\u00fc il\u0259 realla\u015fan layih\u0259 \u00e7\u0259r\u00e7iv\u0259sind\u0259 \u201cTodaysbaku.az\u201d sayt\u0131 il\u0259 \u015eahda\u011f Turizm Kompleksinin \u0259m\u0259kda\u015fl\u0131\u011f\u0131 il\u0259 jurnalistl\u0259r \u00fc\u00e7\u00fcn mediatur ke\u00e7irilib. \u00d6lk\u0259 m\u0259tbuat\u0131nda \u00e7al\u0131\u015fan 30 jurnalist Qusar rayonuna s\u0259f\u0259r edib, \u015eahda\u011f Turizm Kompleksinin v\u0259 burda yerl\u0259\u015f\u0259n &#8220;Zirv\u0259&#8221; otelinin q\u0131\u015f turizmi il\u0259 yana\u015f\u0131, yay turizm imkanlar\u0131 il\u0259 tan\u0131\u015f olub. [&hellip;]","og_url":"https:\/\/www.zerdab.com\/?p=19964","og_site_name":"Z\u0259rdab.com","article_published_time":"2015-06-19T06:00:09+00:00","article_modified_time":"2015-06-19T08:03:54+00:00","og_image":[{"url":"http:\/\/www.zerdab.com\/wp-content\/uploads\/2015\/06\/5-550x309.jpg","type":"","width":"","height":""}],"author":"admin","twitter_card":"summary_large_image","twitter_misc":{"Written by":"admin","Est. reading time":"2 minutes"},"schema":{"@context":"https:\/\/schema.org","@graph":[{"@type":"Article","@id":"https:\/\/www.zerdab.com\/?p=19964#article","isPartOf":{"@id":"https:\/\/www.zerdab.com\/?p=19964"},"author":{"name":"admin","@id":"https:\/\/www.zerdab.com\/#\/schema\/person\/97079b7570c1e89ec0d9e138c3672136"},"headline":"Jurnalistl\u0259r \u015eahda\u011f Turizm Kompleksind\u0259 &#8211; FOTOLAR","datePublished":"2015-06-19T06:00:09+00:00","dateModified":"2015-06-19T08:03:54+00:00","mainEntityOfPage":{"@id":"https:\/\/www.zerdab.com\/?p=19964"},"wordCount":385,"commentCount":0,"image":{"@id":"https:\/\/www.zerdab.com\/?p=19964#primaryimage"},"thumbnailUrl":"http:\/\/www.zerdab.com\/wp-content\/uploads\/2015\/06\/5-550x309.jpg","articleSection":["X\u018fB\u018fRL\u018fR"],"inLanguage":"az","potentialAction":[{"@type":"CommentAction","name":"Comment","target":["https:\/\/www.zerdab.com\/?p=19964#respond"]}]},{"@type":"WebPage","@id":"https:\/\/www.zerdab.com\/?p=19964","url":"https:\/\/www.zerdab.com\/?p=19964","name":"Jurnalistl\u0259r \u015eahda\u011f Turizm Kompleksind\u0259 - FOTOLAR - Z\u0259rdab.com","isPartOf":{"@id":"https:\/\/www.zerdab.com\/#website"},"primaryImageOfPage":{"@id":"https:\/\/www.zerdab.com\/?p=19964#primaryimage"},"image":{"@id":"https:\/\/www.zerdab.com\/?p=19964#primaryimage"},"thumbnailUrl":"http:\/\/www.zerdab.com\/wp-content\/uploads\/2015\/06\/5-550x309.jpg","datePublished":"2015-06-19T06:00:09+00:00","dateModified":"2015-06-19T08:03:54+00:00","author":{"@id":"https:\/\/www.zerdab.com\/#\/schema\/person\/97079b7570c1e89ec0d9e138c3672136"},"breadcrumb":{"@id":"https:\/\/www.zerdab.com\/?p=19964#breadcrumb"},"inLanguage":"az","potentialAction":[{"@type":"ReadAction","target":["https:\/\/www.zerdab.com\/?p=19964"]}]},{"@type":"ImageObject","inLanguage":"az","@id":"https:\/\/www.zerdab.com\/?p=19964#primaryimage","url":"","contentUrl":""},{"@type":"BreadcrumbList","@id":"https:\/\/www.zerdab.com\/?p=19964#breadcrumb","itemListElement":[{"@type":"ListItem","position":1,"name":"Home","item":"https:\/\/www.zerdab.com\/"},{"@type":"ListItem","position":2,"name":"Jurnalistl\u0259r \u015eahda\u011f Turizm Kompleksind\u0259 &#8211; FOTOLAR"}]},{"@type":"WebSite","@id":"https:\/\/www.zerdab.com\/#website","url":"https:\/\/www.zerdab.com\/","name":"Z\u0259rdab.com","description":"","potentialAction":[{"@type":"SearchAction","target":{"@type":"EntryPoint","urlTemplate":"https:\/\/www.zerdab.com\/?s={search_term_string}"},"query-input":{"@type":"PropertyValueSpecification","valueRequired":true,"valueName":"search_term_string"}}],"inLanguage":"az"},{"@type":"Person","@id":"https:\/\/www.zerdab.com\/#\/schema\/person\/97079b7570c1e89ec0d9e138c3672136","name":"admin","image":{"@type":"ImageObject","inLanguage":"az","@id":"https:\/\/www.zerdab.com\/#\/schema\/person\/image\/","url":"https:\/\/secure.gravatar.com\/avatar\/d9c52a9a27c32119cb6679a077fa3e2779e5f822c451cbf01098004361d466ec?s=96&d=mm&r=g","contentUrl":"https:\/\/secure.gravatar.com\/avatar\/d9c52a9a27c32119cb6679a077fa3e2779e5f822c451cbf01098004361d466ec?s=96&d=mm&r=g","caption":"admin"},"url":"https:\/\/www.zerdab.com\/?author=1"}]}},"_links":{"self":[{"href":"https:\/\/www.zerdab.com\/index.php?rest_route=\/wp\/v2\/posts\/19964","targetHints":{"allow":["GET"]}}],"collection":[{"href":"https:\/\/www.zerdab.com\/index.php?rest_route=\/wp\/v2\/posts"}],"about":[{"href":"https:\/\/www.zerdab.com\/index.php?rest_route=\/wp\/v2\/types\/post"}],"author":[{"embeddable":true,"href":"https:\/\/www.zerdab.com\/index.php?rest_route=\/wp\/v2\/users\/1"}],"replies":[{"embeddable":true,"href":"https:\/\/www.zerdab.com\/index.php?rest_route=%2Fwp%2Fv2%2Fcomments&post=19964"}],"version-history":[{"count":2,"href":"https:\/\/www.zerdab.com\/index.php?rest_route=\/wp\/v2\/posts\/19964\/revisions"}],"predecessor-version":[{"id":19971,"href":"https:\/\/www.zerdab.com\/index.php?rest_route=\/wp\/v2\/posts\/19964\/revisions\/19971"}],"wp:attachment":[{"href":"https:\/\/www.zerdab.com\/index.php?rest_route=%2Fwp%2Fv2%2Fmedia&parent=19964"}],"wp:term":[{"taxonomy":"category","embeddable":true,"href":"https:\/\/www.zerdab.com\/index.php?rest_route=%2Fwp%2Fv2%2Fcategories&post=19964"},{"taxonomy":"post_tag","embeddable":true,"href":"https:\/\/www.zerdab.com\/index.php?rest_route=%2Fwp%2Fv2%2Ftags&post=19964"}],"curies":[{"name":"wp","href":"https:\/\/api.w.org\/{rel}","templated":true}]}}