{"id":19990,"date":"2015-06-20T13:09:20","date_gmt":"2015-06-20T08:09:20","guid":{"rendered":"http:\/\/www.zerdab.com\/?p=19990"},"modified":"2015-06-20T13:09:24","modified_gmt":"2015-06-20T08:09:24","slug":"h%c9%99myerlimiz-ramin-pasayevl%c9%99-qurur-duyuruq","status":"publish","type":"post","link":"https:\/\/www.zerdab.com\/?p=19990","title":{"rendered":"H\u0259myerlimiz Ramin Pa\u015fayevl\u0259 q\u00fcrur duyuruq!"},"content":{"rendered":"<p><a href=\"http:\/\/www.zerdab.com\/h%c9%99myerlimiz-ramin-pasayevl%c9%99-qurur-duyuruq\/pasayev-ramin-zeyd-ogludur-1\/\" rel=\"attachment wp-att-19991\"><img loading=\"lazy\" decoding=\"async\" class=\"aligncenter size-large wp-image-19991\" src=\"http:\/\/www.zerdab.com\/wp-content\/uploads\/2015\/06\/Pa\u015fayev-Ramin-Zeyd-o\u011fludur-1-309x550.jpg\" alt=\"Pa\u015fayev Ramin Zeyd o\u011flu\" width=\"309\" height=\"550\" \/><\/a> <a href=\"http:\/\/www.zerdab.com\/h%c9%99myerlimiz-ramin-pasayevl%c9%99-qurur-duyuruq\/pasayev-ramin-zeyd-ogludur\/\" rel=\"attachment wp-att-19992\"><br \/>\n<\/a>Ramin d\u00fcnya \u00e7empionat\u0131nda b\u00fcr\u00fcnc v\u0259 g\u00fcm\u00fc\u015f medal qazand\u0131<\/p>\n<p>Bu ilin 11-16 iyununda \u0130taliyan\u0131n Milan \u015f\u0259h\u0259rind\u0259 karatenin WKC n\u00f6v\u00fc olan IKU-nun birinci a\u00e7\u0131l\u0131\u015f d\u00fcnya \u00e7empionat\u0131 ke\u00e7irildi .<\/p>\n<p>\u00c7empionata d\u00fcnyan\u0131n 35 \u00f6lk\u0259si qat\u0131lm\u0131\u015fd\u0131. H\u0259min \u00f6lk\u0259l\u0259r s\u0131ras\u0131nda Az\u0259rbaycan da vard\u0131 v\u0259 V\u0259t\u0259nimizi bu \u00e7empionatda 20 n\u0259f\u0259r t\u0259msil edirdi . WKC n\u00f6vl\u0259ri \u00fczr\u0259 Karate Federasiyas\u0131n\u0131n x\u0259tti il\u0259 d\u00fcnya \u00e7empionat\u0131nda i\u015ftirak ed\u0259n soyda\u015flar\u0131m\u0131zdan biri is\u0259 h\u0259myerlimiz Pa\u015fayev Ramin Zeyd o\u011fludur .<\/p>\n<p>Ramin 1981-ci ild\u0259 anadan olub. Orta m\u0259kt\u0259bi Z\u0259rdab rayonunda bitirdikd\u0259n sonra Az\u0259rbaycan D\u00f6vl\u0259t Neft Akademiyas\u0131na daxil olmu\u015f v\u0259 t\u0259hsilini u\u011furla ba\u015fa vurmu\u015fdur .<\/p>\n<p>8 ildir ki, Az\u0259rbaycan D\u00f6vl\u0259t Neft \u015eirk\u0259tind\u0259 Sosial inki\u015faf idar\u0259sinin m\u00fch\u0259ndisidir .<\/p>\n<p>Ramin h\u0259l\u0259 orta m\u0259kt\u0259b ill\u0259rind\u0259n karatenin WKC n\u00f6vl\u0259ri il\u0259 m\u0259\u015f\u011ful olmu\u015f v\u0259 bu maraq bu g\u00fcn d\u0259 onun h\u0259yat\u0131n\u0131n bir hiss\u0259sin\u0259 \u00e7evrilmi\u015fdir . Az\u0259rbaycan Neft \u015eirk\u0259tinin Prezidenti h\u00f6rm\u0259tli R\u00f6vn\u0259q Abdullayev, Sosial \u0130nki\u015faf \u0130dar\u0259sinin r\u0259isi h\u00f6rm\u0259tli Qas\u0131m \u0130brahimov v\u0259 r\u0259isin birinci m\u00fcavini\u00a0h\u00f6rm\u0259tli Neman Soltanov Ramin Pa\u015fayevin bu istedad\u0131n\u0131 n\u0259z\u0259r\u0259 alaraq onun \u00f6z m\u0259\u015fql\u0259rini davam etdirm\u0259sin\u0259 ard\u0131c\u0131l olaraq \u015f\u0259rait yarad\u0131blar . WKC n\u00f6vl\u0259ri \u00fczr\u0259 Karate Federasiyas\u0131n\u0131n Prezidenti Nur\u0259ddin Quliyev ba\u015fda olmaqla m\u0259\u015fq\u00e7il\u0259r Malik Abbasov v\u0259 \u0130lham T\u0259hm\u0259zov karateni b\u00fct\u00fcn inc\u0259likl\u0259rin\u0259 q\u0259d\u0259r h\u0259myerlimiz\u0259 t\u0259lim edibl\u0259r. M\u0259hz bu \u00e7\u0259kil\u0259n z\u0259hm\u0259tin n\u0259tic\u0259sidir ki, Ramin Pa\u015fayev \u00a035 \u00f6lk\u0259nin qat\u0131ld\u0131\u011f\u0131 bu d\u00fcnya \u00e7empionat\u0131nda I Rikumi ju, irikumi do versiyas\u0131 \u00fczr\u0259 vuru\u015fmu\u015f, ikinci v\u0259 \u00fc\u00e7\u00fcnc\u00fc yerl\u0259ri tutaraq b\u00fcr\u00fcnc v\u0259 g\u00fcm\u00fc\u015f medala sahib olmu\u015fdur .<\/p>\n<p>Az.TV v\u0259 &#8220;Space&#8221; kanallar\u0131nda h\u0259min d\u00fcnya \u00e7empionat\u0131nda i\u015ftirak ed\u0259n 20 n\u0259f\u0259r, o c\u00fcml\u0259d\u0259n h\u0259myerlimiz haqq\u0131nda verili\u015f yay\u0131mlanm\u0131\u015fd\u0131r .<\/p>\n<p>B\u00fct\u00fcn bunlara g\u00f6r\u0259 Ramin Pa\u015fayevi \u00fcr\u0259kd\u0259n t\u0259brik edir, ona g\u0259l\u0259c\u0259k i\u015f f\u0259aliyy\u0259tind\u0259 v\u0259 idman h\u0259yat\u0131nda daha b\u00f6y\u00fck u\u011furlar arzulay\u0131ram .<\/p>\n<p><span style=\"color: #0000ff;\"><strong>T\u018fRLAN ABDULLAYEVA, \u201c\u018fK\u0130N\u00c7\u0130&#8221; N\u0130N M\u00dcXB\u0130R\u0130.<\/strong><\/span><a href=\"http:\/\/www.zerdab.com\/h%c9%99myerlimiz-ramin-pasayevl%c9%99-qurur-duyuruq\/pasayev-ramin-zeyd-ogludur\/\" rel=\"attachment wp-att-19992\"><img loading=\"lazy\" decoding=\"async\" class=\"aligncenter size-large wp-image-19992\" src=\"http:\/\/www.zerdab.com\/wp-content\/uploads\/2015\/06\/Pa\u015fayev-Ramin-Zeyd-o\u011fludur-550x309.jpg\" alt=\"Pa\u015fayev Ramin Zeyd o\u011flu\" width=\"550\" height=\"309\" \/><\/a><a href=\"http:\/\/www.zerdab.com\/h%c9%99myerlimiz-ramin-pasayevl%c9%99-qurur-duyuruq\/pasayev-ramin-zeyd-ogludur2\/\" rel=\"attachment wp-att-19993\"><img loading=\"lazy\" decoding=\"async\" class=\"aligncenter size-large wp-image-19993\" src=\"http:\/\/www.zerdab.com\/wp-content\/uploads\/2015\/06\/Pa\u015fayev-Ramin-Zeyd-o\u011fludur2-550x309.jpg\" alt=\"Pa\u015fayev Ramin Zeyd o\u011flu\" width=\"550\" height=\"309\" \/><\/a><\/p>\n","protected":false},"excerpt":{"rendered":"<p>Ramin d\u00fcnya \u00e7empionat\u0131nda b\u00fcr\u00fcnc v\u0259 g\u00fcm\u00fc\u015f medal qazand\u0131 Bu ilin 11-16 iyununda \u0130taliyan\u0131n Milan \u015f\u0259h\u0259rind\u0259 karatenin WKC n\u00f6v\u00fc olan IKU-nun birinci a\u00e7\u0131l\u0131\u015f d\u00fcnya \u00e7empionat\u0131 ke\u00e7irildi . \u00c7empionata d\u00fcnyan\u0131n 35 \u00f6lk\u0259si qat\u0131lm\u0131\u015fd\u0131. H\u0259min \u00f6lk\u0259l\u0259r s\u0131ras\u0131nda Az\u0259rbaycan da vard\u0131 v\u0259 V\u0259t\u0259nimizi bu \u00e7empionatda 20 n\u0259f\u0259r t\u0259msil edirdi . WKC n\u00f6vl\u0259ri \u00fczr\u0259 Karate Federasiyas\u0131n\u0131n x\u0259tti il\u0259 d\u00fcnya \u00e7empionat\u0131nda [&hellip;]<\/p>\n","protected":false},"author":1,"featured_media":0,"comment_status":"open","ping_status":"open","sticky":false,"template":"","format":"standard","meta":{"footnotes":""},"categories":[7],"tags":[],"class_list":{"0":"post-19990","1":"post","2":"type-post","3":"status-publish","4":"format-standard","6":"category-ziyalilar"},"yoast_head":"<!-- This site is optimized with the Yoast SEO plugin v27.0 - https:\/\/yoast.com\/product\/yoast-seo-wordpress\/ -->\n<title>H\u0259myerlimiz Ramin Pa\u015fayevl\u0259 q\u00fcrur duyuruq! - Z\u0259rdab.com<\/title>\n<meta name=\"robots\" content=\"index, follow, max-snippet:-1, max-image-preview:large, max-video-preview:-1\" \/>\n<link rel=\"canonical\" href=\"https:\/\/www.zerdab.com\/?p=19990\" \/>\n<meta property=\"og:locale\" content=\"az_AZ\" \/>\n<meta property=\"og:type\" content=\"article\" \/>\n<meta property=\"og:title\" content=\"H\u0259myerlimiz Ramin Pa\u015fayevl\u0259 q\u00fcrur duyuruq! - Z\u0259rdab.com\" \/>\n<meta property=\"og:description\" content=\"Ramin d\u00fcnya \u00e7empionat\u0131nda b\u00fcr\u00fcnc v\u0259 g\u00fcm\u00fc\u015f medal qazand\u0131 Bu ilin 11-16 iyununda \u0130taliyan\u0131n Milan \u015f\u0259h\u0259rind\u0259 karatenin WKC n\u00f6v\u00fc olan IKU-nun birinci a\u00e7\u0131l\u0131\u015f d\u00fcnya \u00e7empionat\u0131 ke\u00e7irildi . \u00c7empionata d\u00fcnyan\u0131n 35 \u00f6lk\u0259si qat\u0131lm\u0131\u015fd\u0131. H\u0259min \u00f6lk\u0259l\u0259r s\u0131ras\u0131nda Az\u0259rbaycan da vard\u0131 v\u0259 V\u0259t\u0259nimizi bu \u00e7empionatda 20 n\u0259f\u0259r t\u0259msil edirdi . WKC n\u00f6vl\u0259ri \u00fczr\u0259 Karate Federasiyas\u0131n\u0131n x\u0259tti il\u0259 d\u00fcnya \u00e7empionat\u0131nda [&hellip;]\" \/>\n<meta property=\"og:url\" content=\"https:\/\/www.zerdab.com\/?p=19990\" \/>\n<meta property=\"og:site_name\" content=\"Z\u0259rdab.com\" \/>\n<meta property=\"article:published_time\" content=\"2015-06-20T08:09:20+00:00\" \/>\n<meta property=\"article:modified_time\" content=\"2015-06-20T08:09:24+00:00\" \/>\n<meta name=\"author\" content=\"admin\" \/>\n<meta name=\"twitter:card\" content=\"summary_large_image\" \/>\n<meta name=\"twitter:label1\" content=\"Written by\" \/>\n\t<meta name=\"twitter:data1\" content=\"admin\" \/>\n\t<meta name=\"twitter:label2\" content=\"Est. reading time\" \/>\n\t<meta name=\"twitter:data2\" content=\"2 minutes\" \/>\n<script type=\"application\/ld+json\" class=\"yoast-schema-graph\">{\"@context\":\"https:\/\/schema.org\",\"@graph\":[{\"@type\":\"Article\",\"@id\":\"https:\/\/www.zerdab.com\/?p=19990#article\",\"isPartOf\":{\"@id\":\"https:\/\/www.zerdab.com\/?p=19990\"},\"author\":{\"name\":\"admin\",\"@id\":\"https:\/\/www.zerdab.com\/#\/schema\/person\/97079b7570c1e89ec0d9e138c3672136\"},\"headline\":\"H\u0259myerlimiz Ramin Pa\u015fayevl\u0259 q\u00fcrur duyuruq!\",\"datePublished\":\"2015-06-20T08:09:20+00:00\",\"dateModified\":\"2015-06-20T08:09:24+00:00\",\"mainEntityOfPage\":{\"@id\":\"https:\/\/www.zerdab.com\/?p=19990\"},\"wordCount\":433,\"commentCount\":1,\"articleSection\":[\"F\u018fXRL\u018fR\u0130M\u0130Z\"],\"inLanguage\":\"az\",\"potentialAction\":[{\"@type\":\"CommentAction\",\"name\":\"Comment\",\"target\":[\"https:\/\/www.zerdab.com\/?p=19990#respond\"]}]},{\"@type\":\"WebPage\",\"@id\":\"https:\/\/www.zerdab.com\/?p=19990\",\"url\":\"https:\/\/www.zerdab.com\/?p=19990\",\"name\":\"H\u0259myerlimiz Ramin Pa\u015fayevl\u0259 q\u00fcrur duyuruq! - Z\u0259rdab.com\",\"isPartOf\":{\"@id\":\"https:\/\/www.zerdab.com\/#website\"},\"datePublished\":\"2015-06-20T08:09:20+00:00\",\"dateModified\":\"2015-06-20T08:09:24+00:00\",\"author\":{\"@id\":\"https:\/\/www.zerdab.com\/#\/schema\/person\/97079b7570c1e89ec0d9e138c3672136\"},\"breadcrumb\":{\"@id\":\"https:\/\/www.zerdab.com\/?p=19990#breadcrumb\"},\"inLanguage\":\"az\",\"potentialAction\":[{\"@type\":\"ReadAction\",\"target\":[\"https:\/\/www.zerdab.com\/?p=19990\"]}]},{\"@type\":\"BreadcrumbList\",\"@id\":\"https:\/\/www.zerdab.com\/?p=19990#breadcrumb\",\"itemListElement\":[{\"@type\":\"ListItem\",\"position\":1,\"name\":\"Home\",\"item\":\"https:\/\/www.zerdab.com\/\"},{\"@type\":\"ListItem\",\"position\":2,\"name\":\"H\u0259myerlimiz Ramin Pa\u015fayevl\u0259 q\u00fcrur duyuruq!\"}]},{\"@type\":\"WebSite\",\"@id\":\"https:\/\/www.zerdab.com\/#website\",\"url\":\"https:\/\/www.zerdab.com\/\",\"name\":\"Z\u0259rdab.com\",\"description\":\"\",\"potentialAction\":[{\"@type\":\"SearchAction\",\"target\":{\"@type\":\"EntryPoint\",\"urlTemplate\":\"https:\/\/www.zerdab.com\/?s={search_term_string}\"},\"query-input\":{\"@type\":\"PropertyValueSpecification\",\"valueRequired\":true,\"valueName\":\"search_term_string\"}}],\"inLanguage\":\"az\"},{\"@type\":\"Person\",\"@id\":\"https:\/\/www.zerdab.com\/#\/schema\/person\/97079b7570c1e89ec0d9e138c3672136\",\"name\":\"admin\",\"image\":{\"@type\":\"ImageObject\",\"inLanguage\":\"az\",\"@id\":\"https:\/\/www.zerdab.com\/#\/schema\/person\/image\/\",\"url\":\"https:\/\/secure.gravatar.com\/avatar\/d9c52a9a27c32119cb6679a077fa3e2779e5f822c451cbf01098004361d466ec?s=96&d=mm&r=g\",\"contentUrl\":\"https:\/\/secure.gravatar.com\/avatar\/d9c52a9a27c32119cb6679a077fa3e2779e5f822c451cbf01098004361d466ec?s=96&d=mm&r=g\",\"caption\":\"admin\"},\"url\":\"https:\/\/www.zerdab.com\/?author=1\"}]}<\/script>\n<!-- \/ Yoast SEO plugin. -->","yoast_head_json":{"title":"H\u0259myerlimiz Ramin Pa\u015fayevl\u0259 q\u00fcrur duyuruq! - Z\u0259rdab.com","robots":{"index":"index","follow":"follow","max-snippet":"max-snippet:-1","max-image-preview":"max-image-preview:large","max-video-preview":"max-video-preview:-1"},"canonical":"https:\/\/www.zerdab.com\/?p=19990","og_locale":"az_AZ","og_type":"article","og_title":"H\u0259myerlimiz Ramin Pa\u015fayevl\u0259 q\u00fcrur duyuruq! - Z\u0259rdab.com","og_description":"Ramin d\u00fcnya \u00e7empionat\u0131nda b\u00fcr\u00fcnc v\u0259 g\u00fcm\u00fc\u015f medal qazand\u0131 Bu ilin 11-16 iyununda \u0130taliyan\u0131n Milan \u015f\u0259h\u0259rind\u0259 karatenin WKC n\u00f6v\u00fc olan IKU-nun birinci a\u00e7\u0131l\u0131\u015f d\u00fcnya \u00e7empionat\u0131 ke\u00e7irildi . \u00c7empionata d\u00fcnyan\u0131n 35 \u00f6lk\u0259si qat\u0131lm\u0131\u015fd\u0131. H\u0259min \u00f6lk\u0259l\u0259r s\u0131ras\u0131nda Az\u0259rbaycan da vard\u0131 v\u0259 V\u0259t\u0259nimizi bu \u00e7empionatda 20 n\u0259f\u0259r t\u0259msil edirdi . WKC n\u00f6vl\u0259ri \u00fczr\u0259 Karate Federasiyas\u0131n\u0131n x\u0259tti il\u0259 d\u00fcnya \u00e7empionat\u0131nda [&hellip;]","og_url":"https:\/\/www.zerdab.com\/?p=19990","og_site_name":"Z\u0259rdab.com","article_published_time":"2015-06-20T08:09:20+00:00","article_modified_time":"2015-06-20T08:09:24+00:00","author":"admin","twitter_card":"summary_large_image","twitter_misc":{"Written by":"admin","Est. reading time":"2 minutes"},"schema":{"@context":"https:\/\/schema.org","@graph":[{"@type":"Article","@id":"https:\/\/www.zerdab.com\/?p=19990#article","isPartOf":{"@id":"https:\/\/www.zerdab.com\/?p=19990"},"author":{"name":"admin","@id":"https:\/\/www.zerdab.com\/#\/schema\/person\/97079b7570c1e89ec0d9e138c3672136"},"headline":"H\u0259myerlimiz Ramin Pa\u015fayevl\u0259 q\u00fcrur duyuruq!","datePublished":"2015-06-20T08:09:20+00:00","dateModified":"2015-06-20T08:09:24+00:00","mainEntityOfPage":{"@id":"https:\/\/www.zerdab.com\/?p=19990"},"wordCount":433,"commentCount":1,"articleSection":["F\u018fXRL\u018fR\u0130M\u0130Z"],"inLanguage":"az","potentialAction":[{"@type":"CommentAction","name":"Comment","target":["https:\/\/www.zerdab.com\/?p=19990#respond"]}]},{"@type":"WebPage","@id":"https:\/\/www.zerdab.com\/?p=19990","url":"https:\/\/www.zerdab.com\/?p=19990","name":"H\u0259myerlimiz Ramin Pa\u015fayevl\u0259 q\u00fcrur duyuruq! - Z\u0259rdab.com","isPartOf":{"@id":"https:\/\/www.zerdab.com\/#website"},"datePublished":"2015-06-20T08:09:20+00:00","dateModified":"2015-06-20T08:09:24+00:00","author":{"@id":"https:\/\/www.zerdab.com\/#\/schema\/person\/97079b7570c1e89ec0d9e138c3672136"},"breadcrumb":{"@id":"https:\/\/www.zerdab.com\/?p=19990#breadcrumb"},"inLanguage":"az","potentialAction":[{"@type":"ReadAction","target":["https:\/\/www.zerdab.com\/?p=19990"]}]},{"@type":"BreadcrumbList","@id":"https:\/\/www.zerdab.com\/?p=19990#breadcrumb","itemListElement":[{"@type":"ListItem","position":1,"name":"Home","item":"https:\/\/www.zerdab.com\/"},{"@type":"ListItem","position":2,"name":"H\u0259myerlimiz Ramin Pa\u015fayevl\u0259 q\u00fcrur duyuruq!"}]},{"@type":"WebSite","@id":"https:\/\/www.zerdab.com\/#website","url":"https:\/\/www.zerdab.com\/","name":"Z\u0259rdab.com","description":"","potentialAction":[{"@type":"SearchAction","target":{"@type":"EntryPoint","urlTemplate":"https:\/\/www.zerdab.com\/?s={search_term_string}"},"query-input":{"@type":"PropertyValueSpecification","valueRequired":true,"valueName":"search_term_string"}}],"inLanguage":"az"},{"@type":"Person","@id":"https:\/\/www.zerdab.com\/#\/schema\/person\/97079b7570c1e89ec0d9e138c3672136","name":"admin","image":{"@type":"ImageObject","inLanguage":"az","@id":"https:\/\/www.zerdab.com\/#\/schema\/person\/image\/","url":"https:\/\/secure.gravatar.com\/avatar\/d9c52a9a27c32119cb6679a077fa3e2779e5f822c451cbf01098004361d466ec?s=96&d=mm&r=g","contentUrl":"https:\/\/secure.gravatar.com\/avatar\/d9c52a9a27c32119cb6679a077fa3e2779e5f822c451cbf01098004361d466ec?s=96&d=mm&r=g","caption":"admin"},"url":"https:\/\/www.zerdab.com\/?author=1"}]}},"_links":{"self":[{"href":"https:\/\/www.zerdab.com\/index.php?rest_route=\/wp\/v2\/posts\/19990","targetHints":{"allow":["GET"]}}],"collection":[{"href":"https:\/\/www.zerdab.com\/index.php?rest_route=\/wp\/v2\/posts"}],"about":[{"href":"https:\/\/www.zerdab.com\/index.php?rest_route=\/wp\/v2\/types\/post"}],"author":[{"embeddable":true,"href":"https:\/\/www.zerdab.com\/index.php?rest_route=\/wp\/v2\/users\/1"}],"replies":[{"embeddable":true,"href":"https:\/\/www.zerdab.com\/index.php?rest_route=%2Fwp%2Fv2%2Fcomments&post=19990"}],"version-history":[{"count":2,"href":"https:\/\/www.zerdab.com\/index.php?rest_route=\/wp\/v2\/posts\/19990\/revisions"}],"predecessor-version":[{"id":19995,"href":"https:\/\/www.zerdab.com\/index.php?rest_route=\/wp\/v2\/posts\/19990\/revisions\/19995"}],"wp:attachment":[{"href":"https:\/\/www.zerdab.com\/index.php?rest_route=%2Fwp%2Fv2%2Fmedia&parent=19990"}],"wp:term":[{"taxonomy":"category","embeddable":true,"href":"https:\/\/www.zerdab.com\/index.php?rest_route=%2Fwp%2Fv2%2Fcategories&post=19990"},{"taxonomy":"post_tag","embeddable":true,"href":"https:\/\/www.zerdab.com\/index.php?rest_route=%2Fwp%2Fv2%2Ftags&post=19990"}],"curies":[{"name":"wp","href":"https:\/\/api.w.org\/{rel}","templated":true}]}}