{"id":20009,"date":"2015-06-22T13:17:40","date_gmt":"2015-06-22T08:17:40","guid":{"rendered":"http:\/\/www.zerdab.com\/?p=20009"},"modified":"2015-06-22T13:22:15","modified_gmt":"2015-06-22T08:22:15","slug":"erm%c9%99ni-qadin-jurnalist-erm%c9%99nistanda-az%c9%99rbaycanlilari-yandirirdilar","status":"publish","type":"post","link":"https:\/\/www.zerdab.com\/?p=20009","title":{"rendered":"Erm\u0259ni jurnalist: Erm\u0259nistanda Az\u0259rbaycanl\u0131lar\u0131 yand\u0131r\u0131rd\u0131lar"},"content":{"rendered":"<p><a href=\"http:\/\/www.zerdab.com\/erm%c9%99ni-qadin-jurnalist-erm%c9%99nistanda-az%c9%99rbaycanlilari-yandirirdilar\/ff\/\" rel=\"attachment wp-att-20010\"><img loading=\"lazy\" decoding=\"async\" class=\"aligncenter size-full wp-image-20010\" src=\"http:\/\/www.zerdab.com\/wp-content\/uploads\/2015\/06\/ff.jpg\" alt=\"foto\" width=\"480\" height=\"360\" \/><\/a>Erm\u0259nistan\u0131n hakimiyy\u0259ti ba\u015f\u0131nda olan \u201cQaraba\u011f klan\u0131\u201dn\u0131n istiqam\u0259tl\u0259ndirdiyi erm\u0259ni t\u0259bli\u011fat\u0131 uzun ill\u0259r \u00f6t\u0259n \u0259srin 80-ci ill\u0259rind\u0259, sovetl\u0259r d\u00f6vr\u00fcnd\u0259 \u00e7oxsayl\u0131 az\u0259rbaycanl\u0131lar\u0131n q\u0259tl\u0259 yetirilm\u0259si fakt\u0131n\u0131 q\u0259tiyy\u0259tl\u0259 inkar edirdil\u0259r. Guya ki, Erm\u0259nistandak\u0131 500 min\u0259 yax\u0131n az\u0259rbaycanl\u0131 o \u00f6lk\u0259d\u0259n arxay\u0131nl\u0131qla, \u0259\u015fya v\u0259 avadanl\u0131qlar\u0131n\u0131 y\u0131\u011faraq, evl\u0259rini sataraq klas vaqonlar\u0131n \u201cl\u00fcks\u201d kupel\u0259rind\u0259 Az\u0259rbaycana k\u00f6\u00e7\u00fcb getmi\u015fdir. Erm\u0259ni \u201cg\u00f6bbels\u201dl\u0259ri (Hitler Almaniyas\u0131n\u0131n informasiya v\u0259 t\u0259bli\u011fat naziri) b\u0259d ayaqda olsa-olsa, bir onu etiraf edirdil\u0259r ki, Sumqay\u0131t hadis\u0259l\u0259rin\u0259 cavab olaraq erm\u0259nil\u0259r 5-6 az\u0259rbaycanl\u0131 old\u00fcr\u00fcbl\u0259r&#8230; Lakin erm\u0259ni qad\u0131n jurnalist Mane Papyan h\u0259yat\u0131n\u0131 qorxuya v\u0259 risk\u0259 ataraq x\u00fcsusi t\u0259hqiqat aparm\u0131\u015f v\u0259 erm\u0259ni t\u0259bli\u011fat\u0131n\u0131 tam t\u0259kzib etmi\u015fdir. Onun ara\u015fd\u0131rmalar\u0131 s\u00fcbut edir ki, az\u0259rbaycanl\u0131lar\u0131n Erm\u0259nistandan qovulmas\u0131na Sumqay\u0131t hadis\u0259l\u0259rind\u0259n \u0259vv\u0259l ba\u015flanm\u0131\u015f, bu proses Moskva t\u0259r\u0259find\u0259n t\u0259\u015fkil olunmu\u015f v\u0259 idar\u0259 edilmi\u015fdir. M. Papyan az\u0259rbaycanl\u0131lar\u0131n Erm\u0259nistanda q\u0259tl\u0259 yetirilm\u0259sini, deportasiya edilm\u0259sini g\u00f6zl\u0259ri il\u0259 g\u00f6r\u0259n \u015fahidl\u0259rl\u0259 g\u00f6r\u00fc\u015f\u00fcb s\u00f6hb\u0259t etmi\u015fdir. T\u0259bii olaraq erm\u0259ni m\u0259tbuat\u0131 bu qad\u0131n jurnalistin yazd\u0131qlar\u0131n\u0131 d\u0259rc etm\u0259yib, lakin bel\u0259 bir c\u0259sar\u0259tli add\u0131m\u0131 epress.am. informasiya agentliyi atm\u0131sd\u0131r v\u0259 h\u0259min yaz\u0131n\u0131 oxucular\u0131m\u0131za t\u0259qdim edirik.<br \/>\n&#8212; H\u0259min g\u00fcn biz m\u0259kt\u0259b\u0259 g\u0259ldik. Az\u0259rbaycanl\u0131 \u015fagird v\u0259 m\u00fc\u0259lliml\u0259rd\u0259n he\u00e7 biri m\u0259kt\u0259b\u0259 g\u0259lm\u0259mi\u015fdi. M\u0259kt\u0259bin direktoru \u018fli \u018fl\u0259sg\u0259rovdan soru\u015fduq ki, b\u0259s bunlar hardad\u0131lar, o cavab verdi ki, ham\u0131 avtobusla Erm\u0259nistandan qa\u00e7d\u0131, &#8212; bunu Quqark rayonunun (indiki Lori vilay\u0259tinin) \u015eaumyan k\u0259ndind\u0259ki beyn\u0259lmil\u0259l m\u0259kt\u0259bin t\u0259rbiy\u0259 i\u015fl\u0259ri \u00fczr\u0259 ke\u00e7mi\u015f direktor m\u00fcavini Rimma Sarqsyan deyir.<br \/>\n&#8212; 1988-ci il fevral\u0131n 26-s\u0131 idi, Sumqay\u0131t hadis\u0259l\u0259rin\u0259 iki g\u00fcn qal\u0131rd\u0131. Az\u0259rbaycanl\u0131lar da, erm\u0259nil\u0259r d\u0259 qorxu i\u00e7ind\u0259 idil\u0259r. K\u0259ndd\u0259ki erm\u0259nil\u0259r \u00e7ox qorxurdular ki, az\u0259rbaycanl\u0131lar i\u00e7m\u0259li suya z\u0259h\u0259r qatarlar, &#8212; bunu is\u0259 o vaxt \u201cVaahni\u201d kolxozunun s\u0259dri i\u015fl\u0259mi\u015f Stepan Ayvazyan dan\u0131\u015f\u0131r. \u2013 Sumqay\u0131t hadis\u0259l\u0259rind\u0259n sonra Quqark rayonumda ilk novb\u0259d\u0259 strateji \u0259h\u0259miyy\u0259tli obyektl\u0259rd\u0259ki (su k\u0259m\u0259rl\u0259ri v\u0259 elektrostansiyalardak\u0131) az\u0259rbaycanl\u0131 g\u00f6z\u0259t\u00e7il\u0259ri i\u015fd\u0259n k\u0259narla\u015fd\u0131rd\u0131lar.<br \/>\nKirovakan\u0131n (Vanadzorun) o vaxtk\u0131 prokuroru Qriqori \u015eahverdyan\u0131n \u015f\u0259xsi arxivind\u0259 saxlad\u0131\u011f\u0131 s\u0259n\u0259dl\u0259rd\u0259 yaz\u0131l\u0131b ki, 1988-ci ilin mart\u0131ndan noyabr\u0131nad\u0259k t\u0259kc\u0259 Quqark rayonunda 624 az\u0259rbaycanl\u0131 i\u015fd\u0259n \u00e7\u0131xar\u0131l\u0131b.<br \/>\n\u201cQaraba\u011f\u201d komit\u0259sinin ke\u00e7mi\u015f \u00fczv\u00fc Artur Sakuns yaz\u0131r ki, gec\u0259yar\u0131 Ardcut k\u0259ndind\u0259n az\u0259rbaycanl\u0131lar\u0131 avtomobill\u0259rl\u0259 \u00e7\u0131xaranda erm\u0259nil\u0259r avtomobil d\u0259st\u0259sin\u0259 basq\u0131n etdil\u0259r.<br \/>\n\u201cKirovakanda mill\u0259tl\u0259raras\u0131 cinay\u0259tl\u0259r\u201d ba\u015fl\u0131ql\u0131, 10 iyul 1989-cu il tarixli bir s\u0259n\u0259dd\u0259 42 hadis\u0259 qeyd\u0259 al\u0131nm\u0131\u015fd\u0131r: 1988-ci ilin mart\u0131ndan az\u0259rbaycanl\u0131lar\u0131n evl\u0259rin\u0259 basq\u0131nlar olmu\u015f, onlar d\u00f6y\u00fclm\u00fc\u015f, evl\u0259ri talan edilmi\u015fdir. Az\u0259rbaycanl\u0131lar \u00fc\u00e7\u00fcn t\u0259k \u00f6z evl\u0259rind\u0259 deyil, i\u015f yerl\u0259rind\u0259 d\u0259 b\u00f6y\u00fck t\u0259hl\u00fck\u0259 vard\u0131: onlar\u0131 \u00f6z i\u015f yolda\u015flar\u0131, h\u0259mkarlar\u0131 da d\u00f6y\u00fcr, he\u00e7 bir s\u0259b\u0259b g\u00f6st\u0259rm\u0259d\u0259n i\u015fd\u0259n \u00e7\u0131xar\u0131rd\u0131lar. Az\u0259rbaycanl\u0131lara bazarlarda daha \u00e7ox rast g\u0259linirdi, \u00e7\u00fcnki alver\u00e7il\u0259rin \u0259ks\u0259riyy\u0259ti az\u0259rbaycanl\u0131lar idi v\u0259 onlar\u0131 bazardaca d\u00f6y\u00fcr, mallar\u0131n\u0131 \u0259ll\u0259rind\u0259n al\u0131rd\u0131lar.<br \/>\n&#8212; M\u0259nd\u0259 Vanadzorda ya\u015fayan az\u0259rbaycanl\u0131lar\u0131n \u00fcnvanlar\u0131 vard\u0131, onlar\u0131n ham\u0131s\u0131na tap\u015f\u0131rm\u0131\u015fd\u0131m ki, h\u0259r hans\u0131 problem yaranarsa, m\u0259niml\u0259 \u0259laq\u0259 saxlas\u0131nlar. Bir d\u0259f\u0259 Quliyevl\u0259r ail\u0259sind\u0259n z\u0259ng edib x\u0259b\u0259r verdil\u0259r ki, nam\u0259lum \u015f\u0259xsl\u0259r onlar\u0131n evl\u0259rinin qap\u0131s\u0131n\u0131 s\u0131nd\u0131rma\u011fa \u00e7al\u0131\u015f\u0131rlar, &#8212; \u015f\u0259h\u0259rin ke\u00e7mi\u015f prokuroru Qriqori \u015eahverdyan dan\u0131\u015f\u0131r v\u0259 t\u0259\u0259cc\u00fcb edir ki, o vaxt bel\u0259 qalmaqallar olan yerl\u0259r\u0259 getm\u0259kd\u0259n n\u0259 yax\u015f\u0131 qorxmay\u0131b? Onun s\u00f6zl\u0259rin\u0259 g\u00f6r\u0259, h\u0259min vaxt Kirovakanda 7 az\u0259rbaycanl\u0131n\u0131n q\u0259tl\u0259 yetirilm\u0259si qeyd\u0259 al\u0131nm\u0131\u015fd\u0131. Telman H\u00fcseynovun \u00f6ld\u00fcr\u00fclm\u0259si \u0259n \u00e7ox dan\u0131\u015f\u0131lan hadis\u0259 idi. \u201cTelman H\u00fcseynov 1988-ci ilin 27 noyabr\u0131nda gec\u0259 saat 22 rad\u0259l\u0259rind\u0259 sevgilisi P. \u0130rinan\u0131n m\u0259nzilind\u0259 b\u0131\u00e7aq v\u0259 balta il\u0259 \u00f6ld\u00fcr\u00fclm\u00fc\u015fd\u00fc. Yerli istintaq orqanlar\u0131 cinay\u0259tin \u00fcst\u00fcn\u00fc a\u00e7d\u0131lar v\u0259 azya\u015fl\u0131 Usik Marutyanla Tigran Evinyan\u0131 h\u0259bs etdil\u0259r\u201d, &#8212; prokurorun arxivind\u0259ki bir s\u0259n\u0259dd\u0259 m\u0259hz bel\u0259 yaz\u0131lm\u0131\u015fd\u0131r.<br \/>\nKe\u00e7mi\u015f prokuror Q. \u015eahverdyan etiraf edir ki, \u00e7ox \u00e7\u0259tin v\u0259ziyy\u0259t\u0259 d\u00fc\u015f\u00fcbm\u00fc\u015f. \u201cUcdantutma ham\u0131da silah vard\u0131. N\u0259inki mill\u0259tl\u0259raras\u0131 cinay\u0259tl\u0259rin, h\u0259m d\u0259 \u00fcmumilikd\u0259 zorak\u0131l\u0131qlar\u0131n say\u0131 art\u0131rd\u0131. \u015eaumyan k\u0259ndind\u0259 ba\u015fqa bir hadis\u0259 ba\u015f verdi. M\u0259n\u0259 x\u0259b\u0259r \u00e7atd\u0131rd\u0131lar ki, k\u0259ndin camaat\u0131 bir az\u0259rbaycanl\u0131n\u0131 (Qas\u0131m K.-n\u0131) t\u0259pik alt\u0131na salm\u0131\u015flar, onu t\u0259pikl\u0259 vura-vura qayadan tullamaq ist\u0259yirl\u0259r. \u00d6z\u00fcm\u00fcz\u00fc hadis\u0259 yerin\u0259 \u00e7atd\u0131raraq o adam\u0131 onlar\u0131n \u0259lind\u0259n alma\u011fa \u00e7al\u0131\u015fd\u0131q. M\u0259nim bir t\u0259r\u0259fimd\u0259 milis, o biri t\u0259r\u0259fimd\u0259 milli t\u0259hl\u00fck\u0259sizlik \u0259m\u0259kda\u015f\u0131, solumda is\u0259 hasar vard\u0131, camaat (erm\u0259nil\u0259r) \u00fcst\u00fcm\u00fcz\u0259 h\u00fccuma ke\u00e7di. Sonralar m\u0259n\u0259 dan\u0131\u015fd\u0131lar ki, hu\u015fumu itirmi\u015f\u0259m v\u0259 m\u0259ni oradan \u00e7\u0131xar\u0131b apara bilibl\u0259r\u201d&#8230;<br \/>\n\u015eahverdyan\u0131n arxiv s\u0259n\u0259dind\u0259n: \u201cNoyabr\u0131n 28-d\u0259 gec\u0259 23-d\u0259 Kirovakan \u015f\u0259h\u0259rinin sakinl\u0259ri Martun Poxradyan v\u0259 Qarnik Tonoyan G\u00fcl\u00fcz v\u0259 \u00c7i\u00e7nar V\u0259liyevl\u0259r\u0259 b\u0259d\u0259n x\u0259sar\u0259ti yetirmi\u015f, t\u0259l\u0259b etmi\u015fl\u0259r ki, m\u0259nzill\u0259rind\u0259n \u00e7\u0131xs\u0131nlar v\u0259 evi erm\u0259nil\u0259r\u0259 versinl\u0259r. Xuliqanlar h\u0259bs olundular, cinay\u0259t i\u015fin\u0259 m\u0259hk\u0259m\u0259d\u0259 bax\u0131ld\u0131\u201d.<br \/>\nQuqarkdak\u0131 g\u0259rginlik Az\u0259rbaycan \u015f\u0259h\u0259ri Kirovabad (G\u0259nc\u0259) \u015f\u0259h\u0259rind\u0259ki hadis\u0259l\u0259rd\u0259n (21-26 noyabr 1988-ci il) sonra g\u00f6r\u00fcnm\u0259mi\u015f h\u0259dd\u0259 \u00e7atd\u0131. \u018fsas hadis\u0259l\u0259r \u015eaumyan k\u0259ndind\u0259 (Vardanl\u0131 yax\u0131nl\u0131\u011f\u0131nda) ba\u015f verdi. R\u0259smi m\u0259lumata g\u00f6r\u0259, h\u0259min vaxt 11 az\u0259rbaycanl\u0131 q\u0259tl\u0259 yetirilmi\u015fdir. Bu hadis\u0259 t\u0259kc\u0259 Erm\u0259nistanda deyil, onun s\u0259rh\u0259dl\u0259rind\u0259n k\u0259narda da b\u00f6y\u00fck s\u0259s-k\u00fcy\u0259 s\u0259b\u0259b oldu: cinay\u0259tkarlar\u0131n a\u015fkar edilm\u0259si \u00fc\u00e7\u00fcn Moskvadan 100-d\u0259n \u00e7ox \u00fczv\u00fc olan istintaq qrupu g\u0259ldi. \u00c7oxlu sanksiyalar t\u0259tbiq olundu: Quqark \u015f\u0259h\u0259r komit\u0259sinin b\u00fcrosu \u015f\u0259h\u0259rin birinci katibi Lavrenti Baqdasaryan\u0131 v\u0259 icraiyy\u0259 komit\u0259sinin s\u0259dri Samvel Qazaryan\u0131, \u015eaumyan\u0131n b\u00fct\u00fcn milisl\u0259rini i\u015fd\u0259n k\u0259narla\u015fd\u0131rd\u0131. Az\u0259rbaycan k\u0259ndl\u0259rin\u0259, o c\u00fcml\u0259d\u0259n \u015eaumyana ged\u0259n yollarda \u015flaqbaumlar quruldu v\u0259 h\u0259min yerl\u0259r\u0259 Rusiya \u0259sg\u0259rl\u0259ri n\u0259zar\u0259t etm\u0259y\u0259 ba\u015flad\u0131lar. \u201cH\u0259min vaxt k\u0259ndd\u0259 \u0259sl m\u00fcharib\u0259 gedirdi, az\u0259rbaycanl\u0131lar da, bizimkil\u0259r d\u0259 silahlanm\u0131\u015fd\u0131lar. Bizim m\u0259kt\u0259bin \u015fagirdl\u0259rind\u0259n 9-cu sinifd\u0259 oxuyan bir az\u0259rbaycanl\u0131 o\u011flan q\u0259tl\u0259 yetirilmi\u015fdi. Onu d\u0259r\u0259y\u0259 tullam\u0131\u015fd\u0131lar\u201d, &#8212; beyn\u0259lmil\u0259l m\u0259kt\u0259bin t\u0259rbiy\u0259 i\u015fl\u0259ri \u00fczr\u0259 ke\u00e7mi\u015f direktor m\u00fcavini Rimma Sarqsyan g\u00f6rd\u00fckl\u0259ri bar\u0259d\u0259 bel\u0259 ifad\u0259 verib.<br \/>\n\u00abYeniyetm\u0259ni d\u0259r\u0259y\u0259 \u015eaumyan k\u0259ndinin sakini Samvel V. atm\u0131\u015fd\u0131. Bu h\u0259r\u0259k\u0259t o biril\u0259ri d\u0259 ruhland\u0131rm\u0131\u015fd\u0131. Silahlanm\u0131\u015f erm\u0259ni d\u0259st\u0259l\u0259ri az\u0259rbaycanl\u0131lar\u0131 me\u015f\u0259d\u0259 t\u0259qib etmi\u015fdil\u0259r, az\u0259rbaycanl\u0131lar canlar\u0131n\u0131 qurtara bilib Marqaovit\u0259 gedib \u00e7\u0131xa bilmi\u015fdil\u0259r\u00bb, &#8212; Stepan Ayvazyan xat\u0131rlay\u0131r.<br \/>\nMoskvadan g\u0259l\u0259n prokuror v\u0259 m\u00fcst\u0259ntiql\u0259rin 2 ayl\u0131q axtar\u0131\u015f\u0131ndan sonra Samveli tutmaq m\u00fcmk\u00fcn oldu, amma 4 dindirilm\u0259d\u0259n sonra onlar m\u0259kt\u0259blinin q\u0259tlind\u0259 onun g\u00fcnahkar oldu\u011funu \u201cs\u00fcbut ed\u0259 bilm\u0259dil\u0259r\u201d.<br \/>\n\u015eaumyandak\u0131 beyn\u0259lmil\u0259l m\u0259kt\u0259bin m\u00fc\u0259llim\u0259si Z\u0259rv\u0259rd Bek\u00e7yan xat\u0131rlay\u0131r: \u00ab\u015e\u0259h\u0259rd\u0259n (Vanadzordan) g\u0259l\u0259n silahl\u0131 u\u015faqlar avtomobill\u0259rin p\u0259nc\u0259r\u0259l\u0259rind\u0259n at\u0259\u015f a\u00e7\u0131rd\u0131lar\u00bb.<br \/>\n\u00abEdik Martirosyan\u0131n r\u0259hb\u0259rliyi alt\u0131nda \u015eaumyan k\u0259ndin\u0259 getdik. Burada meyitl\u0259ri yand\u0131rm\u0131\u015fd\u0131lar ki, tan\u0131nmas\u0131nlar. Milis meyitl\u0259ri tapd\u0131, bu, faktiki i\u015fg\u0259nc\u0259l\u0259rl\u0259 \u00f6ld\u00fcrm\u0259k \u2013 sadizm idi v\u0259 bundan sonra \u015eaumyandak\u0131 insidentl\u0259 ba\u011fl\u0131 cinay\u0259t i\u015fi ba\u015fland\u0131\u00bb, &#8212; Stepan Ayvazyan bel\u0259 deyir.<br \/>\n\u00abBizd\u0259 iki n\u0259f\u0259ri diri-diri yand\u0131rd\u0131lar: az\u0259rbaycanl\u0131lardan biri qa\u00e7\u0131b m\u0259kt\u0259bimiz\u0259 g\u0259ldi, amma onu m\u0259hz burada &#8212; qaraj\u0131n yan\u0131nda tutdular v\u0259 diri-diri yand\u0131rd\u0131lar\u00bb, &#8212; Rimma Sarqsyan deyir.<br \/>\nBaxmayaraq ki, bu hadis\u0259l\u0259rd\u0259 ba\u015f rolda olan b\u0259zi \u015f\u0259xsl\u0259ri bir ne\u00e7\u0259 aydan bir ne\u00e7\u0259 il\u0259 q\u0259d\u0259r m\u00fcdd\u0259t\u0259 h\u0259bs etmi\u015fdil\u0259r, bununla bel\u0259, \u015eaumyandak\u0131 cinay\u0259tl\u0259rin \u00fcst\u00fc tam a\u00e7\u0131lmad\u0131.<br \/>\nArtur Sakuns deyir ki, 1988-ci ilin dekabr\u0131nda \u00abQaraba\u011f\u00bb komit\u0259sinin dem\u0259k olar, b\u00fct\u00fcn \u00fczvl\u0259ri tam hey\u0259tl\u0259 h\u0259bs olundular. \u015eaumyandak\u0131 hadis\u0259l\u0259rl\u0259 \u0259laq\u0259dar yanvarda onu Moskva prokurorlu\u011funa dindirilm\u0259y\u0259 \u00e7a\u011f\u0131r\u0131blar, soru\u015fublar ki, adamlar\u0131 bel\u0259 zorak\u0131l\u0131qlara komit\u0259 t\u0259hrik etm\u0259yib ki? \u00abM\u00fcst\u0259ntiq Viktor \u0130vanovi\u00e7 m\u0259n\u0259 dedi ki, tezlikl\u0259 bu i\u015f ba\u011flanacaq, komit\u0259 is\u0259 azadl\u0131\u011fa burax\u0131lacaq. Mayda komit\u0259nin \u00fczvl\u0259rini azad etdil\u0259r, cinay\u0259t i\u015fini is\u0259 ba\u011flad\u0131lar. Bu is\u0259 bir daha s\u00fcbut edir ki, h\u0259r \u015fey Moskvada nizamlan\u0131r v\u0259 Moskvadan idar\u0259 olunurmu\u015f\u00bb, &#8212; Mane Papyan\u0131n t\u0259hqiqat\u0131nda bel\u0259 deyilir.<\/p>\n<p><span style=\"color: #0000ff;\"><strong>Rus dilind\u0259n t\u0259rc\u00fcm\u0259 etdi:\u00a0<\/strong><\/span><br \/>\n<span style=\"color: #0000ff;\"><strong> \u0130sam\u0259ddin \u018fHM\u018fDOV, &#8220;\u018fkin\u00e7i&#8221; q\u0259zetinin redaktoru<\/strong><\/span><\/p>\n","protected":false},"excerpt":{"rendered":"<p>Erm\u0259nistan\u0131n hakimiyy\u0259ti ba\u015f\u0131nda olan \u201cQaraba\u011f klan\u0131\u201dn\u0131n istiqam\u0259tl\u0259ndirdiyi erm\u0259ni t\u0259bli\u011fat\u0131 uzun ill\u0259r \u00f6t\u0259n \u0259srin 80-ci ill\u0259rind\u0259, sovetl\u0259r d\u00f6vr\u00fcnd\u0259 \u00e7oxsayl\u0131 az\u0259rbaycanl\u0131lar\u0131n q\u0259tl\u0259 yetirilm\u0259si fakt\u0131n\u0131 q\u0259tiyy\u0259tl\u0259 inkar edirdil\u0259r. Guya ki, Erm\u0259nistandak\u0131 500 min\u0259 yax\u0131n az\u0259rbaycanl\u0131 o \u00f6lk\u0259d\u0259n arxay\u0131nl\u0131qla, \u0259\u015fya v\u0259 avadanl\u0131qlar\u0131n\u0131 y\u0131\u011faraq, evl\u0259rini sataraq klas vaqonlar\u0131n \u201cl\u00fcks\u201d kupel\u0259rind\u0259 Az\u0259rbaycana k\u00f6\u00e7\u00fcb getmi\u015fdir. Erm\u0259ni \u201cg\u00f6bbels\u201dl\u0259ri (Hitler Almaniyas\u0131n\u0131n informasiya v\u0259 t\u0259bli\u011fat [&hellip;]<\/p>\n","protected":false},"author":1,"featured_media":0,"comment_status":"open","ping_status":"open","sticky":false,"template":"","format":"standard","meta":{"footnotes":""},"categories":[21],"tags":[],"class_list":{"0":"post-20009","1":"post","2":"type-post","3":"status-publish","4":"format-standard","6":"category-zrdab"},"yoast_head":"<!-- This site is optimized with the Yoast SEO plugin v27.0 - https:\/\/yoast.com\/product\/yoast-seo-wordpress\/ -->\n<title>Erm\u0259ni jurnalist: Erm\u0259nistanda Az\u0259rbaycanl\u0131lar\u0131 yand\u0131r\u0131rd\u0131lar - Z\u0259rdab.com<\/title>\n<meta name=\"robots\" content=\"index, follow, max-snippet:-1, max-image-preview:large, max-video-preview:-1\" \/>\n<link rel=\"canonical\" href=\"https:\/\/www.zerdab.com\/?p=20009\" \/>\n<meta property=\"og:locale\" content=\"az_AZ\" \/>\n<meta property=\"og:type\" content=\"article\" \/>\n<meta property=\"og:title\" content=\"Erm\u0259ni jurnalist: Erm\u0259nistanda Az\u0259rbaycanl\u0131lar\u0131 yand\u0131r\u0131rd\u0131lar - Z\u0259rdab.com\" \/>\n<meta property=\"og:description\" content=\"Erm\u0259nistan\u0131n hakimiyy\u0259ti ba\u015f\u0131nda olan \u201cQaraba\u011f klan\u0131\u201dn\u0131n istiqam\u0259tl\u0259ndirdiyi erm\u0259ni t\u0259bli\u011fat\u0131 uzun ill\u0259r \u00f6t\u0259n \u0259srin 80-ci ill\u0259rind\u0259, sovetl\u0259r d\u00f6vr\u00fcnd\u0259 \u00e7oxsayl\u0131 az\u0259rbaycanl\u0131lar\u0131n q\u0259tl\u0259 yetirilm\u0259si fakt\u0131n\u0131 q\u0259tiyy\u0259tl\u0259 inkar edirdil\u0259r. Guya ki, Erm\u0259nistandak\u0131 500 min\u0259 yax\u0131n az\u0259rbaycanl\u0131 o \u00f6lk\u0259d\u0259n arxay\u0131nl\u0131qla, \u0259\u015fya v\u0259 avadanl\u0131qlar\u0131n\u0131 y\u0131\u011faraq, evl\u0259rini sataraq klas vaqonlar\u0131n \u201cl\u00fcks\u201d kupel\u0259rind\u0259 Az\u0259rbaycana k\u00f6\u00e7\u00fcb getmi\u015fdir. Erm\u0259ni \u201cg\u00f6bbels\u201dl\u0259ri (Hitler Almaniyas\u0131n\u0131n informasiya v\u0259 t\u0259bli\u011fat [&hellip;]\" \/>\n<meta property=\"og:url\" content=\"https:\/\/www.zerdab.com\/?p=20009\" \/>\n<meta property=\"og:site_name\" content=\"Z\u0259rdab.com\" \/>\n<meta property=\"article:published_time\" content=\"2015-06-22T08:17:40+00:00\" \/>\n<meta property=\"article:modified_time\" content=\"2015-06-22T08:22:15+00:00\" \/>\n<meta property=\"og:image\" content=\"http:\/\/www.zerdab.com\/wp-content\/uploads\/2015\/06\/ff.jpg\" \/>\n<meta name=\"author\" content=\"admin\" \/>\n<meta name=\"twitter:card\" content=\"summary_large_image\" \/>\n<meta name=\"twitter:label1\" content=\"Written by\" \/>\n\t<meta name=\"twitter:data1\" content=\"admin\" \/>\n\t<meta name=\"twitter:label2\" content=\"Est. reading time\" \/>\n\t<meta name=\"twitter:data2\" content=\"9 minutes\" \/>\n<script type=\"application\/ld+json\" class=\"yoast-schema-graph\">{\"@context\":\"https:\/\/schema.org\",\"@graph\":[{\"@type\":\"Article\",\"@id\":\"https:\/\/www.zerdab.com\/?p=20009#article\",\"isPartOf\":{\"@id\":\"https:\/\/www.zerdab.com\/?p=20009\"},\"author\":{\"name\":\"admin\",\"@id\":\"https:\/\/www.zerdab.com\/#\/schema\/person\/97079b7570c1e89ec0d9e138c3672136\"},\"headline\":\"Erm\u0259ni jurnalist: Erm\u0259nistanda Az\u0259rbaycanl\u0131lar\u0131 yand\u0131r\u0131rd\u0131lar\",\"datePublished\":\"2015-06-22T08:17:40+00:00\",\"dateModified\":\"2015-06-22T08:22:15+00:00\",\"mainEntityOfPage\":{\"@id\":\"https:\/\/www.zerdab.com\/?p=20009\"},\"wordCount\":1771,\"commentCount\":0,\"image\":{\"@id\":\"https:\/\/www.zerdab.com\/?p=20009#primaryimage\"},\"thumbnailUrl\":\"http:\/\/www.zerdab.com\/wp-content\/uploads\/2015\/06\/ff.jpg\",\"articleSection\":[\"C\u018fM\u0130YY\u018fT\"],\"inLanguage\":\"az\",\"potentialAction\":[{\"@type\":\"CommentAction\",\"name\":\"Comment\",\"target\":[\"https:\/\/www.zerdab.com\/?p=20009#respond\"]}]},{\"@type\":\"WebPage\",\"@id\":\"https:\/\/www.zerdab.com\/?p=20009\",\"url\":\"https:\/\/www.zerdab.com\/?p=20009\",\"name\":\"Erm\u0259ni jurnalist: Erm\u0259nistanda Az\u0259rbaycanl\u0131lar\u0131 yand\u0131r\u0131rd\u0131lar - Z\u0259rdab.com\",\"isPartOf\":{\"@id\":\"https:\/\/www.zerdab.com\/#website\"},\"primaryImageOfPage\":{\"@id\":\"https:\/\/www.zerdab.com\/?p=20009#primaryimage\"},\"image\":{\"@id\":\"https:\/\/www.zerdab.com\/?p=20009#primaryimage\"},\"thumbnailUrl\":\"http:\/\/www.zerdab.com\/wp-content\/uploads\/2015\/06\/ff.jpg\",\"datePublished\":\"2015-06-22T08:17:40+00:00\",\"dateModified\":\"2015-06-22T08:22:15+00:00\",\"author\":{\"@id\":\"https:\/\/www.zerdab.com\/#\/schema\/person\/97079b7570c1e89ec0d9e138c3672136\"},\"breadcrumb\":{\"@id\":\"https:\/\/www.zerdab.com\/?p=20009#breadcrumb\"},\"inLanguage\":\"az\",\"potentialAction\":[{\"@type\":\"ReadAction\",\"target\":[\"https:\/\/www.zerdab.com\/?p=20009\"]}]},{\"@type\":\"ImageObject\",\"inLanguage\":\"az\",\"@id\":\"https:\/\/www.zerdab.com\/?p=20009#primaryimage\",\"url\":\"\",\"contentUrl\":\"\"},{\"@type\":\"BreadcrumbList\",\"@id\":\"https:\/\/www.zerdab.com\/?p=20009#breadcrumb\",\"itemListElement\":[{\"@type\":\"ListItem\",\"position\":1,\"name\":\"Home\",\"item\":\"https:\/\/www.zerdab.com\/\"},{\"@type\":\"ListItem\",\"position\":2,\"name\":\"Erm\u0259ni jurnalist: Erm\u0259nistanda Az\u0259rbaycanl\u0131lar\u0131 yand\u0131r\u0131rd\u0131lar\"}]},{\"@type\":\"WebSite\",\"@id\":\"https:\/\/www.zerdab.com\/#website\",\"url\":\"https:\/\/www.zerdab.com\/\",\"name\":\"Z\u0259rdab.com\",\"description\":\"\",\"potentialAction\":[{\"@type\":\"SearchAction\",\"target\":{\"@type\":\"EntryPoint\",\"urlTemplate\":\"https:\/\/www.zerdab.com\/?s={search_term_string}\"},\"query-input\":{\"@type\":\"PropertyValueSpecification\",\"valueRequired\":true,\"valueName\":\"search_term_string\"}}],\"inLanguage\":\"az\"},{\"@type\":\"Person\",\"@id\":\"https:\/\/www.zerdab.com\/#\/schema\/person\/97079b7570c1e89ec0d9e138c3672136\",\"name\":\"admin\",\"image\":{\"@type\":\"ImageObject\",\"inLanguage\":\"az\",\"@id\":\"https:\/\/www.zerdab.com\/#\/schema\/person\/image\/\",\"url\":\"https:\/\/secure.gravatar.com\/avatar\/d9c52a9a27c32119cb6679a077fa3e2779e5f822c451cbf01098004361d466ec?s=96&d=mm&r=g\",\"contentUrl\":\"https:\/\/secure.gravatar.com\/avatar\/d9c52a9a27c32119cb6679a077fa3e2779e5f822c451cbf01098004361d466ec?s=96&d=mm&r=g\",\"caption\":\"admin\"},\"url\":\"https:\/\/www.zerdab.com\/?author=1\"}]}<\/script>\n<!-- \/ Yoast SEO plugin. -->","yoast_head_json":{"title":"Erm\u0259ni jurnalist: Erm\u0259nistanda Az\u0259rbaycanl\u0131lar\u0131 yand\u0131r\u0131rd\u0131lar - Z\u0259rdab.com","robots":{"index":"index","follow":"follow","max-snippet":"max-snippet:-1","max-image-preview":"max-image-preview:large","max-video-preview":"max-video-preview:-1"},"canonical":"https:\/\/www.zerdab.com\/?p=20009","og_locale":"az_AZ","og_type":"article","og_title":"Erm\u0259ni jurnalist: Erm\u0259nistanda Az\u0259rbaycanl\u0131lar\u0131 yand\u0131r\u0131rd\u0131lar - Z\u0259rdab.com","og_description":"Erm\u0259nistan\u0131n hakimiyy\u0259ti ba\u015f\u0131nda olan \u201cQaraba\u011f klan\u0131\u201dn\u0131n istiqam\u0259tl\u0259ndirdiyi erm\u0259ni t\u0259bli\u011fat\u0131 uzun ill\u0259r \u00f6t\u0259n \u0259srin 80-ci ill\u0259rind\u0259, sovetl\u0259r d\u00f6vr\u00fcnd\u0259 \u00e7oxsayl\u0131 az\u0259rbaycanl\u0131lar\u0131n q\u0259tl\u0259 yetirilm\u0259si fakt\u0131n\u0131 q\u0259tiyy\u0259tl\u0259 inkar edirdil\u0259r. Guya ki, Erm\u0259nistandak\u0131 500 min\u0259 yax\u0131n az\u0259rbaycanl\u0131 o \u00f6lk\u0259d\u0259n arxay\u0131nl\u0131qla, \u0259\u015fya v\u0259 avadanl\u0131qlar\u0131n\u0131 y\u0131\u011faraq, evl\u0259rini sataraq klas vaqonlar\u0131n \u201cl\u00fcks\u201d kupel\u0259rind\u0259 Az\u0259rbaycana k\u00f6\u00e7\u00fcb getmi\u015fdir. Erm\u0259ni \u201cg\u00f6bbels\u201dl\u0259ri (Hitler Almaniyas\u0131n\u0131n informasiya v\u0259 t\u0259bli\u011fat [&hellip;]","og_url":"https:\/\/www.zerdab.com\/?p=20009","og_site_name":"Z\u0259rdab.com","article_published_time":"2015-06-22T08:17:40+00:00","article_modified_time":"2015-06-22T08:22:15+00:00","og_image":[{"url":"http:\/\/www.zerdab.com\/wp-content\/uploads\/2015\/06\/ff.jpg","type":"","width":"","height":""}],"author":"admin","twitter_card":"summary_large_image","twitter_misc":{"Written by":"admin","Est. reading time":"9 minutes"},"schema":{"@context":"https:\/\/schema.org","@graph":[{"@type":"Article","@id":"https:\/\/www.zerdab.com\/?p=20009#article","isPartOf":{"@id":"https:\/\/www.zerdab.com\/?p=20009"},"author":{"name":"admin","@id":"https:\/\/www.zerdab.com\/#\/schema\/person\/97079b7570c1e89ec0d9e138c3672136"},"headline":"Erm\u0259ni jurnalist: Erm\u0259nistanda Az\u0259rbaycanl\u0131lar\u0131 yand\u0131r\u0131rd\u0131lar","datePublished":"2015-06-22T08:17:40+00:00","dateModified":"2015-06-22T08:22:15+00:00","mainEntityOfPage":{"@id":"https:\/\/www.zerdab.com\/?p=20009"},"wordCount":1771,"commentCount":0,"image":{"@id":"https:\/\/www.zerdab.com\/?p=20009#primaryimage"},"thumbnailUrl":"http:\/\/www.zerdab.com\/wp-content\/uploads\/2015\/06\/ff.jpg","articleSection":["C\u018fM\u0130YY\u018fT"],"inLanguage":"az","potentialAction":[{"@type":"CommentAction","name":"Comment","target":["https:\/\/www.zerdab.com\/?p=20009#respond"]}]},{"@type":"WebPage","@id":"https:\/\/www.zerdab.com\/?p=20009","url":"https:\/\/www.zerdab.com\/?p=20009","name":"Erm\u0259ni jurnalist: Erm\u0259nistanda Az\u0259rbaycanl\u0131lar\u0131 yand\u0131r\u0131rd\u0131lar - Z\u0259rdab.com","isPartOf":{"@id":"https:\/\/www.zerdab.com\/#website"},"primaryImageOfPage":{"@id":"https:\/\/www.zerdab.com\/?p=20009#primaryimage"},"image":{"@id":"https:\/\/www.zerdab.com\/?p=20009#primaryimage"},"thumbnailUrl":"http:\/\/www.zerdab.com\/wp-content\/uploads\/2015\/06\/ff.jpg","datePublished":"2015-06-22T08:17:40+00:00","dateModified":"2015-06-22T08:22:15+00:00","author":{"@id":"https:\/\/www.zerdab.com\/#\/schema\/person\/97079b7570c1e89ec0d9e138c3672136"},"breadcrumb":{"@id":"https:\/\/www.zerdab.com\/?p=20009#breadcrumb"},"inLanguage":"az","potentialAction":[{"@type":"ReadAction","target":["https:\/\/www.zerdab.com\/?p=20009"]}]},{"@type":"ImageObject","inLanguage":"az","@id":"https:\/\/www.zerdab.com\/?p=20009#primaryimage","url":"","contentUrl":""},{"@type":"BreadcrumbList","@id":"https:\/\/www.zerdab.com\/?p=20009#breadcrumb","itemListElement":[{"@type":"ListItem","position":1,"name":"Home","item":"https:\/\/www.zerdab.com\/"},{"@type":"ListItem","position":2,"name":"Erm\u0259ni jurnalist: Erm\u0259nistanda Az\u0259rbaycanl\u0131lar\u0131 yand\u0131r\u0131rd\u0131lar"}]},{"@type":"WebSite","@id":"https:\/\/www.zerdab.com\/#website","url":"https:\/\/www.zerdab.com\/","name":"Z\u0259rdab.com","description":"","potentialAction":[{"@type":"SearchAction","target":{"@type":"EntryPoint","urlTemplate":"https:\/\/www.zerdab.com\/?s={search_term_string}"},"query-input":{"@type":"PropertyValueSpecification","valueRequired":true,"valueName":"search_term_string"}}],"inLanguage":"az"},{"@type":"Person","@id":"https:\/\/www.zerdab.com\/#\/schema\/person\/97079b7570c1e89ec0d9e138c3672136","name":"admin","image":{"@type":"ImageObject","inLanguage":"az","@id":"https:\/\/www.zerdab.com\/#\/schema\/person\/image\/","url":"https:\/\/secure.gravatar.com\/avatar\/d9c52a9a27c32119cb6679a077fa3e2779e5f822c451cbf01098004361d466ec?s=96&d=mm&r=g","contentUrl":"https:\/\/secure.gravatar.com\/avatar\/d9c52a9a27c32119cb6679a077fa3e2779e5f822c451cbf01098004361d466ec?s=96&d=mm&r=g","caption":"admin"},"url":"https:\/\/www.zerdab.com\/?author=1"}]}},"_links":{"self":[{"href":"https:\/\/www.zerdab.com\/index.php?rest_route=\/wp\/v2\/posts\/20009","targetHints":{"allow":["GET"]}}],"collection":[{"href":"https:\/\/www.zerdab.com\/index.php?rest_route=\/wp\/v2\/posts"}],"about":[{"href":"https:\/\/www.zerdab.com\/index.php?rest_route=\/wp\/v2\/types\/post"}],"author":[{"embeddable":true,"href":"https:\/\/www.zerdab.com\/index.php?rest_route=\/wp\/v2\/users\/1"}],"replies":[{"embeddable":true,"href":"https:\/\/www.zerdab.com\/index.php?rest_route=%2Fwp%2Fv2%2Fcomments&post=20009"}],"version-history":[{"count":4,"href":"https:\/\/www.zerdab.com\/index.php?rest_route=\/wp\/v2\/posts\/20009\/revisions"}],"predecessor-version":[{"id":20017,"href":"https:\/\/www.zerdab.com\/index.php?rest_route=\/wp\/v2\/posts\/20009\/revisions\/20017"}],"wp:attachment":[{"href":"https:\/\/www.zerdab.com\/index.php?rest_route=%2Fwp%2Fv2%2Fmedia&parent=20009"}],"wp:term":[{"taxonomy":"category","embeddable":true,"href":"https:\/\/www.zerdab.com\/index.php?rest_route=%2Fwp%2Fv2%2Fcategories&post=20009"},{"taxonomy":"post_tag","embeddable":true,"href":"https:\/\/www.zerdab.com\/index.php?rest_route=%2Fwp%2Fv2%2Ftags&post=20009"}],"curies":[{"name":"wp","href":"https:\/\/api.w.org\/{rel}","templated":true}]}}