{"id":20030,"date":"2015-06-23T12:44:57","date_gmt":"2015-06-23T07:44:57","guid":{"rendered":"http:\/\/www.zerdab.com\/?p=20030"},"modified":"2015-06-23T12:46:56","modified_gmt":"2015-06-23T07:46:56","slug":"prezident-r%c9%99hman-feyzullayev%c9%99-medal-verdi","status":"publish","type":"post","link":"https:\/\/www.zerdab.com\/?p=20030","title":{"rendered":"Prezident R\u0259hman Feyzullayev\u0259 medal verdi"},"content":{"rendered":"<figure id=\"attachment_20032\" aria-describedby=\"caption-attachment-20032\" style=\"width: 550px\" class=\"wp-caption aligncenter\"><a href=\"http:\/\/www.zerdab.com\/prezident-r%c9%99hman-feyzullayev%c9%99-medal-verdi\/r%c9%99hman-feyzullayev-2\/\" rel=\"attachment wp-att-20032\"><img loading=\"lazy\" decoding=\"async\" class=\"size-large wp-image-20032\" src=\"http:\/\/www.zerdab.com\/wp-content\/uploads\/2015\/06\/R\u0259hman-Feyzullayev-550x365.jpg\" alt=\"R\u0259hman Feyzullayev\" width=\"550\" height=\"365\" \/><\/a><figcaption id=\"caption-attachment-20032\" class=\"wp-caption-text\"><span style=\"color: #0000ff;\"><strong>R\u0259hman Feyzullayev<\/strong><\/span><\/figcaption><\/figure>\n<p>23 iyun Az\u0259rbaycanda D\u00f6vl\u0259t Qullu\u011fu G\u00fcn\u00fcd\u00fcr. 2006-c\u0131 ild\u0259n Az\u0259rbaycanda ilk d\u0259f\u0259 d\u00f6vl\u0259t qulluq\u00e7ular\u0131n\u0131n pe\u015f\u0259 bayram\u0131 g\u00fcn\u00fc qeyd olunub. Prezident \u0130lham \u018fliyev BMT-nin Ba\u015f Assambleyas\u0131 t\u0259r\u0259find\u0259n iyunun 23-n\u00fcn D\u00f6vl\u0259t Qullu\u011fu G\u00fcn\u00fc elan olunmas\u0131n\u0131 n\u0259z\u0259r\u0259 alaraq bu bar\u0259d\u0259 m\u00fcvafiq s\u0259r\u0259ncam (25 may 2006) verib.<\/p>\n<p>D\u00fcn\u0259n is\u0259 Prezident \u0130lham \u018fliyev &#8220;D\u00f6vl\u0259t qulluq\u00e7ular\u0131n\u0131n t\u0259ltif edilm\u0259si haqq\u0131nda&#8221; S\u0259r\u0259ncam imzalay\u0131b. <strong>Zerdab.com sayt\u0131<\/strong> x\u0259b\u0259r verir ki, s\u0259n\u0259d\u0259 \u0259sas\u0259n, Az\u0259rbaycan Respublikas\u0131 Konstitusiyas\u0131n\u0131n 109-cu madd\u0259sinin 23-c\u00fc b\u0259ndi r\u0259hb\u0259r tutularaq d\u00f6vl\u0259t qullu\u011funda s\u0259m\u0259r\u0259li f\u0259aliyy\u0259t g\u00f6st\u0259r\u0259n \u015f\u0259xsl\u0259r t\u0259ltif edilibl\u0259r. T\u0259ltif edil\u0259nl\u0259r aras\u0131nda h\u0259myerlimiz Feyzullayev R\u0259hman \u0130brahim o\u011flu da var. Az\u0259rbaycan Prezidenti R\u0259hman Feyzullayevi &#8220;D\u00f6vl\u0259t qullu\u011funda f\u0259rql\u0259nm\u0259y\u0259 g\u00f6r\u0259&#8221; medal\u0131 il\u0259 m\u00fckafatland\u0131r\u0131b. Qeyd ed\u0259k ki, R. Feyzullayev Z\u0259rdab Rayon \u0130cra Hakimiyy\u0259ti ba\u015f\u00e7\u0131s\u0131n\u0131n birinci m\u00fcavini v\u0259zif\u0259sind\u0259 \u00e7al\u0131\u015f\u0131r. O, bu v\u0259zif\u0259y\u0259 bir ne\u00e7\u0259 ay \u00f6nc\u0259 t\u0259yin olunub. Ondan \u00f6nc\u0259 is\u0259 R\u0259hman Feyzullayev Z\u0259rdab Rayon \u0130cra Hakimiyy\u0259ti ba\u015f\u00e7\u0131s\u0131n\u0131n m\u00fcavini-ictimai-siyasi v\u0259 humanitar m\u0259s\u0259l\u0259l\u0259r \u015f\u00f6b\u0259sinin m\u00fcdiri v\u0259zif\u0259sind\u0259 \u00e7al\u0131\u015f\u0131rd\u0131. H\u0259myerlimizi t\u0259brik edirik.<\/p>\n<p><strong>Zerdab.com<\/strong><\/p>\n","protected":false},"excerpt":{"rendered":"<p>23 iyun Az\u0259rbaycanda D\u00f6vl\u0259t Qullu\u011fu G\u00fcn\u00fcd\u00fcr. 2006-c\u0131 ild\u0259n Az\u0259rbaycanda ilk d\u0259f\u0259 d\u00f6vl\u0259t qulluq\u00e7ular\u0131n\u0131n pe\u015f\u0259 bayram\u0131 g\u00fcn\u00fc qeyd olunub. Prezident \u0130lham \u018fliyev BMT-nin Ba\u015f Assambleyas\u0131 t\u0259r\u0259find\u0259n iyunun 23-n\u00fcn D\u00f6vl\u0259t Qullu\u011fu G\u00fcn\u00fc elan olunmas\u0131n\u0131 n\u0259z\u0259r\u0259 alaraq bu bar\u0259d\u0259 m\u00fcvafiq s\u0259r\u0259ncam (25 may 2006) verib. D\u00fcn\u0259n is\u0259 Prezident \u0130lham \u018fliyev &#8220;D\u00f6vl\u0259t qulluq\u00e7ular\u0131n\u0131n t\u0259ltif edilm\u0259si haqq\u0131nda&#8221; S\u0259r\u0259ncam imzalay\u0131b. Zerdab.com [&hellip;]<\/p>\n","protected":false},"author":1,"featured_media":0,"comment_status":"open","ping_status":"open","sticky":false,"template":"","format":"standard","meta":{"footnotes":""},"categories":[5],"tags":[],"class_list":{"0":"post-20030","1":"post","2":"type-post","3":"status-publish","4":"format-standard","6":"category-knd"},"yoast_head":"<!-- This site is optimized with the Yoast SEO plugin v27.0 - https:\/\/yoast.com\/product\/yoast-seo-wordpress\/ -->\n<title>Prezident R\u0259hman Feyzullayev\u0259 medal verdi - Z\u0259rdab.com<\/title>\n<meta name=\"robots\" content=\"index, follow, max-snippet:-1, max-image-preview:large, max-video-preview:-1\" \/>\n<link rel=\"canonical\" href=\"https:\/\/www.zerdab.com\/?p=20030\" \/>\n<meta property=\"og:locale\" content=\"az_AZ\" \/>\n<meta property=\"og:type\" content=\"article\" \/>\n<meta property=\"og:title\" content=\"Prezident R\u0259hman Feyzullayev\u0259 medal verdi - Z\u0259rdab.com\" \/>\n<meta property=\"og:description\" content=\"23 iyun Az\u0259rbaycanda D\u00f6vl\u0259t Qullu\u011fu G\u00fcn\u00fcd\u00fcr. 2006-c\u0131 ild\u0259n Az\u0259rbaycanda ilk d\u0259f\u0259 d\u00f6vl\u0259t qulluq\u00e7ular\u0131n\u0131n pe\u015f\u0259 bayram\u0131 g\u00fcn\u00fc qeyd olunub. Prezident \u0130lham \u018fliyev BMT-nin Ba\u015f Assambleyas\u0131 t\u0259r\u0259find\u0259n iyunun 23-n\u00fcn D\u00f6vl\u0259t Qullu\u011fu G\u00fcn\u00fc elan olunmas\u0131n\u0131 n\u0259z\u0259r\u0259 alaraq bu bar\u0259d\u0259 m\u00fcvafiq s\u0259r\u0259ncam (25 may 2006) verib. D\u00fcn\u0259n is\u0259 Prezident \u0130lham \u018fliyev &#8220;D\u00f6vl\u0259t qulluq\u00e7ular\u0131n\u0131n t\u0259ltif edilm\u0259si haqq\u0131nda&#8221; S\u0259r\u0259ncam imzalay\u0131b. Zerdab.com [&hellip;]\" \/>\n<meta property=\"og:url\" content=\"https:\/\/www.zerdab.com\/?p=20030\" \/>\n<meta property=\"og:site_name\" content=\"Z\u0259rdab.com\" \/>\n<meta property=\"article:published_time\" content=\"2015-06-23T07:44:57+00:00\" \/>\n<meta property=\"article:modified_time\" content=\"2015-06-23T07:46:56+00:00\" \/>\n<meta name=\"author\" content=\"admin\" \/>\n<meta name=\"twitter:card\" content=\"summary_large_image\" \/>\n<meta name=\"twitter:label1\" content=\"Written by\" \/>\n\t<meta name=\"twitter:data1\" content=\"admin\" \/>\n\t<meta name=\"twitter:label2\" content=\"Est. reading time\" \/>\n\t<meta name=\"twitter:data2\" content=\"1 minute\" \/>\n<script type=\"application\/ld+json\" class=\"yoast-schema-graph\">{\"@context\":\"https:\/\/schema.org\",\"@graph\":[{\"@type\":\"Article\",\"@id\":\"https:\/\/www.zerdab.com\/?p=20030#article\",\"isPartOf\":{\"@id\":\"https:\/\/www.zerdab.com\/?p=20030\"},\"author\":{\"name\":\"admin\",\"@id\":\"https:\/\/www.zerdab.com\/#\/schema\/person\/97079b7570c1e89ec0d9e138c3672136\"},\"headline\":\"Prezident R\u0259hman Feyzullayev\u0259 medal verdi\",\"datePublished\":\"2015-06-23T07:44:57+00:00\",\"dateModified\":\"2015-06-23T07:46:56+00:00\",\"mainEntityOfPage\":{\"@id\":\"https:\/\/www.zerdab.com\/?p=20030\"},\"wordCount\":279,\"commentCount\":2,\"articleSection\":[\"X\u018fB\u018fRL\u018fR\"],\"inLanguage\":\"az\",\"potentialAction\":[{\"@type\":\"CommentAction\",\"name\":\"Comment\",\"target\":[\"https:\/\/www.zerdab.com\/?p=20030#respond\"]}]},{\"@type\":\"WebPage\",\"@id\":\"https:\/\/www.zerdab.com\/?p=20030\",\"url\":\"https:\/\/www.zerdab.com\/?p=20030\",\"name\":\"Prezident R\u0259hman Feyzullayev\u0259 medal verdi - Z\u0259rdab.com\",\"isPartOf\":{\"@id\":\"https:\/\/www.zerdab.com\/#website\"},\"datePublished\":\"2015-06-23T07:44:57+00:00\",\"dateModified\":\"2015-06-23T07:46:56+00:00\",\"author\":{\"@id\":\"https:\/\/www.zerdab.com\/#\/schema\/person\/97079b7570c1e89ec0d9e138c3672136\"},\"breadcrumb\":{\"@id\":\"https:\/\/www.zerdab.com\/?p=20030#breadcrumb\"},\"inLanguage\":\"az\",\"potentialAction\":[{\"@type\":\"ReadAction\",\"target\":[\"https:\/\/www.zerdab.com\/?p=20030\"]}]},{\"@type\":\"BreadcrumbList\",\"@id\":\"https:\/\/www.zerdab.com\/?p=20030#breadcrumb\",\"itemListElement\":[{\"@type\":\"ListItem\",\"position\":1,\"name\":\"Home\",\"item\":\"https:\/\/www.zerdab.com\/\"},{\"@type\":\"ListItem\",\"position\":2,\"name\":\"Prezident R\u0259hman Feyzullayev\u0259 medal verdi\"}]},{\"@type\":\"WebSite\",\"@id\":\"https:\/\/www.zerdab.com\/#website\",\"url\":\"https:\/\/www.zerdab.com\/\",\"name\":\"Z\u0259rdab.com\",\"description\":\"\",\"potentialAction\":[{\"@type\":\"SearchAction\",\"target\":{\"@type\":\"EntryPoint\",\"urlTemplate\":\"https:\/\/www.zerdab.com\/?s={search_term_string}\"},\"query-input\":{\"@type\":\"PropertyValueSpecification\",\"valueRequired\":true,\"valueName\":\"search_term_string\"}}],\"inLanguage\":\"az\"},{\"@type\":\"Person\",\"@id\":\"https:\/\/www.zerdab.com\/#\/schema\/person\/97079b7570c1e89ec0d9e138c3672136\",\"name\":\"admin\",\"image\":{\"@type\":\"ImageObject\",\"inLanguage\":\"az\",\"@id\":\"https:\/\/www.zerdab.com\/#\/schema\/person\/image\/\",\"url\":\"https:\/\/secure.gravatar.com\/avatar\/d9c52a9a27c32119cb6679a077fa3e2779e5f822c451cbf01098004361d466ec?s=96&d=mm&r=g\",\"contentUrl\":\"https:\/\/secure.gravatar.com\/avatar\/d9c52a9a27c32119cb6679a077fa3e2779e5f822c451cbf01098004361d466ec?s=96&d=mm&r=g\",\"caption\":\"admin\"},\"url\":\"https:\/\/www.zerdab.com\/?author=1\"}]}<\/script>\n<!-- \/ Yoast SEO plugin. -->","yoast_head_json":{"title":"Prezident R\u0259hman Feyzullayev\u0259 medal verdi - Z\u0259rdab.com","robots":{"index":"index","follow":"follow","max-snippet":"max-snippet:-1","max-image-preview":"max-image-preview:large","max-video-preview":"max-video-preview:-1"},"canonical":"https:\/\/www.zerdab.com\/?p=20030","og_locale":"az_AZ","og_type":"article","og_title":"Prezident R\u0259hman Feyzullayev\u0259 medal verdi - Z\u0259rdab.com","og_description":"23 iyun Az\u0259rbaycanda D\u00f6vl\u0259t Qullu\u011fu G\u00fcn\u00fcd\u00fcr. 2006-c\u0131 ild\u0259n Az\u0259rbaycanda ilk d\u0259f\u0259 d\u00f6vl\u0259t qulluq\u00e7ular\u0131n\u0131n pe\u015f\u0259 bayram\u0131 g\u00fcn\u00fc qeyd olunub. Prezident \u0130lham \u018fliyev BMT-nin Ba\u015f Assambleyas\u0131 t\u0259r\u0259find\u0259n iyunun 23-n\u00fcn D\u00f6vl\u0259t Qullu\u011fu G\u00fcn\u00fc elan olunmas\u0131n\u0131 n\u0259z\u0259r\u0259 alaraq bu bar\u0259d\u0259 m\u00fcvafiq s\u0259r\u0259ncam (25 may 2006) verib. D\u00fcn\u0259n is\u0259 Prezident \u0130lham \u018fliyev &#8220;D\u00f6vl\u0259t qulluq\u00e7ular\u0131n\u0131n t\u0259ltif edilm\u0259si haqq\u0131nda&#8221; S\u0259r\u0259ncam imzalay\u0131b. Zerdab.com [&hellip;]","og_url":"https:\/\/www.zerdab.com\/?p=20030","og_site_name":"Z\u0259rdab.com","article_published_time":"2015-06-23T07:44:57+00:00","article_modified_time":"2015-06-23T07:46:56+00:00","author":"admin","twitter_card":"summary_large_image","twitter_misc":{"Written by":"admin","Est. reading time":"1 minute"},"schema":{"@context":"https:\/\/schema.org","@graph":[{"@type":"Article","@id":"https:\/\/www.zerdab.com\/?p=20030#article","isPartOf":{"@id":"https:\/\/www.zerdab.com\/?p=20030"},"author":{"name":"admin","@id":"https:\/\/www.zerdab.com\/#\/schema\/person\/97079b7570c1e89ec0d9e138c3672136"},"headline":"Prezident R\u0259hman Feyzullayev\u0259 medal verdi","datePublished":"2015-06-23T07:44:57+00:00","dateModified":"2015-06-23T07:46:56+00:00","mainEntityOfPage":{"@id":"https:\/\/www.zerdab.com\/?p=20030"},"wordCount":279,"commentCount":2,"articleSection":["X\u018fB\u018fRL\u018fR"],"inLanguage":"az","potentialAction":[{"@type":"CommentAction","name":"Comment","target":["https:\/\/www.zerdab.com\/?p=20030#respond"]}]},{"@type":"WebPage","@id":"https:\/\/www.zerdab.com\/?p=20030","url":"https:\/\/www.zerdab.com\/?p=20030","name":"Prezident R\u0259hman Feyzullayev\u0259 medal verdi - Z\u0259rdab.com","isPartOf":{"@id":"https:\/\/www.zerdab.com\/#website"},"datePublished":"2015-06-23T07:44:57+00:00","dateModified":"2015-06-23T07:46:56+00:00","author":{"@id":"https:\/\/www.zerdab.com\/#\/schema\/person\/97079b7570c1e89ec0d9e138c3672136"},"breadcrumb":{"@id":"https:\/\/www.zerdab.com\/?p=20030#breadcrumb"},"inLanguage":"az","potentialAction":[{"@type":"ReadAction","target":["https:\/\/www.zerdab.com\/?p=20030"]}]},{"@type":"BreadcrumbList","@id":"https:\/\/www.zerdab.com\/?p=20030#breadcrumb","itemListElement":[{"@type":"ListItem","position":1,"name":"Home","item":"https:\/\/www.zerdab.com\/"},{"@type":"ListItem","position":2,"name":"Prezident R\u0259hman Feyzullayev\u0259 medal verdi"}]},{"@type":"WebSite","@id":"https:\/\/www.zerdab.com\/#website","url":"https:\/\/www.zerdab.com\/","name":"Z\u0259rdab.com","description":"","potentialAction":[{"@type":"SearchAction","target":{"@type":"EntryPoint","urlTemplate":"https:\/\/www.zerdab.com\/?s={search_term_string}"},"query-input":{"@type":"PropertyValueSpecification","valueRequired":true,"valueName":"search_term_string"}}],"inLanguage":"az"},{"@type":"Person","@id":"https:\/\/www.zerdab.com\/#\/schema\/person\/97079b7570c1e89ec0d9e138c3672136","name":"admin","image":{"@type":"ImageObject","inLanguage":"az","@id":"https:\/\/www.zerdab.com\/#\/schema\/person\/image\/","url":"https:\/\/secure.gravatar.com\/avatar\/d9c52a9a27c32119cb6679a077fa3e2779e5f822c451cbf01098004361d466ec?s=96&d=mm&r=g","contentUrl":"https:\/\/secure.gravatar.com\/avatar\/d9c52a9a27c32119cb6679a077fa3e2779e5f822c451cbf01098004361d466ec?s=96&d=mm&r=g","caption":"admin"},"url":"https:\/\/www.zerdab.com\/?author=1"}]}},"_links":{"self":[{"href":"https:\/\/www.zerdab.com\/index.php?rest_route=\/wp\/v2\/posts\/20030","targetHints":{"allow":["GET"]}}],"collection":[{"href":"https:\/\/www.zerdab.com\/index.php?rest_route=\/wp\/v2\/posts"}],"about":[{"href":"https:\/\/www.zerdab.com\/index.php?rest_route=\/wp\/v2\/types\/post"}],"author":[{"embeddable":true,"href":"https:\/\/www.zerdab.com\/index.php?rest_route=\/wp\/v2\/users\/1"}],"replies":[{"embeddable":true,"href":"https:\/\/www.zerdab.com\/index.php?rest_route=%2Fwp%2Fv2%2Fcomments&post=20030"}],"version-history":[{"count":5,"href":"https:\/\/www.zerdab.com\/index.php?rest_route=\/wp\/v2\/posts\/20030\/revisions"}],"predecessor-version":[{"id":20037,"href":"https:\/\/www.zerdab.com\/index.php?rest_route=\/wp\/v2\/posts\/20030\/revisions\/20037"}],"wp:attachment":[{"href":"https:\/\/www.zerdab.com\/index.php?rest_route=%2Fwp%2Fv2%2Fmedia&parent=20030"}],"wp:term":[{"taxonomy":"category","embeddable":true,"href":"https:\/\/www.zerdab.com\/index.php?rest_route=%2Fwp%2Fv2%2Fcategories&post=20030"},{"taxonomy":"post_tag","embeddable":true,"href":"https:\/\/www.zerdab.com\/index.php?rest_route=%2Fwp%2Fv2%2Ftags&post=20030"}],"curies":[{"name":"wp","href":"https:\/\/api.w.org\/{rel}","templated":true}]}}